{"id":43455,"date":"2024-08-21T21:56:26","date_gmt":"2024-08-21T21:56:26","guid":{"rendered":"https:\/\/jornalboasnoticias.com.br\/home\/?p=43455"},"modified":"2024-08-21T21:56:26","modified_gmt":"2024-08-21T21:56:26","slug":"venezuela-oposicao-nao-reconhece-pericia-da-justica-sobre-eleicao","status":"publish","type":"post","link":"https:\/\/jornalboasnoticias.com.br\/home\/venezuela-oposicao-nao-reconhece-pericia-da-justica-sobre-eleicao\/","title":{"rendered":"Venezuela: oposi\u00e7\u00e3o n\u00e3o reconhece per\u00edcia da Justi\u00e7a sobre elei\u00e7\u00e3o"},"content":{"rendered":"<p class=\"col-10 offset-1 animated fadeInDown dealy-900 display-8 display-md-8 alt-font font-italic my-1 text-center\" style=\"text-align: center;\"><strong><em>Pa\u00eds aguarda senten\u00e7a definitiva sobre resultado da elei\u00e7\u00e3o<\/em><\/strong><\/p>\n<p><img loading=\"lazy\" decoding=\"async\" class=\"alignnone wp-image-43304 size-full\" src=\"https:\/\/jornalboasnoticias.com.br\/home\/wp-content\/uploads\/2024\/07\/cristaos-orando-pela-venezuela.webp\" alt=\"\" width=\"1437\" height=\"862\" srcset=\"https:\/\/jornalboasnoticias.com.br\/home\/wp-content\/uploads\/2024\/07\/cristaos-orando-pela-venezuela.webp 1437w, https:\/\/jornalboasnoticias.com.br\/home\/wp-content\/uploads\/2024\/07\/cristaos-orando-pela-venezuela-300x180.webp 300w, https:\/\/jornalboasnoticias.com.br\/home\/wp-content\/uploads\/2024\/07\/cristaos-orando-pela-venezuela-1024x614.webp 1024w, https:\/\/jornalboasnoticias.com.br\/home\/wp-content\/uploads\/2024\/07\/cristaos-orando-pela-venezuela-768x461.webp 768w\" sizes=\"auto, (max-width: 1437px) 100vw, 1437px\" \/><\/p>\n<p>A oposi\u00e7\u00e3o venezuelana reunida na Plataforma Unit\u00e1ria \u2013 coaliz\u00e3o que apoiou o candidato Edmundo Gonz\u00e1lez \u2013 informou nesta quarta-feira (21)\u00a0que n\u00e3o reconhece a compet\u00eancia da Sala Eleitoral do Tribunal Supremo de Justi\u00e7a (TSJ) do pa\u00eds para resolver o impasse sobre a elei\u00e7\u00e3o presidencial de 28 de julho.<img decoding=\"async\" src=\"https:\/\/agenciabrasil.ebc.com.br\/ebc.png?id=1608823&amp;o=node\" \/><img decoding=\"async\" src=\"https:\/\/agenciabrasil.ebc.com.br\/ebc.gif?id=1608823&amp;o=node\" \/><\/p>\n<p>\u201cA Sala Eleitoral do TSJ n\u00e3o pode atribuir-se as fun\u00e7\u00f5es e faculdades do \u00f3rg\u00e3o eleitoral porque n\u00e3o lhes competem\u201d, diz o comunicado, acrescentando que o Supremo estaria violando a &#8220;separa\u00e7\u00e3o dos Poderes [o Poder Eleitoral \u00e9 separado do Poder Judici\u00e1rio]\u00a0e \u201cinvadindo o exclusivo dever do Conselho Nacional Eleitoral (CNE)\u201d.<\/p>\n<p>O comunicado da oposi\u00e7\u00e3o \u00e9 divulgado enquanto aguarda-se a senten\u00e7a definitiva sobre a elei\u00e7\u00e3o do dia 28 de julho, que deve ser emitida nos pr\u00f3ximos dias pelo Supremo venezuelano.<\/p>\n<p>O comunicado da oposi\u00e7\u00e3o acrescentou que seria \u201cineficaz e nula toda eventual senten\u00e7a da Sala Eleitoral que possa validar a fraude eleitoral\u201d e diz que, com isso, os magistrados do TSJ estariam \u201cviolando os direitos inalien\u00e1veis dos eleitorais e incorreriam em responsabilidade penal, civil e administrativa\u201d.<\/p>\n<p>Ainda segundo o comunicado, assinado por Edmundo Gonz\u00e1lez, Mar\u00eda Corina Machado e pela Plataforma Unit\u00e1ria, o CNE deve publicar as atas de escrut\u00ednios dos votos e reafirma que o vencedor da elei\u00e7\u00e3o foi Edmundo Gonz\u00e1lez, contrariando a proclama\u00e7\u00e3o do CNE que deu a reelei\u00e7\u00e3o \u00e0 Nicol\u00e1s Maduro.<\/p>\n<p>Al\u00e9m disso, agradecem aos \u201cpa\u00edses do mundo que t\u00eam expressado a necessidade de uma auditoria internacional independente e confi\u00e1vel das atas, na sede do CNE e com presen\u00e7a dos representantes das for\u00e7as pol\u00edticas\u201d.<\/p>\n<h2>Per\u00edcia TSJ<\/h2>\n<p>Nesse domingo (18), magistrados do TSJ foram at\u00e9 o CNE para verificar se as atas entregues pelo Poder Eleitoral s\u00e3o as mesmas que est\u00e3o na base de dados de totaliza\u00e7\u00e3o dos votos.<\/p>\n<p>Al\u00e9m disso, o tribunal\u00a0informou que j\u00e1 foram analisadas mais de 60% das atas com a presen\u00e7a de observadores nacionais e internacionais, entre eles, o Conselho de Especialistas Eleitorais da Am\u00e9rica Latina (Ceela) e o Observat\u00f3rio do Pensamento Estrat\u00e9gico para a Integra\u00e7\u00e3o Regional.<\/p>\n<p>Por outro lado, partidos de oposi\u00e7\u00e3o reclamam que n\u00e3o foram convocados para participar da\u00a0per\u00edcia\u00a0e n\u00e3o sabem como ela tem sido realizada. O candidato Enrique Marquez, ao sair do TSJ nessa ter\u00e7a-feira (20), informou \u00e0 imprensa que n\u00e3o conhece o processo.<\/p>\n<p>\u201cSe o CNE n\u00e3o tem nada o que ocupar, se o TSJ n\u00e3o tem nada o que ocultar, se o governo n\u00e3o tem nada que ocultar, porque n\u00e3o permitem que os partidos e os candidatos observem e testemunhem o que est\u00e1 ocorrendo nessa per\u00edcia\u201d, questionou.<\/p>\n<h2>Impasse<\/h2>\n<p>O presidente Nicol\u00e1s Maduro apresentou recurso \u00e0 Sala Eleitoral do TSJ com base no artigo 297 da Constitui\u00e7\u00e3o do pa\u00eds, que diz que os contenciosos eleitorais devem ser resolvidos por essa Sala. Por\u00e9m, a oposi\u00e7\u00e3o diz que isso s\u00f3 poderia ocorrer, em \u00faltimo caso, ap\u00f3s o CNE cumprir seu papel e divulgar os dados detalhados da vota\u00e7\u00e3o.<\/p>\n<p>Ap\u00f3s o CNE proclamar Maduro vitorioso na vota\u00e7\u00e3o presidencial, a oposi\u00e7\u00e3o acusou o Poder Eleitoral de fraudar o resultado. Pa\u00edses, como o Brasil, e organismos internacionais t\u00eam cobrado a\u00a0publica\u00e7\u00e3o dos dados por mesa de vota\u00e7\u00e3o\u00a0para que se possam verificar os resultados.<\/p>\n<p>Por sua vez, o CNE afirma que tem sido alvo de\u00a0sistem\u00e1ticos ataques cibern\u00e9ticos\u00a0que tem prejudicado o trabalho da institui\u00e7\u00e3o e o governo venezuelano acusa os Estados Unidos de promoverem, junto com Edmundo e Corina,\u00a0um golpe de Estado\u00a0no pa\u00eds.\u00a0A\u00a0oposi\u00e7\u00e3o diz ter publicado na internet as\u00a0atas eleitorais\u00a0que confirmam a elei\u00e7\u00e3o de Edmundo. J\u00e1 o governo acusa a oposi\u00e7\u00e3o de falsificar as atas e uma investiga\u00e7\u00e3o penal foi aberta contra os respons\u00e1veis pela p\u00e1gina que publicou os documentos na internet.<\/p>\n<p>Ap\u00f3s iniciada a investiga\u00e7\u00e3o no TSJ, a oposi\u00e7\u00e3o\u00a0se negou a apresentar seus documentos eleitorais\u00a0\u00e0 Corte. Maduro questionou a oposi\u00e7\u00e3o por n\u00e3o apresentar seus documentos. \u201cA Sala Eleitoral [do TSJ] ia pedir a todos os partidos pol\u00edticos todas as informa\u00e7\u00f5es necess\u00e1rias e eles se apresentaram com as m\u00e3os vazias\u201d, disse o presidente.<\/p>\n<p><em>Ag\u00eancia Brasil<\/em><\/p>\n","protected":false},"excerpt":{"rendered":"<p>Pa\u00eds aguarda senten\u00e7a definitiva sobre resultado da elei\u00e7\u00e3o A oposi\u00e7\u00e3o venezuelana reunida na Plataforma Unit\u00e1ria<\/p>\n","protected":false},"author":3,"featured_media":43304,"comment_status":"open","ping_status":"open","sticky":false,"template":"","format":"standard","meta":{"footnotes":""},"categories":[9],"tags":[],"class_list":["post-43455","post","type-post","status-publish","format-standard","has-post-thumbnail","hentry","category-internacional"],"yoast_head":"<!-- This site is optimized with the Yoast SEO plugin v27.5 - https:\/\/yoast.com\/product\/yoast-seo-wordpress\/ -->\n<title>Venezuela: oposi\u00e7\u00e3o n\u00e3o reconhece per\u00edcia da Justi\u00e7a sobre elei\u00e7\u00e3o - Jornal<\/title>\n<meta name=\"description\" content=\"Venezuela: oposi\u00e7\u00e3o n\u00e3o reconhece per\u00edcia da Justi\u00e7a sobre elei\u00e7\u00e3o\" \/>\n<meta name=\"robots\" content=\"index, follow, max-snippet:-1, max-image-preview:large, max-video-preview:-1\" \/>\n<link rel=\"canonical\" href=\"https:\/\/jornalboasnoticias.com.br\/home\/venezuela-oposicao-nao-reconhece-pericia-da-justica-sobre-eleicao\/\" \/>\n<meta property=\"og:locale\" content=\"pt_BR\" \/>\n<meta property=\"og:type\" content=\"article\" \/>\n<meta property=\"og:title\" content=\"Venezuela: oposi\u00e7\u00e3o n\u00e3o reconhece per\u00edcia da Justi\u00e7a sobre elei\u00e7\u00e3o - Jornal\" \/>\n<meta property=\"og:description\" content=\"Venezuela: oposi\u00e7\u00e3o n\u00e3o reconhece per\u00edcia da Justi\u00e7a sobre elei\u00e7\u00e3o\" \/>\n<meta property=\"og:url\" content=\"https:\/\/jornalboasnoticias.com.br\/home\/venezuela-oposicao-nao-reconhece-pericia-da-justica-sobre-eleicao\/\" \/>\n<meta property=\"og:site_name\" content=\"Jornal\" \/>\n<meta property=\"article:publisher\" content=\"https:\/\/www.facebook.com\/boasnoticiasjornal\" \/>\n<meta property=\"article:published_time\" content=\"2024-08-21T21:56:26+00:00\" \/>\n<meta property=\"og:image\" content=\"https:\/\/jornalboasnoticias.com.br\/home\/wp-content\/uploads\/2024\/07\/cristaos-orando-pela-venezuela.webp\" \/>\n\t<meta property=\"og:image:width\" content=\"1437\" \/>\n\t<meta property=\"og:image:height\" content=\"862\" \/>\n\t<meta property=\"og:image:type\" content=\"image\/webp\" \/>\n<meta name=\"author\" content=\"Luiz Carlos da Cruz\" \/>\n<meta name=\"twitter:card\" content=\"summary_large_image\" \/>\n<meta name=\"twitter:label1\" content=\"Escrito por\" \/>\n\t<meta name=\"twitter:data1\" content=\"Luiz Carlos da Cruz\" \/>\n\t<meta name=\"twitter:label2\" content=\"Est. tempo de leitura\" \/>\n\t<meta name=\"twitter:data2\" content=\"5 minutos\" \/>\n<script type=\"application\/ld+json\" class=\"yoast-schema-graph\">{\"@context\":\"https:\\\/\\\/schema.org\",\"@graph\":[{\"@type\":\"Article\",\"@id\":\"https:\\\/\\\/jornalboasnoticias.com.br\\\/home\\\/venezuela-oposicao-nao-reconhece-pericia-da-justica-sobre-eleicao\\\/#article\",\"isPartOf\":{\"@id\":\"https:\\\/\\\/jornalboasnoticias.com.br\\\/home\\\/venezuela-oposicao-nao-reconhece-pericia-da-justica-sobre-eleicao\\\/\"},\"author\":{\"name\":\"Luiz Carlos da Cruz\",\"@id\":\"https:\\\/\\\/jornalboasnoticias.com.br\\\/home\\\/#\\\/schema\\\/person\\\/75f9ebde398c998c166475fb446bda62\"},\"headline\":\"Venezuela: oposi\u00e7\u00e3o n\u00e3o reconhece per\u00edcia da Justi\u00e7a sobre elei\u00e7\u00e3o\",\"datePublished\":\"2024-08-21T21:56:26+00:00\",\"mainEntityOfPage\":{\"@id\":\"https:\\\/\\\/jornalboasnoticias.com.br\\\/home\\\/venezuela-oposicao-nao-reconhece-pericia-da-justica-sobre-eleicao\\\/\"},\"wordCount\":761,\"commentCount\":0,\"publisher\":{\"@id\":\"https:\\\/\\\/jornalboasnoticias.com.br\\\/home\\\/#organization\"},\"image\":{\"@id\":\"https:\\\/\\\/jornalboasnoticias.com.br\\\/home\\\/venezuela-oposicao-nao-reconhece-pericia-da-justica-sobre-eleicao\\\/#primaryimage\"},\"thumbnailUrl\":\"https:\\\/\\\/jornalboasnoticias.com.br\\\/home\\\/wp-content\\\/uploads\\\/2024\\\/07\\\/cristaos-orando-pela-venezuela.webp\",\"articleSection\":[\"INTERNACIONAL\"],\"inLanguage\":\"pt-BR\",\"potentialAction\":[{\"@type\":\"CommentAction\",\"name\":\"Comment\",\"target\":[\"https:\\\/\\\/jornalboasnoticias.com.br\\\/home\\\/venezuela-oposicao-nao-reconhece-pericia-da-justica-sobre-eleicao\\\/#respond\"]}]},{\"@type\":\"WebPage\",\"@id\":\"https:\\\/\\\/jornalboasnoticias.com.br\\\/home\\\/venezuela-oposicao-nao-reconhece-pericia-da-justica-sobre-eleicao\\\/\",\"url\":\"https:\\\/\\\/jornalboasnoticias.com.br\\\/home\\\/venezuela-oposicao-nao-reconhece-pericia-da-justica-sobre-eleicao\\\/\",\"name\":\"Venezuela: oposi\u00e7\u00e3o n\u00e3o reconhece per\u00edcia da Justi\u00e7a sobre elei\u00e7\u00e3o - Jornal\",\"isPartOf\":{\"@id\":\"https:\\\/\\\/jornalboasnoticias.com.br\\\/home\\\/#website\"},\"primaryImageOfPage\":{\"@id\":\"https:\\\/\\\/jornalboasnoticias.com.br\\\/home\\\/venezuela-oposicao-nao-reconhece-pericia-da-justica-sobre-eleicao\\\/#primaryimage\"},\"image\":{\"@id\":\"https:\\\/\\\/jornalboasnoticias.com.br\\\/home\\\/venezuela-oposicao-nao-reconhece-pericia-da-justica-sobre-eleicao\\\/#primaryimage\"},\"thumbnailUrl\":\"https:\\\/\\\/jornalboasnoticias.com.br\\\/home\\\/wp-content\\\/uploads\\\/2024\\\/07\\\/cristaos-orando-pela-venezuela.webp\",\"datePublished\":\"2024-08-21T21:56:26+00:00\",\"description\":\"Venezuela: oposi\u00e7\u00e3o n\u00e3o reconhece per\u00edcia da Justi\u00e7a sobre elei\u00e7\u00e3o\",\"breadcrumb\":{\"@id\":\"https:\\\/\\\/jornalboasnoticias.com.br\\\/home\\\/venezuela-oposicao-nao-reconhece-pericia-da-justica-sobre-eleicao\\\/#breadcrumb\"},\"inLanguage\":\"pt-BR\",\"potentialAction\":[{\"@type\":\"ReadAction\",\"target\":[\"https:\\\/\\\/jornalboasnoticias.com.br\\\/home\\\/venezuela-oposicao-nao-reconhece-pericia-da-justica-sobre-eleicao\\\/\"]}]},{\"@type\":\"ImageObject\",\"inLanguage\":\"pt-BR\",\"@id\":\"https:\\\/\\\/jornalboasnoticias.com.br\\\/home\\\/venezuela-oposicao-nao-reconhece-pericia-da-justica-sobre-eleicao\\\/#primaryimage\",\"url\":\"https:\\\/\\\/jornalboasnoticias.com.br\\\/home\\\/wp-content\\\/uploads\\\/2024\\\/07\\\/cristaos-orando-pela-venezuela.webp\",\"contentUrl\":\"https:\\\/\\\/jornalboasnoticias.com.br\\\/home\\\/wp-content\\\/uploads\\\/2024\\\/07\\\/cristaos-orando-pela-venezuela.webp\",\"width\":1437,\"height\":862},{\"@type\":\"BreadcrumbList\",\"@id\":\"https:\\\/\\\/jornalboasnoticias.com.br\\\/home\\\/venezuela-oposicao-nao-reconhece-pericia-da-justica-sobre-eleicao\\\/#breadcrumb\",\"itemListElement\":[{\"@type\":\"ListItem\",\"position\":1,\"name\":\"In\u00edcio\",\"item\":\"https:\\\/\\\/jornalboasnoticias.com.br\\\/home\\\/\"},{\"@type\":\"ListItem\",\"position\":2,\"name\":\"Venezuela: oposi\u00e7\u00e3o n\u00e3o reconhece per\u00edcia da Justi\u00e7a sobre elei\u00e7\u00e3o\"}]},{\"@type\":\"WebSite\",\"@id\":\"https:\\\/\\\/jornalboasnoticias.com.br\\\/home\\\/#website\",\"url\":\"https:\\\/\\\/jornalboasnoticias.com.br\\\/home\\\/\",\"name\":\"Jornal Boas Not\u00edcias\",\"description\":\"Boas not\u00edcias\",\"publisher\":{\"@id\":\"https:\\\/\\\/jornalboasnoticias.com.br\\\/home\\\/#organization\"},\"potentialAction\":[{\"@type\":\"SearchAction\",\"target\":{\"@type\":\"EntryPoint\",\"urlTemplate\":\"https:\\\/\\\/jornalboasnoticias.com.br\\\/home\\\/?s={search_term_string}\"},\"query-input\":{\"@type\":\"PropertyValueSpecification\",\"valueRequired\":true,\"valueName\":\"search_term_string\"}}],\"inLanguage\":\"pt-BR\"},{\"@type\":\"Organization\",\"@id\":\"https:\\\/\\\/jornalboasnoticias.com.br\\\/home\\\/#organization\",\"name\":\"Coq Editora Ltda\",\"alternateName\":\"Jornal Boas Noticias\",\"url\":\"https:\\\/\\\/jornalboasnoticias.com.br\\\/home\\\/\",\"logo\":{\"@type\":\"ImageObject\",\"inLanguage\":\"pt-BR\",\"@id\":\"https:\\\/\\\/jornalboasnoticias.com.br\\\/home\\\/#\\\/schema\\\/logo\\\/image\\\/\",\"url\":\"https:\\\/\\\/jornalboasnoticias.com.br\\\/home\\\/wp-content\\\/uploads\\\/2024\\\/07\\\/cropped-logo.jpg\",\"contentUrl\":\"https:\\\/\\\/jornalboasnoticias.com.br\\\/home\\\/wp-content\\\/uploads\\\/2024\\\/07\\\/cropped-logo.jpg\",\"width\":290,\"height\":142,\"caption\":\"Coq Editora Ltda\"},\"image\":{\"@id\":\"https:\\\/\\\/jornalboasnoticias.com.br\\\/home\\\/#\\\/schema\\\/logo\\\/image\\\/\"},\"sameAs\":[\"https:\\\/\\\/www.facebook.com\\\/boasnoticiasjornal\"]},{\"@type\":\"Person\",\"@id\":\"https:\\\/\\\/jornalboasnoticias.com.br\\\/home\\\/#\\\/schema\\\/person\\\/75f9ebde398c998c166475fb446bda62\",\"name\":\"Luiz Carlos da Cruz\",\"image\":{\"@type\":\"ImageObject\",\"inLanguage\":\"pt-BR\",\"@id\":\"https:\\\/\\\/secure.gravatar.com\\\/avatar\\\/e6f4f45301b6cb8572f7b076572e8ac11c1db80e805d8c8d0858cf286ce3ac3b?s=96&d=mm&r=g\",\"url\":\"https:\\\/\\\/secure.gravatar.com\\\/avatar\\\/e6f4f45301b6cb8572f7b076572e8ac11c1db80e805d8c8d0858cf286ce3ac3b?s=96&d=mm&r=g\",\"contentUrl\":\"https:\\\/\\\/secure.gravatar.com\\\/avatar\\\/e6f4f45301b6cb8572f7b076572e8ac11c1db80e805d8c8d0858cf286ce3ac3b?s=96&d=mm&r=g\",\"caption\":\"Luiz Carlos da Cruz\"},\"url\":\"https:\\\/\\\/jornalboasnoticias.com.br\\\/home\\\/author\\\/luiz-carlos-da-cruz\\\/\"}]}<\/script>\n<!-- \/ Yoast SEO plugin. -->","yoast_head_json":{"title":"Venezuela: oposi\u00e7\u00e3o n\u00e3o reconhece per\u00edcia da Justi\u00e7a sobre elei\u00e7\u00e3o - Jornal","description":"Venezuela: oposi\u00e7\u00e3o n\u00e3o reconhece per\u00edcia da Justi\u00e7a sobre elei\u00e7\u00e3o","robots":{"index":"index","follow":"follow","max-snippet":"max-snippet:-1","max-image-preview":"max-image-preview:large","max-video-preview":"max-video-preview:-1"},"canonical":"https:\/\/jornalboasnoticias.com.br\/home\/venezuela-oposicao-nao-reconhece-pericia-da-justica-sobre-eleicao\/","og_locale":"pt_BR","og_type":"article","og_title":"Venezuela: oposi\u00e7\u00e3o n\u00e3o reconhece per\u00edcia da Justi\u00e7a sobre elei\u00e7\u00e3o - Jornal","og_description":"Venezuela: oposi\u00e7\u00e3o n\u00e3o reconhece per\u00edcia da Justi\u00e7a sobre elei\u00e7\u00e3o","og_url":"https:\/\/jornalboasnoticias.com.br\/home\/venezuela-oposicao-nao-reconhece-pericia-da-justica-sobre-eleicao\/","og_site_name":"Jornal","article_publisher":"https:\/\/www.facebook.com\/boasnoticiasjornal","article_published_time":"2024-08-21T21:56:26+00:00","og_image":[{"width":1437,"height":862,"url":"https:\/\/jornalboasnoticias.com.br\/home\/wp-content\/uploads\/2024\/07\/cristaos-orando-pela-venezuela.webp","type":"image\/webp"}],"author":"Luiz Carlos da Cruz","twitter_card":"summary_large_image","twitter_misc":{"Escrito por":"Luiz Carlos da Cruz","Est. tempo de leitura":"5 minutos"},"schema":{"@context":"https:\/\/schema.org","@graph":[{"@type":"Article","@id":"https:\/\/jornalboasnoticias.com.br\/home\/venezuela-oposicao-nao-reconhece-pericia-da-justica-sobre-eleicao\/#article","isPartOf":{"@id":"https:\/\/jornalboasnoticias.com.br\/home\/venezuela-oposicao-nao-reconhece-pericia-da-justica-sobre-eleicao\/"},"author":{"name":"Luiz Carlos da Cruz","@id":"https:\/\/jornalboasnoticias.com.br\/home\/#\/schema\/person\/75f9ebde398c998c166475fb446bda62"},"headline":"Venezuela: oposi\u00e7\u00e3o n\u00e3o reconhece per\u00edcia da Justi\u00e7a sobre elei\u00e7\u00e3o","datePublished":"2024-08-21T21:56:26+00:00","mainEntityOfPage":{"@id":"https:\/\/jornalboasnoticias.com.br\/home\/venezuela-oposicao-nao-reconhece-pericia-da-justica-sobre-eleicao\/"},"wordCount":761,"commentCount":0,"publisher":{"@id":"https:\/\/jornalboasnoticias.com.br\/home\/#organization"},"image":{"@id":"https:\/\/jornalboasnoticias.com.br\/home\/venezuela-oposicao-nao-reconhece-pericia-da-justica-sobre-eleicao\/#primaryimage"},"thumbnailUrl":"https:\/\/jornalboasnoticias.com.br\/home\/wp-content\/uploads\/2024\/07\/cristaos-orando-pela-venezuela.webp","articleSection":["INTERNACIONAL"],"inLanguage":"pt-BR","potentialAction":[{"@type":"CommentAction","name":"Comment","target":["https:\/\/jornalboasnoticias.com.br\/home\/venezuela-oposicao-nao-reconhece-pericia-da-justica-sobre-eleicao\/#respond"]}]},{"@type":"WebPage","@id":"https:\/\/jornalboasnoticias.com.br\/home\/venezuela-oposicao-nao-reconhece-pericia-da-justica-sobre-eleicao\/","url":"https:\/\/jornalboasnoticias.com.br\/home\/venezuela-oposicao-nao-reconhece-pericia-da-justica-sobre-eleicao\/","name":"Venezuela: oposi\u00e7\u00e3o n\u00e3o reconhece per\u00edcia da Justi\u00e7a sobre elei\u00e7\u00e3o - Jornal","isPartOf":{"@id":"https:\/\/jornalboasnoticias.com.br\/home\/#website"},"primaryImageOfPage":{"@id":"https:\/\/jornalboasnoticias.com.br\/home\/venezuela-oposicao-nao-reconhece-pericia-da-justica-sobre-eleicao\/#primaryimage"},"image":{"@id":"https:\/\/jornalboasnoticias.com.br\/home\/venezuela-oposicao-nao-reconhece-pericia-da-justica-sobre-eleicao\/#primaryimage"},"thumbnailUrl":"https:\/\/jornalboasnoticias.com.br\/home\/wp-content\/uploads\/2024\/07\/cristaos-orando-pela-venezuela.webp","datePublished":"2024-08-21T21:56:26+00:00","description":"Venezuela: oposi\u00e7\u00e3o n\u00e3o reconhece per\u00edcia da Justi\u00e7a sobre elei\u00e7\u00e3o","breadcrumb":{"@id":"https:\/\/jornalboasnoticias.com.br\/home\/venezuela-oposicao-nao-reconhece-pericia-da-justica-sobre-eleicao\/#breadcrumb"},"inLanguage":"pt-BR","potentialAction":[{"@type":"ReadAction","target":["https:\/\/jornalboasnoticias.com.br\/home\/venezuela-oposicao-nao-reconhece-pericia-da-justica-sobre-eleicao\/"]}]},{"@type":"ImageObject","inLanguage":"pt-BR","@id":"https:\/\/jornalboasnoticias.com.br\/home\/venezuela-oposicao-nao-reconhece-pericia-da-justica-sobre-eleicao\/#primaryimage","url":"https:\/\/jornalboasnoticias.com.br\/home\/wp-content\/uploads\/2024\/07\/cristaos-orando-pela-venezuela.webp","contentUrl":"https:\/\/jornalboasnoticias.com.br\/home\/wp-content\/uploads\/2024\/07\/cristaos-orando-pela-venezuela.webp","width":1437,"height":862},{"@type":"BreadcrumbList","@id":"https:\/\/jornalboasnoticias.com.br\/home\/venezuela-oposicao-nao-reconhece-pericia-da-justica-sobre-eleicao\/#breadcrumb","itemListElement":[{"@type":"ListItem","position":1,"name":"In\u00edcio","item":"https:\/\/jornalboasnoticias.com.br\/home\/"},{"@type":"ListItem","position":2,"name":"Venezuela: oposi\u00e7\u00e3o n\u00e3o reconhece per\u00edcia da Justi\u00e7a sobre elei\u00e7\u00e3o"}]},{"@type":"WebSite","@id":"https:\/\/jornalboasnoticias.com.br\/home\/#website","url":"https:\/\/jornalboasnoticias.com.br\/home\/","name":"Jornal Boas Not\u00edcias","description":"Boas not\u00edcias","publisher":{"@id":"https:\/\/jornalboasnoticias.com.br\/home\/#organization"},"potentialAction":[{"@type":"SearchAction","target":{"@type":"EntryPoint","urlTemplate":"https:\/\/jornalboasnoticias.com.br\/home\/?s={search_term_string}"},"query-input":{"@type":"PropertyValueSpecification","valueRequired":true,"valueName":"search_term_string"}}],"inLanguage":"pt-BR"},{"@type":"Organization","@id":"https:\/\/jornalboasnoticias.com.br\/home\/#organization","name":"Coq Editora Ltda","alternateName":"Jornal Boas Noticias","url":"https:\/\/jornalboasnoticias.com.br\/home\/","logo":{"@type":"ImageObject","inLanguage":"pt-BR","@id":"https:\/\/jornalboasnoticias.com.br\/home\/#\/schema\/logo\/image\/","url":"https:\/\/jornalboasnoticias.com.br\/home\/wp-content\/uploads\/2024\/07\/cropped-logo.jpg","contentUrl":"https:\/\/jornalboasnoticias.com.br\/home\/wp-content\/uploads\/2024\/07\/cropped-logo.jpg","width":290,"height":142,"caption":"Coq Editora Ltda"},"image":{"@id":"https:\/\/jornalboasnoticias.com.br\/home\/#\/schema\/logo\/image\/"},"sameAs":["https:\/\/www.facebook.com\/boasnoticiasjornal"]},{"@type":"Person","@id":"https:\/\/jornalboasnoticias.com.br\/home\/#\/schema\/person\/75f9ebde398c998c166475fb446bda62","name":"Luiz Carlos da Cruz","image":{"@type":"ImageObject","inLanguage":"pt-BR","@id":"https:\/\/secure.gravatar.com\/avatar\/e6f4f45301b6cb8572f7b076572e8ac11c1db80e805d8c8d0858cf286ce3ac3b?s=96&d=mm&r=g","url":"https:\/\/secure.gravatar.com\/avatar\/e6f4f45301b6cb8572f7b076572e8ac11c1db80e805d8c8d0858cf286ce3ac3b?s=96&d=mm&r=g","contentUrl":"https:\/\/secure.gravatar.com\/avatar\/e6f4f45301b6cb8572f7b076572e8ac11c1db80e805d8c8d0858cf286ce3ac3b?s=96&d=mm&r=g","caption":"Luiz Carlos da Cruz"},"url":"https:\/\/jornalboasnoticias.com.br\/home\/author\/luiz-carlos-da-cruz\/"}]}},"_links":{"self":[{"href":"https:\/\/jornalboasnoticias.com.br\/home\/wp-json\/wp\/v2\/posts\/43455","targetHints":{"allow":["GET"]}}],"collection":[{"href":"https:\/\/jornalboasnoticias.com.br\/home\/wp-json\/wp\/v2\/posts"}],"about":[{"href":"https:\/\/jornalboasnoticias.com.br\/home\/wp-json\/wp\/v2\/types\/post"}],"author":[{"embeddable":true,"href":"https:\/\/jornalboasnoticias.com.br\/home\/wp-json\/wp\/v2\/users\/3"}],"replies":[{"embeddable":true,"href":"https:\/\/jornalboasnoticias.com.br\/home\/wp-json\/wp\/v2\/comments?post=43455"}],"version-history":[{"count":1,"href":"https:\/\/jornalboasnoticias.com.br\/home\/wp-json\/wp\/v2\/posts\/43455\/revisions"}],"predecessor-version":[{"id":43456,"href":"https:\/\/jornalboasnoticias.com.br\/home\/wp-json\/wp\/v2\/posts\/43455\/revisions\/43456"}],"wp:featuredmedia":[{"embeddable":true,"href":"https:\/\/jornalboasnoticias.com.br\/home\/wp-json\/wp\/v2\/media\/43304"}],"wp:attachment":[{"href":"https:\/\/jornalboasnoticias.com.br\/home\/wp-json\/wp\/v2\/media?parent=43455"}],"wp:term":[{"taxonomy":"category","embeddable":true,"href":"https:\/\/jornalboasnoticias.com.br\/home\/wp-json\/wp\/v2\/categories?post=43455"},{"taxonomy":"post_tag","embeddable":true,"href":"https:\/\/jornalboasnoticias.com.br\/home\/wp-json\/wp\/v2\/tags?post=43455"}],"curies":[{"name":"wp","href":"https:\/\/api.w.org\/{rel}","templated":true}]}}