{"id":43446,"date":"2024-08-21T21:33:22","date_gmt":"2024-08-21T21:33:22","guid":{"rendered":"https:\/\/jornalboasnoticias.com.br\/home\/?p=43446"},"modified":"2024-08-21T21:33:22","modified_gmt":"2024-08-21T21:33:22","slug":"coral-infantil-africano-fara-apresentacoes-gratuitas-na-nova-igreja-batista-de-cascavel","status":"publish","type":"post","link":"https:\/\/jornalboasnoticias.com.br\/home\/coral-infantil-africano-fara-apresentacoes-gratuitas-na-nova-igreja-batista-de-cascavel\/","title":{"rendered":"Coral infantil africano far\u00e1 apresenta\u00e7\u00f5es gratuitas na Nova Igreja Batista de Cascavel"},"content":{"rendered":"<p style=\"text-align: center;\"><em><strong>Grupo faz parte da organiza\u00e7\u00e3o Watoto, com sede em Uganda, na \u00c1frica<\/strong><\/em><\/p>\n<p><img loading=\"lazy\" decoding=\"async\" class=\"alignnone wp-image-43447 size-full\" src=\"https:\/\/jornalboasnoticias.com.br\/home\/wp-content\/uploads\/2024\/08\/1.jpg\" alt=\"\" width=\"1080\" height=\"844\" srcset=\"https:\/\/jornalboasnoticias.com.br\/home\/wp-content\/uploads\/2024\/08\/1.jpg 1080w, https:\/\/jornalboasnoticias.com.br\/home\/wp-content\/uploads\/2024\/08\/1-300x234.jpg 300w, https:\/\/jornalboasnoticias.com.br\/home\/wp-content\/uploads\/2024\/08\/1-1024x800.jpg 1024w, https:\/\/jornalboasnoticias.com.br\/home\/wp-content\/uploads\/2024\/08\/1-768x600.jpg 768w\" sizes=\"auto, (max-width: 1080px) 100vw, 1080px\" \/><\/p>\n<p>O coral de crian\u00e7as Watoto estar\u00e1 em Cascavel nos dias 24 e 25 de agosto, e far\u00e1 apresenta\u00e7\u00f5es gratuitas na Nova Igreja Batista de Cascavel. O grupo apresentar\u00e1 m\u00fasicas de seu novo \u00e1lbum, Better Days &#8211; There Is Hope (Dias Melhores &#8211; H\u00e1 Esperan\u00e7a), transmitindo uma mensagem de esperan\u00e7a atrav\u00e9s de can\u00e7\u00f5es inspiradoras e dan\u00e7as tradicionais.<\/p>\n<p><strong>Coral Watoto<\/strong><\/p>\n<p>O Coral Watoto \u00e9 um grupo infantil, da organiza\u00e7\u00e3o Watoto com sede em Uganda, que resgata crian\u00e7as \u00f3rf\u00e3s e abandonadas, colocando-as em fam\u00edlias acolhedoras e amorosas, capacitando mulheres em estado de vulnerabilidade para que possam se tornar l\u00edderes que impactem suas comunidades e reconstruam sua na\u00e7\u00e3o. A organiza\u00e7\u00e3o lhes proporciona educa\u00e7\u00e3o e cuidados m\u00e9dicos, al\u00e9m do apoio espiritual e emocional.<\/p>\n<p>O coral viaja pelo mundo, apresentando-se em igrejas e eventos, com o objetivo de arrecadar fundos e conscientizar a popula\u00e7\u00e3o sobre a situa\u00e7\u00e3o das crian\u00e7as \u00f3rf\u00e3s na \u00c1frica.<\/p>\n<p>Desenvolvido em Uganda, o minist\u00e9rio Watoto cresceu e hoje conta com 11 escrit\u00f3rios pelo mundo, onde vivem parceiros e padrinhos do grupo. Cada escrit\u00f3rio \u00e9 regulado por um Conselho de Administra\u00e7\u00e3o local, garantindo que as boas pr\u00e1ticas sejam seguidas em todos os n\u00edveis.<\/p>\n<p>O projeto existe h\u00e1 mais de 25 anos e j\u00e1 mandou mais de 100 corais pelo mundo, onde se apresentam para os mais variados p\u00fablicos, e presenciam o agir de Deus em seus cora\u00e7\u00f5es.<\/p>\n<p><strong>Apresenta\u00e7\u00f5es na NIB<\/strong><\/p>\n<p>O evento acontecer\u00e1 de forma gratuita no dia 24 de agosto (s\u00e1bado) \u00e0s 19h30 e dia 25 de agosto (domingo) \u00e0s 10h e \u00e0s 19h, na Nova Igreja Batista de Cascavel, localizada na Avenida Rocha Pombo, 2231, ao lado do Kart\u00f3dromo.<\/p>\n","protected":false},"excerpt":{"rendered":"<p>Grupo faz parte da organiza\u00e7\u00e3o Watoto, com sede em Uganda, na \u00c1frica O coral de<\/p>\n","protected":false},"author":3,"featured_media":43447,"comment_status":"open","ping_status":"open","sticky":false,"template":"","format":"standard","meta":{"footnotes":""},"categories":[2,3],"tags":[92],"class_list":["post-43446","post","type-post","status-publish","format-standard","has-post-thumbnail","hentry","category-cascavel","category-destaques","tag-coral-watoto"],"yoast_head":"<!-- This site is optimized with the Yoast SEO plugin v27.5 - https:\/\/yoast.com\/product\/yoast-seo-wordpress\/ -->\n<title>Coral infantil africano far\u00e1 apresenta\u00e7\u00f5es gratuitas na Nova Igreja Batista de Cascavel - Jornal<\/title>\n<meta name=\"description\" content=\"Coral infantil africano far\u00e1 apresenta\u00e7\u00f5es gratuitas na Nova Igreja Batista de Cascavel\" \/>\n<meta name=\"robots\" content=\"index, follow, max-snippet:-1, max-image-preview:large, max-video-preview:-1\" \/>\n<link rel=\"canonical\" href=\"https:\/\/jornalboasnoticias.com.br\/home\/coral-infantil-africano-fara-apresentacoes-gratuitas-na-nova-igreja-batista-de-cascavel\/\" \/>\n<meta property=\"og:locale\" content=\"pt_BR\" \/>\n<meta property=\"og:type\" content=\"article\" \/>\n<meta property=\"og:title\" content=\"Coral infantil africano far\u00e1 apresenta\u00e7\u00f5es gratuitas na Nova Igreja Batista de Cascavel - Jornal\" \/>\n<meta property=\"og:description\" content=\"Coral infantil africano far\u00e1 apresenta\u00e7\u00f5es gratuitas na Nova Igreja Batista de Cascavel\" \/>\n<meta property=\"og:url\" content=\"https:\/\/jornalboasnoticias.com.br\/home\/coral-infantil-africano-fara-apresentacoes-gratuitas-na-nova-igreja-batista-de-cascavel\/\" \/>\n<meta property=\"og:site_name\" content=\"Jornal\" \/>\n<meta property=\"article:publisher\" content=\"https:\/\/www.facebook.com\/boasnoticiasjornal\" \/>\n<meta property=\"article:published_time\" content=\"2024-08-21T21:33:22+00:00\" \/>\n<meta property=\"og:image\" content=\"https:\/\/jornalboasnoticias.com.br\/home\/wp-content\/uploads\/2024\/08\/1.jpg\" \/>\n\t<meta property=\"og:image:width\" content=\"1080\" \/>\n\t<meta property=\"og:image:height\" content=\"844\" \/>\n\t<meta property=\"og:image:type\" content=\"image\/jpeg\" \/>\n<meta name=\"author\" content=\"Luiz Carlos da Cruz\" \/>\n<meta name=\"twitter:card\" content=\"summary_large_image\" \/>\n<meta name=\"twitter:label1\" content=\"Escrito por\" \/>\n\t<meta name=\"twitter:data1\" content=\"Luiz Carlos da Cruz\" \/>\n\t<meta name=\"twitter:label2\" content=\"Est. tempo de leitura\" \/>\n\t<meta name=\"twitter:data2\" content=\"2 minutos\" \/>\n<script type=\"application\/ld+json\" class=\"yoast-schema-graph\">{\"@context\":\"https:\\\/\\\/schema.org\",\"@graph\":[{\"@type\":\"Article\",\"@id\":\"https:\\\/\\\/jornalboasnoticias.com.br\\\/home\\\/coral-infantil-africano-fara-apresentacoes-gratuitas-na-nova-igreja-batista-de-cascavel\\\/#article\",\"isPartOf\":{\"@id\":\"https:\\\/\\\/jornalboasnoticias.com.br\\\/home\\\/coral-infantil-africano-fara-apresentacoes-gratuitas-na-nova-igreja-batista-de-cascavel\\\/\"},\"author\":{\"name\":\"Luiz Carlos da Cruz\",\"@id\":\"https:\\\/\\\/jornalboasnoticias.com.br\\\/home\\\/#\\\/schema\\\/person\\\/75f9ebde398c998c166475fb446bda62\"},\"headline\":\"Coral infantil africano far\u00e1 apresenta\u00e7\u00f5es gratuitas na Nova Igreja Batista de Cascavel\",\"datePublished\":\"2024-08-21T21:33:22+00:00\",\"mainEntityOfPage\":{\"@id\":\"https:\\\/\\\/jornalboasnoticias.com.br\\\/home\\\/coral-infantil-africano-fara-apresentacoes-gratuitas-na-nova-igreja-batista-de-cascavel\\\/\"},\"wordCount\":316,\"commentCount\":0,\"publisher\":{\"@id\":\"https:\\\/\\\/jornalboasnoticias.com.br\\\/home\\\/#organization\"},\"image\":{\"@id\":\"https:\\\/\\\/jornalboasnoticias.com.br\\\/home\\\/coral-infantil-africano-fara-apresentacoes-gratuitas-na-nova-igreja-batista-de-cascavel\\\/#primaryimage\"},\"thumbnailUrl\":\"https:\\\/\\\/jornalboasnoticias.com.br\\\/home\\\/wp-content\\\/uploads\\\/2024\\\/08\\\/1.jpg\",\"keywords\":[\"Coral Watoto\"],\"articleSection\":[\"CASCAVEL\",\"DESTAQUE\"],\"inLanguage\":\"pt-BR\",\"potentialAction\":[{\"@type\":\"CommentAction\",\"name\":\"Comment\",\"target\":[\"https:\\\/\\\/jornalboasnoticias.com.br\\\/home\\\/coral-infantil-africano-fara-apresentacoes-gratuitas-na-nova-igreja-batista-de-cascavel\\\/#respond\"]}]},{\"@type\":\"WebPage\",\"@id\":\"https:\\\/\\\/jornalboasnoticias.com.br\\\/home\\\/coral-infantil-africano-fara-apresentacoes-gratuitas-na-nova-igreja-batista-de-cascavel\\\/\",\"url\":\"https:\\\/\\\/jornalboasnoticias.com.br\\\/home\\\/coral-infantil-africano-fara-apresentacoes-gratuitas-na-nova-igreja-batista-de-cascavel\\\/\",\"name\":\"Coral infantil africano far\u00e1 apresenta\u00e7\u00f5es gratuitas na Nova Igreja Batista de Cascavel - Jornal\",\"isPartOf\":{\"@id\":\"https:\\\/\\\/jornalboasnoticias.com.br\\\/home\\\/#website\"},\"primaryImageOfPage\":{\"@id\":\"https:\\\/\\\/jornalboasnoticias.com.br\\\/home\\\/coral-infantil-africano-fara-apresentacoes-gratuitas-na-nova-igreja-batista-de-cascavel\\\/#primaryimage\"},\"image\":{\"@id\":\"https:\\\/\\\/jornalboasnoticias.com.br\\\/home\\\/coral-infantil-africano-fara-apresentacoes-gratuitas-na-nova-igreja-batista-de-cascavel\\\/#primaryimage\"},\"thumbnailUrl\":\"https:\\\/\\\/jornalboasnoticias.com.br\\\/home\\\/wp-content\\\/uploads\\\/2024\\\/08\\\/1.jpg\",\"datePublished\":\"2024-08-21T21:33:22+00:00\",\"description\":\"Coral infantil africano far\u00e1 apresenta\u00e7\u00f5es gratuitas na Nova Igreja Batista de Cascavel\",\"breadcrumb\":{\"@id\":\"https:\\\/\\\/jornalboasnoticias.com.br\\\/home\\\/coral-infantil-africano-fara-apresentacoes-gratuitas-na-nova-igreja-batista-de-cascavel\\\/#breadcrumb\"},\"inLanguage\":\"pt-BR\",\"potentialAction\":[{\"@type\":\"ReadAction\",\"target\":[\"https:\\\/\\\/jornalboasnoticias.com.br\\\/home\\\/coral-infantil-africano-fara-apresentacoes-gratuitas-na-nova-igreja-batista-de-cascavel\\\/\"]}]},{\"@type\":\"ImageObject\",\"inLanguage\":\"pt-BR\",\"@id\":\"https:\\\/\\\/jornalboasnoticias.com.br\\\/home\\\/coral-infantil-africano-fara-apresentacoes-gratuitas-na-nova-igreja-batista-de-cascavel\\\/#primaryimage\",\"url\":\"https:\\\/\\\/jornalboasnoticias.com.br\\\/home\\\/wp-content\\\/uploads\\\/2024\\\/08\\\/1.jpg\",\"contentUrl\":\"https:\\\/\\\/jornalboasnoticias.com.br\\\/home\\\/wp-content\\\/uploads\\\/2024\\\/08\\\/1.jpg\",\"width\":1080,\"height\":844},{\"@type\":\"BreadcrumbList\",\"@id\":\"https:\\\/\\\/jornalboasnoticias.com.br\\\/home\\\/coral-infantil-africano-fara-apresentacoes-gratuitas-na-nova-igreja-batista-de-cascavel\\\/#breadcrumb\",\"itemListElement\":[{\"@type\":\"ListItem\",\"position\":1,\"name\":\"In\u00edcio\",\"item\":\"https:\\\/\\\/jornalboasnoticias.com.br\\\/home\\\/\"},{\"@type\":\"ListItem\",\"position\":2,\"name\":\"Coral infantil africano far\u00e1 apresenta\u00e7\u00f5es gratuitas na Nova Igreja Batista de Cascavel\"}]},{\"@type\":\"WebSite\",\"@id\":\"https:\\\/\\\/jornalboasnoticias.com.br\\\/home\\\/#website\",\"url\":\"https:\\\/\\\/jornalboasnoticias.com.br\\\/home\\\/\",\"name\":\"Jornal Boas Not\u00edcias\",\"description\":\"Boas not\u00edcias\",\"publisher\":{\"@id\":\"https:\\\/\\\/jornalboasnoticias.com.br\\\/home\\\/#organization\"},\"potentialAction\":[{\"@type\":\"SearchAction\",\"target\":{\"@type\":\"EntryPoint\",\"urlTemplate\":\"https:\\\/\\\/jornalboasnoticias.com.br\\\/home\\\/?s={search_term_string}\"},\"query-input\":{\"@type\":\"PropertyValueSpecification\",\"valueRequired\":true,\"valueName\":\"search_term_string\"}}],\"inLanguage\":\"pt-BR\"},{\"@type\":\"Organization\",\"@id\":\"https:\\\/\\\/jornalboasnoticias.com.br\\\/home\\\/#organization\",\"name\":\"Coq Editora Ltda\",\"alternateName\":\"Jornal Boas Noticias\",\"url\":\"https:\\\/\\\/jornalboasnoticias.com.br\\\/home\\\/\",\"logo\":{\"@type\":\"ImageObject\",\"inLanguage\":\"pt-BR\",\"@id\":\"https:\\\/\\\/jornalboasnoticias.com.br\\\/home\\\/#\\\/schema\\\/logo\\\/image\\\/\",\"url\":\"https:\\\/\\\/jornalboasnoticias.com.br\\\/home\\\/wp-content\\\/uploads\\\/2024\\\/07\\\/cropped-logo.jpg\",\"contentUrl\":\"https:\\\/\\\/jornalboasnoticias.com.br\\\/home\\\/wp-content\\\/uploads\\\/2024\\\/07\\\/cropped-logo.jpg\",\"width\":290,\"height\":142,\"caption\":\"Coq Editora Ltda\"},\"image\":{\"@id\":\"https:\\\/\\\/jornalboasnoticias.com.br\\\/home\\\/#\\\/schema\\\/logo\\\/image\\\/\"},\"sameAs\":[\"https:\\\/\\\/www.facebook.com\\\/boasnoticiasjornal\"]},{\"@type\":\"Person\",\"@id\":\"https:\\\/\\\/jornalboasnoticias.com.br\\\/home\\\/#\\\/schema\\\/person\\\/75f9ebde398c998c166475fb446bda62\",\"name\":\"Luiz Carlos da Cruz\",\"image\":{\"@type\":\"ImageObject\",\"inLanguage\":\"pt-BR\",\"@id\":\"https:\\\/\\\/secure.gravatar.com\\\/avatar\\\/e6f4f45301b6cb8572f7b076572e8ac11c1db80e805d8c8d0858cf286ce3ac3b?s=96&d=mm&r=g\",\"url\":\"https:\\\/\\\/secure.gravatar.com\\\/avatar\\\/e6f4f45301b6cb8572f7b076572e8ac11c1db80e805d8c8d0858cf286ce3ac3b?s=96&d=mm&r=g\",\"contentUrl\":\"https:\\\/\\\/secure.gravatar.com\\\/avatar\\\/e6f4f45301b6cb8572f7b076572e8ac11c1db80e805d8c8d0858cf286ce3ac3b?s=96&d=mm&r=g\",\"caption\":\"Luiz Carlos da Cruz\"},\"url\":\"https:\\\/\\\/jornalboasnoticias.com.br\\\/home\\\/author\\\/luiz-carlos-da-cruz\\\/\"}]}<\/script>\n<!-- \/ Yoast SEO plugin. -->","yoast_head_json":{"title":"Coral infantil africano far\u00e1 apresenta\u00e7\u00f5es gratuitas na Nova Igreja Batista de Cascavel - Jornal","description":"Coral infantil africano far\u00e1 apresenta\u00e7\u00f5es gratuitas na Nova Igreja Batista de Cascavel","robots":{"index":"index","follow":"follow","max-snippet":"max-snippet:-1","max-image-preview":"max-image-preview:large","max-video-preview":"max-video-preview:-1"},"canonical":"https:\/\/jornalboasnoticias.com.br\/home\/coral-infantil-africano-fara-apresentacoes-gratuitas-na-nova-igreja-batista-de-cascavel\/","og_locale":"pt_BR","og_type":"article","og_title":"Coral infantil africano far\u00e1 apresenta\u00e7\u00f5es gratuitas na Nova Igreja Batista de Cascavel - Jornal","og_description":"Coral infantil africano far\u00e1 apresenta\u00e7\u00f5es gratuitas na Nova Igreja Batista de Cascavel","og_url":"https:\/\/jornalboasnoticias.com.br\/home\/coral-infantil-africano-fara-apresentacoes-gratuitas-na-nova-igreja-batista-de-cascavel\/","og_site_name":"Jornal","article_publisher":"https:\/\/www.facebook.com\/boasnoticiasjornal","article_published_time":"2024-08-21T21:33:22+00:00","og_image":[{"width":1080,"height":844,"url":"https:\/\/jornalboasnoticias.com.br\/home\/wp-content\/uploads\/2024\/08\/1.jpg","type":"image\/jpeg"}],"author":"Luiz Carlos da Cruz","twitter_card":"summary_large_image","twitter_misc":{"Escrito por":"Luiz Carlos da Cruz","Est. tempo de leitura":"2 minutos"},"schema":{"@context":"https:\/\/schema.org","@graph":[{"@type":"Article","@id":"https:\/\/jornalboasnoticias.com.br\/home\/coral-infantil-africano-fara-apresentacoes-gratuitas-na-nova-igreja-batista-de-cascavel\/#article","isPartOf":{"@id":"https:\/\/jornalboasnoticias.com.br\/home\/coral-infantil-africano-fara-apresentacoes-gratuitas-na-nova-igreja-batista-de-cascavel\/"},"author":{"name":"Luiz Carlos da Cruz","@id":"https:\/\/jornalboasnoticias.com.br\/home\/#\/schema\/person\/75f9ebde398c998c166475fb446bda62"},"headline":"Coral infantil africano far\u00e1 apresenta\u00e7\u00f5es gratuitas na Nova Igreja Batista de Cascavel","datePublished":"2024-08-21T21:33:22+00:00","mainEntityOfPage":{"@id":"https:\/\/jornalboasnoticias.com.br\/home\/coral-infantil-africano-fara-apresentacoes-gratuitas-na-nova-igreja-batista-de-cascavel\/"},"wordCount":316,"commentCount":0,"publisher":{"@id":"https:\/\/jornalboasnoticias.com.br\/home\/#organization"},"image":{"@id":"https:\/\/jornalboasnoticias.com.br\/home\/coral-infantil-africano-fara-apresentacoes-gratuitas-na-nova-igreja-batista-de-cascavel\/#primaryimage"},"thumbnailUrl":"https:\/\/jornalboasnoticias.com.br\/home\/wp-content\/uploads\/2024\/08\/1.jpg","keywords":["Coral Watoto"],"articleSection":["CASCAVEL","DESTAQUE"],"inLanguage":"pt-BR","potentialAction":[{"@type":"CommentAction","name":"Comment","target":["https:\/\/jornalboasnoticias.com.br\/home\/coral-infantil-africano-fara-apresentacoes-gratuitas-na-nova-igreja-batista-de-cascavel\/#respond"]}]},{"@type":"WebPage","@id":"https:\/\/jornalboasnoticias.com.br\/home\/coral-infantil-africano-fara-apresentacoes-gratuitas-na-nova-igreja-batista-de-cascavel\/","url":"https:\/\/jornalboasnoticias.com.br\/home\/coral-infantil-africano-fara-apresentacoes-gratuitas-na-nova-igreja-batista-de-cascavel\/","name":"Coral infantil africano far\u00e1 apresenta\u00e7\u00f5es gratuitas na Nova Igreja Batista de Cascavel - Jornal","isPartOf":{"@id":"https:\/\/jornalboasnoticias.com.br\/home\/#website"},"primaryImageOfPage":{"@id":"https:\/\/jornalboasnoticias.com.br\/home\/coral-infantil-africano-fara-apresentacoes-gratuitas-na-nova-igreja-batista-de-cascavel\/#primaryimage"},"image":{"@id":"https:\/\/jornalboasnoticias.com.br\/home\/coral-infantil-africano-fara-apresentacoes-gratuitas-na-nova-igreja-batista-de-cascavel\/#primaryimage"},"thumbnailUrl":"https:\/\/jornalboasnoticias.com.br\/home\/wp-content\/uploads\/2024\/08\/1.jpg","datePublished":"2024-08-21T21:33:22+00:00","description":"Coral infantil africano far\u00e1 apresenta\u00e7\u00f5es gratuitas na Nova Igreja Batista de Cascavel","breadcrumb":{"@id":"https:\/\/jornalboasnoticias.com.br\/home\/coral-infantil-africano-fara-apresentacoes-gratuitas-na-nova-igreja-batista-de-cascavel\/#breadcrumb"},"inLanguage":"pt-BR","potentialAction":[{"@type":"ReadAction","target":["https:\/\/jornalboasnoticias.com.br\/home\/coral-infantil-africano-fara-apresentacoes-gratuitas-na-nova-igreja-batista-de-cascavel\/"]}]},{"@type":"ImageObject","inLanguage":"pt-BR","@id":"https:\/\/jornalboasnoticias.com.br\/home\/coral-infantil-africano-fara-apresentacoes-gratuitas-na-nova-igreja-batista-de-cascavel\/#primaryimage","url":"https:\/\/jornalboasnoticias.com.br\/home\/wp-content\/uploads\/2024\/08\/1.jpg","contentUrl":"https:\/\/jornalboasnoticias.com.br\/home\/wp-content\/uploads\/2024\/08\/1.jpg","width":1080,"height":844},{"@type":"BreadcrumbList","@id":"https:\/\/jornalboasnoticias.com.br\/home\/coral-infantil-africano-fara-apresentacoes-gratuitas-na-nova-igreja-batista-de-cascavel\/#breadcrumb","itemListElement":[{"@type":"ListItem","position":1,"name":"In\u00edcio","item":"https:\/\/jornalboasnoticias.com.br\/home\/"},{"@type":"ListItem","position":2,"name":"Coral infantil africano far\u00e1 apresenta\u00e7\u00f5es gratuitas na Nova Igreja Batista de Cascavel"}]},{"@type":"WebSite","@id":"https:\/\/jornalboasnoticias.com.br\/home\/#website","url":"https:\/\/jornalboasnoticias.com.br\/home\/","name":"Jornal Boas Not\u00edcias","description":"Boas not\u00edcias","publisher":{"@id":"https:\/\/jornalboasnoticias.com.br\/home\/#organization"},"potentialAction":[{"@type":"SearchAction","target":{"@type":"EntryPoint","urlTemplate":"https:\/\/jornalboasnoticias.com.br\/home\/?s={search_term_string}"},"query-input":{"@type":"PropertyValueSpecification","valueRequired":true,"valueName":"search_term_string"}}],"inLanguage":"pt-BR"},{"@type":"Organization","@id":"https:\/\/jornalboasnoticias.com.br\/home\/#organization","name":"Coq Editora Ltda","alternateName":"Jornal Boas Noticias","url":"https:\/\/jornalboasnoticias.com.br\/home\/","logo":{"@type":"ImageObject","inLanguage":"pt-BR","@id":"https:\/\/jornalboasnoticias.com.br\/home\/#\/schema\/logo\/image\/","url":"https:\/\/jornalboasnoticias.com.br\/home\/wp-content\/uploads\/2024\/07\/cropped-logo.jpg","contentUrl":"https:\/\/jornalboasnoticias.com.br\/home\/wp-content\/uploads\/2024\/07\/cropped-logo.jpg","width":290,"height":142,"caption":"Coq Editora Ltda"},"image":{"@id":"https:\/\/jornalboasnoticias.com.br\/home\/#\/schema\/logo\/image\/"},"sameAs":["https:\/\/www.facebook.com\/boasnoticiasjornal"]},{"@type":"Person","@id":"https:\/\/jornalboasnoticias.com.br\/home\/#\/schema\/person\/75f9ebde398c998c166475fb446bda62","name":"Luiz Carlos da Cruz","image":{"@type":"ImageObject","inLanguage":"pt-BR","@id":"https:\/\/secure.gravatar.com\/avatar\/e6f4f45301b6cb8572f7b076572e8ac11c1db80e805d8c8d0858cf286ce3ac3b?s=96&d=mm&r=g","url":"https:\/\/secure.gravatar.com\/avatar\/e6f4f45301b6cb8572f7b076572e8ac11c1db80e805d8c8d0858cf286ce3ac3b?s=96&d=mm&r=g","contentUrl":"https:\/\/secure.gravatar.com\/avatar\/e6f4f45301b6cb8572f7b076572e8ac11c1db80e805d8c8d0858cf286ce3ac3b?s=96&d=mm&r=g","caption":"Luiz Carlos da Cruz"},"url":"https:\/\/jornalboasnoticias.com.br\/home\/author\/luiz-carlos-da-cruz\/"}]}},"_links":{"self":[{"href":"https:\/\/jornalboasnoticias.com.br\/home\/wp-json\/wp\/v2\/posts\/43446","targetHints":{"allow":["GET"]}}],"collection":[{"href":"https:\/\/jornalboasnoticias.com.br\/home\/wp-json\/wp\/v2\/posts"}],"about":[{"href":"https:\/\/jornalboasnoticias.com.br\/home\/wp-json\/wp\/v2\/types\/post"}],"author":[{"embeddable":true,"href":"https:\/\/jornalboasnoticias.com.br\/home\/wp-json\/wp\/v2\/users\/3"}],"replies":[{"embeddable":true,"href":"https:\/\/jornalboasnoticias.com.br\/home\/wp-json\/wp\/v2\/comments?post=43446"}],"version-history":[{"count":1,"href":"https:\/\/jornalboasnoticias.com.br\/home\/wp-json\/wp\/v2\/posts\/43446\/revisions"}],"predecessor-version":[{"id":43448,"href":"https:\/\/jornalboasnoticias.com.br\/home\/wp-json\/wp\/v2\/posts\/43446\/revisions\/43448"}],"wp:featuredmedia":[{"embeddable":true,"href":"https:\/\/jornalboasnoticias.com.br\/home\/wp-json\/wp\/v2\/media\/43447"}],"wp:attachment":[{"href":"https:\/\/jornalboasnoticias.com.br\/home\/wp-json\/wp\/v2\/media?parent=43446"}],"wp:term":[{"taxonomy":"category","embeddable":true,"href":"https:\/\/jornalboasnoticias.com.br\/home\/wp-json\/wp\/v2\/categories?post=43446"},{"taxonomy":"post_tag","embeddable":true,"href":"https:\/\/jornalboasnoticias.com.br\/home\/wp-json\/wp\/v2\/tags?post=43446"}],"curies":[{"name":"wp","href":"https:\/\/api.w.org\/{rel}","templated":true}]}}