{"id":43431,"date":"2024-08-20T00:34:58","date_gmt":"2024-08-20T00:34:58","guid":{"rendered":"https:\/\/jornalboasnoticias.com.br\/home\/?p=43431"},"modified":"2024-08-20T00:34:58","modified_gmt":"2024-08-20T00:34:58","slug":"fundacao-ligada-ao-pt-lanca-cartilha-para-orientar-dialogo-com-evangelicos-nas-eleicoes","status":"publish","type":"post","link":"https:\/\/jornalboasnoticias.com.br\/home\/fundacao-ligada-ao-pt-lanca-cartilha-para-orientar-dialogo-com-evangelicos-nas-eleicoes\/","title":{"rendered":"Funda\u00e7\u00e3o ligada ao PT lan\u00e7a cartilha para orientar di\u00e1logo com evang\u00e9licos nas elei\u00e7\u00f5es"},"content":{"rendered":"<p><img loading=\"lazy\" decoding=\"async\" class=\"wp-image-43432 size-full aligncenter\" src=\"https:\/\/jornalboasnoticias.com.br\/home\/wp-content\/uploads\/2024\/08\/pt.jpg\" alt=\"\" width=\"660\" height=\"372\" srcset=\"https:\/\/jornalboasnoticias.com.br\/home\/wp-content\/uploads\/2024\/08\/pt.jpg 660w, https:\/\/jornalboasnoticias.com.br\/home\/wp-content\/uploads\/2024\/08\/pt-300x169.jpg 300w\" sizes=\"auto, (max-width: 660px) 100vw, 660px\" \/><\/p>\n<p>A Funda\u00e7\u00e3o Perseu Abramo, entidade vinculada ao PT, lan\u00e7ou na ter\u00e7a-feira, 13, uma cartilha para facilitar o di\u00e1logo de seus quadros com o eleitorado evang\u00e9lico. Como mostrou o Estad\u00e3o, trata-se de mais um passo na tentativa reverter a rejei\u00e7\u00e3o do PT junto aos protestantes nas elei\u00e7\u00f5es municipais. O partido lan\u00e7ou mais de 2 mil candidatos identificados como evang\u00e9licos, entre 15 mil oficializados ao todo.<\/p>\n<p>A Funda\u00e7\u00e3o Perseu Abramo, entidade vinculada ao PT, lan\u00e7ou na ter\u00e7a-feira, 13, uma cartilha para facilitar o di\u00e1logo de seus quadros com o eleitorado evang\u00e9lico. Como mostrou o Estad\u00e3o, trata-se de mais um passo na tentativa reverter a rejei\u00e7\u00e3o do PT junto aos protestantes nas elei\u00e7\u00f5es municipais. O partido lan\u00e7ou mais de 2 mil candidatos identificados como evang\u00e9licos, entre 15 mil oficializados ao todo.<\/p>\n<div class=\"pub_interna\">\n<div id=\"gft-41436-banner-ad_bg\">\n<div id=\"gft-41436-banner-ad_R1\" class=\"gft-41436-banner-ad\" data-google-query-id=\"CJrS9_GogogDFWFK3QId5hECXw\">\n<div id=\"google_ads_iframe_\/150790500,22392827524\/24630_ZONA_IAB_300x250_2_R_0__container__\">Intitulado \u201cCartilha evang\u00e9lica: di\u00e1logo nas elei\u00e7\u00f5es\u201d, o documento traz uma s\u00e9rie de orienta\u00e7\u00f5es e sugest\u00f5es de abordagem para com a comunidade religiosa e at\u00e9 mesmo indica\u00e7\u00f5es de salmos.<\/div>\n<div>\n<p>Assim como as diretrizes repassadas durante um semin\u00e1rio nacional aos filiados, o PT destaca na cartilha que os governos petistas aprovaram medidas ben\u00e9ficas aos evang\u00e9licos, como a Lei da Liberdade Religiosa e a institui\u00e7\u00e3o do Dia Nacional da Marcha para Jesus, por exemplo. E tamb\u00e9m ensina como lidar com perspectivas advers\u00e1rias sobre a religi\u00e3o:<\/p>\n<p>\u201cGrupos pol\u00edticos conservadores t\u00eam usado a ideia da persegui\u00e7\u00e3o \u00e0 f\u00e9 crist\u00e3 como isca aglutinadora dos evang\u00e9licos. Nesse sentido, \u00e9 essencial afirmar a liberdade religiosa e respeitar as opini\u00f5es, de modo a evitar aglutinar os conservadores junto aos fundamentalistas\u201d, orienta o texto.<\/p>\n<p>Ainda que passe por assuntos empregados e politizados pelo ex-presidente Jair Bolsonaro (PL), como a valoriza\u00e7\u00e3o da fam\u00edlia e da B\u00edblia, as instru\u00e7\u00f5es v\u00e3o por caminhos distintos, para se diferenciar da bordagem conservadora.<\/p>\n<p>\u201cMuitas das fam\u00edlias do Brasil s\u00e3o lideradas por mulheres negras e evang\u00e9licas de periferia, que colocam o bem-estar de seus filhos como um objetivo central de suas vidas\u201d, menciona o documento, dando \u00eanfase \u00e0 quest\u00e3o de ra\u00e7a, g\u00eanero e classe, que n\u00e3o costuma aparecer entre religiosos bolsonaristas. \u201cA fam\u00edlia \u00e9 um eixo central da narrativa b\u00edblica (G\u00eanesis 12.3; Deuteron\u00f4mio 6.4-9; Rute 1:16-17)\u201d.<\/p>\n<p>Outra diferencia\u00e7\u00e3o do documento em rela\u00e7\u00e3o \u00e0 interpreta\u00e7\u00e3o bolsonarista \u00e9 a defesa dos direitos humanos, com men\u00e7\u00e3o expl\u00edcita aos ensinamentos de Jesus Cristo como base para a Declara\u00e7\u00e3o Universal dos Direitos Humanos: \u201cO pr\u00f3prio Jesus d\u00e1 uma s\u00e9rie de exemplos de como tratar com humanidade e dignidade as pessoas que s\u00e3o diferentes dele, seja em quest\u00e3o de g\u00eanero, nacionalidade, cultura, condi\u00e7\u00e3o social ou forma\u00e7\u00e3o\u201d.<\/p>\n<p><em>Fonte: Jornal de Bras\u00edlia\u00a0<\/em><\/p>\n<\/div>\n<\/div>\n<\/div>\n<\/div>\n","protected":false},"excerpt":{"rendered":"<p>A Funda\u00e7\u00e3o Perseu Abramo, entidade vinculada ao PT, lan\u00e7ou na ter\u00e7a-feira, 13, uma cartilha para<\/p>\n","protected":false},"author":3,"featured_media":43432,"comment_status":"open","ping_status":"open","sticky":false,"template":"","format":"standard","meta":{"footnotes":""},"categories":[6],"tags":[16,91],"class_list":["post-43431","post","type-post","status-publish","format-standard","has-post-thumbnail","hentry","category-brasil","tag-evangelicos","tag-pt"],"yoast_head":"<!-- This site is optimized with the Yoast SEO plugin v27.5 - https:\/\/yoast.com\/product\/yoast-seo-wordpress\/ -->\n<title>Funda\u00e7\u00e3o ligada ao PT lan\u00e7a cartilha para orientar di\u00e1logo com evang\u00e9licos nas elei\u00e7\u00f5es - Jornal<\/title>\n<meta name=\"description\" content=\"Funda\u00e7\u00e3o ligada ao PT lan\u00e7a cartilha para orientar di\u00e1logo com evang\u00e9licos nas elei\u00e7\u00f5es\" \/>\n<meta name=\"robots\" content=\"index, follow, max-snippet:-1, max-image-preview:large, max-video-preview:-1\" \/>\n<link rel=\"canonical\" href=\"https:\/\/jornalboasnoticias.com.br\/home\/fundacao-ligada-ao-pt-lanca-cartilha-para-orientar-dialogo-com-evangelicos-nas-eleicoes\/\" \/>\n<meta property=\"og:locale\" content=\"pt_BR\" \/>\n<meta property=\"og:type\" content=\"article\" \/>\n<meta property=\"og:title\" content=\"Funda\u00e7\u00e3o ligada ao PT lan\u00e7a cartilha para orientar di\u00e1logo com evang\u00e9licos nas elei\u00e7\u00f5es - Jornal\" \/>\n<meta property=\"og:description\" content=\"Funda\u00e7\u00e3o ligada ao PT lan\u00e7a cartilha para orientar di\u00e1logo com evang\u00e9licos nas elei\u00e7\u00f5es\" \/>\n<meta property=\"og:url\" content=\"https:\/\/jornalboasnoticias.com.br\/home\/fundacao-ligada-ao-pt-lanca-cartilha-para-orientar-dialogo-com-evangelicos-nas-eleicoes\/\" \/>\n<meta property=\"og:site_name\" content=\"Jornal\" \/>\n<meta property=\"article:publisher\" content=\"https:\/\/www.facebook.com\/boasnoticiasjornal\" \/>\n<meta property=\"article:published_time\" content=\"2024-08-20T00:34:58+00:00\" \/>\n<meta property=\"og:image\" content=\"https:\/\/jornalboasnoticias.com.br\/home\/wp-content\/uploads\/2024\/08\/pt.jpg\" \/>\n\t<meta property=\"og:image:width\" content=\"660\" \/>\n\t<meta property=\"og:image:height\" content=\"372\" \/>\n\t<meta property=\"og:image:type\" content=\"image\/jpeg\" \/>\n<meta name=\"author\" content=\"Luiz Carlos da Cruz\" \/>\n<meta name=\"twitter:card\" content=\"summary_large_image\" \/>\n<meta name=\"twitter:label1\" content=\"Escrito por\" \/>\n\t<meta name=\"twitter:data1\" content=\"Luiz Carlos da Cruz\" \/>\n\t<meta name=\"twitter:label2\" content=\"Est. tempo de leitura\" \/>\n\t<meta name=\"twitter:data2\" content=\"3 minutos\" \/>\n<script type=\"application\/ld+json\" class=\"yoast-schema-graph\">{\"@context\":\"https:\\\/\\\/schema.org\",\"@graph\":[{\"@type\":\"Article\",\"@id\":\"https:\\\/\\\/jornalboasnoticias.com.br\\\/home\\\/fundacao-ligada-ao-pt-lanca-cartilha-para-orientar-dialogo-com-evangelicos-nas-eleicoes\\\/#article\",\"isPartOf\":{\"@id\":\"https:\\\/\\\/jornalboasnoticias.com.br\\\/home\\\/fundacao-ligada-ao-pt-lanca-cartilha-para-orientar-dialogo-com-evangelicos-nas-eleicoes\\\/\"},\"author\":{\"name\":\"Luiz Carlos da Cruz\",\"@id\":\"https:\\\/\\\/jornalboasnoticias.com.br\\\/home\\\/#\\\/schema\\\/person\\\/75f9ebde398c998c166475fb446bda62\"},\"headline\":\"Funda\u00e7\u00e3o ligada ao PT lan\u00e7a cartilha para orientar di\u00e1logo com evang\u00e9licos nas elei\u00e7\u00f5es\",\"datePublished\":\"2024-08-20T00:34:58+00:00\",\"mainEntityOfPage\":{\"@id\":\"https:\\\/\\\/jornalboasnoticias.com.br\\\/home\\\/fundacao-ligada-ao-pt-lanca-cartilha-para-orientar-dialogo-com-evangelicos-nas-eleicoes\\\/\"},\"wordCount\":489,\"commentCount\":0,\"publisher\":{\"@id\":\"https:\\\/\\\/jornalboasnoticias.com.br\\\/home\\\/#organization\"},\"image\":{\"@id\":\"https:\\\/\\\/jornalboasnoticias.com.br\\\/home\\\/fundacao-ligada-ao-pt-lanca-cartilha-para-orientar-dialogo-com-evangelicos-nas-eleicoes\\\/#primaryimage\"},\"thumbnailUrl\":\"https:\\\/\\\/jornalboasnoticias.com.br\\\/home\\\/wp-content\\\/uploads\\\/2024\\\/08\\\/pt.jpg\",\"keywords\":[\"evang\u00e9licos\",\"PT\"],\"articleSection\":[\"BRASIL\"],\"inLanguage\":\"pt-BR\",\"potentialAction\":[{\"@type\":\"CommentAction\",\"name\":\"Comment\",\"target\":[\"https:\\\/\\\/jornalboasnoticias.com.br\\\/home\\\/fundacao-ligada-ao-pt-lanca-cartilha-para-orientar-dialogo-com-evangelicos-nas-eleicoes\\\/#respond\"]}]},{\"@type\":\"WebPage\",\"@id\":\"https:\\\/\\\/jornalboasnoticias.com.br\\\/home\\\/fundacao-ligada-ao-pt-lanca-cartilha-para-orientar-dialogo-com-evangelicos-nas-eleicoes\\\/\",\"url\":\"https:\\\/\\\/jornalboasnoticias.com.br\\\/home\\\/fundacao-ligada-ao-pt-lanca-cartilha-para-orientar-dialogo-com-evangelicos-nas-eleicoes\\\/\",\"name\":\"Funda\u00e7\u00e3o ligada ao PT lan\u00e7a cartilha para orientar di\u00e1logo com evang\u00e9licos nas elei\u00e7\u00f5es - Jornal\",\"isPartOf\":{\"@id\":\"https:\\\/\\\/jornalboasnoticias.com.br\\\/home\\\/#website\"},\"primaryImageOfPage\":{\"@id\":\"https:\\\/\\\/jornalboasnoticias.com.br\\\/home\\\/fundacao-ligada-ao-pt-lanca-cartilha-para-orientar-dialogo-com-evangelicos-nas-eleicoes\\\/#primaryimage\"},\"image\":{\"@id\":\"https:\\\/\\\/jornalboasnoticias.com.br\\\/home\\\/fundacao-ligada-ao-pt-lanca-cartilha-para-orientar-dialogo-com-evangelicos-nas-eleicoes\\\/#primaryimage\"},\"thumbnailUrl\":\"https:\\\/\\\/jornalboasnoticias.com.br\\\/home\\\/wp-content\\\/uploads\\\/2024\\\/08\\\/pt.jpg\",\"datePublished\":\"2024-08-20T00:34:58+00:00\",\"description\":\"Funda\u00e7\u00e3o ligada ao PT lan\u00e7a cartilha para orientar di\u00e1logo com evang\u00e9licos nas elei\u00e7\u00f5es\",\"breadcrumb\":{\"@id\":\"https:\\\/\\\/jornalboasnoticias.com.br\\\/home\\\/fundacao-ligada-ao-pt-lanca-cartilha-para-orientar-dialogo-com-evangelicos-nas-eleicoes\\\/#breadcrumb\"},\"inLanguage\":\"pt-BR\",\"potentialAction\":[{\"@type\":\"ReadAction\",\"target\":[\"https:\\\/\\\/jornalboasnoticias.com.br\\\/home\\\/fundacao-ligada-ao-pt-lanca-cartilha-para-orientar-dialogo-com-evangelicos-nas-eleicoes\\\/\"]}]},{\"@type\":\"ImageObject\",\"inLanguage\":\"pt-BR\",\"@id\":\"https:\\\/\\\/jornalboasnoticias.com.br\\\/home\\\/fundacao-ligada-ao-pt-lanca-cartilha-para-orientar-dialogo-com-evangelicos-nas-eleicoes\\\/#primaryimage\",\"url\":\"https:\\\/\\\/jornalboasnoticias.com.br\\\/home\\\/wp-content\\\/uploads\\\/2024\\\/08\\\/pt.jpg\",\"contentUrl\":\"https:\\\/\\\/jornalboasnoticias.com.br\\\/home\\\/wp-content\\\/uploads\\\/2024\\\/08\\\/pt.jpg\",\"width\":660,\"height\":372},{\"@type\":\"BreadcrumbList\",\"@id\":\"https:\\\/\\\/jornalboasnoticias.com.br\\\/home\\\/fundacao-ligada-ao-pt-lanca-cartilha-para-orientar-dialogo-com-evangelicos-nas-eleicoes\\\/#breadcrumb\",\"itemListElement\":[{\"@type\":\"ListItem\",\"position\":1,\"name\":\"In\u00edcio\",\"item\":\"https:\\\/\\\/jornalboasnoticias.com.br\\\/home\\\/\"},{\"@type\":\"ListItem\",\"position\":2,\"name\":\"Funda\u00e7\u00e3o ligada ao PT lan\u00e7a cartilha para orientar di\u00e1logo com evang\u00e9licos nas elei\u00e7\u00f5es\"}]},{\"@type\":\"WebSite\",\"@id\":\"https:\\\/\\\/jornalboasnoticias.com.br\\\/home\\\/#website\",\"url\":\"https:\\\/\\\/jornalboasnoticias.com.br\\\/home\\\/\",\"name\":\"Jornal Boas Not\u00edcias\",\"description\":\"Boas not\u00edcias\",\"publisher\":{\"@id\":\"https:\\\/\\\/jornalboasnoticias.com.br\\\/home\\\/#organization\"},\"potentialAction\":[{\"@type\":\"SearchAction\",\"target\":{\"@type\":\"EntryPoint\",\"urlTemplate\":\"https:\\\/\\\/jornalboasnoticias.com.br\\\/home\\\/?s={search_term_string}\"},\"query-input\":{\"@type\":\"PropertyValueSpecification\",\"valueRequired\":true,\"valueName\":\"search_term_string\"}}],\"inLanguage\":\"pt-BR\"},{\"@type\":\"Organization\",\"@id\":\"https:\\\/\\\/jornalboasnoticias.com.br\\\/home\\\/#organization\",\"name\":\"Coq Editora Ltda\",\"alternateName\":\"Jornal Boas Noticias\",\"url\":\"https:\\\/\\\/jornalboasnoticias.com.br\\\/home\\\/\",\"logo\":{\"@type\":\"ImageObject\",\"inLanguage\":\"pt-BR\",\"@id\":\"https:\\\/\\\/jornalboasnoticias.com.br\\\/home\\\/#\\\/schema\\\/logo\\\/image\\\/\",\"url\":\"https:\\\/\\\/jornalboasnoticias.com.br\\\/home\\\/wp-content\\\/uploads\\\/2024\\\/07\\\/cropped-logo.jpg\",\"contentUrl\":\"https:\\\/\\\/jornalboasnoticias.com.br\\\/home\\\/wp-content\\\/uploads\\\/2024\\\/07\\\/cropped-logo.jpg\",\"width\":290,\"height\":142,\"caption\":\"Coq Editora Ltda\"},\"image\":{\"@id\":\"https:\\\/\\\/jornalboasnoticias.com.br\\\/home\\\/#\\\/schema\\\/logo\\\/image\\\/\"},\"sameAs\":[\"https:\\\/\\\/www.facebook.com\\\/boasnoticiasjornal\"]},{\"@type\":\"Person\",\"@id\":\"https:\\\/\\\/jornalboasnoticias.com.br\\\/home\\\/#\\\/schema\\\/person\\\/75f9ebde398c998c166475fb446bda62\",\"name\":\"Luiz Carlos da Cruz\",\"image\":{\"@type\":\"ImageObject\",\"inLanguage\":\"pt-BR\",\"@id\":\"https:\\\/\\\/secure.gravatar.com\\\/avatar\\\/e6f4f45301b6cb8572f7b076572e8ac11c1db80e805d8c8d0858cf286ce3ac3b?s=96&d=mm&r=g\",\"url\":\"https:\\\/\\\/secure.gravatar.com\\\/avatar\\\/e6f4f45301b6cb8572f7b076572e8ac11c1db80e805d8c8d0858cf286ce3ac3b?s=96&d=mm&r=g\",\"contentUrl\":\"https:\\\/\\\/secure.gravatar.com\\\/avatar\\\/e6f4f45301b6cb8572f7b076572e8ac11c1db80e805d8c8d0858cf286ce3ac3b?s=96&d=mm&r=g\",\"caption\":\"Luiz Carlos da Cruz\"},\"url\":\"https:\\\/\\\/jornalboasnoticias.com.br\\\/home\\\/author\\\/luiz-carlos-da-cruz\\\/\"}]}<\/script>\n<!-- \/ Yoast SEO plugin. -->","yoast_head_json":{"title":"Funda\u00e7\u00e3o ligada ao PT lan\u00e7a cartilha para orientar di\u00e1logo com evang\u00e9licos nas elei\u00e7\u00f5es - Jornal","description":"Funda\u00e7\u00e3o ligada ao PT lan\u00e7a cartilha para orientar di\u00e1logo com evang\u00e9licos nas elei\u00e7\u00f5es","robots":{"index":"index","follow":"follow","max-snippet":"max-snippet:-1","max-image-preview":"max-image-preview:large","max-video-preview":"max-video-preview:-1"},"canonical":"https:\/\/jornalboasnoticias.com.br\/home\/fundacao-ligada-ao-pt-lanca-cartilha-para-orientar-dialogo-com-evangelicos-nas-eleicoes\/","og_locale":"pt_BR","og_type":"article","og_title":"Funda\u00e7\u00e3o ligada ao PT lan\u00e7a cartilha para orientar di\u00e1logo com evang\u00e9licos nas elei\u00e7\u00f5es - Jornal","og_description":"Funda\u00e7\u00e3o ligada ao PT lan\u00e7a cartilha para orientar di\u00e1logo com evang\u00e9licos nas elei\u00e7\u00f5es","og_url":"https:\/\/jornalboasnoticias.com.br\/home\/fundacao-ligada-ao-pt-lanca-cartilha-para-orientar-dialogo-com-evangelicos-nas-eleicoes\/","og_site_name":"Jornal","article_publisher":"https:\/\/www.facebook.com\/boasnoticiasjornal","article_published_time":"2024-08-20T00:34:58+00:00","og_image":[{"width":660,"height":372,"url":"https:\/\/jornalboasnoticias.com.br\/home\/wp-content\/uploads\/2024\/08\/pt.jpg","type":"image\/jpeg"}],"author":"Luiz Carlos da Cruz","twitter_card":"summary_large_image","twitter_misc":{"Escrito por":"Luiz Carlos da Cruz","Est. tempo de leitura":"3 minutos"},"schema":{"@context":"https:\/\/schema.org","@graph":[{"@type":"Article","@id":"https:\/\/jornalboasnoticias.com.br\/home\/fundacao-ligada-ao-pt-lanca-cartilha-para-orientar-dialogo-com-evangelicos-nas-eleicoes\/#article","isPartOf":{"@id":"https:\/\/jornalboasnoticias.com.br\/home\/fundacao-ligada-ao-pt-lanca-cartilha-para-orientar-dialogo-com-evangelicos-nas-eleicoes\/"},"author":{"name":"Luiz Carlos da Cruz","@id":"https:\/\/jornalboasnoticias.com.br\/home\/#\/schema\/person\/75f9ebde398c998c166475fb446bda62"},"headline":"Funda\u00e7\u00e3o ligada ao PT lan\u00e7a cartilha para orientar di\u00e1logo com evang\u00e9licos nas elei\u00e7\u00f5es","datePublished":"2024-08-20T00:34:58+00:00","mainEntityOfPage":{"@id":"https:\/\/jornalboasnoticias.com.br\/home\/fundacao-ligada-ao-pt-lanca-cartilha-para-orientar-dialogo-com-evangelicos-nas-eleicoes\/"},"wordCount":489,"commentCount":0,"publisher":{"@id":"https:\/\/jornalboasnoticias.com.br\/home\/#organization"},"image":{"@id":"https:\/\/jornalboasnoticias.com.br\/home\/fundacao-ligada-ao-pt-lanca-cartilha-para-orientar-dialogo-com-evangelicos-nas-eleicoes\/#primaryimage"},"thumbnailUrl":"https:\/\/jornalboasnoticias.com.br\/home\/wp-content\/uploads\/2024\/08\/pt.jpg","keywords":["evang\u00e9licos","PT"],"articleSection":["BRASIL"],"inLanguage":"pt-BR","potentialAction":[{"@type":"CommentAction","name":"Comment","target":["https:\/\/jornalboasnoticias.com.br\/home\/fundacao-ligada-ao-pt-lanca-cartilha-para-orientar-dialogo-com-evangelicos-nas-eleicoes\/#respond"]}]},{"@type":"WebPage","@id":"https:\/\/jornalboasnoticias.com.br\/home\/fundacao-ligada-ao-pt-lanca-cartilha-para-orientar-dialogo-com-evangelicos-nas-eleicoes\/","url":"https:\/\/jornalboasnoticias.com.br\/home\/fundacao-ligada-ao-pt-lanca-cartilha-para-orientar-dialogo-com-evangelicos-nas-eleicoes\/","name":"Funda\u00e7\u00e3o ligada ao PT lan\u00e7a cartilha para orientar di\u00e1logo com evang\u00e9licos nas elei\u00e7\u00f5es - Jornal","isPartOf":{"@id":"https:\/\/jornalboasnoticias.com.br\/home\/#website"},"primaryImageOfPage":{"@id":"https:\/\/jornalboasnoticias.com.br\/home\/fundacao-ligada-ao-pt-lanca-cartilha-para-orientar-dialogo-com-evangelicos-nas-eleicoes\/#primaryimage"},"image":{"@id":"https:\/\/jornalboasnoticias.com.br\/home\/fundacao-ligada-ao-pt-lanca-cartilha-para-orientar-dialogo-com-evangelicos-nas-eleicoes\/#primaryimage"},"thumbnailUrl":"https:\/\/jornalboasnoticias.com.br\/home\/wp-content\/uploads\/2024\/08\/pt.jpg","datePublished":"2024-08-20T00:34:58+00:00","description":"Funda\u00e7\u00e3o ligada ao PT lan\u00e7a cartilha para orientar di\u00e1logo com evang\u00e9licos nas elei\u00e7\u00f5es","breadcrumb":{"@id":"https:\/\/jornalboasnoticias.com.br\/home\/fundacao-ligada-ao-pt-lanca-cartilha-para-orientar-dialogo-com-evangelicos-nas-eleicoes\/#breadcrumb"},"inLanguage":"pt-BR","potentialAction":[{"@type":"ReadAction","target":["https:\/\/jornalboasnoticias.com.br\/home\/fundacao-ligada-ao-pt-lanca-cartilha-para-orientar-dialogo-com-evangelicos-nas-eleicoes\/"]}]},{"@type":"ImageObject","inLanguage":"pt-BR","@id":"https:\/\/jornalboasnoticias.com.br\/home\/fundacao-ligada-ao-pt-lanca-cartilha-para-orientar-dialogo-com-evangelicos-nas-eleicoes\/#primaryimage","url":"https:\/\/jornalboasnoticias.com.br\/home\/wp-content\/uploads\/2024\/08\/pt.jpg","contentUrl":"https:\/\/jornalboasnoticias.com.br\/home\/wp-content\/uploads\/2024\/08\/pt.jpg","width":660,"height":372},{"@type":"BreadcrumbList","@id":"https:\/\/jornalboasnoticias.com.br\/home\/fundacao-ligada-ao-pt-lanca-cartilha-para-orientar-dialogo-com-evangelicos-nas-eleicoes\/#breadcrumb","itemListElement":[{"@type":"ListItem","position":1,"name":"In\u00edcio","item":"https:\/\/jornalboasnoticias.com.br\/home\/"},{"@type":"ListItem","position":2,"name":"Funda\u00e7\u00e3o ligada ao PT lan\u00e7a cartilha para orientar di\u00e1logo com evang\u00e9licos nas elei\u00e7\u00f5es"}]},{"@type":"WebSite","@id":"https:\/\/jornalboasnoticias.com.br\/home\/#website","url":"https:\/\/jornalboasnoticias.com.br\/home\/","name":"Jornal Boas Not\u00edcias","description":"Boas not\u00edcias","publisher":{"@id":"https:\/\/jornalboasnoticias.com.br\/home\/#organization"},"potentialAction":[{"@type":"SearchAction","target":{"@type":"EntryPoint","urlTemplate":"https:\/\/jornalboasnoticias.com.br\/home\/?s={search_term_string}"},"query-input":{"@type":"PropertyValueSpecification","valueRequired":true,"valueName":"search_term_string"}}],"inLanguage":"pt-BR"},{"@type":"Organization","@id":"https:\/\/jornalboasnoticias.com.br\/home\/#organization","name":"Coq Editora Ltda","alternateName":"Jornal Boas Noticias","url":"https:\/\/jornalboasnoticias.com.br\/home\/","logo":{"@type":"ImageObject","inLanguage":"pt-BR","@id":"https:\/\/jornalboasnoticias.com.br\/home\/#\/schema\/logo\/image\/","url":"https:\/\/jornalboasnoticias.com.br\/home\/wp-content\/uploads\/2024\/07\/cropped-logo.jpg","contentUrl":"https:\/\/jornalboasnoticias.com.br\/home\/wp-content\/uploads\/2024\/07\/cropped-logo.jpg","width":290,"height":142,"caption":"Coq Editora Ltda"},"image":{"@id":"https:\/\/jornalboasnoticias.com.br\/home\/#\/schema\/logo\/image\/"},"sameAs":["https:\/\/www.facebook.com\/boasnoticiasjornal"]},{"@type":"Person","@id":"https:\/\/jornalboasnoticias.com.br\/home\/#\/schema\/person\/75f9ebde398c998c166475fb446bda62","name":"Luiz Carlos da Cruz","image":{"@type":"ImageObject","inLanguage":"pt-BR","@id":"https:\/\/secure.gravatar.com\/avatar\/e6f4f45301b6cb8572f7b076572e8ac11c1db80e805d8c8d0858cf286ce3ac3b?s=96&d=mm&r=g","url":"https:\/\/secure.gravatar.com\/avatar\/e6f4f45301b6cb8572f7b076572e8ac11c1db80e805d8c8d0858cf286ce3ac3b?s=96&d=mm&r=g","contentUrl":"https:\/\/secure.gravatar.com\/avatar\/e6f4f45301b6cb8572f7b076572e8ac11c1db80e805d8c8d0858cf286ce3ac3b?s=96&d=mm&r=g","caption":"Luiz Carlos da Cruz"},"url":"https:\/\/jornalboasnoticias.com.br\/home\/author\/luiz-carlos-da-cruz\/"}]}},"_links":{"self":[{"href":"https:\/\/jornalboasnoticias.com.br\/home\/wp-json\/wp\/v2\/posts\/43431","targetHints":{"allow":["GET"]}}],"collection":[{"href":"https:\/\/jornalboasnoticias.com.br\/home\/wp-json\/wp\/v2\/posts"}],"about":[{"href":"https:\/\/jornalboasnoticias.com.br\/home\/wp-json\/wp\/v2\/types\/post"}],"author":[{"embeddable":true,"href":"https:\/\/jornalboasnoticias.com.br\/home\/wp-json\/wp\/v2\/users\/3"}],"replies":[{"embeddable":true,"href":"https:\/\/jornalboasnoticias.com.br\/home\/wp-json\/wp\/v2\/comments?post=43431"}],"version-history":[{"count":1,"href":"https:\/\/jornalboasnoticias.com.br\/home\/wp-json\/wp\/v2\/posts\/43431\/revisions"}],"predecessor-version":[{"id":43433,"href":"https:\/\/jornalboasnoticias.com.br\/home\/wp-json\/wp\/v2\/posts\/43431\/revisions\/43433"}],"wp:featuredmedia":[{"embeddable":true,"href":"https:\/\/jornalboasnoticias.com.br\/home\/wp-json\/wp\/v2\/media\/43432"}],"wp:attachment":[{"href":"https:\/\/jornalboasnoticias.com.br\/home\/wp-json\/wp\/v2\/media?parent=43431"}],"wp:term":[{"taxonomy":"category","embeddable":true,"href":"https:\/\/jornalboasnoticias.com.br\/home\/wp-json\/wp\/v2\/categories?post=43431"},{"taxonomy":"post_tag","embeddable":true,"href":"https:\/\/jornalboasnoticias.com.br\/home\/wp-json\/wp\/v2\/tags?post=43431"}],"curies":[{"name":"wp","href":"https:\/\/api.w.org\/{rel}","templated":true}]}}