{"id":43424,"date":"2024-08-20T00:22:24","date_gmt":"2024-08-20T00:22:24","guid":{"rendered":"https:\/\/jornalboasnoticias.com.br\/home\/?p=43424"},"modified":"2024-08-20T00:22:24","modified_gmt":"2024-08-20T00:22:24","slug":"messi-esta-fora-da-lista-de-convocados-da-argentina-nas-eliminatorias","status":"publish","type":"post","link":"https:\/\/jornalboasnoticias.com.br\/home\/messi-esta-fora-da-lista-de-convocados-da-argentina-nas-eliminatorias\/","title":{"rendered":"Messi est\u00e1 fora da lista de convocados da Argentina nas Eliminat\u00f3rias"},"content":{"rendered":"<p class=\"col-10 offset-1 animated fadeInDown dealy-900 display-8 display-md-8 alt-font font-italic my-1 text-center\" style=\"text-align: center;\"><strong><em>Lesionado, atacante n\u00e3o disputar\u00e1 as partidas contra Chile e Col\u00f4mbia<\/em><\/strong><\/p>\n<figure id=\"attachment_43425\" aria-describedby=\"caption-attachment-43425\" style=\"width: 1600px\" class=\"wp-caption alignnone\"><img loading=\"lazy\" decoding=\"async\" class=\"wp-image-43425 size-full\" src=\"https:\/\/jornalboasnoticias.com.br\/home\/wp-content\/uploads\/2024\/08\/Messi.jpg\" alt=\"\" width=\"1600\" height=\"1067\" srcset=\"https:\/\/jornalboasnoticias.com.br\/home\/wp-content\/uploads\/2024\/08\/Messi.jpg 1600w, https:\/\/jornalboasnoticias.com.br\/home\/wp-content\/uploads\/2024\/08\/Messi-300x200.jpg 300w, https:\/\/jornalboasnoticias.com.br\/home\/wp-content\/uploads\/2024\/08\/Messi-1024x683.jpg 1024w, https:\/\/jornalboasnoticias.com.br\/home\/wp-content\/uploads\/2024\/08\/Messi-768x512.jpg 768w, https:\/\/jornalboasnoticias.com.br\/home\/wp-content\/uploads\/2024\/08\/Messi-1536x1024.jpg 1536w, https:\/\/jornalboasnoticias.com.br\/home\/wp-content\/uploads\/2024\/08\/Messi-900x600.jpg 900w\" sizes=\"auto, (max-width: 1600px) 100vw, 1600px\" \/><figcaption id=\"caption-attachment-43425\" class=\"wp-caption-text\">\u00a0Foto: Vinnicius Silva\/Cruzeiro\u00a0<\/figcaption><\/figure>\n<p>O capit\u00e3o da sele\u00e7\u00e3o da Argentina Lionel Messi ficou fora da lista de convocados anunciada nesta segunda-feira (19)\u00a0 pela confedera\u00e7\u00e3o argentina, para as partidas das eliminat\u00f3rias da Copa do Mundo contra o Chile e a Col\u00f4mbia.\u00a0<img decoding=\"async\" src=\"https:\/\/agenciabrasil.ebc.com.br\/ebc.png?id=1608480&amp;o=node\" \/><img decoding=\"async\" src=\"https:\/\/agenciabrasil.ebc.com.br\/ebc.gif?id=1608480&amp;o=node\" \/><\/p>\n<p>Messi, 37 anos, n\u00e3o foi inclu\u00eddo na lista de 28 jogadores depois de uma contus\u00e3o no tornozelo, sofrida na final da Copa Am\u00e9rica nos Estados Unidos. O jogador do Inter Miami est\u00e1 em recupera\u00e7\u00e3o.<\/p>\n<p>O goleiro do River Plate Franco Armani tamb\u00e9m ficou fora, assim como o meia Angel Di Maria, que anunciou sua aposentadoria da sele\u00e7\u00e3o depois da Copa Am\u00e9rica.<\/p>\n<p>O t\u00e9cnico Lionel Scaloni convocou pela primeira vez o meio-campista Ezequiel Fernandez e o atacante Valentin Castellanos. Ele tamb\u00e9m chamou jogadores jovens, com poucas atua\u00e7\u00f5es na sele\u00e7\u00e3o, como Alejandro Garnacho, Valentin Carboni, Valentin Barco e Matias Soule.<\/p>\n<p>A Argentina enfrenta o Chile no Monumental em Buenos Aires no dia 5 de setembro. Cinco dias depois joga contra a Col\u00f4mbia em Barranquilla.<\/p>\n","protected":false},"excerpt":{"rendered":"<p>Lesionado, atacante n\u00e3o disputar\u00e1 as partidas contra Chile e Col\u00f4mbia O capit\u00e3o da sele\u00e7\u00e3o da<\/p>\n","protected":false},"author":3,"featured_media":43425,"comment_status":"open","ping_status":"open","sticky":false,"template":"","format":"standard","meta":{"footnotes":""},"categories":[3,31],"tags":[89,88],"class_list":["post-43424","post","type-post","status-publish","format-standard","has-post-thumbnail","hentry","category-destaques","category-esporte","tag-argentina","tag-messi"],"yoast_head":"<!-- This site is optimized with the Yoast SEO plugin v27.5 - https:\/\/yoast.com\/product\/yoast-seo-wordpress\/ -->\n<title>Messi est\u00e1 fora da lista de convocados da Argentina nas Eliminat\u00f3rias - Jornal<\/title>\n<meta name=\"description\" content=\"Messi est\u00e1 fora da lista de convocados da Argentina nas Eliminat\u00f3rias\" \/>\n<meta name=\"robots\" content=\"index, follow, max-snippet:-1, max-image-preview:large, max-video-preview:-1\" \/>\n<link rel=\"canonical\" href=\"https:\/\/jornalboasnoticias.com.br\/home\/messi-esta-fora-da-lista-de-convocados-da-argentina-nas-eliminatorias\/\" \/>\n<meta property=\"og:locale\" content=\"pt_BR\" \/>\n<meta property=\"og:type\" content=\"article\" \/>\n<meta property=\"og:title\" content=\"Messi est\u00e1 fora da lista de convocados da Argentina nas Eliminat\u00f3rias - Jornal\" \/>\n<meta property=\"og:description\" content=\"Messi est\u00e1 fora da lista de convocados da Argentina nas Eliminat\u00f3rias\" \/>\n<meta property=\"og:url\" content=\"https:\/\/jornalboasnoticias.com.br\/home\/messi-esta-fora-da-lista-de-convocados-da-argentina-nas-eliminatorias\/\" \/>\n<meta property=\"og:site_name\" content=\"Jornal\" \/>\n<meta property=\"article:publisher\" content=\"https:\/\/www.facebook.com\/boasnoticiasjornal\" \/>\n<meta property=\"article:published_time\" content=\"2024-08-20T00:22:24+00:00\" \/>\n<meta property=\"og:image\" content=\"https:\/\/jornalboasnoticias.com.br\/home\/wp-content\/uploads\/2024\/08\/Messi.jpg\" \/>\n\t<meta property=\"og:image:width\" content=\"1600\" \/>\n\t<meta property=\"og:image:height\" content=\"1067\" \/>\n\t<meta property=\"og:image:type\" content=\"image\/jpeg\" \/>\n<meta name=\"author\" content=\"Luiz Carlos da Cruz\" \/>\n<meta name=\"twitter:card\" content=\"summary_large_image\" \/>\n<meta name=\"twitter:label1\" content=\"Escrito por\" \/>\n\t<meta name=\"twitter:data1\" content=\"Luiz Carlos da Cruz\" \/>\n\t<meta name=\"twitter:label2\" content=\"Est. tempo de leitura\" \/>\n\t<meta name=\"twitter:data2\" content=\"2 minutos\" \/>\n<script type=\"application\/ld+json\" class=\"yoast-schema-graph\">{\"@context\":\"https:\\\/\\\/schema.org\",\"@graph\":[{\"@type\":\"Article\",\"@id\":\"https:\\\/\\\/jornalboasnoticias.com.br\\\/home\\\/messi-esta-fora-da-lista-de-convocados-da-argentina-nas-eliminatorias\\\/#article\",\"isPartOf\":{\"@id\":\"https:\\\/\\\/jornalboasnoticias.com.br\\\/home\\\/messi-esta-fora-da-lista-de-convocados-da-argentina-nas-eliminatorias\\\/\"},\"author\":{\"name\":\"Luiz Carlos da Cruz\",\"@id\":\"https:\\\/\\\/jornalboasnoticias.com.br\\\/home\\\/#\\\/schema\\\/person\\\/75f9ebde398c998c166475fb446bda62\"},\"headline\":\"Messi est\u00e1 fora da lista de convocados da Argentina nas Eliminat\u00f3rias\",\"datePublished\":\"2024-08-20T00:22:24+00:00\",\"mainEntityOfPage\":{\"@id\":\"https:\\\/\\\/jornalboasnoticias.com.br\\\/home\\\/messi-esta-fora-da-lista-de-convocados-da-argentina-nas-eliminatorias\\\/\"},\"wordCount\":207,\"commentCount\":0,\"publisher\":{\"@id\":\"https:\\\/\\\/jornalboasnoticias.com.br\\\/home\\\/#organization\"},\"image\":{\"@id\":\"https:\\\/\\\/jornalboasnoticias.com.br\\\/home\\\/messi-esta-fora-da-lista-de-convocados-da-argentina-nas-eliminatorias\\\/#primaryimage\"},\"thumbnailUrl\":\"https:\\\/\\\/jornalboasnoticias.com.br\\\/home\\\/wp-content\\\/uploads\\\/2024\\\/08\\\/Messi.jpg\",\"keywords\":[\"Argentina\",\"Messi\"],\"articleSection\":[\"DESTAQUE\",\"ESPORTE\"],\"inLanguage\":\"pt-BR\",\"potentialAction\":[{\"@type\":\"CommentAction\",\"name\":\"Comment\",\"target\":[\"https:\\\/\\\/jornalboasnoticias.com.br\\\/home\\\/messi-esta-fora-da-lista-de-convocados-da-argentina-nas-eliminatorias\\\/#respond\"]}]},{\"@type\":\"WebPage\",\"@id\":\"https:\\\/\\\/jornalboasnoticias.com.br\\\/home\\\/messi-esta-fora-da-lista-de-convocados-da-argentina-nas-eliminatorias\\\/\",\"url\":\"https:\\\/\\\/jornalboasnoticias.com.br\\\/home\\\/messi-esta-fora-da-lista-de-convocados-da-argentina-nas-eliminatorias\\\/\",\"name\":\"Messi est\u00e1 fora da lista de convocados da Argentina nas Eliminat\u00f3rias - Jornal\",\"isPartOf\":{\"@id\":\"https:\\\/\\\/jornalboasnoticias.com.br\\\/home\\\/#website\"},\"primaryImageOfPage\":{\"@id\":\"https:\\\/\\\/jornalboasnoticias.com.br\\\/home\\\/messi-esta-fora-da-lista-de-convocados-da-argentina-nas-eliminatorias\\\/#primaryimage\"},\"image\":{\"@id\":\"https:\\\/\\\/jornalboasnoticias.com.br\\\/home\\\/messi-esta-fora-da-lista-de-convocados-da-argentina-nas-eliminatorias\\\/#primaryimage\"},\"thumbnailUrl\":\"https:\\\/\\\/jornalboasnoticias.com.br\\\/home\\\/wp-content\\\/uploads\\\/2024\\\/08\\\/Messi.jpg\",\"datePublished\":\"2024-08-20T00:22:24+00:00\",\"description\":\"Messi est\u00e1 fora da lista de convocados da Argentina nas Eliminat\u00f3rias\",\"breadcrumb\":{\"@id\":\"https:\\\/\\\/jornalboasnoticias.com.br\\\/home\\\/messi-esta-fora-da-lista-de-convocados-da-argentina-nas-eliminatorias\\\/#breadcrumb\"},\"inLanguage\":\"pt-BR\",\"potentialAction\":[{\"@type\":\"ReadAction\",\"target\":[\"https:\\\/\\\/jornalboasnoticias.com.br\\\/home\\\/messi-esta-fora-da-lista-de-convocados-da-argentina-nas-eliminatorias\\\/\"]}]},{\"@type\":\"ImageObject\",\"inLanguage\":\"pt-BR\",\"@id\":\"https:\\\/\\\/jornalboasnoticias.com.br\\\/home\\\/messi-esta-fora-da-lista-de-convocados-da-argentina-nas-eliminatorias\\\/#primaryimage\",\"url\":\"https:\\\/\\\/jornalboasnoticias.com.br\\\/home\\\/wp-content\\\/uploads\\\/2024\\\/08\\\/Messi.jpg\",\"contentUrl\":\"https:\\\/\\\/jornalboasnoticias.com.br\\\/home\\\/wp-content\\\/uploads\\\/2024\\\/08\\\/Messi.jpg\",\"width\":1600,\"height\":1067,\"caption\":\"BELO HORIZONTE\\\/MG - 01.07.2019: Treinamento da sele\u00e7\u00e3o Argentina na Toca da Raposa II, em Belo Horizonte. Foto: Vinnicius Silva\\\/Cruzeiro IMPORTANTE: Imagem destinada a uso institucional e divulga\u00e7\u00e3o, seu uso comercial est\u00e1 vetado incondicionalmente por seu autor e o Cruzeiro Esporte Clube. IMPORTANT: image intended for institutional use and distribution. Commercial use is prohibited unconditionally by its author and Cruzeiro Esporte Clube.\"},{\"@type\":\"BreadcrumbList\",\"@id\":\"https:\\\/\\\/jornalboasnoticias.com.br\\\/home\\\/messi-esta-fora-da-lista-de-convocados-da-argentina-nas-eliminatorias\\\/#breadcrumb\",\"itemListElement\":[{\"@type\":\"ListItem\",\"position\":1,\"name\":\"In\u00edcio\",\"item\":\"https:\\\/\\\/jornalboasnoticias.com.br\\\/home\\\/\"},{\"@type\":\"ListItem\",\"position\":2,\"name\":\"Messi est\u00e1 fora da lista de convocados da Argentina nas Eliminat\u00f3rias\"}]},{\"@type\":\"WebSite\",\"@id\":\"https:\\\/\\\/jornalboasnoticias.com.br\\\/home\\\/#website\",\"url\":\"https:\\\/\\\/jornalboasnoticias.com.br\\\/home\\\/\",\"name\":\"Jornal Boas Not\u00edcias\",\"description\":\"Boas not\u00edcias\",\"publisher\":{\"@id\":\"https:\\\/\\\/jornalboasnoticias.com.br\\\/home\\\/#organization\"},\"potentialAction\":[{\"@type\":\"SearchAction\",\"target\":{\"@type\":\"EntryPoint\",\"urlTemplate\":\"https:\\\/\\\/jornalboasnoticias.com.br\\\/home\\\/?s={search_term_string}\"},\"query-input\":{\"@type\":\"PropertyValueSpecification\",\"valueRequired\":true,\"valueName\":\"search_term_string\"}}],\"inLanguage\":\"pt-BR\"},{\"@type\":\"Organization\",\"@id\":\"https:\\\/\\\/jornalboasnoticias.com.br\\\/home\\\/#organization\",\"name\":\"Coq Editora Ltda\",\"alternateName\":\"Jornal Boas Noticias\",\"url\":\"https:\\\/\\\/jornalboasnoticias.com.br\\\/home\\\/\",\"logo\":{\"@type\":\"ImageObject\",\"inLanguage\":\"pt-BR\",\"@id\":\"https:\\\/\\\/jornalboasnoticias.com.br\\\/home\\\/#\\\/schema\\\/logo\\\/image\\\/\",\"url\":\"https:\\\/\\\/jornalboasnoticias.com.br\\\/home\\\/wp-content\\\/uploads\\\/2024\\\/07\\\/cropped-logo.jpg\",\"contentUrl\":\"https:\\\/\\\/jornalboasnoticias.com.br\\\/home\\\/wp-content\\\/uploads\\\/2024\\\/07\\\/cropped-logo.jpg\",\"width\":290,\"height\":142,\"caption\":\"Coq Editora Ltda\"},\"image\":{\"@id\":\"https:\\\/\\\/jornalboasnoticias.com.br\\\/home\\\/#\\\/schema\\\/logo\\\/image\\\/\"},\"sameAs\":[\"https:\\\/\\\/www.facebook.com\\\/boasnoticiasjornal\"]},{\"@type\":\"Person\",\"@id\":\"https:\\\/\\\/jornalboasnoticias.com.br\\\/home\\\/#\\\/schema\\\/person\\\/75f9ebde398c998c166475fb446bda62\",\"name\":\"Luiz Carlos da Cruz\",\"image\":{\"@type\":\"ImageObject\",\"inLanguage\":\"pt-BR\",\"@id\":\"https:\\\/\\\/secure.gravatar.com\\\/avatar\\\/e6f4f45301b6cb8572f7b076572e8ac11c1db80e805d8c8d0858cf286ce3ac3b?s=96&d=mm&r=g\",\"url\":\"https:\\\/\\\/secure.gravatar.com\\\/avatar\\\/e6f4f45301b6cb8572f7b076572e8ac11c1db80e805d8c8d0858cf286ce3ac3b?s=96&d=mm&r=g\",\"contentUrl\":\"https:\\\/\\\/secure.gravatar.com\\\/avatar\\\/e6f4f45301b6cb8572f7b076572e8ac11c1db80e805d8c8d0858cf286ce3ac3b?s=96&d=mm&r=g\",\"caption\":\"Luiz Carlos da Cruz\"},\"url\":\"https:\\\/\\\/jornalboasnoticias.com.br\\\/home\\\/author\\\/luiz-carlos-da-cruz\\\/\"}]}<\/script>\n<!-- \/ Yoast SEO plugin. -->","yoast_head_json":{"title":"Messi est\u00e1 fora da lista de convocados da Argentina nas Eliminat\u00f3rias - Jornal","description":"Messi est\u00e1 fora da lista de convocados da Argentina nas Eliminat\u00f3rias","robots":{"index":"index","follow":"follow","max-snippet":"max-snippet:-1","max-image-preview":"max-image-preview:large","max-video-preview":"max-video-preview:-1"},"canonical":"https:\/\/jornalboasnoticias.com.br\/home\/messi-esta-fora-da-lista-de-convocados-da-argentina-nas-eliminatorias\/","og_locale":"pt_BR","og_type":"article","og_title":"Messi est\u00e1 fora da lista de convocados da Argentina nas Eliminat\u00f3rias - Jornal","og_description":"Messi est\u00e1 fora da lista de convocados da Argentina nas Eliminat\u00f3rias","og_url":"https:\/\/jornalboasnoticias.com.br\/home\/messi-esta-fora-da-lista-de-convocados-da-argentina-nas-eliminatorias\/","og_site_name":"Jornal","article_publisher":"https:\/\/www.facebook.com\/boasnoticiasjornal","article_published_time":"2024-08-20T00:22:24+00:00","og_image":[{"width":1600,"height":1067,"url":"https:\/\/jornalboasnoticias.com.br\/home\/wp-content\/uploads\/2024\/08\/Messi.jpg","type":"image\/jpeg"}],"author":"Luiz Carlos da Cruz","twitter_card":"summary_large_image","twitter_misc":{"Escrito por":"Luiz Carlos da Cruz","Est. tempo de leitura":"2 minutos"},"schema":{"@context":"https:\/\/schema.org","@graph":[{"@type":"Article","@id":"https:\/\/jornalboasnoticias.com.br\/home\/messi-esta-fora-da-lista-de-convocados-da-argentina-nas-eliminatorias\/#article","isPartOf":{"@id":"https:\/\/jornalboasnoticias.com.br\/home\/messi-esta-fora-da-lista-de-convocados-da-argentina-nas-eliminatorias\/"},"author":{"name":"Luiz Carlos da Cruz","@id":"https:\/\/jornalboasnoticias.com.br\/home\/#\/schema\/person\/75f9ebde398c998c166475fb446bda62"},"headline":"Messi est\u00e1 fora da lista de convocados da Argentina nas Eliminat\u00f3rias","datePublished":"2024-08-20T00:22:24+00:00","mainEntityOfPage":{"@id":"https:\/\/jornalboasnoticias.com.br\/home\/messi-esta-fora-da-lista-de-convocados-da-argentina-nas-eliminatorias\/"},"wordCount":207,"commentCount":0,"publisher":{"@id":"https:\/\/jornalboasnoticias.com.br\/home\/#organization"},"image":{"@id":"https:\/\/jornalboasnoticias.com.br\/home\/messi-esta-fora-da-lista-de-convocados-da-argentina-nas-eliminatorias\/#primaryimage"},"thumbnailUrl":"https:\/\/jornalboasnoticias.com.br\/home\/wp-content\/uploads\/2024\/08\/Messi.jpg","keywords":["Argentina","Messi"],"articleSection":["DESTAQUE","ESPORTE"],"inLanguage":"pt-BR","potentialAction":[{"@type":"CommentAction","name":"Comment","target":["https:\/\/jornalboasnoticias.com.br\/home\/messi-esta-fora-da-lista-de-convocados-da-argentina-nas-eliminatorias\/#respond"]}]},{"@type":"WebPage","@id":"https:\/\/jornalboasnoticias.com.br\/home\/messi-esta-fora-da-lista-de-convocados-da-argentina-nas-eliminatorias\/","url":"https:\/\/jornalboasnoticias.com.br\/home\/messi-esta-fora-da-lista-de-convocados-da-argentina-nas-eliminatorias\/","name":"Messi est\u00e1 fora da lista de convocados da Argentina nas Eliminat\u00f3rias - Jornal","isPartOf":{"@id":"https:\/\/jornalboasnoticias.com.br\/home\/#website"},"primaryImageOfPage":{"@id":"https:\/\/jornalboasnoticias.com.br\/home\/messi-esta-fora-da-lista-de-convocados-da-argentina-nas-eliminatorias\/#primaryimage"},"image":{"@id":"https:\/\/jornalboasnoticias.com.br\/home\/messi-esta-fora-da-lista-de-convocados-da-argentina-nas-eliminatorias\/#primaryimage"},"thumbnailUrl":"https:\/\/jornalboasnoticias.com.br\/home\/wp-content\/uploads\/2024\/08\/Messi.jpg","datePublished":"2024-08-20T00:22:24+00:00","description":"Messi est\u00e1 fora da lista de convocados da Argentina nas Eliminat\u00f3rias","breadcrumb":{"@id":"https:\/\/jornalboasnoticias.com.br\/home\/messi-esta-fora-da-lista-de-convocados-da-argentina-nas-eliminatorias\/#breadcrumb"},"inLanguage":"pt-BR","potentialAction":[{"@type":"ReadAction","target":["https:\/\/jornalboasnoticias.com.br\/home\/messi-esta-fora-da-lista-de-convocados-da-argentina-nas-eliminatorias\/"]}]},{"@type":"ImageObject","inLanguage":"pt-BR","@id":"https:\/\/jornalboasnoticias.com.br\/home\/messi-esta-fora-da-lista-de-convocados-da-argentina-nas-eliminatorias\/#primaryimage","url":"https:\/\/jornalboasnoticias.com.br\/home\/wp-content\/uploads\/2024\/08\/Messi.jpg","contentUrl":"https:\/\/jornalboasnoticias.com.br\/home\/wp-content\/uploads\/2024\/08\/Messi.jpg","width":1600,"height":1067,"caption":"BELO HORIZONTE\/MG - 01.07.2019: Treinamento da sele\u00e7\u00e3o Argentina na Toca da Raposa II, em Belo Horizonte. Foto: Vinnicius Silva\/Cruzeiro IMPORTANTE: Imagem destinada a uso institucional e divulga\u00e7\u00e3o, seu uso comercial est\u00e1 vetado incondicionalmente por seu autor e o Cruzeiro Esporte Clube. IMPORTANT: image intended for institutional use and distribution. Commercial use is prohibited unconditionally by its author and Cruzeiro Esporte Clube."},{"@type":"BreadcrumbList","@id":"https:\/\/jornalboasnoticias.com.br\/home\/messi-esta-fora-da-lista-de-convocados-da-argentina-nas-eliminatorias\/#breadcrumb","itemListElement":[{"@type":"ListItem","position":1,"name":"In\u00edcio","item":"https:\/\/jornalboasnoticias.com.br\/home\/"},{"@type":"ListItem","position":2,"name":"Messi est\u00e1 fora da lista de convocados da Argentina nas Eliminat\u00f3rias"}]},{"@type":"WebSite","@id":"https:\/\/jornalboasnoticias.com.br\/home\/#website","url":"https:\/\/jornalboasnoticias.com.br\/home\/","name":"Jornal Boas Not\u00edcias","description":"Boas not\u00edcias","publisher":{"@id":"https:\/\/jornalboasnoticias.com.br\/home\/#organization"},"potentialAction":[{"@type":"SearchAction","target":{"@type":"EntryPoint","urlTemplate":"https:\/\/jornalboasnoticias.com.br\/home\/?s={search_term_string}"},"query-input":{"@type":"PropertyValueSpecification","valueRequired":true,"valueName":"search_term_string"}}],"inLanguage":"pt-BR"},{"@type":"Organization","@id":"https:\/\/jornalboasnoticias.com.br\/home\/#organization","name":"Coq Editora Ltda","alternateName":"Jornal Boas Noticias","url":"https:\/\/jornalboasnoticias.com.br\/home\/","logo":{"@type":"ImageObject","inLanguage":"pt-BR","@id":"https:\/\/jornalboasnoticias.com.br\/home\/#\/schema\/logo\/image\/","url":"https:\/\/jornalboasnoticias.com.br\/home\/wp-content\/uploads\/2024\/07\/cropped-logo.jpg","contentUrl":"https:\/\/jornalboasnoticias.com.br\/home\/wp-content\/uploads\/2024\/07\/cropped-logo.jpg","width":290,"height":142,"caption":"Coq Editora Ltda"},"image":{"@id":"https:\/\/jornalboasnoticias.com.br\/home\/#\/schema\/logo\/image\/"},"sameAs":["https:\/\/www.facebook.com\/boasnoticiasjornal"]},{"@type":"Person","@id":"https:\/\/jornalboasnoticias.com.br\/home\/#\/schema\/person\/75f9ebde398c998c166475fb446bda62","name":"Luiz Carlos da Cruz","image":{"@type":"ImageObject","inLanguage":"pt-BR","@id":"https:\/\/secure.gravatar.com\/avatar\/e6f4f45301b6cb8572f7b076572e8ac11c1db80e805d8c8d0858cf286ce3ac3b?s=96&d=mm&r=g","url":"https:\/\/secure.gravatar.com\/avatar\/e6f4f45301b6cb8572f7b076572e8ac11c1db80e805d8c8d0858cf286ce3ac3b?s=96&d=mm&r=g","contentUrl":"https:\/\/secure.gravatar.com\/avatar\/e6f4f45301b6cb8572f7b076572e8ac11c1db80e805d8c8d0858cf286ce3ac3b?s=96&d=mm&r=g","caption":"Luiz Carlos da Cruz"},"url":"https:\/\/jornalboasnoticias.com.br\/home\/author\/luiz-carlos-da-cruz\/"}]}},"_links":{"self":[{"href":"https:\/\/jornalboasnoticias.com.br\/home\/wp-json\/wp\/v2\/posts\/43424","targetHints":{"allow":["GET"]}}],"collection":[{"href":"https:\/\/jornalboasnoticias.com.br\/home\/wp-json\/wp\/v2\/posts"}],"about":[{"href":"https:\/\/jornalboasnoticias.com.br\/home\/wp-json\/wp\/v2\/types\/post"}],"author":[{"embeddable":true,"href":"https:\/\/jornalboasnoticias.com.br\/home\/wp-json\/wp\/v2\/users\/3"}],"replies":[{"embeddable":true,"href":"https:\/\/jornalboasnoticias.com.br\/home\/wp-json\/wp\/v2\/comments?post=43424"}],"version-history":[{"count":1,"href":"https:\/\/jornalboasnoticias.com.br\/home\/wp-json\/wp\/v2\/posts\/43424\/revisions"}],"predecessor-version":[{"id":43426,"href":"https:\/\/jornalboasnoticias.com.br\/home\/wp-json\/wp\/v2\/posts\/43424\/revisions\/43426"}],"wp:featuredmedia":[{"embeddable":true,"href":"https:\/\/jornalboasnoticias.com.br\/home\/wp-json\/wp\/v2\/media\/43425"}],"wp:attachment":[{"href":"https:\/\/jornalboasnoticias.com.br\/home\/wp-json\/wp\/v2\/media?parent=43424"}],"wp:term":[{"taxonomy":"category","embeddable":true,"href":"https:\/\/jornalboasnoticias.com.br\/home\/wp-json\/wp\/v2\/categories?post=43424"},{"taxonomy":"post_tag","embeddable":true,"href":"https:\/\/jornalboasnoticias.com.br\/home\/wp-json\/wp\/v2\/tags?post=43424"}],"curies":[{"name":"wp","href":"https:\/\/api.w.org\/{rel}","templated":true}]}}