{"id":43398,"date":"2024-08-14T11:47:30","date_gmt":"2024-08-14T11:47:30","guid":{"rendered":"https:\/\/jornalboasnoticias.com.br\/home\/?p=43398"},"modified":"2024-08-14T11:47:30","modified_gmt":"2024-08-14T11:47:30","slug":"presidencia-autoriza-emprestimo-internacional-para-governo-do-parana","status":"publish","type":"post","link":"https:\/\/jornalboasnoticias.com.br\/home\/presidencia-autoriza-emprestimo-internacional-para-governo-do-parana\/","title":{"rendered":"Presid\u00eancia autoriza empr\u00e9stimo internacional para governo do Paran\u00e1"},"content":{"rendered":"<div class=\"row\">\n<figure id=\"attachment_43399\" aria-describedby=\"caption-attachment-43399\" style=\"width: 1100px\" class=\"wp-caption alignnone\"><img loading=\"lazy\" decoding=\"async\" class=\"wp-image-43399 size-full\" src=\"https:\/\/jornalboasnoticias.com.br\/home\/wp-content\/uploads\/2024\/08\/52232227138-a98dd0b692-o.jpg\" alt=\"\" width=\"1100\" height=\"734\" srcset=\"https:\/\/jornalboasnoticias.com.br\/home\/wp-content\/uploads\/2024\/08\/52232227138-a98dd0b692-o.jpg 1100w, https:\/\/jornalboasnoticias.com.br\/home\/wp-content\/uploads\/2024\/08\/52232227138-a98dd0b692-o-300x200.jpg 300w, https:\/\/jornalboasnoticias.com.br\/home\/wp-content\/uploads\/2024\/08\/52232227138-a98dd0b692-o-1024x683.jpg 1024w, https:\/\/jornalboasnoticias.com.br\/home\/wp-content\/uploads\/2024\/08\/52232227138-a98dd0b692-o-768x512.jpg 768w, https:\/\/jornalboasnoticias.com.br\/home\/wp-content\/uploads\/2024\/08\/52232227138-a98dd0b692-o-900x600.jpg 900w\" sizes=\"auto, (max-width: 1100px) 100vw, 1100px\" \/><figcaption id=\"caption-attachment-43399\" class=\"wp-caption-text\">Foto: Jefferson Rudy\/Ag\u00eancia Senado<\/figcaption><\/figure>\n<blockquote>\n<p class=\"col-10 offset-1 animated fadeInDown dealy-900 display-8 display-md-8 alt-font font-italic my-1 text-center\">Proposta ainda depende de aprova\u00e7\u00e3o do Senado<\/p>\n<\/blockquote>\n<\/div>\n<p>O Senado Federal vai analisar proposta que autoriza a contrata\u00e7\u00e3o de opera\u00e7\u00e3o de cr\u00e9dito internacional, com garantia da Uni\u00e3o, entre o governo do estado do Paran\u00e1 e o Banco Interamericano de Desenvolvimento (BID) para financiar o Projeto Vida Nova, programa de habita\u00e7\u00e3o estadual, no valor de US$ 150 milh\u00f5es, o equivalente a R$ 820 milh\u00f5es pela cota\u00e7\u00e3o atual do d\u00f3lar. O projeto foi encaminhado formalmente, nesta ter\u00e7a-feira (13), em despacho do presidente Luiz In\u00e1cio Lula da Silva,\u00a0<a href=\"https:\/\/www.in.gov.br\/en\/web\/dou\/-\/despachos-do-presidente-da-republica-577873424\" target=\"_blank\" rel=\"noopener\">publicado no\u00a0<em>Di\u00e1rio Oficial da Uni\u00e3o<\/em>\u00a0(<em>DOU<\/em>)<\/a><img decoding=\"async\" src=\"https:\/\/agenciabrasil.ebc.com.br\/ebc.png?id=1607752&amp;o=node\" \/><img decoding=\"async\" src=\"https:\/\/agenciabrasil.ebc.com.br\/ebc.gif?id=1607752&amp;o=node\" \/><\/p>\n<p>O programa habitacional \u00e9 voltado para atender a fam\u00edlias em situa\u00e7\u00e3o de vulnerabilidade social e inscritas no cadastro da Companhia de Habita\u00e7\u00e3o do Paran\u00e1 (Cohapar), especialmente as que residem em \u00e1reas de risco. Segundo o governo federal, a iniciativa &#8220;consiste na produ\u00e7\u00e3o de empreendimentos habitacionais com infraestrutura urbana completa, garantindo o acesso a servi\u00e7os essenciais como abastecimento de \u00e1gua, energia el\u00e9trica, esgotamento sanit\u00e1rio, escoamento de \u00e1guas pluviais, pavimenta\u00e7\u00e3o, cal\u00e7ada, meio-fio, ilumina\u00e7\u00e3o p\u00fablica, entre outros itens necess\u00e1rios para a moradia digna, seguran\u00e7a, bem-estar e desenvolvimento da popula\u00e7\u00e3o&#8221;.<\/p>\n<h2>Empr\u00e9stimo para Jo\u00e3o Pessoa<\/h2>\n<p>Em outro despacho, Lula tamb\u00e9m prop\u00f4s ao Senado a contrata\u00e7\u00e3o de opera\u00e7\u00e3o de cr\u00e9dito externo entre a Ag\u00eancia Francesa de Desenvolvimento (AFD) e a prefeitura de Jo\u00e3o Pessoa, para financiar o Programa de Mobilidade Urbana e Desenvolvimento Urbano, Integrado e Sustent\u00e1vel, conhecido como Jo\u00e3o Pessoa Sustent\u00e1vel. Neste caso, o valor da opera\u00e7\u00e3o \u00e9 de 44,3 milh\u00f5es de euros, o que d\u00e1 aproximadamente R$ 265 milh\u00f5es na cota\u00e7\u00e3o atual da moeda europeia frente ao real.<\/p>\n<p>O objetivo do programa, de acordo com o que foi informado pela Presid\u00eancia da Rep\u00fablica, &#8220;\u00e9 diminuir a desigualdade urbana, modernizar os instrumentos de planejamento urbano e a presta\u00e7\u00e3o de servi\u00e7os, al\u00e9m de modernizar a administra\u00e7\u00e3o p\u00fablica e fiscal com modelo de gest\u00e3o por resultado e reestrutura\u00e7\u00e3o da \u00e1rea de receita&#8221;.<\/p>\n<p>Uma das \u00e1reas de atua\u00e7\u00e3o do programa \u00e9 o Complexo Beira Rio, formado pelas comunidades S\u00e3o Rafael, Santa Clara, Tito Silva, Miramar, Vila Tambauzinho, Bras\u00edlia de Palha, Cafofo Liberdade e Padre Hildon Bandeira.<\/p>\n<p>Ainda segundo o governo federal, as opera\u00e7\u00f5es de cr\u00e9dito com o BID e a AFD fazem parte de uma estrat\u00e9gia para fomentar parcerias internacionais que promovam o desenvolvimento sustent\u00e1vel e social do pa\u00eds. &#8220;Com elas, o Brasil fortalece rela\u00e7\u00f5es com institui\u00e7\u00f5es financeiras internacionais e assegura que os projetos sejam implementados com qualidade e suporte necess\u00e1rios&#8221;, informou, em nota.<\/p>\n","protected":false},"excerpt":{"rendered":"<p>Proposta ainda depende de aprova\u00e7\u00e3o do Senado O Senado Federal vai analisar proposta que autoriza<\/p>\n","protected":false},"author":4,"featured_media":43399,"comment_status":"open","ping_status":"open","sticky":false,"template":"","format":"standard","meta":{"footnotes":""},"categories":[3,4],"tags":[],"class_list":["post-43398","post","type-post","status-publish","format-standard","has-post-thumbnail","hentry","category-destaques","category-parana"],"yoast_head":"<!-- This site is optimized with the Yoast SEO plugin v27.5 - https:\/\/yoast.com\/product\/yoast-seo-wordpress\/ -->\n<title>Presid\u00eancia autoriza empr\u00e9stimo internacional para governo do Paran\u00e1 - Jornal<\/title>\n<meta name=\"description\" content=\"Presid\u00eancia autoriza empr\u00e9stimo internacional para governo do Paran\u00e1\" \/>\n<meta name=\"robots\" content=\"index, follow, max-snippet:-1, max-image-preview:large, max-video-preview:-1\" \/>\n<link rel=\"canonical\" href=\"https:\/\/jornalboasnoticias.com.br\/home\/presidencia-autoriza-emprestimo-internacional-para-governo-do-parana\/\" \/>\n<meta property=\"og:locale\" content=\"pt_BR\" \/>\n<meta property=\"og:type\" content=\"article\" \/>\n<meta property=\"og:title\" content=\"Presid\u00eancia autoriza empr\u00e9stimo internacional para governo do Paran\u00e1 - Jornal\" \/>\n<meta property=\"og:description\" content=\"Presid\u00eancia autoriza empr\u00e9stimo internacional para governo do Paran\u00e1\" \/>\n<meta property=\"og:url\" content=\"https:\/\/jornalboasnoticias.com.br\/home\/presidencia-autoriza-emprestimo-internacional-para-governo-do-parana\/\" \/>\n<meta property=\"og:site_name\" content=\"Jornal\" \/>\n<meta property=\"article:publisher\" content=\"https:\/\/www.facebook.com\/boasnoticiasjornal\" \/>\n<meta property=\"article:published_time\" content=\"2024-08-14T11:47:30+00:00\" \/>\n<meta property=\"og:image\" content=\"https:\/\/jornalboasnoticias.com.br\/home\/wp-content\/uploads\/2024\/08\/52232227138-a98dd0b692-o.jpg\" \/>\n\t<meta property=\"og:image:width\" content=\"1100\" \/>\n\t<meta property=\"og:image:height\" content=\"734\" \/>\n\t<meta property=\"og:image:type\" content=\"image\/jpeg\" \/>\n<meta name=\"author\" content=\"Ana Luiza Bonatto\" \/>\n<meta name=\"twitter:card\" content=\"summary_large_image\" \/>\n<meta name=\"twitter:label1\" content=\"Escrito por\" \/>\n\t<meta name=\"twitter:data1\" content=\"Ana Luiza Bonatto\" \/>\n\t<meta name=\"twitter:label2\" content=\"Est. tempo de leitura\" \/>\n\t<meta name=\"twitter:data2\" content=\"3 minutos\" \/>\n<script type=\"application\/ld+json\" class=\"yoast-schema-graph\">{\"@context\":\"https:\\\/\\\/schema.org\",\"@graph\":[{\"@type\":\"Article\",\"@id\":\"https:\\\/\\\/jornalboasnoticias.com.br\\\/home\\\/presidencia-autoriza-emprestimo-internacional-para-governo-do-parana\\\/#article\",\"isPartOf\":{\"@id\":\"https:\\\/\\\/jornalboasnoticias.com.br\\\/home\\\/presidencia-autoriza-emprestimo-internacional-para-governo-do-parana\\\/\"},\"author\":{\"name\":\"Ana Luiza Bonatto\",\"@id\":\"https:\\\/\\\/jornalboasnoticias.com.br\\\/home\\\/#\\\/schema\\\/person\\\/d641193e0afc6405b390164dac847971\"},\"headline\":\"Presid\u00eancia autoriza empr\u00e9stimo internacional para governo do Paran\u00e1\",\"datePublished\":\"2024-08-14T11:47:30+00:00\",\"mainEntityOfPage\":{\"@id\":\"https:\\\/\\\/jornalboasnoticias.com.br\\\/home\\\/presidencia-autoriza-emprestimo-internacional-para-governo-do-parana\\\/\"},\"wordCount\":475,\"commentCount\":0,\"publisher\":{\"@id\":\"https:\\\/\\\/jornalboasnoticias.com.br\\\/home\\\/#organization\"},\"image\":{\"@id\":\"https:\\\/\\\/jornalboasnoticias.com.br\\\/home\\\/presidencia-autoriza-emprestimo-internacional-para-governo-do-parana\\\/#primaryimage\"},\"thumbnailUrl\":\"https:\\\/\\\/jornalboasnoticias.com.br\\\/home\\\/wp-content\\\/uploads\\\/2024\\\/08\\\/52232227138-a98dd0b692-o.jpg\",\"articleSection\":[\"DESTAQUE\",\"PARAN\u00c1\"],\"inLanguage\":\"pt-BR\",\"potentialAction\":[{\"@type\":\"CommentAction\",\"name\":\"Comment\",\"target\":[\"https:\\\/\\\/jornalboasnoticias.com.br\\\/home\\\/presidencia-autoriza-emprestimo-internacional-para-governo-do-parana\\\/#respond\"]}]},{\"@type\":\"WebPage\",\"@id\":\"https:\\\/\\\/jornalboasnoticias.com.br\\\/home\\\/presidencia-autoriza-emprestimo-internacional-para-governo-do-parana\\\/\",\"url\":\"https:\\\/\\\/jornalboasnoticias.com.br\\\/home\\\/presidencia-autoriza-emprestimo-internacional-para-governo-do-parana\\\/\",\"name\":\"Presid\u00eancia autoriza empr\u00e9stimo internacional para governo do Paran\u00e1 - Jornal\",\"isPartOf\":{\"@id\":\"https:\\\/\\\/jornalboasnoticias.com.br\\\/home\\\/#website\"},\"primaryImageOfPage\":{\"@id\":\"https:\\\/\\\/jornalboasnoticias.com.br\\\/home\\\/presidencia-autoriza-emprestimo-internacional-para-governo-do-parana\\\/#primaryimage\"},\"image\":{\"@id\":\"https:\\\/\\\/jornalboasnoticias.com.br\\\/home\\\/presidencia-autoriza-emprestimo-internacional-para-governo-do-parana\\\/#primaryimage\"},\"thumbnailUrl\":\"https:\\\/\\\/jornalboasnoticias.com.br\\\/home\\\/wp-content\\\/uploads\\\/2024\\\/08\\\/52232227138-a98dd0b692-o.jpg\",\"datePublished\":\"2024-08-14T11:47:30+00:00\",\"description\":\"Presid\u00eancia autoriza empr\u00e9stimo internacional para governo do Paran\u00e1\",\"breadcrumb\":{\"@id\":\"https:\\\/\\\/jornalboasnoticias.com.br\\\/home\\\/presidencia-autoriza-emprestimo-internacional-para-governo-do-parana\\\/#breadcrumb\"},\"inLanguage\":\"pt-BR\",\"potentialAction\":[{\"@type\":\"ReadAction\",\"target\":[\"https:\\\/\\\/jornalboasnoticias.com.br\\\/home\\\/presidencia-autoriza-emprestimo-internacional-para-governo-do-parana\\\/\"]}]},{\"@type\":\"ImageObject\",\"inLanguage\":\"pt-BR\",\"@id\":\"https:\\\/\\\/jornalboasnoticias.com.br\\\/home\\\/presidencia-autoriza-emprestimo-internacional-para-governo-do-parana\\\/#primaryimage\",\"url\":\"https:\\\/\\\/jornalboasnoticias.com.br\\\/home\\\/wp-content\\\/uploads\\\/2024\\\/08\\\/52232227138-a98dd0b692-o.jpg\",\"contentUrl\":\"https:\\\/\\\/jornalboasnoticias.com.br\\\/home\\\/wp-content\\\/uploads\\\/2024\\\/08\\\/52232227138-a98dd0b692-o.jpg\",\"width\":1100,\"height\":734,\"caption\":\"Foto: Jefferson Rudy\\\/Ag\u00eancia Senado\"},{\"@type\":\"BreadcrumbList\",\"@id\":\"https:\\\/\\\/jornalboasnoticias.com.br\\\/home\\\/presidencia-autoriza-emprestimo-internacional-para-governo-do-parana\\\/#breadcrumb\",\"itemListElement\":[{\"@type\":\"ListItem\",\"position\":1,\"name\":\"In\u00edcio\",\"item\":\"https:\\\/\\\/jornalboasnoticias.com.br\\\/home\\\/\"},{\"@type\":\"ListItem\",\"position\":2,\"name\":\"Presid\u00eancia autoriza empr\u00e9stimo internacional para governo do Paran\u00e1\"}]},{\"@type\":\"WebSite\",\"@id\":\"https:\\\/\\\/jornalboasnoticias.com.br\\\/home\\\/#website\",\"url\":\"https:\\\/\\\/jornalboasnoticias.com.br\\\/home\\\/\",\"name\":\"Jornal Boas Not\u00edcias\",\"description\":\"Boas not\u00edcias\",\"publisher\":{\"@id\":\"https:\\\/\\\/jornalboasnoticias.com.br\\\/home\\\/#organization\"},\"potentialAction\":[{\"@type\":\"SearchAction\",\"target\":{\"@type\":\"EntryPoint\",\"urlTemplate\":\"https:\\\/\\\/jornalboasnoticias.com.br\\\/home\\\/?s={search_term_string}\"},\"query-input\":{\"@type\":\"PropertyValueSpecification\",\"valueRequired\":true,\"valueName\":\"search_term_string\"}}],\"inLanguage\":\"pt-BR\"},{\"@type\":\"Organization\",\"@id\":\"https:\\\/\\\/jornalboasnoticias.com.br\\\/home\\\/#organization\",\"name\":\"Coq Editora Ltda\",\"alternateName\":\"Jornal Boas Noticias\",\"url\":\"https:\\\/\\\/jornalboasnoticias.com.br\\\/home\\\/\",\"logo\":{\"@type\":\"ImageObject\",\"inLanguage\":\"pt-BR\",\"@id\":\"https:\\\/\\\/jornalboasnoticias.com.br\\\/home\\\/#\\\/schema\\\/logo\\\/image\\\/\",\"url\":\"https:\\\/\\\/jornalboasnoticias.com.br\\\/home\\\/wp-content\\\/uploads\\\/2024\\\/07\\\/cropped-logo.jpg\",\"contentUrl\":\"https:\\\/\\\/jornalboasnoticias.com.br\\\/home\\\/wp-content\\\/uploads\\\/2024\\\/07\\\/cropped-logo.jpg\",\"width\":290,\"height\":142,\"caption\":\"Coq Editora Ltda\"},\"image\":{\"@id\":\"https:\\\/\\\/jornalboasnoticias.com.br\\\/home\\\/#\\\/schema\\\/logo\\\/image\\\/\"},\"sameAs\":[\"https:\\\/\\\/www.facebook.com\\\/boasnoticiasjornal\"]},{\"@type\":\"Person\",\"@id\":\"https:\\\/\\\/jornalboasnoticias.com.br\\\/home\\\/#\\\/schema\\\/person\\\/d641193e0afc6405b390164dac847971\",\"name\":\"Ana Luiza Bonatto\",\"image\":{\"@type\":\"ImageObject\",\"inLanguage\":\"pt-BR\",\"@id\":\"https:\\\/\\\/secure.gravatar.com\\\/avatar\\\/8a055ebe6373371f67ac6fcf313c0ac0b0a91157fdcdb9514fa62927373348f0?s=96&d=mm&r=g\",\"url\":\"https:\\\/\\\/secure.gravatar.com\\\/avatar\\\/8a055ebe6373371f67ac6fcf313c0ac0b0a91157fdcdb9514fa62927373348f0?s=96&d=mm&r=g\",\"contentUrl\":\"https:\\\/\\\/secure.gravatar.com\\\/avatar\\\/8a055ebe6373371f67ac6fcf313c0ac0b0a91157fdcdb9514fa62927373348f0?s=96&d=mm&r=g\",\"caption\":\"Ana Luiza Bonatto\"},\"url\":\"https:\\\/\\\/jornalboasnoticias.com.br\\\/home\\\/author\\\/ana-luiza\\\/\"}]}<\/script>\n<!-- \/ Yoast SEO plugin. -->","yoast_head_json":{"title":"Presid\u00eancia autoriza empr\u00e9stimo internacional para governo do Paran\u00e1 - Jornal","description":"Presid\u00eancia autoriza empr\u00e9stimo internacional para governo do Paran\u00e1","robots":{"index":"index","follow":"follow","max-snippet":"max-snippet:-1","max-image-preview":"max-image-preview:large","max-video-preview":"max-video-preview:-1"},"canonical":"https:\/\/jornalboasnoticias.com.br\/home\/presidencia-autoriza-emprestimo-internacional-para-governo-do-parana\/","og_locale":"pt_BR","og_type":"article","og_title":"Presid\u00eancia autoriza empr\u00e9stimo internacional para governo do Paran\u00e1 - Jornal","og_description":"Presid\u00eancia autoriza empr\u00e9stimo internacional para governo do Paran\u00e1","og_url":"https:\/\/jornalboasnoticias.com.br\/home\/presidencia-autoriza-emprestimo-internacional-para-governo-do-parana\/","og_site_name":"Jornal","article_publisher":"https:\/\/www.facebook.com\/boasnoticiasjornal","article_published_time":"2024-08-14T11:47:30+00:00","og_image":[{"width":1100,"height":734,"url":"https:\/\/jornalboasnoticias.com.br\/home\/wp-content\/uploads\/2024\/08\/52232227138-a98dd0b692-o.jpg","type":"image\/jpeg"}],"author":"Ana Luiza Bonatto","twitter_card":"summary_large_image","twitter_misc":{"Escrito por":"Ana Luiza Bonatto","Est. tempo de leitura":"3 minutos"},"schema":{"@context":"https:\/\/schema.org","@graph":[{"@type":"Article","@id":"https:\/\/jornalboasnoticias.com.br\/home\/presidencia-autoriza-emprestimo-internacional-para-governo-do-parana\/#article","isPartOf":{"@id":"https:\/\/jornalboasnoticias.com.br\/home\/presidencia-autoriza-emprestimo-internacional-para-governo-do-parana\/"},"author":{"name":"Ana Luiza Bonatto","@id":"https:\/\/jornalboasnoticias.com.br\/home\/#\/schema\/person\/d641193e0afc6405b390164dac847971"},"headline":"Presid\u00eancia autoriza empr\u00e9stimo internacional para governo do Paran\u00e1","datePublished":"2024-08-14T11:47:30+00:00","mainEntityOfPage":{"@id":"https:\/\/jornalboasnoticias.com.br\/home\/presidencia-autoriza-emprestimo-internacional-para-governo-do-parana\/"},"wordCount":475,"commentCount":0,"publisher":{"@id":"https:\/\/jornalboasnoticias.com.br\/home\/#organization"},"image":{"@id":"https:\/\/jornalboasnoticias.com.br\/home\/presidencia-autoriza-emprestimo-internacional-para-governo-do-parana\/#primaryimage"},"thumbnailUrl":"https:\/\/jornalboasnoticias.com.br\/home\/wp-content\/uploads\/2024\/08\/52232227138-a98dd0b692-o.jpg","articleSection":["DESTAQUE","PARAN\u00c1"],"inLanguage":"pt-BR","potentialAction":[{"@type":"CommentAction","name":"Comment","target":["https:\/\/jornalboasnoticias.com.br\/home\/presidencia-autoriza-emprestimo-internacional-para-governo-do-parana\/#respond"]}]},{"@type":"WebPage","@id":"https:\/\/jornalboasnoticias.com.br\/home\/presidencia-autoriza-emprestimo-internacional-para-governo-do-parana\/","url":"https:\/\/jornalboasnoticias.com.br\/home\/presidencia-autoriza-emprestimo-internacional-para-governo-do-parana\/","name":"Presid\u00eancia autoriza empr\u00e9stimo internacional para governo do Paran\u00e1 - Jornal","isPartOf":{"@id":"https:\/\/jornalboasnoticias.com.br\/home\/#website"},"primaryImageOfPage":{"@id":"https:\/\/jornalboasnoticias.com.br\/home\/presidencia-autoriza-emprestimo-internacional-para-governo-do-parana\/#primaryimage"},"image":{"@id":"https:\/\/jornalboasnoticias.com.br\/home\/presidencia-autoriza-emprestimo-internacional-para-governo-do-parana\/#primaryimage"},"thumbnailUrl":"https:\/\/jornalboasnoticias.com.br\/home\/wp-content\/uploads\/2024\/08\/52232227138-a98dd0b692-o.jpg","datePublished":"2024-08-14T11:47:30+00:00","description":"Presid\u00eancia autoriza empr\u00e9stimo internacional para governo do Paran\u00e1","breadcrumb":{"@id":"https:\/\/jornalboasnoticias.com.br\/home\/presidencia-autoriza-emprestimo-internacional-para-governo-do-parana\/#breadcrumb"},"inLanguage":"pt-BR","potentialAction":[{"@type":"ReadAction","target":["https:\/\/jornalboasnoticias.com.br\/home\/presidencia-autoriza-emprestimo-internacional-para-governo-do-parana\/"]}]},{"@type":"ImageObject","inLanguage":"pt-BR","@id":"https:\/\/jornalboasnoticias.com.br\/home\/presidencia-autoriza-emprestimo-internacional-para-governo-do-parana\/#primaryimage","url":"https:\/\/jornalboasnoticias.com.br\/home\/wp-content\/uploads\/2024\/08\/52232227138-a98dd0b692-o.jpg","contentUrl":"https:\/\/jornalboasnoticias.com.br\/home\/wp-content\/uploads\/2024\/08\/52232227138-a98dd0b692-o.jpg","width":1100,"height":734,"caption":"Foto: Jefferson Rudy\/Ag\u00eancia Senado"},{"@type":"BreadcrumbList","@id":"https:\/\/jornalboasnoticias.com.br\/home\/presidencia-autoriza-emprestimo-internacional-para-governo-do-parana\/#breadcrumb","itemListElement":[{"@type":"ListItem","position":1,"name":"In\u00edcio","item":"https:\/\/jornalboasnoticias.com.br\/home\/"},{"@type":"ListItem","position":2,"name":"Presid\u00eancia autoriza empr\u00e9stimo internacional para governo do Paran\u00e1"}]},{"@type":"WebSite","@id":"https:\/\/jornalboasnoticias.com.br\/home\/#website","url":"https:\/\/jornalboasnoticias.com.br\/home\/","name":"Jornal Boas Not\u00edcias","description":"Boas not\u00edcias","publisher":{"@id":"https:\/\/jornalboasnoticias.com.br\/home\/#organization"},"potentialAction":[{"@type":"SearchAction","target":{"@type":"EntryPoint","urlTemplate":"https:\/\/jornalboasnoticias.com.br\/home\/?s={search_term_string}"},"query-input":{"@type":"PropertyValueSpecification","valueRequired":true,"valueName":"search_term_string"}}],"inLanguage":"pt-BR"},{"@type":"Organization","@id":"https:\/\/jornalboasnoticias.com.br\/home\/#organization","name":"Coq Editora Ltda","alternateName":"Jornal Boas Noticias","url":"https:\/\/jornalboasnoticias.com.br\/home\/","logo":{"@type":"ImageObject","inLanguage":"pt-BR","@id":"https:\/\/jornalboasnoticias.com.br\/home\/#\/schema\/logo\/image\/","url":"https:\/\/jornalboasnoticias.com.br\/home\/wp-content\/uploads\/2024\/07\/cropped-logo.jpg","contentUrl":"https:\/\/jornalboasnoticias.com.br\/home\/wp-content\/uploads\/2024\/07\/cropped-logo.jpg","width":290,"height":142,"caption":"Coq Editora Ltda"},"image":{"@id":"https:\/\/jornalboasnoticias.com.br\/home\/#\/schema\/logo\/image\/"},"sameAs":["https:\/\/www.facebook.com\/boasnoticiasjornal"]},{"@type":"Person","@id":"https:\/\/jornalboasnoticias.com.br\/home\/#\/schema\/person\/d641193e0afc6405b390164dac847971","name":"Ana Luiza Bonatto","image":{"@type":"ImageObject","inLanguage":"pt-BR","@id":"https:\/\/secure.gravatar.com\/avatar\/8a055ebe6373371f67ac6fcf313c0ac0b0a91157fdcdb9514fa62927373348f0?s=96&d=mm&r=g","url":"https:\/\/secure.gravatar.com\/avatar\/8a055ebe6373371f67ac6fcf313c0ac0b0a91157fdcdb9514fa62927373348f0?s=96&d=mm&r=g","contentUrl":"https:\/\/secure.gravatar.com\/avatar\/8a055ebe6373371f67ac6fcf313c0ac0b0a91157fdcdb9514fa62927373348f0?s=96&d=mm&r=g","caption":"Ana Luiza Bonatto"},"url":"https:\/\/jornalboasnoticias.com.br\/home\/author\/ana-luiza\/"}]}},"_links":{"self":[{"href":"https:\/\/jornalboasnoticias.com.br\/home\/wp-json\/wp\/v2\/posts\/43398","targetHints":{"allow":["GET"]}}],"collection":[{"href":"https:\/\/jornalboasnoticias.com.br\/home\/wp-json\/wp\/v2\/posts"}],"about":[{"href":"https:\/\/jornalboasnoticias.com.br\/home\/wp-json\/wp\/v2\/types\/post"}],"author":[{"embeddable":true,"href":"https:\/\/jornalboasnoticias.com.br\/home\/wp-json\/wp\/v2\/users\/4"}],"replies":[{"embeddable":true,"href":"https:\/\/jornalboasnoticias.com.br\/home\/wp-json\/wp\/v2\/comments?post=43398"}],"version-history":[{"count":1,"href":"https:\/\/jornalboasnoticias.com.br\/home\/wp-json\/wp\/v2\/posts\/43398\/revisions"}],"predecessor-version":[{"id":43400,"href":"https:\/\/jornalboasnoticias.com.br\/home\/wp-json\/wp\/v2\/posts\/43398\/revisions\/43400"}],"wp:featuredmedia":[{"embeddable":true,"href":"https:\/\/jornalboasnoticias.com.br\/home\/wp-json\/wp\/v2\/media\/43399"}],"wp:attachment":[{"href":"https:\/\/jornalboasnoticias.com.br\/home\/wp-json\/wp\/v2\/media?parent=43398"}],"wp:term":[{"taxonomy":"category","embeddable":true,"href":"https:\/\/jornalboasnoticias.com.br\/home\/wp-json\/wp\/v2\/categories?post=43398"},{"taxonomy":"post_tag","embeddable":true,"href":"https:\/\/jornalboasnoticias.com.br\/home\/wp-json\/wp\/v2\/tags?post=43398"}],"curies":[{"name":"wp","href":"https:\/\/api.w.org\/{rel}","templated":true}]}}