{"id":43379,"date":"2024-09-13T19:05:48","date_gmt":"2024-09-13T19:05:48","guid":{"rendered":"https:\/\/jornalboasnoticias.com.br\/home\/?p=43379"},"modified":"2024-09-30T22:17:34","modified_gmt":"2024-09-30T22:17:34","slug":"aviao-da-fab-transportando-corpos-das-vitimas-do-voo-2283-decola-para-cascavel","status":"publish","type":"post","link":"https:\/\/jornalboasnoticias.com.br\/home\/aviao-da-fab-transportando-corpos-das-vitimas-do-voo-2283-decola-para-cascavel\/","title":{"rendered":"Avi\u00e3o da FAB transportando corpos das v\u00edtimas do voo 2283 decola para Cascavel"},"content":{"rendered":"<figure id=\"attachment_43380\" aria-describedby=\"caption-attachment-43380\" style=\"width: 300px\" class=\"wp-caption alignnone\"><img loading=\"lazy\" decoding=\"async\" class=\"wp-image-43380 size-medium\" src=\"https:\/\/jornalboasnoticias.com.br\/home\/wp-content\/uploads\/2024\/08\/IMG_3496-300x131.jpeg\" alt=\"\" width=\"300\" height=\"131\" srcset=\"https:\/\/jornalboasnoticias.com.br\/home\/wp-content\/uploads\/2024\/08\/IMG_3496-300x131.jpeg 300w, https:\/\/jornalboasnoticias.com.br\/home\/wp-content\/uploads\/2024\/08\/IMG_3496-1024x448.jpeg 1024w, https:\/\/jornalboasnoticias.com.br\/home\/wp-content\/uploads\/2024\/08\/IMG_3496-768x336.jpeg 768w, https:\/\/jornalboasnoticias.com.br\/home\/wp-content\/uploads\/2024\/08\/IMG_3496.jpeg 1170w\" sizes=\"auto, (max-width: 300px) 100vw, 300px\" \/><figcaption id=\"caption-attachment-43380\" class=\"wp-caption-text\">Foto: Reprodu\u00e7\u00e3o<\/figcaption><\/figure>\n<p>Nesta ter\u00e7a-feira (13), a aeronave KC-390 Millennium da For\u00e7a A\u00e9rea Brasileira (FAB) decolou do Aeroporto Internacional de Guarulhos com destino a Cascavel, no Oeste do Paran\u00e1, transportando tr\u00eas urnas funer\u00e1rias das v\u00edtimas do tr\u00e1gico acidente com o voo 2283. A queda da aeronave em Vinhedo, interior de S\u00e3o Paulo, no \u00faltimo fim de semana, resultou na morte de 62 pessoas e uma cachorrinha.<\/p>\n<p>As urnas pertencem \u00e0 nutricionista Ana Carolina Redivo e \u00e0 professora da Universidade Federal do Paran\u00e1 (UFPR) Silvia Cristina Osaki, ambas naturais de Cascavel, onde os corpos ser\u00e3o entregues para os atos f\u00fanebres. O KC-390 Millennium, operado pelo Esquadr\u00e3o Gordo da FAB, far\u00e1 ainda uma segunda escala em Pelotas, no Rio Grande do Sul, para a entrega do terceiro corpo.<\/p>\n<p>O voo 2283, que partiu de Guarulhos, estava prestes a iniciar mais uma etapa de sua rota quando ocorreu o acidente. Os 58 passageiros tinham destinos diversos, enquanto os quatro tripulantes se preparavam para seguir viagem. O transporte realizado pela FAB reflete a solidariedade e o apoio prestado \u00e0s fam\u00edlias neste momento de profunda dor e luto.<\/p>\n","protected":false},"excerpt":{"rendered":"<p>Nesta ter\u00e7a-feira (13), a aeronave KC-390 Millennium da For\u00e7a A\u00e9rea Brasileira (FAB) decolou do Aeroporto<\/p>\n","protected":false},"author":4,"featured_media":43380,"comment_status":"open","ping_status":"open","sticky":false,"template":"","format":"standard","meta":{"footnotes":""},"categories":[2,3],"tags":[],"class_list":["post-43379","post","type-post","status-publish","format-standard","has-post-thumbnail","hentry","category-cascavel","category-destaques"],"yoast_head":"<!-- This site is optimized with the Yoast SEO plugin v27.5 - https:\/\/yoast.com\/product\/yoast-seo-wordpress\/ -->\n<title>Avi\u00e3o da FAB transportando corpos das v\u00edtimas do voo 2283 decola para Cascavel - Jornal<\/title>\n<meta name=\"description\" content=\"Avi\u00e3o da FAB transportando corpos das v\u00edtimas do voo 2283 decola para Cascavel\" \/>\n<meta name=\"robots\" content=\"index, follow, max-snippet:-1, max-image-preview:large, max-video-preview:-1\" \/>\n<link rel=\"canonical\" href=\"https:\/\/jornalboasnoticias.com.br\/home\/aviao-da-fab-transportando-corpos-das-vitimas-do-voo-2283-decola-para-cascavel\/\" \/>\n<meta property=\"og:locale\" content=\"pt_BR\" \/>\n<meta property=\"og:type\" content=\"article\" \/>\n<meta property=\"og:title\" content=\"Avi\u00e3o da FAB transportando corpos das v\u00edtimas do voo 2283 decola para Cascavel - Jornal\" \/>\n<meta property=\"og:description\" content=\"Avi\u00e3o da FAB transportando corpos das v\u00edtimas do voo 2283 decola para Cascavel\" \/>\n<meta property=\"og:url\" content=\"https:\/\/jornalboasnoticias.com.br\/home\/aviao-da-fab-transportando-corpos-das-vitimas-do-voo-2283-decola-para-cascavel\/\" \/>\n<meta property=\"og:site_name\" content=\"Jornal\" \/>\n<meta property=\"article:publisher\" content=\"https:\/\/www.facebook.com\/boasnoticiasjornal\" \/>\n<meta property=\"article:published_time\" content=\"2024-09-13T19:05:48+00:00\" \/>\n<meta property=\"article:modified_time\" content=\"2024-09-30T22:17:34+00:00\" \/>\n<meta property=\"og:image\" content=\"https:\/\/jornalboasnoticias.com.br\/home\/wp-content\/uploads\/2024\/08\/IMG_3496.jpeg\" \/>\n\t<meta property=\"og:image:width\" content=\"1170\" \/>\n\t<meta property=\"og:image:height\" content=\"512\" \/>\n\t<meta property=\"og:image:type\" content=\"image\/jpeg\" \/>\n<meta name=\"author\" content=\"Ana Luiza Bonatto\" \/>\n<meta name=\"twitter:card\" content=\"summary_large_image\" \/>\n<meta name=\"twitter:label1\" content=\"Escrito por\" \/>\n\t<meta name=\"twitter:data1\" content=\"Ana Luiza Bonatto\" \/>\n\t<meta name=\"twitter:label2\" content=\"Est. tempo de leitura\" \/>\n\t<meta name=\"twitter:data2\" content=\"2 minutos\" \/>\n<script type=\"application\/ld+json\" class=\"yoast-schema-graph\">{\"@context\":\"https:\\\/\\\/schema.org\",\"@graph\":[{\"@type\":\"Article\",\"@id\":\"https:\\\/\\\/jornalboasnoticias.com.br\\\/home\\\/aviao-da-fab-transportando-corpos-das-vitimas-do-voo-2283-decola-para-cascavel\\\/#article\",\"isPartOf\":{\"@id\":\"https:\\\/\\\/jornalboasnoticias.com.br\\\/home\\\/aviao-da-fab-transportando-corpos-das-vitimas-do-voo-2283-decola-para-cascavel\\\/\"},\"author\":{\"name\":\"Ana Luiza Bonatto\",\"@id\":\"https:\\\/\\\/jornalboasnoticias.com.br\\\/home\\\/#\\\/schema\\\/person\\\/d641193e0afc6405b390164dac847971\"},\"headline\":\"Avi\u00e3o da FAB transportando corpos das v\u00edtimas do voo 2283 decola para Cascavel\",\"datePublished\":\"2024-09-13T19:05:48+00:00\",\"dateModified\":\"2024-09-30T22:17:34+00:00\",\"mainEntityOfPage\":{\"@id\":\"https:\\\/\\\/jornalboasnoticias.com.br\\\/home\\\/aviao-da-fab-transportando-corpos-das-vitimas-do-voo-2283-decola-para-cascavel\\\/\"},\"wordCount\":209,\"commentCount\":0,\"publisher\":{\"@id\":\"https:\\\/\\\/jornalboasnoticias.com.br\\\/home\\\/#organization\"},\"image\":{\"@id\":\"https:\\\/\\\/jornalboasnoticias.com.br\\\/home\\\/aviao-da-fab-transportando-corpos-das-vitimas-do-voo-2283-decola-para-cascavel\\\/#primaryimage\"},\"thumbnailUrl\":\"https:\\\/\\\/jornalboasnoticias.com.br\\\/home\\\/wp-content\\\/uploads\\\/2024\\\/08\\\/IMG_3496.jpeg\",\"articleSection\":[\"CASCAVEL\",\"DESTAQUE\"],\"inLanguage\":\"pt-BR\",\"potentialAction\":[{\"@type\":\"CommentAction\",\"name\":\"Comment\",\"target\":[\"https:\\\/\\\/jornalboasnoticias.com.br\\\/home\\\/aviao-da-fab-transportando-corpos-das-vitimas-do-voo-2283-decola-para-cascavel\\\/#respond\"]}]},{\"@type\":\"WebPage\",\"@id\":\"https:\\\/\\\/jornalboasnoticias.com.br\\\/home\\\/aviao-da-fab-transportando-corpos-das-vitimas-do-voo-2283-decola-para-cascavel\\\/\",\"url\":\"https:\\\/\\\/jornalboasnoticias.com.br\\\/home\\\/aviao-da-fab-transportando-corpos-das-vitimas-do-voo-2283-decola-para-cascavel\\\/\",\"name\":\"Avi\u00e3o da FAB transportando corpos das v\u00edtimas do voo 2283 decola para Cascavel - Jornal\",\"isPartOf\":{\"@id\":\"https:\\\/\\\/jornalboasnoticias.com.br\\\/home\\\/#website\"},\"primaryImageOfPage\":{\"@id\":\"https:\\\/\\\/jornalboasnoticias.com.br\\\/home\\\/aviao-da-fab-transportando-corpos-das-vitimas-do-voo-2283-decola-para-cascavel\\\/#primaryimage\"},\"image\":{\"@id\":\"https:\\\/\\\/jornalboasnoticias.com.br\\\/home\\\/aviao-da-fab-transportando-corpos-das-vitimas-do-voo-2283-decola-para-cascavel\\\/#primaryimage\"},\"thumbnailUrl\":\"https:\\\/\\\/jornalboasnoticias.com.br\\\/home\\\/wp-content\\\/uploads\\\/2024\\\/08\\\/IMG_3496.jpeg\",\"datePublished\":\"2024-09-13T19:05:48+00:00\",\"dateModified\":\"2024-09-30T22:17:34+00:00\",\"description\":\"Avi\u00e3o da FAB transportando corpos das v\u00edtimas do voo 2283 decola para Cascavel\",\"breadcrumb\":{\"@id\":\"https:\\\/\\\/jornalboasnoticias.com.br\\\/home\\\/aviao-da-fab-transportando-corpos-das-vitimas-do-voo-2283-decola-para-cascavel\\\/#breadcrumb\"},\"inLanguage\":\"pt-BR\",\"potentialAction\":[{\"@type\":\"ReadAction\",\"target\":[\"https:\\\/\\\/jornalboasnoticias.com.br\\\/home\\\/aviao-da-fab-transportando-corpos-das-vitimas-do-voo-2283-decola-para-cascavel\\\/\"]}]},{\"@type\":\"ImageObject\",\"inLanguage\":\"pt-BR\",\"@id\":\"https:\\\/\\\/jornalboasnoticias.com.br\\\/home\\\/aviao-da-fab-transportando-corpos-das-vitimas-do-voo-2283-decola-para-cascavel\\\/#primaryimage\",\"url\":\"https:\\\/\\\/jornalboasnoticias.com.br\\\/home\\\/wp-content\\\/uploads\\\/2024\\\/08\\\/IMG_3496.jpeg\",\"contentUrl\":\"https:\\\/\\\/jornalboasnoticias.com.br\\\/home\\\/wp-content\\\/uploads\\\/2024\\\/08\\\/IMG_3496.jpeg\",\"width\":1170,\"height\":512},{\"@type\":\"BreadcrumbList\",\"@id\":\"https:\\\/\\\/jornalboasnoticias.com.br\\\/home\\\/aviao-da-fab-transportando-corpos-das-vitimas-do-voo-2283-decola-para-cascavel\\\/#breadcrumb\",\"itemListElement\":[{\"@type\":\"ListItem\",\"position\":1,\"name\":\"In\u00edcio\",\"item\":\"https:\\\/\\\/jornalboasnoticias.com.br\\\/home\\\/\"},{\"@type\":\"ListItem\",\"position\":2,\"name\":\"Avi\u00e3o da FAB transportando corpos das v\u00edtimas do voo 2283 decola para Cascavel\"}]},{\"@type\":\"WebSite\",\"@id\":\"https:\\\/\\\/jornalboasnoticias.com.br\\\/home\\\/#website\",\"url\":\"https:\\\/\\\/jornalboasnoticias.com.br\\\/home\\\/\",\"name\":\"Jornal Boas Not\u00edcias\",\"description\":\"Boas not\u00edcias\",\"publisher\":{\"@id\":\"https:\\\/\\\/jornalboasnoticias.com.br\\\/home\\\/#organization\"},\"potentialAction\":[{\"@type\":\"SearchAction\",\"target\":{\"@type\":\"EntryPoint\",\"urlTemplate\":\"https:\\\/\\\/jornalboasnoticias.com.br\\\/home\\\/?s={search_term_string}\"},\"query-input\":{\"@type\":\"PropertyValueSpecification\",\"valueRequired\":true,\"valueName\":\"search_term_string\"}}],\"inLanguage\":\"pt-BR\"},{\"@type\":\"Organization\",\"@id\":\"https:\\\/\\\/jornalboasnoticias.com.br\\\/home\\\/#organization\",\"name\":\"Coq Editora Ltda\",\"alternateName\":\"Jornal Boas Noticias\",\"url\":\"https:\\\/\\\/jornalboasnoticias.com.br\\\/home\\\/\",\"logo\":{\"@type\":\"ImageObject\",\"inLanguage\":\"pt-BR\",\"@id\":\"https:\\\/\\\/jornalboasnoticias.com.br\\\/home\\\/#\\\/schema\\\/logo\\\/image\\\/\",\"url\":\"https:\\\/\\\/jornalboasnoticias.com.br\\\/home\\\/wp-content\\\/uploads\\\/2024\\\/07\\\/cropped-logo.jpg\",\"contentUrl\":\"https:\\\/\\\/jornalboasnoticias.com.br\\\/home\\\/wp-content\\\/uploads\\\/2024\\\/07\\\/cropped-logo.jpg\",\"width\":290,\"height\":142,\"caption\":\"Coq Editora Ltda\"},\"image\":{\"@id\":\"https:\\\/\\\/jornalboasnoticias.com.br\\\/home\\\/#\\\/schema\\\/logo\\\/image\\\/\"},\"sameAs\":[\"https:\\\/\\\/www.facebook.com\\\/boasnoticiasjornal\"]},{\"@type\":\"Person\",\"@id\":\"https:\\\/\\\/jornalboasnoticias.com.br\\\/home\\\/#\\\/schema\\\/person\\\/d641193e0afc6405b390164dac847971\",\"name\":\"Ana Luiza Bonatto\",\"image\":{\"@type\":\"ImageObject\",\"inLanguage\":\"pt-BR\",\"@id\":\"https:\\\/\\\/secure.gravatar.com\\\/avatar\\\/8a055ebe6373371f67ac6fcf313c0ac0b0a91157fdcdb9514fa62927373348f0?s=96&d=mm&r=g\",\"url\":\"https:\\\/\\\/secure.gravatar.com\\\/avatar\\\/8a055ebe6373371f67ac6fcf313c0ac0b0a91157fdcdb9514fa62927373348f0?s=96&d=mm&r=g\",\"contentUrl\":\"https:\\\/\\\/secure.gravatar.com\\\/avatar\\\/8a055ebe6373371f67ac6fcf313c0ac0b0a91157fdcdb9514fa62927373348f0?s=96&d=mm&r=g\",\"caption\":\"Ana Luiza Bonatto\"},\"url\":\"https:\\\/\\\/jornalboasnoticias.com.br\\\/home\\\/author\\\/ana-luiza\\\/\"}]}<\/script>\n<!-- \/ Yoast SEO plugin. -->","yoast_head_json":{"title":"Avi\u00e3o da FAB transportando corpos das v\u00edtimas do voo 2283 decola para Cascavel - Jornal","description":"Avi\u00e3o da FAB transportando corpos das v\u00edtimas do voo 2283 decola para Cascavel","robots":{"index":"index","follow":"follow","max-snippet":"max-snippet:-1","max-image-preview":"max-image-preview:large","max-video-preview":"max-video-preview:-1"},"canonical":"https:\/\/jornalboasnoticias.com.br\/home\/aviao-da-fab-transportando-corpos-das-vitimas-do-voo-2283-decola-para-cascavel\/","og_locale":"pt_BR","og_type":"article","og_title":"Avi\u00e3o da FAB transportando corpos das v\u00edtimas do voo 2283 decola para Cascavel - Jornal","og_description":"Avi\u00e3o da FAB transportando corpos das v\u00edtimas do voo 2283 decola para Cascavel","og_url":"https:\/\/jornalboasnoticias.com.br\/home\/aviao-da-fab-transportando-corpos-das-vitimas-do-voo-2283-decola-para-cascavel\/","og_site_name":"Jornal","article_publisher":"https:\/\/www.facebook.com\/boasnoticiasjornal","article_published_time":"2024-09-13T19:05:48+00:00","article_modified_time":"2024-09-30T22:17:34+00:00","og_image":[{"width":1170,"height":512,"url":"https:\/\/jornalboasnoticias.com.br\/home\/wp-content\/uploads\/2024\/08\/IMG_3496.jpeg","type":"image\/jpeg"}],"author":"Ana Luiza Bonatto","twitter_card":"summary_large_image","twitter_misc":{"Escrito por":"Ana Luiza Bonatto","Est. tempo de leitura":"2 minutos"},"schema":{"@context":"https:\/\/schema.org","@graph":[{"@type":"Article","@id":"https:\/\/jornalboasnoticias.com.br\/home\/aviao-da-fab-transportando-corpos-das-vitimas-do-voo-2283-decola-para-cascavel\/#article","isPartOf":{"@id":"https:\/\/jornalboasnoticias.com.br\/home\/aviao-da-fab-transportando-corpos-das-vitimas-do-voo-2283-decola-para-cascavel\/"},"author":{"name":"Ana Luiza Bonatto","@id":"https:\/\/jornalboasnoticias.com.br\/home\/#\/schema\/person\/d641193e0afc6405b390164dac847971"},"headline":"Avi\u00e3o da FAB transportando corpos das v\u00edtimas do voo 2283 decola para Cascavel","datePublished":"2024-09-13T19:05:48+00:00","dateModified":"2024-09-30T22:17:34+00:00","mainEntityOfPage":{"@id":"https:\/\/jornalboasnoticias.com.br\/home\/aviao-da-fab-transportando-corpos-das-vitimas-do-voo-2283-decola-para-cascavel\/"},"wordCount":209,"commentCount":0,"publisher":{"@id":"https:\/\/jornalboasnoticias.com.br\/home\/#organization"},"image":{"@id":"https:\/\/jornalboasnoticias.com.br\/home\/aviao-da-fab-transportando-corpos-das-vitimas-do-voo-2283-decola-para-cascavel\/#primaryimage"},"thumbnailUrl":"https:\/\/jornalboasnoticias.com.br\/home\/wp-content\/uploads\/2024\/08\/IMG_3496.jpeg","articleSection":["CASCAVEL","DESTAQUE"],"inLanguage":"pt-BR","potentialAction":[{"@type":"CommentAction","name":"Comment","target":["https:\/\/jornalboasnoticias.com.br\/home\/aviao-da-fab-transportando-corpos-das-vitimas-do-voo-2283-decola-para-cascavel\/#respond"]}]},{"@type":"WebPage","@id":"https:\/\/jornalboasnoticias.com.br\/home\/aviao-da-fab-transportando-corpos-das-vitimas-do-voo-2283-decola-para-cascavel\/","url":"https:\/\/jornalboasnoticias.com.br\/home\/aviao-da-fab-transportando-corpos-das-vitimas-do-voo-2283-decola-para-cascavel\/","name":"Avi\u00e3o da FAB transportando corpos das v\u00edtimas do voo 2283 decola para Cascavel - Jornal","isPartOf":{"@id":"https:\/\/jornalboasnoticias.com.br\/home\/#website"},"primaryImageOfPage":{"@id":"https:\/\/jornalboasnoticias.com.br\/home\/aviao-da-fab-transportando-corpos-das-vitimas-do-voo-2283-decola-para-cascavel\/#primaryimage"},"image":{"@id":"https:\/\/jornalboasnoticias.com.br\/home\/aviao-da-fab-transportando-corpos-das-vitimas-do-voo-2283-decola-para-cascavel\/#primaryimage"},"thumbnailUrl":"https:\/\/jornalboasnoticias.com.br\/home\/wp-content\/uploads\/2024\/08\/IMG_3496.jpeg","datePublished":"2024-09-13T19:05:48+00:00","dateModified":"2024-09-30T22:17:34+00:00","description":"Avi\u00e3o da FAB transportando corpos das v\u00edtimas do voo 2283 decola para Cascavel","breadcrumb":{"@id":"https:\/\/jornalboasnoticias.com.br\/home\/aviao-da-fab-transportando-corpos-das-vitimas-do-voo-2283-decola-para-cascavel\/#breadcrumb"},"inLanguage":"pt-BR","potentialAction":[{"@type":"ReadAction","target":["https:\/\/jornalboasnoticias.com.br\/home\/aviao-da-fab-transportando-corpos-das-vitimas-do-voo-2283-decola-para-cascavel\/"]}]},{"@type":"ImageObject","inLanguage":"pt-BR","@id":"https:\/\/jornalboasnoticias.com.br\/home\/aviao-da-fab-transportando-corpos-das-vitimas-do-voo-2283-decola-para-cascavel\/#primaryimage","url":"https:\/\/jornalboasnoticias.com.br\/home\/wp-content\/uploads\/2024\/08\/IMG_3496.jpeg","contentUrl":"https:\/\/jornalboasnoticias.com.br\/home\/wp-content\/uploads\/2024\/08\/IMG_3496.jpeg","width":1170,"height":512},{"@type":"BreadcrumbList","@id":"https:\/\/jornalboasnoticias.com.br\/home\/aviao-da-fab-transportando-corpos-das-vitimas-do-voo-2283-decola-para-cascavel\/#breadcrumb","itemListElement":[{"@type":"ListItem","position":1,"name":"In\u00edcio","item":"https:\/\/jornalboasnoticias.com.br\/home\/"},{"@type":"ListItem","position":2,"name":"Avi\u00e3o da FAB transportando corpos das v\u00edtimas do voo 2283 decola para Cascavel"}]},{"@type":"WebSite","@id":"https:\/\/jornalboasnoticias.com.br\/home\/#website","url":"https:\/\/jornalboasnoticias.com.br\/home\/","name":"Jornal Boas Not\u00edcias","description":"Boas not\u00edcias","publisher":{"@id":"https:\/\/jornalboasnoticias.com.br\/home\/#organization"},"potentialAction":[{"@type":"SearchAction","target":{"@type":"EntryPoint","urlTemplate":"https:\/\/jornalboasnoticias.com.br\/home\/?s={search_term_string}"},"query-input":{"@type":"PropertyValueSpecification","valueRequired":true,"valueName":"search_term_string"}}],"inLanguage":"pt-BR"},{"@type":"Organization","@id":"https:\/\/jornalboasnoticias.com.br\/home\/#organization","name":"Coq Editora Ltda","alternateName":"Jornal Boas Noticias","url":"https:\/\/jornalboasnoticias.com.br\/home\/","logo":{"@type":"ImageObject","inLanguage":"pt-BR","@id":"https:\/\/jornalboasnoticias.com.br\/home\/#\/schema\/logo\/image\/","url":"https:\/\/jornalboasnoticias.com.br\/home\/wp-content\/uploads\/2024\/07\/cropped-logo.jpg","contentUrl":"https:\/\/jornalboasnoticias.com.br\/home\/wp-content\/uploads\/2024\/07\/cropped-logo.jpg","width":290,"height":142,"caption":"Coq Editora Ltda"},"image":{"@id":"https:\/\/jornalboasnoticias.com.br\/home\/#\/schema\/logo\/image\/"},"sameAs":["https:\/\/www.facebook.com\/boasnoticiasjornal"]},{"@type":"Person","@id":"https:\/\/jornalboasnoticias.com.br\/home\/#\/schema\/person\/d641193e0afc6405b390164dac847971","name":"Ana Luiza Bonatto","image":{"@type":"ImageObject","inLanguage":"pt-BR","@id":"https:\/\/secure.gravatar.com\/avatar\/8a055ebe6373371f67ac6fcf313c0ac0b0a91157fdcdb9514fa62927373348f0?s=96&d=mm&r=g","url":"https:\/\/secure.gravatar.com\/avatar\/8a055ebe6373371f67ac6fcf313c0ac0b0a91157fdcdb9514fa62927373348f0?s=96&d=mm&r=g","contentUrl":"https:\/\/secure.gravatar.com\/avatar\/8a055ebe6373371f67ac6fcf313c0ac0b0a91157fdcdb9514fa62927373348f0?s=96&d=mm&r=g","caption":"Ana Luiza Bonatto"},"url":"https:\/\/jornalboasnoticias.com.br\/home\/author\/ana-luiza\/"}]}},"_links":{"self":[{"href":"https:\/\/jornalboasnoticias.com.br\/home\/wp-json\/wp\/v2\/posts\/43379","targetHints":{"allow":["GET"]}}],"collection":[{"href":"https:\/\/jornalboasnoticias.com.br\/home\/wp-json\/wp\/v2\/posts"}],"about":[{"href":"https:\/\/jornalboasnoticias.com.br\/home\/wp-json\/wp\/v2\/types\/post"}],"author":[{"embeddable":true,"href":"https:\/\/jornalboasnoticias.com.br\/home\/wp-json\/wp\/v2\/users\/4"}],"replies":[{"embeddable":true,"href":"https:\/\/jornalboasnoticias.com.br\/home\/wp-json\/wp\/v2\/comments?post=43379"}],"version-history":[{"count":1,"href":"https:\/\/jornalboasnoticias.com.br\/home\/wp-json\/wp\/v2\/posts\/43379\/revisions"}],"predecessor-version":[{"id":43381,"href":"https:\/\/jornalboasnoticias.com.br\/home\/wp-json\/wp\/v2\/posts\/43379\/revisions\/43381"}],"wp:featuredmedia":[{"embeddable":true,"href":"https:\/\/jornalboasnoticias.com.br\/home\/wp-json\/wp\/v2\/media\/43380"}],"wp:attachment":[{"href":"https:\/\/jornalboasnoticias.com.br\/home\/wp-json\/wp\/v2\/media?parent=43379"}],"wp:term":[{"taxonomy":"category","embeddable":true,"href":"https:\/\/jornalboasnoticias.com.br\/home\/wp-json\/wp\/v2\/categories?post=43379"},{"taxonomy":"post_tag","embeddable":true,"href":"https:\/\/jornalboasnoticias.com.br\/home\/wp-json\/wp\/v2\/tags?post=43379"}],"curies":[{"name":"wp","href":"https:\/\/api.w.org\/{rel}","templated":true}]}}