{"id":43374,"date":"2024-08-09T17:03:24","date_gmt":"2024-08-09T17:03:24","guid":{"rendered":"https:\/\/jornalboasnoticias.com.br\/home\/?p=43374"},"modified":"2024-08-09T17:03:24","modified_gmt":"2024-08-09T17:03:24","slug":"aviao-que-decolou-de-cascavel-pr-cai-em-vinhedo-sp-e-mobiliza-corpo-de-bombeiros","status":"publish","type":"post","link":"https:\/\/jornalboasnoticias.com.br\/home\/aviao-que-decolou-de-cascavel-pr-cai-em-vinhedo-sp-e-mobiliza-corpo-de-bombeiros\/","title":{"rendered":"Avi\u00e3o que Decolou de Cascavel (PR), cai em Vinhedo (SP) e mobiliza Corpo de Bombeiros"},"content":{"rendered":"<div class=\"row content-head mc-column non-featured \">\n<div class=\"medium-centered subtitle\">\n<blockquote>\n<figure id=\"attachment_43375\" aria-describedby=\"caption-attachment-43375\" style=\"width: 984px\" class=\"wp-caption alignnone\"><img loading=\"lazy\" decoding=\"async\" class=\"wp-image-43375 size-full\" src=\"https:\/\/jornalboasnoticias.com.br\/home\/wp-content\/uploads\/2024\/08\/queda-aviao.jpg\" alt=\"\" width=\"984\" height=\"801\" srcset=\"https:\/\/jornalboasnoticias.com.br\/home\/wp-content\/uploads\/2024\/08\/queda-aviao.jpg 984w, https:\/\/jornalboasnoticias.com.br\/home\/wp-content\/uploads\/2024\/08\/queda-aviao-300x244.jpg 300w, https:\/\/jornalboasnoticias.com.br\/home\/wp-content\/uploads\/2024\/08\/queda-aviao-768x625.jpg 768w\" sizes=\"auto, (max-width: 984px) 100vw, 984px\" \/><figcaption id=\"caption-attachment-43375\" class=\"wp-caption-text\">Foto: Divulga\u00e7\u00e3o\/Redes Sociais<\/figcaption><\/figure>\n<p class=\"content-head__subtitle\">A informa\u00e7\u00e3o inicial \u00e9 de se trata de um avi\u00e3o bimotor de passageiros que saiu de Cascavel (PR) com destino a Guarulhos (SP).<\/p>\n<\/blockquote>\n<\/div>\n<\/div>\n<div class=\"content__signa-share mc-column\">\n<div class=\"content__signature\">\n<div class=\"content-publication-data\">\n<div class=\"content-publication-data__text\">\n<div id=\"chunk-9qau\">\n<div class=\"mc-column content-text active-extra-styles \" data-block-type=\"unstyled\" data-block-weight=\"47\">\n<p class=\" content-text__container \" data-track-category=\"Link no Texto\" data-track-links=\"\">Um avi\u00e3o caiu na regi\u00e3o do bairro Capela, em\u00a0Vinhedo (SP), no in\u00edcio da tarde desta sexta-feira (9). A Pol\u00edcia Militar informou \u00e0\u00a0<strong>EPTV\u00a0<\/strong>que recebeu o chamado \u00e0s 13h28 na rua Jo\u00e3o Edueta, pr\u00f3ximo a rodovia Miguel Melhado de Campos (SP-324), e enviou equipes ao local.<\/p>\n<\/div>\n<\/div>\n<div class=\"wall protected-content\">\n<div id=\"chunk-1et5v\">\n<div class=\"mc-column content-text active-extra-styles \" data-block-type=\"unstyled\" data-block-weight=\"33\">\n<p class=\" content-text__container \" data-track-category=\"Link no Texto\" data-track-links=\"\">A informa\u00e7\u00e3o inicial \u00e9 de se trata de um avi\u00e3o bimotor de passageiros, modelo ATR-72, que saiu de Cascavel (PR) com destino a Guarulhos (SP). Esse modelo comporta, segundo a Anac, 68 passageiros.<\/p>\n<\/div>\n<\/div>\n<div id=\"chunk-1euc2\">\n<div class=\"mc-column content-text active-extra-styles \" data-block-type=\"unstyled\" data-block-weight=\"30\">\n<p class=\" content-text__container \" data-track-category=\"Link no Texto\" data-track-links=\"\">Hospitais de Vinhedo e Valinhos (SP) est\u00e3o sendo mobilizados para receber poss\u00edveis feridos. O Corpo de Bombeiros, a Defesa Civil e a Pol\u00edcia Militar est\u00e3o atendendo a ocorr\u00eancia no local.<\/p>\n<div id=\"chunk-d5gt0\">\n<div class=\"mc-column content-text active-extra-styles \" data-block-type=\"unstyled\" data-block-weight=\"9\" data-block-id=\"10\">\n<p class=\" content-text__container \" data-track-category=\"Link no Texto\" data-track-links=\"\" data-mrf-recirculation=\"Article links\">A Santa Casa de Valinhos e o Hospital Galileo<\/p>\n<\/div>\n<\/div>\n<div data-track-category=\"multicontent\" data-track-action=\"multicontent\" data-track-noninteraction=\"false\" data-track-scroll=\"ultimo chunk conteudo\" data-track-value=\"view\">\n<div id=\"chunk-rtp4\">\n<div class=\"mc-column content-text active-extra-styles \" data-block-type=\"unstyled\" data-block-weight=\"5\" data-block-id=\"11\">\n<p class=\" content-text__container \" data-track-category=\"Link no Texto\" data-track-links=\"\" data-mrf-recirculation=\"Article links\"><em>A reportagem est\u00e1 em atualiza\u00e7\u00e3o.<\/em><\/p>\n<p data-track-category=\"Link no Texto\" data-track-links=\"\" data-mrf-recirculation=\"Article links\">Com informa\u00e7\u00f5es do Portal G1<\/p>\n<\/div>\n<\/div>\n<\/div>\n<\/div>\n<\/div>\n<\/div>\n<\/div>\n<\/div>\n<\/div>\n<\/div>\n","protected":false},"excerpt":{"rendered":"<p>A informa\u00e7\u00e3o inicial \u00e9 de se trata de um avi\u00e3o bimotor de passageiros que saiu<\/p>\n","protected":false},"author":4,"featured_media":43375,"comment_status":"open","ping_status":"open","sticky":false,"template":"","format":"standard","meta":{"footnotes":""},"categories":[6,3],"tags":[],"class_list":["post-43374","post","type-post","status-publish","format-standard","has-post-thumbnail","hentry","category-brasil","category-destaques"],"yoast_head":"<!-- This site is optimized with the Yoast SEO plugin v27.5 - https:\/\/yoast.com\/product\/yoast-seo-wordpress\/ -->\n<title>Avi\u00e3o que Decolou de Cascavel (PR), cai em Vinhedo (SP) e mobiliza Corpo de Bombeiros - Jornal<\/title>\n<meta name=\"description\" content=\"Avi\u00e3o que Decolou de Cascavel (PR), cai em Vinhedo (SP) e mobiliza Corpo de Bombeiros\" \/>\n<meta name=\"robots\" content=\"index, follow, max-snippet:-1, max-image-preview:large, max-video-preview:-1\" \/>\n<link rel=\"canonical\" href=\"https:\/\/jornalboasnoticias.com.br\/home\/aviao-que-decolou-de-cascavel-pr-cai-em-vinhedo-sp-e-mobiliza-corpo-de-bombeiros\/\" \/>\n<meta property=\"og:locale\" content=\"pt_BR\" \/>\n<meta property=\"og:type\" content=\"article\" \/>\n<meta property=\"og:title\" content=\"Avi\u00e3o que Decolou de Cascavel (PR), cai em Vinhedo (SP) e mobiliza Corpo de Bombeiros - Jornal\" \/>\n<meta property=\"og:description\" content=\"Avi\u00e3o que Decolou de Cascavel (PR), cai em Vinhedo (SP) e mobiliza Corpo de Bombeiros\" \/>\n<meta property=\"og:url\" content=\"https:\/\/jornalboasnoticias.com.br\/home\/aviao-que-decolou-de-cascavel-pr-cai-em-vinhedo-sp-e-mobiliza-corpo-de-bombeiros\/\" \/>\n<meta property=\"og:site_name\" content=\"Jornal\" \/>\n<meta property=\"article:publisher\" content=\"https:\/\/www.facebook.com\/boasnoticiasjornal\" \/>\n<meta property=\"article:published_time\" content=\"2024-08-09T17:03:24+00:00\" \/>\n<meta property=\"og:image\" content=\"https:\/\/jornalboasnoticias.com.br\/home\/wp-content\/uploads\/2024\/08\/queda-aviao.jpg\" \/>\n\t<meta property=\"og:image:width\" content=\"984\" \/>\n\t<meta property=\"og:image:height\" content=\"801\" \/>\n\t<meta property=\"og:image:type\" content=\"image\/jpeg\" \/>\n<meta name=\"author\" content=\"Ana Luiza Bonatto\" \/>\n<meta name=\"twitter:card\" content=\"summary_large_image\" \/>\n<meta name=\"twitter:label1\" content=\"Escrito por\" \/>\n\t<meta name=\"twitter:data1\" content=\"Ana Luiza Bonatto\" \/>\n\t<meta name=\"twitter:label2\" content=\"Est. tempo de leitura\" \/>\n\t<meta name=\"twitter:data2\" content=\"1 minuto\" \/>\n<script type=\"application\/ld+json\" class=\"yoast-schema-graph\">{\"@context\":\"https:\\\/\\\/schema.org\",\"@graph\":[{\"@type\":\"Article\",\"@id\":\"https:\\\/\\\/jornalboasnoticias.com.br\\\/home\\\/aviao-que-decolou-de-cascavel-pr-cai-em-vinhedo-sp-e-mobiliza-corpo-de-bombeiros\\\/#article\",\"isPartOf\":{\"@id\":\"https:\\\/\\\/jornalboasnoticias.com.br\\\/home\\\/aviao-que-decolou-de-cascavel-pr-cai-em-vinhedo-sp-e-mobiliza-corpo-de-bombeiros\\\/\"},\"author\":{\"name\":\"Ana Luiza Bonatto\",\"@id\":\"https:\\\/\\\/jornalboasnoticias.com.br\\\/home\\\/#\\\/schema\\\/person\\\/d641193e0afc6405b390164dac847971\"},\"headline\":\"Avi\u00e3o que Decolou de Cascavel (PR), cai em Vinhedo (SP) e mobiliza Corpo de Bombeiros\",\"datePublished\":\"2024-08-09T17:03:24+00:00\",\"mainEntityOfPage\":{\"@id\":\"https:\\\/\\\/jornalboasnoticias.com.br\\\/home\\\/aviao-que-decolou-de-cascavel-pr-cai-em-vinhedo-sp-e-mobiliza-corpo-de-bombeiros\\\/\"},\"wordCount\":192,\"commentCount\":0,\"publisher\":{\"@id\":\"https:\\\/\\\/jornalboasnoticias.com.br\\\/home\\\/#organization\"},\"image\":{\"@id\":\"https:\\\/\\\/jornalboasnoticias.com.br\\\/home\\\/aviao-que-decolou-de-cascavel-pr-cai-em-vinhedo-sp-e-mobiliza-corpo-de-bombeiros\\\/#primaryimage\"},\"thumbnailUrl\":\"https:\\\/\\\/jornalboasnoticias.com.br\\\/home\\\/wp-content\\\/uploads\\\/2024\\\/08\\\/queda-aviao.jpg\",\"articleSection\":[\"BRASIL\",\"DESTAQUE\"],\"inLanguage\":\"pt-BR\",\"potentialAction\":[{\"@type\":\"CommentAction\",\"name\":\"Comment\",\"target\":[\"https:\\\/\\\/jornalboasnoticias.com.br\\\/home\\\/aviao-que-decolou-de-cascavel-pr-cai-em-vinhedo-sp-e-mobiliza-corpo-de-bombeiros\\\/#respond\"]}]},{\"@type\":\"WebPage\",\"@id\":\"https:\\\/\\\/jornalboasnoticias.com.br\\\/home\\\/aviao-que-decolou-de-cascavel-pr-cai-em-vinhedo-sp-e-mobiliza-corpo-de-bombeiros\\\/\",\"url\":\"https:\\\/\\\/jornalboasnoticias.com.br\\\/home\\\/aviao-que-decolou-de-cascavel-pr-cai-em-vinhedo-sp-e-mobiliza-corpo-de-bombeiros\\\/\",\"name\":\"Avi\u00e3o que Decolou de Cascavel (PR), cai em Vinhedo (SP) e mobiliza Corpo de Bombeiros - Jornal\",\"isPartOf\":{\"@id\":\"https:\\\/\\\/jornalboasnoticias.com.br\\\/home\\\/#website\"},\"primaryImageOfPage\":{\"@id\":\"https:\\\/\\\/jornalboasnoticias.com.br\\\/home\\\/aviao-que-decolou-de-cascavel-pr-cai-em-vinhedo-sp-e-mobiliza-corpo-de-bombeiros\\\/#primaryimage\"},\"image\":{\"@id\":\"https:\\\/\\\/jornalboasnoticias.com.br\\\/home\\\/aviao-que-decolou-de-cascavel-pr-cai-em-vinhedo-sp-e-mobiliza-corpo-de-bombeiros\\\/#primaryimage\"},\"thumbnailUrl\":\"https:\\\/\\\/jornalboasnoticias.com.br\\\/home\\\/wp-content\\\/uploads\\\/2024\\\/08\\\/queda-aviao.jpg\",\"datePublished\":\"2024-08-09T17:03:24+00:00\",\"description\":\"Avi\u00e3o que Decolou de Cascavel (PR), cai em Vinhedo (SP) e mobiliza Corpo de Bombeiros\",\"breadcrumb\":{\"@id\":\"https:\\\/\\\/jornalboasnoticias.com.br\\\/home\\\/aviao-que-decolou-de-cascavel-pr-cai-em-vinhedo-sp-e-mobiliza-corpo-de-bombeiros\\\/#breadcrumb\"},\"inLanguage\":\"pt-BR\",\"potentialAction\":[{\"@type\":\"ReadAction\",\"target\":[\"https:\\\/\\\/jornalboasnoticias.com.br\\\/home\\\/aviao-que-decolou-de-cascavel-pr-cai-em-vinhedo-sp-e-mobiliza-corpo-de-bombeiros\\\/\"]}]},{\"@type\":\"ImageObject\",\"inLanguage\":\"pt-BR\",\"@id\":\"https:\\\/\\\/jornalboasnoticias.com.br\\\/home\\\/aviao-que-decolou-de-cascavel-pr-cai-em-vinhedo-sp-e-mobiliza-corpo-de-bombeiros\\\/#primaryimage\",\"url\":\"https:\\\/\\\/jornalboasnoticias.com.br\\\/home\\\/wp-content\\\/uploads\\\/2024\\\/08\\\/queda-aviao.jpg\",\"contentUrl\":\"https:\\\/\\\/jornalboasnoticias.com.br\\\/home\\\/wp-content\\\/uploads\\\/2024\\\/08\\\/queda-aviao.jpg\",\"width\":984,\"height\":801},{\"@type\":\"BreadcrumbList\",\"@id\":\"https:\\\/\\\/jornalboasnoticias.com.br\\\/home\\\/aviao-que-decolou-de-cascavel-pr-cai-em-vinhedo-sp-e-mobiliza-corpo-de-bombeiros\\\/#breadcrumb\",\"itemListElement\":[{\"@type\":\"ListItem\",\"position\":1,\"name\":\"In\u00edcio\",\"item\":\"https:\\\/\\\/jornalboasnoticias.com.br\\\/home\\\/\"},{\"@type\":\"ListItem\",\"position\":2,\"name\":\"Avi\u00e3o que Decolou de Cascavel (PR), cai em Vinhedo (SP) e mobiliza Corpo de Bombeiros\"}]},{\"@type\":\"WebSite\",\"@id\":\"https:\\\/\\\/jornalboasnoticias.com.br\\\/home\\\/#website\",\"url\":\"https:\\\/\\\/jornalboasnoticias.com.br\\\/home\\\/\",\"name\":\"Jornal Boas Not\u00edcias\",\"description\":\"Boas not\u00edcias\",\"publisher\":{\"@id\":\"https:\\\/\\\/jornalboasnoticias.com.br\\\/home\\\/#organization\"},\"potentialAction\":[{\"@type\":\"SearchAction\",\"target\":{\"@type\":\"EntryPoint\",\"urlTemplate\":\"https:\\\/\\\/jornalboasnoticias.com.br\\\/home\\\/?s={search_term_string}\"},\"query-input\":{\"@type\":\"PropertyValueSpecification\",\"valueRequired\":true,\"valueName\":\"search_term_string\"}}],\"inLanguage\":\"pt-BR\"},{\"@type\":\"Organization\",\"@id\":\"https:\\\/\\\/jornalboasnoticias.com.br\\\/home\\\/#organization\",\"name\":\"Coq Editora Ltda\",\"alternateName\":\"Jornal Boas Noticias\",\"url\":\"https:\\\/\\\/jornalboasnoticias.com.br\\\/home\\\/\",\"logo\":{\"@type\":\"ImageObject\",\"inLanguage\":\"pt-BR\",\"@id\":\"https:\\\/\\\/jornalboasnoticias.com.br\\\/home\\\/#\\\/schema\\\/logo\\\/image\\\/\",\"url\":\"https:\\\/\\\/jornalboasnoticias.com.br\\\/home\\\/wp-content\\\/uploads\\\/2024\\\/07\\\/cropped-logo.jpg\",\"contentUrl\":\"https:\\\/\\\/jornalboasnoticias.com.br\\\/home\\\/wp-content\\\/uploads\\\/2024\\\/07\\\/cropped-logo.jpg\",\"width\":290,\"height\":142,\"caption\":\"Coq Editora Ltda\"},\"image\":{\"@id\":\"https:\\\/\\\/jornalboasnoticias.com.br\\\/home\\\/#\\\/schema\\\/logo\\\/image\\\/\"},\"sameAs\":[\"https:\\\/\\\/www.facebook.com\\\/boasnoticiasjornal\"]},{\"@type\":\"Person\",\"@id\":\"https:\\\/\\\/jornalboasnoticias.com.br\\\/home\\\/#\\\/schema\\\/person\\\/d641193e0afc6405b390164dac847971\",\"name\":\"Ana Luiza Bonatto\",\"image\":{\"@type\":\"ImageObject\",\"inLanguage\":\"pt-BR\",\"@id\":\"https:\\\/\\\/secure.gravatar.com\\\/avatar\\\/8a055ebe6373371f67ac6fcf313c0ac0b0a91157fdcdb9514fa62927373348f0?s=96&d=mm&r=g\",\"url\":\"https:\\\/\\\/secure.gravatar.com\\\/avatar\\\/8a055ebe6373371f67ac6fcf313c0ac0b0a91157fdcdb9514fa62927373348f0?s=96&d=mm&r=g\",\"contentUrl\":\"https:\\\/\\\/secure.gravatar.com\\\/avatar\\\/8a055ebe6373371f67ac6fcf313c0ac0b0a91157fdcdb9514fa62927373348f0?s=96&d=mm&r=g\",\"caption\":\"Ana Luiza Bonatto\"},\"url\":\"https:\\\/\\\/jornalboasnoticias.com.br\\\/home\\\/author\\\/ana-luiza\\\/\"}]}<\/script>\n<!-- \/ Yoast SEO plugin. -->","yoast_head_json":{"title":"Avi\u00e3o que Decolou de Cascavel (PR), cai em Vinhedo (SP) e mobiliza Corpo de Bombeiros - Jornal","description":"Avi\u00e3o que Decolou de Cascavel (PR), cai em Vinhedo (SP) e mobiliza Corpo de Bombeiros","robots":{"index":"index","follow":"follow","max-snippet":"max-snippet:-1","max-image-preview":"max-image-preview:large","max-video-preview":"max-video-preview:-1"},"canonical":"https:\/\/jornalboasnoticias.com.br\/home\/aviao-que-decolou-de-cascavel-pr-cai-em-vinhedo-sp-e-mobiliza-corpo-de-bombeiros\/","og_locale":"pt_BR","og_type":"article","og_title":"Avi\u00e3o que Decolou de Cascavel (PR), cai em Vinhedo (SP) e mobiliza Corpo de Bombeiros - Jornal","og_description":"Avi\u00e3o que Decolou de Cascavel (PR), cai em Vinhedo (SP) e mobiliza Corpo de Bombeiros","og_url":"https:\/\/jornalboasnoticias.com.br\/home\/aviao-que-decolou-de-cascavel-pr-cai-em-vinhedo-sp-e-mobiliza-corpo-de-bombeiros\/","og_site_name":"Jornal","article_publisher":"https:\/\/www.facebook.com\/boasnoticiasjornal","article_published_time":"2024-08-09T17:03:24+00:00","og_image":[{"width":984,"height":801,"url":"https:\/\/jornalboasnoticias.com.br\/home\/wp-content\/uploads\/2024\/08\/queda-aviao.jpg","type":"image\/jpeg"}],"author":"Ana Luiza Bonatto","twitter_card":"summary_large_image","twitter_misc":{"Escrito por":"Ana Luiza Bonatto","Est. tempo de leitura":"1 minuto"},"schema":{"@context":"https:\/\/schema.org","@graph":[{"@type":"Article","@id":"https:\/\/jornalboasnoticias.com.br\/home\/aviao-que-decolou-de-cascavel-pr-cai-em-vinhedo-sp-e-mobiliza-corpo-de-bombeiros\/#article","isPartOf":{"@id":"https:\/\/jornalboasnoticias.com.br\/home\/aviao-que-decolou-de-cascavel-pr-cai-em-vinhedo-sp-e-mobiliza-corpo-de-bombeiros\/"},"author":{"name":"Ana Luiza Bonatto","@id":"https:\/\/jornalboasnoticias.com.br\/home\/#\/schema\/person\/d641193e0afc6405b390164dac847971"},"headline":"Avi\u00e3o que Decolou de Cascavel (PR), cai em Vinhedo (SP) e mobiliza Corpo de Bombeiros","datePublished":"2024-08-09T17:03:24+00:00","mainEntityOfPage":{"@id":"https:\/\/jornalboasnoticias.com.br\/home\/aviao-que-decolou-de-cascavel-pr-cai-em-vinhedo-sp-e-mobiliza-corpo-de-bombeiros\/"},"wordCount":192,"commentCount":0,"publisher":{"@id":"https:\/\/jornalboasnoticias.com.br\/home\/#organization"},"image":{"@id":"https:\/\/jornalboasnoticias.com.br\/home\/aviao-que-decolou-de-cascavel-pr-cai-em-vinhedo-sp-e-mobiliza-corpo-de-bombeiros\/#primaryimage"},"thumbnailUrl":"https:\/\/jornalboasnoticias.com.br\/home\/wp-content\/uploads\/2024\/08\/queda-aviao.jpg","articleSection":["BRASIL","DESTAQUE"],"inLanguage":"pt-BR","potentialAction":[{"@type":"CommentAction","name":"Comment","target":["https:\/\/jornalboasnoticias.com.br\/home\/aviao-que-decolou-de-cascavel-pr-cai-em-vinhedo-sp-e-mobiliza-corpo-de-bombeiros\/#respond"]}]},{"@type":"WebPage","@id":"https:\/\/jornalboasnoticias.com.br\/home\/aviao-que-decolou-de-cascavel-pr-cai-em-vinhedo-sp-e-mobiliza-corpo-de-bombeiros\/","url":"https:\/\/jornalboasnoticias.com.br\/home\/aviao-que-decolou-de-cascavel-pr-cai-em-vinhedo-sp-e-mobiliza-corpo-de-bombeiros\/","name":"Avi\u00e3o que Decolou de Cascavel (PR), cai em Vinhedo (SP) e mobiliza Corpo de Bombeiros - Jornal","isPartOf":{"@id":"https:\/\/jornalboasnoticias.com.br\/home\/#website"},"primaryImageOfPage":{"@id":"https:\/\/jornalboasnoticias.com.br\/home\/aviao-que-decolou-de-cascavel-pr-cai-em-vinhedo-sp-e-mobiliza-corpo-de-bombeiros\/#primaryimage"},"image":{"@id":"https:\/\/jornalboasnoticias.com.br\/home\/aviao-que-decolou-de-cascavel-pr-cai-em-vinhedo-sp-e-mobiliza-corpo-de-bombeiros\/#primaryimage"},"thumbnailUrl":"https:\/\/jornalboasnoticias.com.br\/home\/wp-content\/uploads\/2024\/08\/queda-aviao.jpg","datePublished":"2024-08-09T17:03:24+00:00","description":"Avi\u00e3o que Decolou de Cascavel (PR), cai em Vinhedo (SP) e mobiliza Corpo de Bombeiros","breadcrumb":{"@id":"https:\/\/jornalboasnoticias.com.br\/home\/aviao-que-decolou-de-cascavel-pr-cai-em-vinhedo-sp-e-mobiliza-corpo-de-bombeiros\/#breadcrumb"},"inLanguage":"pt-BR","potentialAction":[{"@type":"ReadAction","target":["https:\/\/jornalboasnoticias.com.br\/home\/aviao-que-decolou-de-cascavel-pr-cai-em-vinhedo-sp-e-mobiliza-corpo-de-bombeiros\/"]}]},{"@type":"ImageObject","inLanguage":"pt-BR","@id":"https:\/\/jornalboasnoticias.com.br\/home\/aviao-que-decolou-de-cascavel-pr-cai-em-vinhedo-sp-e-mobiliza-corpo-de-bombeiros\/#primaryimage","url":"https:\/\/jornalboasnoticias.com.br\/home\/wp-content\/uploads\/2024\/08\/queda-aviao.jpg","contentUrl":"https:\/\/jornalboasnoticias.com.br\/home\/wp-content\/uploads\/2024\/08\/queda-aviao.jpg","width":984,"height":801},{"@type":"BreadcrumbList","@id":"https:\/\/jornalboasnoticias.com.br\/home\/aviao-que-decolou-de-cascavel-pr-cai-em-vinhedo-sp-e-mobiliza-corpo-de-bombeiros\/#breadcrumb","itemListElement":[{"@type":"ListItem","position":1,"name":"In\u00edcio","item":"https:\/\/jornalboasnoticias.com.br\/home\/"},{"@type":"ListItem","position":2,"name":"Avi\u00e3o que Decolou de Cascavel (PR), cai em Vinhedo (SP) e mobiliza Corpo de Bombeiros"}]},{"@type":"WebSite","@id":"https:\/\/jornalboasnoticias.com.br\/home\/#website","url":"https:\/\/jornalboasnoticias.com.br\/home\/","name":"Jornal Boas Not\u00edcias","description":"Boas not\u00edcias","publisher":{"@id":"https:\/\/jornalboasnoticias.com.br\/home\/#organization"},"potentialAction":[{"@type":"SearchAction","target":{"@type":"EntryPoint","urlTemplate":"https:\/\/jornalboasnoticias.com.br\/home\/?s={search_term_string}"},"query-input":{"@type":"PropertyValueSpecification","valueRequired":true,"valueName":"search_term_string"}}],"inLanguage":"pt-BR"},{"@type":"Organization","@id":"https:\/\/jornalboasnoticias.com.br\/home\/#organization","name":"Coq Editora Ltda","alternateName":"Jornal Boas Noticias","url":"https:\/\/jornalboasnoticias.com.br\/home\/","logo":{"@type":"ImageObject","inLanguage":"pt-BR","@id":"https:\/\/jornalboasnoticias.com.br\/home\/#\/schema\/logo\/image\/","url":"https:\/\/jornalboasnoticias.com.br\/home\/wp-content\/uploads\/2024\/07\/cropped-logo.jpg","contentUrl":"https:\/\/jornalboasnoticias.com.br\/home\/wp-content\/uploads\/2024\/07\/cropped-logo.jpg","width":290,"height":142,"caption":"Coq Editora Ltda"},"image":{"@id":"https:\/\/jornalboasnoticias.com.br\/home\/#\/schema\/logo\/image\/"},"sameAs":["https:\/\/www.facebook.com\/boasnoticiasjornal"]},{"@type":"Person","@id":"https:\/\/jornalboasnoticias.com.br\/home\/#\/schema\/person\/d641193e0afc6405b390164dac847971","name":"Ana Luiza Bonatto","image":{"@type":"ImageObject","inLanguage":"pt-BR","@id":"https:\/\/secure.gravatar.com\/avatar\/8a055ebe6373371f67ac6fcf313c0ac0b0a91157fdcdb9514fa62927373348f0?s=96&d=mm&r=g","url":"https:\/\/secure.gravatar.com\/avatar\/8a055ebe6373371f67ac6fcf313c0ac0b0a91157fdcdb9514fa62927373348f0?s=96&d=mm&r=g","contentUrl":"https:\/\/secure.gravatar.com\/avatar\/8a055ebe6373371f67ac6fcf313c0ac0b0a91157fdcdb9514fa62927373348f0?s=96&d=mm&r=g","caption":"Ana Luiza Bonatto"},"url":"https:\/\/jornalboasnoticias.com.br\/home\/author\/ana-luiza\/"}]}},"_links":{"self":[{"href":"https:\/\/jornalboasnoticias.com.br\/home\/wp-json\/wp\/v2\/posts\/43374","targetHints":{"allow":["GET"]}}],"collection":[{"href":"https:\/\/jornalboasnoticias.com.br\/home\/wp-json\/wp\/v2\/posts"}],"about":[{"href":"https:\/\/jornalboasnoticias.com.br\/home\/wp-json\/wp\/v2\/types\/post"}],"author":[{"embeddable":true,"href":"https:\/\/jornalboasnoticias.com.br\/home\/wp-json\/wp\/v2\/users\/4"}],"replies":[{"embeddable":true,"href":"https:\/\/jornalboasnoticias.com.br\/home\/wp-json\/wp\/v2\/comments?post=43374"}],"version-history":[{"count":1,"href":"https:\/\/jornalboasnoticias.com.br\/home\/wp-json\/wp\/v2\/posts\/43374\/revisions"}],"predecessor-version":[{"id":43376,"href":"https:\/\/jornalboasnoticias.com.br\/home\/wp-json\/wp\/v2\/posts\/43374\/revisions\/43376"}],"wp:featuredmedia":[{"embeddable":true,"href":"https:\/\/jornalboasnoticias.com.br\/home\/wp-json\/wp\/v2\/media\/43375"}],"wp:attachment":[{"href":"https:\/\/jornalboasnoticias.com.br\/home\/wp-json\/wp\/v2\/media?parent=43374"}],"wp:term":[{"taxonomy":"category","embeddable":true,"href":"https:\/\/jornalboasnoticias.com.br\/home\/wp-json\/wp\/v2\/categories?post=43374"},{"taxonomy":"post_tag","embeddable":true,"href":"https:\/\/jornalboasnoticias.com.br\/home\/wp-json\/wp\/v2\/tags?post=43374"}],"curies":[{"name":"wp","href":"https:\/\/api.w.org\/{rel}","templated":true}]}}