{"id":43365,"date":"2024-08-09T13:02:43","date_gmt":"2024-08-09T13:02:43","guid":{"rendered":"https:\/\/jornalboasnoticias.com.br\/home\/?p=43365"},"modified":"2024-08-09T13:02:43","modified_gmt":"2024-08-09T13:02:43","slug":"santuario-para-lucifer-tera-estatua-com-mais-de-5-metros-de-altura","status":"publish","type":"post","link":"https:\/\/jornalboasnoticias.com.br\/home\/santuario-para-lucifer-tera-estatua-com-mais-de-5-metros-de-altura\/","title":{"rendered":"Santu\u00e1rio para L\u00facifer ter\u00e1 est\u00e1tua com mais de 5 metros de altura"},"content":{"rendered":"<figure id=\"attachment_43366\" aria-describedby=\"caption-attachment-43366\" style=\"width: 700px\" class=\"wp-caption alignnone\"><img loading=\"lazy\" decoding=\"async\" class=\"wp-image-43366 size-full\" src=\"https:\/\/jornalboasnoticias.com.br\/home\/wp-content\/uploads\/2024\/08\/910a26b9850b65793b99fc688c8b31a1.jpg\" alt=\"\" width=\"700\" height=\"467\" srcset=\"https:\/\/jornalboasnoticias.com.br\/home\/wp-content\/uploads\/2024\/08\/910a26b9850b65793b99fc688c8b31a1.jpg 700w, https:\/\/jornalboasnoticias.com.br\/home\/wp-content\/uploads\/2024\/08\/910a26b9850b65793b99fc688c8b31a1-300x200.jpg 300w\" sizes=\"auto, (max-width: 700px) 100vw, 700px\" \/><figcaption id=\"caption-attachment-43366\" class=\"wp-caption-text\">Foto: Divulga\u00e7\u00e3o<\/figcaption><\/figure>\n<blockquote>\n<p class=\"Text__TextBase-sc-1d75gww-0 cUGlZd noticiaCabecalho__subtitulo\">Ordem religiosa vai construir um santu\u00e1rio dedicado a L\u00facifer, que deve ser inaugurado em Gravata\u00ed (RS) no dia 13 de agosto<\/p>\n<\/blockquote>\n<p>Uma est\u00e1tua de L\u00facifer ser\u00e1 erguida dentro de um santu\u00e1rio que est\u00e1 sendo constru\u00eddo por uma ordem religiosa em\u00a0Gravata\u00ed, Porto Alegre. O santu\u00e1rio ser\u00e1 inaugurado no dia 13 de agosto e contar\u00e1 com uma est\u00e1tua de mais de 5 metros.<\/p>\n<p data-gtm-vis-recent-on-screen104869357_94=\"26198\" data-gtm-vis-first-on-screen104869357_94=\"26198\" data-gtm-vis-total-visible-time104869357_94=\"100\" data-gtm-vis-has-fired104869357_94=\"1\">A\u00a0divindade\u00a0ser\u00e1 representada em formato de est\u00e1tua. Enquanto para os crist\u00e3os a divindade \u00e9 associada ao diabo, para o Mestre Lukas de Bar\u00e1 da Rua, um dos representantes da Nova Ordem de L\u00facifer na Terra, n\u00e3o h\u00e1 rela\u00e7\u00e3o entre eles.<\/p>\n<p>Natural de Gravata\u00ed e mestre de quimbanda independente,\u00a0Lukas de Bar\u00e1\u00a0informou que a est\u00e1tua, feita de cimento por um ateli\u00ea, ainda n\u00e3o foi erguida devido \u00e0 chuva.<\/p>\n<p>Segundo o religioso, a imagem retrata a dualidade do ser humano e do esqueleto, possuindo p\u00e9s e asas. Lukas tamb\u00e9m participou, em maio, da cria\u00e7\u00e3o de um monumento dedicado a Exu.<\/p>\n<p>De acordo com Lukas, \u201cL\u00facifer \u00e9 um Deus que, assim como tantos outros, foi demonizado pela Igreja Cat\u00f3lica\u201d e que a divindade \u201c\u00e9 o portador da luz, do autoconhecimento\u201d, informou ao G1.<\/p>\n<p>O religioso Tata H\u00e9lio de Astaroth \u00e9 um dos fundadores do espa\u00e7o, que est\u00e1 localizado na \u00e1rea rural de Gravata\u00ed.<\/p>\n<h4>Iniciados na f\u00e9 de L\u00facifer<\/h4>\n<p>De acordo com os fundadores, o espa\u00e7o \u00e9 mantido em sigilo porque \u00e9 destinado a pessoas que j\u00e1 est\u00e3o iniciadas na f\u00e9, al\u00e9m de haver preocupa\u00e7\u00f5es com a seguran\u00e7a dos seguidores. Cerca de 100 pessoas participam das reuni\u00f5es.<\/p>\n<p>Algumas pessoas n\u00e3o aceitaram bem a decis\u00e3o da\u00a0est\u00e1tua, alegando que foi feita com o dinheiro p\u00fablico. No entanto, a prefeitura de Gravata\u00ed e o respons\u00e1vel pelo templo negaram.<\/p>\n","protected":false},"excerpt":{"rendered":"<p>Ordem religiosa vai construir um santu\u00e1rio dedicado a L\u00facifer, que deve ser inaugurado em Gravata\u00ed<\/p>\n","protected":false},"author":4,"featured_media":43366,"comment_status":"open","ping_status":"open","sticky":false,"template":"","format":"standard","meta":{"footnotes":""},"categories":[6,3],"tags":[],"class_list":["post-43365","post","type-post","status-publish","format-standard","has-post-thumbnail","hentry","category-brasil","category-destaques"],"yoast_head":"<!-- This site is optimized with the Yoast SEO plugin v27.5 - https:\/\/yoast.com\/product\/yoast-seo-wordpress\/ -->\n<title>Santu\u00e1rio para L\u00facifer ter\u00e1 est\u00e1tua com mais de 5 metros de altura - Jornal<\/title>\n<meta name=\"description\" content=\"Santu\u00e1rio para L\u00facifer ter\u00e1 est\u00e1tua com mais de 5 metros de altura\" \/>\n<meta name=\"robots\" content=\"index, follow, max-snippet:-1, max-image-preview:large, max-video-preview:-1\" \/>\n<link rel=\"canonical\" href=\"https:\/\/jornalboasnoticias.com.br\/home\/santuario-para-lucifer-tera-estatua-com-mais-de-5-metros-de-altura\/\" \/>\n<meta property=\"og:locale\" content=\"pt_BR\" \/>\n<meta property=\"og:type\" content=\"article\" \/>\n<meta property=\"og:title\" content=\"Santu\u00e1rio para L\u00facifer ter\u00e1 est\u00e1tua com mais de 5 metros de altura - Jornal\" \/>\n<meta property=\"og:description\" content=\"Santu\u00e1rio para L\u00facifer ter\u00e1 est\u00e1tua com mais de 5 metros de altura\" \/>\n<meta property=\"og:url\" content=\"https:\/\/jornalboasnoticias.com.br\/home\/santuario-para-lucifer-tera-estatua-com-mais-de-5-metros-de-altura\/\" \/>\n<meta property=\"og:site_name\" content=\"Jornal\" \/>\n<meta property=\"article:publisher\" content=\"https:\/\/www.facebook.com\/boasnoticiasjornal\" \/>\n<meta property=\"article:published_time\" content=\"2024-08-09T13:02:43+00:00\" \/>\n<meta property=\"og:image\" content=\"https:\/\/jornalboasnoticias.com.br\/home\/wp-content\/uploads\/2024\/08\/910a26b9850b65793b99fc688c8b31a1.jpg\" \/>\n\t<meta property=\"og:image:width\" content=\"700\" \/>\n\t<meta property=\"og:image:height\" content=\"467\" \/>\n\t<meta property=\"og:image:type\" content=\"image\/jpeg\" \/>\n<meta name=\"author\" content=\"Ana Luiza Bonatto\" \/>\n<meta name=\"twitter:card\" content=\"summary_large_image\" \/>\n<meta name=\"twitter:label1\" content=\"Escrito por\" \/>\n\t<meta name=\"twitter:data1\" content=\"Ana Luiza Bonatto\" \/>\n\t<meta name=\"twitter:label2\" content=\"Est. tempo de leitura\" \/>\n\t<meta name=\"twitter:data2\" content=\"2 minutos\" \/>\n<script type=\"application\/ld+json\" class=\"yoast-schema-graph\">{\"@context\":\"https:\\\/\\\/schema.org\",\"@graph\":[{\"@type\":\"Article\",\"@id\":\"https:\\\/\\\/jornalboasnoticias.com.br\\\/home\\\/santuario-para-lucifer-tera-estatua-com-mais-de-5-metros-de-altura\\\/#article\",\"isPartOf\":{\"@id\":\"https:\\\/\\\/jornalboasnoticias.com.br\\\/home\\\/santuario-para-lucifer-tera-estatua-com-mais-de-5-metros-de-altura\\\/\"},\"author\":{\"name\":\"Ana Luiza Bonatto\",\"@id\":\"https:\\\/\\\/jornalboasnoticias.com.br\\\/home\\\/#\\\/schema\\\/person\\\/d641193e0afc6405b390164dac847971\"},\"headline\":\"Santu\u00e1rio para L\u00facifer ter\u00e1 est\u00e1tua com mais de 5 metros de altura\",\"datePublished\":\"2024-08-09T13:02:43+00:00\",\"mainEntityOfPage\":{\"@id\":\"https:\\\/\\\/jornalboasnoticias.com.br\\\/home\\\/santuario-para-lucifer-tera-estatua-com-mais-de-5-metros-de-altura\\\/\"},\"wordCount\":333,\"commentCount\":0,\"publisher\":{\"@id\":\"https:\\\/\\\/jornalboasnoticias.com.br\\\/home\\\/#organization\"},\"image\":{\"@id\":\"https:\\\/\\\/jornalboasnoticias.com.br\\\/home\\\/santuario-para-lucifer-tera-estatua-com-mais-de-5-metros-de-altura\\\/#primaryimage\"},\"thumbnailUrl\":\"https:\\\/\\\/jornalboasnoticias.com.br\\\/home\\\/wp-content\\\/uploads\\\/2024\\\/08\\\/910a26b9850b65793b99fc688c8b31a1.jpg\",\"articleSection\":[\"BRASIL\",\"DESTAQUE\"],\"inLanguage\":\"pt-BR\",\"potentialAction\":[{\"@type\":\"CommentAction\",\"name\":\"Comment\",\"target\":[\"https:\\\/\\\/jornalboasnoticias.com.br\\\/home\\\/santuario-para-lucifer-tera-estatua-com-mais-de-5-metros-de-altura\\\/#respond\"]}]},{\"@type\":\"WebPage\",\"@id\":\"https:\\\/\\\/jornalboasnoticias.com.br\\\/home\\\/santuario-para-lucifer-tera-estatua-com-mais-de-5-metros-de-altura\\\/\",\"url\":\"https:\\\/\\\/jornalboasnoticias.com.br\\\/home\\\/santuario-para-lucifer-tera-estatua-com-mais-de-5-metros-de-altura\\\/\",\"name\":\"Santu\u00e1rio para L\u00facifer ter\u00e1 est\u00e1tua com mais de 5 metros de altura - Jornal\",\"isPartOf\":{\"@id\":\"https:\\\/\\\/jornalboasnoticias.com.br\\\/home\\\/#website\"},\"primaryImageOfPage\":{\"@id\":\"https:\\\/\\\/jornalboasnoticias.com.br\\\/home\\\/santuario-para-lucifer-tera-estatua-com-mais-de-5-metros-de-altura\\\/#primaryimage\"},\"image\":{\"@id\":\"https:\\\/\\\/jornalboasnoticias.com.br\\\/home\\\/santuario-para-lucifer-tera-estatua-com-mais-de-5-metros-de-altura\\\/#primaryimage\"},\"thumbnailUrl\":\"https:\\\/\\\/jornalboasnoticias.com.br\\\/home\\\/wp-content\\\/uploads\\\/2024\\\/08\\\/910a26b9850b65793b99fc688c8b31a1.jpg\",\"datePublished\":\"2024-08-09T13:02:43+00:00\",\"description\":\"Santu\u00e1rio para L\u00facifer ter\u00e1 est\u00e1tua com mais de 5 metros de altura\",\"breadcrumb\":{\"@id\":\"https:\\\/\\\/jornalboasnoticias.com.br\\\/home\\\/santuario-para-lucifer-tera-estatua-com-mais-de-5-metros-de-altura\\\/#breadcrumb\"},\"inLanguage\":\"pt-BR\",\"potentialAction\":[{\"@type\":\"ReadAction\",\"target\":[\"https:\\\/\\\/jornalboasnoticias.com.br\\\/home\\\/santuario-para-lucifer-tera-estatua-com-mais-de-5-metros-de-altura\\\/\"]}]},{\"@type\":\"ImageObject\",\"inLanguage\":\"pt-BR\",\"@id\":\"https:\\\/\\\/jornalboasnoticias.com.br\\\/home\\\/santuario-para-lucifer-tera-estatua-com-mais-de-5-metros-de-altura\\\/#primaryimage\",\"url\":\"https:\\\/\\\/jornalboasnoticias.com.br\\\/home\\\/wp-content\\\/uploads\\\/2024\\\/08\\\/910a26b9850b65793b99fc688c8b31a1.jpg\",\"contentUrl\":\"https:\\\/\\\/jornalboasnoticias.com.br\\\/home\\\/wp-content\\\/uploads\\\/2024\\\/08\\\/910a26b9850b65793b99fc688c8b31a1.jpg\",\"width\":700,\"height\":467},{\"@type\":\"BreadcrumbList\",\"@id\":\"https:\\\/\\\/jornalboasnoticias.com.br\\\/home\\\/santuario-para-lucifer-tera-estatua-com-mais-de-5-metros-de-altura\\\/#breadcrumb\",\"itemListElement\":[{\"@type\":\"ListItem\",\"position\":1,\"name\":\"In\u00edcio\",\"item\":\"https:\\\/\\\/jornalboasnoticias.com.br\\\/home\\\/\"},{\"@type\":\"ListItem\",\"position\":2,\"name\":\"Santu\u00e1rio para L\u00facifer ter\u00e1 est\u00e1tua com mais de 5 metros de altura\"}]},{\"@type\":\"WebSite\",\"@id\":\"https:\\\/\\\/jornalboasnoticias.com.br\\\/home\\\/#website\",\"url\":\"https:\\\/\\\/jornalboasnoticias.com.br\\\/home\\\/\",\"name\":\"Jornal Boas Not\u00edcias\",\"description\":\"Boas not\u00edcias\",\"publisher\":{\"@id\":\"https:\\\/\\\/jornalboasnoticias.com.br\\\/home\\\/#organization\"},\"potentialAction\":[{\"@type\":\"SearchAction\",\"target\":{\"@type\":\"EntryPoint\",\"urlTemplate\":\"https:\\\/\\\/jornalboasnoticias.com.br\\\/home\\\/?s={search_term_string}\"},\"query-input\":{\"@type\":\"PropertyValueSpecification\",\"valueRequired\":true,\"valueName\":\"search_term_string\"}}],\"inLanguage\":\"pt-BR\"},{\"@type\":\"Organization\",\"@id\":\"https:\\\/\\\/jornalboasnoticias.com.br\\\/home\\\/#organization\",\"name\":\"Coq Editora Ltda\",\"alternateName\":\"Jornal Boas Noticias\",\"url\":\"https:\\\/\\\/jornalboasnoticias.com.br\\\/home\\\/\",\"logo\":{\"@type\":\"ImageObject\",\"inLanguage\":\"pt-BR\",\"@id\":\"https:\\\/\\\/jornalboasnoticias.com.br\\\/home\\\/#\\\/schema\\\/logo\\\/image\\\/\",\"url\":\"https:\\\/\\\/jornalboasnoticias.com.br\\\/home\\\/wp-content\\\/uploads\\\/2024\\\/07\\\/cropped-logo.jpg\",\"contentUrl\":\"https:\\\/\\\/jornalboasnoticias.com.br\\\/home\\\/wp-content\\\/uploads\\\/2024\\\/07\\\/cropped-logo.jpg\",\"width\":290,\"height\":142,\"caption\":\"Coq Editora Ltda\"},\"image\":{\"@id\":\"https:\\\/\\\/jornalboasnoticias.com.br\\\/home\\\/#\\\/schema\\\/logo\\\/image\\\/\"},\"sameAs\":[\"https:\\\/\\\/www.facebook.com\\\/boasnoticiasjornal\"]},{\"@type\":\"Person\",\"@id\":\"https:\\\/\\\/jornalboasnoticias.com.br\\\/home\\\/#\\\/schema\\\/person\\\/d641193e0afc6405b390164dac847971\",\"name\":\"Ana Luiza Bonatto\",\"image\":{\"@type\":\"ImageObject\",\"inLanguage\":\"pt-BR\",\"@id\":\"https:\\\/\\\/secure.gravatar.com\\\/avatar\\\/8a055ebe6373371f67ac6fcf313c0ac0b0a91157fdcdb9514fa62927373348f0?s=96&d=mm&r=g\",\"url\":\"https:\\\/\\\/secure.gravatar.com\\\/avatar\\\/8a055ebe6373371f67ac6fcf313c0ac0b0a91157fdcdb9514fa62927373348f0?s=96&d=mm&r=g\",\"contentUrl\":\"https:\\\/\\\/secure.gravatar.com\\\/avatar\\\/8a055ebe6373371f67ac6fcf313c0ac0b0a91157fdcdb9514fa62927373348f0?s=96&d=mm&r=g\",\"caption\":\"Ana Luiza Bonatto\"},\"url\":\"https:\\\/\\\/jornalboasnoticias.com.br\\\/home\\\/author\\\/ana-luiza\\\/\"}]}<\/script>\n<!-- \/ Yoast SEO plugin. -->","yoast_head_json":{"title":"Santu\u00e1rio para L\u00facifer ter\u00e1 est\u00e1tua com mais de 5 metros de altura - Jornal","description":"Santu\u00e1rio para L\u00facifer ter\u00e1 est\u00e1tua com mais de 5 metros de altura","robots":{"index":"index","follow":"follow","max-snippet":"max-snippet:-1","max-image-preview":"max-image-preview:large","max-video-preview":"max-video-preview:-1"},"canonical":"https:\/\/jornalboasnoticias.com.br\/home\/santuario-para-lucifer-tera-estatua-com-mais-de-5-metros-de-altura\/","og_locale":"pt_BR","og_type":"article","og_title":"Santu\u00e1rio para L\u00facifer ter\u00e1 est\u00e1tua com mais de 5 metros de altura - Jornal","og_description":"Santu\u00e1rio para L\u00facifer ter\u00e1 est\u00e1tua com mais de 5 metros de altura","og_url":"https:\/\/jornalboasnoticias.com.br\/home\/santuario-para-lucifer-tera-estatua-com-mais-de-5-metros-de-altura\/","og_site_name":"Jornal","article_publisher":"https:\/\/www.facebook.com\/boasnoticiasjornal","article_published_time":"2024-08-09T13:02:43+00:00","og_image":[{"width":700,"height":467,"url":"https:\/\/jornalboasnoticias.com.br\/home\/wp-content\/uploads\/2024\/08\/910a26b9850b65793b99fc688c8b31a1.jpg","type":"image\/jpeg"}],"author":"Ana Luiza Bonatto","twitter_card":"summary_large_image","twitter_misc":{"Escrito por":"Ana Luiza Bonatto","Est. tempo de leitura":"2 minutos"},"schema":{"@context":"https:\/\/schema.org","@graph":[{"@type":"Article","@id":"https:\/\/jornalboasnoticias.com.br\/home\/santuario-para-lucifer-tera-estatua-com-mais-de-5-metros-de-altura\/#article","isPartOf":{"@id":"https:\/\/jornalboasnoticias.com.br\/home\/santuario-para-lucifer-tera-estatua-com-mais-de-5-metros-de-altura\/"},"author":{"name":"Ana Luiza Bonatto","@id":"https:\/\/jornalboasnoticias.com.br\/home\/#\/schema\/person\/d641193e0afc6405b390164dac847971"},"headline":"Santu\u00e1rio para L\u00facifer ter\u00e1 est\u00e1tua com mais de 5 metros de altura","datePublished":"2024-08-09T13:02:43+00:00","mainEntityOfPage":{"@id":"https:\/\/jornalboasnoticias.com.br\/home\/santuario-para-lucifer-tera-estatua-com-mais-de-5-metros-de-altura\/"},"wordCount":333,"commentCount":0,"publisher":{"@id":"https:\/\/jornalboasnoticias.com.br\/home\/#organization"},"image":{"@id":"https:\/\/jornalboasnoticias.com.br\/home\/santuario-para-lucifer-tera-estatua-com-mais-de-5-metros-de-altura\/#primaryimage"},"thumbnailUrl":"https:\/\/jornalboasnoticias.com.br\/home\/wp-content\/uploads\/2024\/08\/910a26b9850b65793b99fc688c8b31a1.jpg","articleSection":["BRASIL","DESTAQUE"],"inLanguage":"pt-BR","potentialAction":[{"@type":"CommentAction","name":"Comment","target":["https:\/\/jornalboasnoticias.com.br\/home\/santuario-para-lucifer-tera-estatua-com-mais-de-5-metros-de-altura\/#respond"]}]},{"@type":"WebPage","@id":"https:\/\/jornalboasnoticias.com.br\/home\/santuario-para-lucifer-tera-estatua-com-mais-de-5-metros-de-altura\/","url":"https:\/\/jornalboasnoticias.com.br\/home\/santuario-para-lucifer-tera-estatua-com-mais-de-5-metros-de-altura\/","name":"Santu\u00e1rio para L\u00facifer ter\u00e1 est\u00e1tua com mais de 5 metros de altura - Jornal","isPartOf":{"@id":"https:\/\/jornalboasnoticias.com.br\/home\/#website"},"primaryImageOfPage":{"@id":"https:\/\/jornalboasnoticias.com.br\/home\/santuario-para-lucifer-tera-estatua-com-mais-de-5-metros-de-altura\/#primaryimage"},"image":{"@id":"https:\/\/jornalboasnoticias.com.br\/home\/santuario-para-lucifer-tera-estatua-com-mais-de-5-metros-de-altura\/#primaryimage"},"thumbnailUrl":"https:\/\/jornalboasnoticias.com.br\/home\/wp-content\/uploads\/2024\/08\/910a26b9850b65793b99fc688c8b31a1.jpg","datePublished":"2024-08-09T13:02:43+00:00","description":"Santu\u00e1rio para L\u00facifer ter\u00e1 est\u00e1tua com mais de 5 metros de altura","breadcrumb":{"@id":"https:\/\/jornalboasnoticias.com.br\/home\/santuario-para-lucifer-tera-estatua-com-mais-de-5-metros-de-altura\/#breadcrumb"},"inLanguage":"pt-BR","potentialAction":[{"@type":"ReadAction","target":["https:\/\/jornalboasnoticias.com.br\/home\/santuario-para-lucifer-tera-estatua-com-mais-de-5-metros-de-altura\/"]}]},{"@type":"ImageObject","inLanguage":"pt-BR","@id":"https:\/\/jornalboasnoticias.com.br\/home\/santuario-para-lucifer-tera-estatua-com-mais-de-5-metros-de-altura\/#primaryimage","url":"https:\/\/jornalboasnoticias.com.br\/home\/wp-content\/uploads\/2024\/08\/910a26b9850b65793b99fc688c8b31a1.jpg","contentUrl":"https:\/\/jornalboasnoticias.com.br\/home\/wp-content\/uploads\/2024\/08\/910a26b9850b65793b99fc688c8b31a1.jpg","width":700,"height":467},{"@type":"BreadcrumbList","@id":"https:\/\/jornalboasnoticias.com.br\/home\/santuario-para-lucifer-tera-estatua-com-mais-de-5-metros-de-altura\/#breadcrumb","itemListElement":[{"@type":"ListItem","position":1,"name":"In\u00edcio","item":"https:\/\/jornalboasnoticias.com.br\/home\/"},{"@type":"ListItem","position":2,"name":"Santu\u00e1rio para L\u00facifer ter\u00e1 est\u00e1tua com mais de 5 metros de altura"}]},{"@type":"WebSite","@id":"https:\/\/jornalboasnoticias.com.br\/home\/#website","url":"https:\/\/jornalboasnoticias.com.br\/home\/","name":"Jornal Boas Not\u00edcias","description":"Boas not\u00edcias","publisher":{"@id":"https:\/\/jornalboasnoticias.com.br\/home\/#organization"},"potentialAction":[{"@type":"SearchAction","target":{"@type":"EntryPoint","urlTemplate":"https:\/\/jornalboasnoticias.com.br\/home\/?s={search_term_string}"},"query-input":{"@type":"PropertyValueSpecification","valueRequired":true,"valueName":"search_term_string"}}],"inLanguage":"pt-BR"},{"@type":"Organization","@id":"https:\/\/jornalboasnoticias.com.br\/home\/#organization","name":"Coq Editora Ltda","alternateName":"Jornal Boas Noticias","url":"https:\/\/jornalboasnoticias.com.br\/home\/","logo":{"@type":"ImageObject","inLanguage":"pt-BR","@id":"https:\/\/jornalboasnoticias.com.br\/home\/#\/schema\/logo\/image\/","url":"https:\/\/jornalboasnoticias.com.br\/home\/wp-content\/uploads\/2024\/07\/cropped-logo.jpg","contentUrl":"https:\/\/jornalboasnoticias.com.br\/home\/wp-content\/uploads\/2024\/07\/cropped-logo.jpg","width":290,"height":142,"caption":"Coq Editora Ltda"},"image":{"@id":"https:\/\/jornalboasnoticias.com.br\/home\/#\/schema\/logo\/image\/"},"sameAs":["https:\/\/www.facebook.com\/boasnoticiasjornal"]},{"@type":"Person","@id":"https:\/\/jornalboasnoticias.com.br\/home\/#\/schema\/person\/d641193e0afc6405b390164dac847971","name":"Ana Luiza Bonatto","image":{"@type":"ImageObject","inLanguage":"pt-BR","@id":"https:\/\/secure.gravatar.com\/avatar\/8a055ebe6373371f67ac6fcf313c0ac0b0a91157fdcdb9514fa62927373348f0?s=96&d=mm&r=g","url":"https:\/\/secure.gravatar.com\/avatar\/8a055ebe6373371f67ac6fcf313c0ac0b0a91157fdcdb9514fa62927373348f0?s=96&d=mm&r=g","contentUrl":"https:\/\/secure.gravatar.com\/avatar\/8a055ebe6373371f67ac6fcf313c0ac0b0a91157fdcdb9514fa62927373348f0?s=96&d=mm&r=g","caption":"Ana Luiza Bonatto"},"url":"https:\/\/jornalboasnoticias.com.br\/home\/author\/ana-luiza\/"}]}},"_links":{"self":[{"href":"https:\/\/jornalboasnoticias.com.br\/home\/wp-json\/wp\/v2\/posts\/43365","targetHints":{"allow":["GET"]}}],"collection":[{"href":"https:\/\/jornalboasnoticias.com.br\/home\/wp-json\/wp\/v2\/posts"}],"about":[{"href":"https:\/\/jornalboasnoticias.com.br\/home\/wp-json\/wp\/v2\/types\/post"}],"author":[{"embeddable":true,"href":"https:\/\/jornalboasnoticias.com.br\/home\/wp-json\/wp\/v2\/users\/4"}],"replies":[{"embeddable":true,"href":"https:\/\/jornalboasnoticias.com.br\/home\/wp-json\/wp\/v2\/comments?post=43365"}],"version-history":[{"count":1,"href":"https:\/\/jornalboasnoticias.com.br\/home\/wp-json\/wp\/v2\/posts\/43365\/revisions"}],"predecessor-version":[{"id":43367,"href":"https:\/\/jornalboasnoticias.com.br\/home\/wp-json\/wp\/v2\/posts\/43365\/revisions\/43367"}],"wp:featuredmedia":[{"embeddable":true,"href":"https:\/\/jornalboasnoticias.com.br\/home\/wp-json\/wp\/v2\/media\/43366"}],"wp:attachment":[{"href":"https:\/\/jornalboasnoticias.com.br\/home\/wp-json\/wp\/v2\/media?parent=43365"}],"wp:term":[{"taxonomy":"category","embeddable":true,"href":"https:\/\/jornalboasnoticias.com.br\/home\/wp-json\/wp\/v2\/categories?post=43365"},{"taxonomy":"post_tag","embeddable":true,"href":"https:\/\/jornalboasnoticias.com.br\/home\/wp-json\/wp\/v2\/tags?post=43365"}],"curies":[{"name":"wp","href":"https:\/\/api.w.org\/{rel}","templated":true}]}}