{"id":43362,"date":"2024-08-09T12:56:46","date_gmt":"2024-08-09T12:56:46","guid":{"rendered":"https:\/\/jornalboasnoticias.com.br\/home\/?p=43362"},"modified":"2024-08-09T12:56:46","modified_gmt":"2024-08-09T12:56:46","slug":"maior-onda-de-frio-do-ano-atinge-sul-e-sudeste-nas-proximas-horas","status":"publish","type":"post","link":"https:\/\/jornalboasnoticias.com.br\/home\/maior-onda-de-frio-do-ano-atinge-sul-e-sudeste-nas-proximas-horas\/","title":{"rendered":"Maior onda de frio do ano atinge Sul e Sudeste nas pr\u00f3ximas horas"},"content":{"rendered":"<figure id=\"attachment_43363\" aria-describedby=\"caption-attachment-43363\" style=\"width: 700px\" class=\"wp-caption alignnone\"><img loading=\"lazy\" decoding=\"async\" class=\"wp-image-43363 size-full\" src=\"https:\/\/jornalboasnoticias.com.br\/home\/wp-content\/uploads\/2024\/08\/367ff4a9c00495f51a38bc745768de07.jpg\" alt=\"\" width=\"700\" height=\"466\" srcset=\"https:\/\/jornalboasnoticias.com.br\/home\/wp-content\/uploads\/2024\/08\/367ff4a9c00495f51a38bc745768de07.jpg 700w, https:\/\/jornalboasnoticias.com.br\/home\/wp-content\/uploads\/2024\/08\/367ff4a9c00495f51a38bc745768de07-300x200.jpg 300w\" sizes=\"auto, (max-width: 700px) 100vw, 700px\" \/><figcaption id=\"caption-attachment-43363\" class=\"wp-caption-text\">F\u00e1bio Vieira\/Metr\u00f3poles<\/figcaption><\/figure>\n<blockquote>\n<p class=\"Text__TextBase-sc-1d75gww-0 cUGlZd noticiaCabecalho__subtitulo\">Massa polar de ar \u00e9 a mais intensa do ano, avan\u00e7ando com o frio sobre as regi\u00f5es Sul, Sudeste e parte do Centro-Oeste<\/p>\n<\/blockquote>\n<p>O\u00a0frio\u00a0continuar\u00e1 se prolongando com a aproxima\u00e7\u00e3o de uma massa de ar polar mais intensa do ano no Brasil, que afetar\u00e1 as regi\u00f5es Sul, Sudeste e parte do Centro-Oeste nas pr\u00f3ximas horas desta sexta-feira (9\/8).<\/p>\n<p data-gtm-vis-recent-on-screen104869357_94=\"187325\" data-gtm-vis-first-on-screen104869357_94=\"187326\" data-gtm-vis-total-visible-time104869357_94=\"100\" data-gtm-vis-has-fired104869357_94=\"1\">A massa de ar polar deve provocar a queda das\u00a0temperaturas m\u00ednimas\u00a0durante o final de semana, segundo o portal\u00a0<a href=\"https:\/\/www.tempo.com\/\" target=\"_blank\" rel=\"noopener\">Meteored<\/a>.<\/p>\n<p>Esta pode ser a \u00faltima onda de frio do inverno do ano, com previs\u00e3o de temperaturas abaixo de 10\u00b0C no Sul do pa\u00eds, especialmente no estado do\u00a0Rio Grande do Sul. O estado de Porto Alegre deve enfrentar temperaturas abaixo de 10\u00b0C, onde as m\u00e1ximas n\u00e3o devem ultrapassar os 14\u00b0C durante esta sexta.<\/p>\n<p>A massa de ar frio deve continuar avan\u00e7ando no s\u00e1bado (10\/8) sobre o Sul do pa\u00eds, resultando em temperaturas m\u00ednimas baixas na por\u00e7\u00e3o norte do Rio Grande do Sul, no centro-oeste de Santa Catarina e no oeste do Paran\u00e1.<\/p>\n<p>Curitiba pode registrar temperaturas de 6\u00b0C \u00e0 noite e alcan\u00e7ar uma m\u00e1xima de 16\u00b0C durante o dia. Em alguns estados do Sul, as m\u00e1ximas devem ficar abaixo dos 20\u00b0C.<\/p>\n<p>Uma anomalia de temperatura a 850 hPa, prevista para a madrugada e in\u00edcio da manh\u00e3 de s\u00e1bado, pode atingir -12\u00b0C no norte do Rio Grande do Sul e no oeste de Santa Catarina, de acordo com o portal Meteored.<\/p>\n<h4>Frio atinge Sudeste<\/h4>\n<p>S\u00e3o Paulo tamb\u00e9m enfrentar\u00e1 frio durante esta sexta-feira e a madrugada de s\u00e1bado, com previs\u00e3o de -7\u00b0C nas regi\u00f5es norte, central e leste do estado. No estado do Rio de Janeiro, a previs\u00e3o \u00e9 de -6\u00b0C.<\/p>\n<p>No Rio de Janeiro, a m\u00ednima prevista \u00e9 de 13\u00b0C e a m\u00e1xima de 22\u00b0C no domingo, enquanto em S\u00e3o Paulo, as temperaturas devem variar entre 10\u00b0C e 20\u00b0C.<\/p>\n<p>No domingo, a massa de ar polar avan\u00e7ar\u00e1 sobre o norte de ambos os estados. Apenas uma por\u00e7\u00e3o do noroeste de Minas Gerais ter\u00e1 temperaturas m\u00e1ximas de 30\u00b0C.<\/p>\n<p>No Esp\u00edrito Santo, as temperaturas m\u00ednimas dever\u00e3o variar entre 19\u00b0C e 20\u00b0C na por\u00e7\u00e3o norte e entre 9\u00b0C e 15\u00b0C na metade sul da regi\u00e3o.<\/p>\n<p>Com informa\u00e7\u00f5es do Portal Metr\u00f3poles<\/p>\n","protected":false},"excerpt":{"rendered":"<p>Massa polar de ar \u00e9 a mais intensa do ano, avan\u00e7ando com o frio sobre<\/p>\n","protected":false},"author":4,"featured_media":43363,"comment_status":"open","ping_status":"open","sticky":false,"template":"","format":"standard","meta":{"footnotes":""},"categories":[6,3],"tags":[],"class_list":["post-43362","post","type-post","status-publish","format-standard","has-post-thumbnail","hentry","category-brasil","category-destaques"],"yoast_head":"<!-- This site is optimized with the Yoast SEO plugin v27.5 - https:\/\/yoast.com\/product\/yoast-seo-wordpress\/ -->\n<title>Maior onda de frio do ano atinge Sul e Sudeste nas pr\u00f3ximas horas - Jornal<\/title>\n<meta name=\"description\" content=\"Maior onda de frio do ano atinge Sul e Sudeste nas pr\u00f3ximas horas\" \/>\n<meta name=\"robots\" content=\"index, follow, max-snippet:-1, max-image-preview:large, max-video-preview:-1\" \/>\n<link rel=\"canonical\" href=\"https:\/\/jornalboasnoticias.com.br\/home\/maior-onda-de-frio-do-ano-atinge-sul-e-sudeste-nas-proximas-horas\/\" \/>\n<meta property=\"og:locale\" content=\"pt_BR\" \/>\n<meta property=\"og:type\" content=\"article\" \/>\n<meta property=\"og:title\" content=\"Maior onda de frio do ano atinge Sul e Sudeste nas pr\u00f3ximas horas - Jornal\" \/>\n<meta property=\"og:description\" content=\"Maior onda de frio do ano atinge Sul e Sudeste nas pr\u00f3ximas horas\" \/>\n<meta property=\"og:url\" content=\"https:\/\/jornalboasnoticias.com.br\/home\/maior-onda-de-frio-do-ano-atinge-sul-e-sudeste-nas-proximas-horas\/\" \/>\n<meta property=\"og:site_name\" content=\"Jornal\" \/>\n<meta property=\"article:publisher\" content=\"https:\/\/www.facebook.com\/boasnoticiasjornal\" \/>\n<meta property=\"article:published_time\" content=\"2024-08-09T12:56:46+00:00\" \/>\n<meta property=\"og:image\" content=\"https:\/\/jornalboasnoticias.com.br\/home\/wp-content\/uploads\/2024\/08\/367ff4a9c00495f51a38bc745768de07.jpg\" \/>\n\t<meta property=\"og:image:width\" content=\"700\" \/>\n\t<meta property=\"og:image:height\" content=\"466\" \/>\n\t<meta property=\"og:image:type\" content=\"image\/jpeg\" \/>\n<meta name=\"author\" content=\"Ana Luiza Bonatto\" \/>\n<meta name=\"twitter:card\" content=\"summary_large_image\" \/>\n<meta name=\"twitter:label1\" content=\"Escrito por\" \/>\n\t<meta name=\"twitter:data1\" content=\"Ana Luiza Bonatto\" \/>\n\t<meta name=\"twitter:label2\" content=\"Est. tempo de leitura\" \/>\n\t<meta name=\"twitter:data2\" content=\"3 minutos\" \/>\n<script type=\"application\/ld+json\" class=\"yoast-schema-graph\">{\"@context\":\"https:\\\/\\\/schema.org\",\"@graph\":[{\"@type\":\"Article\",\"@id\":\"https:\\\/\\\/jornalboasnoticias.com.br\\\/home\\\/maior-onda-de-frio-do-ano-atinge-sul-e-sudeste-nas-proximas-horas\\\/#article\",\"isPartOf\":{\"@id\":\"https:\\\/\\\/jornalboasnoticias.com.br\\\/home\\\/maior-onda-de-frio-do-ano-atinge-sul-e-sudeste-nas-proximas-horas\\\/\"},\"author\":{\"name\":\"Ana Luiza Bonatto\",\"@id\":\"https:\\\/\\\/jornalboasnoticias.com.br\\\/home\\\/#\\\/schema\\\/person\\\/d641193e0afc6405b390164dac847971\"},\"headline\":\"Maior onda de frio do ano atinge Sul e Sudeste nas pr\u00f3ximas horas\",\"datePublished\":\"2024-08-09T12:56:46+00:00\",\"mainEntityOfPage\":{\"@id\":\"https:\\\/\\\/jornalboasnoticias.com.br\\\/home\\\/maior-onda-de-frio-do-ano-atinge-sul-e-sudeste-nas-proximas-horas\\\/\"},\"wordCount\":427,\"commentCount\":0,\"publisher\":{\"@id\":\"https:\\\/\\\/jornalboasnoticias.com.br\\\/home\\\/#organization\"},\"image\":{\"@id\":\"https:\\\/\\\/jornalboasnoticias.com.br\\\/home\\\/maior-onda-de-frio-do-ano-atinge-sul-e-sudeste-nas-proximas-horas\\\/#primaryimage\"},\"thumbnailUrl\":\"https:\\\/\\\/jornalboasnoticias.com.br\\\/home\\\/wp-content\\\/uploads\\\/2024\\\/08\\\/367ff4a9c00495f51a38bc745768de07.jpg\",\"articleSection\":[\"BRASIL\",\"DESTAQUE\"],\"inLanguage\":\"pt-BR\",\"potentialAction\":[{\"@type\":\"CommentAction\",\"name\":\"Comment\",\"target\":[\"https:\\\/\\\/jornalboasnoticias.com.br\\\/home\\\/maior-onda-de-frio-do-ano-atinge-sul-e-sudeste-nas-proximas-horas\\\/#respond\"]}]},{\"@type\":\"WebPage\",\"@id\":\"https:\\\/\\\/jornalboasnoticias.com.br\\\/home\\\/maior-onda-de-frio-do-ano-atinge-sul-e-sudeste-nas-proximas-horas\\\/\",\"url\":\"https:\\\/\\\/jornalboasnoticias.com.br\\\/home\\\/maior-onda-de-frio-do-ano-atinge-sul-e-sudeste-nas-proximas-horas\\\/\",\"name\":\"Maior onda de frio do ano atinge Sul e Sudeste nas pr\u00f3ximas horas - Jornal\",\"isPartOf\":{\"@id\":\"https:\\\/\\\/jornalboasnoticias.com.br\\\/home\\\/#website\"},\"primaryImageOfPage\":{\"@id\":\"https:\\\/\\\/jornalboasnoticias.com.br\\\/home\\\/maior-onda-de-frio-do-ano-atinge-sul-e-sudeste-nas-proximas-horas\\\/#primaryimage\"},\"image\":{\"@id\":\"https:\\\/\\\/jornalboasnoticias.com.br\\\/home\\\/maior-onda-de-frio-do-ano-atinge-sul-e-sudeste-nas-proximas-horas\\\/#primaryimage\"},\"thumbnailUrl\":\"https:\\\/\\\/jornalboasnoticias.com.br\\\/home\\\/wp-content\\\/uploads\\\/2024\\\/08\\\/367ff4a9c00495f51a38bc745768de07.jpg\",\"datePublished\":\"2024-08-09T12:56:46+00:00\",\"description\":\"Maior onda de frio do ano atinge Sul e Sudeste nas pr\u00f3ximas horas\",\"breadcrumb\":{\"@id\":\"https:\\\/\\\/jornalboasnoticias.com.br\\\/home\\\/maior-onda-de-frio-do-ano-atinge-sul-e-sudeste-nas-proximas-horas\\\/#breadcrumb\"},\"inLanguage\":\"pt-BR\",\"potentialAction\":[{\"@type\":\"ReadAction\",\"target\":[\"https:\\\/\\\/jornalboasnoticias.com.br\\\/home\\\/maior-onda-de-frio-do-ano-atinge-sul-e-sudeste-nas-proximas-horas\\\/\"]}]},{\"@type\":\"ImageObject\",\"inLanguage\":\"pt-BR\",\"@id\":\"https:\\\/\\\/jornalboasnoticias.com.br\\\/home\\\/maior-onda-de-frio-do-ano-atinge-sul-e-sudeste-nas-proximas-horas\\\/#primaryimage\",\"url\":\"https:\\\/\\\/jornalboasnoticias.com.br\\\/home\\\/wp-content\\\/uploads\\\/2024\\\/08\\\/367ff4a9c00495f51a38bc745768de07.jpg\",\"contentUrl\":\"https:\\\/\\\/jornalboasnoticias.com.br\\\/home\\\/wp-content\\\/uploads\\\/2024\\\/08\\\/367ff4a9c00495f51a38bc745768de07.jpg\",\"width\":700,\"height\":466},{\"@type\":\"BreadcrumbList\",\"@id\":\"https:\\\/\\\/jornalboasnoticias.com.br\\\/home\\\/maior-onda-de-frio-do-ano-atinge-sul-e-sudeste-nas-proximas-horas\\\/#breadcrumb\",\"itemListElement\":[{\"@type\":\"ListItem\",\"position\":1,\"name\":\"In\u00edcio\",\"item\":\"https:\\\/\\\/jornalboasnoticias.com.br\\\/home\\\/\"},{\"@type\":\"ListItem\",\"position\":2,\"name\":\"Maior onda de frio do ano atinge Sul e Sudeste nas pr\u00f3ximas horas\"}]},{\"@type\":\"WebSite\",\"@id\":\"https:\\\/\\\/jornalboasnoticias.com.br\\\/home\\\/#website\",\"url\":\"https:\\\/\\\/jornalboasnoticias.com.br\\\/home\\\/\",\"name\":\"Jornal Boas Not\u00edcias\",\"description\":\"Boas not\u00edcias\",\"publisher\":{\"@id\":\"https:\\\/\\\/jornalboasnoticias.com.br\\\/home\\\/#organization\"},\"potentialAction\":[{\"@type\":\"SearchAction\",\"target\":{\"@type\":\"EntryPoint\",\"urlTemplate\":\"https:\\\/\\\/jornalboasnoticias.com.br\\\/home\\\/?s={search_term_string}\"},\"query-input\":{\"@type\":\"PropertyValueSpecification\",\"valueRequired\":true,\"valueName\":\"search_term_string\"}}],\"inLanguage\":\"pt-BR\"},{\"@type\":\"Organization\",\"@id\":\"https:\\\/\\\/jornalboasnoticias.com.br\\\/home\\\/#organization\",\"name\":\"Coq Editora Ltda\",\"alternateName\":\"Jornal Boas Noticias\",\"url\":\"https:\\\/\\\/jornalboasnoticias.com.br\\\/home\\\/\",\"logo\":{\"@type\":\"ImageObject\",\"inLanguage\":\"pt-BR\",\"@id\":\"https:\\\/\\\/jornalboasnoticias.com.br\\\/home\\\/#\\\/schema\\\/logo\\\/image\\\/\",\"url\":\"https:\\\/\\\/jornalboasnoticias.com.br\\\/home\\\/wp-content\\\/uploads\\\/2024\\\/07\\\/cropped-logo.jpg\",\"contentUrl\":\"https:\\\/\\\/jornalboasnoticias.com.br\\\/home\\\/wp-content\\\/uploads\\\/2024\\\/07\\\/cropped-logo.jpg\",\"width\":290,\"height\":142,\"caption\":\"Coq Editora Ltda\"},\"image\":{\"@id\":\"https:\\\/\\\/jornalboasnoticias.com.br\\\/home\\\/#\\\/schema\\\/logo\\\/image\\\/\"},\"sameAs\":[\"https:\\\/\\\/www.facebook.com\\\/boasnoticiasjornal\"]},{\"@type\":\"Person\",\"@id\":\"https:\\\/\\\/jornalboasnoticias.com.br\\\/home\\\/#\\\/schema\\\/person\\\/d641193e0afc6405b390164dac847971\",\"name\":\"Ana Luiza Bonatto\",\"image\":{\"@type\":\"ImageObject\",\"inLanguage\":\"pt-BR\",\"@id\":\"https:\\\/\\\/secure.gravatar.com\\\/avatar\\\/8a055ebe6373371f67ac6fcf313c0ac0b0a91157fdcdb9514fa62927373348f0?s=96&d=mm&r=g\",\"url\":\"https:\\\/\\\/secure.gravatar.com\\\/avatar\\\/8a055ebe6373371f67ac6fcf313c0ac0b0a91157fdcdb9514fa62927373348f0?s=96&d=mm&r=g\",\"contentUrl\":\"https:\\\/\\\/secure.gravatar.com\\\/avatar\\\/8a055ebe6373371f67ac6fcf313c0ac0b0a91157fdcdb9514fa62927373348f0?s=96&d=mm&r=g\",\"caption\":\"Ana Luiza Bonatto\"},\"url\":\"https:\\\/\\\/jornalboasnoticias.com.br\\\/home\\\/author\\\/ana-luiza\\\/\"}]}<\/script>\n<!-- \/ Yoast SEO plugin. -->","yoast_head_json":{"title":"Maior onda de frio do ano atinge Sul e Sudeste nas pr\u00f3ximas horas - Jornal","description":"Maior onda de frio do ano atinge Sul e Sudeste nas pr\u00f3ximas horas","robots":{"index":"index","follow":"follow","max-snippet":"max-snippet:-1","max-image-preview":"max-image-preview:large","max-video-preview":"max-video-preview:-1"},"canonical":"https:\/\/jornalboasnoticias.com.br\/home\/maior-onda-de-frio-do-ano-atinge-sul-e-sudeste-nas-proximas-horas\/","og_locale":"pt_BR","og_type":"article","og_title":"Maior onda de frio do ano atinge Sul e Sudeste nas pr\u00f3ximas horas - Jornal","og_description":"Maior onda de frio do ano atinge Sul e Sudeste nas pr\u00f3ximas horas","og_url":"https:\/\/jornalboasnoticias.com.br\/home\/maior-onda-de-frio-do-ano-atinge-sul-e-sudeste-nas-proximas-horas\/","og_site_name":"Jornal","article_publisher":"https:\/\/www.facebook.com\/boasnoticiasjornal","article_published_time":"2024-08-09T12:56:46+00:00","og_image":[{"width":700,"height":466,"url":"https:\/\/jornalboasnoticias.com.br\/home\/wp-content\/uploads\/2024\/08\/367ff4a9c00495f51a38bc745768de07.jpg","type":"image\/jpeg"}],"author":"Ana Luiza Bonatto","twitter_card":"summary_large_image","twitter_misc":{"Escrito por":"Ana Luiza Bonatto","Est. tempo de leitura":"3 minutos"},"schema":{"@context":"https:\/\/schema.org","@graph":[{"@type":"Article","@id":"https:\/\/jornalboasnoticias.com.br\/home\/maior-onda-de-frio-do-ano-atinge-sul-e-sudeste-nas-proximas-horas\/#article","isPartOf":{"@id":"https:\/\/jornalboasnoticias.com.br\/home\/maior-onda-de-frio-do-ano-atinge-sul-e-sudeste-nas-proximas-horas\/"},"author":{"name":"Ana Luiza Bonatto","@id":"https:\/\/jornalboasnoticias.com.br\/home\/#\/schema\/person\/d641193e0afc6405b390164dac847971"},"headline":"Maior onda de frio do ano atinge Sul e Sudeste nas pr\u00f3ximas horas","datePublished":"2024-08-09T12:56:46+00:00","mainEntityOfPage":{"@id":"https:\/\/jornalboasnoticias.com.br\/home\/maior-onda-de-frio-do-ano-atinge-sul-e-sudeste-nas-proximas-horas\/"},"wordCount":427,"commentCount":0,"publisher":{"@id":"https:\/\/jornalboasnoticias.com.br\/home\/#organization"},"image":{"@id":"https:\/\/jornalboasnoticias.com.br\/home\/maior-onda-de-frio-do-ano-atinge-sul-e-sudeste-nas-proximas-horas\/#primaryimage"},"thumbnailUrl":"https:\/\/jornalboasnoticias.com.br\/home\/wp-content\/uploads\/2024\/08\/367ff4a9c00495f51a38bc745768de07.jpg","articleSection":["BRASIL","DESTAQUE"],"inLanguage":"pt-BR","potentialAction":[{"@type":"CommentAction","name":"Comment","target":["https:\/\/jornalboasnoticias.com.br\/home\/maior-onda-de-frio-do-ano-atinge-sul-e-sudeste-nas-proximas-horas\/#respond"]}]},{"@type":"WebPage","@id":"https:\/\/jornalboasnoticias.com.br\/home\/maior-onda-de-frio-do-ano-atinge-sul-e-sudeste-nas-proximas-horas\/","url":"https:\/\/jornalboasnoticias.com.br\/home\/maior-onda-de-frio-do-ano-atinge-sul-e-sudeste-nas-proximas-horas\/","name":"Maior onda de frio do ano atinge Sul e Sudeste nas pr\u00f3ximas horas - Jornal","isPartOf":{"@id":"https:\/\/jornalboasnoticias.com.br\/home\/#website"},"primaryImageOfPage":{"@id":"https:\/\/jornalboasnoticias.com.br\/home\/maior-onda-de-frio-do-ano-atinge-sul-e-sudeste-nas-proximas-horas\/#primaryimage"},"image":{"@id":"https:\/\/jornalboasnoticias.com.br\/home\/maior-onda-de-frio-do-ano-atinge-sul-e-sudeste-nas-proximas-horas\/#primaryimage"},"thumbnailUrl":"https:\/\/jornalboasnoticias.com.br\/home\/wp-content\/uploads\/2024\/08\/367ff4a9c00495f51a38bc745768de07.jpg","datePublished":"2024-08-09T12:56:46+00:00","description":"Maior onda de frio do ano atinge Sul e Sudeste nas pr\u00f3ximas horas","breadcrumb":{"@id":"https:\/\/jornalboasnoticias.com.br\/home\/maior-onda-de-frio-do-ano-atinge-sul-e-sudeste-nas-proximas-horas\/#breadcrumb"},"inLanguage":"pt-BR","potentialAction":[{"@type":"ReadAction","target":["https:\/\/jornalboasnoticias.com.br\/home\/maior-onda-de-frio-do-ano-atinge-sul-e-sudeste-nas-proximas-horas\/"]}]},{"@type":"ImageObject","inLanguage":"pt-BR","@id":"https:\/\/jornalboasnoticias.com.br\/home\/maior-onda-de-frio-do-ano-atinge-sul-e-sudeste-nas-proximas-horas\/#primaryimage","url":"https:\/\/jornalboasnoticias.com.br\/home\/wp-content\/uploads\/2024\/08\/367ff4a9c00495f51a38bc745768de07.jpg","contentUrl":"https:\/\/jornalboasnoticias.com.br\/home\/wp-content\/uploads\/2024\/08\/367ff4a9c00495f51a38bc745768de07.jpg","width":700,"height":466},{"@type":"BreadcrumbList","@id":"https:\/\/jornalboasnoticias.com.br\/home\/maior-onda-de-frio-do-ano-atinge-sul-e-sudeste-nas-proximas-horas\/#breadcrumb","itemListElement":[{"@type":"ListItem","position":1,"name":"In\u00edcio","item":"https:\/\/jornalboasnoticias.com.br\/home\/"},{"@type":"ListItem","position":2,"name":"Maior onda de frio do ano atinge Sul e Sudeste nas pr\u00f3ximas horas"}]},{"@type":"WebSite","@id":"https:\/\/jornalboasnoticias.com.br\/home\/#website","url":"https:\/\/jornalboasnoticias.com.br\/home\/","name":"Jornal Boas Not\u00edcias","description":"Boas not\u00edcias","publisher":{"@id":"https:\/\/jornalboasnoticias.com.br\/home\/#organization"},"potentialAction":[{"@type":"SearchAction","target":{"@type":"EntryPoint","urlTemplate":"https:\/\/jornalboasnoticias.com.br\/home\/?s={search_term_string}"},"query-input":{"@type":"PropertyValueSpecification","valueRequired":true,"valueName":"search_term_string"}}],"inLanguage":"pt-BR"},{"@type":"Organization","@id":"https:\/\/jornalboasnoticias.com.br\/home\/#organization","name":"Coq Editora Ltda","alternateName":"Jornal Boas Noticias","url":"https:\/\/jornalboasnoticias.com.br\/home\/","logo":{"@type":"ImageObject","inLanguage":"pt-BR","@id":"https:\/\/jornalboasnoticias.com.br\/home\/#\/schema\/logo\/image\/","url":"https:\/\/jornalboasnoticias.com.br\/home\/wp-content\/uploads\/2024\/07\/cropped-logo.jpg","contentUrl":"https:\/\/jornalboasnoticias.com.br\/home\/wp-content\/uploads\/2024\/07\/cropped-logo.jpg","width":290,"height":142,"caption":"Coq Editora Ltda"},"image":{"@id":"https:\/\/jornalboasnoticias.com.br\/home\/#\/schema\/logo\/image\/"},"sameAs":["https:\/\/www.facebook.com\/boasnoticiasjornal"]},{"@type":"Person","@id":"https:\/\/jornalboasnoticias.com.br\/home\/#\/schema\/person\/d641193e0afc6405b390164dac847971","name":"Ana Luiza Bonatto","image":{"@type":"ImageObject","inLanguage":"pt-BR","@id":"https:\/\/secure.gravatar.com\/avatar\/8a055ebe6373371f67ac6fcf313c0ac0b0a91157fdcdb9514fa62927373348f0?s=96&d=mm&r=g","url":"https:\/\/secure.gravatar.com\/avatar\/8a055ebe6373371f67ac6fcf313c0ac0b0a91157fdcdb9514fa62927373348f0?s=96&d=mm&r=g","contentUrl":"https:\/\/secure.gravatar.com\/avatar\/8a055ebe6373371f67ac6fcf313c0ac0b0a91157fdcdb9514fa62927373348f0?s=96&d=mm&r=g","caption":"Ana Luiza Bonatto"},"url":"https:\/\/jornalboasnoticias.com.br\/home\/author\/ana-luiza\/"}]}},"_links":{"self":[{"href":"https:\/\/jornalboasnoticias.com.br\/home\/wp-json\/wp\/v2\/posts\/43362","targetHints":{"allow":["GET"]}}],"collection":[{"href":"https:\/\/jornalboasnoticias.com.br\/home\/wp-json\/wp\/v2\/posts"}],"about":[{"href":"https:\/\/jornalboasnoticias.com.br\/home\/wp-json\/wp\/v2\/types\/post"}],"author":[{"embeddable":true,"href":"https:\/\/jornalboasnoticias.com.br\/home\/wp-json\/wp\/v2\/users\/4"}],"replies":[{"embeddable":true,"href":"https:\/\/jornalboasnoticias.com.br\/home\/wp-json\/wp\/v2\/comments?post=43362"}],"version-history":[{"count":1,"href":"https:\/\/jornalboasnoticias.com.br\/home\/wp-json\/wp\/v2\/posts\/43362\/revisions"}],"predecessor-version":[{"id":43364,"href":"https:\/\/jornalboasnoticias.com.br\/home\/wp-json\/wp\/v2\/posts\/43362\/revisions\/43364"}],"wp:featuredmedia":[{"embeddable":true,"href":"https:\/\/jornalboasnoticias.com.br\/home\/wp-json\/wp\/v2\/media\/43363"}],"wp:attachment":[{"href":"https:\/\/jornalboasnoticias.com.br\/home\/wp-json\/wp\/v2\/media?parent=43362"}],"wp:term":[{"taxonomy":"category","embeddable":true,"href":"https:\/\/jornalboasnoticias.com.br\/home\/wp-json\/wp\/v2\/categories?post=43362"},{"taxonomy":"post_tag","embeddable":true,"href":"https:\/\/jornalboasnoticias.com.br\/home\/wp-json\/wp\/v2\/tags?post=43362"}],"curies":[{"name":"wp","href":"https:\/\/api.w.org\/{rel}","templated":true}]}}