{"id":43307,"date":"2024-07-31T12:10:56","date_gmt":"2024-07-31T12:10:56","guid":{"rendered":"https:\/\/jornalboasnoticias.com.br\/home\/?p=43307"},"modified":"2024-07-31T12:10:56","modified_gmt":"2024-07-31T12:10:56","slug":"ira-jura-vinganca-contra-israel-apos-morte-de-lider-do-hamas","status":"publish","type":"post","link":"https:\/\/jornalboasnoticias.com.br\/home\/ira-jura-vinganca-contra-israel-apos-morte-de-lider-do-hamas\/","title":{"rendered":"Ir\u00e3 jura vingan\u00e7a contra Israel ap\u00f3s morte de l\u00edder do Hamas"},"content":{"rendered":"<figure id=\"attachment_43308\" aria-describedby=\"caption-attachment-43308\" style=\"width: 700px\" class=\"wp-caption alignnone\"><img loading=\"lazy\" decoding=\"async\" class=\"wp-image-43308 size-full\" src=\"https:\/\/jornalboasnoticias.com.br\/home\/wp-content\/uploads\/2024\/07\/k.jpg\" alt=\"\" width=\"700\" height=\"467\" srcset=\"https:\/\/jornalboasnoticias.com.br\/home\/wp-content\/uploads\/2024\/07\/k.jpg 700w, https:\/\/jornalboasnoticias.com.br\/home\/wp-content\/uploads\/2024\/07\/k-300x200.jpg 300w\" sizes=\"auto, (max-width: 700px) 100vw, 700px\" \/><figcaption id=\"caption-attachment-43308\" class=\"wp-caption-text\">Foto: Iranian Presidency \/ Handout\/Anadolu via Getty Images<\/figcaption><\/figure>\n<blockquote>\n<p class=\"Text__TextBase-sc-1d75gww-0 cUGlZd noticiaCabecalho__subtitulo\">Morte de l\u00edder do Hamas pode levar a uma escalada da viol\u00eancia na regi\u00e3o. Israel se diz preparado<\/p>\n<\/blockquote>\n<p>O aiotol\u00e1 Ali Khamenei, considerado l\u00edder supremo do Ir\u00e3, promteu vingan\u00e7a contra Israel pela\u00a0morte do chefe pol\u00edtico do Hamas, Ismail Haniyeh, em um atentado a\u00e9reo nas primeiras horas desta quarta-feira (31\/7).<\/p>\n<p data-gtm-vis-recent-on-screen104869357_94=\"7956\" data-gtm-vis-first-on-screen104869357_94=\"7956\" data-gtm-vis-total-visible-time104869357_94=\"100\" data-gtm-vis-has-fired104869357_94=\"1\">At\u00e9 o momento, Israel n\u00e3o confirmou ou negou autoria no ataque, entretanto, o ministro da Defesa israelense, Yoav Gallant, afirmou que o pa\u00eds \u201cn\u00e3o quer guerra\u201d, mas que est\u00e1 preparado para \u201ctodas as possibilidades.\u201d<\/p>\n<p>O grupo extremista Hamas e o Corpo da Guarda Revolucion\u00e1ria Isl\u00e2mica do Ir\u00e3 confirmaram a\u00a0morte do l\u00edder pol\u00edtico e acusam Israel pela morte. Yoav Gallant estava no Ir\u00e3 para participar da posse do presidente Masoud Pezeshkian.<\/p>\n<p>Apesar de o governo israelense n\u00e3o ter assumido a autoria do ataque que causou a morte do chefe do Hamas, Khamenei prometeu \u201cpuni\u00e7\u00e3o severa\u201d para\u00a0Israel, em um comunicado divulgado pela ag\u00eancia de not\u00edcias oficial Irna. \u201cCom este ato, o regime sionista criminoso e terrorista preparou o terreno para uma puni\u00e7\u00e3o severa para si mesmo. Consideramos nosso dever vingar o sangue de Haniyeh, que foi derramado no territ\u00f3rio da Rep\u00fablica Isl\u00e2mica do Ir\u00e3\u201d, amea\u00e7ou.<\/p>\n<p>O presidente iraniano,\u00a0Masoud Pezeshkian, que tomou posse na ter\u00e7a-feira (30\/7), tamb\u00e9m se posicionou e criticou a a\u00e7\u00e3o dentro do territ\u00f3rio. \u201cA Rep\u00fablica Isl\u00e2mica do Ir\u00e3 defender\u00e1 sua integridade territorial, sua honra, seu orgulho e sua dignidade, e far\u00e1 com que os invasores terroristas se arrependam desse ato covarde\u201d, escreveu Pezeshkian na rede X.<\/p>\n<p>O bra\u00e7o armado do Hamas, respons\u00e1vel pelo\u00a0ataque a Israel em 7 de outubro de 2023, ponta p\u00e9 inicial da guerra em Gaza, ressaltou que vingar\u00e1 o assassinato e que o ato trar\u00e1 \u201cconsequ\u00eancias enormes para toda a regi\u00e3o\u201d. \u201cEste assassinato [\u2026] leva a guerra para outro n\u00edvel e ter\u00e1 consequ\u00eancias enormes em toda a regi\u00e3o\u201d, refor\u00e7a um comunicado divulgado pelas Brigadas Ezzedine Al Qassam.<\/p>\n<h4>Pa\u00edses condenam ataque<\/h4>\n<p>Turquia, China, R\u00fassia e Palestina se posicionaram contra o ataque no territ\u00f3rio iraniano. \u201cQue Deus tenha miseric\u00f3rdia do meu irm\u00e3o Ismail Haniyeh, que foi martirizado como resultado deste ataque hediondo\u201d, escreveu o presidente turco, Recep Tayyip Erdogan, na rede social X, denunciando \u201cbarb\u00e1rie sionista\u201d.<\/p>\n<p>Em coletiva de imprensa, o porta-voz diplom\u00e1tico chin\u00eas Lin Jian afirmou que a China est\u00e1 \u201cmuito preocupada com este incidente\u201d e que o pa\u00eds se op\u00f5e e condena \u201ceste assassinato\u201d. A\u00a0R\u00fassia, por sua vez, denunciou um \u201cassassinato pol\u00edtico inaceit\u00e1vel\u201d, que levar\u00e1 \u201ca uma nova escalada das tens\u00f5es\u201d, disse o vice-ministro das Rela\u00e7\u00f5es Exteriores russo, Mikhail Bogdanov, \u00e0 ag\u00eancia de not\u00edcias estatal RIA Novosti.<\/p>\n<p>O presidente da Autoridade Palestina, Mahmoud Abbas, tamb\u00e9m reagiu e pediu aos palestinos que \u201cse unam, mostrem paci\u00eancia e firmeza diante da ocupa\u00e7\u00e3o israelense\u201d. Segundo ele, a morte de Hanyeh pode levar a uma escalada da viol\u00eancia na regi\u00e3o.<\/p>\n<p>Com informa\u00e7\u00f5es do\u00a0<a href=\"https:\/\/www.rfi.fr\/br\/mundo\/20240731-ir%C3%A3-amea%C3%A7a-israel-ap%C3%B3s-assassinato-de-ismail-haniyeh-l%C3%ADder-do-hamas-que-promete-repres%C3%A1lia\" rel=\"noopener\">RFI<\/a><\/p>\n","protected":false},"excerpt":{"rendered":"<p>Morte de l\u00edder do Hamas pode levar a uma escalada da viol\u00eancia na regi\u00e3o. Israel<\/p>\n","protected":false},"author":4,"featured_media":43308,"comment_status":"open","ping_status":"open","sticky":false,"template":"","format":"standard","meta":{"footnotes":""},"categories":[3,9],"tags":[],"class_list":["post-43307","post","type-post","status-publish","format-standard","has-post-thumbnail","hentry","category-destaques","category-internacional"],"yoast_head":"<!-- This site is optimized with the Yoast SEO plugin v27.5 - https:\/\/yoast.com\/product\/yoast-seo-wordpress\/ -->\n<title>Ir\u00e3 jura vingan\u00e7a contra Israel ap\u00f3s morte de l\u00edder do Hamas - Jornal<\/title>\n<meta name=\"description\" content=\"Ir\u00e3 jura vingan\u00e7a contra Israel ap\u00f3s morte de l\u00edder do Hamas\" \/>\n<meta name=\"robots\" content=\"index, follow, max-snippet:-1, max-image-preview:large, max-video-preview:-1\" \/>\n<link rel=\"canonical\" href=\"https:\/\/jornalboasnoticias.com.br\/home\/ira-jura-vinganca-contra-israel-apos-morte-de-lider-do-hamas\/\" \/>\n<meta property=\"og:locale\" content=\"pt_BR\" \/>\n<meta property=\"og:type\" content=\"article\" \/>\n<meta property=\"og:title\" content=\"Ir\u00e3 jura vingan\u00e7a contra Israel ap\u00f3s morte de l\u00edder do Hamas - Jornal\" \/>\n<meta property=\"og:description\" content=\"Ir\u00e3 jura vingan\u00e7a contra Israel ap\u00f3s morte de l\u00edder do Hamas\" \/>\n<meta property=\"og:url\" content=\"https:\/\/jornalboasnoticias.com.br\/home\/ira-jura-vinganca-contra-israel-apos-morte-de-lider-do-hamas\/\" \/>\n<meta property=\"og:site_name\" content=\"Jornal\" \/>\n<meta property=\"article:publisher\" content=\"https:\/\/www.facebook.com\/boasnoticiasjornal\" \/>\n<meta property=\"article:published_time\" content=\"2024-07-31T12:10:56+00:00\" \/>\n<meta property=\"og:image\" content=\"https:\/\/jornalboasnoticias.com.br\/home\/wp-content\/uploads\/2024\/07\/k.jpg\" \/>\n\t<meta property=\"og:image:width\" content=\"700\" \/>\n\t<meta property=\"og:image:height\" content=\"467\" \/>\n\t<meta property=\"og:image:type\" content=\"image\/jpeg\" \/>\n<meta name=\"author\" content=\"Ana Luiza Bonatto\" \/>\n<meta name=\"twitter:card\" content=\"summary_large_image\" \/>\n<meta name=\"twitter:label1\" content=\"Escrito por\" \/>\n\t<meta name=\"twitter:data1\" content=\"Ana Luiza Bonatto\" \/>\n\t<meta name=\"twitter:label2\" content=\"Est. tempo de leitura\" \/>\n\t<meta name=\"twitter:data2\" content=\"3 minutos\" \/>\n<script type=\"application\/ld+json\" class=\"yoast-schema-graph\">{\"@context\":\"https:\\\/\\\/schema.org\",\"@graph\":[{\"@type\":\"Article\",\"@id\":\"https:\\\/\\\/jornalboasnoticias.com.br\\\/home\\\/ira-jura-vinganca-contra-israel-apos-morte-de-lider-do-hamas\\\/#article\",\"isPartOf\":{\"@id\":\"https:\\\/\\\/jornalboasnoticias.com.br\\\/home\\\/ira-jura-vinganca-contra-israel-apos-morte-de-lider-do-hamas\\\/\"},\"author\":{\"name\":\"Ana Luiza Bonatto\",\"@id\":\"https:\\\/\\\/jornalboasnoticias.com.br\\\/home\\\/#\\\/schema\\\/person\\\/d641193e0afc6405b390164dac847971\"},\"headline\":\"Ir\u00e3 jura vingan\u00e7a contra Israel ap\u00f3s morte de l\u00edder do Hamas\",\"datePublished\":\"2024-07-31T12:10:56+00:00\",\"mainEntityOfPage\":{\"@id\":\"https:\\\/\\\/jornalboasnoticias.com.br\\\/home\\\/ira-jura-vinganca-contra-israel-apos-morte-de-lider-do-hamas\\\/\"},\"wordCount\":551,\"commentCount\":0,\"publisher\":{\"@id\":\"https:\\\/\\\/jornalboasnoticias.com.br\\\/home\\\/#organization\"},\"image\":{\"@id\":\"https:\\\/\\\/jornalboasnoticias.com.br\\\/home\\\/ira-jura-vinganca-contra-israel-apos-morte-de-lider-do-hamas\\\/#primaryimage\"},\"thumbnailUrl\":\"https:\\\/\\\/jornalboasnoticias.com.br\\\/home\\\/wp-content\\\/uploads\\\/2024\\\/07\\\/k.jpg\",\"articleSection\":[\"DESTAQUE\",\"INTERNACIONAL\"],\"inLanguage\":\"pt-BR\",\"potentialAction\":[{\"@type\":\"CommentAction\",\"name\":\"Comment\",\"target\":[\"https:\\\/\\\/jornalboasnoticias.com.br\\\/home\\\/ira-jura-vinganca-contra-israel-apos-morte-de-lider-do-hamas\\\/#respond\"]}]},{\"@type\":\"WebPage\",\"@id\":\"https:\\\/\\\/jornalboasnoticias.com.br\\\/home\\\/ira-jura-vinganca-contra-israel-apos-morte-de-lider-do-hamas\\\/\",\"url\":\"https:\\\/\\\/jornalboasnoticias.com.br\\\/home\\\/ira-jura-vinganca-contra-israel-apos-morte-de-lider-do-hamas\\\/\",\"name\":\"Ir\u00e3 jura vingan\u00e7a contra Israel ap\u00f3s morte de l\u00edder do Hamas - Jornal\",\"isPartOf\":{\"@id\":\"https:\\\/\\\/jornalboasnoticias.com.br\\\/home\\\/#website\"},\"primaryImageOfPage\":{\"@id\":\"https:\\\/\\\/jornalboasnoticias.com.br\\\/home\\\/ira-jura-vinganca-contra-israel-apos-morte-de-lider-do-hamas\\\/#primaryimage\"},\"image\":{\"@id\":\"https:\\\/\\\/jornalboasnoticias.com.br\\\/home\\\/ira-jura-vinganca-contra-israel-apos-morte-de-lider-do-hamas\\\/#primaryimage\"},\"thumbnailUrl\":\"https:\\\/\\\/jornalboasnoticias.com.br\\\/home\\\/wp-content\\\/uploads\\\/2024\\\/07\\\/k.jpg\",\"datePublished\":\"2024-07-31T12:10:56+00:00\",\"description\":\"Ir\u00e3 jura vingan\u00e7a contra Israel ap\u00f3s morte de l\u00edder do Hamas\",\"breadcrumb\":{\"@id\":\"https:\\\/\\\/jornalboasnoticias.com.br\\\/home\\\/ira-jura-vinganca-contra-israel-apos-morte-de-lider-do-hamas\\\/#breadcrumb\"},\"inLanguage\":\"pt-BR\",\"potentialAction\":[{\"@type\":\"ReadAction\",\"target\":[\"https:\\\/\\\/jornalboasnoticias.com.br\\\/home\\\/ira-jura-vinganca-contra-israel-apos-morte-de-lider-do-hamas\\\/\"]}]},{\"@type\":\"ImageObject\",\"inLanguage\":\"pt-BR\",\"@id\":\"https:\\\/\\\/jornalboasnoticias.com.br\\\/home\\\/ira-jura-vinganca-contra-israel-apos-morte-de-lider-do-hamas\\\/#primaryimage\",\"url\":\"https:\\\/\\\/jornalboasnoticias.com.br\\\/home\\\/wp-content\\\/uploads\\\/2024\\\/07\\\/k.jpg\",\"contentUrl\":\"https:\\\/\\\/jornalboasnoticias.com.br\\\/home\\\/wp-content\\\/uploads\\\/2024\\\/07\\\/k.jpg\",\"width\":700,\"height\":467},{\"@type\":\"BreadcrumbList\",\"@id\":\"https:\\\/\\\/jornalboasnoticias.com.br\\\/home\\\/ira-jura-vinganca-contra-israel-apos-morte-de-lider-do-hamas\\\/#breadcrumb\",\"itemListElement\":[{\"@type\":\"ListItem\",\"position\":1,\"name\":\"In\u00edcio\",\"item\":\"https:\\\/\\\/jornalboasnoticias.com.br\\\/home\\\/\"},{\"@type\":\"ListItem\",\"position\":2,\"name\":\"Ir\u00e3 jura vingan\u00e7a contra Israel ap\u00f3s morte de l\u00edder do Hamas\"}]},{\"@type\":\"WebSite\",\"@id\":\"https:\\\/\\\/jornalboasnoticias.com.br\\\/home\\\/#website\",\"url\":\"https:\\\/\\\/jornalboasnoticias.com.br\\\/home\\\/\",\"name\":\"Jornal Boas Not\u00edcias\",\"description\":\"Boas not\u00edcias\",\"publisher\":{\"@id\":\"https:\\\/\\\/jornalboasnoticias.com.br\\\/home\\\/#organization\"},\"potentialAction\":[{\"@type\":\"SearchAction\",\"target\":{\"@type\":\"EntryPoint\",\"urlTemplate\":\"https:\\\/\\\/jornalboasnoticias.com.br\\\/home\\\/?s={search_term_string}\"},\"query-input\":{\"@type\":\"PropertyValueSpecification\",\"valueRequired\":true,\"valueName\":\"search_term_string\"}}],\"inLanguage\":\"pt-BR\"},{\"@type\":\"Organization\",\"@id\":\"https:\\\/\\\/jornalboasnoticias.com.br\\\/home\\\/#organization\",\"name\":\"Coq Editora Ltda\",\"alternateName\":\"Jornal Boas Noticias\",\"url\":\"https:\\\/\\\/jornalboasnoticias.com.br\\\/home\\\/\",\"logo\":{\"@type\":\"ImageObject\",\"inLanguage\":\"pt-BR\",\"@id\":\"https:\\\/\\\/jornalboasnoticias.com.br\\\/home\\\/#\\\/schema\\\/logo\\\/image\\\/\",\"url\":\"https:\\\/\\\/jornalboasnoticias.com.br\\\/home\\\/wp-content\\\/uploads\\\/2024\\\/07\\\/cropped-logo.jpg\",\"contentUrl\":\"https:\\\/\\\/jornalboasnoticias.com.br\\\/home\\\/wp-content\\\/uploads\\\/2024\\\/07\\\/cropped-logo.jpg\",\"width\":290,\"height\":142,\"caption\":\"Coq Editora Ltda\"},\"image\":{\"@id\":\"https:\\\/\\\/jornalboasnoticias.com.br\\\/home\\\/#\\\/schema\\\/logo\\\/image\\\/\"},\"sameAs\":[\"https:\\\/\\\/www.facebook.com\\\/boasnoticiasjornal\"]},{\"@type\":\"Person\",\"@id\":\"https:\\\/\\\/jornalboasnoticias.com.br\\\/home\\\/#\\\/schema\\\/person\\\/d641193e0afc6405b390164dac847971\",\"name\":\"Ana Luiza Bonatto\",\"image\":{\"@type\":\"ImageObject\",\"inLanguage\":\"pt-BR\",\"@id\":\"https:\\\/\\\/secure.gravatar.com\\\/avatar\\\/8a055ebe6373371f67ac6fcf313c0ac0b0a91157fdcdb9514fa62927373348f0?s=96&d=mm&r=g\",\"url\":\"https:\\\/\\\/secure.gravatar.com\\\/avatar\\\/8a055ebe6373371f67ac6fcf313c0ac0b0a91157fdcdb9514fa62927373348f0?s=96&d=mm&r=g\",\"contentUrl\":\"https:\\\/\\\/secure.gravatar.com\\\/avatar\\\/8a055ebe6373371f67ac6fcf313c0ac0b0a91157fdcdb9514fa62927373348f0?s=96&d=mm&r=g\",\"caption\":\"Ana Luiza Bonatto\"},\"url\":\"https:\\\/\\\/jornalboasnoticias.com.br\\\/home\\\/author\\\/ana-luiza\\\/\"}]}<\/script>\n<!-- \/ Yoast SEO plugin. -->","yoast_head_json":{"title":"Ir\u00e3 jura vingan\u00e7a contra Israel ap\u00f3s morte de l\u00edder do Hamas - Jornal","description":"Ir\u00e3 jura vingan\u00e7a contra Israel ap\u00f3s morte de l\u00edder do Hamas","robots":{"index":"index","follow":"follow","max-snippet":"max-snippet:-1","max-image-preview":"max-image-preview:large","max-video-preview":"max-video-preview:-1"},"canonical":"https:\/\/jornalboasnoticias.com.br\/home\/ira-jura-vinganca-contra-israel-apos-morte-de-lider-do-hamas\/","og_locale":"pt_BR","og_type":"article","og_title":"Ir\u00e3 jura vingan\u00e7a contra Israel ap\u00f3s morte de l\u00edder do Hamas - Jornal","og_description":"Ir\u00e3 jura vingan\u00e7a contra Israel ap\u00f3s morte de l\u00edder do Hamas","og_url":"https:\/\/jornalboasnoticias.com.br\/home\/ira-jura-vinganca-contra-israel-apos-morte-de-lider-do-hamas\/","og_site_name":"Jornal","article_publisher":"https:\/\/www.facebook.com\/boasnoticiasjornal","article_published_time":"2024-07-31T12:10:56+00:00","og_image":[{"width":700,"height":467,"url":"https:\/\/jornalboasnoticias.com.br\/home\/wp-content\/uploads\/2024\/07\/k.jpg","type":"image\/jpeg"}],"author":"Ana Luiza Bonatto","twitter_card":"summary_large_image","twitter_misc":{"Escrito por":"Ana Luiza Bonatto","Est. tempo de leitura":"3 minutos"},"schema":{"@context":"https:\/\/schema.org","@graph":[{"@type":"Article","@id":"https:\/\/jornalboasnoticias.com.br\/home\/ira-jura-vinganca-contra-israel-apos-morte-de-lider-do-hamas\/#article","isPartOf":{"@id":"https:\/\/jornalboasnoticias.com.br\/home\/ira-jura-vinganca-contra-israel-apos-morte-de-lider-do-hamas\/"},"author":{"name":"Ana Luiza Bonatto","@id":"https:\/\/jornalboasnoticias.com.br\/home\/#\/schema\/person\/d641193e0afc6405b390164dac847971"},"headline":"Ir\u00e3 jura vingan\u00e7a contra Israel ap\u00f3s morte de l\u00edder do Hamas","datePublished":"2024-07-31T12:10:56+00:00","mainEntityOfPage":{"@id":"https:\/\/jornalboasnoticias.com.br\/home\/ira-jura-vinganca-contra-israel-apos-morte-de-lider-do-hamas\/"},"wordCount":551,"commentCount":0,"publisher":{"@id":"https:\/\/jornalboasnoticias.com.br\/home\/#organization"},"image":{"@id":"https:\/\/jornalboasnoticias.com.br\/home\/ira-jura-vinganca-contra-israel-apos-morte-de-lider-do-hamas\/#primaryimage"},"thumbnailUrl":"https:\/\/jornalboasnoticias.com.br\/home\/wp-content\/uploads\/2024\/07\/k.jpg","articleSection":["DESTAQUE","INTERNACIONAL"],"inLanguage":"pt-BR","potentialAction":[{"@type":"CommentAction","name":"Comment","target":["https:\/\/jornalboasnoticias.com.br\/home\/ira-jura-vinganca-contra-israel-apos-morte-de-lider-do-hamas\/#respond"]}]},{"@type":"WebPage","@id":"https:\/\/jornalboasnoticias.com.br\/home\/ira-jura-vinganca-contra-israel-apos-morte-de-lider-do-hamas\/","url":"https:\/\/jornalboasnoticias.com.br\/home\/ira-jura-vinganca-contra-israel-apos-morte-de-lider-do-hamas\/","name":"Ir\u00e3 jura vingan\u00e7a contra Israel ap\u00f3s morte de l\u00edder do Hamas - Jornal","isPartOf":{"@id":"https:\/\/jornalboasnoticias.com.br\/home\/#website"},"primaryImageOfPage":{"@id":"https:\/\/jornalboasnoticias.com.br\/home\/ira-jura-vinganca-contra-israel-apos-morte-de-lider-do-hamas\/#primaryimage"},"image":{"@id":"https:\/\/jornalboasnoticias.com.br\/home\/ira-jura-vinganca-contra-israel-apos-morte-de-lider-do-hamas\/#primaryimage"},"thumbnailUrl":"https:\/\/jornalboasnoticias.com.br\/home\/wp-content\/uploads\/2024\/07\/k.jpg","datePublished":"2024-07-31T12:10:56+00:00","description":"Ir\u00e3 jura vingan\u00e7a contra Israel ap\u00f3s morte de l\u00edder do Hamas","breadcrumb":{"@id":"https:\/\/jornalboasnoticias.com.br\/home\/ira-jura-vinganca-contra-israel-apos-morte-de-lider-do-hamas\/#breadcrumb"},"inLanguage":"pt-BR","potentialAction":[{"@type":"ReadAction","target":["https:\/\/jornalboasnoticias.com.br\/home\/ira-jura-vinganca-contra-israel-apos-morte-de-lider-do-hamas\/"]}]},{"@type":"ImageObject","inLanguage":"pt-BR","@id":"https:\/\/jornalboasnoticias.com.br\/home\/ira-jura-vinganca-contra-israel-apos-morte-de-lider-do-hamas\/#primaryimage","url":"https:\/\/jornalboasnoticias.com.br\/home\/wp-content\/uploads\/2024\/07\/k.jpg","contentUrl":"https:\/\/jornalboasnoticias.com.br\/home\/wp-content\/uploads\/2024\/07\/k.jpg","width":700,"height":467},{"@type":"BreadcrumbList","@id":"https:\/\/jornalboasnoticias.com.br\/home\/ira-jura-vinganca-contra-israel-apos-morte-de-lider-do-hamas\/#breadcrumb","itemListElement":[{"@type":"ListItem","position":1,"name":"In\u00edcio","item":"https:\/\/jornalboasnoticias.com.br\/home\/"},{"@type":"ListItem","position":2,"name":"Ir\u00e3 jura vingan\u00e7a contra Israel ap\u00f3s morte de l\u00edder do Hamas"}]},{"@type":"WebSite","@id":"https:\/\/jornalboasnoticias.com.br\/home\/#website","url":"https:\/\/jornalboasnoticias.com.br\/home\/","name":"Jornal Boas Not\u00edcias","description":"Boas not\u00edcias","publisher":{"@id":"https:\/\/jornalboasnoticias.com.br\/home\/#organization"},"potentialAction":[{"@type":"SearchAction","target":{"@type":"EntryPoint","urlTemplate":"https:\/\/jornalboasnoticias.com.br\/home\/?s={search_term_string}"},"query-input":{"@type":"PropertyValueSpecification","valueRequired":true,"valueName":"search_term_string"}}],"inLanguage":"pt-BR"},{"@type":"Organization","@id":"https:\/\/jornalboasnoticias.com.br\/home\/#organization","name":"Coq Editora Ltda","alternateName":"Jornal Boas Noticias","url":"https:\/\/jornalboasnoticias.com.br\/home\/","logo":{"@type":"ImageObject","inLanguage":"pt-BR","@id":"https:\/\/jornalboasnoticias.com.br\/home\/#\/schema\/logo\/image\/","url":"https:\/\/jornalboasnoticias.com.br\/home\/wp-content\/uploads\/2024\/07\/cropped-logo.jpg","contentUrl":"https:\/\/jornalboasnoticias.com.br\/home\/wp-content\/uploads\/2024\/07\/cropped-logo.jpg","width":290,"height":142,"caption":"Coq Editora Ltda"},"image":{"@id":"https:\/\/jornalboasnoticias.com.br\/home\/#\/schema\/logo\/image\/"},"sameAs":["https:\/\/www.facebook.com\/boasnoticiasjornal"]},{"@type":"Person","@id":"https:\/\/jornalboasnoticias.com.br\/home\/#\/schema\/person\/d641193e0afc6405b390164dac847971","name":"Ana Luiza Bonatto","image":{"@type":"ImageObject","inLanguage":"pt-BR","@id":"https:\/\/secure.gravatar.com\/avatar\/8a055ebe6373371f67ac6fcf313c0ac0b0a91157fdcdb9514fa62927373348f0?s=96&d=mm&r=g","url":"https:\/\/secure.gravatar.com\/avatar\/8a055ebe6373371f67ac6fcf313c0ac0b0a91157fdcdb9514fa62927373348f0?s=96&d=mm&r=g","contentUrl":"https:\/\/secure.gravatar.com\/avatar\/8a055ebe6373371f67ac6fcf313c0ac0b0a91157fdcdb9514fa62927373348f0?s=96&d=mm&r=g","caption":"Ana Luiza Bonatto"},"url":"https:\/\/jornalboasnoticias.com.br\/home\/author\/ana-luiza\/"}]}},"_links":{"self":[{"href":"https:\/\/jornalboasnoticias.com.br\/home\/wp-json\/wp\/v2\/posts\/43307","targetHints":{"allow":["GET"]}}],"collection":[{"href":"https:\/\/jornalboasnoticias.com.br\/home\/wp-json\/wp\/v2\/posts"}],"about":[{"href":"https:\/\/jornalboasnoticias.com.br\/home\/wp-json\/wp\/v2\/types\/post"}],"author":[{"embeddable":true,"href":"https:\/\/jornalboasnoticias.com.br\/home\/wp-json\/wp\/v2\/users\/4"}],"replies":[{"embeddable":true,"href":"https:\/\/jornalboasnoticias.com.br\/home\/wp-json\/wp\/v2\/comments?post=43307"}],"version-history":[{"count":1,"href":"https:\/\/jornalboasnoticias.com.br\/home\/wp-json\/wp\/v2\/posts\/43307\/revisions"}],"predecessor-version":[{"id":43309,"href":"https:\/\/jornalboasnoticias.com.br\/home\/wp-json\/wp\/v2\/posts\/43307\/revisions\/43309"}],"wp:featuredmedia":[{"embeddable":true,"href":"https:\/\/jornalboasnoticias.com.br\/home\/wp-json\/wp\/v2\/media\/43308"}],"wp:attachment":[{"href":"https:\/\/jornalboasnoticias.com.br\/home\/wp-json\/wp\/v2\/media?parent=43307"}],"wp:term":[{"taxonomy":"category","embeddable":true,"href":"https:\/\/jornalboasnoticias.com.br\/home\/wp-json\/wp\/v2\/categories?post=43307"},{"taxonomy":"post_tag","embeddable":true,"href":"https:\/\/jornalboasnoticias.com.br\/home\/wp-json\/wp\/v2\/tags?post=43307"}],"curies":[{"name":"wp","href":"https:\/\/api.w.org\/{rel}","templated":true}]}}