{"id":43303,"date":"2024-07-31T11:32:26","date_gmt":"2024-07-31T11:32:26","guid":{"rendered":"https:\/\/jornalboasnoticias.com.br\/home\/?p=43303"},"modified":"2024-07-31T11:32:26","modified_gmt":"2024-07-31T11:32:26","slug":"cristaos-na-venezuela-se-reunem-em-oracao-por-reconciliacao-em-meio-a-crise-politica","status":"publish","type":"post","link":"https:\/\/jornalboasnoticias.com.br\/home\/cristaos-na-venezuela-se-reunem-em-oracao-por-reconciliacao-em-meio-a-crise-politica\/","title":{"rendered":"Crist\u00e3os na Venezuela se re\u00fanem em ora\u00e7\u00e3o por reconcilia\u00e7\u00e3o em meio \u00e0 crise pol\u00edtica"},"content":{"rendered":"<blockquote>\n<figure id=\"attachment_43304\" aria-describedby=\"caption-attachment-43304\" style=\"width: 1437px\" class=\"wp-caption alignnone\"><img loading=\"lazy\" decoding=\"async\" class=\"wp-image-43304 size-full\" src=\"https:\/\/jornalboasnoticias.com.br\/home\/wp-content\/uploads\/2024\/07\/cristaos-orando-pela-venezuela.webp\" alt=\"\" width=\"1437\" height=\"862\" srcset=\"https:\/\/jornalboasnoticias.com.br\/home\/wp-content\/uploads\/2024\/07\/cristaos-orando-pela-venezuela.webp 1437w, https:\/\/jornalboasnoticias.com.br\/home\/wp-content\/uploads\/2024\/07\/cristaos-orando-pela-venezuela-300x180.webp 300w, https:\/\/jornalboasnoticias.com.br\/home\/wp-content\/uploads\/2024\/07\/cristaos-orando-pela-venezuela-1024x614.webp 1024w, https:\/\/jornalboasnoticias.com.br\/home\/wp-content\/uploads\/2024\/07\/cristaos-orando-pela-venezuela-768x461.webp 768w\" sizes=\"auto, (max-width: 1437px) 100vw, 1437px\" \/><figcaption id=\"caption-attachment-43304\" class=\"wp-caption-text\">Foto: Reprodu\u00e7\u00e3o\/YouTube<\/figcaption><\/figure>\n<p>Nicol\u00e1s Maduro tenta se manter no poder mesmo sob evid\u00eancias de derrota<\/p><\/blockquote>\n<p>Em meio \u00e0 crise pol\u00edtica na Venezuela, crist\u00e3os t\u00eam se reunido para orar pela reconcilia\u00e7\u00e3o e bem-estar do pa\u00eds, al\u00e9m da prote\u00e7\u00e3o de seus habitantes, enquanto Nicol\u00e1s Maduro tenta se manter no poder. Reuni\u00f5es p\u00fablicas de ora\u00e7\u00e3o t\u00eam sido realizadas dentro e fora do pa\u00eds.<\/p>\n<p>A Venezuela enfrenta uma crise econ\u00f4mica severa que tem elevado os n\u00edveis de pobreza. Segundo a ag\u00eancia de refugiados, cerca de 8 milh\u00f5es de pessoas deixaram o pa\u00eds nos \u00faltimos anos. Al\u00e9m disso, h\u00e1 uma escassez cr\u00edtica de medicamentos e outros servi\u00e7os essenciais.<\/p>\n<p>Ap\u00f3s a declara\u00e7\u00e3o de vit\u00f3ria de Nicol\u00e1s Maduro nas elei\u00e7\u00f5es presidenciais, milhares de pessoas protestaram contra a suposta fraude nos resultados. De acordo com as autoridades, Maduro venceu com 51,2% dos votos contra 44,2% do candidato da oposi\u00e7\u00e3o, Edmundo Gonz\u00e1lez.<\/p>\n<p>Maria Corina Machado, l\u00edder da oposi\u00e7\u00e3o, afirmou que Gonz\u00e1lez obteve 70% dos votos e que diversas pesquisas de boca de urna independentes confirmaram sua vit\u00f3ria. O Conselho Nacional Eleitoral (CNE) declarou que aproximadamente 80% das urnas foram contadas, mas houve atraso devido a uma \u201cagress\u00e3o\u201d contra o sistema de transmiss\u00e3o de dados eleitorais.<\/p>\n<p>Ram\u00f3n Ferrer, ap\u00f3stolo e presidente da Confraria dos Ministros do Evangelho do estado de Lara (Cominela), afirmou que os venezuelanos acreditam na interven\u00e7\u00e3o divina e que Deus est\u00e1 no controle de tudo. Jualba Hidalgo, l\u00edder da Igreja Evang\u00e9lica, destacou que as ora\u00e7\u00f5es intercedem por necessidades de sa\u00fade, educa\u00e7\u00e3o e trabalho.<\/p>\n<p>A oposi\u00e7\u00e3o critica o CNE por agir como um bra\u00e7o do governo, embora devesse ser independente. Gonzalo Himiob, vice-presidente da organiza\u00e7\u00e3o de direitos humanos Foro Penal, relatou que 46 pessoas foram detidas arbitrariamente em conex\u00e3o com as elei\u00e7\u00f5es, das quais 23 ainda est\u00e3o detidas.<\/p>\n<p>No exterior, a di\u00e1spora venezuelana enfrenta dificuldades para se registrar e votar. Pastores dentro e fora do pa\u00eds denunciam que o governo tenta usar l\u00edderes religiosos alinhados ao regime para fortalecer seu poder, financiando projetos sociais.<\/p>\n<p>Apesar da Constitui\u00e7\u00e3o venezuelana garantir a liberdade religiosa, representantes da confer\u00eancia de bispos cat\u00f3licos e do Conselho Evang\u00e9lico relatam que apoiadores de Maduro assediam l\u00edderes religiosos por criticar a crise humanit\u00e1ria e outras pol\u00edticas do governo.<\/p>\n<blockquote>\n<div class=\"heateorSssClear\"><\/div>\n<div class=\"heateor_sss_sharing_container heateor_sss_horizontal_sharing\" data-heateor-sss-href=\"https:\/\/www.gospelprime.com.br\/cristaos-na-venezuela-se-reunem-em-oracao-por-reconciliacao-em-meio-a-crise-politica\/\">\n<div class=\"heateor_sss_sharing_title\"><\/div>\n<div class=\"heateor_sss_sharing_ul\"><\/div>\n<div class=\"heateorSssClear\"><\/div>\n<\/div>\n<div class=\"heateorSssClear\"><\/div>\n<div class=\"mvp-author-info-wrap left relative\"><\/div>\n<\/blockquote>\n","protected":false},"excerpt":{"rendered":"<p>Nicol\u00e1s Maduro tenta se manter no poder mesmo sob evid\u00eancias de derrota Em meio \u00e0<\/p>\n","protected":false},"author":4,"featured_media":43304,"comment_status":"open","ping_status":"open","sticky":false,"template":"","format":"standard","meta":{"footnotes":""},"categories":[3,9],"tags":[],"class_list":["post-43303","post","type-post","status-publish","format-standard","has-post-thumbnail","hentry","category-destaques","category-internacional"],"yoast_head":"<!-- This site is optimized with the Yoast SEO plugin v27.5 - https:\/\/yoast.com\/product\/yoast-seo-wordpress\/ -->\n<title>Crist\u00e3os na Venezuela se re\u00fanem em ora\u00e7\u00e3o por reconcilia\u00e7\u00e3o em meio \u00e0 crise pol\u00edtica - Jornal<\/title>\n<meta name=\"description\" content=\"Crist\u00e3os na Venezuela se re\u00fanem em ora\u00e7\u00e3o por reconcilia\u00e7\u00e3o em meio \u00e0 crise pol\u00edtica\" \/>\n<meta name=\"robots\" content=\"index, follow, max-snippet:-1, max-image-preview:large, max-video-preview:-1\" \/>\n<link rel=\"canonical\" href=\"https:\/\/jornalboasnoticias.com.br\/home\/cristaos-na-venezuela-se-reunem-em-oracao-por-reconciliacao-em-meio-a-crise-politica\/\" \/>\n<meta property=\"og:locale\" content=\"pt_BR\" \/>\n<meta property=\"og:type\" content=\"article\" \/>\n<meta property=\"og:title\" content=\"Crist\u00e3os na Venezuela se re\u00fanem em ora\u00e7\u00e3o por reconcilia\u00e7\u00e3o em meio \u00e0 crise pol\u00edtica - Jornal\" \/>\n<meta property=\"og:description\" content=\"Crist\u00e3os na Venezuela se re\u00fanem em ora\u00e7\u00e3o por reconcilia\u00e7\u00e3o em meio \u00e0 crise pol\u00edtica\" \/>\n<meta property=\"og:url\" content=\"https:\/\/jornalboasnoticias.com.br\/home\/cristaos-na-venezuela-se-reunem-em-oracao-por-reconciliacao-em-meio-a-crise-politica\/\" \/>\n<meta property=\"og:site_name\" content=\"Jornal\" \/>\n<meta property=\"article:publisher\" content=\"https:\/\/www.facebook.com\/boasnoticiasjornal\" \/>\n<meta property=\"article:published_time\" content=\"2024-07-31T11:32:26+00:00\" \/>\n<meta property=\"og:image\" content=\"https:\/\/jornalboasnoticias.com.br\/home\/wp-content\/uploads\/2024\/07\/cristaos-orando-pela-venezuela.webp\" \/>\n\t<meta property=\"og:image:width\" content=\"1437\" \/>\n\t<meta property=\"og:image:height\" content=\"862\" \/>\n\t<meta property=\"og:image:type\" content=\"image\/webp\" \/>\n<meta name=\"author\" content=\"Ana Luiza Bonatto\" \/>\n<meta name=\"twitter:card\" content=\"summary_large_image\" \/>\n<meta name=\"twitter:label1\" content=\"Escrito por\" \/>\n\t<meta name=\"twitter:data1\" content=\"Ana Luiza Bonatto\" \/>\n\t<meta name=\"twitter:label2\" content=\"Est. tempo de leitura\" \/>\n\t<meta name=\"twitter:data2\" content=\"2 minutos\" \/>\n<script type=\"application\/ld+json\" class=\"yoast-schema-graph\">{\"@context\":\"https:\\\/\\\/schema.org\",\"@graph\":[{\"@type\":\"Article\",\"@id\":\"https:\\\/\\\/jornalboasnoticias.com.br\\\/home\\\/cristaos-na-venezuela-se-reunem-em-oracao-por-reconciliacao-em-meio-a-crise-politica\\\/#article\",\"isPartOf\":{\"@id\":\"https:\\\/\\\/jornalboasnoticias.com.br\\\/home\\\/cristaos-na-venezuela-se-reunem-em-oracao-por-reconciliacao-em-meio-a-crise-politica\\\/\"},\"author\":{\"name\":\"Ana Luiza Bonatto\",\"@id\":\"https:\\\/\\\/jornalboasnoticias.com.br\\\/home\\\/#\\\/schema\\\/person\\\/d641193e0afc6405b390164dac847971\"},\"headline\":\"Crist\u00e3os na Venezuela se re\u00fanem em ora\u00e7\u00e3o por reconcilia\u00e7\u00e3o em meio \u00e0 crise pol\u00edtica\",\"datePublished\":\"2024-07-31T11:32:26+00:00\",\"mainEntityOfPage\":{\"@id\":\"https:\\\/\\\/jornalboasnoticias.com.br\\\/home\\\/cristaos-na-venezuela-se-reunem-em-oracao-por-reconciliacao-em-meio-a-crise-politica\\\/\"},\"wordCount\":440,\"commentCount\":0,\"publisher\":{\"@id\":\"https:\\\/\\\/jornalboasnoticias.com.br\\\/home\\\/#organization\"},\"image\":{\"@id\":\"https:\\\/\\\/jornalboasnoticias.com.br\\\/home\\\/cristaos-na-venezuela-se-reunem-em-oracao-por-reconciliacao-em-meio-a-crise-politica\\\/#primaryimage\"},\"thumbnailUrl\":\"https:\\\/\\\/jornalboasnoticias.com.br\\\/home\\\/wp-content\\\/uploads\\\/2024\\\/07\\\/cristaos-orando-pela-venezuela.webp\",\"articleSection\":[\"DESTAQUE\",\"INTERNACIONAL\"],\"inLanguage\":\"pt-BR\",\"potentialAction\":[{\"@type\":\"CommentAction\",\"name\":\"Comment\",\"target\":[\"https:\\\/\\\/jornalboasnoticias.com.br\\\/home\\\/cristaos-na-venezuela-se-reunem-em-oracao-por-reconciliacao-em-meio-a-crise-politica\\\/#respond\"]}]},{\"@type\":\"WebPage\",\"@id\":\"https:\\\/\\\/jornalboasnoticias.com.br\\\/home\\\/cristaos-na-venezuela-se-reunem-em-oracao-por-reconciliacao-em-meio-a-crise-politica\\\/\",\"url\":\"https:\\\/\\\/jornalboasnoticias.com.br\\\/home\\\/cristaos-na-venezuela-se-reunem-em-oracao-por-reconciliacao-em-meio-a-crise-politica\\\/\",\"name\":\"Crist\u00e3os na Venezuela se re\u00fanem em ora\u00e7\u00e3o por reconcilia\u00e7\u00e3o em meio \u00e0 crise pol\u00edtica - Jornal\",\"isPartOf\":{\"@id\":\"https:\\\/\\\/jornalboasnoticias.com.br\\\/home\\\/#website\"},\"primaryImageOfPage\":{\"@id\":\"https:\\\/\\\/jornalboasnoticias.com.br\\\/home\\\/cristaos-na-venezuela-se-reunem-em-oracao-por-reconciliacao-em-meio-a-crise-politica\\\/#primaryimage\"},\"image\":{\"@id\":\"https:\\\/\\\/jornalboasnoticias.com.br\\\/home\\\/cristaos-na-venezuela-se-reunem-em-oracao-por-reconciliacao-em-meio-a-crise-politica\\\/#primaryimage\"},\"thumbnailUrl\":\"https:\\\/\\\/jornalboasnoticias.com.br\\\/home\\\/wp-content\\\/uploads\\\/2024\\\/07\\\/cristaos-orando-pela-venezuela.webp\",\"datePublished\":\"2024-07-31T11:32:26+00:00\",\"description\":\"Crist\u00e3os na Venezuela se re\u00fanem em ora\u00e7\u00e3o por reconcilia\u00e7\u00e3o em meio \u00e0 crise pol\u00edtica\",\"breadcrumb\":{\"@id\":\"https:\\\/\\\/jornalboasnoticias.com.br\\\/home\\\/cristaos-na-venezuela-se-reunem-em-oracao-por-reconciliacao-em-meio-a-crise-politica\\\/#breadcrumb\"},\"inLanguage\":\"pt-BR\",\"potentialAction\":[{\"@type\":\"ReadAction\",\"target\":[\"https:\\\/\\\/jornalboasnoticias.com.br\\\/home\\\/cristaos-na-venezuela-se-reunem-em-oracao-por-reconciliacao-em-meio-a-crise-politica\\\/\"]}]},{\"@type\":\"ImageObject\",\"inLanguage\":\"pt-BR\",\"@id\":\"https:\\\/\\\/jornalboasnoticias.com.br\\\/home\\\/cristaos-na-venezuela-se-reunem-em-oracao-por-reconciliacao-em-meio-a-crise-politica\\\/#primaryimage\",\"url\":\"https:\\\/\\\/jornalboasnoticias.com.br\\\/home\\\/wp-content\\\/uploads\\\/2024\\\/07\\\/cristaos-orando-pela-venezuela.webp\",\"contentUrl\":\"https:\\\/\\\/jornalboasnoticias.com.br\\\/home\\\/wp-content\\\/uploads\\\/2024\\\/07\\\/cristaos-orando-pela-venezuela.webp\",\"width\":1437,\"height\":862},{\"@type\":\"BreadcrumbList\",\"@id\":\"https:\\\/\\\/jornalboasnoticias.com.br\\\/home\\\/cristaos-na-venezuela-se-reunem-em-oracao-por-reconciliacao-em-meio-a-crise-politica\\\/#breadcrumb\",\"itemListElement\":[{\"@type\":\"ListItem\",\"position\":1,\"name\":\"In\u00edcio\",\"item\":\"https:\\\/\\\/jornalboasnoticias.com.br\\\/home\\\/\"},{\"@type\":\"ListItem\",\"position\":2,\"name\":\"Crist\u00e3os na Venezuela se re\u00fanem em ora\u00e7\u00e3o por reconcilia\u00e7\u00e3o em meio \u00e0 crise pol\u00edtica\"}]},{\"@type\":\"WebSite\",\"@id\":\"https:\\\/\\\/jornalboasnoticias.com.br\\\/home\\\/#website\",\"url\":\"https:\\\/\\\/jornalboasnoticias.com.br\\\/home\\\/\",\"name\":\"Jornal Boas Not\u00edcias\",\"description\":\"Boas not\u00edcias\",\"publisher\":{\"@id\":\"https:\\\/\\\/jornalboasnoticias.com.br\\\/home\\\/#organization\"},\"potentialAction\":[{\"@type\":\"SearchAction\",\"target\":{\"@type\":\"EntryPoint\",\"urlTemplate\":\"https:\\\/\\\/jornalboasnoticias.com.br\\\/home\\\/?s={search_term_string}\"},\"query-input\":{\"@type\":\"PropertyValueSpecification\",\"valueRequired\":true,\"valueName\":\"search_term_string\"}}],\"inLanguage\":\"pt-BR\"},{\"@type\":\"Organization\",\"@id\":\"https:\\\/\\\/jornalboasnoticias.com.br\\\/home\\\/#organization\",\"name\":\"Coq Editora Ltda\",\"alternateName\":\"Jornal Boas Noticias\",\"url\":\"https:\\\/\\\/jornalboasnoticias.com.br\\\/home\\\/\",\"logo\":{\"@type\":\"ImageObject\",\"inLanguage\":\"pt-BR\",\"@id\":\"https:\\\/\\\/jornalboasnoticias.com.br\\\/home\\\/#\\\/schema\\\/logo\\\/image\\\/\",\"url\":\"https:\\\/\\\/jornalboasnoticias.com.br\\\/home\\\/wp-content\\\/uploads\\\/2024\\\/07\\\/cropped-logo.jpg\",\"contentUrl\":\"https:\\\/\\\/jornalboasnoticias.com.br\\\/home\\\/wp-content\\\/uploads\\\/2024\\\/07\\\/cropped-logo.jpg\",\"width\":290,\"height\":142,\"caption\":\"Coq Editora Ltda\"},\"image\":{\"@id\":\"https:\\\/\\\/jornalboasnoticias.com.br\\\/home\\\/#\\\/schema\\\/logo\\\/image\\\/\"},\"sameAs\":[\"https:\\\/\\\/www.facebook.com\\\/boasnoticiasjornal\"]},{\"@type\":\"Person\",\"@id\":\"https:\\\/\\\/jornalboasnoticias.com.br\\\/home\\\/#\\\/schema\\\/person\\\/d641193e0afc6405b390164dac847971\",\"name\":\"Ana Luiza Bonatto\",\"image\":{\"@type\":\"ImageObject\",\"inLanguage\":\"pt-BR\",\"@id\":\"https:\\\/\\\/secure.gravatar.com\\\/avatar\\\/8a055ebe6373371f67ac6fcf313c0ac0b0a91157fdcdb9514fa62927373348f0?s=96&d=mm&r=g\",\"url\":\"https:\\\/\\\/secure.gravatar.com\\\/avatar\\\/8a055ebe6373371f67ac6fcf313c0ac0b0a91157fdcdb9514fa62927373348f0?s=96&d=mm&r=g\",\"contentUrl\":\"https:\\\/\\\/secure.gravatar.com\\\/avatar\\\/8a055ebe6373371f67ac6fcf313c0ac0b0a91157fdcdb9514fa62927373348f0?s=96&d=mm&r=g\",\"caption\":\"Ana Luiza Bonatto\"},\"url\":\"https:\\\/\\\/jornalboasnoticias.com.br\\\/home\\\/author\\\/ana-luiza\\\/\"}]}<\/script>\n<!-- \/ Yoast SEO plugin. -->","yoast_head_json":{"title":"Crist\u00e3os na Venezuela se re\u00fanem em ora\u00e7\u00e3o por reconcilia\u00e7\u00e3o em meio \u00e0 crise pol\u00edtica - Jornal","description":"Crist\u00e3os na Venezuela se re\u00fanem em ora\u00e7\u00e3o por reconcilia\u00e7\u00e3o em meio \u00e0 crise pol\u00edtica","robots":{"index":"index","follow":"follow","max-snippet":"max-snippet:-1","max-image-preview":"max-image-preview:large","max-video-preview":"max-video-preview:-1"},"canonical":"https:\/\/jornalboasnoticias.com.br\/home\/cristaos-na-venezuela-se-reunem-em-oracao-por-reconciliacao-em-meio-a-crise-politica\/","og_locale":"pt_BR","og_type":"article","og_title":"Crist\u00e3os na Venezuela se re\u00fanem em ora\u00e7\u00e3o por reconcilia\u00e7\u00e3o em meio \u00e0 crise pol\u00edtica - Jornal","og_description":"Crist\u00e3os na Venezuela se re\u00fanem em ora\u00e7\u00e3o por reconcilia\u00e7\u00e3o em meio \u00e0 crise pol\u00edtica","og_url":"https:\/\/jornalboasnoticias.com.br\/home\/cristaos-na-venezuela-se-reunem-em-oracao-por-reconciliacao-em-meio-a-crise-politica\/","og_site_name":"Jornal","article_publisher":"https:\/\/www.facebook.com\/boasnoticiasjornal","article_published_time":"2024-07-31T11:32:26+00:00","og_image":[{"width":1437,"height":862,"url":"https:\/\/jornalboasnoticias.com.br\/home\/wp-content\/uploads\/2024\/07\/cristaos-orando-pela-venezuela.webp","type":"image\/webp"}],"author":"Ana Luiza Bonatto","twitter_card":"summary_large_image","twitter_misc":{"Escrito por":"Ana Luiza Bonatto","Est. tempo de leitura":"2 minutos"},"schema":{"@context":"https:\/\/schema.org","@graph":[{"@type":"Article","@id":"https:\/\/jornalboasnoticias.com.br\/home\/cristaos-na-venezuela-se-reunem-em-oracao-por-reconciliacao-em-meio-a-crise-politica\/#article","isPartOf":{"@id":"https:\/\/jornalboasnoticias.com.br\/home\/cristaos-na-venezuela-se-reunem-em-oracao-por-reconciliacao-em-meio-a-crise-politica\/"},"author":{"name":"Ana Luiza Bonatto","@id":"https:\/\/jornalboasnoticias.com.br\/home\/#\/schema\/person\/d641193e0afc6405b390164dac847971"},"headline":"Crist\u00e3os na Venezuela se re\u00fanem em ora\u00e7\u00e3o por reconcilia\u00e7\u00e3o em meio \u00e0 crise pol\u00edtica","datePublished":"2024-07-31T11:32:26+00:00","mainEntityOfPage":{"@id":"https:\/\/jornalboasnoticias.com.br\/home\/cristaos-na-venezuela-se-reunem-em-oracao-por-reconciliacao-em-meio-a-crise-politica\/"},"wordCount":440,"commentCount":0,"publisher":{"@id":"https:\/\/jornalboasnoticias.com.br\/home\/#organization"},"image":{"@id":"https:\/\/jornalboasnoticias.com.br\/home\/cristaos-na-venezuela-se-reunem-em-oracao-por-reconciliacao-em-meio-a-crise-politica\/#primaryimage"},"thumbnailUrl":"https:\/\/jornalboasnoticias.com.br\/home\/wp-content\/uploads\/2024\/07\/cristaos-orando-pela-venezuela.webp","articleSection":["DESTAQUE","INTERNACIONAL"],"inLanguage":"pt-BR","potentialAction":[{"@type":"CommentAction","name":"Comment","target":["https:\/\/jornalboasnoticias.com.br\/home\/cristaos-na-venezuela-se-reunem-em-oracao-por-reconciliacao-em-meio-a-crise-politica\/#respond"]}]},{"@type":"WebPage","@id":"https:\/\/jornalboasnoticias.com.br\/home\/cristaos-na-venezuela-se-reunem-em-oracao-por-reconciliacao-em-meio-a-crise-politica\/","url":"https:\/\/jornalboasnoticias.com.br\/home\/cristaos-na-venezuela-se-reunem-em-oracao-por-reconciliacao-em-meio-a-crise-politica\/","name":"Crist\u00e3os na Venezuela se re\u00fanem em ora\u00e7\u00e3o por reconcilia\u00e7\u00e3o em meio \u00e0 crise pol\u00edtica - Jornal","isPartOf":{"@id":"https:\/\/jornalboasnoticias.com.br\/home\/#website"},"primaryImageOfPage":{"@id":"https:\/\/jornalboasnoticias.com.br\/home\/cristaos-na-venezuela-se-reunem-em-oracao-por-reconciliacao-em-meio-a-crise-politica\/#primaryimage"},"image":{"@id":"https:\/\/jornalboasnoticias.com.br\/home\/cristaos-na-venezuela-se-reunem-em-oracao-por-reconciliacao-em-meio-a-crise-politica\/#primaryimage"},"thumbnailUrl":"https:\/\/jornalboasnoticias.com.br\/home\/wp-content\/uploads\/2024\/07\/cristaos-orando-pela-venezuela.webp","datePublished":"2024-07-31T11:32:26+00:00","description":"Crist\u00e3os na Venezuela se re\u00fanem em ora\u00e7\u00e3o por reconcilia\u00e7\u00e3o em meio \u00e0 crise pol\u00edtica","breadcrumb":{"@id":"https:\/\/jornalboasnoticias.com.br\/home\/cristaos-na-venezuela-se-reunem-em-oracao-por-reconciliacao-em-meio-a-crise-politica\/#breadcrumb"},"inLanguage":"pt-BR","potentialAction":[{"@type":"ReadAction","target":["https:\/\/jornalboasnoticias.com.br\/home\/cristaos-na-venezuela-se-reunem-em-oracao-por-reconciliacao-em-meio-a-crise-politica\/"]}]},{"@type":"ImageObject","inLanguage":"pt-BR","@id":"https:\/\/jornalboasnoticias.com.br\/home\/cristaos-na-venezuela-se-reunem-em-oracao-por-reconciliacao-em-meio-a-crise-politica\/#primaryimage","url":"https:\/\/jornalboasnoticias.com.br\/home\/wp-content\/uploads\/2024\/07\/cristaos-orando-pela-venezuela.webp","contentUrl":"https:\/\/jornalboasnoticias.com.br\/home\/wp-content\/uploads\/2024\/07\/cristaos-orando-pela-venezuela.webp","width":1437,"height":862},{"@type":"BreadcrumbList","@id":"https:\/\/jornalboasnoticias.com.br\/home\/cristaos-na-venezuela-se-reunem-em-oracao-por-reconciliacao-em-meio-a-crise-politica\/#breadcrumb","itemListElement":[{"@type":"ListItem","position":1,"name":"In\u00edcio","item":"https:\/\/jornalboasnoticias.com.br\/home\/"},{"@type":"ListItem","position":2,"name":"Crist\u00e3os na Venezuela se re\u00fanem em ora\u00e7\u00e3o por reconcilia\u00e7\u00e3o em meio \u00e0 crise pol\u00edtica"}]},{"@type":"WebSite","@id":"https:\/\/jornalboasnoticias.com.br\/home\/#website","url":"https:\/\/jornalboasnoticias.com.br\/home\/","name":"Jornal Boas Not\u00edcias","description":"Boas not\u00edcias","publisher":{"@id":"https:\/\/jornalboasnoticias.com.br\/home\/#organization"},"potentialAction":[{"@type":"SearchAction","target":{"@type":"EntryPoint","urlTemplate":"https:\/\/jornalboasnoticias.com.br\/home\/?s={search_term_string}"},"query-input":{"@type":"PropertyValueSpecification","valueRequired":true,"valueName":"search_term_string"}}],"inLanguage":"pt-BR"},{"@type":"Organization","@id":"https:\/\/jornalboasnoticias.com.br\/home\/#organization","name":"Coq Editora Ltda","alternateName":"Jornal Boas Noticias","url":"https:\/\/jornalboasnoticias.com.br\/home\/","logo":{"@type":"ImageObject","inLanguage":"pt-BR","@id":"https:\/\/jornalboasnoticias.com.br\/home\/#\/schema\/logo\/image\/","url":"https:\/\/jornalboasnoticias.com.br\/home\/wp-content\/uploads\/2024\/07\/cropped-logo.jpg","contentUrl":"https:\/\/jornalboasnoticias.com.br\/home\/wp-content\/uploads\/2024\/07\/cropped-logo.jpg","width":290,"height":142,"caption":"Coq Editora Ltda"},"image":{"@id":"https:\/\/jornalboasnoticias.com.br\/home\/#\/schema\/logo\/image\/"},"sameAs":["https:\/\/www.facebook.com\/boasnoticiasjornal"]},{"@type":"Person","@id":"https:\/\/jornalboasnoticias.com.br\/home\/#\/schema\/person\/d641193e0afc6405b390164dac847971","name":"Ana Luiza Bonatto","image":{"@type":"ImageObject","inLanguage":"pt-BR","@id":"https:\/\/secure.gravatar.com\/avatar\/8a055ebe6373371f67ac6fcf313c0ac0b0a91157fdcdb9514fa62927373348f0?s=96&d=mm&r=g","url":"https:\/\/secure.gravatar.com\/avatar\/8a055ebe6373371f67ac6fcf313c0ac0b0a91157fdcdb9514fa62927373348f0?s=96&d=mm&r=g","contentUrl":"https:\/\/secure.gravatar.com\/avatar\/8a055ebe6373371f67ac6fcf313c0ac0b0a91157fdcdb9514fa62927373348f0?s=96&d=mm&r=g","caption":"Ana Luiza Bonatto"},"url":"https:\/\/jornalboasnoticias.com.br\/home\/author\/ana-luiza\/"}]}},"_links":{"self":[{"href":"https:\/\/jornalboasnoticias.com.br\/home\/wp-json\/wp\/v2\/posts\/43303","targetHints":{"allow":["GET"]}}],"collection":[{"href":"https:\/\/jornalboasnoticias.com.br\/home\/wp-json\/wp\/v2\/posts"}],"about":[{"href":"https:\/\/jornalboasnoticias.com.br\/home\/wp-json\/wp\/v2\/types\/post"}],"author":[{"embeddable":true,"href":"https:\/\/jornalboasnoticias.com.br\/home\/wp-json\/wp\/v2\/users\/4"}],"replies":[{"embeddable":true,"href":"https:\/\/jornalboasnoticias.com.br\/home\/wp-json\/wp\/v2\/comments?post=43303"}],"version-history":[{"count":1,"href":"https:\/\/jornalboasnoticias.com.br\/home\/wp-json\/wp\/v2\/posts\/43303\/revisions"}],"predecessor-version":[{"id":43305,"href":"https:\/\/jornalboasnoticias.com.br\/home\/wp-json\/wp\/v2\/posts\/43303\/revisions\/43305"}],"wp:featuredmedia":[{"embeddable":true,"href":"https:\/\/jornalboasnoticias.com.br\/home\/wp-json\/wp\/v2\/media\/43304"}],"wp:attachment":[{"href":"https:\/\/jornalboasnoticias.com.br\/home\/wp-json\/wp\/v2\/media?parent=43303"}],"wp:term":[{"taxonomy":"category","embeddable":true,"href":"https:\/\/jornalboasnoticias.com.br\/home\/wp-json\/wp\/v2\/categories?post=43303"},{"taxonomy":"post_tag","embeddable":true,"href":"https:\/\/jornalboasnoticias.com.br\/home\/wp-json\/wp\/v2\/tags?post=43303"}],"curies":[{"name":"wp","href":"https:\/\/api.w.org\/{rel}","templated":true}]}}