{"id":43299,"date":"2024-07-30T19:53:33","date_gmt":"2024-07-30T19:53:33","guid":{"rendered":"https:\/\/jornalboasnoticias.com.br\/home\/?p=43299"},"modified":"2024-07-30T19:53:33","modified_gmt":"2024-07-30T19:53:33","slug":"judoca-italiana-disse-para-brasileira-dar-gloria-a-deus","status":"publish","type":"post","link":"https:\/\/jornalboasnoticias.com.br\/home\/judoca-italiana-disse-para-brasileira-dar-gloria-a-deus\/","title":{"rendered":"Judoca italiana disse para brasileira dar gl\u00f3ria a Deus"},"content":{"rendered":"<blockquote>\n<figure id=\"attachment_43300\" aria-describedby=\"caption-attachment-43300\" style=\"width: 1024px\" class=\"wp-caption alignnone\"><img loading=\"lazy\" decoding=\"async\" class=\"wp-image-43300 size-full\" src=\"https:\/\/jornalboasnoticias.com.br\/home\/wp-content\/uploads\/2024\/07\/IMG_2440.webp\" alt=\"\" width=\"1024\" height=\"683\" srcset=\"https:\/\/jornalboasnoticias.com.br\/home\/wp-content\/uploads\/2024\/07\/IMG_2440.webp 1024w, https:\/\/jornalboasnoticias.com.br\/home\/wp-content\/uploads\/2024\/07\/IMG_2440-300x200.webp 300w, https:\/\/jornalboasnoticias.com.br\/home\/wp-content\/uploads\/2024\/07\/IMG_2440-768x512.webp 768w, https:\/\/jornalboasnoticias.com.br\/home\/wp-content\/uploads\/2024\/07\/IMG_2440-900x600.webp 900w\" sizes=\"auto, (max-width: 1024px) 100vw, 1024px\" \/><figcaption id=\"caption-attachment-43300\" class=\"wp-caption-text\">Foto: EFE\/ Miguel Guti\u00e9rrez<\/figcaption><\/figure>\n<p>Giuffrida protagonizou momento emocionante com Larissa<\/p><\/blockquote>\n<p>O abra\u00e7o da italiana Odette Giuffrida na brasileira Larissa Pimenta, que havia acabado de conquistar um bronze no jud\u00f4, foi um dos momentos mais emocionantes das Olimp\u00edadas de Paris e deixou o p\u00fablico curioso para saber o que a europeia disse \u00e0 medalhista.<\/p>\n<p>A judoca paulista, que n\u00e3o aguentou a emo\u00e7\u00e3o e ficou no ch\u00e3o ap\u00f3s vencer Giuffrida, sua amiga fora dos tatames, recebeu um abra\u00e7o da italiana e foi auxiliada pela oponente, que falou algumas palavras em seu ouvido.<\/p>\n<p>&#8220;Levanta, porque toda honra e toda gl\u00f3ria voc\u00ea tem que dar para Ele&#8221;, repetiu Larissa as palavras proferidas por Giuffrida na marcante cena em uma entrevista ao Sport TV .<\/p>\n<p>A medalhista brasileira disse que foi respons\u00e1vel por apresentar Jesus \u00e0 judoca italiana, que j\u00e1 esteve no pa\u00eds sul-americano e at\u00e9 fala portugu\u00eas.<\/p>\n<p>\u201cEu apresentei Deus para ela. Antes da disputa, ela disse que independentemente de tudo, a gl\u00f3ria seria de Deus. Sinto muito por ela, merecia muito tamb\u00e9m&#8221;, continuou.<\/p>\n<p>Com o p\u00f3dio de Larissa, o jud\u00f4 brasileiro conquistou sua 26\u00aa medalha em Olimp\u00edadas, com quatro ouros, quatro pratas e 18 bronzes. .<\/p>\n<p>Com informa\u00e7\u00f5es do Portal Terra<\/p>\n","protected":false},"excerpt":{"rendered":"<p>Giuffrida protagonizou momento emocionante com Larissa O abra\u00e7o da italiana Odette Giuffrida na brasileira Larissa<\/p>\n","protected":false},"author":4,"featured_media":43300,"comment_status":"open","ping_status":"open","sticky":false,"template":"","format":"standard","meta":{"footnotes":""},"categories":[3,31],"tags":[],"class_list":["post-43299","post","type-post","status-publish","format-standard","has-post-thumbnail","hentry","category-destaques","category-esporte"],"yoast_head":"<!-- This site is optimized with the Yoast SEO plugin v27.5 - https:\/\/yoast.com\/product\/yoast-seo-wordpress\/ -->\n<title>Judoca italiana disse para brasileira dar gl\u00f3ria a Deus - Jornal<\/title>\n<meta name=\"description\" content=\"Judoca italiana disse para brasileira dar gl\u00f3ria a Deus\" \/>\n<meta name=\"robots\" content=\"index, follow, max-snippet:-1, max-image-preview:large, max-video-preview:-1\" \/>\n<link rel=\"canonical\" href=\"https:\/\/jornalboasnoticias.com.br\/home\/judoca-italiana-disse-para-brasileira-dar-gloria-a-deus\/\" \/>\n<meta property=\"og:locale\" content=\"pt_BR\" \/>\n<meta property=\"og:type\" content=\"article\" \/>\n<meta property=\"og:title\" content=\"Judoca italiana disse para brasileira dar gl\u00f3ria a Deus - Jornal\" \/>\n<meta property=\"og:description\" content=\"Judoca italiana disse para brasileira dar gl\u00f3ria a Deus\" \/>\n<meta property=\"og:url\" content=\"https:\/\/jornalboasnoticias.com.br\/home\/judoca-italiana-disse-para-brasileira-dar-gloria-a-deus\/\" \/>\n<meta property=\"og:site_name\" content=\"Jornal\" \/>\n<meta property=\"article:publisher\" content=\"https:\/\/www.facebook.com\/boasnoticiasjornal\" \/>\n<meta property=\"article:published_time\" content=\"2024-07-30T19:53:33+00:00\" \/>\n<meta property=\"og:image\" content=\"https:\/\/jornalboasnoticias.com.br\/home\/wp-content\/uploads\/2024\/07\/IMG_2440.webp\" \/>\n\t<meta property=\"og:image:width\" content=\"1024\" \/>\n\t<meta property=\"og:image:height\" content=\"683\" \/>\n\t<meta property=\"og:image:type\" content=\"image\/webp\" \/>\n<meta name=\"author\" content=\"Ana Luiza Bonatto\" \/>\n<meta name=\"twitter:card\" content=\"summary_large_image\" \/>\n<meta name=\"twitter:label1\" content=\"Escrito por\" \/>\n\t<meta name=\"twitter:data1\" content=\"Ana Luiza Bonatto\" \/>\n\t<meta name=\"twitter:label2\" content=\"Est. tempo de leitura\" \/>\n\t<meta name=\"twitter:data2\" content=\"2 minutos\" \/>\n<script type=\"application\/ld+json\" class=\"yoast-schema-graph\">{\"@context\":\"https:\\\/\\\/schema.org\",\"@graph\":[{\"@type\":\"Article\",\"@id\":\"https:\\\/\\\/jornalboasnoticias.com.br\\\/home\\\/judoca-italiana-disse-para-brasileira-dar-gloria-a-deus\\\/#article\",\"isPartOf\":{\"@id\":\"https:\\\/\\\/jornalboasnoticias.com.br\\\/home\\\/judoca-italiana-disse-para-brasileira-dar-gloria-a-deus\\\/\"},\"author\":{\"name\":\"Ana Luiza Bonatto\",\"@id\":\"https:\\\/\\\/jornalboasnoticias.com.br\\\/home\\\/#\\\/schema\\\/person\\\/d641193e0afc6405b390164dac847971\"},\"headline\":\"Judoca italiana disse para brasileira dar gl\u00f3ria a Deus\",\"datePublished\":\"2024-07-30T19:53:33+00:00\",\"mainEntityOfPage\":{\"@id\":\"https:\\\/\\\/jornalboasnoticias.com.br\\\/home\\\/judoca-italiana-disse-para-brasileira-dar-gloria-a-deus\\\/\"},\"wordCount\":227,\"commentCount\":0,\"publisher\":{\"@id\":\"https:\\\/\\\/jornalboasnoticias.com.br\\\/home\\\/#organization\"},\"image\":{\"@id\":\"https:\\\/\\\/jornalboasnoticias.com.br\\\/home\\\/judoca-italiana-disse-para-brasileira-dar-gloria-a-deus\\\/#primaryimage\"},\"thumbnailUrl\":\"https:\\\/\\\/jornalboasnoticias.com.br\\\/home\\\/wp-content\\\/uploads\\\/2024\\\/07\\\/IMG_2440.webp\",\"articleSection\":[\"DESTAQUE\",\"ESPORTE\"],\"inLanguage\":\"pt-BR\",\"potentialAction\":[{\"@type\":\"CommentAction\",\"name\":\"Comment\",\"target\":[\"https:\\\/\\\/jornalboasnoticias.com.br\\\/home\\\/judoca-italiana-disse-para-brasileira-dar-gloria-a-deus\\\/#respond\"]}]},{\"@type\":\"WebPage\",\"@id\":\"https:\\\/\\\/jornalboasnoticias.com.br\\\/home\\\/judoca-italiana-disse-para-brasileira-dar-gloria-a-deus\\\/\",\"url\":\"https:\\\/\\\/jornalboasnoticias.com.br\\\/home\\\/judoca-italiana-disse-para-brasileira-dar-gloria-a-deus\\\/\",\"name\":\"Judoca italiana disse para brasileira dar gl\u00f3ria a Deus - Jornal\",\"isPartOf\":{\"@id\":\"https:\\\/\\\/jornalboasnoticias.com.br\\\/home\\\/#website\"},\"primaryImageOfPage\":{\"@id\":\"https:\\\/\\\/jornalboasnoticias.com.br\\\/home\\\/judoca-italiana-disse-para-brasileira-dar-gloria-a-deus\\\/#primaryimage\"},\"image\":{\"@id\":\"https:\\\/\\\/jornalboasnoticias.com.br\\\/home\\\/judoca-italiana-disse-para-brasileira-dar-gloria-a-deus\\\/#primaryimage\"},\"thumbnailUrl\":\"https:\\\/\\\/jornalboasnoticias.com.br\\\/home\\\/wp-content\\\/uploads\\\/2024\\\/07\\\/IMG_2440.webp\",\"datePublished\":\"2024-07-30T19:53:33+00:00\",\"description\":\"Judoca italiana disse para brasileira dar gl\u00f3ria a Deus\",\"breadcrumb\":{\"@id\":\"https:\\\/\\\/jornalboasnoticias.com.br\\\/home\\\/judoca-italiana-disse-para-brasileira-dar-gloria-a-deus\\\/#breadcrumb\"},\"inLanguage\":\"pt-BR\",\"potentialAction\":[{\"@type\":\"ReadAction\",\"target\":[\"https:\\\/\\\/jornalboasnoticias.com.br\\\/home\\\/judoca-italiana-disse-para-brasileira-dar-gloria-a-deus\\\/\"]}]},{\"@type\":\"ImageObject\",\"inLanguage\":\"pt-BR\",\"@id\":\"https:\\\/\\\/jornalboasnoticias.com.br\\\/home\\\/judoca-italiana-disse-para-brasileira-dar-gloria-a-deus\\\/#primaryimage\",\"url\":\"https:\\\/\\\/jornalboasnoticias.com.br\\\/home\\\/wp-content\\\/uploads\\\/2024\\\/07\\\/IMG_2440.webp\",\"contentUrl\":\"https:\\\/\\\/jornalboasnoticias.com.br\\\/home\\\/wp-content\\\/uploads\\\/2024\\\/07\\\/IMG_2440.webp\",\"width\":1024,\"height\":683},{\"@type\":\"BreadcrumbList\",\"@id\":\"https:\\\/\\\/jornalboasnoticias.com.br\\\/home\\\/judoca-italiana-disse-para-brasileira-dar-gloria-a-deus\\\/#breadcrumb\",\"itemListElement\":[{\"@type\":\"ListItem\",\"position\":1,\"name\":\"In\u00edcio\",\"item\":\"https:\\\/\\\/jornalboasnoticias.com.br\\\/home\\\/\"},{\"@type\":\"ListItem\",\"position\":2,\"name\":\"Judoca italiana disse para brasileira dar gl\u00f3ria a Deus\"}]},{\"@type\":\"WebSite\",\"@id\":\"https:\\\/\\\/jornalboasnoticias.com.br\\\/home\\\/#website\",\"url\":\"https:\\\/\\\/jornalboasnoticias.com.br\\\/home\\\/\",\"name\":\"Jornal Boas Not\u00edcias\",\"description\":\"Boas not\u00edcias\",\"publisher\":{\"@id\":\"https:\\\/\\\/jornalboasnoticias.com.br\\\/home\\\/#organization\"},\"potentialAction\":[{\"@type\":\"SearchAction\",\"target\":{\"@type\":\"EntryPoint\",\"urlTemplate\":\"https:\\\/\\\/jornalboasnoticias.com.br\\\/home\\\/?s={search_term_string}\"},\"query-input\":{\"@type\":\"PropertyValueSpecification\",\"valueRequired\":true,\"valueName\":\"search_term_string\"}}],\"inLanguage\":\"pt-BR\"},{\"@type\":\"Organization\",\"@id\":\"https:\\\/\\\/jornalboasnoticias.com.br\\\/home\\\/#organization\",\"name\":\"Coq Editora Ltda\",\"alternateName\":\"Jornal Boas Noticias\",\"url\":\"https:\\\/\\\/jornalboasnoticias.com.br\\\/home\\\/\",\"logo\":{\"@type\":\"ImageObject\",\"inLanguage\":\"pt-BR\",\"@id\":\"https:\\\/\\\/jornalboasnoticias.com.br\\\/home\\\/#\\\/schema\\\/logo\\\/image\\\/\",\"url\":\"https:\\\/\\\/jornalboasnoticias.com.br\\\/home\\\/wp-content\\\/uploads\\\/2024\\\/07\\\/cropped-logo.jpg\",\"contentUrl\":\"https:\\\/\\\/jornalboasnoticias.com.br\\\/home\\\/wp-content\\\/uploads\\\/2024\\\/07\\\/cropped-logo.jpg\",\"width\":290,\"height\":142,\"caption\":\"Coq Editora Ltda\"},\"image\":{\"@id\":\"https:\\\/\\\/jornalboasnoticias.com.br\\\/home\\\/#\\\/schema\\\/logo\\\/image\\\/\"},\"sameAs\":[\"https:\\\/\\\/www.facebook.com\\\/boasnoticiasjornal\"]},{\"@type\":\"Person\",\"@id\":\"https:\\\/\\\/jornalboasnoticias.com.br\\\/home\\\/#\\\/schema\\\/person\\\/d641193e0afc6405b390164dac847971\",\"name\":\"Ana Luiza Bonatto\",\"image\":{\"@type\":\"ImageObject\",\"inLanguage\":\"pt-BR\",\"@id\":\"https:\\\/\\\/secure.gravatar.com\\\/avatar\\\/8a055ebe6373371f67ac6fcf313c0ac0b0a91157fdcdb9514fa62927373348f0?s=96&d=mm&r=g\",\"url\":\"https:\\\/\\\/secure.gravatar.com\\\/avatar\\\/8a055ebe6373371f67ac6fcf313c0ac0b0a91157fdcdb9514fa62927373348f0?s=96&d=mm&r=g\",\"contentUrl\":\"https:\\\/\\\/secure.gravatar.com\\\/avatar\\\/8a055ebe6373371f67ac6fcf313c0ac0b0a91157fdcdb9514fa62927373348f0?s=96&d=mm&r=g\",\"caption\":\"Ana Luiza Bonatto\"},\"url\":\"https:\\\/\\\/jornalboasnoticias.com.br\\\/home\\\/author\\\/ana-luiza\\\/\"}]}<\/script>\n<!-- \/ Yoast SEO plugin. -->","yoast_head_json":{"title":"Judoca italiana disse para brasileira dar gl\u00f3ria a Deus - Jornal","description":"Judoca italiana disse para brasileira dar gl\u00f3ria a Deus","robots":{"index":"index","follow":"follow","max-snippet":"max-snippet:-1","max-image-preview":"max-image-preview:large","max-video-preview":"max-video-preview:-1"},"canonical":"https:\/\/jornalboasnoticias.com.br\/home\/judoca-italiana-disse-para-brasileira-dar-gloria-a-deus\/","og_locale":"pt_BR","og_type":"article","og_title":"Judoca italiana disse para brasileira dar gl\u00f3ria a Deus - Jornal","og_description":"Judoca italiana disse para brasileira dar gl\u00f3ria a Deus","og_url":"https:\/\/jornalboasnoticias.com.br\/home\/judoca-italiana-disse-para-brasileira-dar-gloria-a-deus\/","og_site_name":"Jornal","article_publisher":"https:\/\/www.facebook.com\/boasnoticiasjornal","article_published_time":"2024-07-30T19:53:33+00:00","og_image":[{"width":1024,"height":683,"url":"https:\/\/jornalboasnoticias.com.br\/home\/wp-content\/uploads\/2024\/07\/IMG_2440.webp","type":"image\/webp"}],"author":"Ana Luiza Bonatto","twitter_card":"summary_large_image","twitter_misc":{"Escrito por":"Ana Luiza Bonatto","Est. tempo de leitura":"2 minutos"},"schema":{"@context":"https:\/\/schema.org","@graph":[{"@type":"Article","@id":"https:\/\/jornalboasnoticias.com.br\/home\/judoca-italiana-disse-para-brasileira-dar-gloria-a-deus\/#article","isPartOf":{"@id":"https:\/\/jornalboasnoticias.com.br\/home\/judoca-italiana-disse-para-brasileira-dar-gloria-a-deus\/"},"author":{"name":"Ana Luiza Bonatto","@id":"https:\/\/jornalboasnoticias.com.br\/home\/#\/schema\/person\/d641193e0afc6405b390164dac847971"},"headline":"Judoca italiana disse para brasileira dar gl\u00f3ria a Deus","datePublished":"2024-07-30T19:53:33+00:00","mainEntityOfPage":{"@id":"https:\/\/jornalboasnoticias.com.br\/home\/judoca-italiana-disse-para-brasileira-dar-gloria-a-deus\/"},"wordCount":227,"commentCount":0,"publisher":{"@id":"https:\/\/jornalboasnoticias.com.br\/home\/#organization"},"image":{"@id":"https:\/\/jornalboasnoticias.com.br\/home\/judoca-italiana-disse-para-brasileira-dar-gloria-a-deus\/#primaryimage"},"thumbnailUrl":"https:\/\/jornalboasnoticias.com.br\/home\/wp-content\/uploads\/2024\/07\/IMG_2440.webp","articleSection":["DESTAQUE","ESPORTE"],"inLanguage":"pt-BR","potentialAction":[{"@type":"CommentAction","name":"Comment","target":["https:\/\/jornalboasnoticias.com.br\/home\/judoca-italiana-disse-para-brasileira-dar-gloria-a-deus\/#respond"]}]},{"@type":"WebPage","@id":"https:\/\/jornalboasnoticias.com.br\/home\/judoca-italiana-disse-para-brasileira-dar-gloria-a-deus\/","url":"https:\/\/jornalboasnoticias.com.br\/home\/judoca-italiana-disse-para-brasileira-dar-gloria-a-deus\/","name":"Judoca italiana disse para brasileira dar gl\u00f3ria a Deus - Jornal","isPartOf":{"@id":"https:\/\/jornalboasnoticias.com.br\/home\/#website"},"primaryImageOfPage":{"@id":"https:\/\/jornalboasnoticias.com.br\/home\/judoca-italiana-disse-para-brasileira-dar-gloria-a-deus\/#primaryimage"},"image":{"@id":"https:\/\/jornalboasnoticias.com.br\/home\/judoca-italiana-disse-para-brasileira-dar-gloria-a-deus\/#primaryimage"},"thumbnailUrl":"https:\/\/jornalboasnoticias.com.br\/home\/wp-content\/uploads\/2024\/07\/IMG_2440.webp","datePublished":"2024-07-30T19:53:33+00:00","description":"Judoca italiana disse para brasileira dar gl\u00f3ria a Deus","breadcrumb":{"@id":"https:\/\/jornalboasnoticias.com.br\/home\/judoca-italiana-disse-para-brasileira-dar-gloria-a-deus\/#breadcrumb"},"inLanguage":"pt-BR","potentialAction":[{"@type":"ReadAction","target":["https:\/\/jornalboasnoticias.com.br\/home\/judoca-italiana-disse-para-brasileira-dar-gloria-a-deus\/"]}]},{"@type":"ImageObject","inLanguage":"pt-BR","@id":"https:\/\/jornalboasnoticias.com.br\/home\/judoca-italiana-disse-para-brasileira-dar-gloria-a-deus\/#primaryimage","url":"https:\/\/jornalboasnoticias.com.br\/home\/wp-content\/uploads\/2024\/07\/IMG_2440.webp","contentUrl":"https:\/\/jornalboasnoticias.com.br\/home\/wp-content\/uploads\/2024\/07\/IMG_2440.webp","width":1024,"height":683},{"@type":"BreadcrumbList","@id":"https:\/\/jornalboasnoticias.com.br\/home\/judoca-italiana-disse-para-brasileira-dar-gloria-a-deus\/#breadcrumb","itemListElement":[{"@type":"ListItem","position":1,"name":"In\u00edcio","item":"https:\/\/jornalboasnoticias.com.br\/home\/"},{"@type":"ListItem","position":2,"name":"Judoca italiana disse para brasileira dar gl\u00f3ria a Deus"}]},{"@type":"WebSite","@id":"https:\/\/jornalboasnoticias.com.br\/home\/#website","url":"https:\/\/jornalboasnoticias.com.br\/home\/","name":"Jornal Boas Not\u00edcias","description":"Boas not\u00edcias","publisher":{"@id":"https:\/\/jornalboasnoticias.com.br\/home\/#organization"},"potentialAction":[{"@type":"SearchAction","target":{"@type":"EntryPoint","urlTemplate":"https:\/\/jornalboasnoticias.com.br\/home\/?s={search_term_string}"},"query-input":{"@type":"PropertyValueSpecification","valueRequired":true,"valueName":"search_term_string"}}],"inLanguage":"pt-BR"},{"@type":"Organization","@id":"https:\/\/jornalboasnoticias.com.br\/home\/#organization","name":"Coq Editora Ltda","alternateName":"Jornal Boas Noticias","url":"https:\/\/jornalboasnoticias.com.br\/home\/","logo":{"@type":"ImageObject","inLanguage":"pt-BR","@id":"https:\/\/jornalboasnoticias.com.br\/home\/#\/schema\/logo\/image\/","url":"https:\/\/jornalboasnoticias.com.br\/home\/wp-content\/uploads\/2024\/07\/cropped-logo.jpg","contentUrl":"https:\/\/jornalboasnoticias.com.br\/home\/wp-content\/uploads\/2024\/07\/cropped-logo.jpg","width":290,"height":142,"caption":"Coq Editora Ltda"},"image":{"@id":"https:\/\/jornalboasnoticias.com.br\/home\/#\/schema\/logo\/image\/"},"sameAs":["https:\/\/www.facebook.com\/boasnoticiasjornal"]},{"@type":"Person","@id":"https:\/\/jornalboasnoticias.com.br\/home\/#\/schema\/person\/d641193e0afc6405b390164dac847971","name":"Ana Luiza Bonatto","image":{"@type":"ImageObject","inLanguage":"pt-BR","@id":"https:\/\/secure.gravatar.com\/avatar\/8a055ebe6373371f67ac6fcf313c0ac0b0a91157fdcdb9514fa62927373348f0?s=96&d=mm&r=g","url":"https:\/\/secure.gravatar.com\/avatar\/8a055ebe6373371f67ac6fcf313c0ac0b0a91157fdcdb9514fa62927373348f0?s=96&d=mm&r=g","contentUrl":"https:\/\/secure.gravatar.com\/avatar\/8a055ebe6373371f67ac6fcf313c0ac0b0a91157fdcdb9514fa62927373348f0?s=96&d=mm&r=g","caption":"Ana Luiza Bonatto"},"url":"https:\/\/jornalboasnoticias.com.br\/home\/author\/ana-luiza\/"}]}},"_links":{"self":[{"href":"https:\/\/jornalboasnoticias.com.br\/home\/wp-json\/wp\/v2\/posts\/43299","targetHints":{"allow":["GET"]}}],"collection":[{"href":"https:\/\/jornalboasnoticias.com.br\/home\/wp-json\/wp\/v2\/posts"}],"about":[{"href":"https:\/\/jornalboasnoticias.com.br\/home\/wp-json\/wp\/v2\/types\/post"}],"author":[{"embeddable":true,"href":"https:\/\/jornalboasnoticias.com.br\/home\/wp-json\/wp\/v2\/users\/4"}],"replies":[{"embeddable":true,"href":"https:\/\/jornalboasnoticias.com.br\/home\/wp-json\/wp\/v2\/comments?post=43299"}],"version-history":[{"count":1,"href":"https:\/\/jornalboasnoticias.com.br\/home\/wp-json\/wp\/v2\/posts\/43299\/revisions"}],"predecessor-version":[{"id":43301,"href":"https:\/\/jornalboasnoticias.com.br\/home\/wp-json\/wp\/v2\/posts\/43299\/revisions\/43301"}],"wp:featuredmedia":[{"embeddable":true,"href":"https:\/\/jornalboasnoticias.com.br\/home\/wp-json\/wp\/v2\/media\/43300"}],"wp:attachment":[{"href":"https:\/\/jornalboasnoticias.com.br\/home\/wp-json\/wp\/v2\/media?parent=43299"}],"wp:term":[{"taxonomy":"category","embeddable":true,"href":"https:\/\/jornalboasnoticias.com.br\/home\/wp-json\/wp\/v2\/categories?post=43299"},{"taxonomy":"post_tag","embeddable":true,"href":"https:\/\/jornalboasnoticias.com.br\/home\/wp-json\/wp\/v2\/tags?post=43299"}],"curies":[{"name":"wp","href":"https:\/\/api.w.org\/{rel}","templated":true}]}}