{"id":43295,"date":"2024-07-30T18:50:10","date_gmt":"2024-07-30T18:50:10","guid":{"rendered":"https:\/\/jornalboasnoticias.com.br\/home\/?p=43295"},"modified":"2024-07-30T18:50:10","modified_gmt":"2024-07-30T18:50:10","slug":"brasileiros-querem-punicao-severa-a-candidato-que-usa-noticias-falsas","status":"publish","type":"post","link":"https:\/\/jornalboasnoticias.com.br\/home\/brasileiros-querem-punicao-severa-a-candidato-que-usa-noticias-falsas\/","title":{"rendered":"Brasileiros querem puni\u00e7\u00e3o severa a candidato que usa not\u00edcias falsas"},"content":{"rendered":"<blockquote>\n<div class=\"row\">\n<figure id=\"attachment_43296\" aria-describedby=\"caption-attachment-43296\" style=\"width: 1170px\" class=\"wp-caption aligncenter\"><img loading=\"lazy\" decoding=\"async\" class=\"wp-image-43296 size-full\" src=\"https:\/\/jornalboasnoticias.com.br\/home\/wp-content\/uploads\/2024\/07\/img_5636_0.webp\" alt=\"\" width=\"1170\" height=\"700\" srcset=\"https:\/\/jornalboasnoticias.com.br\/home\/wp-content\/uploads\/2024\/07\/img_5636_0.webp 1170w, https:\/\/jornalboasnoticias.com.br\/home\/wp-content\/uploads\/2024\/07\/img_5636_0-300x179.webp 300w, https:\/\/jornalboasnoticias.com.br\/home\/wp-content\/uploads\/2024\/07\/img_5636_0-1024x613.webp 1024w, https:\/\/jornalboasnoticias.com.br\/home\/wp-content\/uploads\/2024\/07\/img_5636_0-768x459.webp 768w\" sizes=\"auto, (max-width: 1170px) 100vw, 1170px\" \/><figcaption id=\"caption-attachment-43296\" class=\"wp-caption-text\">\u00a9 Wilson Dias\/Ag\u00eancia Brasil\/Arquivo<\/figcaption><\/figure>\n<h3 class=\"col-10 offset-1 animated fadeInDown dealy-900 display-8 display-md-8 alt-font font-italic my-1 text-center\">Pesquisa foi divulgada pelo Observat\u00f3rio da Federa\u00e7\u00e3o dos Bancos<\/h3>\n<\/div>\n<\/blockquote>\n<p>A 16\u00aa edi\u00e7\u00e3o da pesquisa Observat\u00f3rio Febraban, realizada pelo Instituto de Pesquisas Sociais, Pol\u00edticas e Econ\u00f4micas (Ipespe), entre os dias 4 e 10 de julho com 3 mil pessoas nas cinco regi\u00f5es do pa\u00eds, revelou que 88% dos brasileiros s\u00e3o favor\u00e1veis \u00e0 puni\u00e7\u00e3o dos candidatos que usam ou se beneficiam de not\u00edcias falsas durante as elei\u00e7\u00f5es. A puni\u00e7\u00e3o mais defendida, para 52% das pessoas ouvidas, \u00e9 a impugna\u00e7\u00e3o da candidatura; 14% defendem multa em dinheiro; 12% defendem suspens\u00e3o da campanha eleitoral por um per\u00edodo; 10% consideram que a propaganda eleitoral deve ser suspensa por completo e 3% indicaram apenas uma repreens\u00e3o p\u00fablica. Segundo a pesquisa, as not\u00edcias falsas ou\u00a0<em>Fake News<\/em>\u00a0s\u00e3o um dos temas que mais chamam aten\u00e7\u00e3o no per\u00edodo eleitoral e 73% da popula\u00e7\u00e3o quer puni\u00e7\u00f5es severas a quem se aproveitar dessa pr\u00e1tica.\u00a0<img decoding=\"async\" src=\"https:\/\/agenciabrasil.ebc.com.br\/ebc.png?id=1605969&amp;o=node\" \/><img decoding=\"async\" src=\"https:\/\/agenciabrasil.ebc.com.br\/ebc.gif?id=1605969&amp;o=node\" \/><\/p>\n<p>A pesquisa, in\u00e9dita, procurou investigar o pensamento dos brasileiros sobre o grau de envolvimento nas campanhas eleitorais que v\u00e3o come\u00e7ar dentro duas semanas praticamente. De acordo com o Tribunal Superior Eleitoral (TSE), dia 16 de agosto ser\u00e1 dada a largada da propaganda eleitoral geral. At\u00e9 l\u00e1, qualquer publicidade ou manifesta\u00e7\u00e3o com pedido expl\u00edcito de voto \u00e9 pass\u00edvel de multa. Nessa data, 16 de agosto, tamb\u00e9m \u00e9 o \u00faltimo dia para os tribunais regionais eleitorais listarem as emissoras que transmitir\u00e3o a propaganda eleitoral gratuita de candidatas e candidatos de munic\u00edpios onde n\u00e3o h\u00e1 emissoras de r\u00e1dio e TV.\u00a0 A exibi\u00e7\u00e3o da propaganda no hor\u00e1rio eleitoral gratuito em r\u00e1dio e TV vai de 30 de agosto a\u00a03 de outubro.\u00a0A contagem \u00e9 feita considerando-se os 35 dias anteriores \u00e0 antev\u00e9spera do 1\u00ba turno, e em munic\u00edpios onde haver\u00e1 2\u00ba turno, a propaganda em r\u00e1dio e TV ocorrer\u00e1 de 11 a 25 de outubro.<\/p>\n<p>Considerando o in\u00edcio das campanhas, a pesquisa apontou que o desempenho das candidatas e candidatos na campanha eleitoral e nos debates chega a 17% na escolha dos eleitores. Para 43% dos entrevistados, as propostas apresentadas s\u00e3o determinantes na hora do voto e para 29% a experi\u00eancia administrativa conta de maneira favor\u00e1vel aos eleitores. Para 29% dos pesquisados, a decis\u00e3o de voto vai acontecer na reta final da campanha, depois do \u00faltimo debate. Para 9%, isso acontecer\u00e1 no dia da elei\u00e7\u00e3o.<\/p>\n<h2>Fake News<\/h2>\n<p>A pesquisa apontou que mais da metade da popula\u00e7\u00e3o, ou seja, 59%, j\u00e1 recebeu algum tipo de\u00a0<em>Fake News<\/em>\u00a0e 30% responderam que j\u00e1 se sentiram prejudicados por not\u00edcias falsas, enquanto que 25% declararam j\u00e1 ter bloqueado uma pessoa ou ter sido bloqueado em grupos do\u00a0<em>WhatsApp<\/em>\u00a0por causa de conflitos, brigas e discuss\u00f5es relacionados aos candidatos nas \u00faltimas elei\u00e7\u00f5es. Para tamb\u00e9m 59% dos entrevistados que vivenciaram bloqueios ou sa\u00edda de grupos do\u00a0<em>WhatsApp<\/em>\u00a0por discuss\u00f5es pol\u00edticas acham que isso se repetir\u00e1 neste ano.<\/p>\n<p>Na semana passada, foi lan\u00e7ada uma cartilha que traz orienta\u00e7\u00f5es para as pessoas detectarem as not\u00edcias falsas das verdadeiras. A\u00a0<a href=\"https:\/\/cartilha.cert.br\/fasciculos\/boatos\/fasciculo-boatos.pdf\" target=\"_blank\" rel=\"noopener\">cartilha pode ser acessada aqui<\/a>\u00a0e, a partir dela, os internautas podem identificar facilmente boatos,\u00a0<em>Fake News<\/em>\u00a0e assim evitar desinforma\u00e7\u00e3o, fraudes e manipula\u00e7\u00e3o de opini\u00f5es, muito comum em per\u00edodo de campanha eleitoral.<\/p>\n<h2>Elei\u00e7\u00f5es de Outubro<\/h2>\n<p>A maioria da popula\u00e7\u00e3o considera importante votar para prefeito e vereador nas elei\u00e7\u00f5es de outubro. Segundo a pesquisa, 68% da popula\u00e7\u00e3o tem muito interesse; 33% tem interesse. Para 93% da popula\u00e7\u00e3o, a escolha do prefeito \u00e9 considerada importante e para 79% a elei\u00e7\u00e3o dos vereadores, os futuros componentes das C\u00e2maras Municipais, deve ser levada \u00e0 s\u00e9rio.\u00a0 \u00a0A escolha dos vereadores \u00e9 muito importante para 36% dos entrevistas e importante para 43% deles.<\/p>\n<h2>Import\u00e2ncia da elei\u00e7\u00e3o<\/h2>\n<p>As elei\u00e7\u00f5es majorit\u00e1rias, para presidente, s\u00e3o consideradas mais importantes para 39% dos brasileiros; 20% para a escolha de prefeitos e 7% para a escolha de governadores. Para 17% da popula\u00e7\u00e3o, n\u00e3o h\u00e1 diferen\u00e7a entre as elei\u00e7\u00f5es nas tr\u00eas esferas, a federal, a estadual e a municipal.<\/p>\n<h2>Elei\u00e7\u00e3o na rotina<\/h2>\n<div class=\"dnd-widget-wrapper context-grande_6colunas type-image atom-align-left\">\n<div class=\"dnd-atom-rendered\">\n<div class=\"shadow overflow-hidden rounded-lg d-block w-100\">\n<figure style=\"width: 463px\" class=\"wp-caption alignright\"><img loading=\"lazy\" decoding=\"async\" class=\"flex-fill img-cover\" title=\"Antonio Augusto\/Ascom\/TSE\" src=\"https:\/\/imagens.ebc.com.br\/0r79rYQ_X93DFAq9IZhX5LVjRUE=\/463x0\/smart\/https:\/\/agenciabrasil.ebc.com.br\/sites\/default\/files\/thumbnails\/image\/50429036346_a9271a4327_o.jpg?itok=5Qv4T3y5\" alt=\"TSE - Tribunal Superior Eleitoral\nUrna eletr\u00f4nica\" width=\"463\" height=\"309\" \/><figcaption class=\"wp-caption-text\">Foto: Antonio Augusto\/Ascom\/TSE<\/figcaption><\/figure>\n<\/div>\n<\/div>\n<\/div>\n<p>Para 63% dos entrevistados, as elei\u00e7\u00f5es municipais podem ser consideradas como parte da rotina das pessoas, onde 34% disseram que o tema est\u00e1 muito presente nos ambientes de conv\u00edvio social; 29% responderam que o tema \u00e9 citado com relativa frequ\u00eancia e 35% afirmam que &#8220;ainda n\u00e3o se fala quase nada&#8221; sobre elei\u00e7\u00e3o e sobre os candidatos.<\/p>\n<h2>M\u00eddias<\/h2>\n<p>A pesquisa identificou que a televis\u00e3o (37%) e as redes sociais (30%) seguem isoladas como os meios mais utilizados para se informar sobre as elei\u00e7\u00f5es. Em seguida, as conversas com amigos, parentes, portais,\u00a0<em>blogs<\/em>\u00a0e\u00a0<em>sites<\/em>\u00a0de not\u00edcias na internet aparecem com 10% como os meios usados para saber novidades das elei\u00e7\u00f5es. Nos n\u00fameros agregados da pesquisa, os meios digitais lideram com 43%; o r\u00e1dio com 4%,\u00a0<em>WhatsApp\u00a0<\/em>com 3% e jornal impresso com 2%.<\/p>\n<h2>A hora da escolha<\/h2>\n<p>A pesquisa tamb\u00e9m identificou as fontes de informa\u00e7\u00e3o consideradas &#8220;mais importantes&#8221; para ajudar os eleitores escolherem de maneira correta as candidatas e os candidatos \u00e0s prefeituras municipais. Para 22% dos entrevistados, assistir aos debates entre os candidatos na televis\u00e3o \u00e9 relevante para definir as escolhas; 16% consideram importante acompanhar as informa\u00e7\u00f5es dos candidatos nas m\u00eddias sociais; 14% disseram que \u00e9 importante acompanhar as not\u00edcias no r\u00e1dio, televis\u00e3o e jornais. Para 11% dos entrevistados, \u00e9 importante as conversas com amigos e a fam\u00edlia para definir o voto e para apenas 1% \u00e9 importante receber orienta\u00e7\u00f5es da igreja, do padre, do pastor ou outro guia espiritual.\u00a0 Para 5% dos entrevistados \u00e9 importante ouvir os candidatos nos eventos de rua e 4% disseram que \u00e9 importante acompanhar as not\u00edcias dos candidatos pelo\u00a0<em>WhatsApp<\/em>.<\/p>\n<h2>Quem fica e quem sai<\/h2>\n<p>De acordo com as entrevistas realizadas, as pessoas se dividem quando o assunto diz respeito \u00e0 continuidade ou mudan\u00e7a nas administra\u00e7\u00f5es municipais. 33% das pessoas ouvidas disseram preferir votar em um candidato que d\u00ea continuidade \u00e0 forma como a cidade est\u00e1 sendo gerida; 31% disseram que optariam por um candidato &#8220;que mude um pouco a forma de administrar, mantendo algumas coisas e mudando outras e 30% responderam que desejam uma candidata ou candidato que &#8220;mude totalmente a forma de administrar o munic\u00edpio&#8221;. Para 39% dos entrevistados h\u00e1 prefer\u00eancia de votar naquela candidata ou naquele candidato &#8220;que tenha experi\u00eancia pol\u00edtica, mas que ainda n\u00e3o foi prefeita ou prefeito; 24% dar\u00e3o prefer\u00eancia a nomes &#8220;novos na pol\u00edtica&#8221; e 25% votaria em quem j\u00e1 foi prefeito ou prefeita.<\/p>\n<h2>Religi\u00e3o e o voto<\/h2>\n<p>A pesquisa indicou que 36% das pessoas consideram a religi\u00e3o como fator importante na escolha dos candidatos e para 43% dos evang\u00e9licos ou protestantes a religi\u00e3o do candidato \u00e9 importante, enquanto que para os cat\u00f3licos o percentual \u00e9 31%. Entre os evang\u00e9licos e protestantes, 28% preferem votar num candidato que seja da mesma religi\u00e3o, e esse percentual cai para 16% entre os cat\u00f3licos.<\/p>\n<h2>Problemas<\/h2>\n<p>Para 55% dos entrevistados, a sa\u00fade p\u00fablica \u00e9 a \u00e1rea que deveria ser prioridade para os futuros prefeitos e prefeitas. Em segundo lugar, com 10% das respostas, est\u00e1 o n\u00facleo emprego, renda e educa\u00e7\u00e3o. Para 9% das pessoas ouvidas, a seguran\u00e7a p\u00fablica deve ser prioridade. Com 3% das respostas, a prioridade deveria focar no tr\u00e2nsito, no transporte p\u00fablico e combate \u00e0 corrup\u00e7\u00e3o.<\/p>\n<p>(Ag\u00eancia Brasil)<\/p>\n","protected":false},"excerpt":{"rendered":"<p>Pesquisa foi divulgada pelo Observat\u00f3rio da Federa\u00e7\u00e3o dos Bancos A 16\u00aa edi\u00e7\u00e3o da pesquisa Observat\u00f3rio<\/p>\n","protected":false},"author":4,"featured_media":43296,"comment_status":"open","ping_status":"open","sticky":false,"template":"","format":"standard","meta":{"footnotes":""},"categories":[6,3],"tags":[],"class_list":["post-43295","post","type-post","status-publish","format-standard","has-post-thumbnail","hentry","category-brasil","category-destaques"],"yoast_head":"<!-- This site is optimized with the Yoast SEO plugin v27.5 - https:\/\/yoast.com\/product\/yoast-seo-wordpress\/ -->\n<title>Brasileiros querem puni\u00e7\u00e3o severa a candidato que usa not\u00edcias falsas - Jornal<\/title>\n<meta name=\"description\" content=\"Brasileiros querem puni\u00e7\u00e3o severa a candidato que usa not\u00edcias falsas\" \/>\n<meta name=\"robots\" content=\"index, follow, max-snippet:-1, max-image-preview:large, max-video-preview:-1\" \/>\n<link rel=\"canonical\" href=\"https:\/\/jornalboasnoticias.com.br\/home\/brasileiros-querem-punicao-severa-a-candidato-que-usa-noticias-falsas\/\" \/>\n<meta property=\"og:locale\" content=\"pt_BR\" \/>\n<meta property=\"og:type\" content=\"article\" \/>\n<meta property=\"og:title\" content=\"Brasileiros querem puni\u00e7\u00e3o severa a candidato que usa not\u00edcias falsas - Jornal\" \/>\n<meta property=\"og:description\" content=\"Brasileiros querem puni\u00e7\u00e3o severa a candidato que usa not\u00edcias falsas\" \/>\n<meta property=\"og:url\" content=\"https:\/\/jornalboasnoticias.com.br\/home\/brasileiros-querem-punicao-severa-a-candidato-que-usa-noticias-falsas\/\" \/>\n<meta property=\"og:site_name\" content=\"Jornal\" \/>\n<meta property=\"article:publisher\" content=\"https:\/\/www.facebook.com\/boasnoticiasjornal\" \/>\n<meta property=\"article:published_time\" content=\"2024-07-30T18:50:10+00:00\" \/>\n<meta property=\"og:image\" content=\"https:\/\/jornalboasnoticias.com.br\/home\/wp-content\/uploads\/2024\/07\/img_5636_0.webp\" \/>\n\t<meta property=\"og:image:width\" content=\"1170\" \/>\n\t<meta property=\"og:image:height\" content=\"700\" \/>\n\t<meta property=\"og:image:type\" content=\"image\/webp\" \/>\n<meta name=\"author\" content=\"Ana Luiza Bonatto\" \/>\n<meta name=\"twitter:card\" content=\"summary_large_image\" \/>\n<meta name=\"twitter:label1\" content=\"Escrito por\" \/>\n\t<meta name=\"twitter:data1\" content=\"Ana Luiza Bonatto\" \/>\n\t<meta name=\"twitter:label2\" content=\"Est. tempo de leitura\" \/>\n\t<meta name=\"twitter:data2\" content=\"8 minutos\" \/>\n<script type=\"application\/ld+json\" class=\"yoast-schema-graph\">{\"@context\":\"https:\\\/\\\/schema.org\",\"@graph\":[{\"@type\":\"Article\",\"@id\":\"https:\\\/\\\/jornalboasnoticias.com.br\\\/home\\\/brasileiros-querem-punicao-severa-a-candidato-que-usa-noticias-falsas\\\/#article\",\"isPartOf\":{\"@id\":\"https:\\\/\\\/jornalboasnoticias.com.br\\\/home\\\/brasileiros-querem-punicao-severa-a-candidato-que-usa-noticias-falsas\\\/\"},\"author\":{\"name\":\"Ana Luiza Bonatto\",\"@id\":\"https:\\\/\\\/jornalboasnoticias.com.br\\\/home\\\/#\\\/schema\\\/person\\\/d641193e0afc6405b390164dac847971\"},\"headline\":\"Brasileiros querem puni\u00e7\u00e3o severa a candidato que usa not\u00edcias falsas\",\"datePublished\":\"2024-07-30T18:50:10+00:00\",\"mainEntityOfPage\":{\"@id\":\"https:\\\/\\\/jornalboasnoticias.com.br\\\/home\\\/brasileiros-querem-punicao-severa-a-candidato-que-usa-noticias-falsas\\\/\"},\"wordCount\":1246,\"commentCount\":0,\"publisher\":{\"@id\":\"https:\\\/\\\/jornalboasnoticias.com.br\\\/home\\\/#organization\"},\"image\":{\"@id\":\"https:\\\/\\\/jornalboasnoticias.com.br\\\/home\\\/brasileiros-querem-punicao-severa-a-candidato-que-usa-noticias-falsas\\\/#primaryimage\"},\"thumbnailUrl\":\"https:\\\/\\\/jornalboasnoticias.com.br\\\/home\\\/wp-content\\\/uploads\\\/2024\\\/07\\\/img_5636_0.webp\",\"articleSection\":[\"BRASIL\",\"DESTAQUE\"],\"inLanguage\":\"pt-BR\",\"potentialAction\":[{\"@type\":\"CommentAction\",\"name\":\"Comment\",\"target\":[\"https:\\\/\\\/jornalboasnoticias.com.br\\\/home\\\/brasileiros-querem-punicao-severa-a-candidato-que-usa-noticias-falsas\\\/#respond\"]}]},{\"@type\":\"WebPage\",\"@id\":\"https:\\\/\\\/jornalboasnoticias.com.br\\\/home\\\/brasileiros-querem-punicao-severa-a-candidato-que-usa-noticias-falsas\\\/\",\"url\":\"https:\\\/\\\/jornalboasnoticias.com.br\\\/home\\\/brasileiros-querem-punicao-severa-a-candidato-que-usa-noticias-falsas\\\/\",\"name\":\"Brasileiros querem puni\u00e7\u00e3o severa a candidato que usa not\u00edcias falsas - Jornal\",\"isPartOf\":{\"@id\":\"https:\\\/\\\/jornalboasnoticias.com.br\\\/home\\\/#website\"},\"primaryImageOfPage\":{\"@id\":\"https:\\\/\\\/jornalboasnoticias.com.br\\\/home\\\/brasileiros-querem-punicao-severa-a-candidato-que-usa-noticias-falsas\\\/#primaryimage\"},\"image\":{\"@id\":\"https:\\\/\\\/jornalboasnoticias.com.br\\\/home\\\/brasileiros-querem-punicao-severa-a-candidato-que-usa-noticias-falsas\\\/#primaryimage\"},\"thumbnailUrl\":\"https:\\\/\\\/jornalboasnoticias.com.br\\\/home\\\/wp-content\\\/uploads\\\/2024\\\/07\\\/img_5636_0.webp\",\"datePublished\":\"2024-07-30T18:50:10+00:00\",\"description\":\"Brasileiros querem puni\u00e7\u00e3o severa a candidato que usa not\u00edcias falsas\",\"breadcrumb\":{\"@id\":\"https:\\\/\\\/jornalboasnoticias.com.br\\\/home\\\/brasileiros-querem-punicao-severa-a-candidato-que-usa-noticias-falsas\\\/#breadcrumb\"},\"inLanguage\":\"pt-BR\",\"potentialAction\":[{\"@type\":\"ReadAction\",\"target\":[\"https:\\\/\\\/jornalboasnoticias.com.br\\\/home\\\/brasileiros-querem-punicao-severa-a-candidato-que-usa-noticias-falsas\\\/\"]}]},{\"@type\":\"ImageObject\",\"inLanguage\":\"pt-BR\",\"@id\":\"https:\\\/\\\/jornalboasnoticias.com.br\\\/home\\\/brasileiros-querem-punicao-severa-a-candidato-que-usa-noticias-falsas\\\/#primaryimage\",\"url\":\"https:\\\/\\\/jornalboasnoticias.com.br\\\/home\\\/wp-content\\\/uploads\\\/2024\\\/07\\\/img_5636_0.webp\",\"contentUrl\":\"https:\\\/\\\/jornalboasnoticias.com.br\\\/home\\\/wp-content\\\/uploads\\\/2024\\\/07\\\/img_5636_0.webp\",\"width\":1170,\"height\":700,\"caption\":\"\u00a9 Wilson Dias\\\/Ag\u00eancia Brasil\\\/Arquivo\"},{\"@type\":\"BreadcrumbList\",\"@id\":\"https:\\\/\\\/jornalboasnoticias.com.br\\\/home\\\/brasileiros-querem-punicao-severa-a-candidato-que-usa-noticias-falsas\\\/#breadcrumb\",\"itemListElement\":[{\"@type\":\"ListItem\",\"position\":1,\"name\":\"In\u00edcio\",\"item\":\"https:\\\/\\\/jornalboasnoticias.com.br\\\/home\\\/\"},{\"@type\":\"ListItem\",\"position\":2,\"name\":\"Brasileiros querem puni\u00e7\u00e3o severa a candidato que usa not\u00edcias falsas\"}]},{\"@type\":\"WebSite\",\"@id\":\"https:\\\/\\\/jornalboasnoticias.com.br\\\/home\\\/#website\",\"url\":\"https:\\\/\\\/jornalboasnoticias.com.br\\\/home\\\/\",\"name\":\"Jornal Boas Not\u00edcias\",\"description\":\"Boas not\u00edcias\",\"publisher\":{\"@id\":\"https:\\\/\\\/jornalboasnoticias.com.br\\\/home\\\/#organization\"},\"potentialAction\":[{\"@type\":\"SearchAction\",\"target\":{\"@type\":\"EntryPoint\",\"urlTemplate\":\"https:\\\/\\\/jornalboasnoticias.com.br\\\/home\\\/?s={search_term_string}\"},\"query-input\":{\"@type\":\"PropertyValueSpecification\",\"valueRequired\":true,\"valueName\":\"search_term_string\"}}],\"inLanguage\":\"pt-BR\"},{\"@type\":\"Organization\",\"@id\":\"https:\\\/\\\/jornalboasnoticias.com.br\\\/home\\\/#organization\",\"name\":\"Coq Editora Ltda\",\"alternateName\":\"Jornal Boas Noticias\",\"url\":\"https:\\\/\\\/jornalboasnoticias.com.br\\\/home\\\/\",\"logo\":{\"@type\":\"ImageObject\",\"inLanguage\":\"pt-BR\",\"@id\":\"https:\\\/\\\/jornalboasnoticias.com.br\\\/home\\\/#\\\/schema\\\/logo\\\/image\\\/\",\"url\":\"https:\\\/\\\/jornalboasnoticias.com.br\\\/home\\\/wp-content\\\/uploads\\\/2024\\\/07\\\/cropped-logo.jpg\",\"contentUrl\":\"https:\\\/\\\/jornalboasnoticias.com.br\\\/home\\\/wp-content\\\/uploads\\\/2024\\\/07\\\/cropped-logo.jpg\",\"width\":290,\"height\":142,\"caption\":\"Coq Editora Ltda\"},\"image\":{\"@id\":\"https:\\\/\\\/jornalboasnoticias.com.br\\\/home\\\/#\\\/schema\\\/logo\\\/image\\\/\"},\"sameAs\":[\"https:\\\/\\\/www.facebook.com\\\/boasnoticiasjornal\"]},{\"@type\":\"Person\",\"@id\":\"https:\\\/\\\/jornalboasnoticias.com.br\\\/home\\\/#\\\/schema\\\/person\\\/d641193e0afc6405b390164dac847971\",\"name\":\"Ana Luiza Bonatto\",\"image\":{\"@type\":\"ImageObject\",\"inLanguage\":\"pt-BR\",\"@id\":\"https:\\\/\\\/secure.gravatar.com\\\/avatar\\\/8a055ebe6373371f67ac6fcf313c0ac0b0a91157fdcdb9514fa62927373348f0?s=96&d=mm&r=g\",\"url\":\"https:\\\/\\\/secure.gravatar.com\\\/avatar\\\/8a055ebe6373371f67ac6fcf313c0ac0b0a91157fdcdb9514fa62927373348f0?s=96&d=mm&r=g\",\"contentUrl\":\"https:\\\/\\\/secure.gravatar.com\\\/avatar\\\/8a055ebe6373371f67ac6fcf313c0ac0b0a91157fdcdb9514fa62927373348f0?s=96&d=mm&r=g\",\"caption\":\"Ana Luiza Bonatto\"},\"url\":\"https:\\\/\\\/jornalboasnoticias.com.br\\\/home\\\/author\\\/ana-luiza\\\/\"}]}<\/script>\n<!-- \/ Yoast SEO plugin. -->","yoast_head_json":{"title":"Brasileiros querem puni\u00e7\u00e3o severa a candidato que usa not\u00edcias falsas - Jornal","description":"Brasileiros querem puni\u00e7\u00e3o severa a candidato que usa not\u00edcias falsas","robots":{"index":"index","follow":"follow","max-snippet":"max-snippet:-1","max-image-preview":"max-image-preview:large","max-video-preview":"max-video-preview:-1"},"canonical":"https:\/\/jornalboasnoticias.com.br\/home\/brasileiros-querem-punicao-severa-a-candidato-que-usa-noticias-falsas\/","og_locale":"pt_BR","og_type":"article","og_title":"Brasileiros querem puni\u00e7\u00e3o severa a candidato que usa not\u00edcias falsas - Jornal","og_description":"Brasileiros querem puni\u00e7\u00e3o severa a candidato que usa not\u00edcias falsas","og_url":"https:\/\/jornalboasnoticias.com.br\/home\/brasileiros-querem-punicao-severa-a-candidato-que-usa-noticias-falsas\/","og_site_name":"Jornal","article_publisher":"https:\/\/www.facebook.com\/boasnoticiasjornal","article_published_time":"2024-07-30T18:50:10+00:00","og_image":[{"width":1170,"height":700,"url":"https:\/\/jornalboasnoticias.com.br\/home\/wp-content\/uploads\/2024\/07\/img_5636_0.webp","type":"image\/webp"}],"author":"Ana Luiza Bonatto","twitter_card":"summary_large_image","twitter_misc":{"Escrito por":"Ana Luiza Bonatto","Est. tempo de leitura":"8 minutos"},"schema":{"@context":"https:\/\/schema.org","@graph":[{"@type":"Article","@id":"https:\/\/jornalboasnoticias.com.br\/home\/brasileiros-querem-punicao-severa-a-candidato-que-usa-noticias-falsas\/#article","isPartOf":{"@id":"https:\/\/jornalboasnoticias.com.br\/home\/brasileiros-querem-punicao-severa-a-candidato-que-usa-noticias-falsas\/"},"author":{"name":"Ana Luiza Bonatto","@id":"https:\/\/jornalboasnoticias.com.br\/home\/#\/schema\/person\/d641193e0afc6405b390164dac847971"},"headline":"Brasileiros querem puni\u00e7\u00e3o severa a candidato que usa not\u00edcias falsas","datePublished":"2024-07-30T18:50:10+00:00","mainEntityOfPage":{"@id":"https:\/\/jornalboasnoticias.com.br\/home\/brasileiros-querem-punicao-severa-a-candidato-que-usa-noticias-falsas\/"},"wordCount":1246,"commentCount":0,"publisher":{"@id":"https:\/\/jornalboasnoticias.com.br\/home\/#organization"},"image":{"@id":"https:\/\/jornalboasnoticias.com.br\/home\/brasileiros-querem-punicao-severa-a-candidato-que-usa-noticias-falsas\/#primaryimage"},"thumbnailUrl":"https:\/\/jornalboasnoticias.com.br\/home\/wp-content\/uploads\/2024\/07\/img_5636_0.webp","articleSection":["BRASIL","DESTAQUE"],"inLanguage":"pt-BR","potentialAction":[{"@type":"CommentAction","name":"Comment","target":["https:\/\/jornalboasnoticias.com.br\/home\/brasileiros-querem-punicao-severa-a-candidato-que-usa-noticias-falsas\/#respond"]}]},{"@type":"WebPage","@id":"https:\/\/jornalboasnoticias.com.br\/home\/brasileiros-querem-punicao-severa-a-candidato-que-usa-noticias-falsas\/","url":"https:\/\/jornalboasnoticias.com.br\/home\/brasileiros-querem-punicao-severa-a-candidato-que-usa-noticias-falsas\/","name":"Brasileiros querem puni\u00e7\u00e3o severa a candidato que usa not\u00edcias falsas - Jornal","isPartOf":{"@id":"https:\/\/jornalboasnoticias.com.br\/home\/#website"},"primaryImageOfPage":{"@id":"https:\/\/jornalboasnoticias.com.br\/home\/brasileiros-querem-punicao-severa-a-candidato-que-usa-noticias-falsas\/#primaryimage"},"image":{"@id":"https:\/\/jornalboasnoticias.com.br\/home\/brasileiros-querem-punicao-severa-a-candidato-que-usa-noticias-falsas\/#primaryimage"},"thumbnailUrl":"https:\/\/jornalboasnoticias.com.br\/home\/wp-content\/uploads\/2024\/07\/img_5636_0.webp","datePublished":"2024-07-30T18:50:10+00:00","description":"Brasileiros querem puni\u00e7\u00e3o severa a candidato que usa not\u00edcias falsas","breadcrumb":{"@id":"https:\/\/jornalboasnoticias.com.br\/home\/brasileiros-querem-punicao-severa-a-candidato-que-usa-noticias-falsas\/#breadcrumb"},"inLanguage":"pt-BR","potentialAction":[{"@type":"ReadAction","target":["https:\/\/jornalboasnoticias.com.br\/home\/brasileiros-querem-punicao-severa-a-candidato-que-usa-noticias-falsas\/"]}]},{"@type":"ImageObject","inLanguage":"pt-BR","@id":"https:\/\/jornalboasnoticias.com.br\/home\/brasileiros-querem-punicao-severa-a-candidato-que-usa-noticias-falsas\/#primaryimage","url":"https:\/\/jornalboasnoticias.com.br\/home\/wp-content\/uploads\/2024\/07\/img_5636_0.webp","contentUrl":"https:\/\/jornalboasnoticias.com.br\/home\/wp-content\/uploads\/2024\/07\/img_5636_0.webp","width":1170,"height":700,"caption":"\u00a9 Wilson Dias\/Ag\u00eancia Brasil\/Arquivo"},{"@type":"BreadcrumbList","@id":"https:\/\/jornalboasnoticias.com.br\/home\/brasileiros-querem-punicao-severa-a-candidato-que-usa-noticias-falsas\/#breadcrumb","itemListElement":[{"@type":"ListItem","position":1,"name":"In\u00edcio","item":"https:\/\/jornalboasnoticias.com.br\/home\/"},{"@type":"ListItem","position":2,"name":"Brasileiros querem puni\u00e7\u00e3o severa a candidato que usa not\u00edcias falsas"}]},{"@type":"WebSite","@id":"https:\/\/jornalboasnoticias.com.br\/home\/#website","url":"https:\/\/jornalboasnoticias.com.br\/home\/","name":"Jornal Boas Not\u00edcias","description":"Boas not\u00edcias","publisher":{"@id":"https:\/\/jornalboasnoticias.com.br\/home\/#organization"},"potentialAction":[{"@type":"SearchAction","target":{"@type":"EntryPoint","urlTemplate":"https:\/\/jornalboasnoticias.com.br\/home\/?s={search_term_string}"},"query-input":{"@type":"PropertyValueSpecification","valueRequired":true,"valueName":"search_term_string"}}],"inLanguage":"pt-BR"},{"@type":"Organization","@id":"https:\/\/jornalboasnoticias.com.br\/home\/#organization","name":"Coq Editora Ltda","alternateName":"Jornal Boas Noticias","url":"https:\/\/jornalboasnoticias.com.br\/home\/","logo":{"@type":"ImageObject","inLanguage":"pt-BR","@id":"https:\/\/jornalboasnoticias.com.br\/home\/#\/schema\/logo\/image\/","url":"https:\/\/jornalboasnoticias.com.br\/home\/wp-content\/uploads\/2024\/07\/cropped-logo.jpg","contentUrl":"https:\/\/jornalboasnoticias.com.br\/home\/wp-content\/uploads\/2024\/07\/cropped-logo.jpg","width":290,"height":142,"caption":"Coq Editora Ltda"},"image":{"@id":"https:\/\/jornalboasnoticias.com.br\/home\/#\/schema\/logo\/image\/"},"sameAs":["https:\/\/www.facebook.com\/boasnoticiasjornal"]},{"@type":"Person","@id":"https:\/\/jornalboasnoticias.com.br\/home\/#\/schema\/person\/d641193e0afc6405b390164dac847971","name":"Ana Luiza Bonatto","image":{"@type":"ImageObject","inLanguage":"pt-BR","@id":"https:\/\/secure.gravatar.com\/avatar\/8a055ebe6373371f67ac6fcf313c0ac0b0a91157fdcdb9514fa62927373348f0?s=96&d=mm&r=g","url":"https:\/\/secure.gravatar.com\/avatar\/8a055ebe6373371f67ac6fcf313c0ac0b0a91157fdcdb9514fa62927373348f0?s=96&d=mm&r=g","contentUrl":"https:\/\/secure.gravatar.com\/avatar\/8a055ebe6373371f67ac6fcf313c0ac0b0a91157fdcdb9514fa62927373348f0?s=96&d=mm&r=g","caption":"Ana Luiza Bonatto"},"url":"https:\/\/jornalboasnoticias.com.br\/home\/author\/ana-luiza\/"}]}},"_links":{"self":[{"href":"https:\/\/jornalboasnoticias.com.br\/home\/wp-json\/wp\/v2\/posts\/43295","targetHints":{"allow":["GET"]}}],"collection":[{"href":"https:\/\/jornalboasnoticias.com.br\/home\/wp-json\/wp\/v2\/posts"}],"about":[{"href":"https:\/\/jornalboasnoticias.com.br\/home\/wp-json\/wp\/v2\/types\/post"}],"author":[{"embeddable":true,"href":"https:\/\/jornalboasnoticias.com.br\/home\/wp-json\/wp\/v2\/users\/4"}],"replies":[{"embeddable":true,"href":"https:\/\/jornalboasnoticias.com.br\/home\/wp-json\/wp\/v2\/comments?post=43295"}],"version-history":[{"count":1,"href":"https:\/\/jornalboasnoticias.com.br\/home\/wp-json\/wp\/v2\/posts\/43295\/revisions"}],"predecessor-version":[{"id":43297,"href":"https:\/\/jornalboasnoticias.com.br\/home\/wp-json\/wp\/v2\/posts\/43295\/revisions\/43297"}],"wp:featuredmedia":[{"embeddable":true,"href":"https:\/\/jornalboasnoticias.com.br\/home\/wp-json\/wp\/v2\/media\/43296"}],"wp:attachment":[{"href":"https:\/\/jornalboasnoticias.com.br\/home\/wp-json\/wp\/v2\/media?parent=43295"}],"wp:term":[{"taxonomy":"category","embeddable":true,"href":"https:\/\/jornalboasnoticias.com.br\/home\/wp-json\/wp\/v2\/categories?post=43295"},{"taxonomy":"post_tag","embeddable":true,"href":"https:\/\/jornalboasnoticias.com.br\/home\/wp-json\/wp\/v2\/tags?post=43295"}],"curies":[{"name":"wp","href":"https:\/\/api.w.org\/{rel}","templated":true}]}}