{"id":43291,"date":"2024-07-30T18:46:28","date_gmt":"2024-07-30T18:46:28","guid":{"rendered":"https:\/\/jornalboasnoticias.com.br\/home\/?p=43291"},"modified":"2024-07-30T18:48:32","modified_gmt":"2024-07-30T18:48:32","slug":"amamentar-mais-de-um-ano-reduz-risco-de-cancer-de-mama","status":"publish","type":"post","link":"https:\/\/jornalboasnoticias.com.br\/home\/amamentar-mais-de-um-ano-reduz-risco-de-cancer-de-mama\/","title":{"rendered":"Amamentar mais de um ano reduz risco de c\u00e2ncer de mama"},"content":{"rendered":"<blockquote>\n<div class=\"row\">\n<p class=\"col-10 offset-1 animated fadeInDown dealy-900 display-8 display-md-8 alt-font font-italic my-1 text-center\">Banco de Leite Humano recomenda aleitamento materno<\/p>\n<\/div>\n<\/blockquote>\n<p>Estudo publicado na Revista\u00a0<em>Cancer Medicine\u00a0<\/em>indicou que cada 12 meses de aleitamento materno pode reduzir em 4,3% a possibilidade de desenvolver c\u00e2ncer de mama. \u201cE isso \u00e9 cumulativo: a cada nascimento, esse risco reduz 7%\u201d, disse \u00e0\u00a0<strong>Ag\u00eancia Brasil<\/strong>\u00a0a coordenadora de Assist\u00eancia do Banco de Leite Humano do Instituto Nacional de Sa\u00fade da Mulher, da Crian\u00e7a e do Adolescente Fernandes Figueira, da Funda\u00e7\u00e3o Oswaldo Cruz (IFF\/Fiocruz), Ma\u00edra Domingues.<img decoding=\"async\" src=\"https:\/\/agenciabrasil.ebc.com.br\/ebc.png?id=1605968&amp;o=node\" \/><img decoding=\"async\" src=\"https:\/\/agenciabrasil.ebc.com.br\/ebc.gif?id=1605968&amp;o=node\" \/><\/p>\n<p>Segundo a pesquisa, isso acontece em mulheres de diferentes pa\u00edses, rendas, idades, entrada na menopausa, grupos \u00e9tnicos e idade do primeiro parto em todo o mundo. \u201cO que a gente tem s\u00e3o diversas evid\u00eancias robustas que revelam esse dado de redu\u00e7\u00e3o do c\u00e2ncer de mama\u201d, explicou Ma\u00edra.<\/p>\n<p>Ela informou que o Banco de Leite Humano sempre recomenda o aleitamento materno, como preconiza a Organiza\u00e7\u00e3o Mundial da Sa\u00fade (OMS), durante seis meses, de forma exclusiva e, ap\u00f3s seis meses, at\u00e9 dois anos ou mais, de forma continuada.<\/p>\n<p>\u201cS\u00e3o justamente [com] esses dois anos ou mais [que se] ganha a prote\u00e7\u00e3o para o c\u00e2ncer de mama. Muitas fam\u00edlias perguntam por que \u00e9 preciso amamentar por dois anos ou mais se o beb\u00ea est\u00e1 fazendo alimenta\u00e7\u00e3o em casa. Porque amamentar vai muito al\u00e9m de alimentar a crian\u00e7a. Amamentar \u00e9 prote\u00e7\u00e3o n\u00e3o s\u00f3 para a crian\u00e7a, mas tamb\u00e9m para a mulher. Esses benef\u00edcios se estendem para ela\u201d.<\/p>\n<p>A coordenadora sustentou que a recomenda\u00e7\u00e3o do IFF\/Fiocruz \u00e9 esta: que a crian\u00e7a pode ser amamentada por dois anos ou mais tamb\u00e9m para proteger contra o c\u00e2ncer de mama.<\/p>\n<p>Ela refor\u00e7ou que amamentar traz outros benef\u00edcios a curto, m\u00e9dio e longo prazos para m\u00e3e e a crian\u00e7a. Al\u00e9m do la\u00e7o afetivo com o filho, a mulher se beneficia pela redu\u00e7\u00e3o do risco de c\u00e2ncer de ov\u00e1rio, de ter diabetes e algumas doen\u00e7as cardiovasculares.<\/p>\n<p>Para as crian\u00e7as, ela destacou a prote\u00e7\u00e3o contra doen\u00e7as diarreicas e infec\u00e7\u00f5es respirat\u00f3rias, como pneumonia; melhor forma\u00e7\u00e3o e desenvolvimento da regi\u00e3o orofacial; desenvolvimento da linguagem; redu\u00e7\u00e3o do risco de m\u00e1 oclus\u00e3o dent\u00e1ria; redu\u00e7\u00e3o de doen\u00e7as mais \u00e0 frente, como obesidade e diabetes, entre outras.<\/p>\n<p>H\u00e1, ainda, estudos que mostram que o leite humano tem c\u00e9lulas-tronco que trazem outra dimens\u00e3o, inclusive, terap\u00eautica. \u201cO fato de o leite humano ter c\u00e9lulas-tronco mostra o quanto esse alimento tem um potencial enorme, que vai muito al\u00e9m da alimenta\u00e7\u00e3o da crian\u00e7a\u201d.<\/p>\n<h2>Risco relativo<\/h2>\n<p>Al\u00e9m de contribuir para o desenvolvimento do v\u00ednculo afetivo entre m\u00e3e e filho, amamentar gera diversos benef\u00edcios para a sa\u00fade infantil e materna, entre os quais est\u00e1 a diminui\u00e7\u00e3o do risco de ter c\u00e2ncer de mama.<\/p>\n<p>O mastologista do Hospital do Cora\u00e7\u00e3o, Afonso Naz\u00e1rio, esclareceu, entretanto, que esse n\u00e3o \u00e9 um risco absoluto e individual, mas relativo para uma popula\u00e7\u00e3o. \u201cSuponha que o risco de certa popula\u00e7\u00e3o, para ter c\u00e2ncer de mama, \u00e9 de 100 casos para cada 100 mil mulheres. Quando o risco relativo diminui 4%, essa redu\u00e7\u00e3o \u00e9 sobre a popula\u00e7\u00e3o geral. Se o risco relativo de c\u00e2ncer de mama aumenta 20%, n\u00e3o \u00e9 que ela, a pessoa, vai ter 20% mais de risco. \u00c9 em rela\u00e7\u00e3o \u00e0 popula\u00e7\u00e3o geral. Se determinada popula\u00e7\u00e3o tem 100 casos de c\u00e2ncer para 100 mil mulheres, quando o risco aumenta 20%, vai ter 120 mulheres \u2013 20 a mais \u2013 para cada 100 mil\u201d, explicou.<\/p>\n<p>Naz\u00e1rio esclareceu que mulheres que amamentam pelo menos um ano t\u00eam 4% menos risco em rela\u00e7\u00e3o \u00e0 popula\u00e7\u00e3o em geral. Se agregar um novo parto, essa dimens\u00e3o aumenta mais 7%. Isso resultaria em 11%, mas n\u00e3o \u00e9 um risco absoluto daquela mulher, mas em rela\u00e7\u00e3o \u00e0 popula\u00e7\u00e3o geral. O mastologista destacou que esse efeito protetor \u00e9 quando a mulher est\u00e1 em idade jovem, abaixo de 35 anos e, principalmente, abaixo de 25 anos, porque o epit\u00e9lio mam\u00e1rio \u00e9 mais suscet\u00edvel ao c\u00e2ncer nessa fase da vida. O especialista frisou que \u201ctudo que aumenta o risco, quanto mais jovem a mulher, maior o impacto\u201d, afirmou. Acima de 35 anos, o efeito protetor da amamenta\u00e7\u00e3o deixa de existir.<\/p>\n<p>Ao se tornar m\u00e3e antes dos 25 anos, o risco relativo de c\u00e2ncer de mama na p\u00f3s-menopausa reduz em 35% em compara\u00e7\u00e3o com as mulheres que nunca tiveram filhos. Depois disso, as chances de desenvolver a doen\u00e7a passam a aumentar.<\/p>\n<p>Afonso afirmou, contudo, que o efeito protetor da amamenta\u00e7\u00e3o durante mais de um ano ocorre, inclusive, em formas agressivas de c\u00e2ncer de mama (caso de tumores triplo-negativos, quando detectados precocemente). O risco pode diminuir em cerca de 20%.<\/p>\n<p>Nas mulheres com c\u00e2ncer de mama que apresentam muta\u00e7\u00f5es heredit\u00e1rias, chamadas muta\u00e7\u00f5es BRCA1, a amamenta\u00e7\u00e3o tamb\u00e9m reduz a manifesta\u00e7\u00e3o da doen\u00e7a em cerca de 22% a 50%. \u201cMesmo nascendo com uma muta\u00e7\u00e3o agressiva, tem como diminuir esse risco\u201d, disse. Amamenta\u00e7\u00e3o e estilo de vida s\u00e3o fatores que contribuem para isso.<\/p>\n<p>O m\u00e9dico do Hcor citou estudo feito pelas universidades federais de S\u00e3o Paulo (Unifesp) e do Amazonas (Ufam), no ano passado, com popula\u00e7\u00f5es ribeirinhas e de Manaus. A pesquisa revelou que n\u00e3o existe taxa de mortalidade de c\u00e2ncer de mama nas popula\u00e7\u00f5es ind\u00edgenas.<\/p>\n<p>Foram analisados v\u00e1rios dados, incluindo idade, gesta\u00e7\u00e3o, parto e amamenta\u00e7\u00e3o. \u201cA \u00fanica coisa que a gente achou como efeito protetor foi a amamenta\u00e7\u00e3o\u201d,\u00a0 afirmou.<\/p>\n<p>Os dados das mulheres ind\u00edgenas foram comparados aos das mulheres de Manaus e o \u00fanico fato diferente \u00e9 que as ind\u00edgenas amamentam durante cinco ou seis anos, em m\u00e9dia. \u201cIsso \u00e9 muito maior do que a popula\u00e7\u00e3o n\u00e3o ind\u00edgena. \u00c9 um efeito protetor absurdo\u201d, opinou. Mulheres da capital amazonense tamb\u00e9m amamentam os filhos, mas n\u00e3o chegam a esse n\u00famero. Mesmo as ind\u00edgenas que v\u00e3o morar em Manaus mant\u00eam a cultura de amamentar os filhos muito tempo e n\u00e3o t\u00eam c\u00e2ncer de mama.<\/p>\n<h2>Teorias<\/h2>\n<p>Membro da Comiss\u00e3o de Mastologia da Federa\u00e7\u00e3o Brasileira das Associa\u00e7\u00f5es de Ginecologia e Obstetr\u00edcia (Febrasgo), o m\u00e9dico Guilherme Novita disse que as mulheres que amamentam t\u00eam menos c\u00e2ncer de mama do que as que n\u00e3o amamentam. Acredita-se que isso acontece por duas coisas. \u201cDurante o per\u00edodo da amamenta\u00e7\u00e3o, o ov\u00e1rio da mulher fica em uma fase de dorm\u00eancia em que n\u00e3o produz os horm\u00f4nios do ciclo menstrual. Normalmente, quando a mulher est\u00e1 amamentando, n\u00e3o tem menstrua\u00e7\u00e3o. A gente sabe que os horm\u00f4nios do ciclo menstrual causam altera\u00e7\u00f5es nas c\u00e9lulas mam\u00e1rias, do tipo prolifera\u00e7\u00e3o de c\u00e9lulas e posterior descama\u00e7\u00e3o. E isso favorece que surja um c\u00e2ncer ali no meio\u201d, opinou.<\/p>\n<p>Outra teoria diz que, quando a mulher amamenta, em especial em uma fase mais jovem, ocorrem algumas modifica\u00e7\u00f5es no n\u00edvel das c\u00e9lulas mam\u00e1rias que tornariam essa c\u00e9lula mais est\u00e1vel e menos suscet\u00edvel a agentes ambientais oncol\u00f3gicos. Essa teoria \u00e9 menos aceita, segundo Novita.<\/p>\n<div class=\"dnd-widget-wrapper context-cheio_8colunas type-image\">\n<div class=\"dnd-atom-rendered\">\n<div class=\"shadow overflow-hidden rounded-lg d-block w-100\">\n<figure style=\"width: 754px\" class=\"wp-caption alignright\"><img loading=\"lazy\" decoding=\"async\" class=\"flex-fill img-cover\" title=\"Ag\u00eancia Bras\u00edlia\" src=\"https:\/\/imagens.ebc.com.br\/npRndaghfynBveZLIClY2bJUMx4=\/754x0\/smart\/https:\/\/agenciabrasil.ebc.com.br\/sites\/default\/files\/thumbnails\/image\/banco_de_leite_1905218818.jpg?itok=EtNAOQEr\" alt=\"Banco de Leite Materno do Hospital Regional de Ceil\u00e2ndia (HRC). Fotos: Vinicius de Melo\/Ag\u00eancia Bras\u00edlia\" width=\"754\" height=\"503\" \/><figcaption class=\"wp-caption-text\">Foto &#8211;\u00a0Ag\u00eancia Bras\u00edlia<\/figcaption><\/figure>\n<\/div>\n<\/div>\n<\/div>\n<p>A grande quest\u00e3o, segundo o m\u00e9dico, \u00e9 que n\u00e3o se estudou mulheres que tiveram gravidez a termo e amamentaram. \u201cGeralmente, eles separam o muito do muito pouco. Comparam mulheres que tenham tido v\u00e1rios filhos, acima de tr\u00eas, principalmente de comunidades rurais onde o acesso \u00e0 preven\u00e7\u00e3o de gravidez \u00e9 mais dif\u00edcil, que t\u00eam idade do primeiro parto mais cedo, com mulheres de cidades grandes, que t\u00eam mais acesso a m\u00e9todos anticoncepcionais que, geralmente, n\u00e3o t\u00eam filhos em idade muito jovem e t\u00eam n\u00famero menor de filhos ou que nunca tiveram filhos. Quando se faz essa compara\u00e7\u00e3o, voc\u00ea v\u00ea que as mulheres que tiveram mais filhos t\u00eam menos c\u00e2ncer de mama. A gravidez previne c\u00e2ncer de mama e a amamenta\u00e7\u00e3o tamb\u00e9m previne. Quanto, a gente n\u00e3o sabe\u201d, acentuou.<\/p>\n<h2>Benef\u00edcios<\/h2>\n<p>O m\u00e9dico estimou que estudos sobre benef\u00edcios da amamenta\u00e7\u00e3o das mulheres t\u00eam que ser vistos com cuidado porque, muitas vezes, est\u00e3o comparando m\u00e3es de popula\u00e7\u00f5es rurais, com h\u00e1bitos e expectativas de vida diferentes, com popula\u00e7\u00f5es urbanas.<\/p>\n<p>\u201cSe pegar um pa\u00eds em desenvolvimento, encontrar\u00e1 predom\u00ednio maior de uma popula\u00e7\u00e3o rural, gesta\u00e7\u00f5es mais precoces, mais gesta\u00e7\u00f5es, mais amamenta\u00e7\u00e3o. E as pessoas n\u00e3o t\u00eam expectativa de vida longa por quest\u00f5es de falta de cuidados b\u00e1sicos, como saneamento, e acabam tendo menos c\u00e2ncer de mama\u201d, frisou.<\/p>\n<p>Na avalia\u00e7\u00e3o de Novita, ningu\u00e9m defende que a mulher amamente exclusivamente para se prevenir de c\u00e2ncer de mama. \u201cN\u00e3o amamentar tamb\u00e9m n\u00e3o \u00e9 um risco t\u00e3o alto. O fato de n\u00e3o terem filhos ou n\u00e3o terem amamentado n\u00e3o muda tanto, principalmente se os filhos [vieram] ap\u00f3s os 35 anos de idade. O maior benef\u00edcio da amamenta\u00e7\u00e3o \u00e9, realmente, a nutri\u00e7\u00e3o da crian\u00e7a, ainda mais em um pa\u00eds como o Brasil em que, em alguns lugares, h\u00e1 dificuldade de alimentar. \u00c9 fundamental para o desenvolvimento e diminui\u00e7\u00e3o da mortalidade infantil\u201d, acentuou.<\/p>\n<p>Um benef\u00edcio adicional da amamenta\u00e7\u00e3o acaba sendo a redu\u00e7\u00e3o do c\u00e2ncer de mama. Destacou, entretanto, que \u201c\u00e9 um benef\u00edcio n\u00e3o t\u00e3o fundamental assim. N\u00e3o precisa voc\u00ea indicar amamenta\u00e7\u00e3o para preven\u00e7\u00e3o de c\u00e2ncer\u201d. O especialista concordou, entretanto, que amamentar reduz o risco de c\u00e2ncer de mama, \u201cmas transformar isso em n\u00fameros \u00e9 muito dif\u00edcil de ser feito. A gente sempre recomenda a amamenta\u00e7\u00e3o\u201d, finalizou.<\/p>\n<p>(Ag\u00eancia Brasil)<\/p>\n","protected":false},"excerpt":{"rendered":"<p>Banco de Leite Humano recomenda aleitamento materno Estudo publicado na Revista\u00a0Cancer Medicine\u00a0indicou que cada 12<\/p>\n","protected":false},"author":4,"featured_media":43292,"comment_status":"open","ping_status":"open","sticky":false,"template":"","format":"standard","meta":{"footnotes":""},"categories":[3,7],"tags":[],"class_list":["post-43291","post","type-post","status-publish","format-standard","has-post-thumbnail","hentry","category-destaques","category-saude"],"yoast_head":"<!-- This site is optimized with the Yoast SEO plugin v27.5 - https:\/\/yoast.com\/product\/yoast-seo-wordpress\/ -->\n<title>Amamentar mais de um ano reduz risco de c\u00e2ncer de mama - Jornal<\/title>\n<meta name=\"description\" content=\"Amamentar mais de um ano reduz risco de c\u00e2ncer de mama\" \/>\n<meta name=\"robots\" content=\"index, follow, max-snippet:-1, max-image-preview:large, max-video-preview:-1\" \/>\n<link rel=\"canonical\" href=\"https:\/\/jornalboasnoticias.com.br\/home\/amamentar-mais-de-um-ano-reduz-risco-de-cancer-de-mama\/\" \/>\n<meta property=\"og:locale\" content=\"pt_BR\" \/>\n<meta property=\"og:type\" content=\"article\" \/>\n<meta property=\"og:title\" content=\"Amamentar mais de um ano reduz risco de c\u00e2ncer de mama - Jornal\" \/>\n<meta property=\"og:description\" content=\"Amamentar mais de um ano reduz risco de c\u00e2ncer de mama\" \/>\n<meta property=\"og:url\" content=\"https:\/\/jornalboasnoticias.com.br\/home\/amamentar-mais-de-um-ano-reduz-risco-de-cancer-de-mama\/\" \/>\n<meta property=\"og:site_name\" content=\"Jornal\" \/>\n<meta property=\"article:publisher\" content=\"https:\/\/www.facebook.com\/boasnoticiasjornal\" \/>\n<meta property=\"article:published_time\" content=\"2024-07-30T18:46:28+00:00\" \/>\n<meta property=\"article:modified_time\" content=\"2024-07-30T18:48:32+00:00\" \/>\n<meta property=\"og:image\" content=\"https:\/\/jornalboasnoticias.com.br\/home\/wp-content\/uploads\/2024\/07\/banco_de_leite_1905218818.jpg\" \/>\n\t<meta property=\"og:image:width\" content=\"754\" \/>\n\t<meta property=\"og:image:height\" content=\"503\" \/>\n\t<meta property=\"og:image:type\" content=\"image\/jpeg\" \/>\n<meta name=\"author\" content=\"Ana Luiza Bonatto\" \/>\n<meta name=\"twitter:card\" content=\"summary_large_image\" \/>\n<meta name=\"twitter:label1\" content=\"Escrito por\" \/>\n\t<meta name=\"twitter:data1\" content=\"Ana Luiza Bonatto\" \/>\n\t<meta name=\"twitter:label2\" content=\"Est. tempo de leitura\" \/>\n\t<meta name=\"twitter:data2\" content=\"9 minutos\" \/>\n<script type=\"application\/ld+json\" class=\"yoast-schema-graph\">{\"@context\":\"https:\\\/\\\/schema.org\",\"@graph\":[{\"@type\":\"Article\",\"@id\":\"https:\\\/\\\/jornalboasnoticias.com.br\\\/home\\\/amamentar-mais-de-um-ano-reduz-risco-de-cancer-de-mama\\\/#article\",\"isPartOf\":{\"@id\":\"https:\\\/\\\/jornalboasnoticias.com.br\\\/home\\\/amamentar-mais-de-um-ano-reduz-risco-de-cancer-de-mama\\\/\"},\"author\":{\"name\":\"Ana Luiza Bonatto\",\"@id\":\"https:\\\/\\\/jornalboasnoticias.com.br\\\/home\\\/#\\\/schema\\\/person\\\/d641193e0afc6405b390164dac847971\"},\"headline\":\"Amamentar mais de um ano reduz risco de c\u00e2ncer de mama\",\"datePublished\":\"2024-07-30T18:46:28+00:00\",\"dateModified\":\"2024-07-30T18:48:32+00:00\",\"mainEntityOfPage\":{\"@id\":\"https:\\\/\\\/jornalboasnoticias.com.br\\\/home\\\/amamentar-mais-de-um-ano-reduz-risco-de-cancer-de-mama\\\/\"},\"wordCount\":1671,\"commentCount\":0,\"publisher\":{\"@id\":\"https:\\\/\\\/jornalboasnoticias.com.br\\\/home\\\/#organization\"},\"image\":{\"@id\":\"https:\\\/\\\/jornalboasnoticias.com.br\\\/home\\\/amamentar-mais-de-um-ano-reduz-risco-de-cancer-de-mama\\\/#primaryimage\"},\"thumbnailUrl\":\"https:\\\/\\\/jornalboasnoticias.com.br\\\/home\\\/wp-content\\\/uploads\\\/2024\\\/07\\\/banco_de_leite_1905218818.jpg\",\"articleSection\":[\"DESTAQUE\",\"SA\u00daDE\"],\"inLanguage\":\"pt-BR\",\"potentialAction\":[{\"@type\":\"CommentAction\",\"name\":\"Comment\",\"target\":[\"https:\\\/\\\/jornalboasnoticias.com.br\\\/home\\\/amamentar-mais-de-um-ano-reduz-risco-de-cancer-de-mama\\\/#respond\"]}]},{\"@type\":\"WebPage\",\"@id\":\"https:\\\/\\\/jornalboasnoticias.com.br\\\/home\\\/amamentar-mais-de-um-ano-reduz-risco-de-cancer-de-mama\\\/\",\"url\":\"https:\\\/\\\/jornalboasnoticias.com.br\\\/home\\\/amamentar-mais-de-um-ano-reduz-risco-de-cancer-de-mama\\\/\",\"name\":\"Amamentar mais de um ano reduz risco de c\u00e2ncer de mama - Jornal\",\"isPartOf\":{\"@id\":\"https:\\\/\\\/jornalboasnoticias.com.br\\\/home\\\/#website\"},\"primaryImageOfPage\":{\"@id\":\"https:\\\/\\\/jornalboasnoticias.com.br\\\/home\\\/amamentar-mais-de-um-ano-reduz-risco-de-cancer-de-mama\\\/#primaryimage\"},\"image\":{\"@id\":\"https:\\\/\\\/jornalboasnoticias.com.br\\\/home\\\/amamentar-mais-de-um-ano-reduz-risco-de-cancer-de-mama\\\/#primaryimage\"},\"thumbnailUrl\":\"https:\\\/\\\/jornalboasnoticias.com.br\\\/home\\\/wp-content\\\/uploads\\\/2024\\\/07\\\/banco_de_leite_1905218818.jpg\",\"datePublished\":\"2024-07-30T18:46:28+00:00\",\"dateModified\":\"2024-07-30T18:48:32+00:00\",\"description\":\"Amamentar mais de um ano reduz risco de c\u00e2ncer de mama\",\"breadcrumb\":{\"@id\":\"https:\\\/\\\/jornalboasnoticias.com.br\\\/home\\\/amamentar-mais-de-um-ano-reduz-risco-de-cancer-de-mama\\\/#breadcrumb\"},\"inLanguage\":\"pt-BR\",\"potentialAction\":[{\"@type\":\"ReadAction\",\"target\":[\"https:\\\/\\\/jornalboasnoticias.com.br\\\/home\\\/amamentar-mais-de-um-ano-reduz-risco-de-cancer-de-mama\\\/\"]}]},{\"@type\":\"ImageObject\",\"inLanguage\":\"pt-BR\",\"@id\":\"https:\\\/\\\/jornalboasnoticias.com.br\\\/home\\\/amamentar-mais-de-um-ano-reduz-risco-de-cancer-de-mama\\\/#primaryimage\",\"url\":\"https:\\\/\\\/jornalboasnoticias.com.br\\\/home\\\/wp-content\\\/uploads\\\/2024\\\/07\\\/banco_de_leite_1905218818.jpg\",\"contentUrl\":\"https:\\\/\\\/jornalboasnoticias.com.br\\\/home\\\/wp-content\\\/uploads\\\/2024\\\/07\\\/banco_de_leite_1905218818.jpg\",\"width\":754,\"height\":503},{\"@type\":\"BreadcrumbList\",\"@id\":\"https:\\\/\\\/jornalboasnoticias.com.br\\\/home\\\/amamentar-mais-de-um-ano-reduz-risco-de-cancer-de-mama\\\/#breadcrumb\",\"itemListElement\":[{\"@type\":\"ListItem\",\"position\":1,\"name\":\"In\u00edcio\",\"item\":\"https:\\\/\\\/jornalboasnoticias.com.br\\\/home\\\/\"},{\"@type\":\"ListItem\",\"position\":2,\"name\":\"Amamentar mais de um ano reduz risco de c\u00e2ncer de mama\"}]},{\"@type\":\"WebSite\",\"@id\":\"https:\\\/\\\/jornalboasnoticias.com.br\\\/home\\\/#website\",\"url\":\"https:\\\/\\\/jornalboasnoticias.com.br\\\/home\\\/\",\"name\":\"Jornal Boas Not\u00edcias\",\"description\":\"Boas not\u00edcias\",\"publisher\":{\"@id\":\"https:\\\/\\\/jornalboasnoticias.com.br\\\/home\\\/#organization\"},\"potentialAction\":[{\"@type\":\"SearchAction\",\"target\":{\"@type\":\"EntryPoint\",\"urlTemplate\":\"https:\\\/\\\/jornalboasnoticias.com.br\\\/home\\\/?s={search_term_string}\"},\"query-input\":{\"@type\":\"PropertyValueSpecification\",\"valueRequired\":true,\"valueName\":\"search_term_string\"}}],\"inLanguage\":\"pt-BR\"},{\"@type\":\"Organization\",\"@id\":\"https:\\\/\\\/jornalboasnoticias.com.br\\\/home\\\/#organization\",\"name\":\"Coq Editora Ltda\",\"alternateName\":\"Jornal Boas Noticias\",\"url\":\"https:\\\/\\\/jornalboasnoticias.com.br\\\/home\\\/\",\"logo\":{\"@type\":\"ImageObject\",\"inLanguage\":\"pt-BR\",\"@id\":\"https:\\\/\\\/jornalboasnoticias.com.br\\\/home\\\/#\\\/schema\\\/logo\\\/image\\\/\",\"url\":\"https:\\\/\\\/jornalboasnoticias.com.br\\\/home\\\/wp-content\\\/uploads\\\/2024\\\/07\\\/cropped-logo.jpg\",\"contentUrl\":\"https:\\\/\\\/jornalboasnoticias.com.br\\\/home\\\/wp-content\\\/uploads\\\/2024\\\/07\\\/cropped-logo.jpg\",\"width\":290,\"height\":142,\"caption\":\"Coq Editora Ltda\"},\"image\":{\"@id\":\"https:\\\/\\\/jornalboasnoticias.com.br\\\/home\\\/#\\\/schema\\\/logo\\\/image\\\/\"},\"sameAs\":[\"https:\\\/\\\/www.facebook.com\\\/boasnoticiasjornal\"]},{\"@type\":\"Person\",\"@id\":\"https:\\\/\\\/jornalboasnoticias.com.br\\\/home\\\/#\\\/schema\\\/person\\\/d641193e0afc6405b390164dac847971\",\"name\":\"Ana Luiza Bonatto\",\"image\":{\"@type\":\"ImageObject\",\"inLanguage\":\"pt-BR\",\"@id\":\"https:\\\/\\\/secure.gravatar.com\\\/avatar\\\/8a055ebe6373371f67ac6fcf313c0ac0b0a91157fdcdb9514fa62927373348f0?s=96&d=mm&r=g\",\"url\":\"https:\\\/\\\/secure.gravatar.com\\\/avatar\\\/8a055ebe6373371f67ac6fcf313c0ac0b0a91157fdcdb9514fa62927373348f0?s=96&d=mm&r=g\",\"contentUrl\":\"https:\\\/\\\/secure.gravatar.com\\\/avatar\\\/8a055ebe6373371f67ac6fcf313c0ac0b0a91157fdcdb9514fa62927373348f0?s=96&d=mm&r=g\",\"caption\":\"Ana Luiza Bonatto\"},\"url\":\"https:\\\/\\\/jornalboasnoticias.com.br\\\/home\\\/author\\\/ana-luiza\\\/\"}]}<\/script>\n<!-- \/ Yoast SEO plugin. -->","yoast_head_json":{"title":"Amamentar mais de um ano reduz risco de c\u00e2ncer de mama - Jornal","description":"Amamentar mais de um ano reduz risco de c\u00e2ncer de mama","robots":{"index":"index","follow":"follow","max-snippet":"max-snippet:-1","max-image-preview":"max-image-preview:large","max-video-preview":"max-video-preview:-1"},"canonical":"https:\/\/jornalboasnoticias.com.br\/home\/amamentar-mais-de-um-ano-reduz-risco-de-cancer-de-mama\/","og_locale":"pt_BR","og_type":"article","og_title":"Amamentar mais de um ano reduz risco de c\u00e2ncer de mama - Jornal","og_description":"Amamentar mais de um ano reduz risco de c\u00e2ncer de mama","og_url":"https:\/\/jornalboasnoticias.com.br\/home\/amamentar-mais-de-um-ano-reduz-risco-de-cancer-de-mama\/","og_site_name":"Jornal","article_publisher":"https:\/\/www.facebook.com\/boasnoticiasjornal","article_published_time":"2024-07-30T18:46:28+00:00","article_modified_time":"2024-07-30T18:48:32+00:00","og_image":[{"width":754,"height":503,"url":"https:\/\/jornalboasnoticias.com.br\/home\/wp-content\/uploads\/2024\/07\/banco_de_leite_1905218818.jpg","type":"image\/jpeg"}],"author":"Ana Luiza Bonatto","twitter_card":"summary_large_image","twitter_misc":{"Escrito por":"Ana Luiza Bonatto","Est. tempo de leitura":"9 minutos"},"schema":{"@context":"https:\/\/schema.org","@graph":[{"@type":"Article","@id":"https:\/\/jornalboasnoticias.com.br\/home\/amamentar-mais-de-um-ano-reduz-risco-de-cancer-de-mama\/#article","isPartOf":{"@id":"https:\/\/jornalboasnoticias.com.br\/home\/amamentar-mais-de-um-ano-reduz-risco-de-cancer-de-mama\/"},"author":{"name":"Ana Luiza Bonatto","@id":"https:\/\/jornalboasnoticias.com.br\/home\/#\/schema\/person\/d641193e0afc6405b390164dac847971"},"headline":"Amamentar mais de um ano reduz risco de c\u00e2ncer de mama","datePublished":"2024-07-30T18:46:28+00:00","dateModified":"2024-07-30T18:48:32+00:00","mainEntityOfPage":{"@id":"https:\/\/jornalboasnoticias.com.br\/home\/amamentar-mais-de-um-ano-reduz-risco-de-cancer-de-mama\/"},"wordCount":1671,"commentCount":0,"publisher":{"@id":"https:\/\/jornalboasnoticias.com.br\/home\/#organization"},"image":{"@id":"https:\/\/jornalboasnoticias.com.br\/home\/amamentar-mais-de-um-ano-reduz-risco-de-cancer-de-mama\/#primaryimage"},"thumbnailUrl":"https:\/\/jornalboasnoticias.com.br\/home\/wp-content\/uploads\/2024\/07\/banco_de_leite_1905218818.jpg","articleSection":["DESTAQUE","SA\u00daDE"],"inLanguage":"pt-BR","potentialAction":[{"@type":"CommentAction","name":"Comment","target":["https:\/\/jornalboasnoticias.com.br\/home\/amamentar-mais-de-um-ano-reduz-risco-de-cancer-de-mama\/#respond"]}]},{"@type":"WebPage","@id":"https:\/\/jornalboasnoticias.com.br\/home\/amamentar-mais-de-um-ano-reduz-risco-de-cancer-de-mama\/","url":"https:\/\/jornalboasnoticias.com.br\/home\/amamentar-mais-de-um-ano-reduz-risco-de-cancer-de-mama\/","name":"Amamentar mais de um ano reduz risco de c\u00e2ncer de mama - Jornal","isPartOf":{"@id":"https:\/\/jornalboasnoticias.com.br\/home\/#website"},"primaryImageOfPage":{"@id":"https:\/\/jornalboasnoticias.com.br\/home\/amamentar-mais-de-um-ano-reduz-risco-de-cancer-de-mama\/#primaryimage"},"image":{"@id":"https:\/\/jornalboasnoticias.com.br\/home\/amamentar-mais-de-um-ano-reduz-risco-de-cancer-de-mama\/#primaryimage"},"thumbnailUrl":"https:\/\/jornalboasnoticias.com.br\/home\/wp-content\/uploads\/2024\/07\/banco_de_leite_1905218818.jpg","datePublished":"2024-07-30T18:46:28+00:00","dateModified":"2024-07-30T18:48:32+00:00","description":"Amamentar mais de um ano reduz risco de c\u00e2ncer de mama","breadcrumb":{"@id":"https:\/\/jornalboasnoticias.com.br\/home\/amamentar-mais-de-um-ano-reduz-risco-de-cancer-de-mama\/#breadcrumb"},"inLanguage":"pt-BR","potentialAction":[{"@type":"ReadAction","target":["https:\/\/jornalboasnoticias.com.br\/home\/amamentar-mais-de-um-ano-reduz-risco-de-cancer-de-mama\/"]}]},{"@type":"ImageObject","inLanguage":"pt-BR","@id":"https:\/\/jornalboasnoticias.com.br\/home\/amamentar-mais-de-um-ano-reduz-risco-de-cancer-de-mama\/#primaryimage","url":"https:\/\/jornalboasnoticias.com.br\/home\/wp-content\/uploads\/2024\/07\/banco_de_leite_1905218818.jpg","contentUrl":"https:\/\/jornalboasnoticias.com.br\/home\/wp-content\/uploads\/2024\/07\/banco_de_leite_1905218818.jpg","width":754,"height":503},{"@type":"BreadcrumbList","@id":"https:\/\/jornalboasnoticias.com.br\/home\/amamentar-mais-de-um-ano-reduz-risco-de-cancer-de-mama\/#breadcrumb","itemListElement":[{"@type":"ListItem","position":1,"name":"In\u00edcio","item":"https:\/\/jornalboasnoticias.com.br\/home\/"},{"@type":"ListItem","position":2,"name":"Amamentar mais de um ano reduz risco de c\u00e2ncer de mama"}]},{"@type":"WebSite","@id":"https:\/\/jornalboasnoticias.com.br\/home\/#website","url":"https:\/\/jornalboasnoticias.com.br\/home\/","name":"Jornal Boas Not\u00edcias","description":"Boas not\u00edcias","publisher":{"@id":"https:\/\/jornalboasnoticias.com.br\/home\/#organization"},"potentialAction":[{"@type":"SearchAction","target":{"@type":"EntryPoint","urlTemplate":"https:\/\/jornalboasnoticias.com.br\/home\/?s={search_term_string}"},"query-input":{"@type":"PropertyValueSpecification","valueRequired":true,"valueName":"search_term_string"}}],"inLanguage":"pt-BR"},{"@type":"Organization","@id":"https:\/\/jornalboasnoticias.com.br\/home\/#organization","name":"Coq Editora Ltda","alternateName":"Jornal Boas Noticias","url":"https:\/\/jornalboasnoticias.com.br\/home\/","logo":{"@type":"ImageObject","inLanguage":"pt-BR","@id":"https:\/\/jornalboasnoticias.com.br\/home\/#\/schema\/logo\/image\/","url":"https:\/\/jornalboasnoticias.com.br\/home\/wp-content\/uploads\/2024\/07\/cropped-logo.jpg","contentUrl":"https:\/\/jornalboasnoticias.com.br\/home\/wp-content\/uploads\/2024\/07\/cropped-logo.jpg","width":290,"height":142,"caption":"Coq Editora Ltda"},"image":{"@id":"https:\/\/jornalboasnoticias.com.br\/home\/#\/schema\/logo\/image\/"},"sameAs":["https:\/\/www.facebook.com\/boasnoticiasjornal"]},{"@type":"Person","@id":"https:\/\/jornalboasnoticias.com.br\/home\/#\/schema\/person\/d641193e0afc6405b390164dac847971","name":"Ana Luiza Bonatto","image":{"@type":"ImageObject","inLanguage":"pt-BR","@id":"https:\/\/secure.gravatar.com\/avatar\/8a055ebe6373371f67ac6fcf313c0ac0b0a91157fdcdb9514fa62927373348f0?s=96&d=mm&r=g","url":"https:\/\/secure.gravatar.com\/avatar\/8a055ebe6373371f67ac6fcf313c0ac0b0a91157fdcdb9514fa62927373348f0?s=96&d=mm&r=g","contentUrl":"https:\/\/secure.gravatar.com\/avatar\/8a055ebe6373371f67ac6fcf313c0ac0b0a91157fdcdb9514fa62927373348f0?s=96&d=mm&r=g","caption":"Ana Luiza Bonatto"},"url":"https:\/\/jornalboasnoticias.com.br\/home\/author\/ana-luiza\/"}]}},"_links":{"self":[{"href":"https:\/\/jornalboasnoticias.com.br\/home\/wp-json\/wp\/v2\/posts\/43291","targetHints":{"allow":["GET"]}}],"collection":[{"href":"https:\/\/jornalboasnoticias.com.br\/home\/wp-json\/wp\/v2\/posts"}],"about":[{"href":"https:\/\/jornalboasnoticias.com.br\/home\/wp-json\/wp\/v2\/types\/post"}],"author":[{"embeddable":true,"href":"https:\/\/jornalboasnoticias.com.br\/home\/wp-json\/wp\/v2\/users\/4"}],"replies":[{"embeddable":true,"href":"https:\/\/jornalboasnoticias.com.br\/home\/wp-json\/wp\/v2\/comments?post=43291"}],"version-history":[{"count":2,"href":"https:\/\/jornalboasnoticias.com.br\/home\/wp-json\/wp\/v2\/posts\/43291\/revisions"}],"predecessor-version":[{"id":43294,"href":"https:\/\/jornalboasnoticias.com.br\/home\/wp-json\/wp\/v2\/posts\/43291\/revisions\/43294"}],"wp:featuredmedia":[{"embeddable":true,"href":"https:\/\/jornalboasnoticias.com.br\/home\/wp-json\/wp\/v2\/media\/43292"}],"wp:attachment":[{"href":"https:\/\/jornalboasnoticias.com.br\/home\/wp-json\/wp\/v2\/media?parent=43291"}],"wp:term":[{"taxonomy":"category","embeddable":true,"href":"https:\/\/jornalboasnoticias.com.br\/home\/wp-json\/wp\/v2\/categories?post=43291"},{"taxonomy":"post_tag","embeddable":true,"href":"https:\/\/jornalboasnoticias.com.br\/home\/wp-json\/wp\/v2\/tags?post=43291"}],"curies":[{"name":"wp","href":"https:\/\/api.w.org\/{rel}","templated":true}]}}