{"id":43287,"date":"2024-07-30T18:40:16","date_gmt":"2024-07-30T18:40:16","guid":{"rendered":"https:\/\/jornalboasnoticias.com.br\/home\/?p=43287"},"modified":"2024-07-30T18:40:32","modified_gmt":"2024-07-30T18:40:32","slug":"inep-divulga-cartao-de-confirmacao-da-inscricao-no-revalida-2024-2","status":"publish","type":"post","link":"https:\/\/jornalboasnoticias.com.br\/home\/inep-divulga-cartao-de-confirmacao-da-inscricao-no-revalida-2024-2\/","title":{"rendered":"Inep divulga cart\u00e3o de confirma\u00e7\u00e3o da inscri\u00e7\u00e3o no Revalida 2024.2"},"content":{"rendered":"<blockquote>\n<div class=\"row\">\n<figure id=\"attachment_43288\" aria-describedby=\"caption-attachment-43288\" style=\"width: 1170px\" class=\"wp-caption alignnone\"><img loading=\"lazy\" decoding=\"async\" class=\"wp-image-43288 size-full\" src=\"https:\/\/jornalboasnoticias.com.br\/home\/wp-content\/uploads\/2024\/07\/revalida_mcamgo_abr_100720211818-9.webp\" alt=\"\" width=\"1170\" height=\"700\" srcset=\"https:\/\/jornalboasnoticias.com.br\/home\/wp-content\/uploads\/2024\/07\/revalida_mcamgo_abr_100720211818-9.webp 1170w, https:\/\/jornalboasnoticias.com.br\/home\/wp-content\/uploads\/2024\/07\/revalida_mcamgo_abr_100720211818-9-300x179.webp 300w, https:\/\/jornalboasnoticias.com.br\/home\/wp-content\/uploads\/2024\/07\/revalida_mcamgo_abr_100720211818-9-1024x613.webp 1024w, https:\/\/jornalboasnoticias.com.br\/home\/wp-content\/uploads\/2024\/07\/revalida_mcamgo_abr_100720211818-9-768x459.webp 768w\" sizes=\"auto, (max-width: 1170px) 100vw, 1170px\" \/><figcaption id=\"caption-attachment-43288\" class=\"wp-caption-text\">\u00a9 Marcelo Camargo\/Ag\u00eancia Brasil<\/figcaption><\/figure>\n<p class=\"col-10 offset-1 animated fadeInDown dealy-900 display-8 display-md-8 alt-font font-italic my-1 text-center\">Prova est\u00e1 marcada para o dia 25 de agosto<\/p>\n<\/div>\n<\/blockquote>\n<p>O Instituto Nacional de Estudos e Pesquisas Educacionais An\u00edsio Teixeira (Inep) divulga nesta ter\u00e7a-feira (30) o cart\u00e3o de confirma\u00e7\u00e3o da inscri\u00e7\u00e3o na primeira etapa da segunda edi\u00e7\u00e3o deste ano do Exame Nacional de Revalida\u00e7\u00e3o de Diplomas M\u00e9dicos Expedidos por Institui\u00e7\u00e3o de Educa\u00e7\u00e3o Superior Estrangeira (Revalida 2024.2).\u00a0<img decoding=\"async\" src=\"https:\/\/agenciabrasil.ebc.com.br\/ebc.png?id=1605971&amp;o=node\" \/><img decoding=\"async\" src=\"https:\/\/agenciabrasil.ebc.com.br\/ebc.gif?id=1605971&amp;o=node\" \/><\/p>\n<p>A prova est\u00e1 marcada para 25 de agosto e ser\u00e1 aplicada nas seguintes cidades: Belo Horizonte (MG), Bras\u00edlia (DF), Campo Grande (MS), Curitiba (PR), Porto Velho (RO), Recife (PE), Rio Branco (AC), Salvador (BA) e S\u00e3o Paulo (SP).<\/p>\n<p>O Revalida \u00e9 obrigat\u00f3rio para os m\u00e9dicos formados no exterior que desejam atuar no Brasil. Em 10 de julho, o Inep divulgou a nota de corte para a edi\u00e7\u00e3o 2024.2, que \u00e9 de 86,659 na primeira etapa, dos 150 pontos poss\u00edveis.<\/p>\n<p>Os inscritos na segunda edi\u00e7\u00e3o do Revalida em 2024 devem enviar a documenta\u00e7\u00e3o comprobat\u00f3ria de conclus\u00e3o de curso de Medicina entre os dias 28 de agosto e 1\u00ba\u00a0de setembro. O resultado final da primeira etapa est\u00e1 marcado para 25 de outubro.<\/p>\n<p>Tamb\u00e9m nesta ter\u00e7a (30) se encerra, \u00e0s 23h59, o prazo para recurso contra o Padr\u00e3o Esperado de Procedimentos (PEP) da segunda etapa do Revalida 2024.1. Nessa etapa, os participantes podem questionar apenas o \u201cgabarito\u201d da prova, sem a reavalia\u00e7\u00e3o de desempenhos individuais. Nesse caso, as provas foram aplicadas em 20 e 21 de julho.<\/p>\n<p>O Revalida \u00e9 composto por duas etapas (te\u00f3rica e pr\u00e1tica), que abordam as cinco grandes \u00e1reas da medicina: cl\u00ednica m\u00e9dica, cirurgia, ginecologia e obstetr\u00edcia, pediatria, e medicina da fam\u00edlia e comunidade (sa\u00fade coletiva). O objetivo \u00e9 avaliar habilidades, compet\u00eancias e conhecimentos necess\u00e1rios para o exerc\u00edcio profissional adequado aos princ\u00edpios e necessidades do Sistema \u00danico de Sa\u00fade (SUS).<\/p>\n<p>(Ag\u00eancia Brasil)<\/p>\n","protected":false},"excerpt":{"rendered":"<p>Prova est\u00e1 marcada para o dia 25 de agosto O Instituto Nacional de Estudos e<\/p>\n","protected":false},"author":4,"featured_media":43288,"comment_status":"open","ping_status":"open","sticky":false,"template":"","format":"standard","meta":{"footnotes":""},"categories":[3,7],"tags":[],"class_list":["post-43287","post","type-post","status-publish","format-standard","has-post-thumbnail","hentry","category-destaques","category-saude"],"yoast_head":"<!-- This site is optimized with the Yoast SEO plugin v27.5 - https:\/\/yoast.com\/product\/yoast-seo-wordpress\/ -->\n<title>Inep divulga cart\u00e3o de confirma\u00e7\u00e3o da inscri\u00e7\u00e3o no Revalida 2024.2 - Jornal<\/title>\n<meta name=\"description\" content=\"Inep divulga cart\u00e3o de confirma\u00e7\u00e3o da inscri\u00e7\u00e3o no Revalida 2024.2\" \/>\n<meta name=\"robots\" content=\"index, follow, max-snippet:-1, max-image-preview:large, max-video-preview:-1\" \/>\n<link rel=\"canonical\" href=\"https:\/\/jornalboasnoticias.com.br\/home\/inep-divulga-cartao-de-confirmacao-da-inscricao-no-revalida-2024-2\/\" \/>\n<meta property=\"og:locale\" content=\"pt_BR\" \/>\n<meta property=\"og:type\" content=\"article\" \/>\n<meta property=\"og:title\" content=\"Inep divulga cart\u00e3o de confirma\u00e7\u00e3o da inscri\u00e7\u00e3o no Revalida 2024.2 - Jornal\" \/>\n<meta property=\"og:description\" content=\"Inep divulga cart\u00e3o de confirma\u00e7\u00e3o da inscri\u00e7\u00e3o no Revalida 2024.2\" \/>\n<meta property=\"og:url\" content=\"https:\/\/jornalboasnoticias.com.br\/home\/inep-divulga-cartao-de-confirmacao-da-inscricao-no-revalida-2024-2\/\" \/>\n<meta property=\"og:site_name\" content=\"Jornal\" \/>\n<meta property=\"article:publisher\" content=\"https:\/\/www.facebook.com\/boasnoticiasjornal\" \/>\n<meta property=\"article:published_time\" content=\"2024-07-30T18:40:16+00:00\" \/>\n<meta property=\"article:modified_time\" content=\"2024-07-30T18:40:32+00:00\" \/>\n<meta property=\"og:image\" content=\"https:\/\/jornalboasnoticias.com.br\/home\/wp-content\/uploads\/2024\/07\/revalida_mcamgo_abr_100720211818-9.webp\" \/>\n\t<meta property=\"og:image:width\" content=\"1170\" \/>\n\t<meta property=\"og:image:height\" content=\"700\" \/>\n\t<meta property=\"og:image:type\" content=\"image\/webp\" \/>\n<meta name=\"author\" content=\"Ana Luiza Bonatto\" \/>\n<meta name=\"twitter:card\" content=\"summary_large_image\" \/>\n<meta name=\"twitter:label1\" content=\"Escrito por\" \/>\n\t<meta name=\"twitter:data1\" content=\"Ana Luiza Bonatto\" \/>\n\t<meta name=\"twitter:label2\" content=\"Est. tempo de leitura\" \/>\n\t<meta name=\"twitter:data2\" content=\"3 minutos\" \/>\n<script type=\"application\/ld+json\" class=\"yoast-schema-graph\">{\"@context\":\"https:\\\/\\\/schema.org\",\"@graph\":[{\"@type\":\"Article\",\"@id\":\"https:\\\/\\\/jornalboasnoticias.com.br\\\/home\\\/inep-divulga-cartao-de-confirmacao-da-inscricao-no-revalida-2024-2\\\/#article\",\"isPartOf\":{\"@id\":\"https:\\\/\\\/jornalboasnoticias.com.br\\\/home\\\/inep-divulga-cartao-de-confirmacao-da-inscricao-no-revalida-2024-2\\\/\"},\"author\":{\"name\":\"Ana Luiza Bonatto\",\"@id\":\"https:\\\/\\\/jornalboasnoticias.com.br\\\/home\\\/#\\\/schema\\\/person\\\/d641193e0afc6405b390164dac847971\"},\"headline\":\"Inep divulga cart\u00e3o de confirma\u00e7\u00e3o da inscri\u00e7\u00e3o no Revalida 2024.2\",\"datePublished\":\"2024-07-30T18:40:16+00:00\",\"dateModified\":\"2024-07-30T18:40:32+00:00\",\"mainEntityOfPage\":{\"@id\":\"https:\\\/\\\/jornalboasnoticias.com.br\\\/home\\\/inep-divulga-cartao-de-confirmacao-da-inscricao-no-revalida-2024-2\\\/\"},\"wordCount\":330,\"commentCount\":0,\"publisher\":{\"@id\":\"https:\\\/\\\/jornalboasnoticias.com.br\\\/home\\\/#organization\"},\"image\":{\"@id\":\"https:\\\/\\\/jornalboasnoticias.com.br\\\/home\\\/inep-divulga-cartao-de-confirmacao-da-inscricao-no-revalida-2024-2\\\/#primaryimage\"},\"thumbnailUrl\":\"https:\\\/\\\/jornalboasnoticias.com.br\\\/home\\\/wp-content\\\/uploads\\\/2024\\\/07\\\/revalida_mcamgo_abr_100720211818-9.webp\",\"articleSection\":[\"DESTAQUE\",\"SA\u00daDE\"],\"inLanguage\":\"pt-BR\",\"potentialAction\":[{\"@type\":\"CommentAction\",\"name\":\"Comment\",\"target\":[\"https:\\\/\\\/jornalboasnoticias.com.br\\\/home\\\/inep-divulga-cartao-de-confirmacao-da-inscricao-no-revalida-2024-2\\\/#respond\"]}]},{\"@type\":\"WebPage\",\"@id\":\"https:\\\/\\\/jornalboasnoticias.com.br\\\/home\\\/inep-divulga-cartao-de-confirmacao-da-inscricao-no-revalida-2024-2\\\/\",\"url\":\"https:\\\/\\\/jornalboasnoticias.com.br\\\/home\\\/inep-divulga-cartao-de-confirmacao-da-inscricao-no-revalida-2024-2\\\/\",\"name\":\"Inep divulga cart\u00e3o de confirma\u00e7\u00e3o da inscri\u00e7\u00e3o no Revalida 2024.2 - Jornal\",\"isPartOf\":{\"@id\":\"https:\\\/\\\/jornalboasnoticias.com.br\\\/home\\\/#website\"},\"primaryImageOfPage\":{\"@id\":\"https:\\\/\\\/jornalboasnoticias.com.br\\\/home\\\/inep-divulga-cartao-de-confirmacao-da-inscricao-no-revalida-2024-2\\\/#primaryimage\"},\"image\":{\"@id\":\"https:\\\/\\\/jornalboasnoticias.com.br\\\/home\\\/inep-divulga-cartao-de-confirmacao-da-inscricao-no-revalida-2024-2\\\/#primaryimage\"},\"thumbnailUrl\":\"https:\\\/\\\/jornalboasnoticias.com.br\\\/home\\\/wp-content\\\/uploads\\\/2024\\\/07\\\/revalida_mcamgo_abr_100720211818-9.webp\",\"datePublished\":\"2024-07-30T18:40:16+00:00\",\"dateModified\":\"2024-07-30T18:40:32+00:00\",\"description\":\"Inep divulga cart\u00e3o de confirma\u00e7\u00e3o da inscri\u00e7\u00e3o no Revalida 2024.2\",\"breadcrumb\":{\"@id\":\"https:\\\/\\\/jornalboasnoticias.com.br\\\/home\\\/inep-divulga-cartao-de-confirmacao-da-inscricao-no-revalida-2024-2\\\/#breadcrumb\"},\"inLanguage\":\"pt-BR\",\"potentialAction\":[{\"@type\":\"ReadAction\",\"target\":[\"https:\\\/\\\/jornalboasnoticias.com.br\\\/home\\\/inep-divulga-cartao-de-confirmacao-da-inscricao-no-revalida-2024-2\\\/\"]}]},{\"@type\":\"ImageObject\",\"inLanguage\":\"pt-BR\",\"@id\":\"https:\\\/\\\/jornalboasnoticias.com.br\\\/home\\\/inep-divulga-cartao-de-confirmacao-da-inscricao-no-revalida-2024-2\\\/#primaryimage\",\"url\":\"https:\\\/\\\/jornalboasnoticias.com.br\\\/home\\\/wp-content\\\/uploads\\\/2024\\\/07\\\/revalida_mcamgo_abr_100720211818-9.webp\",\"contentUrl\":\"https:\\\/\\\/jornalboasnoticias.com.br\\\/home\\\/wp-content\\\/uploads\\\/2024\\\/07\\\/revalida_mcamgo_abr_100720211818-9.webp\",\"width\":1170,\"height\":700,\"caption\":\"\u00a9 Marcelo Camargo\\\/Ag\u00eancia Brasil\"},{\"@type\":\"BreadcrumbList\",\"@id\":\"https:\\\/\\\/jornalboasnoticias.com.br\\\/home\\\/inep-divulga-cartao-de-confirmacao-da-inscricao-no-revalida-2024-2\\\/#breadcrumb\",\"itemListElement\":[{\"@type\":\"ListItem\",\"position\":1,\"name\":\"In\u00edcio\",\"item\":\"https:\\\/\\\/jornalboasnoticias.com.br\\\/home\\\/\"},{\"@type\":\"ListItem\",\"position\":2,\"name\":\"Inep divulga cart\u00e3o de confirma\u00e7\u00e3o da inscri\u00e7\u00e3o no Revalida 2024.2\"}]},{\"@type\":\"WebSite\",\"@id\":\"https:\\\/\\\/jornalboasnoticias.com.br\\\/home\\\/#website\",\"url\":\"https:\\\/\\\/jornalboasnoticias.com.br\\\/home\\\/\",\"name\":\"Jornal Boas Not\u00edcias\",\"description\":\"Boas not\u00edcias\",\"publisher\":{\"@id\":\"https:\\\/\\\/jornalboasnoticias.com.br\\\/home\\\/#organization\"},\"potentialAction\":[{\"@type\":\"SearchAction\",\"target\":{\"@type\":\"EntryPoint\",\"urlTemplate\":\"https:\\\/\\\/jornalboasnoticias.com.br\\\/home\\\/?s={search_term_string}\"},\"query-input\":{\"@type\":\"PropertyValueSpecification\",\"valueRequired\":true,\"valueName\":\"search_term_string\"}}],\"inLanguage\":\"pt-BR\"},{\"@type\":\"Organization\",\"@id\":\"https:\\\/\\\/jornalboasnoticias.com.br\\\/home\\\/#organization\",\"name\":\"Coq Editora Ltda\",\"alternateName\":\"Jornal Boas Noticias\",\"url\":\"https:\\\/\\\/jornalboasnoticias.com.br\\\/home\\\/\",\"logo\":{\"@type\":\"ImageObject\",\"inLanguage\":\"pt-BR\",\"@id\":\"https:\\\/\\\/jornalboasnoticias.com.br\\\/home\\\/#\\\/schema\\\/logo\\\/image\\\/\",\"url\":\"https:\\\/\\\/jornalboasnoticias.com.br\\\/home\\\/wp-content\\\/uploads\\\/2024\\\/07\\\/cropped-logo.jpg\",\"contentUrl\":\"https:\\\/\\\/jornalboasnoticias.com.br\\\/home\\\/wp-content\\\/uploads\\\/2024\\\/07\\\/cropped-logo.jpg\",\"width\":290,\"height\":142,\"caption\":\"Coq Editora Ltda\"},\"image\":{\"@id\":\"https:\\\/\\\/jornalboasnoticias.com.br\\\/home\\\/#\\\/schema\\\/logo\\\/image\\\/\"},\"sameAs\":[\"https:\\\/\\\/www.facebook.com\\\/boasnoticiasjornal\"]},{\"@type\":\"Person\",\"@id\":\"https:\\\/\\\/jornalboasnoticias.com.br\\\/home\\\/#\\\/schema\\\/person\\\/d641193e0afc6405b390164dac847971\",\"name\":\"Ana Luiza Bonatto\",\"image\":{\"@type\":\"ImageObject\",\"inLanguage\":\"pt-BR\",\"@id\":\"https:\\\/\\\/secure.gravatar.com\\\/avatar\\\/8a055ebe6373371f67ac6fcf313c0ac0b0a91157fdcdb9514fa62927373348f0?s=96&d=mm&r=g\",\"url\":\"https:\\\/\\\/secure.gravatar.com\\\/avatar\\\/8a055ebe6373371f67ac6fcf313c0ac0b0a91157fdcdb9514fa62927373348f0?s=96&d=mm&r=g\",\"contentUrl\":\"https:\\\/\\\/secure.gravatar.com\\\/avatar\\\/8a055ebe6373371f67ac6fcf313c0ac0b0a91157fdcdb9514fa62927373348f0?s=96&d=mm&r=g\",\"caption\":\"Ana Luiza Bonatto\"},\"url\":\"https:\\\/\\\/jornalboasnoticias.com.br\\\/home\\\/author\\\/ana-luiza\\\/\"}]}<\/script>\n<!-- \/ Yoast SEO plugin. -->","yoast_head_json":{"title":"Inep divulga cart\u00e3o de confirma\u00e7\u00e3o da inscri\u00e7\u00e3o no Revalida 2024.2 - Jornal","description":"Inep divulga cart\u00e3o de confirma\u00e7\u00e3o da inscri\u00e7\u00e3o no Revalida 2024.2","robots":{"index":"index","follow":"follow","max-snippet":"max-snippet:-1","max-image-preview":"max-image-preview:large","max-video-preview":"max-video-preview:-1"},"canonical":"https:\/\/jornalboasnoticias.com.br\/home\/inep-divulga-cartao-de-confirmacao-da-inscricao-no-revalida-2024-2\/","og_locale":"pt_BR","og_type":"article","og_title":"Inep divulga cart\u00e3o de confirma\u00e7\u00e3o da inscri\u00e7\u00e3o no Revalida 2024.2 - Jornal","og_description":"Inep divulga cart\u00e3o de confirma\u00e7\u00e3o da inscri\u00e7\u00e3o no Revalida 2024.2","og_url":"https:\/\/jornalboasnoticias.com.br\/home\/inep-divulga-cartao-de-confirmacao-da-inscricao-no-revalida-2024-2\/","og_site_name":"Jornal","article_publisher":"https:\/\/www.facebook.com\/boasnoticiasjornal","article_published_time":"2024-07-30T18:40:16+00:00","article_modified_time":"2024-07-30T18:40:32+00:00","og_image":[{"width":1170,"height":700,"url":"https:\/\/jornalboasnoticias.com.br\/home\/wp-content\/uploads\/2024\/07\/revalida_mcamgo_abr_100720211818-9.webp","type":"image\/webp"}],"author":"Ana Luiza Bonatto","twitter_card":"summary_large_image","twitter_misc":{"Escrito por":"Ana Luiza Bonatto","Est. tempo de leitura":"3 minutos"},"schema":{"@context":"https:\/\/schema.org","@graph":[{"@type":"Article","@id":"https:\/\/jornalboasnoticias.com.br\/home\/inep-divulga-cartao-de-confirmacao-da-inscricao-no-revalida-2024-2\/#article","isPartOf":{"@id":"https:\/\/jornalboasnoticias.com.br\/home\/inep-divulga-cartao-de-confirmacao-da-inscricao-no-revalida-2024-2\/"},"author":{"name":"Ana Luiza Bonatto","@id":"https:\/\/jornalboasnoticias.com.br\/home\/#\/schema\/person\/d641193e0afc6405b390164dac847971"},"headline":"Inep divulga cart\u00e3o de confirma\u00e7\u00e3o da inscri\u00e7\u00e3o no Revalida 2024.2","datePublished":"2024-07-30T18:40:16+00:00","dateModified":"2024-07-30T18:40:32+00:00","mainEntityOfPage":{"@id":"https:\/\/jornalboasnoticias.com.br\/home\/inep-divulga-cartao-de-confirmacao-da-inscricao-no-revalida-2024-2\/"},"wordCount":330,"commentCount":0,"publisher":{"@id":"https:\/\/jornalboasnoticias.com.br\/home\/#organization"},"image":{"@id":"https:\/\/jornalboasnoticias.com.br\/home\/inep-divulga-cartao-de-confirmacao-da-inscricao-no-revalida-2024-2\/#primaryimage"},"thumbnailUrl":"https:\/\/jornalboasnoticias.com.br\/home\/wp-content\/uploads\/2024\/07\/revalida_mcamgo_abr_100720211818-9.webp","articleSection":["DESTAQUE","SA\u00daDE"],"inLanguage":"pt-BR","potentialAction":[{"@type":"CommentAction","name":"Comment","target":["https:\/\/jornalboasnoticias.com.br\/home\/inep-divulga-cartao-de-confirmacao-da-inscricao-no-revalida-2024-2\/#respond"]}]},{"@type":"WebPage","@id":"https:\/\/jornalboasnoticias.com.br\/home\/inep-divulga-cartao-de-confirmacao-da-inscricao-no-revalida-2024-2\/","url":"https:\/\/jornalboasnoticias.com.br\/home\/inep-divulga-cartao-de-confirmacao-da-inscricao-no-revalida-2024-2\/","name":"Inep divulga cart\u00e3o de confirma\u00e7\u00e3o da inscri\u00e7\u00e3o no Revalida 2024.2 - Jornal","isPartOf":{"@id":"https:\/\/jornalboasnoticias.com.br\/home\/#website"},"primaryImageOfPage":{"@id":"https:\/\/jornalboasnoticias.com.br\/home\/inep-divulga-cartao-de-confirmacao-da-inscricao-no-revalida-2024-2\/#primaryimage"},"image":{"@id":"https:\/\/jornalboasnoticias.com.br\/home\/inep-divulga-cartao-de-confirmacao-da-inscricao-no-revalida-2024-2\/#primaryimage"},"thumbnailUrl":"https:\/\/jornalboasnoticias.com.br\/home\/wp-content\/uploads\/2024\/07\/revalida_mcamgo_abr_100720211818-9.webp","datePublished":"2024-07-30T18:40:16+00:00","dateModified":"2024-07-30T18:40:32+00:00","description":"Inep divulga cart\u00e3o de confirma\u00e7\u00e3o da inscri\u00e7\u00e3o no Revalida 2024.2","breadcrumb":{"@id":"https:\/\/jornalboasnoticias.com.br\/home\/inep-divulga-cartao-de-confirmacao-da-inscricao-no-revalida-2024-2\/#breadcrumb"},"inLanguage":"pt-BR","potentialAction":[{"@type":"ReadAction","target":["https:\/\/jornalboasnoticias.com.br\/home\/inep-divulga-cartao-de-confirmacao-da-inscricao-no-revalida-2024-2\/"]}]},{"@type":"ImageObject","inLanguage":"pt-BR","@id":"https:\/\/jornalboasnoticias.com.br\/home\/inep-divulga-cartao-de-confirmacao-da-inscricao-no-revalida-2024-2\/#primaryimage","url":"https:\/\/jornalboasnoticias.com.br\/home\/wp-content\/uploads\/2024\/07\/revalida_mcamgo_abr_100720211818-9.webp","contentUrl":"https:\/\/jornalboasnoticias.com.br\/home\/wp-content\/uploads\/2024\/07\/revalida_mcamgo_abr_100720211818-9.webp","width":1170,"height":700,"caption":"\u00a9 Marcelo Camargo\/Ag\u00eancia Brasil"},{"@type":"BreadcrumbList","@id":"https:\/\/jornalboasnoticias.com.br\/home\/inep-divulga-cartao-de-confirmacao-da-inscricao-no-revalida-2024-2\/#breadcrumb","itemListElement":[{"@type":"ListItem","position":1,"name":"In\u00edcio","item":"https:\/\/jornalboasnoticias.com.br\/home\/"},{"@type":"ListItem","position":2,"name":"Inep divulga cart\u00e3o de confirma\u00e7\u00e3o da inscri\u00e7\u00e3o no Revalida 2024.2"}]},{"@type":"WebSite","@id":"https:\/\/jornalboasnoticias.com.br\/home\/#website","url":"https:\/\/jornalboasnoticias.com.br\/home\/","name":"Jornal Boas Not\u00edcias","description":"Boas not\u00edcias","publisher":{"@id":"https:\/\/jornalboasnoticias.com.br\/home\/#organization"},"potentialAction":[{"@type":"SearchAction","target":{"@type":"EntryPoint","urlTemplate":"https:\/\/jornalboasnoticias.com.br\/home\/?s={search_term_string}"},"query-input":{"@type":"PropertyValueSpecification","valueRequired":true,"valueName":"search_term_string"}}],"inLanguage":"pt-BR"},{"@type":"Organization","@id":"https:\/\/jornalboasnoticias.com.br\/home\/#organization","name":"Coq Editora Ltda","alternateName":"Jornal Boas Noticias","url":"https:\/\/jornalboasnoticias.com.br\/home\/","logo":{"@type":"ImageObject","inLanguage":"pt-BR","@id":"https:\/\/jornalboasnoticias.com.br\/home\/#\/schema\/logo\/image\/","url":"https:\/\/jornalboasnoticias.com.br\/home\/wp-content\/uploads\/2024\/07\/cropped-logo.jpg","contentUrl":"https:\/\/jornalboasnoticias.com.br\/home\/wp-content\/uploads\/2024\/07\/cropped-logo.jpg","width":290,"height":142,"caption":"Coq Editora Ltda"},"image":{"@id":"https:\/\/jornalboasnoticias.com.br\/home\/#\/schema\/logo\/image\/"},"sameAs":["https:\/\/www.facebook.com\/boasnoticiasjornal"]},{"@type":"Person","@id":"https:\/\/jornalboasnoticias.com.br\/home\/#\/schema\/person\/d641193e0afc6405b390164dac847971","name":"Ana Luiza Bonatto","image":{"@type":"ImageObject","inLanguage":"pt-BR","@id":"https:\/\/secure.gravatar.com\/avatar\/8a055ebe6373371f67ac6fcf313c0ac0b0a91157fdcdb9514fa62927373348f0?s=96&d=mm&r=g","url":"https:\/\/secure.gravatar.com\/avatar\/8a055ebe6373371f67ac6fcf313c0ac0b0a91157fdcdb9514fa62927373348f0?s=96&d=mm&r=g","contentUrl":"https:\/\/secure.gravatar.com\/avatar\/8a055ebe6373371f67ac6fcf313c0ac0b0a91157fdcdb9514fa62927373348f0?s=96&d=mm&r=g","caption":"Ana Luiza Bonatto"},"url":"https:\/\/jornalboasnoticias.com.br\/home\/author\/ana-luiza\/"}]}},"_links":{"self":[{"href":"https:\/\/jornalboasnoticias.com.br\/home\/wp-json\/wp\/v2\/posts\/43287","targetHints":{"allow":["GET"]}}],"collection":[{"href":"https:\/\/jornalboasnoticias.com.br\/home\/wp-json\/wp\/v2\/posts"}],"about":[{"href":"https:\/\/jornalboasnoticias.com.br\/home\/wp-json\/wp\/v2\/types\/post"}],"author":[{"embeddable":true,"href":"https:\/\/jornalboasnoticias.com.br\/home\/wp-json\/wp\/v2\/users\/4"}],"replies":[{"embeddable":true,"href":"https:\/\/jornalboasnoticias.com.br\/home\/wp-json\/wp\/v2\/comments?post=43287"}],"version-history":[{"count":2,"href":"https:\/\/jornalboasnoticias.com.br\/home\/wp-json\/wp\/v2\/posts\/43287\/revisions"}],"predecessor-version":[{"id":43290,"href":"https:\/\/jornalboasnoticias.com.br\/home\/wp-json\/wp\/v2\/posts\/43287\/revisions\/43290"}],"wp:featuredmedia":[{"embeddable":true,"href":"https:\/\/jornalboasnoticias.com.br\/home\/wp-json\/wp\/v2\/media\/43288"}],"wp:attachment":[{"href":"https:\/\/jornalboasnoticias.com.br\/home\/wp-json\/wp\/v2\/media?parent=43287"}],"wp:term":[{"taxonomy":"category","embeddable":true,"href":"https:\/\/jornalboasnoticias.com.br\/home\/wp-json\/wp\/v2\/categories?post=43287"},{"taxonomy":"post_tag","embeddable":true,"href":"https:\/\/jornalboasnoticias.com.br\/home\/wp-json\/wp\/v2\/tags?post=43287"}],"curies":[{"name":"wp","href":"https:\/\/api.w.org\/{rel}","templated":true}]}}