{"id":43276,"date":"2024-07-29T21:20:44","date_gmt":"2024-07-29T21:20:44","guid":{"rendered":"https:\/\/jornalboasnoticias.com.br\/home\/?p=43276"},"modified":"2024-07-29T21:20:44","modified_gmt":"2024-07-29T21:20:44","slug":"primeira-edicao-da-copa-evangelica-de-teresina-reune-times-de-dez-igrejas","status":"publish","type":"post","link":"https:\/\/jornalboasnoticias.com.br\/home\/primeira-edicao-da-copa-evangelica-de-teresina-reune-times-de-dez-igrejas\/","title":{"rendered":"Primeira edi\u00e7\u00e3o da Copa Evang\u00e9lica de Teresina re\u00fane times de dez igrejas"},"content":{"rendered":"<p style=\"text-align: center;\"><em><strong>A grande final do torneio aconteceu na tarde do \u00faltimo s\u00e1bado (27), no Campo do Galeg\u00e3o<\/strong><\/em><\/p>\n<p><img loading=\"lazy\" decoding=\"async\" class=\"alignnone wp-image-43277 size-full\" src=\"https:\/\/jornalboasnoticias.com.br\/home\/wp-content\/uploads\/2024\/07\/time-da-igreja-sara-nossa-terra-542249.jpeg.1038x590_q85_crop.webp\" alt=\"\" width=\"1038\" height=\"590\" srcset=\"https:\/\/jornalboasnoticias.com.br\/home\/wp-content\/uploads\/2024\/07\/time-da-igreja-sara-nossa-terra-542249.jpeg.1038x590_q85_crop.webp 1038w, https:\/\/jornalboasnoticias.com.br\/home\/wp-content\/uploads\/2024\/07\/time-da-igreja-sara-nossa-terra-542249.jpeg.1038x590_q85_crop-300x171.webp 300w, https:\/\/jornalboasnoticias.com.br\/home\/wp-content\/uploads\/2024\/07\/time-da-igreja-sara-nossa-terra-542249.jpeg.1038x590_q85_crop-1024x582.webp 1024w, https:\/\/jornalboasnoticias.com.br\/home\/wp-content\/uploads\/2024\/07\/time-da-igreja-sara-nossa-terra-542249.jpeg.1038x590_q85_crop-768x437.webp 768w\" sizes=\"auto, (max-width: 1038px) 100vw, 1038px\" \/><\/p>\n<p>Teresina sediou, entre os meses de maio e julho, a 1\u00aa Copa Evang\u00e9lica de Futebol da capital piauense, realizada pela Associa\u00e7\u00e3o Esporte e Vida do Estado do Piau\u00ed. A final do torneio foi realizada no \u00faltimo s\u00e1bado (27) e teve como campe\u00e3 a equipe da Igreja Sara Nossa Terra.<\/p>\n<p>Dez times de denomina\u00e7\u00f5es evang\u00e9licas distintas participaram da copa, cujos jogos foram disputados no Campo do Galeg\u00e3o, no conjunto Manoel Evangelista, zona sudeste de Teresina.<\/p>\n","protected":false},"excerpt":{"rendered":"<p>A grande final do torneio aconteceu na tarde do \u00faltimo s\u00e1bado (27), no Campo do<\/p>\n","protected":false},"author":3,"featured_media":0,"comment_status":"open","ping_status":"open","sticky":false,"template":"","format":"standard","meta":{"footnotes":""},"categories":[31],"tags":[87],"class_list":["post-43276","post","type-post","status-publish","format-standard","hentry","category-esporte","tag-teresina"],"yoast_head":"<!-- This site is optimized with the Yoast SEO plugin v27.5 - https:\/\/yoast.com\/product\/yoast-seo-wordpress\/ -->\n<title>Primeira edi\u00e7\u00e3o da Copa Evang\u00e9lica de Teresina re\u00fane times de dez igrejas - Jornal<\/title>\n<meta name=\"description\" content=\"Primeira edi\u00e7\u00e3o da Copa Evang\u00e9lica de Teresina re\u00fane times de dez igrejas\" \/>\n<meta name=\"robots\" content=\"index, follow, max-snippet:-1, max-image-preview:large, max-video-preview:-1\" \/>\n<link rel=\"canonical\" href=\"https:\/\/jornalboasnoticias.com.br\/home\/primeira-edicao-da-copa-evangelica-de-teresina-reune-times-de-dez-igrejas\/\" \/>\n<meta property=\"og:locale\" content=\"pt_BR\" \/>\n<meta property=\"og:type\" content=\"article\" \/>\n<meta property=\"og:title\" content=\"Primeira edi\u00e7\u00e3o da Copa Evang\u00e9lica de Teresina re\u00fane times de dez igrejas - Jornal\" \/>\n<meta property=\"og:description\" content=\"Primeira edi\u00e7\u00e3o da Copa Evang\u00e9lica de Teresina re\u00fane times de dez igrejas\" \/>\n<meta property=\"og:url\" content=\"https:\/\/jornalboasnoticias.com.br\/home\/primeira-edicao-da-copa-evangelica-de-teresina-reune-times-de-dez-igrejas\/\" \/>\n<meta property=\"og:site_name\" content=\"Jornal\" \/>\n<meta property=\"article:publisher\" content=\"https:\/\/www.facebook.com\/boasnoticiasjornal\" \/>\n<meta property=\"article:published_time\" content=\"2024-07-29T21:20:44+00:00\" \/>\n<meta property=\"og:image\" content=\"https:\/\/jornalboasnoticias.com.br\/home\/wp-content\/uploads\/2024\/07\/time-da-igreja-sara-nossa-terra-542249.jpeg.1038x590_q85_crop.webp\" \/>\n<meta name=\"author\" content=\"Luiz Carlos da Cruz\" \/>\n<meta name=\"twitter:card\" content=\"summary_large_image\" \/>\n<meta name=\"twitter:label1\" content=\"Escrito por\" \/>\n\t<meta name=\"twitter:data1\" content=\"Luiz Carlos da Cruz\" \/>\n\t<meta name=\"twitter:label2\" content=\"Est. tempo de leitura\" \/>\n\t<meta name=\"twitter:data2\" content=\"1 minuto\" \/>\n<script type=\"application\/ld+json\" class=\"yoast-schema-graph\">{\"@context\":\"https:\\\/\\\/schema.org\",\"@graph\":[{\"@type\":\"Article\",\"@id\":\"https:\\\/\\\/jornalboasnoticias.com.br\\\/home\\\/primeira-edicao-da-copa-evangelica-de-teresina-reune-times-de-dez-igrejas\\\/#article\",\"isPartOf\":{\"@id\":\"https:\\\/\\\/jornalboasnoticias.com.br\\\/home\\\/primeira-edicao-da-copa-evangelica-de-teresina-reune-times-de-dez-igrejas\\\/\"},\"author\":{\"name\":\"Luiz Carlos da Cruz\",\"@id\":\"https:\\\/\\\/jornalboasnoticias.com.br\\\/home\\\/#\\\/schema\\\/person\\\/75f9ebde398c998c166475fb446bda62\"},\"headline\":\"Primeira edi\u00e7\u00e3o da Copa Evang\u00e9lica de Teresina re\u00fane times de dez igrejas\",\"datePublished\":\"2024-07-29T21:20:44+00:00\",\"mainEntityOfPage\":{\"@id\":\"https:\\\/\\\/jornalboasnoticias.com.br\\\/home\\\/primeira-edicao-da-copa-evangelica-de-teresina-reune-times-de-dez-igrejas\\\/\"},\"wordCount\":110,\"commentCount\":0,\"publisher\":{\"@id\":\"https:\\\/\\\/jornalboasnoticias.com.br\\\/home\\\/#organization\"},\"image\":{\"@id\":\"https:\\\/\\\/jornalboasnoticias.com.br\\\/home\\\/primeira-edicao-da-copa-evangelica-de-teresina-reune-times-de-dez-igrejas\\\/#primaryimage\"},\"thumbnailUrl\":\"https:\\\/\\\/jornalboasnoticias.com.br\\\/home\\\/wp-content\\\/uploads\\\/2024\\\/07\\\/time-da-igreja-sara-nossa-terra-542249.jpeg.1038x590_q85_crop.webp\",\"keywords\":[\"Teresina\"],\"articleSection\":[\"ESPORTE\"],\"inLanguage\":\"pt-BR\",\"potentialAction\":[{\"@type\":\"CommentAction\",\"name\":\"Comment\",\"target\":[\"https:\\\/\\\/jornalboasnoticias.com.br\\\/home\\\/primeira-edicao-da-copa-evangelica-de-teresina-reune-times-de-dez-igrejas\\\/#respond\"]}]},{\"@type\":\"WebPage\",\"@id\":\"https:\\\/\\\/jornalboasnoticias.com.br\\\/home\\\/primeira-edicao-da-copa-evangelica-de-teresina-reune-times-de-dez-igrejas\\\/\",\"url\":\"https:\\\/\\\/jornalboasnoticias.com.br\\\/home\\\/primeira-edicao-da-copa-evangelica-de-teresina-reune-times-de-dez-igrejas\\\/\",\"name\":\"Primeira edi\u00e7\u00e3o da Copa Evang\u00e9lica de Teresina re\u00fane times de dez igrejas - Jornal\",\"isPartOf\":{\"@id\":\"https:\\\/\\\/jornalboasnoticias.com.br\\\/home\\\/#website\"},\"primaryImageOfPage\":{\"@id\":\"https:\\\/\\\/jornalboasnoticias.com.br\\\/home\\\/primeira-edicao-da-copa-evangelica-de-teresina-reune-times-de-dez-igrejas\\\/#primaryimage\"},\"image\":{\"@id\":\"https:\\\/\\\/jornalboasnoticias.com.br\\\/home\\\/primeira-edicao-da-copa-evangelica-de-teresina-reune-times-de-dez-igrejas\\\/#primaryimage\"},\"thumbnailUrl\":\"https:\\\/\\\/jornalboasnoticias.com.br\\\/home\\\/wp-content\\\/uploads\\\/2024\\\/07\\\/time-da-igreja-sara-nossa-terra-542249.jpeg.1038x590_q85_crop.webp\",\"datePublished\":\"2024-07-29T21:20:44+00:00\",\"description\":\"Primeira edi\u00e7\u00e3o da Copa Evang\u00e9lica de Teresina re\u00fane times de dez igrejas\",\"breadcrumb\":{\"@id\":\"https:\\\/\\\/jornalboasnoticias.com.br\\\/home\\\/primeira-edicao-da-copa-evangelica-de-teresina-reune-times-de-dez-igrejas\\\/#breadcrumb\"},\"inLanguage\":\"pt-BR\",\"potentialAction\":[{\"@type\":\"ReadAction\",\"target\":[\"https:\\\/\\\/jornalboasnoticias.com.br\\\/home\\\/primeira-edicao-da-copa-evangelica-de-teresina-reune-times-de-dez-igrejas\\\/\"]}]},{\"@type\":\"ImageObject\",\"inLanguage\":\"pt-BR\",\"@id\":\"https:\\\/\\\/jornalboasnoticias.com.br\\\/home\\\/primeira-edicao-da-copa-evangelica-de-teresina-reune-times-de-dez-igrejas\\\/#primaryimage\",\"url\":\"https:\\\/\\\/jornalboasnoticias.com.br\\\/home\\\/wp-content\\\/uploads\\\/2024\\\/07\\\/time-da-igreja-sara-nossa-terra-542249.jpeg.1038x590_q85_crop.webp\",\"contentUrl\":\"https:\\\/\\\/jornalboasnoticias.com.br\\\/home\\\/wp-content\\\/uploads\\\/2024\\\/07\\\/time-da-igreja-sara-nossa-terra-542249.jpeg.1038x590_q85_crop.webp\",\"width\":1038,\"height\":590},{\"@type\":\"BreadcrumbList\",\"@id\":\"https:\\\/\\\/jornalboasnoticias.com.br\\\/home\\\/primeira-edicao-da-copa-evangelica-de-teresina-reune-times-de-dez-igrejas\\\/#breadcrumb\",\"itemListElement\":[{\"@type\":\"ListItem\",\"position\":1,\"name\":\"In\u00edcio\",\"item\":\"https:\\\/\\\/jornalboasnoticias.com.br\\\/home\\\/\"},{\"@type\":\"ListItem\",\"position\":2,\"name\":\"Primeira edi\u00e7\u00e3o da Copa Evang\u00e9lica de Teresina re\u00fane times de dez igrejas\"}]},{\"@type\":\"WebSite\",\"@id\":\"https:\\\/\\\/jornalboasnoticias.com.br\\\/home\\\/#website\",\"url\":\"https:\\\/\\\/jornalboasnoticias.com.br\\\/home\\\/\",\"name\":\"Jornal Boas Not\u00edcias\",\"description\":\"Boas not\u00edcias\",\"publisher\":{\"@id\":\"https:\\\/\\\/jornalboasnoticias.com.br\\\/home\\\/#organization\"},\"potentialAction\":[{\"@type\":\"SearchAction\",\"target\":{\"@type\":\"EntryPoint\",\"urlTemplate\":\"https:\\\/\\\/jornalboasnoticias.com.br\\\/home\\\/?s={search_term_string}\"},\"query-input\":{\"@type\":\"PropertyValueSpecification\",\"valueRequired\":true,\"valueName\":\"search_term_string\"}}],\"inLanguage\":\"pt-BR\"},{\"@type\":\"Organization\",\"@id\":\"https:\\\/\\\/jornalboasnoticias.com.br\\\/home\\\/#organization\",\"name\":\"Coq Editora Ltda\",\"alternateName\":\"Jornal Boas Noticias\",\"url\":\"https:\\\/\\\/jornalboasnoticias.com.br\\\/home\\\/\",\"logo\":{\"@type\":\"ImageObject\",\"inLanguage\":\"pt-BR\",\"@id\":\"https:\\\/\\\/jornalboasnoticias.com.br\\\/home\\\/#\\\/schema\\\/logo\\\/image\\\/\",\"url\":\"https:\\\/\\\/jornalboasnoticias.com.br\\\/home\\\/wp-content\\\/uploads\\\/2024\\\/07\\\/cropped-logo.jpg\",\"contentUrl\":\"https:\\\/\\\/jornalboasnoticias.com.br\\\/home\\\/wp-content\\\/uploads\\\/2024\\\/07\\\/cropped-logo.jpg\",\"width\":290,\"height\":142,\"caption\":\"Coq Editora Ltda\"},\"image\":{\"@id\":\"https:\\\/\\\/jornalboasnoticias.com.br\\\/home\\\/#\\\/schema\\\/logo\\\/image\\\/\"},\"sameAs\":[\"https:\\\/\\\/www.facebook.com\\\/boasnoticiasjornal\"]},{\"@type\":\"Person\",\"@id\":\"https:\\\/\\\/jornalboasnoticias.com.br\\\/home\\\/#\\\/schema\\\/person\\\/75f9ebde398c998c166475fb446bda62\",\"name\":\"Luiz Carlos da Cruz\",\"image\":{\"@type\":\"ImageObject\",\"inLanguage\":\"pt-BR\",\"@id\":\"https:\\\/\\\/secure.gravatar.com\\\/avatar\\\/e6f4f45301b6cb8572f7b076572e8ac11c1db80e805d8c8d0858cf286ce3ac3b?s=96&d=mm&r=g\",\"url\":\"https:\\\/\\\/secure.gravatar.com\\\/avatar\\\/e6f4f45301b6cb8572f7b076572e8ac11c1db80e805d8c8d0858cf286ce3ac3b?s=96&d=mm&r=g\",\"contentUrl\":\"https:\\\/\\\/secure.gravatar.com\\\/avatar\\\/e6f4f45301b6cb8572f7b076572e8ac11c1db80e805d8c8d0858cf286ce3ac3b?s=96&d=mm&r=g\",\"caption\":\"Luiz Carlos da Cruz\"},\"url\":\"https:\\\/\\\/jornalboasnoticias.com.br\\\/home\\\/author\\\/luiz-carlos-da-cruz\\\/\"}]}<\/script>\n<!-- \/ Yoast SEO plugin. -->","yoast_head_json":{"title":"Primeira edi\u00e7\u00e3o da Copa Evang\u00e9lica de Teresina re\u00fane times de dez igrejas - Jornal","description":"Primeira edi\u00e7\u00e3o da Copa Evang\u00e9lica de Teresina re\u00fane times de dez igrejas","robots":{"index":"index","follow":"follow","max-snippet":"max-snippet:-1","max-image-preview":"max-image-preview:large","max-video-preview":"max-video-preview:-1"},"canonical":"https:\/\/jornalboasnoticias.com.br\/home\/primeira-edicao-da-copa-evangelica-de-teresina-reune-times-de-dez-igrejas\/","og_locale":"pt_BR","og_type":"article","og_title":"Primeira edi\u00e7\u00e3o da Copa Evang\u00e9lica de Teresina re\u00fane times de dez igrejas - Jornal","og_description":"Primeira edi\u00e7\u00e3o da Copa Evang\u00e9lica de Teresina re\u00fane times de dez igrejas","og_url":"https:\/\/jornalboasnoticias.com.br\/home\/primeira-edicao-da-copa-evangelica-de-teresina-reune-times-de-dez-igrejas\/","og_site_name":"Jornal","article_publisher":"https:\/\/www.facebook.com\/boasnoticiasjornal","article_published_time":"2024-07-29T21:20:44+00:00","og_image":[{"url":"https:\/\/jornalboasnoticias.com.br\/home\/wp-content\/uploads\/2024\/07\/time-da-igreja-sara-nossa-terra-542249.jpeg.1038x590_q85_crop.webp","type":"","width":"","height":""}],"author":"Luiz Carlos da Cruz","twitter_card":"summary_large_image","twitter_misc":{"Escrito por":"Luiz Carlos da Cruz","Est. tempo de leitura":"1 minuto"},"schema":{"@context":"https:\/\/schema.org","@graph":[{"@type":"Article","@id":"https:\/\/jornalboasnoticias.com.br\/home\/primeira-edicao-da-copa-evangelica-de-teresina-reune-times-de-dez-igrejas\/#article","isPartOf":{"@id":"https:\/\/jornalboasnoticias.com.br\/home\/primeira-edicao-da-copa-evangelica-de-teresina-reune-times-de-dez-igrejas\/"},"author":{"name":"Luiz Carlos da Cruz","@id":"https:\/\/jornalboasnoticias.com.br\/home\/#\/schema\/person\/75f9ebde398c998c166475fb446bda62"},"headline":"Primeira edi\u00e7\u00e3o da Copa Evang\u00e9lica de Teresina re\u00fane times de dez igrejas","datePublished":"2024-07-29T21:20:44+00:00","mainEntityOfPage":{"@id":"https:\/\/jornalboasnoticias.com.br\/home\/primeira-edicao-da-copa-evangelica-de-teresina-reune-times-de-dez-igrejas\/"},"wordCount":110,"commentCount":0,"publisher":{"@id":"https:\/\/jornalboasnoticias.com.br\/home\/#organization"},"image":{"@id":"https:\/\/jornalboasnoticias.com.br\/home\/primeira-edicao-da-copa-evangelica-de-teresina-reune-times-de-dez-igrejas\/#primaryimage"},"thumbnailUrl":"https:\/\/jornalboasnoticias.com.br\/home\/wp-content\/uploads\/2024\/07\/time-da-igreja-sara-nossa-terra-542249.jpeg.1038x590_q85_crop.webp","keywords":["Teresina"],"articleSection":["ESPORTE"],"inLanguage":"pt-BR","potentialAction":[{"@type":"CommentAction","name":"Comment","target":["https:\/\/jornalboasnoticias.com.br\/home\/primeira-edicao-da-copa-evangelica-de-teresina-reune-times-de-dez-igrejas\/#respond"]}]},{"@type":"WebPage","@id":"https:\/\/jornalboasnoticias.com.br\/home\/primeira-edicao-da-copa-evangelica-de-teresina-reune-times-de-dez-igrejas\/","url":"https:\/\/jornalboasnoticias.com.br\/home\/primeira-edicao-da-copa-evangelica-de-teresina-reune-times-de-dez-igrejas\/","name":"Primeira edi\u00e7\u00e3o da Copa Evang\u00e9lica de Teresina re\u00fane times de dez igrejas - Jornal","isPartOf":{"@id":"https:\/\/jornalboasnoticias.com.br\/home\/#website"},"primaryImageOfPage":{"@id":"https:\/\/jornalboasnoticias.com.br\/home\/primeira-edicao-da-copa-evangelica-de-teresina-reune-times-de-dez-igrejas\/#primaryimage"},"image":{"@id":"https:\/\/jornalboasnoticias.com.br\/home\/primeira-edicao-da-copa-evangelica-de-teresina-reune-times-de-dez-igrejas\/#primaryimage"},"thumbnailUrl":"https:\/\/jornalboasnoticias.com.br\/home\/wp-content\/uploads\/2024\/07\/time-da-igreja-sara-nossa-terra-542249.jpeg.1038x590_q85_crop.webp","datePublished":"2024-07-29T21:20:44+00:00","description":"Primeira edi\u00e7\u00e3o da Copa Evang\u00e9lica de Teresina re\u00fane times de dez igrejas","breadcrumb":{"@id":"https:\/\/jornalboasnoticias.com.br\/home\/primeira-edicao-da-copa-evangelica-de-teresina-reune-times-de-dez-igrejas\/#breadcrumb"},"inLanguage":"pt-BR","potentialAction":[{"@type":"ReadAction","target":["https:\/\/jornalboasnoticias.com.br\/home\/primeira-edicao-da-copa-evangelica-de-teresina-reune-times-de-dez-igrejas\/"]}]},{"@type":"ImageObject","inLanguage":"pt-BR","@id":"https:\/\/jornalboasnoticias.com.br\/home\/primeira-edicao-da-copa-evangelica-de-teresina-reune-times-de-dez-igrejas\/#primaryimage","url":"https:\/\/jornalboasnoticias.com.br\/home\/wp-content\/uploads\/2024\/07\/time-da-igreja-sara-nossa-terra-542249.jpeg.1038x590_q85_crop.webp","contentUrl":"https:\/\/jornalboasnoticias.com.br\/home\/wp-content\/uploads\/2024\/07\/time-da-igreja-sara-nossa-terra-542249.jpeg.1038x590_q85_crop.webp","width":1038,"height":590},{"@type":"BreadcrumbList","@id":"https:\/\/jornalboasnoticias.com.br\/home\/primeira-edicao-da-copa-evangelica-de-teresina-reune-times-de-dez-igrejas\/#breadcrumb","itemListElement":[{"@type":"ListItem","position":1,"name":"In\u00edcio","item":"https:\/\/jornalboasnoticias.com.br\/home\/"},{"@type":"ListItem","position":2,"name":"Primeira edi\u00e7\u00e3o da Copa Evang\u00e9lica de Teresina re\u00fane times de dez igrejas"}]},{"@type":"WebSite","@id":"https:\/\/jornalboasnoticias.com.br\/home\/#website","url":"https:\/\/jornalboasnoticias.com.br\/home\/","name":"Jornal Boas Not\u00edcias","description":"Boas not\u00edcias","publisher":{"@id":"https:\/\/jornalboasnoticias.com.br\/home\/#organization"},"potentialAction":[{"@type":"SearchAction","target":{"@type":"EntryPoint","urlTemplate":"https:\/\/jornalboasnoticias.com.br\/home\/?s={search_term_string}"},"query-input":{"@type":"PropertyValueSpecification","valueRequired":true,"valueName":"search_term_string"}}],"inLanguage":"pt-BR"},{"@type":"Organization","@id":"https:\/\/jornalboasnoticias.com.br\/home\/#organization","name":"Coq Editora Ltda","alternateName":"Jornal Boas Noticias","url":"https:\/\/jornalboasnoticias.com.br\/home\/","logo":{"@type":"ImageObject","inLanguage":"pt-BR","@id":"https:\/\/jornalboasnoticias.com.br\/home\/#\/schema\/logo\/image\/","url":"https:\/\/jornalboasnoticias.com.br\/home\/wp-content\/uploads\/2024\/07\/cropped-logo.jpg","contentUrl":"https:\/\/jornalboasnoticias.com.br\/home\/wp-content\/uploads\/2024\/07\/cropped-logo.jpg","width":290,"height":142,"caption":"Coq Editora Ltda"},"image":{"@id":"https:\/\/jornalboasnoticias.com.br\/home\/#\/schema\/logo\/image\/"},"sameAs":["https:\/\/www.facebook.com\/boasnoticiasjornal"]},{"@type":"Person","@id":"https:\/\/jornalboasnoticias.com.br\/home\/#\/schema\/person\/75f9ebde398c998c166475fb446bda62","name":"Luiz Carlos da Cruz","image":{"@type":"ImageObject","inLanguage":"pt-BR","@id":"https:\/\/secure.gravatar.com\/avatar\/e6f4f45301b6cb8572f7b076572e8ac11c1db80e805d8c8d0858cf286ce3ac3b?s=96&d=mm&r=g","url":"https:\/\/secure.gravatar.com\/avatar\/e6f4f45301b6cb8572f7b076572e8ac11c1db80e805d8c8d0858cf286ce3ac3b?s=96&d=mm&r=g","contentUrl":"https:\/\/secure.gravatar.com\/avatar\/e6f4f45301b6cb8572f7b076572e8ac11c1db80e805d8c8d0858cf286ce3ac3b?s=96&d=mm&r=g","caption":"Luiz Carlos da Cruz"},"url":"https:\/\/jornalboasnoticias.com.br\/home\/author\/luiz-carlos-da-cruz\/"}]}},"_links":{"self":[{"href":"https:\/\/jornalboasnoticias.com.br\/home\/wp-json\/wp\/v2\/posts\/43276","targetHints":{"allow":["GET"]}}],"collection":[{"href":"https:\/\/jornalboasnoticias.com.br\/home\/wp-json\/wp\/v2\/posts"}],"about":[{"href":"https:\/\/jornalboasnoticias.com.br\/home\/wp-json\/wp\/v2\/types\/post"}],"author":[{"embeddable":true,"href":"https:\/\/jornalboasnoticias.com.br\/home\/wp-json\/wp\/v2\/users\/3"}],"replies":[{"embeddable":true,"href":"https:\/\/jornalboasnoticias.com.br\/home\/wp-json\/wp\/v2\/comments?post=43276"}],"version-history":[{"count":1,"href":"https:\/\/jornalboasnoticias.com.br\/home\/wp-json\/wp\/v2\/posts\/43276\/revisions"}],"predecessor-version":[{"id":43278,"href":"https:\/\/jornalboasnoticias.com.br\/home\/wp-json\/wp\/v2\/posts\/43276\/revisions\/43278"}],"wp:attachment":[{"href":"https:\/\/jornalboasnoticias.com.br\/home\/wp-json\/wp\/v2\/media?parent=43276"}],"wp:term":[{"taxonomy":"category","embeddable":true,"href":"https:\/\/jornalboasnoticias.com.br\/home\/wp-json\/wp\/v2\/categories?post=43276"},{"taxonomy":"post_tag","embeddable":true,"href":"https:\/\/jornalboasnoticias.com.br\/home\/wp-json\/wp\/v2\/tags?post=43276"}],"curies":[{"name":"wp","href":"https:\/\/api.w.org\/{rel}","templated":true}]}}