{"id":43273,"date":"2024-07-29T21:13:11","date_gmt":"2024-07-29T21:13:11","guid":{"rendered":"https:\/\/jornalboasnoticias.com.br\/home\/?p=43273"},"modified":"2024-07-29T21:13:11","modified_gmt":"2024-07-29T21:13:11","slug":"governador-lamenta-a-morte-do-radialista-empresario-e-ex-deputado-luiz-carlos-martins","status":"publish","type":"post","link":"https:\/\/jornalboasnoticias.com.br\/home\/governador-lamenta-a-morte-do-radialista-empresario-e-ex-deputado-luiz-carlos-martins\/","title":{"rendered":"Governador lamenta a morte do radialista, empres\u00e1rio e ex-deputado Luiz Carlos Martins"},"content":{"rendered":"<p style=\"text-align: center;\"><strong><em>Com uma hist\u00f3ria de praticamente seis d\u00e9cadas dedicadas ao r\u00e1dio, Luiz Carlos Martins foi um dos maiores comunicadores da hist\u00f3ria do Paran\u00e1. Em 1999, quando j\u00e1 era uma das principais vozes do Estado, fundou a r\u00e1dio Banda B, um dos mais importantes ve\u00edculos de comunica\u00e7\u00e3o de Curitiba<\/em><\/strong><\/p>\n<figure id=\"attachment_43274\" aria-describedby=\"caption-attachment-43274\" style=\"width: 934px\" class=\"wp-caption alignnone\"><img loading=\"lazy\" decoding=\"async\" class=\"wp-image-43274 size-full\" src=\"https:\/\/jornalboasnoticias.com.br\/home\/wp-content\/uploads\/2024\/07\/Luiz-carlos-damrtins.jpg\" alt=\"\" width=\"934\" height=\"489\" srcset=\"https:\/\/jornalboasnoticias.com.br\/home\/wp-content\/uploads\/2024\/07\/Luiz-carlos-damrtins.jpg 934w, https:\/\/jornalboasnoticias.com.br\/home\/wp-content\/uploads\/2024\/07\/Luiz-carlos-damrtins-300x157.jpg 300w, https:\/\/jornalboasnoticias.com.br\/home\/wp-content\/uploads\/2024\/07\/Luiz-carlos-damrtins-768x402.jpg 768w\" sizes=\"auto, (max-width: 934px) 100vw, 934px\" \/><figcaption id=\"caption-attachment-43274\" class=\"wp-caption-text\">Luiz Carlos Martins &#8211; Foto: Orlando Kissner\/Alep<\/figcaption><\/figure>\n<p>O governador Carlos Massa Ratinho Junior lamenta profundamente a morte do radialista Luiz Carlos Martins, aos 75 anos. Ele estava internado desde o come\u00e7o de julho, ap\u00f3s ter um Acidente Vascular Cerebral (AVC) e descobrir uma bact\u00e9ria alojada na v\u00e1lvula mitral.<\/p>\n<p>Com uma hist\u00f3ria de praticamente seis d\u00e9cadas dedicadas ao r\u00e1dio, Luiz Carlos Martins foi um dos maiores comunicadores da hist\u00f3ria do Paran\u00e1. Em 1999, quando j\u00e1 era uma das principais vozes do Estado, fundou a r\u00e1dio Banda B, um dos mais importantes ve\u00edculos de comunica\u00e7\u00e3o de Curitiba.<\/p>\n<p>Martins tamb\u00e9m se dedicou \u00e0 vida pol\u00edtica, sendo vereador pela Capital do Estado por dois anos, eleito em 1988, e deputado estadual na Assembleia Legislativa por v\u00e1rios mandatos entre 1990 e 2022.<\/p>\n<p>&#8220;Perdemos hoje o Rei do R\u00e1dio do Paran\u00e1, meu amigo Luiz Carlos Martins. Figura marcante nas casas das fam\u00edlias paranaenses, a quem sempre cumprimentava com o seu inconfund\u00edvel &#8216;oi, oi, gente querida'&#8221;, disse o governador Ratinho Junior.<\/p>\n<p>\u201cLuiz Carlos Martins foi um empreendedor da comunica\u00e7\u00e3o, mas sobretudo um parlamentar e um homem p\u00fablico apaixonado pelo Estado. Seus mandatos na Assembleia Legislativa foram marcados por uma defesa intransigente dos mais pobres. A voz firme de Luiz Carlos Martins deixar\u00e1 saudades\u201d, completou o governador. &#8220;Que Deus conforte sua fam\u00edlia, amigos e os milhares de ouvintes que sempre tiveram seu respeito e carinho&#8221;.<\/p>\n<p>&#8220;A partida de Luiz Carlos Martins deixa um vazio na radiofus\u00e3o do Estado do Paran\u00e1. Luiz Carlos era um entusiasta do papel do r\u00e1dio e de uma sociedade menos desigual. Ele sabia da relev\u00e2ncia do r\u00e1dio na presta\u00e7\u00e3o de servi\u00e7o aos ouvintes. Sua voz firme e seu racioc\u00ednio claro deixar\u00e3o saudades. Aos amigos, familiares e funcion\u00e1rios da R\u00e1dio Banda B, os sentimentos de todo o time da Secretaria de Estado da Comunica\u00e7\u00e3o&#8221;, acrescentou o secret\u00e1rio da Comunica\u00e7\u00e3o, Cleber Mata.<\/p>\n<p>Nascido na cidade de Bilac, em S\u00e3o Paulo, Martins come\u00e7ou a trabalhar com r\u00e1dio aos 17 anos em Birigui, tamb\u00e9m no estado paulista. Trabalhou em emissoras de Mar\u00edlia, Londrina, S\u00e3o Paulo e Jacarezinho antes de se mudar para Curitiba, aos 28 anos, onde se estabeleceu em definitivo.<\/p>\n<p>Com a ajuda de volunt\u00e1rios, ainda criou o Instituto Luiz Carlos Martins, que desde a funda\u00e7\u00e3o, em abril de 2011, passou a promover a inclus\u00e3o social a pessoas portadoras de necessidades especiais, al\u00e9m de divulgar e organizar campanhas solid\u00e1rias.<\/p>\n<p><em>AEN<\/em><\/p>\n","protected":false},"excerpt":{"rendered":"<p>Com uma hist\u00f3ria de praticamente seis d\u00e9cadas dedicadas ao r\u00e1dio, Luiz Carlos Martins foi um<\/p>\n","protected":false},"author":3,"featured_media":43274,"comment_status":"open","ping_status":"open","sticky":false,"template":"","format":"standard","meta":{"footnotes":""},"categories":[3,4],"tags":[],"class_list":["post-43273","post","type-post","status-publish","format-standard","has-post-thumbnail","hentry","category-destaques","category-parana"],"yoast_head":"<!-- This site is optimized with the Yoast SEO plugin v27.5 - https:\/\/yoast.com\/product\/yoast-seo-wordpress\/ -->\n<title>Governador lamenta a morte do radialista, empres\u00e1rio e ex-deputado Luiz Carlos Martins - Jornal<\/title>\n<meta name=\"description\" content=\"Governador lamenta a morte do radialista, empres\u00e1rio e ex-deputado Luiz Carlos Martins\" \/>\n<meta name=\"robots\" content=\"index, follow, max-snippet:-1, max-image-preview:large, max-video-preview:-1\" \/>\n<link rel=\"canonical\" href=\"https:\/\/jornalboasnoticias.com.br\/home\/governador-lamenta-a-morte-do-radialista-empresario-e-ex-deputado-luiz-carlos-martins\/\" \/>\n<meta property=\"og:locale\" content=\"pt_BR\" \/>\n<meta property=\"og:type\" content=\"article\" \/>\n<meta property=\"og:title\" content=\"Governador lamenta a morte do radialista, empres\u00e1rio e ex-deputado Luiz Carlos Martins - Jornal\" \/>\n<meta property=\"og:description\" content=\"Governador lamenta a morte do radialista, empres\u00e1rio e ex-deputado Luiz Carlos Martins\" \/>\n<meta property=\"og:url\" content=\"https:\/\/jornalboasnoticias.com.br\/home\/governador-lamenta-a-morte-do-radialista-empresario-e-ex-deputado-luiz-carlos-martins\/\" \/>\n<meta property=\"og:site_name\" content=\"Jornal\" \/>\n<meta property=\"article:publisher\" content=\"https:\/\/www.facebook.com\/boasnoticiasjornal\" \/>\n<meta property=\"article:published_time\" content=\"2024-07-29T21:13:11+00:00\" \/>\n<meta property=\"og:image\" content=\"https:\/\/jornalboasnoticias.com.br\/home\/wp-content\/uploads\/2024\/07\/Luiz-carlos-damrtins.jpg\" \/>\n\t<meta property=\"og:image:width\" content=\"934\" \/>\n\t<meta property=\"og:image:height\" content=\"489\" \/>\n\t<meta property=\"og:image:type\" content=\"image\/jpeg\" \/>\n<meta name=\"author\" content=\"Luiz Carlos da Cruz\" \/>\n<meta name=\"twitter:card\" content=\"summary_large_image\" \/>\n<meta name=\"twitter:label1\" content=\"Escrito por\" \/>\n\t<meta name=\"twitter:data1\" content=\"Luiz Carlos da Cruz\" \/>\n\t<meta name=\"twitter:label2\" content=\"Est. tempo de leitura\" \/>\n\t<meta name=\"twitter:data2\" content=\"3 minutos\" \/>\n<script type=\"application\/ld+json\" class=\"yoast-schema-graph\">{\"@context\":\"https:\\\/\\\/schema.org\",\"@graph\":[{\"@type\":\"Article\",\"@id\":\"https:\\\/\\\/jornalboasnoticias.com.br\\\/home\\\/governador-lamenta-a-morte-do-radialista-empresario-e-ex-deputado-luiz-carlos-martins\\\/#article\",\"isPartOf\":{\"@id\":\"https:\\\/\\\/jornalboasnoticias.com.br\\\/home\\\/governador-lamenta-a-morte-do-radialista-empresario-e-ex-deputado-luiz-carlos-martins\\\/\"},\"author\":{\"name\":\"Luiz Carlos da Cruz\",\"@id\":\"https:\\\/\\\/jornalboasnoticias.com.br\\\/home\\\/#\\\/schema\\\/person\\\/75f9ebde398c998c166475fb446bda62\"},\"headline\":\"Governador lamenta a morte do radialista, empres\u00e1rio e ex-deputado Luiz Carlos Martins\",\"datePublished\":\"2024-07-29T21:13:11+00:00\",\"mainEntityOfPage\":{\"@id\":\"https:\\\/\\\/jornalboasnoticias.com.br\\\/home\\\/governador-lamenta-a-morte-do-radialista-empresario-e-ex-deputado-luiz-carlos-martins\\\/\"},\"wordCount\":502,\"commentCount\":0,\"publisher\":{\"@id\":\"https:\\\/\\\/jornalboasnoticias.com.br\\\/home\\\/#organization\"},\"image\":{\"@id\":\"https:\\\/\\\/jornalboasnoticias.com.br\\\/home\\\/governador-lamenta-a-morte-do-radialista-empresario-e-ex-deputado-luiz-carlos-martins\\\/#primaryimage\"},\"thumbnailUrl\":\"https:\\\/\\\/jornalboasnoticias.com.br\\\/home\\\/wp-content\\\/uploads\\\/2024\\\/07\\\/Luiz-carlos-damrtins.jpg\",\"articleSection\":[\"DESTAQUE\",\"PARAN\u00c1\"],\"inLanguage\":\"pt-BR\",\"potentialAction\":[{\"@type\":\"CommentAction\",\"name\":\"Comment\",\"target\":[\"https:\\\/\\\/jornalboasnoticias.com.br\\\/home\\\/governador-lamenta-a-morte-do-radialista-empresario-e-ex-deputado-luiz-carlos-martins\\\/#respond\"]}]},{\"@type\":\"WebPage\",\"@id\":\"https:\\\/\\\/jornalboasnoticias.com.br\\\/home\\\/governador-lamenta-a-morte-do-radialista-empresario-e-ex-deputado-luiz-carlos-martins\\\/\",\"url\":\"https:\\\/\\\/jornalboasnoticias.com.br\\\/home\\\/governador-lamenta-a-morte-do-radialista-empresario-e-ex-deputado-luiz-carlos-martins\\\/\",\"name\":\"Governador lamenta a morte do radialista, empres\u00e1rio e ex-deputado Luiz Carlos Martins - Jornal\",\"isPartOf\":{\"@id\":\"https:\\\/\\\/jornalboasnoticias.com.br\\\/home\\\/#website\"},\"primaryImageOfPage\":{\"@id\":\"https:\\\/\\\/jornalboasnoticias.com.br\\\/home\\\/governador-lamenta-a-morte-do-radialista-empresario-e-ex-deputado-luiz-carlos-martins\\\/#primaryimage\"},\"image\":{\"@id\":\"https:\\\/\\\/jornalboasnoticias.com.br\\\/home\\\/governador-lamenta-a-morte-do-radialista-empresario-e-ex-deputado-luiz-carlos-martins\\\/#primaryimage\"},\"thumbnailUrl\":\"https:\\\/\\\/jornalboasnoticias.com.br\\\/home\\\/wp-content\\\/uploads\\\/2024\\\/07\\\/Luiz-carlos-damrtins.jpg\",\"datePublished\":\"2024-07-29T21:13:11+00:00\",\"description\":\"Governador lamenta a morte do radialista, empres\u00e1rio e ex-deputado Luiz Carlos Martins\",\"breadcrumb\":{\"@id\":\"https:\\\/\\\/jornalboasnoticias.com.br\\\/home\\\/governador-lamenta-a-morte-do-radialista-empresario-e-ex-deputado-luiz-carlos-martins\\\/#breadcrumb\"},\"inLanguage\":\"pt-BR\",\"potentialAction\":[{\"@type\":\"ReadAction\",\"target\":[\"https:\\\/\\\/jornalboasnoticias.com.br\\\/home\\\/governador-lamenta-a-morte-do-radialista-empresario-e-ex-deputado-luiz-carlos-martins\\\/\"]}]},{\"@type\":\"ImageObject\",\"inLanguage\":\"pt-BR\",\"@id\":\"https:\\\/\\\/jornalboasnoticias.com.br\\\/home\\\/governador-lamenta-a-morte-do-radialista-empresario-e-ex-deputado-luiz-carlos-martins\\\/#primaryimage\",\"url\":\"https:\\\/\\\/jornalboasnoticias.com.br\\\/home\\\/wp-content\\\/uploads\\\/2024\\\/07\\\/Luiz-carlos-damrtins.jpg\",\"contentUrl\":\"https:\\\/\\\/jornalboasnoticias.com.br\\\/home\\\/wp-content\\\/uploads\\\/2024\\\/07\\\/Luiz-carlos-damrtins.jpg\",\"width\":934,\"height\":489,\"caption\":\"Luiz Carlos Martins - Foto: Orlando Kissner\\\/Alep\"},{\"@type\":\"BreadcrumbList\",\"@id\":\"https:\\\/\\\/jornalboasnoticias.com.br\\\/home\\\/governador-lamenta-a-morte-do-radialista-empresario-e-ex-deputado-luiz-carlos-martins\\\/#breadcrumb\",\"itemListElement\":[{\"@type\":\"ListItem\",\"position\":1,\"name\":\"In\u00edcio\",\"item\":\"https:\\\/\\\/jornalboasnoticias.com.br\\\/home\\\/\"},{\"@type\":\"ListItem\",\"position\":2,\"name\":\"Governador lamenta a morte do radialista, empres\u00e1rio e ex-deputado Luiz Carlos Martins\"}]},{\"@type\":\"WebSite\",\"@id\":\"https:\\\/\\\/jornalboasnoticias.com.br\\\/home\\\/#website\",\"url\":\"https:\\\/\\\/jornalboasnoticias.com.br\\\/home\\\/\",\"name\":\"Jornal Boas Not\u00edcias\",\"description\":\"Boas not\u00edcias\",\"publisher\":{\"@id\":\"https:\\\/\\\/jornalboasnoticias.com.br\\\/home\\\/#organization\"},\"potentialAction\":[{\"@type\":\"SearchAction\",\"target\":{\"@type\":\"EntryPoint\",\"urlTemplate\":\"https:\\\/\\\/jornalboasnoticias.com.br\\\/home\\\/?s={search_term_string}\"},\"query-input\":{\"@type\":\"PropertyValueSpecification\",\"valueRequired\":true,\"valueName\":\"search_term_string\"}}],\"inLanguage\":\"pt-BR\"},{\"@type\":\"Organization\",\"@id\":\"https:\\\/\\\/jornalboasnoticias.com.br\\\/home\\\/#organization\",\"name\":\"Coq Editora Ltda\",\"alternateName\":\"Jornal Boas Noticias\",\"url\":\"https:\\\/\\\/jornalboasnoticias.com.br\\\/home\\\/\",\"logo\":{\"@type\":\"ImageObject\",\"inLanguage\":\"pt-BR\",\"@id\":\"https:\\\/\\\/jornalboasnoticias.com.br\\\/home\\\/#\\\/schema\\\/logo\\\/image\\\/\",\"url\":\"https:\\\/\\\/jornalboasnoticias.com.br\\\/home\\\/wp-content\\\/uploads\\\/2024\\\/07\\\/cropped-logo.jpg\",\"contentUrl\":\"https:\\\/\\\/jornalboasnoticias.com.br\\\/home\\\/wp-content\\\/uploads\\\/2024\\\/07\\\/cropped-logo.jpg\",\"width\":290,\"height\":142,\"caption\":\"Coq Editora Ltda\"},\"image\":{\"@id\":\"https:\\\/\\\/jornalboasnoticias.com.br\\\/home\\\/#\\\/schema\\\/logo\\\/image\\\/\"},\"sameAs\":[\"https:\\\/\\\/www.facebook.com\\\/boasnoticiasjornal\"]},{\"@type\":\"Person\",\"@id\":\"https:\\\/\\\/jornalboasnoticias.com.br\\\/home\\\/#\\\/schema\\\/person\\\/75f9ebde398c998c166475fb446bda62\",\"name\":\"Luiz Carlos da Cruz\",\"image\":{\"@type\":\"ImageObject\",\"inLanguage\":\"pt-BR\",\"@id\":\"https:\\\/\\\/secure.gravatar.com\\\/avatar\\\/e6f4f45301b6cb8572f7b076572e8ac11c1db80e805d8c8d0858cf286ce3ac3b?s=96&d=mm&r=g\",\"url\":\"https:\\\/\\\/secure.gravatar.com\\\/avatar\\\/e6f4f45301b6cb8572f7b076572e8ac11c1db80e805d8c8d0858cf286ce3ac3b?s=96&d=mm&r=g\",\"contentUrl\":\"https:\\\/\\\/secure.gravatar.com\\\/avatar\\\/e6f4f45301b6cb8572f7b076572e8ac11c1db80e805d8c8d0858cf286ce3ac3b?s=96&d=mm&r=g\",\"caption\":\"Luiz Carlos da Cruz\"},\"url\":\"https:\\\/\\\/jornalboasnoticias.com.br\\\/home\\\/author\\\/luiz-carlos-da-cruz\\\/\"}]}<\/script>\n<!-- \/ Yoast SEO plugin. -->","yoast_head_json":{"title":"Governador lamenta a morte do radialista, empres\u00e1rio e ex-deputado Luiz Carlos Martins - Jornal","description":"Governador lamenta a morte do radialista, empres\u00e1rio e ex-deputado Luiz Carlos Martins","robots":{"index":"index","follow":"follow","max-snippet":"max-snippet:-1","max-image-preview":"max-image-preview:large","max-video-preview":"max-video-preview:-1"},"canonical":"https:\/\/jornalboasnoticias.com.br\/home\/governador-lamenta-a-morte-do-radialista-empresario-e-ex-deputado-luiz-carlos-martins\/","og_locale":"pt_BR","og_type":"article","og_title":"Governador lamenta a morte do radialista, empres\u00e1rio e ex-deputado Luiz Carlos Martins - Jornal","og_description":"Governador lamenta a morte do radialista, empres\u00e1rio e ex-deputado Luiz Carlos Martins","og_url":"https:\/\/jornalboasnoticias.com.br\/home\/governador-lamenta-a-morte-do-radialista-empresario-e-ex-deputado-luiz-carlos-martins\/","og_site_name":"Jornal","article_publisher":"https:\/\/www.facebook.com\/boasnoticiasjornal","article_published_time":"2024-07-29T21:13:11+00:00","og_image":[{"width":934,"height":489,"url":"https:\/\/jornalboasnoticias.com.br\/home\/wp-content\/uploads\/2024\/07\/Luiz-carlos-damrtins.jpg","type":"image\/jpeg"}],"author":"Luiz Carlos da Cruz","twitter_card":"summary_large_image","twitter_misc":{"Escrito por":"Luiz Carlos da Cruz","Est. tempo de leitura":"3 minutos"},"schema":{"@context":"https:\/\/schema.org","@graph":[{"@type":"Article","@id":"https:\/\/jornalboasnoticias.com.br\/home\/governador-lamenta-a-morte-do-radialista-empresario-e-ex-deputado-luiz-carlos-martins\/#article","isPartOf":{"@id":"https:\/\/jornalboasnoticias.com.br\/home\/governador-lamenta-a-morte-do-radialista-empresario-e-ex-deputado-luiz-carlos-martins\/"},"author":{"name":"Luiz Carlos da Cruz","@id":"https:\/\/jornalboasnoticias.com.br\/home\/#\/schema\/person\/75f9ebde398c998c166475fb446bda62"},"headline":"Governador lamenta a morte do radialista, empres\u00e1rio e ex-deputado Luiz Carlos Martins","datePublished":"2024-07-29T21:13:11+00:00","mainEntityOfPage":{"@id":"https:\/\/jornalboasnoticias.com.br\/home\/governador-lamenta-a-morte-do-radialista-empresario-e-ex-deputado-luiz-carlos-martins\/"},"wordCount":502,"commentCount":0,"publisher":{"@id":"https:\/\/jornalboasnoticias.com.br\/home\/#organization"},"image":{"@id":"https:\/\/jornalboasnoticias.com.br\/home\/governador-lamenta-a-morte-do-radialista-empresario-e-ex-deputado-luiz-carlos-martins\/#primaryimage"},"thumbnailUrl":"https:\/\/jornalboasnoticias.com.br\/home\/wp-content\/uploads\/2024\/07\/Luiz-carlos-damrtins.jpg","articleSection":["DESTAQUE","PARAN\u00c1"],"inLanguage":"pt-BR","potentialAction":[{"@type":"CommentAction","name":"Comment","target":["https:\/\/jornalboasnoticias.com.br\/home\/governador-lamenta-a-morte-do-radialista-empresario-e-ex-deputado-luiz-carlos-martins\/#respond"]}]},{"@type":"WebPage","@id":"https:\/\/jornalboasnoticias.com.br\/home\/governador-lamenta-a-morte-do-radialista-empresario-e-ex-deputado-luiz-carlos-martins\/","url":"https:\/\/jornalboasnoticias.com.br\/home\/governador-lamenta-a-morte-do-radialista-empresario-e-ex-deputado-luiz-carlos-martins\/","name":"Governador lamenta a morte do radialista, empres\u00e1rio e ex-deputado Luiz Carlos Martins - Jornal","isPartOf":{"@id":"https:\/\/jornalboasnoticias.com.br\/home\/#website"},"primaryImageOfPage":{"@id":"https:\/\/jornalboasnoticias.com.br\/home\/governador-lamenta-a-morte-do-radialista-empresario-e-ex-deputado-luiz-carlos-martins\/#primaryimage"},"image":{"@id":"https:\/\/jornalboasnoticias.com.br\/home\/governador-lamenta-a-morte-do-radialista-empresario-e-ex-deputado-luiz-carlos-martins\/#primaryimage"},"thumbnailUrl":"https:\/\/jornalboasnoticias.com.br\/home\/wp-content\/uploads\/2024\/07\/Luiz-carlos-damrtins.jpg","datePublished":"2024-07-29T21:13:11+00:00","description":"Governador lamenta a morte do radialista, empres\u00e1rio e ex-deputado Luiz Carlos Martins","breadcrumb":{"@id":"https:\/\/jornalboasnoticias.com.br\/home\/governador-lamenta-a-morte-do-radialista-empresario-e-ex-deputado-luiz-carlos-martins\/#breadcrumb"},"inLanguage":"pt-BR","potentialAction":[{"@type":"ReadAction","target":["https:\/\/jornalboasnoticias.com.br\/home\/governador-lamenta-a-morte-do-radialista-empresario-e-ex-deputado-luiz-carlos-martins\/"]}]},{"@type":"ImageObject","inLanguage":"pt-BR","@id":"https:\/\/jornalboasnoticias.com.br\/home\/governador-lamenta-a-morte-do-radialista-empresario-e-ex-deputado-luiz-carlos-martins\/#primaryimage","url":"https:\/\/jornalboasnoticias.com.br\/home\/wp-content\/uploads\/2024\/07\/Luiz-carlos-damrtins.jpg","contentUrl":"https:\/\/jornalboasnoticias.com.br\/home\/wp-content\/uploads\/2024\/07\/Luiz-carlos-damrtins.jpg","width":934,"height":489,"caption":"Luiz Carlos Martins - Foto: Orlando Kissner\/Alep"},{"@type":"BreadcrumbList","@id":"https:\/\/jornalboasnoticias.com.br\/home\/governador-lamenta-a-morte-do-radialista-empresario-e-ex-deputado-luiz-carlos-martins\/#breadcrumb","itemListElement":[{"@type":"ListItem","position":1,"name":"In\u00edcio","item":"https:\/\/jornalboasnoticias.com.br\/home\/"},{"@type":"ListItem","position":2,"name":"Governador lamenta a morte do radialista, empres\u00e1rio e ex-deputado Luiz Carlos Martins"}]},{"@type":"WebSite","@id":"https:\/\/jornalboasnoticias.com.br\/home\/#website","url":"https:\/\/jornalboasnoticias.com.br\/home\/","name":"Jornal Boas Not\u00edcias","description":"Boas not\u00edcias","publisher":{"@id":"https:\/\/jornalboasnoticias.com.br\/home\/#organization"},"potentialAction":[{"@type":"SearchAction","target":{"@type":"EntryPoint","urlTemplate":"https:\/\/jornalboasnoticias.com.br\/home\/?s={search_term_string}"},"query-input":{"@type":"PropertyValueSpecification","valueRequired":true,"valueName":"search_term_string"}}],"inLanguage":"pt-BR"},{"@type":"Organization","@id":"https:\/\/jornalboasnoticias.com.br\/home\/#organization","name":"Coq Editora Ltda","alternateName":"Jornal Boas Noticias","url":"https:\/\/jornalboasnoticias.com.br\/home\/","logo":{"@type":"ImageObject","inLanguage":"pt-BR","@id":"https:\/\/jornalboasnoticias.com.br\/home\/#\/schema\/logo\/image\/","url":"https:\/\/jornalboasnoticias.com.br\/home\/wp-content\/uploads\/2024\/07\/cropped-logo.jpg","contentUrl":"https:\/\/jornalboasnoticias.com.br\/home\/wp-content\/uploads\/2024\/07\/cropped-logo.jpg","width":290,"height":142,"caption":"Coq Editora Ltda"},"image":{"@id":"https:\/\/jornalboasnoticias.com.br\/home\/#\/schema\/logo\/image\/"},"sameAs":["https:\/\/www.facebook.com\/boasnoticiasjornal"]},{"@type":"Person","@id":"https:\/\/jornalboasnoticias.com.br\/home\/#\/schema\/person\/75f9ebde398c998c166475fb446bda62","name":"Luiz Carlos da Cruz","image":{"@type":"ImageObject","inLanguage":"pt-BR","@id":"https:\/\/secure.gravatar.com\/avatar\/e6f4f45301b6cb8572f7b076572e8ac11c1db80e805d8c8d0858cf286ce3ac3b?s=96&d=mm&r=g","url":"https:\/\/secure.gravatar.com\/avatar\/e6f4f45301b6cb8572f7b076572e8ac11c1db80e805d8c8d0858cf286ce3ac3b?s=96&d=mm&r=g","contentUrl":"https:\/\/secure.gravatar.com\/avatar\/e6f4f45301b6cb8572f7b076572e8ac11c1db80e805d8c8d0858cf286ce3ac3b?s=96&d=mm&r=g","caption":"Luiz Carlos da Cruz"},"url":"https:\/\/jornalboasnoticias.com.br\/home\/author\/luiz-carlos-da-cruz\/"}]}},"_links":{"self":[{"href":"https:\/\/jornalboasnoticias.com.br\/home\/wp-json\/wp\/v2\/posts\/43273","targetHints":{"allow":["GET"]}}],"collection":[{"href":"https:\/\/jornalboasnoticias.com.br\/home\/wp-json\/wp\/v2\/posts"}],"about":[{"href":"https:\/\/jornalboasnoticias.com.br\/home\/wp-json\/wp\/v2\/types\/post"}],"author":[{"embeddable":true,"href":"https:\/\/jornalboasnoticias.com.br\/home\/wp-json\/wp\/v2\/users\/3"}],"replies":[{"embeddable":true,"href":"https:\/\/jornalboasnoticias.com.br\/home\/wp-json\/wp\/v2\/comments?post=43273"}],"version-history":[{"count":1,"href":"https:\/\/jornalboasnoticias.com.br\/home\/wp-json\/wp\/v2\/posts\/43273\/revisions"}],"predecessor-version":[{"id":43275,"href":"https:\/\/jornalboasnoticias.com.br\/home\/wp-json\/wp\/v2\/posts\/43273\/revisions\/43275"}],"wp:featuredmedia":[{"embeddable":true,"href":"https:\/\/jornalboasnoticias.com.br\/home\/wp-json\/wp\/v2\/media\/43274"}],"wp:attachment":[{"href":"https:\/\/jornalboasnoticias.com.br\/home\/wp-json\/wp\/v2\/media?parent=43273"}],"wp:term":[{"taxonomy":"category","embeddable":true,"href":"https:\/\/jornalboasnoticias.com.br\/home\/wp-json\/wp\/v2\/categories?post=43273"},{"taxonomy":"post_tag","embeddable":true,"href":"https:\/\/jornalboasnoticias.com.br\/home\/wp-json\/wp\/v2\/tags?post=43273"}],"curies":[{"name":"wp","href":"https:\/\/api.w.org\/{rel}","templated":true}]}}