{"id":43267,"date":"2024-07-29T21:04:23","date_gmt":"2024-07-29T21:04:23","guid":{"rendered":"https:\/\/jornalboasnoticias.com.br\/home\/?p=43267"},"modified":"2024-07-29T21:04:23","modified_gmt":"2024-07-29T21:04:23","slug":"maduro-e-proclamado-presidente-da-venezuela-e-acusa-golpe-de-estado","status":"publish","type":"post","link":"https:\/\/jornalboasnoticias.com.br\/home\/maduro-e-proclamado-presidente-da-venezuela-e-acusa-golpe-de-estado\/","title":{"rendered":"Maduro \u00e9 proclamado presidente da Venezuela e acusa golpe de Estado"},"content":{"rendered":"<p class=\"col-10 offset-1 animated fadeInDown dealy-900 display-8 display-md-8 alt-font font-italic my-1 text-center\" style=\"text-align: center;\"><strong><em>Oposi\u00e7\u00e3o venezuelana e l\u00edderes de outros pa\u00edses questionam resultado<\/em><\/strong><\/p>\n<figure id=\"attachment_43268\" aria-describedby=\"caption-attachment-43268\" style=\"width: 800px\" class=\"wp-caption alignnone\"><img loading=\"lazy\" decoding=\"async\" class=\"wp-image-43268 size-full\" src=\"https:\/\/jornalboasnoticias.com.br\/home\/wp-content\/uploads\/2024\/07\/Maduro.webp\" alt=\"\" width=\"800\" height=\"686\" srcset=\"https:\/\/jornalboasnoticias.com.br\/home\/wp-content\/uploads\/2024\/07\/Maduro.webp 800w, https:\/\/jornalboasnoticias.com.br\/home\/wp-content\/uploads\/2024\/07\/Maduro-300x257.webp 300w, https:\/\/jornalboasnoticias.com.br\/home\/wp-content\/uploads\/2024\/07\/Maduro-768x659.webp 768w\" sizes=\"auto, (max-width: 800px) 100vw, 800px\" \/><figcaption id=\"caption-attachment-43268\" class=\"wp-caption-text\">Fotos P\u00fablicas<\/figcaption><\/figure>\n<p>O Conselho Nacional Eleitoral (CNE) da Venezuela proclamou, na tarde desta segunda-feira (29), Nicol\u00e1s Maduro como presidente do pa\u00eds para o per\u00edodo de 2025 a 2030, para exercer seu terceiro mandato. Ao receber o mandato do CNE, Maduro acusou um suposto golpe de Estado que estaria sendo gestado no pa\u00eds.<\/p>\n<p>\u201cN\u00e3o \u00e9 a primeira vez que enfrentamos o que hoje estamos enfrentando. Est\u00e1 se tentando impor na Venezuela um golpe de Estado, novamente de car\u00e1ter fascista e contrarrevolucion\u00e1rio. Eu posso denomin\u00e1-lo de uma esp\u00e9cie de Guaid\u00f3 2.0\u201d, afirmou Maduro.<\/p>\n<p>Juan Guaid\u00f3 foi um deputado da Assembleia Nacional do pa\u00eds que, em janeiro de 2019, autoproclamou-se presidente da Venezuela, tendo sido reconhecido por cerca de 50 pa\u00edses, entre os quais, Estados Unidos e membros da Uni\u00e3o Europeia.<\/p>\n<p>\u201c[S\u00e3o] os mesmos pa\u00edses que hoje questionam o processo eleitoral venezuelano\u201d, disse Maduro. \u201cA mesma ultradireita, os mesmos grupos dirigidos pelo imp\u00e9rio norte-americano, ensaiam a mesma opera\u00e7\u00e3o\u201d, acrescentou.<\/p>\n<p>O resultado emitido pelo CNE, reconhecido por parte dos candidatos opositores, foi questionada pelo principal advers\u00e1rio de Maduro, o ex-diplomata Edmundo Gonz\u00e1lez. O Conselho Eleitoral deu vit\u00f3ria Maduro por 51,21% dos votos contra 44% de Edmundo Gonz\u00e1lez, com 80% das urnas apuradas.<\/p>\n<p>Segundo a l\u00edder oposicionista Mar\u00eda Corina Machado, os advers\u00e1rios do atual presidente tiveram acesso a 40% das atas eleitorais que mostrariam a vit\u00f3ria de Edmundo. Corina Machado pediu, ent\u00e3o, uma medida das For\u00e7as Armadas. \u201cOs cidad\u00e3os militares. Eles estiveram ali, na primeira fila. Eles viram a gente com alegria, com esperan\u00e7a, organizados de forma c\u00edvica, pac\u00edfica e abrindo os bra\u00e7os a todo o pa\u00eds. Eles sabem. E o dever da For\u00e7a Armada Nacional \u00e9 fazer respeitar a soberania popular expressada no voto. E isso \u00e9 o que esperamos n\u00f3s, os venezuelanos, de cada um dos nossos miliares\u201d, afirmou.<\/p>\n<h2>Ataque\u00a0<em>hacker<\/em><\/h2>\n<p>O CNE denunciou que um ataque<em>\u00a0hacker<\/em>\u00a0tentou desestabilizar a totaliza\u00e7\u00e3o dos votos na Venezuela, o que teria atrasado o an\u00fancio do resultado.<\/p>\n<p>Em pronunciamento nesta segunda-feira, o fiscal-geral do pa\u00eds, Tarek William Saab, disse que o ataque foi promovido do exterior e teria o envolvimento da l\u00edder da oposi\u00e7\u00e3o Mar\u00eda Corina Machado, que deve ser investigada. Corina Machado ainda n\u00e3o se manifestou sobre a den\u00fancia.<\/p>\n<p>Ainda segundo Tarek, o CNE deve publicar \u201cnas pr\u00f3ximas horas\u201d todas as atas eleitorais das mais de 30 mil mesas de vota\u00e7\u00e3o, \u201ctal como historicamente se tem feito gra\u00e7as ao sistema automatizado de vota\u00e7\u00e3o\u201d.<\/p>\n<h2>Atas eleitorais<\/h2>\n<p>Existe a expectativa que o Conselho Nacional Eleitoral da Venezuela publique todas as atas com os resultados eleitorais por urna. Com isso, \u00e9 poss\u00edvel verificar se as atas em poder do CNE s\u00e3o as mesmas impressas na hora da vota\u00e7\u00e3o e que foram distribu\u00eddas aos fiscais da oposi\u00e7\u00e3o ou aos observadores nacionais e internacionais.<\/p>\n<p>L\u00edderes de pa\u00edses ao redor do mundo se dividem entre os que n\u00e3o reconhecem o resultado, como os presidentes do Equador, Daniel Noboa, e da Argentina, Javier Milei; os que n\u00e3o rejeitam o resultado, mas pedem a publica\u00e7\u00e3o das atas, como os governantes da Col\u00f4mbia, dos Estados Unidos, da Uni\u00e3o Europeia, e aqueles que parabenizaram Maduro pela vit\u00f3ria, sem contestar a publica\u00e7\u00e3o das atas, como R\u00fassia, Bol\u00edvia, China e Cuba.<\/p>\n<p>O Minist\u00e9rio das Rela\u00e7\u00f5es Exteriores (MRE) do\u00a0Brasil\u00a0informou, por meio de nota, que aguarda a publica\u00e7\u00e3o pelo CNE dos \u201cdados desagregados por mesa de vota\u00e7\u00e3o, passo indispens\u00e1vel para a transpar\u00eancia, credibilidade e legitimidade do resultado do pleito\u201d.<\/p>\n<p>O comunicado diz que o Brasil \u201creafirma ainda o princ\u00edpio fundamental da soberania popular, a ser observado por meio da verifica\u00e7\u00e3o imparcial dos resultados\u201d.<\/p>\n<p>Questionados pela oposi\u00e7\u00e3o pelo menos desde 2004, os resultados das elei\u00e7\u00f5es venezuelanas costumam ser alvo de desconfian\u00e7a de parte da comunidade internacional. Por\u00e9m, nos \u00faltimos pleitos, organiza\u00e7\u00f5es internacionais como o Centro Carter e a Miss\u00e3o de Observa\u00e7\u00e3o da Uni\u00e3o Europeia n\u00e3o apontaram fraude na vota\u00e7\u00e3o e den\u00fancias de fraudes de\u00a0pleitos\u00a0passados n\u00e3o foram formalizadas no pa\u00eds.<\/p>\n<p><em>Ag\u00eancia Brasil<\/em><\/p>\n","protected":false},"excerpt":{"rendered":"<p>Oposi\u00e7\u00e3o venezuelana e l\u00edderes de outros pa\u00edses questionam resultado O Conselho Nacional Eleitoral (CNE) da<\/p>\n","protected":false},"author":3,"featured_media":43268,"comment_status":"open","ping_status":"open","sticky":false,"template":"","format":"standard","meta":{"footnotes":""},"categories":[3,9],"tags":[84,81],"class_list":["post-43267","post","type-post","status-publish","format-standard","has-post-thumbnail","hentry","category-destaques","category-internacional","tag-cne","tag-venezuela"],"yoast_head":"<!-- This site is optimized with the Yoast SEO plugin v27.5 - https:\/\/yoast.com\/product\/yoast-seo-wordpress\/ -->\n<title>Maduro \u00e9 proclamado presidente da Venezuela e acusa golpe de Estado - Jornal<\/title>\n<meta name=\"description\" content=\"Maduro \u00e9 proclamado presidente da Venezuela e acusa golpe de Estado\" \/>\n<meta name=\"robots\" content=\"index, follow, max-snippet:-1, max-image-preview:large, max-video-preview:-1\" \/>\n<link rel=\"canonical\" href=\"https:\/\/jornalboasnoticias.com.br\/home\/maduro-e-proclamado-presidente-da-venezuela-e-acusa-golpe-de-estado\/\" \/>\n<meta property=\"og:locale\" content=\"pt_BR\" \/>\n<meta property=\"og:type\" content=\"article\" \/>\n<meta property=\"og:title\" content=\"Maduro \u00e9 proclamado presidente da Venezuela e acusa golpe de Estado - Jornal\" \/>\n<meta property=\"og:description\" content=\"Maduro \u00e9 proclamado presidente da Venezuela e acusa golpe de Estado\" \/>\n<meta property=\"og:url\" content=\"https:\/\/jornalboasnoticias.com.br\/home\/maduro-e-proclamado-presidente-da-venezuela-e-acusa-golpe-de-estado\/\" \/>\n<meta property=\"og:site_name\" content=\"Jornal\" \/>\n<meta property=\"article:publisher\" content=\"https:\/\/www.facebook.com\/boasnoticiasjornal\" \/>\n<meta property=\"article:published_time\" content=\"2024-07-29T21:04:23+00:00\" \/>\n<meta property=\"og:image\" content=\"https:\/\/jornalboasnoticias.com.br\/home\/wp-content\/uploads\/2024\/07\/Maduro.webp\" \/>\n\t<meta property=\"og:image:width\" content=\"800\" \/>\n\t<meta property=\"og:image:height\" content=\"686\" \/>\n\t<meta property=\"og:image:type\" content=\"image\/webp\" \/>\n<meta name=\"author\" content=\"Luiz Carlos da Cruz\" \/>\n<meta name=\"twitter:card\" content=\"summary_large_image\" \/>\n<meta name=\"twitter:label1\" content=\"Escrito por\" \/>\n\t<meta name=\"twitter:data1\" content=\"Luiz Carlos da Cruz\" \/>\n\t<meta name=\"twitter:label2\" content=\"Est. tempo de leitura\" \/>\n\t<meta name=\"twitter:data2\" content=\"5 minutos\" \/>\n<script type=\"application\/ld+json\" class=\"yoast-schema-graph\">{\"@context\":\"https:\\\/\\\/schema.org\",\"@graph\":[{\"@type\":\"Article\",\"@id\":\"https:\\\/\\\/jornalboasnoticias.com.br\\\/home\\\/maduro-e-proclamado-presidente-da-venezuela-e-acusa-golpe-de-estado\\\/#article\",\"isPartOf\":{\"@id\":\"https:\\\/\\\/jornalboasnoticias.com.br\\\/home\\\/maduro-e-proclamado-presidente-da-venezuela-e-acusa-golpe-de-estado\\\/\"},\"author\":{\"name\":\"Luiz Carlos da Cruz\",\"@id\":\"https:\\\/\\\/jornalboasnoticias.com.br\\\/home\\\/#\\\/schema\\\/person\\\/75f9ebde398c998c166475fb446bda62\"},\"headline\":\"Maduro \u00e9 proclamado presidente da Venezuela e acusa golpe de Estado\",\"datePublished\":\"2024-07-29T21:04:23+00:00\",\"mainEntityOfPage\":{\"@id\":\"https:\\\/\\\/jornalboasnoticias.com.br\\\/home\\\/maduro-e-proclamado-presidente-da-venezuela-e-acusa-golpe-de-estado\\\/\"},\"wordCount\":743,\"commentCount\":0,\"publisher\":{\"@id\":\"https:\\\/\\\/jornalboasnoticias.com.br\\\/home\\\/#organization\"},\"image\":{\"@id\":\"https:\\\/\\\/jornalboasnoticias.com.br\\\/home\\\/maduro-e-proclamado-presidente-da-venezuela-e-acusa-golpe-de-estado\\\/#primaryimage\"},\"thumbnailUrl\":\"https:\\\/\\\/jornalboasnoticias.com.br\\\/home\\\/wp-content\\\/uploads\\\/2024\\\/07\\\/Maduro.webp\",\"keywords\":[\"CNE\",\"Venezuela\"],\"articleSection\":[\"DESTAQUE\",\"INTERNACIONAL\"],\"inLanguage\":\"pt-BR\",\"potentialAction\":[{\"@type\":\"CommentAction\",\"name\":\"Comment\",\"target\":[\"https:\\\/\\\/jornalboasnoticias.com.br\\\/home\\\/maduro-e-proclamado-presidente-da-venezuela-e-acusa-golpe-de-estado\\\/#respond\"]}]},{\"@type\":\"WebPage\",\"@id\":\"https:\\\/\\\/jornalboasnoticias.com.br\\\/home\\\/maduro-e-proclamado-presidente-da-venezuela-e-acusa-golpe-de-estado\\\/\",\"url\":\"https:\\\/\\\/jornalboasnoticias.com.br\\\/home\\\/maduro-e-proclamado-presidente-da-venezuela-e-acusa-golpe-de-estado\\\/\",\"name\":\"Maduro \u00e9 proclamado presidente da Venezuela e acusa golpe de Estado - Jornal\",\"isPartOf\":{\"@id\":\"https:\\\/\\\/jornalboasnoticias.com.br\\\/home\\\/#website\"},\"primaryImageOfPage\":{\"@id\":\"https:\\\/\\\/jornalboasnoticias.com.br\\\/home\\\/maduro-e-proclamado-presidente-da-venezuela-e-acusa-golpe-de-estado\\\/#primaryimage\"},\"image\":{\"@id\":\"https:\\\/\\\/jornalboasnoticias.com.br\\\/home\\\/maduro-e-proclamado-presidente-da-venezuela-e-acusa-golpe-de-estado\\\/#primaryimage\"},\"thumbnailUrl\":\"https:\\\/\\\/jornalboasnoticias.com.br\\\/home\\\/wp-content\\\/uploads\\\/2024\\\/07\\\/Maduro.webp\",\"datePublished\":\"2024-07-29T21:04:23+00:00\",\"description\":\"Maduro \u00e9 proclamado presidente da Venezuela e acusa golpe de Estado\",\"breadcrumb\":{\"@id\":\"https:\\\/\\\/jornalboasnoticias.com.br\\\/home\\\/maduro-e-proclamado-presidente-da-venezuela-e-acusa-golpe-de-estado\\\/#breadcrumb\"},\"inLanguage\":\"pt-BR\",\"potentialAction\":[{\"@type\":\"ReadAction\",\"target\":[\"https:\\\/\\\/jornalboasnoticias.com.br\\\/home\\\/maduro-e-proclamado-presidente-da-venezuela-e-acusa-golpe-de-estado\\\/\"]}]},{\"@type\":\"ImageObject\",\"inLanguage\":\"pt-BR\",\"@id\":\"https:\\\/\\\/jornalboasnoticias.com.br\\\/home\\\/maduro-e-proclamado-presidente-da-venezuela-e-acusa-golpe-de-estado\\\/#primaryimage\",\"url\":\"https:\\\/\\\/jornalboasnoticias.com.br\\\/home\\\/wp-content\\\/uploads\\\/2024\\\/07\\\/Maduro.webp\",\"contentUrl\":\"https:\\\/\\\/jornalboasnoticias.com.br\\\/home\\\/wp-content\\\/uploads\\\/2024\\\/07\\\/Maduro.webp\",\"width\":800,\"height\":686,\"caption\":\"Fotos P\u00fablicas\"},{\"@type\":\"BreadcrumbList\",\"@id\":\"https:\\\/\\\/jornalboasnoticias.com.br\\\/home\\\/maduro-e-proclamado-presidente-da-venezuela-e-acusa-golpe-de-estado\\\/#breadcrumb\",\"itemListElement\":[{\"@type\":\"ListItem\",\"position\":1,\"name\":\"In\u00edcio\",\"item\":\"https:\\\/\\\/jornalboasnoticias.com.br\\\/home\\\/\"},{\"@type\":\"ListItem\",\"position\":2,\"name\":\"Maduro \u00e9 proclamado presidente da Venezuela e acusa golpe de Estado\"}]},{\"@type\":\"WebSite\",\"@id\":\"https:\\\/\\\/jornalboasnoticias.com.br\\\/home\\\/#website\",\"url\":\"https:\\\/\\\/jornalboasnoticias.com.br\\\/home\\\/\",\"name\":\"Jornal Boas Not\u00edcias\",\"description\":\"Boas not\u00edcias\",\"publisher\":{\"@id\":\"https:\\\/\\\/jornalboasnoticias.com.br\\\/home\\\/#organization\"},\"potentialAction\":[{\"@type\":\"SearchAction\",\"target\":{\"@type\":\"EntryPoint\",\"urlTemplate\":\"https:\\\/\\\/jornalboasnoticias.com.br\\\/home\\\/?s={search_term_string}\"},\"query-input\":{\"@type\":\"PropertyValueSpecification\",\"valueRequired\":true,\"valueName\":\"search_term_string\"}}],\"inLanguage\":\"pt-BR\"},{\"@type\":\"Organization\",\"@id\":\"https:\\\/\\\/jornalboasnoticias.com.br\\\/home\\\/#organization\",\"name\":\"Coq Editora Ltda\",\"alternateName\":\"Jornal Boas Noticias\",\"url\":\"https:\\\/\\\/jornalboasnoticias.com.br\\\/home\\\/\",\"logo\":{\"@type\":\"ImageObject\",\"inLanguage\":\"pt-BR\",\"@id\":\"https:\\\/\\\/jornalboasnoticias.com.br\\\/home\\\/#\\\/schema\\\/logo\\\/image\\\/\",\"url\":\"https:\\\/\\\/jornalboasnoticias.com.br\\\/home\\\/wp-content\\\/uploads\\\/2024\\\/07\\\/cropped-logo.jpg\",\"contentUrl\":\"https:\\\/\\\/jornalboasnoticias.com.br\\\/home\\\/wp-content\\\/uploads\\\/2024\\\/07\\\/cropped-logo.jpg\",\"width\":290,\"height\":142,\"caption\":\"Coq Editora Ltda\"},\"image\":{\"@id\":\"https:\\\/\\\/jornalboasnoticias.com.br\\\/home\\\/#\\\/schema\\\/logo\\\/image\\\/\"},\"sameAs\":[\"https:\\\/\\\/www.facebook.com\\\/boasnoticiasjornal\"]},{\"@type\":\"Person\",\"@id\":\"https:\\\/\\\/jornalboasnoticias.com.br\\\/home\\\/#\\\/schema\\\/person\\\/75f9ebde398c998c166475fb446bda62\",\"name\":\"Luiz Carlos da Cruz\",\"image\":{\"@type\":\"ImageObject\",\"inLanguage\":\"pt-BR\",\"@id\":\"https:\\\/\\\/secure.gravatar.com\\\/avatar\\\/e6f4f45301b6cb8572f7b076572e8ac11c1db80e805d8c8d0858cf286ce3ac3b?s=96&d=mm&r=g\",\"url\":\"https:\\\/\\\/secure.gravatar.com\\\/avatar\\\/e6f4f45301b6cb8572f7b076572e8ac11c1db80e805d8c8d0858cf286ce3ac3b?s=96&d=mm&r=g\",\"contentUrl\":\"https:\\\/\\\/secure.gravatar.com\\\/avatar\\\/e6f4f45301b6cb8572f7b076572e8ac11c1db80e805d8c8d0858cf286ce3ac3b?s=96&d=mm&r=g\",\"caption\":\"Luiz Carlos da Cruz\"},\"url\":\"https:\\\/\\\/jornalboasnoticias.com.br\\\/home\\\/author\\\/luiz-carlos-da-cruz\\\/\"}]}<\/script>\n<!-- \/ Yoast SEO plugin. -->","yoast_head_json":{"title":"Maduro \u00e9 proclamado presidente da Venezuela e acusa golpe de Estado - Jornal","description":"Maduro \u00e9 proclamado presidente da Venezuela e acusa golpe de Estado","robots":{"index":"index","follow":"follow","max-snippet":"max-snippet:-1","max-image-preview":"max-image-preview:large","max-video-preview":"max-video-preview:-1"},"canonical":"https:\/\/jornalboasnoticias.com.br\/home\/maduro-e-proclamado-presidente-da-venezuela-e-acusa-golpe-de-estado\/","og_locale":"pt_BR","og_type":"article","og_title":"Maduro \u00e9 proclamado presidente da Venezuela e acusa golpe de Estado - Jornal","og_description":"Maduro \u00e9 proclamado presidente da Venezuela e acusa golpe de Estado","og_url":"https:\/\/jornalboasnoticias.com.br\/home\/maduro-e-proclamado-presidente-da-venezuela-e-acusa-golpe-de-estado\/","og_site_name":"Jornal","article_publisher":"https:\/\/www.facebook.com\/boasnoticiasjornal","article_published_time":"2024-07-29T21:04:23+00:00","og_image":[{"width":800,"height":686,"url":"https:\/\/jornalboasnoticias.com.br\/home\/wp-content\/uploads\/2024\/07\/Maduro.webp","type":"image\/webp"}],"author":"Luiz Carlos da Cruz","twitter_card":"summary_large_image","twitter_misc":{"Escrito por":"Luiz Carlos da Cruz","Est. tempo de leitura":"5 minutos"},"schema":{"@context":"https:\/\/schema.org","@graph":[{"@type":"Article","@id":"https:\/\/jornalboasnoticias.com.br\/home\/maduro-e-proclamado-presidente-da-venezuela-e-acusa-golpe-de-estado\/#article","isPartOf":{"@id":"https:\/\/jornalboasnoticias.com.br\/home\/maduro-e-proclamado-presidente-da-venezuela-e-acusa-golpe-de-estado\/"},"author":{"name":"Luiz Carlos da Cruz","@id":"https:\/\/jornalboasnoticias.com.br\/home\/#\/schema\/person\/75f9ebde398c998c166475fb446bda62"},"headline":"Maduro \u00e9 proclamado presidente da Venezuela e acusa golpe de Estado","datePublished":"2024-07-29T21:04:23+00:00","mainEntityOfPage":{"@id":"https:\/\/jornalboasnoticias.com.br\/home\/maduro-e-proclamado-presidente-da-venezuela-e-acusa-golpe-de-estado\/"},"wordCount":743,"commentCount":0,"publisher":{"@id":"https:\/\/jornalboasnoticias.com.br\/home\/#organization"},"image":{"@id":"https:\/\/jornalboasnoticias.com.br\/home\/maduro-e-proclamado-presidente-da-venezuela-e-acusa-golpe-de-estado\/#primaryimage"},"thumbnailUrl":"https:\/\/jornalboasnoticias.com.br\/home\/wp-content\/uploads\/2024\/07\/Maduro.webp","keywords":["CNE","Venezuela"],"articleSection":["DESTAQUE","INTERNACIONAL"],"inLanguage":"pt-BR","potentialAction":[{"@type":"CommentAction","name":"Comment","target":["https:\/\/jornalboasnoticias.com.br\/home\/maduro-e-proclamado-presidente-da-venezuela-e-acusa-golpe-de-estado\/#respond"]}]},{"@type":"WebPage","@id":"https:\/\/jornalboasnoticias.com.br\/home\/maduro-e-proclamado-presidente-da-venezuela-e-acusa-golpe-de-estado\/","url":"https:\/\/jornalboasnoticias.com.br\/home\/maduro-e-proclamado-presidente-da-venezuela-e-acusa-golpe-de-estado\/","name":"Maduro \u00e9 proclamado presidente da Venezuela e acusa golpe de Estado - Jornal","isPartOf":{"@id":"https:\/\/jornalboasnoticias.com.br\/home\/#website"},"primaryImageOfPage":{"@id":"https:\/\/jornalboasnoticias.com.br\/home\/maduro-e-proclamado-presidente-da-venezuela-e-acusa-golpe-de-estado\/#primaryimage"},"image":{"@id":"https:\/\/jornalboasnoticias.com.br\/home\/maduro-e-proclamado-presidente-da-venezuela-e-acusa-golpe-de-estado\/#primaryimage"},"thumbnailUrl":"https:\/\/jornalboasnoticias.com.br\/home\/wp-content\/uploads\/2024\/07\/Maduro.webp","datePublished":"2024-07-29T21:04:23+00:00","description":"Maduro \u00e9 proclamado presidente da Venezuela e acusa golpe de Estado","breadcrumb":{"@id":"https:\/\/jornalboasnoticias.com.br\/home\/maduro-e-proclamado-presidente-da-venezuela-e-acusa-golpe-de-estado\/#breadcrumb"},"inLanguage":"pt-BR","potentialAction":[{"@type":"ReadAction","target":["https:\/\/jornalboasnoticias.com.br\/home\/maduro-e-proclamado-presidente-da-venezuela-e-acusa-golpe-de-estado\/"]}]},{"@type":"ImageObject","inLanguage":"pt-BR","@id":"https:\/\/jornalboasnoticias.com.br\/home\/maduro-e-proclamado-presidente-da-venezuela-e-acusa-golpe-de-estado\/#primaryimage","url":"https:\/\/jornalboasnoticias.com.br\/home\/wp-content\/uploads\/2024\/07\/Maduro.webp","contentUrl":"https:\/\/jornalboasnoticias.com.br\/home\/wp-content\/uploads\/2024\/07\/Maduro.webp","width":800,"height":686,"caption":"Fotos P\u00fablicas"},{"@type":"BreadcrumbList","@id":"https:\/\/jornalboasnoticias.com.br\/home\/maduro-e-proclamado-presidente-da-venezuela-e-acusa-golpe-de-estado\/#breadcrumb","itemListElement":[{"@type":"ListItem","position":1,"name":"In\u00edcio","item":"https:\/\/jornalboasnoticias.com.br\/home\/"},{"@type":"ListItem","position":2,"name":"Maduro \u00e9 proclamado presidente da Venezuela e acusa golpe de Estado"}]},{"@type":"WebSite","@id":"https:\/\/jornalboasnoticias.com.br\/home\/#website","url":"https:\/\/jornalboasnoticias.com.br\/home\/","name":"Jornal Boas Not\u00edcias","description":"Boas not\u00edcias","publisher":{"@id":"https:\/\/jornalboasnoticias.com.br\/home\/#organization"},"potentialAction":[{"@type":"SearchAction","target":{"@type":"EntryPoint","urlTemplate":"https:\/\/jornalboasnoticias.com.br\/home\/?s={search_term_string}"},"query-input":{"@type":"PropertyValueSpecification","valueRequired":true,"valueName":"search_term_string"}}],"inLanguage":"pt-BR"},{"@type":"Organization","@id":"https:\/\/jornalboasnoticias.com.br\/home\/#organization","name":"Coq Editora Ltda","alternateName":"Jornal Boas Noticias","url":"https:\/\/jornalboasnoticias.com.br\/home\/","logo":{"@type":"ImageObject","inLanguage":"pt-BR","@id":"https:\/\/jornalboasnoticias.com.br\/home\/#\/schema\/logo\/image\/","url":"https:\/\/jornalboasnoticias.com.br\/home\/wp-content\/uploads\/2024\/07\/cropped-logo.jpg","contentUrl":"https:\/\/jornalboasnoticias.com.br\/home\/wp-content\/uploads\/2024\/07\/cropped-logo.jpg","width":290,"height":142,"caption":"Coq Editora Ltda"},"image":{"@id":"https:\/\/jornalboasnoticias.com.br\/home\/#\/schema\/logo\/image\/"},"sameAs":["https:\/\/www.facebook.com\/boasnoticiasjornal"]},{"@type":"Person","@id":"https:\/\/jornalboasnoticias.com.br\/home\/#\/schema\/person\/75f9ebde398c998c166475fb446bda62","name":"Luiz Carlos da Cruz","image":{"@type":"ImageObject","inLanguage":"pt-BR","@id":"https:\/\/secure.gravatar.com\/avatar\/e6f4f45301b6cb8572f7b076572e8ac11c1db80e805d8c8d0858cf286ce3ac3b?s=96&d=mm&r=g","url":"https:\/\/secure.gravatar.com\/avatar\/e6f4f45301b6cb8572f7b076572e8ac11c1db80e805d8c8d0858cf286ce3ac3b?s=96&d=mm&r=g","contentUrl":"https:\/\/secure.gravatar.com\/avatar\/e6f4f45301b6cb8572f7b076572e8ac11c1db80e805d8c8d0858cf286ce3ac3b?s=96&d=mm&r=g","caption":"Luiz Carlos da Cruz"},"url":"https:\/\/jornalboasnoticias.com.br\/home\/author\/luiz-carlos-da-cruz\/"}]}},"_links":{"self":[{"href":"https:\/\/jornalboasnoticias.com.br\/home\/wp-json\/wp\/v2\/posts\/43267","targetHints":{"allow":["GET"]}}],"collection":[{"href":"https:\/\/jornalboasnoticias.com.br\/home\/wp-json\/wp\/v2\/posts"}],"about":[{"href":"https:\/\/jornalboasnoticias.com.br\/home\/wp-json\/wp\/v2\/types\/post"}],"author":[{"embeddable":true,"href":"https:\/\/jornalboasnoticias.com.br\/home\/wp-json\/wp\/v2\/users\/3"}],"replies":[{"embeddable":true,"href":"https:\/\/jornalboasnoticias.com.br\/home\/wp-json\/wp\/v2\/comments?post=43267"}],"version-history":[{"count":1,"href":"https:\/\/jornalboasnoticias.com.br\/home\/wp-json\/wp\/v2\/posts\/43267\/revisions"}],"predecessor-version":[{"id":43269,"href":"https:\/\/jornalboasnoticias.com.br\/home\/wp-json\/wp\/v2\/posts\/43267\/revisions\/43269"}],"wp:featuredmedia":[{"embeddable":true,"href":"https:\/\/jornalboasnoticias.com.br\/home\/wp-json\/wp\/v2\/media\/43268"}],"wp:attachment":[{"href":"https:\/\/jornalboasnoticias.com.br\/home\/wp-json\/wp\/v2\/media?parent=43267"}],"wp:term":[{"taxonomy":"category","embeddable":true,"href":"https:\/\/jornalboasnoticias.com.br\/home\/wp-json\/wp\/v2\/categories?post=43267"},{"taxonomy":"post_tag","embeddable":true,"href":"https:\/\/jornalboasnoticias.com.br\/home\/wp-json\/wp\/v2\/tags?post=43267"}],"curies":[{"name":"wp","href":"https:\/\/api.w.org\/{rel}","templated":true}]}}