{"id":43259,"date":"2024-07-28T22:42:04","date_gmt":"2024-07-28T22:42:04","guid":{"rendered":"https:\/\/jornalboasnoticias.com.br\/home\/?p=43259"},"modified":"2024-07-28T22:42:04","modified_gmt":"2024-07-28T22:42:04","slug":"em-evento-da-assembleia-de-deus-daniel-vilela-diz-que-rabalho-social-das-igrejas-e-de-extrema-importancia-para-o-governo-de-goias","status":"publish","type":"post","link":"https:\/\/jornalboasnoticias.com.br\/home\/em-evento-da-assembleia-de-deus-daniel-vilela-diz-que-rabalho-social-das-igrejas-e-de-extrema-importancia-para-o-governo-de-goias\/","title":{"rendered":"Em evento da Assembleia de Deus, Daniel Vilela diz que \u201crabalho social das igrejas \u00e9 de extrema import\u00e2ncia para o Governo de Goi\u00e1s\u201d"},"content":{"rendered":"<p class=\"entry-sub-title\" style=\"text-align: center;\"><strong><em>Vice-governador lan\u00e7ou luz sobre atua\u00e7\u00e3o das institui\u00e7\u00f5es religiosas durante celebra\u00e7\u00e3o pelos 58 anos do pastor Josu\u00e9 Gouveia, presidente da Assembleia de Deus \u2013 Minist\u00e9rio Vila Nova<\/em><\/strong><\/p>\n<p><img loading=\"lazy\" decoding=\"async\" class=\"alignnone wp-image-43260 size-full\" src=\"https:\/\/jornalboasnoticias.com.br\/home\/wp-content\/uploads\/2024\/07\/1-1.jpg\" alt=\"\" width=\"1400\" height=\"933\" srcset=\"https:\/\/jornalboasnoticias.com.br\/home\/wp-content\/uploads\/2024\/07\/1-1.jpg 1400w, https:\/\/jornalboasnoticias.com.br\/home\/wp-content\/uploads\/2024\/07\/1-1-300x200.jpg 300w, https:\/\/jornalboasnoticias.com.br\/home\/wp-content\/uploads\/2024\/07\/1-1-1024x682.jpg 1024w, https:\/\/jornalboasnoticias.com.br\/home\/wp-content\/uploads\/2024\/07\/1-1-768x512.jpg 768w, https:\/\/jornalboasnoticias.com.br\/home\/wp-content\/uploads\/2024\/07\/1-1-900x600.jpg 900w\" sizes=\"auto, (max-width: 1400px) 100vw, 1400px\" \/><\/p>\n<p>Ao prestigiar o anivers\u00e1rio de 58 anos do pastor-presidente da Assembleia de Deus \u2013 Minist\u00e9rio Vila Nova, Josu\u00e9 Gouveia, o vice-governador de Goi\u00e1s, Daniel Vilela, destacou a relev\u00e2ncia da atua\u00e7\u00e3o da igreja evang\u00e9lica nas \u00e1reas assistencial e educacional, entre outras. Segundo ele, o trabalho das institui\u00e7\u00f5es religiosas \u00e9 de \u201ctamanha import\u00e2ncia\u201d que o Governo do Estado as considera como \u201cimprescind\u00edveis\u201d na busca por mais qualidade de vida para os goianos.<\/p>\n<p>\u201cAs igrejas s\u00e3o parceiras da nossa gest\u00e3o. Amparam as fam\u00edlias mais vulner\u00e1veis, auxiliam na educa\u00e7\u00e3o de crian\u00e7as e adolescentes atrav\u00e9s das escolas que mant\u00eam e contribuem sistematicamente com as pol\u00edticas p\u00fablicas que este governo formula para aumentar ainda mais a rede de prote\u00e7\u00e3o social em Goi\u00e1s\u201d, afirmou Daniel.<\/p>\n<p>A fim de reafirmar a for\u00e7a dos minist\u00e9rios religiosos no apoio aos que mais necessitam, o vice-governador ressaltou a capilaridade da Assembleia de Deus \u2013 Vila Nova: s\u00e3o 350 igrejas distribu\u00eddas em cinco estados brasileiros, al\u00e9m de tamb\u00e9m estar presente em pa\u00edses como Portugal e Inglaterra, totalizando cerca de 27 mil membros.<\/p>\n<p>No p\u00falpito da igreja-sede localizada na Vila Nova, em Goi\u00e2nia, Daniel Vilela ainda deixou uma mensagem direcionada ao pastor-aniversariante, parabenizado por ele tamb\u00e9m em nome do governador Ronaldo Caiado, que cumpria agenda em Aruan\u00e3, no Vale do Araguaia. \u201cViemos aqui para honr\u00e1-los\u201d, disse ele a Josu\u00e9 e \u00e0 sua mulher, Simone Gouveia. O pastor tamb\u00e9m \u00e9 o 2\u00ba vice-presidente da Conven\u00e7\u00e3o Estadual das Assembleias de Deus \u2013 Estado de Goi\u00e1s (CONEMAD\/GO).<\/p>\n<p>\u201cJ\u00e1 s\u00e3o 12 anos como presidente deste minist\u00e9rio. O senhor \u00e9 um l\u00edder que tem contribu\u00eddo de forma significativa com o estado de Goi\u00e1s. Saiba da nossa defer\u00eancia, do nosso respeito e da nossa satisfa\u00e7\u00e3o por termos um de seus filhos como um dos grandes colaboradores deste governo\u201d, afirmou Daniel, referindo-se a Rafael Gouveia, presidente da Ag\u00eancia Goiana de Assist\u00eancia T\u00e9cnica, Extens\u00e3o Rural e Pesquisa Agropecu\u00e1ria (Emater).<\/p>\n<p>O anivers\u00e1rio foi prestigiado por crist\u00e3os de diversas congrega\u00e7\u00f5es, incluindo os presidentes dos Minist\u00e9rios Fama e Campinas, respectivamente os pastores Abinir Vargas e O\u00eddes Jos\u00e9 do Carmo. O vice-governador foi \u00e0 celebra\u00e7\u00e3o acompanhado pelo ex-prefeito de Aparecida de Goi\u00e2nia Gustavo Mendanha; e por dois pr\u00e9-candidatos a prefeito: Leandro Vilela, que concorre em Aparecida; e Sandro Mabel, que disputa em Goi\u00e2nia. Tamb\u00e9m estavam presentes os deputados estaduais Henrique C\u00e9sar e J\u00falio de Pina.<\/p>\n<p><em>As informa\u00e7\u00f5es s\u00e3o do Jornal Hora Extra<\/em><\/p>\n","protected":false},"excerpt":{"rendered":"<p>Vice-governador lan\u00e7ou luz sobre atua\u00e7\u00e3o das institui\u00e7\u00f5es religiosas durante celebra\u00e7\u00e3o pelos 58 anos do pastor<\/p>\n","protected":false},"author":3,"featured_media":43260,"comment_status":"open","ping_status":"open","sticky":false,"template":"","format":"standard","meta":{"footnotes":""},"categories":[6,3],"tags":[82],"class_list":["post-43259","post","type-post","status-publish","format-standard","has-post-thumbnail","hentry","category-brasil","category-destaques","tag-assembleia-de-deus"],"yoast_head":"<!-- This site is optimized with the Yoast SEO plugin v27.5 - https:\/\/yoast.com\/product\/yoast-seo-wordpress\/ -->\n<title>Em evento da Assembleia de Deus, Daniel Vilela diz que \u201crabalho social das igrejas \u00e9 de extrema import\u00e2ncia para o Governo de Goi\u00e1s\u201d - Jornal<\/title>\n<meta name=\"description\" content=\"Em evento da Assembleia de Deus, Daniel Vilela diz que \u201crabalho social das igrejas \u00e9 de extrema import\u00e2ncia para o Governo de Goi\u00e1s\u201d\" \/>\n<meta name=\"robots\" content=\"index, follow, max-snippet:-1, max-image-preview:large, max-video-preview:-1\" \/>\n<link rel=\"canonical\" href=\"https:\/\/jornalboasnoticias.com.br\/home\/em-evento-da-assembleia-de-deus-daniel-vilela-diz-que-rabalho-social-das-igrejas-e-de-extrema-importancia-para-o-governo-de-goias\/\" \/>\n<meta property=\"og:locale\" content=\"pt_BR\" \/>\n<meta property=\"og:type\" content=\"article\" \/>\n<meta property=\"og:title\" content=\"Em evento da Assembleia de Deus, Daniel Vilela diz que \u201crabalho social das igrejas \u00e9 de extrema import\u00e2ncia para o Governo de Goi\u00e1s\u201d - Jornal\" \/>\n<meta property=\"og:description\" content=\"Em evento da Assembleia de Deus, Daniel Vilela diz que \u201crabalho social das igrejas \u00e9 de extrema import\u00e2ncia para o Governo de Goi\u00e1s\u201d\" \/>\n<meta property=\"og:url\" content=\"https:\/\/jornalboasnoticias.com.br\/home\/em-evento-da-assembleia-de-deus-daniel-vilela-diz-que-rabalho-social-das-igrejas-e-de-extrema-importancia-para-o-governo-de-goias\/\" \/>\n<meta property=\"og:site_name\" content=\"Jornal\" \/>\n<meta property=\"article:publisher\" content=\"https:\/\/www.facebook.com\/boasnoticiasjornal\" \/>\n<meta property=\"article:published_time\" content=\"2024-07-28T22:42:04+00:00\" \/>\n<meta property=\"og:image\" content=\"https:\/\/jornalboasnoticias.com.br\/home\/wp-content\/uploads\/2024\/07\/1-1.jpg\" \/>\n\t<meta property=\"og:image:width\" content=\"1400\" \/>\n\t<meta property=\"og:image:height\" content=\"933\" \/>\n\t<meta property=\"og:image:type\" content=\"image\/jpeg\" \/>\n<meta name=\"author\" content=\"Luiz Carlos da Cruz\" \/>\n<meta name=\"twitter:card\" content=\"summary_large_image\" \/>\n<meta name=\"twitter:label1\" content=\"Escrito por\" \/>\n\t<meta name=\"twitter:data1\" content=\"Luiz Carlos da Cruz\" \/>\n\t<meta name=\"twitter:label2\" content=\"Est. tempo de leitura\" \/>\n\t<meta name=\"twitter:data2\" content=\"2 minutos\" \/>\n<script type=\"application\/ld+json\" class=\"yoast-schema-graph\">{\"@context\":\"https:\\\/\\\/schema.org\",\"@graph\":[{\"@type\":\"Article\",\"@id\":\"https:\\\/\\\/jornalboasnoticias.com.br\\\/home\\\/em-evento-da-assembleia-de-deus-daniel-vilela-diz-que-rabalho-social-das-igrejas-e-de-extrema-importancia-para-o-governo-de-goias\\\/#article\",\"isPartOf\":{\"@id\":\"https:\\\/\\\/jornalboasnoticias.com.br\\\/home\\\/em-evento-da-assembleia-de-deus-daniel-vilela-diz-que-rabalho-social-das-igrejas-e-de-extrema-importancia-para-o-governo-de-goias\\\/\"},\"author\":{\"name\":\"Luiz Carlos da Cruz\",\"@id\":\"https:\\\/\\\/jornalboasnoticias.com.br\\\/home\\\/#\\\/schema\\\/person\\\/75f9ebde398c998c166475fb446bda62\"},\"headline\":\"Em evento da Assembleia de Deus, Daniel Vilela diz que \u201crabalho social das igrejas \u00e9 de extrema import\u00e2ncia para o Governo de Goi\u00e1s\u201d\",\"datePublished\":\"2024-07-28T22:42:04+00:00\",\"mainEntityOfPage\":{\"@id\":\"https:\\\/\\\/jornalboasnoticias.com.br\\\/home\\\/em-evento-da-assembleia-de-deus-daniel-vilela-diz-que-rabalho-social-das-igrejas-e-de-extrema-importancia-para-o-governo-de-goias\\\/\"},\"wordCount\":489,\"commentCount\":0,\"publisher\":{\"@id\":\"https:\\\/\\\/jornalboasnoticias.com.br\\\/home\\\/#organization\"},\"image\":{\"@id\":\"https:\\\/\\\/jornalboasnoticias.com.br\\\/home\\\/em-evento-da-assembleia-de-deus-daniel-vilela-diz-que-rabalho-social-das-igrejas-e-de-extrema-importancia-para-o-governo-de-goias\\\/#primaryimage\"},\"thumbnailUrl\":\"https:\\\/\\\/jornalboasnoticias.com.br\\\/home\\\/wp-content\\\/uploads\\\/2024\\\/07\\\/1-1.jpg\",\"keywords\":[\"Assembleia de Deus\"],\"articleSection\":[\"BRASIL\",\"DESTAQUE\"],\"inLanguage\":\"pt-BR\",\"potentialAction\":[{\"@type\":\"CommentAction\",\"name\":\"Comment\",\"target\":[\"https:\\\/\\\/jornalboasnoticias.com.br\\\/home\\\/em-evento-da-assembleia-de-deus-daniel-vilela-diz-que-rabalho-social-das-igrejas-e-de-extrema-importancia-para-o-governo-de-goias\\\/#respond\"]}]},{\"@type\":\"WebPage\",\"@id\":\"https:\\\/\\\/jornalboasnoticias.com.br\\\/home\\\/em-evento-da-assembleia-de-deus-daniel-vilela-diz-que-rabalho-social-das-igrejas-e-de-extrema-importancia-para-o-governo-de-goias\\\/\",\"url\":\"https:\\\/\\\/jornalboasnoticias.com.br\\\/home\\\/em-evento-da-assembleia-de-deus-daniel-vilela-diz-que-rabalho-social-das-igrejas-e-de-extrema-importancia-para-o-governo-de-goias\\\/\",\"name\":\"Em evento da Assembleia de Deus, Daniel Vilela diz que \u201crabalho social das igrejas \u00e9 de extrema import\u00e2ncia para o Governo de Goi\u00e1s\u201d - Jornal\",\"isPartOf\":{\"@id\":\"https:\\\/\\\/jornalboasnoticias.com.br\\\/home\\\/#website\"},\"primaryImageOfPage\":{\"@id\":\"https:\\\/\\\/jornalboasnoticias.com.br\\\/home\\\/em-evento-da-assembleia-de-deus-daniel-vilela-diz-que-rabalho-social-das-igrejas-e-de-extrema-importancia-para-o-governo-de-goias\\\/#primaryimage\"},\"image\":{\"@id\":\"https:\\\/\\\/jornalboasnoticias.com.br\\\/home\\\/em-evento-da-assembleia-de-deus-daniel-vilela-diz-que-rabalho-social-das-igrejas-e-de-extrema-importancia-para-o-governo-de-goias\\\/#primaryimage\"},\"thumbnailUrl\":\"https:\\\/\\\/jornalboasnoticias.com.br\\\/home\\\/wp-content\\\/uploads\\\/2024\\\/07\\\/1-1.jpg\",\"datePublished\":\"2024-07-28T22:42:04+00:00\",\"description\":\"Em evento da Assembleia de Deus, Daniel Vilela diz que \u201crabalho social das igrejas \u00e9 de extrema import\u00e2ncia para o Governo de Goi\u00e1s\u201d\",\"breadcrumb\":{\"@id\":\"https:\\\/\\\/jornalboasnoticias.com.br\\\/home\\\/em-evento-da-assembleia-de-deus-daniel-vilela-diz-que-rabalho-social-das-igrejas-e-de-extrema-importancia-para-o-governo-de-goias\\\/#breadcrumb\"},\"inLanguage\":\"pt-BR\",\"potentialAction\":[{\"@type\":\"ReadAction\",\"target\":[\"https:\\\/\\\/jornalboasnoticias.com.br\\\/home\\\/em-evento-da-assembleia-de-deus-daniel-vilela-diz-que-rabalho-social-das-igrejas-e-de-extrema-importancia-para-o-governo-de-goias\\\/\"]}]},{\"@type\":\"ImageObject\",\"inLanguage\":\"pt-BR\",\"@id\":\"https:\\\/\\\/jornalboasnoticias.com.br\\\/home\\\/em-evento-da-assembleia-de-deus-daniel-vilela-diz-que-rabalho-social-das-igrejas-e-de-extrema-importancia-para-o-governo-de-goias\\\/#primaryimage\",\"url\":\"https:\\\/\\\/jornalboasnoticias.com.br\\\/home\\\/wp-content\\\/uploads\\\/2024\\\/07\\\/1-1.jpg\",\"contentUrl\":\"https:\\\/\\\/jornalboasnoticias.com.br\\\/home\\\/wp-content\\\/uploads\\\/2024\\\/07\\\/1-1.jpg\",\"width\":1400,\"height\":933},{\"@type\":\"BreadcrumbList\",\"@id\":\"https:\\\/\\\/jornalboasnoticias.com.br\\\/home\\\/em-evento-da-assembleia-de-deus-daniel-vilela-diz-que-rabalho-social-das-igrejas-e-de-extrema-importancia-para-o-governo-de-goias\\\/#breadcrumb\",\"itemListElement\":[{\"@type\":\"ListItem\",\"position\":1,\"name\":\"In\u00edcio\",\"item\":\"https:\\\/\\\/jornalboasnoticias.com.br\\\/home\\\/\"},{\"@type\":\"ListItem\",\"position\":2,\"name\":\"Em evento da Assembleia de Deus, Daniel Vilela diz que \u201crabalho social das igrejas \u00e9 de extrema import\u00e2ncia para o Governo de Goi\u00e1s\u201d\"}]},{\"@type\":\"WebSite\",\"@id\":\"https:\\\/\\\/jornalboasnoticias.com.br\\\/home\\\/#website\",\"url\":\"https:\\\/\\\/jornalboasnoticias.com.br\\\/home\\\/\",\"name\":\"Jornal Boas Not\u00edcias\",\"description\":\"Boas not\u00edcias\",\"publisher\":{\"@id\":\"https:\\\/\\\/jornalboasnoticias.com.br\\\/home\\\/#organization\"},\"potentialAction\":[{\"@type\":\"SearchAction\",\"target\":{\"@type\":\"EntryPoint\",\"urlTemplate\":\"https:\\\/\\\/jornalboasnoticias.com.br\\\/home\\\/?s={search_term_string}\"},\"query-input\":{\"@type\":\"PropertyValueSpecification\",\"valueRequired\":true,\"valueName\":\"search_term_string\"}}],\"inLanguage\":\"pt-BR\"},{\"@type\":\"Organization\",\"@id\":\"https:\\\/\\\/jornalboasnoticias.com.br\\\/home\\\/#organization\",\"name\":\"Coq Editora Ltda\",\"alternateName\":\"Jornal Boas Noticias\",\"url\":\"https:\\\/\\\/jornalboasnoticias.com.br\\\/home\\\/\",\"logo\":{\"@type\":\"ImageObject\",\"inLanguage\":\"pt-BR\",\"@id\":\"https:\\\/\\\/jornalboasnoticias.com.br\\\/home\\\/#\\\/schema\\\/logo\\\/image\\\/\",\"url\":\"https:\\\/\\\/jornalboasnoticias.com.br\\\/home\\\/wp-content\\\/uploads\\\/2024\\\/07\\\/cropped-logo.jpg\",\"contentUrl\":\"https:\\\/\\\/jornalboasnoticias.com.br\\\/home\\\/wp-content\\\/uploads\\\/2024\\\/07\\\/cropped-logo.jpg\",\"width\":290,\"height\":142,\"caption\":\"Coq Editora Ltda\"},\"image\":{\"@id\":\"https:\\\/\\\/jornalboasnoticias.com.br\\\/home\\\/#\\\/schema\\\/logo\\\/image\\\/\"},\"sameAs\":[\"https:\\\/\\\/www.facebook.com\\\/boasnoticiasjornal\"]},{\"@type\":\"Person\",\"@id\":\"https:\\\/\\\/jornalboasnoticias.com.br\\\/home\\\/#\\\/schema\\\/person\\\/75f9ebde398c998c166475fb446bda62\",\"name\":\"Luiz Carlos da Cruz\",\"image\":{\"@type\":\"ImageObject\",\"inLanguage\":\"pt-BR\",\"@id\":\"https:\\\/\\\/secure.gravatar.com\\\/avatar\\\/e6f4f45301b6cb8572f7b076572e8ac11c1db80e805d8c8d0858cf286ce3ac3b?s=96&d=mm&r=g\",\"url\":\"https:\\\/\\\/secure.gravatar.com\\\/avatar\\\/e6f4f45301b6cb8572f7b076572e8ac11c1db80e805d8c8d0858cf286ce3ac3b?s=96&d=mm&r=g\",\"contentUrl\":\"https:\\\/\\\/secure.gravatar.com\\\/avatar\\\/e6f4f45301b6cb8572f7b076572e8ac11c1db80e805d8c8d0858cf286ce3ac3b?s=96&d=mm&r=g\",\"caption\":\"Luiz Carlos da Cruz\"},\"url\":\"https:\\\/\\\/jornalboasnoticias.com.br\\\/home\\\/author\\\/luiz-carlos-da-cruz\\\/\"}]}<\/script>\n<!-- \/ Yoast SEO plugin. -->","yoast_head_json":{"title":"Em evento da Assembleia de Deus, Daniel Vilela diz que \u201crabalho social das igrejas \u00e9 de extrema import\u00e2ncia para o Governo de Goi\u00e1s\u201d - Jornal","description":"Em evento da Assembleia de Deus, Daniel Vilela diz que \u201crabalho social das igrejas \u00e9 de extrema import\u00e2ncia para o Governo de Goi\u00e1s\u201d","robots":{"index":"index","follow":"follow","max-snippet":"max-snippet:-1","max-image-preview":"max-image-preview:large","max-video-preview":"max-video-preview:-1"},"canonical":"https:\/\/jornalboasnoticias.com.br\/home\/em-evento-da-assembleia-de-deus-daniel-vilela-diz-que-rabalho-social-das-igrejas-e-de-extrema-importancia-para-o-governo-de-goias\/","og_locale":"pt_BR","og_type":"article","og_title":"Em evento da Assembleia de Deus, Daniel Vilela diz que \u201crabalho social das igrejas \u00e9 de extrema import\u00e2ncia para o Governo de Goi\u00e1s\u201d - Jornal","og_description":"Em evento da Assembleia de Deus, Daniel Vilela diz que \u201crabalho social das igrejas \u00e9 de extrema import\u00e2ncia para o Governo de Goi\u00e1s\u201d","og_url":"https:\/\/jornalboasnoticias.com.br\/home\/em-evento-da-assembleia-de-deus-daniel-vilela-diz-que-rabalho-social-das-igrejas-e-de-extrema-importancia-para-o-governo-de-goias\/","og_site_name":"Jornal","article_publisher":"https:\/\/www.facebook.com\/boasnoticiasjornal","article_published_time":"2024-07-28T22:42:04+00:00","og_image":[{"width":1400,"height":933,"url":"https:\/\/jornalboasnoticias.com.br\/home\/wp-content\/uploads\/2024\/07\/1-1.jpg","type":"image\/jpeg"}],"author":"Luiz Carlos da Cruz","twitter_card":"summary_large_image","twitter_misc":{"Escrito por":"Luiz Carlos da Cruz","Est. tempo de leitura":"2 minutos"},"schema":{"@context":"https:\/\/schema.org","@graph":[{"@type":"Article","@id":"https:\/\/jornalboasnoticias.com.br\/home\/em-evento-da-assembleia-de-deus-daniel-vilela-diz-que-rabalho-social-das-igrejas-e-de-extrema-importancia-para-o-governo-de-goias\/#article","isPartOf":{"@id":"https:\/\/jornalboasnoticias.com.br\/home\/em-evento-da-assembleia-de-deus-daniel-vilela-diz-que-rabalho-social-das-igrejas-e-de-extrema-importancia-para-o-governo-de-goias\/"},"author":{"name":"Luiz Carlos da Cruz","@id":"https:\/\/jornalboasnoticias.com.br\/home\/#\/schema\/person\/75f9ebde398c998c166475fb446bda62"},"headline":"Em evento da Assembleia de Deus, Daniel Vilela diz que \u201crabalho social das igrejas \u00e9 de extrema import\u00e2ncia para o Governo de Goi\u00e1s\u201d","datePublished":"2024-07-28T22:42:04+00:00","mainEntityOfPage":{"@id":"https:\/\/jornalboasnoticias.com.br\/home\/em-evento-da-assembleia-de-deus-daniel-vilela-diz-que-rabalho-social-das-igrejas-e-de-extrema-importancia-para-o-governo-de-goias\/"},"wordCount":489,"commentCount":0,"publisher":{"@id":"https:\/\/jornalboasnoticias.com.br\/home\/#organization"},"image":{"@id":"https:\/\/jornalboasnoticias.com.br\/home\/em-evento-da-assembleia-de-deus-daniel-vilela-diz-que-rabalho-social-das-igrejas-e-de-extrema-importancia-para-o-governo-de-goias\/#primaryimage"},"thumbnailUrl":"https:\/\/jornalboasnoticias.com.br\/home\/wp-content\/uploads\/2024\/07\/1-1.jpg","keywords":["Assembleia de Deus"],"articleSection":["BRASIL","DESTAQUE"],"inLanguage":"pt-BR","potentialAction":[{"@type":"CommentAction","name":"Comment","target":["https:\/\/jornalboasnoticias.com.br\/home\/em-evento-da-assembleia-de-deus-daniel-vilela-diz-que-rabalho-social-das-igrejas-e-de-extrema-importancia-para-o-governo-de-goias\/#respond"]}]},{"@type":"WebPage","@id":"https:\/\/jornalboasnoticias.com.br\/home\/em-evento-da-assembleia-de-deus-daniel-vilela-diz-que-rabalho-social-das-igrejas-e-de-extrema-importancia-para-o-governo-de-goias\/","url":"https:\/\/jornalboasnoticias.com.br\/home\/em-evento-da-assembleia-de-deus-daniel-vilela-diz-que-rabalho-social-das-igrejas-e-de-extrema-importancia-para-o-governo-de-goias\/","name":"Em evento da Assembleia de Deus, Daniel Vilela diz que \u201crabalho social das igrejas \u00e9 de extrema import\u00e2ncia para o Governo de Goi\u00e1s\u201d - Jornal","isPartOf":{"@id":"https:\/\/jornalboasnoticias.com.br\/home\/#website"},"primaryImageOfPage":{"@id":"https:\/\/jornalboasnoticias.com.br\/home\/em-evento-da-assembleia-de-deus-daniel-vilela-diz-que-rabalho-social-das-igrejas-e-de-extrema-importancia-para-o-governo-de-goias\/#primaryimage"},"image":{"@id":"https:\/\/jornalboasnoticias.com.br\/home\/em-evento-da-assembleia-de-deus-daniel-vilela-diz-que-rabalho-social-das-igrejas-e-de-extrema-importancia-para-o-governo-de-goias\/#primaryimage"},"thumbnailUrl":"https:\/\/jornalboasnoticias.com.br\/home\/wp-content\/uploads\/2024\/07\/1-1.jpg","datePublished":"2024-07-28T22:42:04+00:00","description":"Em evento da Assembleia de Deus, Daniel Vilela diz que \u201crabalho social das igrejas \u00e9 de extrema import\u00e2ncia para o Governo de Goi\u00e1s\u201d","breadcrumb":{"@id":"https:\/\/jornalboasnoticias.com.br\/home\/em-evento-da-assembleia-de-deus-daniel-vilela-diz-que-rabalho-social-das-igrejas-e-de-extrema-importancia-para-o-governo-de-goias\/#breadcrumb"},"inLanguage":"pt-BR","potentialAction":[{"@type":"ReadAction","target":["https:\/\/jornalboasnoticias.com.br\/home\/em-evento-da-assembleia-de-deus-daniel-vilela-diz-que-rabalho-social-das-igrejas-e-de-extrema-importancia-para-o-governo-de-goias\/"]}]},{"@type":"ImageObject","inLanguage":"pt-BR","@id":"https:\/\/jornalboasnoticias.com.br\/home\/em-evento-da-assembleia-de-deus-daniel-vilela-diz-que-rabalho-social-das-igrejas-e-de-extrema-importancia-para-o-governo-de-goias\/#primaryimage","url":"https:\/\/jornalboasnoticias.com.br\/home\/wp-content\/uploads\/2024\/07\/1-1.jpg","contentUrl":"https:\/\/jornalboasnoticias.com.br\/home\/wp-content\/uploads\/2024\/07\/1-1.jpg","width":1400,"height":933},{"@type":"BreadcrumbList","@id":"https:\/\/jornalboasnoticias.com.br\/home\/em-evento-da-assembleia-de-deus-daniel-vilela-diz-que-rabalho-social-das-igrejas-e-de-extrema-importancia-para-o-governo-de-goias\/#breadcrumb","itemListElement":[{"@type":"ListItem","position":1,"name":"In\u00edcio","item":"https:\/\/jornalboasnoticias.com.br\/home\/"},{"@type":"ListItem","position":2,"name":"Em evento da Assembleia de Deus, Daniel Vilela diz que \u201crabalho social das igrejas \u00e9 de extrema import\u00e2ncia para o Governo de Goi\u00e1s\u201d"}]},{"@type":"WebSite","@id":"https:\/\/jornalboasnoticias.com.br\/home\/#website","url":"https:\/\/jornalboasnoticias.com.br\/home\/","name":"Jornal Boas Not\u00edcias","description":"Boas not\u00edcias","publisher":{"@id":"https:\/\/jornalboasnoticias.com.br\/home\/#organization"},"potentialAction":[{"@type":"SearchAction","target":{"@type":"EntryPoint","urlTemplate":"https:\/\/jornalboasnoticias.com.br\/home\/?s={search_term_string}"},"query-input":{"@type":"PropertyValueSpecification","valueRequired":true,"valueName":"search_term_string"}}],"inLanguage":"pt-BR"},{"@type":"Organization","@id":"https:\/\/jornalboasnoticias.com.br\/home\/#organization","name":"Coq Editora Ltda","alternateName":"Jornal Boas Noticias","url":"https:\/\/jornalboasnoticias.com.br\/home\/","logo":{"@type":"ImageObject","inLanguage":"pt-BR","@id":"https:\/\/jornalboasnoticias.com.br\/home\/#\/schema\/logo\/image\/","url":"https:\/\/jornalboasnoticias.com.br\/home\/wp-content\/uploads\/2024\/07\/cropped-logo.jpg","contentUrl":"https:\/\/jornalboasnoticias.com.br\/home\/wp-content\/uploads\/2024\/07\/cropped-logo.jpg","width":290,"height":142,"caption":"Coq Editora Ltda"},"image":{"@id":"https:\/\/jornalboasnoticias.com.br\/home\/#\/schema\/logo\/image\/"},"sameAs":["https:\/\/www.facebook.com\/boasnoticiasjornal"]},{"@type":"Person","@id":"https:\/\/jornalboasnoticias.com.br\/home\/#\/schema\/person\/75f9ebde398c998c166475fb446bda62","name":"Luiz Carlos da Cruz","image":{"@type":"ImageObject","inLanguage":"pt-BR","@id":"https:\/\/secure.gravatar.com\/avatar\/e6f4f45301b6cb8572f7b076572e8ac11c1db80e805d8c8d0858cf286ce3ac3b?s=96&d=mm&r=g","url":"https:\/\/secure.gravatar.com\/avatar\/e6f4f45301b6cb8572f7b076572e8ac11c1db80e805d8c8d0858cf286ce3ac3b?s=96&d=mm&r=g","contentUrl":"https:\/\/secure.gravatar.com\/avatar\/e6f4f45301b6cb8572f7b076572e8ac11c1db80e805d8c8d0858cf286ce3ac3b?s=96&d=mm&r=g","caption":"Luiz Carlos da Cruz"},"url":"https:\/\/jornalboasnoticias.com.br\/home\/author\/luiz-carlos-da-cruz\/"}]}},"_links":{"self":[{"href":"https:\/\/jornalboasnoticias.com.br\/home\/wp-json\/wp\/v2\/posts\/43259","targetHints":{"allow":["GET"]}}],"collection":[{"href":"https:\/\/jornalboasnoticias.com.br\/home\/wp-json\/wp\/v2\/posts"}],"about":[{"href":"https:\/\/jornalboasnoticias.com.br\/home\/wp-json\/wp\/v2\/types\/post"}],"author":[{"embeddable":true,"href":"https:\/\/jornalboasnoticias.com.br\/home\/wp-json\/wp\/v2\/users\/3"}],"replies":[{"embeddable":true,"href":"https:\/\/jornalboasnoticias.com.br\/home\/wp-json\/wp\/v2\/comments?post=43259"}],"version-history":[{"count":1,"href":"https:\/\/jornalboasnoticias.com.br\/home\/wp-json\/wp\/v2\/posts\/43259\/revisions"}],"predecessor-version":[{"id":43261,"href":"https:\/\/jornalboasnoticias.com.br\/home\/wp-json\/wp\/v2\/posts\/43259\/revisions\/43261"}],"wp:featuredmedia":[{"embeddable":true,"href":"https:\/\/jornalboasnoticias.com.br\/home\/wp-json\/wp\/v2\/media\/43260"}],"wp:attachment":[{"href":"https:\/\/jornalboasnoticias.com.br\/home\/wp-json\/wp\/v2\/media?parent=43259"}],"wp:term":[{"taxonomy":"category","embeddable":true,"href":"https:\/\/jornalboasnoticias.com.br\/home\/wp-json\/wp\/v2\/categories?post=43259"},{"taxonomy":"post_tag","embeddable":true,"href":"https:\/\/jornalboasnoticias.com.br\/home\/wp-json\/wp\/v2\/tags?post=43259"}],"curies":[{"name":"wp","href":"https:\/\/api.w.org\/{rel}","templated":true}]}}