{"id":43256,"date":"2024-07-28T22:36:39","date_gmt":"2024-07-28T22:36:39","guid":{"rendered":"https:\/\/jornalboasnoticias.com.br\/home\/?p=43256"},"modified":"2024-07-28T22:36:39","modified_gmt":"2024-07-28T22:36:39","slug":"brasil-disputara-7-finais-da-ginastica-artistica-feminina-em-paris","status":"publish","type":"post","link":"https:\/\/jornalboasnoticias.com.br\/home\/brasil-disputara-7-finais-da-ginastica-artistica-feminina-em-paris\/","title":{"rendered":"Brasil disputar\u00e1 7 finais da gin\u00e1stica art\u00edstica feminina em Paris"},"content":{"rendered":"<p class=\"col-10 offset-1 animated fadeInDown dealy-900 display-8 display-md-8 alt-font font-italic my-1 text-center\" style=\"text-align: center;\"><strong><em>Rebeca Andrade se classificou no individual geral, salto, trave e solo<\/em><\/strong><\/p>\n<figure id=\"attachment_43257\" aria-describedby=\"caption-attachment-43257\" style=\"width: 700px\" class=\"wp-caption alignnone\"><img loading=\"lazy\" decoding=\"async\" class=\"wp-image-43257 size-full\" src=\"https:\/\/jornalboasnoticias.com.br\/home\/wp-content\/uploads\/2024\/07\/1.jpg\" alt=\"\" width=\"700\" height=\"466\" srcset=\"https:\/\/jornalboasnoticias.com.br\/home\/wp-content\/uploads\/2024\/07\/1.jpg 700w, https:\/\/jornalboasnoticias.com.br\/home\/wp-content\/uploads\/2024\/07\/1-300x200.jpg 300w\" sizes=\"auto, (max-width: 700px) 100vw, 700px\" \/><figcaption id=\"caption-attachment-43257\" class=\"wp-caption-text\">Equipe Brasileira &#8211; Qualificat\u00f3ria Gin\u00e1stica Art\u00edstica Feminina &#8211; Foto: Miriam Jeske\/COB<\/figcaption><\/figure>\n<p>A noite de classificat\u00f3rias na gin\u00e1stica art\u00edstica em Paris, neste domingo (28), foi extremamente positiva para o Brasil. Somando a disputa por equipes, o individual geral e os quatro aparelhos (salto sobre o cavalo, barras assim\u00e9tricas, trave de equil\u00edbrio e solo), o pa\u00eds ter\u00e1 sete representantes na fase que vale medalhas. Os destaques foram a equipe, que somou a quarta melhor nota e a multimedalhista Rebeca Andrade, que se classificou a quatro finais individuais, em todos os casos entre as tr\u00eas melhores notas. A final por equipes ser\u00e1 na\u00a0na ter\u00e7a-feira (30), a partir de 13h15 (hor\u00e1rio de Bras\u00edlia). J\u00e1 as\u00a0finais individuais come\u00e7am na quinta (1\u00ba de agosto), tamb\u00e9m \u00e0s 13h15.<img decoding=\"async\" src=\"https:\/\/agenciabrasil.ebc.com.br\/ebc.png?id=1605745&amp;o=node\" \/><img decoding=\"async\" src=\"https:\/\/agenciabrasil.ebc.com.br\/ebc.gif?id=1605745&amp;o=node\" \/><\/p>\n<p>O Brasil ficou agrupado na quinta e \u00faltima subdivis\u00e3o, ou seja, em muitos casos j\u00e1 tinha uma ideia quase completa das notas que seriam necess\u00e1rias para avan\u00e7ar \u00e0 final.<\/p>\n<p>Por equipes, a sele\u00e7\u00e3o treinada por Chico Porath somou 166.499 pontos, ficando atr\u00e1s de Estados Unidos, It\u00e1lia e China. Para efeito de compara\u00e7\u00e3o, os dois \u00faltimos ficaram a menos de 0.4 pontos de dist\u00e2ncia do Brasil.<\/p>\n<p>No individual geral, Rebeca Andrade teve a segunda maior soma, ficando atr\u00e1s apenas de Simone Biles, dos Estados Unidos. Flavia Saraiva teve a 11\u00aa melhor soma, a 10\u00aa entre as finalistas, j\u00e1 que cada pa\u00eds s\u00f3 classifica duas atletas a cada final e tr\u00eas atletas americanas ficaram \u00e0 frente dela. Pelo mesmo motivo, Jade Barbosa, que teve a 20\u00aa melhor soma, n\u00e3o disputa a final, que re\u00fane 24 ginastas.<\/p>\n<div class=\"dnd-widget-wrapper context-cheio_8colunas type-image\">\n<div class=\"dnd-atom-rendered\"><\/div>\n<div class=\"dnd-caption-wrapper\">\n<div class=\"meta\">Na trave de equil\u00edbrio, existia a expectativa de que Flavinha chegasse \u00e0 final. No entanto, a boa apresenta\u00e7\u00e3o que a atleta fazia foi prejudicada por um escorreg\u00e3o, caindo para o 33\u00ba lugar. No entanto, o saldo neste aparelho foi extremamente positivo para o Brasil. Al\u00e9m de Rebeca Andrade, que teve a terceira melhor nota, a jovem Julia Soares, de 18 anos, garantiu a oitava e \u00faltima vaga na final, logo em sua estreia ol\u00edmpica.<\/div>\n<\/div>\n<\/div>\n<p>No solo, Rebeca novamente teve a segunda melhor nota, atr\u00e1s somente de Simone Biles, classificando-se a outra decis\u00e3o.<\/p>\n<p>As barras assim\u00e9tricas trouxeram uma quebra de expectativa: nem Biles (nona\u00a0colocada com 14.433) nem Rebeca (10\u00aa com 14.400) conseguiram um lugar na disputa de medalhas. As duas, no entanto, s\u00e3o as primeiras reservas em caso de desist\u00eancia de alguma outra atleta.<\/p>\n<p><em>Ag\u00eancia Brasil<\/em><\/p>\n","protected":false},"excerpt":{"rendered":"<p>Rebeca Andrade se classificou no individual geral, salto, trave e solo A noite de classificat\u00f3rias<\/p>\n","protected":false},"author":3,"featured_media":43257,"comment_status":"open","ping_status":"open","sticky":false,"template":"","format":"standard","meta":{"footnotes":""},"categories":[3,31],"tags":[76,78],"class_list":["post-43256","post","type-post","status-publish","format-standard","has-post-thumbnail","hentry","category-destaques","category-esporte","tag-olimpiadas","tag-paris"],"yoast_head":"<!-- This site is optimized with the Yoast SEO plugin v27.5 - https:\/\/yoast.com\/product\/yoast-seo-wordpress\/ -->\n<title>Brasil disputar\u00e1 7 finais da gin\u00e1stica art\u00edstica feminina em Paris - Jornal<\/title>\n<meta name=\"description\" content=\"Brasil disputar\u00e1 7 finais da gin\u00e1stica art\u00edstica feminina em Paris\" \/>\n<meta name=\"robots\" content=\"index, follow, max-snippet:-1, max-image-preview:large, max-video-preview:-1\" \/>\n<link rel=\"canonical\" href=\"https:\/\/jornalboasnoticias.com.br\/home\/brasil-disputara-7-finais-da-ginastica-artistica-feminina-em-paris\/\" \/>\n<meta property=\"og:locale\" content=\"pt_BR\" \/>\n<meta property=\"og:type\" content=\"article\" \/>\n<meta property=\"og:title\" content=\"Brasil disputar\u00e1 7 finais da gin\u00e1stica art\u00edstica feminina em Paris - Jornal\" \/>\n<meta property=\"og:description\" content=\"Brasil disputar\u00e1 7 finais da gin\u00e1stica art\u00edstica feminina em Paris\" \/>\n<meta property=\"og:url\" content=\"https:\/\/jornalboasnoticias.com.br\/home\/brasil-disputara-7-finais-da-ginastica-artistica-feminina-em-paris\/\" \/>\n<meta property=\"og:site_name\" content=\"Jornal\" \/>\n<meta property=\"article:publisher\" content=\"https:\/\/www.facebook.com\/boasnoticiasjornal\" \/>\n<meta property=\"article:published_time\" content=\"2024-07-28T22:36:39+00:00\" \/>\n<meta property=\"og:image\" content=\"https:\/\/jornalboasnoticias.com.br\/home\/wp-content\/uploads\/2024\/07\/1.jpg\" \/>\n\t<meta property=\"og:image:width\" content=\"700\" \/>\n\t<meta property=\"og:image:height\" content=\"466\" \/>\n\t<meta property=\"og:image:type\" content=\"image\/jpeg\" \/>\n<meta name=\"author\" content=\"Luiz Carlos da Cruz\" \/>\n<meta name=\"twitter:card\" content=\"summary_large_image\" \/>\n<meta name=\"twitter:label1\" content=\"Escrito por\" \/>\n\t<meta name=\"twitter:data1\" content=\"Luiz Carlos da Cruz\" \/>\n\t<meta name=\"twitter:label2\" content=\"Est. tempo de leitura\" \/>\n\t<meta name=\"twitter:data2\" content=\"2 minutos\" \/>\n<script type=\"application\/ld+json\" class=\"yoast-schema-graph\">{\"@context\":\"https:\\\/\\\/schema.org\",\"@graph\":[{\"@type\":\"Article\",\"@id\":\"https:\\\/\\\/jornalboasnoticias.com.br\\\/home\\\/brasil-disputara-7-finais-da-ginastica-artistica-feminina-em-paris\\\/#article\",\"isPartOf\":{\"@id\":\"https:\\\/\\\/jornalboasnoticias.com.br\\\/home\\\/brasil-disputara-7-finais-da-ginastica-artistica-feminina-em-paris\\\/\"},\"author\":{\"name\":\"Luiz Carlos da Cruz\",\"@id\":\"https:\\\/\\\/jornalboasnoticias.com.br\\\/home\\\/#\\\/schema\\\/person\\\/75f9ebde398c998c166475fb446bda62\"},\"headline\":\"Brasil disputar\u00e1 7 finais da gin\u00e1stica art\u00edstica feminina em Paris\",\"datePublished\":\"2024-07-28T22:36:39+00:00\",\"mainEntityOfPage\":{\"@id\":\"https:\\\/\\\/jornalboasnoticias.com.br\\\/home\\\/brasil-disputara-7-finais-da-ginastica-artistica-feminina-em-paris\\\/\"},\"wordCount\":445,\"commentCount\":0,\"publisher\":{\"@id\":\"https:\\\/\\\/jornalboasnoticias.com.br\\\/home\\\/#organization\"},\"image\":{\"@id\":\"https:\\\/\\\/jornalboasnoticias.com.br\\\/home\\\/brasil-disputara-7-finais-da-ginastica-artistica-feminina-em-paris\\\/#primaryimage\"},\"thumbnailUrl\":\"https:\\\/\\\/jornalboasnoticias.com.br\\\/home\\\/wp-content\\\/uploads\\\/2024\\\/07\\\/1.jpg\",\"keywords\":[\"Olimp\u00edadas\",\"Paris\"],\"articleSection\":[\"DESTAQUE\",\"ESPORTE\"],\"inLanguage\":\"pt-BR\",\"potentialAction\":[{\"@type\":\"CommentAction\",\"name\":\"Comment\",\"target\":[\"https:\\\/\\\/jornalboasnoticias.com.br\\\/home\\\/brasil-disputara-7-finais-da-ginastica-artistica-feminina-em-paris\\\/#respond\"]}]},{\"@type\":\"WebPage\",\"@id\":\"https:\\\/\\\/jornalboasnoticias.com.br\\\/home\\\/brasil-disputara-7-finais-da-ginastica-artistica-feminina-em-paris\\\/\",\"url\":\"https:\\\/\\\/jornalboasnoticias.com.br\\\/home\\\/brasil-disputara-7-finais-da-ginastica-artistica-feminina-em-paris\\\/\",\"name\":\"Brasil disputar\u00e1 7 finais da gin\u00e1stica art\u00edstica feminina em Paris - Jornal\",\"isPartOf\":{\"@id\":\"https:\\\/\\\/jornalboasnoticias.com.br\\\/home\\\/#website\"},\"primaryImageOfPage\":{\"@id\":\"https:\\\/\\\/jornalboasnoticias.com.br\\\/home\\\/brasil-disputara-7-finais-da-ginastica-artistica-feminina-em-paris\\\/#primaryimage\"},\"image\":{\"@id\":\"https:\\\/\\\/jornalboasnoticias.com.br\\\/home\\\/brasil-disputara-7-finais-da-ginastica-artistica-feminina-em-paris\\\/#primaryimage\"},\"thumbnailUrl\":\"https:\\\/\\\/jornalboasnoticias.com.br\\\/home\\\/wp-content\\\/uploads\\\/2024\\\/07\\\/1.jpg\",\"datePublished\":\"2024-07-28T22:36:39+00:00\",\"description\":\"Brasil disputar\u00e1 7 finais da gin\u00e1stica art\u00edstica feminina em Paris\",\"breadcrumb\":{\"@id\":\"https:\\\/\\\/jornalboasnoticias.com.br\\\/home\\\/brasil-disputara-7-finais-da-ginastica-artistica-feminina-em-paris\\\/#breadcrumb\"},\"inLanguage\":\"pt-BR\",\"potentialAction\":[{\"@type\":\"ReadAction\",\"target\":[\"https:\\\/\\\/jornalboasnoticias.com.br\\\/home\\\/brasil-disputara-7-finais-da-ginastica-artistica-feminina-em-paris\\\/\"]}]},{\"@type\":\"ImageObject\",\"inLanguage\":\"pt-BR\",\"@id\":\"https:\\\/\\\/jornalboasnoticias.com.br\\\/home\\\/brasil-disputara-7-finais-da-ginastica-artistica-feminina-em-paris\\\/#primaryimage\",\"url\":\"https:\\\/\\\/jornalboasnoticias.com.br\\\/home\\\/wp-content\\\/uploads\\\/2024\\\/07\\\/1.jpg\",\"contentUrl\":\"https:\\\/\\\/jornalboasnoticias.com.br\\\/home\\\/wp-content\\\/uploads\\\/2024\\\/07\\\/1.jpg\",\"width\":700,\"height\":466,\"caption\":\"Equipe Brasileira - Qualificat\u00f3ria Gin\u00e1stica Art\u00edstica Feminina - Foto: Miriam Jeske\\\/COB\"},{\"@type\":\"BreadcrumbList\",\"@id\":\"https:\\\/\\\/jornalboasnoticias.com.br\\\/home\\\/brasil-disputara-7-finais-da-ginastica-artistica-feminina-em-paris\\\/#breadcrumb\",\"itemListElement\":[{\"@type\":\"ListItem\",\"position\":1,\"name\":\"In\u00edcio\",\"item\":\"https:\\\/\\\/jornalboasnoticias.com.br\\\/home\\\/\"},{\"@type\":\"ListItem\",\"position\":2,\"name\":\"Brasil disputar\u00e1 7 finais da gin\u00e1stica art\u00edstica feminina em Paris\"}]},{\"@type\":\"WebSite\",\"@id\":\"https:\\\/\\\/jornalboasnoticias.com.br\\\/home\\\/#website\",\"url\":\"https:\\\/\\\/jornalboasnoticias.com.br\\\/home\\\/\",\"name\":\"Jornal Boas Not\u00edcias\",\"description\":\"Boas not\u00edcias\",\"publisher\":{\"@id\":\"https:\\\/\\\/jornalboasnoticias.com.br\\\/home\\\/#organization\"},\"potentialAction\":[{\"@type\":\"SearchAction\",\"target\":{\"@type\":\"EntryPoint\",\"urlTemplate\":\"https:\\\/\\\/jornalboasnoticias.com.br\\\/home\\\/?s={search_term_string}\"},\"query-input\":{\"@type\":\"PropertyValueSpecification\",\"valueRequired\":true,\"valueName\":\"search_term_string\"}}],\"inLanguage\":\"pt-BR\"},{\"@type\":\"Organization\",\"@id\":\"https:\\\/\\\/jornalboasnoticias.com.br\\\/home\\\/#organization\",\"name\":\"Coq Editora Ltda\",\"alternateName\":\"Jornal Boas Noticias\",\"url\":\"https:\\\/\\\/jornalboasnoticias.com.br\\\/home\\\/\",\"logo\":{\"@type\":\"ImageObject\",\"inLanguage\":\"pt-BR\",\"@id\":\"https:\\\/\\\/jornalboasnoticias.com.br\\\/home\\\/#\\\/schema\\\/logo\\\/image\\\/\",\"url\":\"https:\\\/\\\/jornalboasnoticias.com.br\\\/home\\\/wp-content\\\/uploads\\\/2024\\\/07\\\/cropped-logo.jpg\",\"contentUrl\":\"https:\\\/\\\/jornalboasnoticias.com.br\\\/home\\\/wp-content\\\/uploads\\\/2024\\\/07\\\/cropped-logo.jpg\",\"width\":290,\"height\":142,\"caption\":\"Coq Editora Ltda\"},\"image\":{\"@id\":\"https:\\\/\\\/jornalboasnoticias.com.br\\\/home\\\/#\\\/schema\\\/logo\\\/image\\\/\"},\"sameAs\":[\"https:\\\/\\\/www.facebook.com\\\/boasnoticiasjornal\"]},{\"@type\":\"Person\",\"@id\":\"https:\\\/\\\/jornalboasnoticias.com.br\\\/home\\\/#\\\/schema\\\/person\\\/75f9ebde398c998c166475fb446bda62\",\"name\":\"Luiz Carlos da Cruz\",\"image\":{\"@type\":\"ImageObject\",\"inLanguage\":\"pt-BR\",\"@id\":\"https:\\\/\\\/secure.gravatar.com\\\/avatar\\\/e6f4f45301b6cb8572f7b076572e8ac11c1db80e805d8c8d0858cf286ce3ac3b?s=96&d=mm&r=g\",\"url\":\"https:\\\/\\\/secure.gravatar.com\\\/avatar\\\/e6f4f45301b6cb8572f7b076572e8ac11c1db80e805d8c8d0858cf286ce3ac3b?s=96&d=mm&r=g\",\"contentUrl\":\"https:\\\/\\\/secure.gravatar.com\\\/avatar\\\/e6f4f45301b6cb8572f7b076572e8ac11c1db80e805d8c8d0858cf286ce3ac3b?s=96&d=mm&r=g\",\"caption\":\"Luiz Carlos da Cruz\"},\"url\":\"https:\\\/\\\/jornalboasnoticias.com.br\\\/home\\\/author\\\/luiz-carlos-da-cruz\\\/\"}]}<\/script>\n<!-- \/ Yoast SEO plugin. -->","yoast_head_json":{"title":"Brasil disputar\u00e1 7 finais da gin\u00e1stica art\u00edstica feminina em Paris - Jornal","description":"Brasil disputar\u00e1 7 finais da gin\u00e1stica art\u00edstica feminina em Paris","robots":{"index":"index","follow":"follow","max-snippet":"max-snippet:-1","max-image-preview":"max-image-preview:large","max-video-preview":"max-video-preview:-1"},"canonical":"https:\/\/jornalboasnoticias.com.br\/home\/brasil-disputara-7-finais-da-ginastica-artistica-feminina-em-paris\/","og_locale":"pt_BR","og_type":"article","og_title":"Brasil disputar\u00e1 7 finais da gin\u00e1stica art\u00edstica feminina em Paris - Jornal","og_description":"Brasil disputar\u00e1 7 finais da gin\u00e1stica art\u00edstica feminina em Paris","og_url":"https:\/\/jornalboasnoticias.com.br\/home\/brasil-disputara-7-finais-da-ginastica-artistica-feminina-em-paris\/","og_site_name":"Jornal","article_publisher":"https:\/\/www.facebook.com\/boasnoticiasjornal","article_published_time":"2024-07-28T22:36:39+00:00","og_image":[{"width":700,"height":466,"url":"https:\/\/jornalboasnoticias.com.br\/home\/wp-content\/uploads\/2024\/07\/1.jpg","type":"image\/jpeg"}],"author":"Luiz Carlos da Cruz","twitter_card":"summary_large_image","twitter_misc":{"Escrito por":"Luiz Carlos da Cruz","Est. tempo de leitura":"2 minutos"},"schema":{"@context":"https:\/\/schema.org","@graph":[{"@type":"Article","@id":"https:\/\/jornalboasnoticias.com.br\/home\/brasil-disputara-7-finais-da-ginastica-artistica-feminina-em-paris\/#article","isPartOf":{"@id":"https:\/\/jornalboasnoticias.com.br\/home\/brasil-disputara-7-finais-da-ginastica-artistica-feminina-em-paris\/"},"author":{"name":"Luiz Carlos da Cruz","@id":"https:\/\/jornalboasnoticias.com.br\/home\/#\/schema\/person\/75f9ebde398c998c166475fb446bda62"},"headline":"Brasil disputar\u00e1 7 finais da gin\u00e1stica art\u00edstica feminina em Paris","datePublished":"2024-07-28T22:36:39+00:00","mainEntityOfPage":{"@id":"https:\/\/jornalboasnoticias.com.br\/home\/brasil-disputara-7-finais-da-ginastica-artistica-feminina-em-paris\/"},"wordCount":445,"commentCount":0,"publisher":{"@id":"https:\/\/jornalboasnoticias.com.br\/home\/#organization"},"image":{"@id":"https:\/\/jornalboasnoticias.com.br\/home\/brasil-disputara-7-finais-da-ginastica-artistica-feminina-em-paris\/#primaryimage"},"thumbnailUrl":"https:\/\/jornalboasnoticias.com.br\/home\/wp-content\/uploads\/2024\/07\/1.jpg","keywords":["Olimp\u00edadas","Paris"],"articleSection":["DESTAQUE","ESPORTE"],"inLanguage":"pt-BR","potentialAction":[{"@type":"CommentAction","name":"Comment","target":["https:\/\/jornalboasnoticias.com.br\/home\/brasil-disputara-7-finais-da-ginastica-artistica-feminina-em-paris\/#respond"]}]},{"@type":"WebPage","@id":"https:\/\/jornalboasnoticias.com.br\/home\/brasil-disputara-7-finais-da-ginastica-artistica-feminina-em-paris\/","url":"https:\/\/jornalboasnoticias.com.br\/home\/brasil-disputara-7-finais-da-ginastica-artistica-feminina-em-paris\/","name":"Brasil disputar\u00e1 7 finais da gin\u00e1stica art\u00edstica feminina em Paris - Jornal","isPartOf":{"@id":"https:\/\/jornalboasnoticias.com.br\/home\/#website"},"primaryImageOfPage":{"@id":"https:\/\/jornalboasnoticias.com.br\/home\/brasil-disputara-7-finais-da-ginastica-artistica-feminina-em-paris\/#primaryimage"},"image":{"@id":"https:\/\/jornalboasnoticias.com.br\/home\/brasil-disputara-7-finais-da-ginastica-artistica-feminina-em-paris\/#primaryimage"},"thumbnailUrl":"https:\/\/jornalboasnoticias.com.br\/home\/wp-content\/uploads\/2024\/07\/1.jpg","datePublished":"2024-07-28T22:36:39+00:00","description":"Brasil disputar\u00e1 7 finais da gin\u00e1stica art\u00edstica feminina em Paris","breadcrumb":{"@id":"https:\/\/jornalboasnoticias.com.br\/home\/brasil-disputara-7-finais-da-ginastica-artistica-feminina-em-paris\/#breadcrumb"},"inLanguage":"pt-BR","potentialAction":[{"@type":"ReadAction","target":["https:\/\/jornalboasnoticias.com.br\/home\/brasil-disputara-7-finais-da-ginastica-artistica-feminina-em-paris\/"]}]},{"@type":"ImageObject","inLanguage":"pt-BR","@id":"https:\/\/jornalboasnoticias.com.br\/home\/brasil-disputara-7-finais-da-ginastica-artistica-feminina-em-paris\/#primaryimage","url":"https:\/\/jornalboasnoticias.com.br\/home\/wp-content\/uploads\/2024\/07\/1.jpg","contentUrl":"https:\/\/jornalboasnoticias.com.br\/home\/wp-content\/uploads\/2024\/07\/1.jpg","width":700,"height":466,"caption":"Equipe Brasileira - Qualificat\u00f3ria Gin\u00e1stica Art\u00edstica Feminina - Foto: Miriam Jeske\/COB"},{"@type":"BreadcrumbList","@id":"https:\/\/jornalboasnoticias.com.br\/home\/brasil-disputara-7-finais-da-ginastica-artistica-feminina-em-paris\/#breadcrumb","itemListElement":[{"@type":"ListItem","position":1,"name":"In\u00edcio","item":"https:\/\/jornalboasnoticias.com.br\/home\/"},{"@type":"ListItem","position":2,"name":"Brasil disputar\u00e1 7 finais da gin\u00e1stica art\u00edstica feminina em Paris"}]},{"@type":"WebSite","@id":"https:\/\/jornalboasnoticias.com.br\/home\/#website","url":"https:\/\/jornalboasnoticias.com.br\/home\/","name":"Jornal Boas Not\u00edcias","description":"Boas not\u00edcias","publisher":{"@id":"https:\/\/jornalboasnoticias.com.br\/home\/#organization"},"potentialAction":[{"@type":"SearchAction","target":{"@type":"EntryPoint","urlTemplate":"https:\/\/jornalboasnoticias.com.br\/home\/?s={search_term_string}"},"query-input":{"@type":"PropertyValueSpecification","valueRequired":true,"valueName":"search_term_string"}}],"inLanguage":"pt-BR"},{"@type":"Organization","@id":"https:\/\/jornalboasnoticias.com.br\/home\/#organization","name":"Coq Editora Ltda","alternateName":"Jornal Boas Noticias","url":"https:\/\/jornalboasnoticias.com.br\/home\/","logo":{"@type":"ImageObject","inLanguage":"pt-BR","@id":"https:\/\/jornalboasnoticias.com.br\/home\/#\/schema\/logo\/image\/","url":"https:\/\/jornalboasnoticias.com.br\/home\/wp-content\/uploads\/2024\/07\/cropped-logo.jpg","contentUrl":"https:\/\/jornalboasnoticias.com.br\/home\/wp-content\/uploads\/2024\/07\/cropped-logo.jpg","width":290,"height":142,"caption":"Coq Editora Ltda"},"image":{"@id":"https:\/\/jornalboasnoticias.com.br\/home\/#\/schema\/logo\/image\/"},"sameAs":["https:\/\/www.facebook.com\/boasnoticiasjornal"]},{"@type":"Person","@id":"https:\/\/jornalboasnoticias.com.br\/home\/#\/schema\/person\/75f9ebde398c998c166475fb446bda62","name":"Luiz Carlos da Cruz","image":{"@type":"ImageObject","inLanguage":"pt-BR","@id":"https:\/\/secure.gravatar.com\/avatar\/e6f4f45301b6cb8572f7b076572e8ac11c1db80e805d8c8d0858cf286ce3ac3b?s=96&d=mm&r=g","url":"https:\/\/secure.gravatar.com\/avatar\/e6f4f45301b6cb8572f7b076572e8ac11c1db80e805d8c8d0858cf286ce3ac3b?s=96&d=mm&r=g","contentUrl":"https:\/\/secure.gravatar.com\/avatar\/e6f4f45301b6cb8572f7b076572e8ac11c1db80e805d8c8d0858cf286ce3ac3b?s=96&d=mm&r=g","caption":"Luiz Carlos da Cruz"},"url":"https:\/\/jornalboasnoticias.com.br\/home\/author\/luiz-carlos-da-cruz\/"}]}},"_links":{"self":[{"href":"https:\/\/jornalboasnoticias.com.br\/home\/wp-json\/wp\/v2\/posts\/43256","targetHints":{"allow":["GET"]}}],"collection":[{"href":"https:\/\/jornalboasnoticias.com.br\/home\/wp-json\/wp\/v2\/posts"}],"about":[{"href":"https:\/\/jornalboasnoticias.com.br\/home\/wp-json\/wp\/v2\/types\/post"}],"author":[{"embeddable":true,"href":"https:\/\/jornalboasnoticias.com.br\/home\/wp-json\/wp\/v2\/users\/3"}],"replies":[{"embeddable":true,"href":"https:\/\/jornalboasnoticias.com.br\/home\/wp-json\/wp\/v2\/comments?post=43256"}],"version-history":[{"count":1,"href":"https:\/\/jornalboasnoticias.com.br\/home\/wp-json\/wp\/v2\/posts\/43256\/revisions"}],"predecessor-version":[{"id":43258,"href":"https:\/\/jornalboasnoticias.com.br\/home\/wp-json\/wp\/v2\/posts\/43256\/revisions\/43258"}],"wp:featuredmedia":[{"embeddable":true,"href":"https:\/\/jornalboasnoticias.com.br\/home\/wp-json\/wp\/v2\/media\/43257"}],"wp:attachment":[{"href":"https:\/\/jornalboasnoticias.com.br\/home\/wp-json\/wp\/v2\/media?parent=43256"}],"wp:term":[{"taxonomy":"category","embeddable":true,"href":"https:\/\/jornalboasnoticias.com.br\/home\/wp-json\/wp\/v2\/categories?post=43256"},{"taxonomy":"post_tag","embeddable":true,"href":"https:\/\/jornalboasnoticias.com.br\/home\/wp-json\/wp\/v2\/tags?post=43256"}],"curies":[{"name":"wp","href":"https:\/\/api.w.org\/{rel}","templated":true}]}}