{"id":43253,"date":"2024-07-28T22:32:04","date_gmt":"2024-07-28T22:32:04","guid":{"rendered":"https:\/\/jornalboasnoticias.com.br\/home\/?p=43253"},"modified":"2024-07-28T22:32:04","modified_gmt":"2024-07-28T22:32:04","slug":"venezuelanos-em-brasilia-manifestam-desejo-de-mudanca-com-eleicoes","status":"publish","type":"post","link":"https:\/\/jornalboasnoticias.com.br\/home\/venezuelanos-em-brasilia-manifestam-desejo-de-mudanca-com-eleicoes\/","title":{"rendered":"Venezuelanos em Bras\u00edlia manifestam desejo de mudan\u00e7a com elei\u00e7\u00f5es"},"content":{"rendered":"<figure id=\"attachment_43254\" aria-describedby=\"caption-attachment-43254\" style=\"width: 1170px\" class=\"wp-caption alignnone\"><img loading=\"lazy\" decoding=\"async\" class=\"wp-image-43254 size-full\" src=\"https:\/\/jornalboasnoticias.com.br\/home\/wp-content\/uploads\/2024\/07\/20240727131014_0d7a8514.webp\" alt=\"\" width=\"1170\" height=\"700\" srcset=\"https:\/\/jornalboasnoticias.com.br\/home\/wp-content\/uploads\/2024\/07\/20240727131014_0d7a8514.webp 1170w, https:\/\/jornalboasnoticias.com.br\/home\/wp-content\/uploads\/2024\/07\/20240727131014_0d7a8514-300x179.webp 300w, https:\/\/jornalboasnoticias.com.br\/home\/wp-content\/uploads\/2024\/07\/20240727131014_0d7a8514-1024x613.webp 1024w, https:\/\/jornalboasnoticias.com.br\/home\/wp-content\/uploads\/2024\/07\/20240727131014_0d7a8514-768x459.webp 768w\" sizes=\"auto, (max-width: 1170px) 100vw, 1170px\" \/><figcaption id=\"caption-attachment-43254\" class=\"wp-caption-text\">Valter Campanato\/Ag\u00eancia Brasil<\/figcaption><\/figure>\n<p>O jornalista Manuel Quilarque viajou de S\u00e3o Paulo para Bras\u00edlia para votar nas elei\u00e7\u00f5es que v\u00e3o escolher o\u00a0pr\u00f3ximo presidente da Venezuela, que governar\u00e1 o pa\u00eds sul-americano entre 2025 e 2031. Ele e outros eleitores que estiveram na se\u00e7\u00e3o eleitoral na Embaixada da Venezuela, na capital do Brasil, neste domingo (28), manifestaram o desejo de mudan\u00e7a e que o resultado das urnas seja respeitado pelas autoridades.<\/p>\n<p>\u201cEstamos muito esperan\u00e7osos para poder recuperar a liberdade no nosso pa\u00eds, que a gente consiga finalmente ter um processo de reinstitucionaliza\u00e7\u00e3o. E tamb\u00e9m que as pessoas que est\u00e3o fora da Venezuela, em situa\u00e7\u00e3o de vulnerabilidade, que est\u00e3o passando por muita dificuldade, consigam, enfim, voltar para o pa\u00eds em condi\u00e7\u00f5es favor\u00e1veis\u201d, disse.<\/p>\n<p>O atual presidente, Nicol\u00e1s Maduro, est\u00e1 no poder desde 2013 e enfrenta nove concorrentes no pleito de hoje. Esta \u00e9 a primeira elei\u00e7\u00e3o, desde 2015, em que toda a oposi\u00e7\u00e3o aceitou participar.\u00a0Desde 2017, os principais partidos de oposi\u00e7\u00e3o vinham boicotando as elei\u00e7\u00f5es nacionais.<\/p>\n<p>Segundo o jornalista,\u00a0que vive no Brasil h\u00e1 15 anos, dos cerca de 500 mil venezuelanos que moram no pa\u00eds, apenas 1.059 conseguiram registro para votar. Com o registro ativo h\u00e1 muitos anos, ele conta que n\u00e3o teve dificuldades para votar. O irm\u00e3o dele, por outro lado, que vive na Espanha, n\u00e3o conseguiu se registrar para participar do pleito.<\/p>\n<p>Quilarque\u00a0diz que o sistema eleitoral \u00e9 confi\u00e1vel, mas que outras quest\u00f5es afetam o pleito como um todo.<\/p>\n<p>\u201cEssa fraude n\u00e3o vem no sistema eleitoral, n\u00e3o vem na urna eletr\u00f4nica, n\u00e3o vem na contagem, ela vem antes. Ela vem quando\u00a0n\u00e3o te deixam\u00a0inscrever, quando\u00a0n\u00e3o te deixam votar por algum motivo, quando os funcion\u00e1rios p\u00fablicos est\u00e3o obrigados a tirar foto e mandar, quando tem um voto assistido\u201d, disse o jornalista que aposta em uma prov\u00e1vel vit\u00f3ria do principal candidato da oposi\u00e7\u00e3o, Edmundo Gonz\u00e1lez Urrutia.<\/p>\n<p>As pesquisas eleitorais da Venezuela\u00a0divergem sobre o resultado\u00a0do pleito presidencial. Enquanto algumas enquetes d\u00e3o a vit\u00f3ria com ampla margem a Edmundo Gonz\u00e1lez Urrutia, outros levantamentos apontam para uma vit\u00f3ria do atual presidente Nicol\u00e1s Maduro, tamb\u00e9m com uma margem confort\u00e1vel.<\/p>\n<h2>Dificuldades<\/h2>\n<p>Em 2019, o presidente Jair Bolsonaro rompeu rela\u00e7\u00f5es com o governo venezuelano e todos os consulados no Brasil foram fechados, restando se\u00e7\u00e3o eleitoral apenas na embaixada em Bras\u00edlia. Al\u00e9m dos entraves burocr\u00e1ticos, quest\u00f5es log\u00edsticas e financeiras dificultam a participa\u00e7\u00e3o no pleito.<\/p>\n<p>\u201cDevem ter votado, no m\u00e1ximo, umas 30 pessoas&#8221;, estima Quilarque.\u00a0&#8220;Porque se voc\u00ea morar, por exemplo, em Manaus, em Boa Vista, s\u00e3o lugares muito distantes, s\u00e3o pessoas que j\u00e1 est\u00e3o numa condi\u00e7\u00e3o de vulnerabilidade e pegar um avi\u00e3o para vir para c\u00e1 tem um custo\u201d, disse o jornalista.<\/p>\n<p>A reportagem da\u00a0<strong>Ag\u00eancia Brasil<\/strong>\u00a0n\u00e3o conseguiu contato com as autoridades da embaixada venezuelana em Bras\u00edlia. O respons\u00e1vel pela portaria do local informou apenas que a vota\u00e7\u00e3o estava ocorrendo dentro da normalidade. O painel fixado no lado de fora, contabilizava os 1.059 eleitores aptos a votar no pa\u00eds.<\/p>\n<p>Em todo o mundo, venezuelanos relataram\u00a0dificuldades para votar no exterior. Dos quase 8 milh\u00f5es de emigrantes do pa\u00eds, metade t\u00eam idade para votar, mas poucos superaram os entraves burocr\u00e1ticos.<\/p>\n<p>A advogada Paula Marcondes foi uma das venezuelanas que n\u00e3o conseguiu fazer o registro para vota\u00e7\u00e3o, mas foi \u00e0 embaixada\u00a0manifestar seu apoio \u00e0 oposi\u00e7\u00e3o do governo de Nicol\u00e1s Maduro. \u201cA minha expectativa \u00e9 que finalmente, depois de 24 anos, a gente consiga mudar alguma coisa\u00a0para melhor\u201d, disse ela, que tem duas filhas e apenas uma pode votar nas elei\u00e7\u00f5es.\u00a0\u00a0&#8220;O que a gente espera \u00e9 um resultado massivo que seja imposs\u00edvel de esconder&#8221;, acrescenta.<\/p>\n<div class=\"dnd-widget-wrapper context-cheio_8colunas type-image\">\n<div class=\"dnd-atom-rendered\">\n<div class=\"shadow overflow-hidden rounded-lg d-block w-100\"><img decoding=\"async\" class=\"flex-fill img-cover\" title=\"Valter Campanato\/Ag\u00eancia Brasil\" src=\"https:\/\/imagens.ebc.com.br\/XHe8n_rgGmE-TsGv5k4lSzkycQc=\/754x0\/smart\/https:\/\/agenciabrasil.ebc.com.br\/sites\/default\/files\/thumbnails\/image\/2024\/07\/28\/20240727130331_0d7a8504.jpg?itok=0VtgZGYF\" alt=\"Bras\u00edlia (DF) 28\/07\/2024 \u2013 Paula Marcondes na entrada da embaixada da Venezuela durante vota\u00e7\u00e3o para presidente.\nFoto: Valter Campanato\/Ag\u00eancia Brasil\" \/><\/div>\n<\/div>\n<div class=\"dnd-caption-wrapper\">\n<h6 class=\"meta\">Bras\u00edlia (DF) 28\/07\/2024 \u2013 Paula Marcondes na entrada da embaixada da Venezuela durante vota\u00e7\u00e3o para presidente &#8211;\u00a0<strong>Valter Campanato\/Ag\u00eancia Brasil<\/strong><\/h6>\n<\/div>\n<\/div>\n<p>A analista de sistemas S\u00f4nia Mejia tamb\u00e9m viajou de S\u00e3o Paulo para Bras\u00edlia para votar. Ela est\u00e1 h\u00e1 17 anos no Brasil\u00a0 onde trabalha com confeitaria. Ela espera que \u201ca vontade de todos os venezuelanos\u201d seja respeitada e que o pa\u00eds possa \u201csair de toda essa situa\u00e7\u00e3o que est\u00e1\u201d.<\/p>\n<p>\u201cQue seja um resultado para progresso da Venezuela, uma Venezuela livre, pr\u00f3spera, abundante e que desabroche\u201d, disse. \u201cEu queria fazer meu voto e fazer alguma coisa para mudar, porque eu acredito que, se a gente quer uma mudan\u00e7a no mundo, no pa\u00eds, em qualquer coisa, voc\u00ea tem que fazer algo. Ent\u00e3o, eu queria exercer meu direito e votar, e aqui estou, j\u00e1 votei, estou feliz. E esperamos que tudo seja para o bem da Venezuela\u201d, completou.<\/p>\n<div class=\"dnd-widget-wrapper context-cheio_8colunas type-image\">\n<div class=\"dnd-atom-rendered\">\n<div class=\"shadow overflow-hidden rounded-lg d-block w-100\"><img decoding=\"async\" class=\"flex-fill img-cover\" title=\"Valter Campanato\/Ag\u00eancia Brasil\" src=\"https:\/\/imagens.ebc.com.br\/tNqt5grdJ6G_KTsNTEFWLYI3R9o=\/754x0\/smart\/https:\/\/agenciabrasil.ebc.com.br\/sites\/default\/files\/thumbnails\/image\/2024\/07\/28\/20240727132124_0d7a8521.jpg?itok=a8nmy-FB\" alt=\"Bras\u00edlia (DF) 28\/07\/2024 \u2013 S\u00f4nia\u00a0Mej\u00eda na entrada da embaixada da Venezuela durante vota\u00e7\u00e3o para presidente.\nFoto: Valter Campanato\/Ag\u00eancia Brasil\" \/><\/div>\n<\/div>\n<div class=\"dnd-caption-wrapper\">\n<h6 class=\"meta\">Bras\u00edlia (DF) 28\/07\/2024 \u2013 S\u00f4nia\u00a0Mej\u00eda na entrada da embaixada da Venezuela durante vota\u00e7\u00e3o para presidente\u00a0&#8211;\u00a0<strong>Valter Campanato\/Ag\u00eancia Brasil<\/strong><\/h6>\n<\/div>\n<\/div>\n<h2>Economia<\/h2>\n<p>O pa\u00eds sul-americano enfrenta um bloqueio financeiro e comercial pelo menos desde 2017, quando pot\u00eancias como Estados Unidos, Canad\u00e1, Reino Unido e Uni\u00e3o Europeia passaram a n\u00e3o reconhecer a legitimidade do governo Maduro. O pa\u00eds vizinho tamb\u00e9m passou por grave crise econ\u00f4mica no per\u00edodo, com hiperinfla\u00e7\u00e3o e perda de cerca de 75% do PIB (Produto Interno Bruto, soma de todos os bens e servi\u00e7os produzidos no pa\u00eds), o que resultou na migra\u00e7\u00e3o de mais de 7 milh\u00f5es de pessoas.<\/p>\n<p>Desde meados de 2021, o pa\u00eds vem mostrando alguma\u00a0recupera\u00e7\u00e3o econ\u00f4mica. A hiperinfla\u00e7\u00e3o foi controlada, e a economia voltou a crescer em 2022 e 2023, por\u00e9m, os sal\u00e1rios continuam baixos e os servi\u00e7os p\u00fablicos deteriorados.<\/p>\n<p>Desde 2022, o embargo econ\u00f4mico vem sendo parcialmente flexibilizado e um acordo entre oposi\u00e7\u00e3o e governo foi firmado para as elei\u00e7\u00f5es deste ano. Por\u00e9m, den\u00fancias de pris\u00f5es de opositores nos \u00faltimos dias e recusas a assinar acordo para respeitar o resultado eleitoral por alguns candidatos da oposi\u00e7\u00e3o, entre eles, o favorito Edmundo Gonz\u00e1lez, jogam\u00a0d\u00favidas sobre o dia ap\u00f3s a vota\u00e7\u00e3o.<\/p>\n<p><em>Ag\u00eancia Brasil<\/em><\/p>\n","protected":false},"excerpt":{"rendered":"<p>O jornalista Manuel Quilarque viajou de S\u00e3o Paulo para Bras\u00edlia para votar nas elei\u00e7\u00f5es que<\/p>\n","protected":false},"author":3,"featured_media":43254,"comment_status":"open","ping_status":"open","sticky":false,"template":"","format":"standard","meta":{"footnotes":""},"categories":[9],"tags":[81],"class_list":["post-43253","post","type-post","status-publish","format-standard","has-post-thumbnail","hentry","category-internacional","tag-venezuela"],"yoast_head":"<!-- This site is optimized with the Yoast SEO plugin v27.5 - https:\/\/yoast.com\/product\/yoast-seo-wordpress\/ -->\n<title>Venezuelanos em Bras\u00edlia manifestam desejo de mudan\u00e7a com elei\u00e7\u00f5es - Jornal<\/title>\n<meta name=\"description\" content=\"Venezuelanos em Bras\u00edlia manifestam desejo de mudan\u00e7a com elei\u00e7\u00f5es\" \/>\n<meta name=\"robots\" content=\"index, follow, max-snippet:-1, max-image-preview:large, max-video-preview:-1\" \/>\n<link rel=\"canonical\" href=\"https:\/\/jornalboasnoticias.com.br\/home\/venezuelanos-em-brasilia-manifestam-desejo-de-mudanca-com-eleicoes\/\" \/>\n<meta property=\"og:locale\" content=\"pt_BR\" \/>\n<meta property=\"og:type\" content=\"article\" \/>\n<meta property=\"og:title\" content=\"Venezuelanos em Bras\u00edlia manifestam desejo de mudan\u00e7a com elei\u00e7\u00f5es - Jornal\" \/>\n<meta property=\"og:description\" content=\"Venezuelanos em Bras\u00edlia manifestam desejo de mudan\u00e7a com elei\u00e7\u00f5es\" \/>\n<meta property=\"og:url\" content=\"https:\/\/jornalboasnoticias.com.br\/home\/venezuelanos-em-brasilia-manifestam-desejo-de-mudanca-com-eleicoes\/\" \/>\n<meta property=\"og:site_name\" content=\"Jornal\" \/>\n<meta property=\"article:publisher\" content=\"https:\/\/www.facebook.com\/boasnoticiasjornal\" \/>\n<meta property=\"article:published_time\" content=\"2024-07-28T22:32:04+00:00\" \/>\n<meta property=\"og:image\" content=\"https:\/\/jornalboasnoticias.com.br\/home\/wp-content\/uploads\/2024\/07\/20240727131014_0d7a8514.webp\" \/>\n\t<meta property=\"og:image:width\" content=\"1170\" \/>\n\t<meta property=\"og:image:height\" content=\"700\" \/>\n\t<meta property=\"og:image:type\" content=\"image\/webp\" \/>\n<meta name=\"author\" content=\"Luiz Carlos da Cruz\" \/>\n<meta name=\"twitter:card\" content=\"summary_large_image\" \/>\n<meta name=\"twitter:label1\" content=\"Escrito por\" \/>\n\t<meta name=\"twitter:data1\" content=\"Luiz Carlos da Cruz\" \/>\n\t<meta name=\"twitter:label2\" content=\"Est. tempo de leitura\" \/>\n\t<meta name=\"twitter:data2\" content=\"5 minutos\" \/>\n<script type=\"application\/ld+json\" class=\"yoast-schema-graph\">{\"@context\":\"https:\\\/\\\/schema.org\",\"@graph\":[{\"@type\":\"Article\",\"@id\":\"https:\\\/\\\/jornalboasnoticias.com.br\\\/home\\\/venezuelanos-em-brasilia-manifestam-desejo-de-mudanca-com-eleicoes\\\/#article\",\"isPartOf\":{\"@id\":\"https:\\\/\\\/jornalboasnoticias.com.br\\\/home\\\/venezuelanos-em-brasilia-manifestam-desejo-de-mudanca-com-eleicoes\\\/\"},\"author\":{\"name\":\"Luiz Carlos da Cruz\",\"@id\":\"https:\\\/\\\/jornalboasnoticias.com.br\\\/home\\\/#\\\/schema\\\/person\\\/75f9ebde398c998c166475fb446bda62\"},\"headline\":\"Venezuelanos em Bras\u00edlia manifestam desejo de mudan\u00e7a com elei\u00e7\u00f5es\",\"datePublished\":\"2024-07-28T22:32:04+00:00\",\"mainEntityOfPage\":{\"@id\":\"https:\\\/\\\/jornalboasnoticias.com.br\\\/home\\\/venezuelanos-em-brasilia-manifestam-desejo-de-mudanca-com-eleicoes\\\/\"},\"wordCount\":1057,\"commentCount\":0,\"publisher\":{\"@id\":\"https:\\\/\\\/jornalboasnoticias.com.br\\\/home\\\/#organization\"},\"image\":{\"@id\":\"https:\\\/\\\/jornalboasnoticias.com.br\\\/home\\\/venezuelanos-em-brasilia-manifestam-desejo-de-mudanca-com-eleicoes\\\/#primaryimage\"},\"thumbnailUrl\":\"https:\\\/\\\/jornalboasnoticias.com.br\\\/home\\\/wp-content\\\/uploads\\\/2024\\\/07\\\/20240727131014_0d7a8514.webp\",\"keywords\":[\"Venezuela\"],\"articleSection\":[\"INTERNACIONAL\"],\"inLanguage\":\"pt-BR\",\"potentialAction\":[{\"@type\":\"CommentAction\",\"name\":\"Comment\",\"target\":[\"https:\\\/\\\/jornalboasnoticias.com.br\\\/home\\\/venezuelanos-em-brasilia-manifestam-desejo-de-mudanca-com-eleicoes\\\/#respond\"]}]},{\"@type\":\"WebPage\",\"@id\":\"https:\\\/\\\/jornalboasnoticias.com.br\\\/home\\\/venezuelanos-em-brasilia-manifestam-desejo-de-mudanca-com-eleicoes\\\/\",\"url\":\"https:\\\/\\\/jornalboasnoticias.com.br\\\/home\\\/venezuelanos-em-brasilia-manifestam-desejo-de-mudanca-com-eleicoes\\\/\",\"name\":\"Venezuelanos em Bras\u00edlia manifestam desejo de mudan\u00e7a com elei\u00e7\u00f5es - Jornal\",\"isPartOf\":{\"@id\":\"https:\\\/\\\/jornalboasnoticias.com.br\\\/home\\\/#website\"},\"primaryImageOfPage\":{\"@id\":\"https:\\\/\\\/jornalboasnoticias.com.br\\\/home\\\/venezuelanos-em-brasilia-manifestam-desejo-de-mudanca-com-eleicoes\\\/#primaryimage\"},\"image\":{\"@id\":\"https:\\\/\\\/jornalboasnoticias.com.br\\\/home\\\/venezuelanos-em-brasilia-manifestam-desejo-de-mudanca-com-eleicoes\\\/#primaryimage\"},\"thumbnailUrl\":\"https:\\\/\\\/jornalboasnoticias.com.br\\\/home\\\/wp-content\\\/uploads\\\/2024\\\/07\\\/20240727131014_0d7a8514.webp\",\"datePublished\":\"2024-07-28T22:32:04+00:00\",\"description\":\"Venezuelanos em Bras\u00edlia manifestam desejo de mudan\u00e7a com elei\u00e7\u00f5es\",\"breadcrumb\":{\"@id\":\"https:\\\/\\\/jornalboasnoticias.com.br\\\/home\\\/venezuelanos-em-brasilia-manifestam-desejo-de-mudanca-com-eleicoes\\\/#breadcrumb\"},\"inLanguage\":\"pt-BR\",\"potentialAction\":[{\"@type\":\"ReadAction\",\"target\":[\"https:\\\/\\\/jornalboasnoticias.com.br\\\/home\\\/venezuelanos-em-brasilia-manifestam-desejo-de-mudanca-com-eleicoes\\\/\"]}]},{\"@type\":\"ImageObject\",\"inLanguage\":\"pt-BR\",\"@id\":\"https:\\\/\\\/jornalboasnoticias.com.br\\\/home\\\/venezuelanos-em-brasilia-manifestam-desejo-de-mudanca-com-eleicoes\\\/#primaryimage\",\"url\":\"https:\\\/\\\/jornalboasnoticias.com.br\\\/home\\\/wp-content\\\/uploads\\\/2024\\\/07\\\/20240727131014_0d7a8514.webp\",\"contentUrl\":\"https:\\\/\\\/jornalboasnoticias.com.br\\\/home\\\/wp-content\\\/uploads\\\/2024\\\/07\\\/20240727131014_0d7a8514.webp\",\"width\":1170,\"height\":700,\"caption\":\"\u00a0Valter Campanato\\\/Ag\u00eancia Brasil\"},{\"@type\":\"BreadcrumbList\",\"@id\":\"https:\\\/\\\/jornalboasnoticias.com.br\\\/home\\\/venezuelanos-em-brasilia-manifestam-desejo-de-mudanca-com-eleicoes\\\/#breadcrumb\",\"itemListElement\":[{\"@type\":\"ListItem\",\"position\":1,\"name\":\"In\u00edcio\",\"item\":\"https:\\\/\\\/jornalboasnoticias.com.br\\\/home\\\/\"},{\"@type\":\"ListItem\",\"position\":2,\"name\":\"Venezuelanos em Bras\u00edlia manifestam desejo de mudan\u00e7a com elei\u00e7\u00f5es\"}]},{\"@type\":\"WebSite\",\"@id\":\"https:\\\/\\\/jornalboasnoticias.com.br\\\/home\\\/#website\",\"url\":\"https:\\\/\\\/jornalboasnoticias.com.br\\\/home\\\/\",\"name\":\"Jornal Boas Not\u00edcias\",\"description\":\"Boas not\u00edcias\",\"publisher\":{\"@id\":\"https:\\\/\\\/jornalboasnoticias.com.br\\\/home\\\/#organization\"},\"potentialAction\":[{\"@type\":\"SearchAction\",\"target\":{\"@type\":\"EntryPoint\",\"urlTemplate\":\"https:\\\/\\\/jornalboasnoticias.com.br\\\/home\\\/?s={search_term_string}\"},\"query-input\":{\"@type\":\"PropertyValueSpecification\",\"valueRequired\":true,\"valueName\":\"search_term_string\"}}],\"inLanguage\":\"pt-BR\"},{\"@type\":\"Organization\",\"@id\":\"https:\\\/\\\/jornalboasnoticias.com.br\\\/home\\\/#organization\",\"name\":\"Coq Editora Ltda\",\"alternateName\":\"Jornal Boas Noticias\",\"url\":\"https:\\\/\\\/jornalboasnoticias.com.br\\\/home\\\/\",\"logo\":{\"@type\":\"ImageObject\",\"inLanguage\":\"pt-BR\",\"@id\":\"https:\\\/\\\/jornalboasnoticias.com.br\\\/home\\\/#\\\/schema\\\/logo\\\/image\\\/\",\"url\":\"https:\\\/\\\/jornalboasnoticias.com.br\\\/home\\\/wp-content\\\/uploads\\\/2024\\\/07\\\/cropped-logo.jpg\",\"contentUrl\":\"https:\\\/\\\/jornalboasnoticias.com.br\\\/home\\\/wp-content\\\/uploads\\\/2024\\\/07\\\/cropped-logo.jpg\",\"width\":290,\"height\":142,\"caption\":\"Coq Editora Ltda\"},\"image\":{\"@id\":\"https:\\\/\\\/jornalboasnoticias.com.br\\\/home\\\/#\\\/schema\\\/logo\\\/image\\\/\"},\"sameAs\":[\"https:\\\/\\\/www.facebook.com\\\/boasnoticiasjornal\"]},{\"@type\":\"Person\",\"@id\":\"https:\\\/\\\/jornalboasnoticias.com.br\\\/home\\\/#\\\/schema\\\/person\\\/75f9ebde398c998c166475fb446bda62\",\"name\":\"Luiz Carlos da Cruz\",\"image\":{\"@type\":\"ImageObject\",\"inLanguage\":\"pt-BR\",\"@id\":\"https:\\\/\\\/secure.gravatar.com\\\/avatar\\\/e6f4f45301b6cb8572f7b076572e8ac11c1db80e805d8c8d0858cf286ce3ac3b?s=96&d=mm&r=g\",\"url\":\"https:\\\/\\\/secure.gravatar.com\\\/avatar\\\/e6f4f45301b6cb8572f7b076572e8ac11c1db80e805d8c8d0858cf286ce3ac3b?s=96&d=mm&r=g\",\"contentUrl\":\"https:\\\/\\\/secure.gravatar.com\\\/avatar\\\/e6f4f45301b6cb8572f7b076572e8ac11c1db80e805d8c8d0858cf286ce3ac3b?s=96&d=mm&r=g\",\"caption\":\"Luiz Carlos da Cruz\"},\"url\":\"https:\\\/\\\/jornalboasnoticias.com.br\\\/home\\\/author\\\/luiz-carlos-da-cruz\\\/\"}]}<\/script>\n<!-- \/ Yoast SEO plugin. -->","yoast_head_json":{"title":"Venezuelanos em Bras\u00edlia manifestam desejo de mudan\u00e7a com elei\u00e7\u00f5es - Jornal","description":"Venezuelanos em Bras\u00edlia manifestam desejo de mudan\u00e7a com elei\u00e7\u00f5es","robots":{"index":"index","follow":"follow","max-snippet":"max-snippet:-1","max-image-preview":"max-image-preview:large","max-video-preview":"max-video-preview:-1"},"canonical":"https:\/\/jornalboasnoticias.com.br\/home\/venezuelanos-em-brasilia-manifestam-desejo-de-mudanca-com-eleicoes\/","og_locale":"pt_BR","og_type":"article","og_title":"Venezuelanos em Bras\u00edlia manifestam desejo de mudan\u00e7a com elei\u00e7\u00f5es - Jornal","og_description":"Venezuelanos em Bras\u00edlia manifestam desejo de mudan\u00e7a com elei\u00e7\u00f5es","og_url":"https:\/\/jornalboasnoticias.com.br\/home\/venezuelanos-em-brasilia-manifestam-desejo-de-mudanca-com-eleicoes\/","og_site_name":"Jornal","article_publisher":"https:\/\/www.facebook.com\/boasnoticiasjornal","article_published_time":"2024-07-28T22:32:04+00:00","og_image":[{"width":1170,"height":700,"url":"https:\/\/jornalboasnoticias.com.br\/home\/wp-content\/uploads\/2024\/07\/20240727131014_0d7a8514.webp","type":"image\/webp"}],"author":"Luiz Carlos da Cruz","twitter_card":"summary_large_image","twitter_misc":{"Escrito por":"Luiz Carlos da Cruz","Est. tempo de leitura":"5 minutos"},"schema":{"@context":"https:\/\/schema.org","@graph":[{"@type":"Article","@id":"https:\/\/jornalboasnoticias.com.br\/home\/venezuelanos-em-brasilia-manifestam-desejo-de-mudanca-com-eleicoes\/#article","isPartOf":{"@id":"https:\/\/jornalboasnoticias.com.br\/home\/venezuelanos-em-brasilia-manifestam-desejo-de-mudanca-com-eleicoes\/"},"author":{"name":"Luiz Carlos da Cruz","@id":"https:\/\/jornalboasnoticias.com.br\/home\/#\/schema\/person\/75f9ebde398c998c166475fb446bda62"},"headline":"Venezuelanos em Bras\u00edlia manifestam desejo de mudan\u00e7a com elei\u00e7\u00f5es","datePublished":"2024-07-28T22:32:04+00:00","mainEntityOfPage":{"@id":"https:\/\/jornalboasnoticias.com.br\/home\/venezuelanos-em-brasilia-manifestam-desejo-de-mudanca-com-eleicoes\/"},"wordCount":1057,"commentCount":0,"publisher":{"@id":"https:\/\/jornalboasnoticias.com.br\/home\/#organization"},"image":{"@id":"https:\/\/jornalboasnoticias.com.br\/home\/venezuelanos-em-brasilia-manifestam-desejo-de-mudanca-com-eleicoes\/#primaryimage"},"thumbnailUrl":"https:\/\/jornalboasnoticias.com.br\/home\/wp-content\/uploads\/2024\/07\/20240727131014_0d7a8514.webp","keywords":["Venezuela"],"articleSection":["INTERNACIONAL"],"inLanguage":"pt-BR","potentialAction":[{"@type":"CommentAction","name":"Comment","target":["https:\/\/jornalboasnoticias.com.br\/home\/venezuelanos-em-brasilia-manifestam-desejo-de-mudanca-com-eleicoes\/#respond"]}]},{"@type":"WebPage","@id":"https:\/\/jornalboasnoticias.com.br\/home\/venezuelanos-em-brasilia-manifestam-desejo-de-mudanca-com-eleicoes\/","url":"https:\/\/jornalboasnoticias.com.br\/home\/venezuelanos-em-brasilia-manifestam-desejo-de-mudanca-com-eleicoes\/","name":"Venezuelanos em Bras\u00edlia manifestam desejo de mudan\u00e7a com elei\u00e7\u00f5es - Jornal","isPartOf":{"@id":"https:\/\/jornalboasnoticias.com.br\/home\/#website"},"primaryImageOfPage":{"@id":"https:\/\/jornalboasnoticias.com.br\/home\/venezuelanos-em-brasilia-manifestam-desejo-de-mudanca-com-eleicoes\/#primaryimage"},"image":{"@id":"https:\/\/jornalboasnoticias.com.br\/home\/venezuelanos-em-brasilia-manifestam-desejo-de-mudanca-com-eleicoes\/#primaryimage"},"thumbnailUrl":"https:\/\/jornalboasnoticias.com.br\/home\/wp-content\/uploads\/2024\/07\/20240727131014_0d7a8514.webp","datePublished":"2024-07-28T22:32:04+00:00","description":"Venezuelanos em Bras\u00edlia manifestam desejo de mudan\u00e7a com elei\u00e7\u00f5es","breadcrumb":{"@id":"https:\/\/jornalboasnoticias.com.br\/home\/venezuelanos-em-brasilia-manifestam-desejo-de-mudanca-com-eleicoes\/#breadcrumb"},"inLanguage":"pt-BR","potentialAction":[{"@type":"ReadAction","target":["https:\/\/jornalboasnoticias.com.br\/home\/venezuelanos-em-brasilia-manifestam-desejo-de-mudanca-com-eleicoes\/"]}]},{"@type":"ImageObject","inLanguage":"pt-BR","@id":"https:\/\/jornalboasnoticias.com.br\/home\/venezuelanos-em-brasilia-manifestam-desejo-de-mudanca-com-eleicoes\/#primaryimage","url":"https:\/\/jornalboasnoticias.com.br\/home\/wp-content\/uploads\/2024\/07\/20240727131014_0d7a8514.webp","contentUrl":"https:\/\/jornalboasnoticias.com.br\/home\/wp-content\/uploads\/2024\/07\/20240727131014_0d7a8514.webp","width":1170,"height":700,"caption":"\u00a0Valter Campanato\/Ag\u00eancia Brasil"},{"@type":"BreadcrumbList","@id":"https:\/\/jornalboasnoticias.com.br\/home\/venezuelanos-em-brasilia-manifestam-desejo-de-mudanca-com-eleicoes\/#breadcrumb","itemListElement":[{"@type":"ListItem","position":1,"name":"In\u00edcio","item":"https:\/\/jornalboasnoticias.com.br\/home\/"},{"@type":"ListItem","position":2,"name":"Venezuelanos em Bras\u00edlia manifestam desejo de mudan\u00e7a com elei\u00e7\u00f5es"}]},{"@type":"WebSite","@id":"https:\/\/jornalboasnoticias.com.br\/home\/#website","url":"https:\/\/jornalboasnoticias.com.br\/home\/","name":"Jornal Boas Not\u00edcias","description":"Boas not\u00edcias","publisher":{"@id":"https:\/\/jornalboasnoticias.com.br\/home\/#organization"},"potentialAction":[{"@type":"SearchAction","target":{"@type":"EntryPoint","urlTemplate":"https:\/\/jornalboasnoticias.com.br\/home\/?s={search_term_string}"},"query-input":{"@type":"PropertyValueSpecification","valueRequired":true,"valueName":"search_term_string"}}],"inLanguage":"pt-BR"},{"@type":"Organization","@id":"https:\/\/jornalboasnoticias.com.br\/home\/#organization","name":"Coq Editora Ltda","alternateName":"Jornal Boas Noticias","url":"https:\/\/jornalboasnoticias.com.br\/home\/","logo":{"@type":"ImageObject","inLanguage":"pt-BR","@id":"https:\/\/jornalboasnoticias.com.br\/home\/#\/schema\/logo\/image\/","url":"https:\/\/jornalboasnoticias.com.br\/home\/wp-content\/uploads\/2024\/07\/cropped-logo.jpg","contentUrl":"https:\/\/jornalboasnoticias.com.br\/home\/wp-content\/uploads\/2024\/07\/cropped-logo.jpg","width":290,"height":142,"caption":"Coq Editora Ltda"},"image":{"@id":"https:\/\/jornalboasnoticias.com.br\/home\/#\/schema\/logo\/image\/"},"sameAs":["https:\/\/www.facebook.com\/boasnoticiasjornal"]},{"@type":"Person","@id":"https:\/\/jornalboasnoticias.com.br\/home\/#\/schema\/person\/75f9ebde398c998c166475fb446bda62","name":"Luiz Carlos da Cruz","image":{"@type":"ImageObject","inLanguage":"pt-BR","@id":"https:\/\/secure.gravatar.com\/avatar\/e6f4f45301b6cb8572f7b076572e8ac11c1db80e805d8c8d0858cf286ce3ac3b?s=96&d=mm&r=g","url":"https:\/\/secure.gravatar.com\/avatar\/e6f4f45301b6cb8572f7b076572e8ac11c1db80e805d8c8d0858cf286ce3ac3b?s=96&d=mm&r=g","contentUrl":"https:\/\/secure.gravatar.com\/avatar\/e6f4f45301b6cb8572f7b076572e8ac11c1db80e805d8c8d0858cf286ce3ac3b?s=96&d=mm&r=g","caption":"Luiz Carlos da Cruz"},"url":"https:\/\/jornalboasnoticias.com.br\/home\/author\/luiz-carlos-da-cruz\/"}]}},"_links":{"self":[{"href":"https:\/\/jornalboasnoticias.com.br\/home\/wp-json\/wp\/v2\/posts\/43253","targetHints":{"allow":["GET"]}}],"collection":[{"href":"https:\/\/jornalboasnoticias.com.br\/home\/wp-json\/wp\/v2\/posts"}],"about":[{"href":"https:\/\/jornalboasnoticias.com.br\/home\/wp-json\/wp\/v2\/types\/post"}],"author":[{"embeddable":true,"href":"https:\/\/jornalboasnoticias.com.br\/home\/wp-json\/wp\/v2\/users\/3"}],"replies":[{"embeddable":true,"href":"https:\/\/jornalboasnoticias.com.br\/home\/wp-json\/wp\/v2\/comments?post=43253"}],"version-history":[{"count":1,"href":"https:\/\/jornalboasnoticias.com.br\/home\/wp-json\/wp\/v2\/posts\/43253\/revisions"}],"predecessor-version":[{"id":43255,"href":"https:\/\/jornalboasnoticias.com.br\/home\/wp-json\/wp\/v2\/posts\/43253\/revisions\/43255"}],"wp:featuredmedia":[{"embeddable":true,"href":"https:\/\/jornalboasnoticias.com.br\/home\/wp-json\/wp\/v2\/media\/43254"}],"wp:attachment":[{"href":"https:\/\/jornalboasnoticias.com.br\/home\/wp-json\/wp\/v2\/media?parent=43253"}],"wp:term":[{"taxonomy":"category","embeddable":true,"href":"https:\/\/jornalboasnoticias.com.br\/home\/wp-json\/wp\/v2\/categories?post=43253"},{"taxonomy":"post_tag","embeddable":true,"href":"https:\/\/jornalboasnoticias.com.br\/home\/wp-json\/wp\/v2\/tags?post=43253"}],"curies":[{"name":"wp","href":"https:\/\/api.w.org\/{rel}","templated":true}]}}