{"id":43238,"date":"2024-07-28T00:08:58","date_gmt":"2024-07-28T00:08:58","guid":{"rendered":"https:\/\/jornalboasnoticias.com.br\/home\/?p=43238"},"modified":"2024-07-28T00:08:58","modified_gmt":"2024-07-28T00:08:58","slug":"tenho-minha-vida-de-volta-diz-jovem-preso-injustamente-por-1-ano","status":"publish","type":"post","link":"https:\/\/jornalboasnoticias.com.br\/home\/tenho-minha-vida-de-volta-diz-jovem-preso-injustamente-por-1-ano\/","title":{"rendered":"Tenho minha vida de volta, diz jovem preso injustamente por 1 ano"},"content":{"rendered":"<p class=\"col-10 offset-1 animated fadeInDown dealy-900 display-8 display-md-8 alt-font font-italic my-1 text-center\" style=\"text-align: center;\"><strong><em>Carlos Vitor teve reconhecimento de foto errada por v\u00edtima de roubo<\/em><\/strong><\/p>\n<p><img loading=\"lazy\" decoding=\"async\" class=\"alignnone wp-image-43239 size-full\" src=\"https:\/\/jornalboasnoticias.com.br\/home\/wp-content\/uploads\/2024\/07\/Carlos-Victor.webp\" alt=\"\" width=\"1170\" height=\"700\" srcset=\"https:\/\/jornalboasnoticias.com.br\/home\/wp-content\/uploads\/2024\/07\/Carlos-Victor.webp 1170w, https:\/\/jornalboasnoticias.com.br\/home\/wp-content\/uploads\/2024\/07\/Carlos-Victor-300x179.webp 300w, https:\/\/jornalboasnoticias.com.br\/home\/wp-content\/uploads\/2024\/07\/Carlos-Victor-1024x613.webp 1024w, https:\/\/jornalboasnoticias.com.br\/home\/wp-content\/uploads\/2024\/07\/Carlos-Victor-768x459.webp 768w\" sizes=\"auto, (max-width: 1170px) 100vw, 1170px\" \/><\/p>\n<p>Completar o curso t\u00e9cnico de enfermagem e ser aprovado em um concurso p\u00fablico para trabalhar na profiss\u00e3o que passou a admirar\u00a0depois de\u00a0ficar internado em um hospital de S\u00e3o Gon\u00e7alo, na regi\u00e3o metropolitana do Rio, para tratar um corte na m\u00e3o. Esses s\u00e3o os planos de\u00a0Carlos Vitor Fernandes Guimar\u00e3es, 25 anos, que\u00a0foi solto na \u00faltima quinta-feira (25),\u00a0com a sensa\u00e7\u00e3o de que\u00a0finalmente conquistou\u00a0a vida de volta, ap\u00f3s ter ficado preso no Pres\u00eddio Evaristo de Moraes, em S\u00e3o Crist\u00f3v\u00e3o.<\/p>\n<p>\u201c\u00c9 um momento para mim de extrema felicidade poder estar com minha fam\u00edlia novamente e poder voltar \u00e0\u00a0minha vida normal, fazer meu curso, voltar a trabalhar na minha \u00e1rea de trancista. Ter minha vida de volta, voltar \u00e0\u00a0minha realidade, embora eu ainda esteja achando que estou sonhando, mas gra\u00e7as que esse pesadelo acabou\u201d, contou o jovem, preso injustamente, em entrevista \u00e0\u00a0<strong>Ag\u00eancia Brasil.<\/strong><\/p>\n<h2>Preso injustamente<\/h2>\n<p>A vida de Carlos Vitor mudou em\u00a02018, ano em que sofreu um assalto e teve os documentos levados. Na \u00e9poca, ele n\u00e3o fez um boletim de ocorr\u00eancia. Tempos depois, o jovem foi chamado a prestar depoimento \u00e0 pol\u00edcia, pois seus documentos tinham sido encontrados em um caminh\u00e3o, usado por ladr\u00f5es em um roubo de carga em S\u00e3o Paulo. Na delegacia, o ent\u00e3o estudante afirmou n\u00e3o ter participado do crime\u00a0e insistiu que os documentos tinham sido roubados\u00a0anteriormente.<\/p>\n<p>N\u00e3o adiantou. Mesmo sem nunca ter cometido um crime, a\u00a0foto de Carlos Vitor entrou para o \u00e1lbum de suspeitos da pol\u00edcia. E foi isso que mudou a hist\u00f3ria do\u00a0jovem.<\/p>\n<p>O motorista do caminh\u00e3o\u00a0fez um reconhecimento fotogr\u00e1fico em audi\u00eancia judicial em 2021\u00a0e\u00a0apontou Carlos Vitor\u00a0como um dos autores do roubo, apesar de ter dito que o ladr\u00e3o tinha cabelo no estilo black power.\u00a0Jo\u00e3o Vitor usava\u00a0tran\u00e7as longas na \u00e9poca.<\/p>\n<p>Apesar da diverg\u00eancia no reconhecimento, Carlos Vitor foi condenado,\u00a0em outubro de 2021, a seis anos, cinco meses e 23\u00a0dias de pris\u00e3o, em regime inicial semiaberto.<\/p>\n<p>\u201cPessoalmente, em chamada de v\u00eddeo, ele teve dificuldade de reconhecer o Carlos pelo passar dos anos, mas quando viu a foto da identidade, que estava no \u00e1lbum, ele teve certeza que era a foto. O\u00a0juiz decretou que o Carlos n\u00e3o era inocente e ia ter que voltar para a pris\u00e3o. Em 2021, a pris\u00e3o foi novamente pedida\u00a0e, em 2023, foi preso de novo\u201d, lembrou Viviane Vieira, m\u00e3e de Carlos Vitor.<\/p>\n<p>O caso de Carlos foi contado no\u00a0<a href=\"https:\/\/www.youtube.com\/watch?v=GLyQrlYJs28&amp;list=PLuP7SQK7lt1a_jkMXtWeR1eOSRyOdypsH&amp;index=7\" target=\"_blank\" rel=\"noopener\">programa\u00a0<em>Caminhos da Reportagem<\/em><\/a>\u00a0da\u00a0<strong>TV Brasil<\/strong>, exibido em maio deste ano.<\/p>\n<h2>Resili\u00eancia<\/h2>\n<p>A fam\u00edlia do jovem n\u00e3o se deu por vencida e tentou reverter\u00a0a pris\u00e3o\u00a0no Tribunal de Justi\u00e7a do Rio de Janeiro, que negou\u00a0o\u00a0<em>habeas corpus<\/em>\u00a0e a anula\u00e7\u00e3o da senten\u00e7a. Em 2023,\u00a0a fam\u00edlia chegou\u00a0\u00e0 Defensoria P\u00fablica do Rio de Janeiro (DPRJ), que fez um pedido de revis\u00e3o criminal, tamb\u00e9m rejeitado pelo\u00a0TJRJ.<\/p>\n<p>Os defensores p\u00fablicos recorreram, ent\u00e3o,\u00a0ao Superior Tribunal de Justi\u00e7a (STJ). Na \u00faltima segunda-feira (22), o desembargador Ot\u00e1vio de Almeida Toledo anulou o reconhecimento fotogr\u00e1fico feito pelo motorista de caminh\u00e3o e todas as provas contra o jovem,\u00a0o que resultou na absolvi\u00e7\u00e3o de Carlos Vitor e permitiu a sa\u00edda dele da cadeia.<\/p>\n<p>\u201cAnte o exposto, concedo a ordem para decretar a nulidade do reconhecimento fotogr\u00e1fico, bem como de todas as provas dela derivadas (art. 157 e seu \u00a71\u00ba, ambos do CPP), o que, \u00e0 m\u00edngua de elementos independentes e suficientes para comprovar a autoria do paciente, leva \u00e0 sua necess\u00e1ria absolvi\u00e7\u00e3o\u201d, decidiu o desembargador.<\/p>\n<p>A defensora p\u00fablica Isabel de Oliveira Schprejer, subcoordenadora de Defesa Criminal, disse que a intensa batalha foi\u00a0necess\u00e1ria para reparar a injusti\u00e7a.<\/p>\n<p>\u201cEsse caso nos transformou muito, porque a injusti\u00e7a era muito patente para n\u00f3s. A gente tentava mostrar isso no processo e o Tribunal de Justi\u00e7a\u00a0n\u00e3o enxergou da mesma forma que n\u00f3s, mas felizmente o STJ enxergou. Como a revis\u00e3o foi julgada improcedente pelo tribunal, a pr\u00f3xima inst\u00e2ncia \u00e9 o STJ&#8221;, explicou a defensora,\u00a0que atuou no caso\u00a0junto com a coordenadora de Defesa Criminal, L\u00facia Helena de Oliveira.<\/p>\n<p>\u201cEles analisaram profundamente todas as decis\u00f5es [anteriores], depoimentos, ent\u00e3o, foi uma decis\u00e3o muito fundamentada de pessoas que se debru\u00e7aram no processo. A gente ficou muito feliz com a decis\u00e3o apesar de ela ter vindo, tempos depois, que a gente gostaria\u201d, concluiu.<\/p>\n<p>No entendimento da coordenadora L\u00facia Helena de Oliveira, o uso inadequado do reconhecimento fotogr\u00e1fico, reconhecido neste processo pelo STJ, culpabiliza\u00a0pessoas inocentes, sobretudo as negras.<\/p>\n<p>\u201cEste caso \u00e9 mais um dos tristes exemplos de equ\u00edvocos em reconhecimento de pessoas, que levam inocentes, em muitos casos, ao c\u00e1rcere. O reconhecimento de pessoas deve ser realizado de forma cuidadosa e com respeito \u00e0s garantias constitucionais e processuais, sob pena de viola\u00e7\u00f5es de direitos e pris\u00f5es injustas, conforme demonstrado, por algumas vezes, atrav\u00e9s das pesquisas da Defensoria P\u00fablica\u201d, diz nota da Defensoria.<\/p>\n<h2>Absolvido<\/h2>\n<p>Para Carlos Vitor, a absolvi\u00e7\u00e3o vai abrir o seu caminho. \u201cEu agora tenho op\u00e7\u00f5es. Quando eu estava l\u00e1 dentro [da pris\u00e3o], eu pensei que minha vida tinha acabado por conta de nome sujo, por ser dif\u00edcil arrumar emprego, n\u00e3o poder fazer concurso p\u00fablico. Fica tudo mais dif\u00edcil. Como eu fui absolvido, sinto que posso fazer o que eu quero. O que eu quiser eu posso fazer\u201d, disse.<\/p>\n<p>O jovem relatou as dificuldades de estar preso por um ano e cinco meses,\u00a0como a demora na autoriza\u00e7\u00e3o para receber visita da fam\u00edlia.<\/p>\n<p>\u201cMuita falta do conforto de casa, dos abra\u00e7os, de estar com a fam\u00edlia, de poder estar com minha irm\u00e3zinha, desde bebezinha eu tomo conta da minha irm\u00e3. Senti falta da minha rotina tamb\u00e9m aqui na rua. Tudo muda. \u00c9 tudo muito diferente l\u00e1 dentro\u201d, revelou o jovem, que volta\u00a0a morar com a m\u00e3e no bairro do Coluband\u00ea, em S\u00e3o Gon\u00e7alo.<\/p>\n<p>\u201cAgora \u00e9 aproveitar cada momento que Deus est\u00e1 proporcionando para a gente. \u00c9 uma alegria enorme saber que tudo isso acabou e gra\u00e7as a Deus meu filho foi absolvido. Gra\u00e7as a Deus,\u00a0tem pessoas com cora\u00e7\u00e3o, que se sensibilizaram e puderam nos ajudar, que participaram do come\u00e7o at\u00e9 o fim\u201d, disse, aliviada, a m\u00e3e\u00a0Viviane Vieira.<\/p>\n<p><em>Ag\u00e8ncia Brasil<\/em><\/p>\n","protected":false},"excerpt":{"rendered":"<p>Carlos Vitor teve reconhecimento de foto errada por v\u00edtima de roubo Completar o curso t\u00e9cnico<\/p>\n","protected":false},"author":3,"featured_media":43239,"comment_status":"open","ping_status":"open","sticky":false,"template":"","format":"standard","meta":{"footnotes":""},"categories":[6,22],"tags":[],"class_list":["post-43238","post","type-post","status-publish","format-standard","has-post-thumbnail","hentry","category-brasil","category-justica"],"yoast_head":"<!-- This site is optimized with the Yoast SEO plugin v27.5 - https:\/\/yoast.com\/product\/yoast-seo-wordpress\/ -->\n<title>Tenho minha vida de volta, diz jovem preso injustamente por 1 ano - Jornal<\/title>\n<meta name=\"description\" content=\"Tenho minha vida de volta, diz jovem preso injustamente por 1 ano\" \/>\n<meta name=\"robots\" content=\"index, follow, max-snippet:-1, max-image-preview:large, max-video-preview:-1\" \/>\n<link rel=\"canonical\" href=\"https:\/\/jornalboasnoticias.com.br\/home\/tenho-minha-vida-de-volta-diz-jovem-preso-injustamente-por-1-ano\/\" \/>\n<meta property=\"og:locale\" content=\"pt_BR\" \/>\n<meta property=\"og:type\" content=\"article\" \/>\n<meta property=\"og:title\" content=\"Tenho minha vida de volta, diz jovem preso injustamente por 1 ano - Jornal\" \/>\n<meta property=\"og:description\" content=\"Tenho minha vida de volta, diz jovem preso injustamente por 1 ano\" \/>\n<meta property=\"og:url\" content=\"https:\/\/jornalboasnoticias.com.br\/home\/tenho-minha-vida-de-volta-diz-jovem-preso-injustamente-por-1-ano\/\" \/>\n<meta property=\"og:site_name\" content=\"Jornal\" \/>\n<meta property=\"article:publisher\" content=\"https:\/\/www.facebook.com\/boasnoticiasjornal\" \/>\n<meta property=\"article:published_time\" content=\"2024-07-28T00:08:58+00:00\" \/>\n<meta property=\"og:image\" content=\"https:\/\/jornalboasnoticias.com.br\/home\/wp-content\/uploads\/2024\/07\/Carlos-Victor.webp\" \/>\n\t<meta property=\"og:image:width\" content=\"1170\" \/>\n\t<meta property=\"og:image:height\" content=\"700\" \/>\n\t<meta property=\"og:image:type\" content=\"image\/webp\" \/>\n<meta name=\"author\" content=\"Luiz Carlos da Cruz\" \/>\n<meta name=\"twitter:card\" content=\"summary_large_image\" \/>\n<meta name=\"twitter:label1\" content=\"Escrito por\" \/>\n\t<meta name=\"twitter:data1\" content=\"Luiz Carlos da Cruz\" \/>\n\t<meta name=\"twitter:label2\" content=\"Est. tempo de leitura\" \/>\n\t<meta name=\"twitter:data2\" content=\"6 minutos\" \/>\n<script type=\"application\/ld+json\" class=\"yoast-schema-graph\">{\"@context\":\"https:\\\/\\\/schema.org\",\"@graph\":[{\"@type\":\"Article\",\"@id\":\"https:\\\/\\\/jornalboasnoticias.com.br\\\/home\\\/tenho-minha-vida-de-volta-diz-jovem-preso-injustamente-por-1-ano\\\/#article\",\"isPartOf\":{\"@id\":\"https:\\\/\\\/jornalboasnoticias.com.br\\\/home\\\/tenho-minha-vida-de-volta-diz-jovem-preso-injustamente-por-1-ano\\\/\"},\"author\":{\"name\":\"Luiz Carlos da Cruz\",\"@id\":\"https:\\\/\\\/jornalboasnoticias.com.br\\\/home\\\/#\\\/schema\\\/person\\\/75f9ebde398c998c166475fb446bda62\"},\"headline\":\"Tenho minha vida de volta, diz jovem preso injustamente por 1 ano\",\"datePublished\":\"2024-07-28T00:08:58+00:00\",\"mainEntityOfPage\":{\"@id\":\"https:\\\/\\\/jornalboasnoticias.com.br\\\/home\\\/tenho-minha-vida-de-volta-diz-jovem-preso-injustamente-por-1-ano\\\/\"},\"wordCount\":1124,\"commentCount\":0,\"publisher\":{\"@id\":\"https:\\\/\\\/jornalboasnoticias.com.br\\\/home\\\/#organization\"},\"image\":{\"@id\":\"https:\\\/\\\/jornalboasnoticias.com.br\\\/home\\\/tenho-minha-vida-de-volta-diz-jovem-preso-injustamente-por-1-ano\\\/#primaryimage\"},\"thumbnailUrl\":\"https:\\\/\\\/jornalboasnoticias.com.br\\\/home\\\/wp-content\\\/uploads\\\/2024\\\/07\\\/Carlos-Victor.webp\",\"articleSection\":[\"BRASIL\",\"JUSTI\u00c7A\"],\"inLanguage\":\"pt-BR\",\"potentialAction\":[{\"@type\":\"CommentAction\",\"name\":\"Comment\",\"target\":[\"https:\\\/\\\/jornalboasnoticias.com.br\\\/home\\\/tenho-minha-vida-de-volta-diz-jovem-preso-injustamente-por-1-ano\\\/#respond\"]}]},{\"@type\":\"WebPage\",\"@id\":\"https:\\\/\\\/jornalboasnoticias.com.br\\\/home\\\/tenho-minha-vida-de-volta-diz-jovem-preso-injustamente-por-1-ano\\\/\",\"url\":\"https:\\\/\\\/jornalboasnoticias.com.br\\\/home\\\/tenho-minha-vida-de-volta-diz-jovem-preso-injustamente-por-1-ano\\\/\",\"name\":\"Tenho minha vida de volta, diz jovem preso injustamente por 1 ano - Jornal\",\"isPartOf\":{\"@id\":\"https:\\\/\\\/jornalboasnoticias.com.br\\\/home\\\/#website\"},\"primaryImageOfPage\":{\"@id\":\"https:\\\/\\\/jornalboasnoticias.com.br\\\/home\\\/tenho-minha-vida-de-volta-diz-jovem-preso-injustamente-por-1-ano\\\/#primaryimage\"},\"image\":{\"@id\":\"https:\\\/\\\/jornalboasnoticias.com.br\\\/home\\\/tenho-minha-vida-de-volta-diz-jovem-preso-injustamente-por-1-ano\\\/#primaryimage\"},\"thumbnailUrl\":\"https:\\\/\\\/jornalboasnoticias.com.br\\\/home\\\/wp-content\\\/uploads\\\/2024\\\/07\\\/Carlos-Victor.webp\",\"datePublished\":\"2024-07-28T00:08:58+00:00\",\"description\":\"Tenho minha vida de volta, diz jovem preso injustamente por 1 ano\",\"breadcrumb\":{\"@id\":\"https:\\\/\\\/jornalboasnoticias.com.br\\\/home\\\/tenho-minha-vida-de-volta-diz-jovem-preso-injustamente-por-1-ano\\\/#breadcrumb\"},\"inLanguage\":\"pt-BR\",\"potentialAction\":[{\"@type\":\"ReadAction\",\"target\":[\"https:\\\/\\\/jornalboasnoticias.com.br\\\/home\\\/tenho-minha-vida-de-volta-diz-jovem-preso-injustamente-por-1-ano\\\/\"]}]},{\"@type\":\"ImageObject\",\"inLanguage\":\"pt-BR\",\"@id\":\"https:\\\/\\\/jornalboasnoticias.com.br\\\/home\\\/tenho-minha-vida-de-volta-diz-jovem-preso-injustamente-por-1-ano\\\/#primaryimage\",\"url\":\"https:\\\/\\\/jornalboasnoticias.com.br\\\/home\\\/wp-content\\\/uploads\\\/2024\\\/07\\\/Carlos-Victor.webp\",\"contentUrl\":\"https:\\\/\\\/jornalboasnoticias.com.br\\\/home\\\/wp-content\\\/uploads\\\/2024\\\/07\\\/Carlos-Victor.webp\",\"width\":1170,\"height\":700},{\"@type\":\"BreadcrumbList\",\"@id\":\"https:\\\/\\\/jornalboasnoticias.com.br\\\/home\\\/tenho-minha-vida-de-volta-diz-jovem-preso-injustamente-por-1-ano\\\/#breadcrumb\",\"itemListElement\":[{\"@type\":\"ListItem\",\"position\":1,\"name\":\"In\u00edcio\",\"item\":\"https:\\\/\\\/jornalboasnoticias.com.br\\\/home\\\/\"},{\"@type\":\"ListItem\",\"position\":2,\"name\":\"Tenho minha vida de volta, diz jovem preso injustamente por 1 ano\"}]},{\"@type\":\"WebSite\",\"@id\":\"https:\\\/\\\/jornalboasnoticias.com.br\\\/home\\\/#website\",\"url\":\"https:\\\/\\\/jornalboasnoticias.com.br\\\/home\\\/\",\"name\":\"Jornal Boas Not\u00edcias\",\"description\":\"Boas not\u00edcias\",\"publisher\":{\"@id\":\"https:\\\/\\\/jornalboasnoticias.com.br\\\/home\\\/#organization\"},\"potentialAction\":[{\"@type\":\"SearchAction\",\"target\":{\"@type\":\"EntryPoint\",\"urlTemplate\":\"https:\\\/\\\/jornalboasnoticias.com.br\\\/home\\\/?s={search_term_string}\"},\"query-input\":{\"@type\":\"PropertyValueSpecification\",\"valueRequired\":true,\"valueName\":\"search_term_string\"}}],\"inLanguage\":\"pt-BR\"},{\"@type\":\"Organization\",\"@id\":\"https:\\\/\\\/jornalboasnoticias.com.br\\\/home\\\/#organization\",\"name\":\"Coq Editora Ltda\",\"alternateName\":\"Jornal Boas Noticias\",\"url\":\"https:\\\/\\\/jornalboasnoticias.com.br\\\/home\\\/\",\"logo\":{\"@type\":\"ImageObject\",\"inLanguage\":\"pt-BR\",\"@id\":\"https:\\\/\\\/jornalboasnoticias.com.br\\\/home\\\/#\\\/schema\\\/logo\\\/image\\\/\",\"url\":\"https:\\\/\\\/jornalboasnoticias.com.br\\\/home\\\/wp-content\\\/uploads\\\/2024\\\/07\\\/cropped-logo.jpg\",\"contentUrl\":\"https:\\\/\\\/jornalboasnoticias.com.br\\\/home\\\/wp-content\\\/uploads\\\/2024\\\/07\\\/cropped-logo.jpg\",\"width\":290,\"height\":142,\"caption\":\"Coq Editora Ltda\"},\"image\":{\"@id\":\"https:\\\/\\\/jornalboasnoticias.com.br\\\/home\\\/#\\\/schema\\\/logo\\\/image\\\/\"},\"sameAs\":[\"https:\\\/\\\/www.facebook.com\\\/boasnoticiasjornal\"]},{\"@type\":\"Person\",\"@id\":\"https:\\\/\\\/jornalboasnoticias.com.br\\\/home\\\/#\\\/schema\\\/person\\\/75f9ebde398c998c166475fb446bda62\",\"name\":\"Luiz Carlos da Cruz\",\"image\":{\"@type\":\"ImageObject\",\"inLanguage\":\"pt-BR\",\"@id\":\"https:\\\/\\\/secure.gravatar.com\\\/avatar\\\/e6f4f45301b6cb8572f7b076572e8ac11c1db80e805d8c8d0858cf286ce3ac3b?s=96&d=mm&r=g\",\"url\":\"https:\\\/\\\/secure.gravatar.com\\\/avatar\\\/e6f4f45301b6cb8572f7b076572e8ac11c1db80e805d8c8d0858cf286ce3ac3b?s=96&d=mm&r=g\",\"contentUrl\":\"https:\\\/\\\/secure.gravatar.com\\\/avatar\\\/e6f4f45301b6cb8572f7b076572e8ac11c1db80e805d8c8d0858cf286ce3ac3b?s=96&d=mm&r=g\",\"caption\":\"Luiz Carlos da Cruz\"},\"url\":\"https:\\\/\\\/jornalboasnoticias.com.br\\\/home\\\/author\\\/luiz-carlos-da-cruz\\\/\"}]}<\/script>\n<!-- \/ Yoast SEO plugin. -->","yoast_head_json":{"title":"Tenho minha vida de volta, diz jovem preso injustamente por 1 ano - Jornal","description":"Tenho minha vida de volta, diz jovem preso injustamente por 1 ano","robots":{"index":"index","follow":"follow","max-snippet":"max-snippet:-1","max-image-preview":"max-image-preview:large","max-video-preview":"max-video-preview:-1"},"canonical":"https:\/\/jornalboasnoticias.com.br\/home\/tenho-minha-vida-de-volta-diz-jovem-preso-injustamente-por-1-ano\/","og_locale":"pt_BR","og_type":"article","og_title":"Tenho minha vida de volta, diz jovem preso injustamente por 1 ano - Jornal","og_description":"Tenho minha vida de volta, diz jovem preso injustamente por 1 ano","og_url":"https:\/\/jornalboasnoticias.com.br\/home\/tenho-minha-vida-de-volta-diz-jovem-preso-injustamente-por-1-ano\/","og_site_name":"Jornal","article_publisher":"https:\/\/www.facebook.com\/boasnoticiasjornal","article_published_time":"2024-07-28T00:08:58+00:00","og_image":[{"width":1170,"height":700,"url":"https:\/\/jornalboasnoticias.com.br\/home\/wp-content\/uploads\/2024\/07\/Carlos-Victor.webp","type":"image\/webp"}],"author":"Luiz Carlos da Cruz","twitter_card":"summary_large_image","twitter_misc":{"Escrito por":"Luiz Carlos da Cruz","Est. tempo de leitura":"6 minutos"},"schema":{"@context":"https:\/\/schema.org","@graph":[{"@type":"Article","@id":"https:\/\/jornalboasnoticias.com.br\/home\/tenho-minha-vida-de-volta-diz-jovem-preso-injustamente-por-1-ano\/#article","isPartOf":{"@id":"https:\/\/jornalboasnoticias.com.br\/home\/tenho-minha-vida-de-volta-diz-jovem-preso-injustamente-por-1-ano\/"},"author":{"name":"Luiz Carlos da Cruz","@id":"https:\/\/jornalboasnoticias.com.br\/home\/#\/schema\/person\/75f9ebde398c998c166475fb446bda62"},"headline":"Tenho minha vida de volta, diz jovem preso injustamente por 1 ano","datePublished":"2024-07-28T00:08:58+00:00","mainEntityOfPage":{"@id":"https:\/\/jornalboasnoticias.com.br\/home\/tenho-minha-vida-de-volta-diz-jovem-preso-injustamente-por-1-ano\/"},"wordCount":1124,"commentCount":0,"publisher":{"@id":"https:\/\/jornalboasnoticias.com.br\/home\/#organization"},"image":{"@id":"https:\/\/jornalboasnoticias.com.br\/home\/tenho-minha-vida-de-volta-diz-jovem-preso-injustamente-por-1-ano\/#primaryimage"},"thumbnailUrl":"https:\/\/jornalboasnoticias.com.br\/home\/wp-content\/uploads\/2024\/07\/Carlos-Victor.webp","articleSection":["BRASIL","JUSTI\u00c7A"],"inLanguage":"pt-BR","potentialAction":[{"@type":"CommentAction","name":"Comment","target":["https:\/\/jornalboasnoticias.com.br\/home\/tenho-minha-vida-de-volta-diz-jovem-preso-injustamente-por-1-ano\/#respond"]}]},{"@type":"WebPage","@id":"https:\/\/jornalboasnoticias.com.br\/home\/tenho-minha-vida-de-volta-diz-jovem-preso-injustamente-por-1-ano\/","url":"https:\/\/jornalboasnoticias.com.br\/home\/tenho-minha-vida-de-volta-diz-jovem-preso-injustamente-por-1-ano\/","name":"Tenho minha vida de volta, diz jovem preso injustamente por 1 ano - Jornal","isPartOf":{"@id":"https:\/\/jornalboasnoticias.com.br\/home\/#website"},"primaryImageOfPage":{"@id":"https:\/\/jornalboasnoticias.com.br\/home\/tenho-minha-vida-de-volta-diz-jovem-preso-injustamente-por-1-ano\/#primaryimage"},"image":{"@id":"https:\/\/jornalboasnoticias.com.br\/home\/tenho-minha-vida-de-volta-diz-jovem-preso-injustamente-por-1-ano\/#primaryimage"},"thumbnailUrl":"https:\/\/jornalboasnoticias.com.br\/home\/wp-content\/uploads\/2024\/07\/Carlos-Victor.webp","datePublished":"2024-07-28T00:08:58+00:00","description":"Tenho minha vida de volta, diz jovem preso injustamente por 1 ano","breadcrumb":{"@id":"https:\/\/jornalboasnoticias.com.br\/home\/tenho-minha-vida-de-volta-diz-jovem-preso-injustamente-por-1-ano\/#breadcrumb"},"inLanguage":"pt-BR","potentialAction":[{"@type":"ReadAction","target":["https:\/\/jornalboasnoticias.com.br\/home\/tenho-minha-vida-de-volta-diz-jovem-preso-injustamente-por-1-ano\/"]}]},{"@type":"ImageObject","inLanguage":"pt-BR","@id":"https:\/\/jornalboasnoticias.com.br\/home\/tenho-minha-vida-de-volta-diz-jovem-preso-injustamente-por-1-ano\/#primaryimage","url":"https:\/\/jornalboasnoticias.com.br\/home\/wp-content\/uploads\/2024\/07\/Carlos-Victor.webp","contentUrl":"https:\/\/jornalboasnoticias.com.br\/home\/wp-content\/uploads\/2024\/07\/Carlos-Victor.webp","width":1170,"height":700},{"@type":"BreadcrumbList","@id":"https:\/\/jornalboasnoticias.com.br\/home\/tenho-minha-vida-de-volta-diz-jovem-preso-injustamente-por-1-ano\/#breadcrumb","itemListElement":[{"@type":"ListItem","position":1,"name":"In\u00edcio","item":"https:\/\/jornalboasnoticias.com.br\/home\/"},{"@type":"ListItem","position":2,"name":"Tenho minha vida de volta, diz jovem preso injustamente por 1 ano"}]},{"@type":"WebSite","@id":"https:\/\/jornalboasnoticias.com.br\/home\/#website","url":"https:\/\/jornalboasnoticias.com.br\/home\/","name":"Jornal Boas Not\u00edcias","description":"Boas not\u00edcias","publisher":{"@id":"https:\/\/jornalboasnoticias.com.br\/home\/#organization"},"potentialAction":[{"@type":"SearchAction","target":{"@type":"EntryPoint","urlTemplate":"https:\/\/jornalboasnoticias.com.br\/home\/?s={search_term_string}"},"query-input":{"@type":"PropertyValueSpecification","valueRequired":true,"valueName":"search_term_string"}}],"inLanguage":"pt-BR"},{"@type":"Organization","@id":"https:\/\/jornalboasnoticias.com.br\/home\/#organization","name":"Coq Editora Ltda","alternateName":"Jornal Boas Noticias","url":"https:\/\/jornalboasnoticias.com.br\/home\/","logo":{"@type":"ImageObject","inLanguage":"pt-BR","@id":"https:\/\/jornalboasnoticias.com.br\/home\/#\/schema\/logo\/image\/","url":"https:\/\/jornalboasnoticias.com.br\/home\/wp-content\/uploads\/2024\/07\/cropped-logo.jpg","contentUrl":"https:\/\/jornalboasnoticias.com.br\/home\/wp-content\/uploads\/2024\/07\/cropped-logo.jpg","width":290,"height":142,"caption":"Coq Editora Ltda"},"image":{"@id":"https:\/\/jornalboasnoticias.com.br\/home\/#\/schema\/logo\/image\/"},"sameAs":["https:\/\/www.facebook.com\/boasnoticiasjornal"]},{"@type":"Person","@id":"https:\/\/jornalboasnoticias.com.br\/home\/#\/schema\/person\/75f9ebde398c998c166475fb446bda62","name":"Luiz Carlos da Cruz","image":{"@type":"ImageObject","inLanguage":"pt-BR","@id":"https:\/\/secure.gravatar.com\/avatar\/e6f4f45301b6cb8572f7b076572e8ac11c1db80e805d8c8d0858cf286ce3ac3b?s=96&d=mm&r=g","url":"https:\/\/secure.gravatar.com\/avatar\/e6f4f45301b6cb8572f7b076572e8ac11c1db80e805d8c8d0858cf286ce3ac3b?s=96&d=mm&r=g","contentUrl":"https:\/\/secure.gravatar.com\/avatar\/e6f4f45301b6cb8572f7b076572e8ac11c1db80e805d8c8d0858cf286ce3ac3b?s=96&d=mm&r=g","caption":"Luiz Carlos da Cruz"},"url":"https:\/\/jornalboasnoticias.com.br\/home\/author\/luiz-carlos-da-cruz\/"}]}},"_links":{"self":[{"href":"https:\/\/jornalboasnoticias.com.br\/home\/wp-json\/wp\/v2\/posts\/43238","targetHints":{"allow":["GET"]}}],"collection":[{"href":"https:\/\/jornalboasnoticias.com.br\/home\/wp-json\/wp\/v2\/posts"}],"about":[{"href":"https:\/\/jornalboasnoticias.com.br\/home\/wp-json\/wp\/v2\/types\/post"}],"author":[{"embeddable":true,"href":"https:\/\/jornalboasnoticias.com.br\/home\/wp-json\/wp\/v2\/users\/3"}],"replies":[{"embeddable":true,"href":"https:\/\/jornalboasnoticias.com.br\/home\/wp-json\/wp\/v2\/comments?post=43238"}],"version-history":[{"count":1,"href":"https:\/\/jornalboasnoticias.com.br\/home\/wp-json\/wp\/v2\/posts\/43238\/revisions"}],"predecessor-version":[{"id":43240,"href":"https:\/\/jornalboasnoticias.com.br\/home\/wp-json\/wp\/v2\/posts\/43238\/revisions\/43240"}],"wp:featuredmedia":[{"embeddable":true,"href":"https:\/\/jornalboasnoticias.com.br\/home\/wp-json\/wp\/v2\/media\/43239"}],"wp:attachment":[{"href":"https:\/\/jornalboasnoticias.com.br\/home\/wp-json\/wp\/v2\/media?parent=43238"}],"wp:term":[{"taxonomy":"category","embeddable":true,"href":"https:\/\/jornalboasnoticias.com.br\/home\/wp-json\/wp\/v2\/categories?post=43238"},{"taxonomy":"post_tag","embeddable":true,"href":"https:\/\/jornalboasnoticias.com.br\/home\/wp-json\/wp\/v2\/tags?post=43238"}],"curies":[{"name":"wp","href":"https:\/\/api.w.org\/{rel}","templated":true}]}}