{"id":43226,"date":"2024-07-26T15:43:19","date_gmt":"2024-07-26T15:43:19","guid":{"rendered":"https:\/\/jornalboasnoticias.com.br\/home\/?p=43226"},"modified":"2024-07-26T15:43:19","modified_gmt":"2024-07-26T15:43:19","slug":"zema-coloca-animacao-infantil-de-pastora-na-programacao-da-rede-minas","status":"publish","type":"post","link":"https:\/\/jornalboasnoticias.com.br\/home\/zema-coloca-animacao-infantil-de-pastora-na-programacao-da-rede-minas\/","title":{"rendered":"Zema coloca anima\u00e7\u00e3o infantil de pastora na programa\u00e7\u00e3o da Rede Minas"},"content":{"rendered":"<p class=\"cmp__title-bigode materia__tts\" style=\"text-align: center;\"><strong><em>Vice-presidente da Igreja Batista Gets\u00eamani, Daniela Linhares diz que teria cedido os direitos do desenho \u00e0 EMC, que n\u00e3o se manifestou<\/em><\/strong><\/p>\n<p><img loading=\"lazy\" decoding=\"async\" class=\"alignnone wp-image-43227 size-full\" src=\"https:\/\/jornalboasnoticias.com.br\/home\/wp-content\/uploads\/2024\/07\/politica-rede_minas-governo_zema-1721780969.jpg\" alt=\"\" width=\"1200\" height=\"717\" srcset=\"https:\/\/jornalboasnoticias.com.br\/home\/wp-content\/uploads\/2024\/07\/politica-rede_minas-governo_zema-1721780969.jpg 1200w, https:\/\/jornalboasnoticias.com.br\/home\/wp-content\/uploads\/2024\/07\/politica-rede_minas-governo_zema-1721780969-300x179.jpg 300w, https:\/\/jornalboasnoticias.com.br\/home\/wp-content\/uploads\/2024\/07\/politica-rede_minas-governo_zema-1721780969-1024x612.jpg 1024w, https:\/\/jornalboasnoticias.com.br\/home\/wp-content\/uploads\/2024\/07\/politica-rede_minas-governo_zema-1721780969-768x459.jpg 768w\" sizes=\"auto, (max-width: 1200px) 100vw, 1200px\" \/><\/p>\n<p>A Rede Minas est\u00e1 levando ao ar, de segunda a sexta-feira, \u00e0s 8h, uma anima\u00e7\u00e3o infantil criada pela vice-presidente da Igreja Batista Gets\u00eamani, Daniela Linhares. Sem ter os custos informados pela Empresa Mineira de Comunica\u00e7\u00e3o (EMC), que \u00e9 subordinada \u00e0 Secretaria de Comunica\u00e7\u00e3o Social do governo Romeu Zema (Novo), o desenho \u201cDanizinha Protetora\u201d, que estreou na segunda-feira (22\/7), tem como protagonista uma personagem inspirada na pastora.<\/p>\n<div class=\"inreadads inreadads-1\">\n<div id=\"wrapper-otempo-inred-1\" class=\"wrapper-otempo-inread\">\n<div id=\"div-otempo-o-inread-1\" data-google-query-id=\"CMX4mKOFxYcDFRNZuAQdUZgAog\">\n<p>Ao anunciar a nova programa\u00e7\u00e3o na \u00faltima sexta (19\/7), a EMC descreveu que a anima\u00e7\u00e3o teria como prop\u00f3sito \u201cproteger as crian\u00e7as contra amea\u00e7as que podem tir\u00e1-las da sua inf\u00e2ncia\u201d. \u201cEla (Danizinha) encarna a defensora dos valores crist\u00e3os e ensina a import\u00e2ncia da confian\u00e7a em Deus e como reconhecer situa\u00e7\u00f5es que podem comprometer seu bem-estar\u201d, completa o comunicado.<\/p>\n<p>Os epis\u00f3dios s\u00e3o acompanhados por can\u00e7\u00f5es. Em um deles, que tem pouco mais de tr\u00eas minutos e \u00e9 intitulado \u201cObedecer\u201d, a protagonista ensina o p\u00fablico infantil a soletrar a palavra t\u00edtulo do epis\u00f3dio. \u201cB, de b\u00ean\u00e7\u00e3os que somente Deus pode dar. (&#8230;) C, de contemplar tudo o que Deus fez. (&#8230;) Papai, mam\u00e3e e Deus eu sempre vou obedecer\u201d, diz a personagem. Em outro, ela cita Deus como o respons\u00e1vel pela cria\u00e7\u00e3o do universo.<\/p>\n<p>O Portal da Transpar\u00eancia n\u00e3o especifica se e quanto a EMC gastou para levar \u201cDanizinha Protetora\u201d, cujo canal estreou no YouTube apenas no \u00faltimo m\u00eas de abril, para a grade de programa\u00e7\u00e3o da Rede Minas. Dos pouco mais de R$ 10 milh\u00f5es desembolsados at\u00e9 esta ter\u00e7a (23\/7) para a\u00e7\u00f5es classificadas como \u201ccultura\u201d, R$ 906 mil s\u00e3o para \u201cservi\u00e7os de terceiros\u201d, pessoas jur\u00eddicas ou f\u00edsicas, sem informar quem s\u00e3o. Questionados pelo\u00a0<strong>Aparte<\/strong>, EMC e governo Zema n\u00e3o se posicionaram.<\/p>\n<div class=\"inreadads inreadads-2\">\n<div id=\"wrapper-otempo-inred-2\" class=\"wrapper-otempo-inread\">\n<div id=\"div-otempo-o-inread-2\" data-google-query-id=\"CM3q8MiFxYcDFUBMuAQdZckHtQ\">\n<div id=\"google_ads_iframe_\/14159828\/politica\/artigo_inread_retangulo_1__container__\">Daniela diz que teria cedido os direitos autorais da anima\u00e7\u00e3o \u201cDanizinha Protetora\u201d \u00e0 Rede Minas. \u201cO contrato n\u00e3o envolve valores. Cedi todos os direitos. N\u00e3o recebo nada, mas tamb\u00e9m n\u00e3o pago nada. N\u00e3o pode vincular propaganda ao produto e, para mim, \u00e9 uma forma de divulga\u00e7\u00e3o do projeto\u201d, alega a pastora, que defende que o desenho n\u00e3o teria qualquer rela\u00e7\u00e3o com religi\u00e3o e n\u00e3o seria financiado pela Igreja Batista Gets\u00eamani.<\/div>\n<\/div>\n<\/div>\n<\/div>\n<p>Segundo ela, os recursos da produ\u00e7\u00e3o s\u00e3o pr\u00f3prios ou, ent\u00e3o, de doa\u00e7\u00f5es de volunt\u00e1rios. \u201cO conte\u00fado (da anima\u00e7\u00e3o) n\u00e3o envolve igreja. Fala de educa\u00e7\u00e3o e princ\u00edpios crist\u00e3os, como obedi\u00eancia, obedecer aos pais. N\u00e3o acredito que isso incomode a esquerda\u201d, ironiza Daniela, que afirma que foi procurada pela Rede Minas para ceder os direitos de \u201cDanizinha Protetora\u201d. A EMC n\u00e3o explicou quais foram os crit\u00e9rios adotados para incluir o desenho na grade.<\/p>\n<p>Em maio passado, Daniela registrou, em uma rede social, uma reuni\u00e3o que teve com o diretor de Conte\u00fado e Programa\u00e7\u00e3o da EMC, Leonardo Vitor, que \u00e9 ex-coordenador do MBL em Minas Gerais. \u201cTeremos muitas novidades e ser\u00e1 um prazer compartilhar com voc\u00eas. Em breve, estaremos no ar!\u201d, anunciou a pastora \u00e0 \u00e9poca ap\u00f3s uma visita \u00e0 Rede Minas. De acordo com ela, o projeto teria sido concebido em 2003.<\/p>\n<p>A gest\u00e3o da EMC, que, al\u00e9m da Rede Minas, \u00e9 respons\u00e1vel pela R\u00e1dio Inconfid\u00eancia, \u00e9 criticada pela oposi\u00e7\u00e3o a Zema desde que\u00a0<strong>a reforma administrativa feita pelo governo<\/strong>\u00a0foi aprovada pela Assembleia Legislativa de Minas Gerais em abril de 2023. Antes da reestrutura\u00e7\u00e3o, a empresa era vinculada \u00e0 Secretaria de Cultura e Turismo. Desde ent\u00e3o, a estatal est\u00e1 sob o guarda-chuva da Secretaria de Comunica\u00e7\u00e3o, rec\u00e9m-criada.<\/p>\n<p><em>As informa\u00e7\u00f5es s\u00e3o do Jornal O Tempo<\/em><\/p>\n<\/div>\n<\/div>\n<\/div>\n","protected":false},"excerpt":{"rendered":"<p>Vice-presidente da Igreja Batista Gets\u00eamani, Daniela Linhares diz que teria cedido os direitos do desenho<\/p>\n","protected":false},"author":3,"featured_media":43227,"comment_status":"open","ping_status":"open","sticky":false,"template":"","format":"standard","meta":{"footnotes":""},"categories":[6,3],"tags":[75,74],"class_list":["post-43226","post","type-post","status-publish","format-standard","has-post-thumbnail","hentry","category-brasil","category-destaques","tag-minas-gerais","tag-zema"],"yoast_head":"<!-- This site is optimized with the Yoast SEO plugin v27.5 - https:\/\/yoast.com\/product\/yoast-seo-wordpress\/ -->\n<title>Zema coloca anima\u00e7\u00e3o infantil de pastora na programa\u00e7\u00e3o da Rede Minas - Jornal<\/title>\n<meta name=\"description\" content=\"Zema coloca anima\u00e7\u00e3o infantil de pastora na programa\u00e7\u00e3o da Rede Minas\" \/>\n<meta name=\"robots\" content=\"index, follow, max-snippet:-1, max-image-preview:large, max-video-preview:-1\" \/>\n<link rel=\"canonical\" href=\"https:\/\/jornalboasnoticias.com.br\/home\/zema-coloca-animacao-infantil-de-pastora-na-programacao-da-rede-minas\/\" \/>\n<meta property=\"og:locale\" content=\"pt_BR\" \/>\n<meta property=\"og:type\" content=\"article\" \/>\n<meta property=\"og:title\" content=\"Zema coloca anima\u00e7\u00e3o infantil de pastora na programa\u00e7\u00e3o da Rede Minas - Jornal\" \/>\n<meta property=\"og:description\" content=\"Zema coloca anima\u00e7\u00e3o infantil de pastora na programa\u00e7\u00e3o da Rede Minas\" \/>\n<meta property=\"og:url\" content=\"https:\/\/jornalboasnoticias.com.br\/home\/zema-coloca-animacao-infantil-de-pastora-na-programacao-da-rede-minas\/\" \/>\n<meta property=\"og:site_name\" content=\"Jornal\" \/>\n<meta property=\"article:publisher\" content=\"https:\/\/www.facebook.com\/boasnoticiasjornal\" \/>\n<meta property=\"article:published_time\" content=\"2024-07-26T15:43:19+00:00\" \/>\n<meta property=\"og:image\" content=\"https:\/\/jornalboasnoticias.com.br\/home\/wp-content\/uploads\/2024\/07\/politica-rede_minas-governo_zema-1721780969.jpg\" \/>\n\t<meta property=\"og:image:width\" content=\"1200\" \/>\n\t<meta property=\"og:image:height\" content=\"717\" \/>\n\t<meta property=\"og:image:type\" content=\"image\/jpeg\" \/>\n<meta name=\"author\" content=\"Luiz Carlos da Cruz\" \/>\n<meta name=\"twitter:card\" content=\"summary_large_image\" \/>\n<meta name=\"twitter:label1\" content=\"Escrito por\" \/>\n\t<meta name=\"twitter:data1\" content=\"Luiz Carlos da Cruz\" \/>\n\t<meta name=\"twitter:label2\" content=\"Est. tempo de leitura\" \/>\n\t<meta name=\"twitter:data2\" content=\"3 minutos\" \/>\n<script type=\"application\/ld+json\" class=\"yoast-schema-graph\">{\"@context\":\"https:\\\/\\\/schema.org\",\"@graph\":[{\"@type\":\"Article\",\"@id\":\"https:\\\/\\\/jornalboasnoticias.com.br\\\/home\\\/zema-coloca-animacao-infantil-de-pastora-na-programacao-da-rede-minas\\\/#article\",\"isPartOf\":{\"@id\":\"https:\\\/\\\/jornalboasnoticias.com.br\\\/home\\\/zema-coloca-animacao-infantil-de-pastora-na-programacao-da-rede-minas\\\/\"},\"author\":{\"name\":\"Luiz Carlos da Cruz\",\"@id\":\"https:\\\/\\\/jornalboasnoticias.com.br\\\/home\\\/#\\\/schema\\\/person\\\/75f9ebde398c998c166475fb446bda62\"},\"headline\":\"Zema coloca anima\u00e7\u00e3o infantil de pastora na programa\u00e7\u00e3o da Rede Minas\",\"datePublished\":\"2024-07-26T15:43:19+00:00\",\"mainEntityOfPage\":{\"@id\":\"https:\\\/\\\/jornalboasnoticias.com.br\\\/home\\\/zema-coloca-animacao-infantil-de-pastora-na-programacao-da-rede-minas\\\/\"},\"wordCount\":658,\"commentCount\":0,\"publisher\":{\"@id\":\"https:\\\/\\\/jornalboasnoticias.com.br\\\/home\\\/#organization\"},\"image\":{\"@id\":\"https:\\\/\\\/jornalboasnoticias.com.br\\\/home\\\/zema-coloca-animacao-infantil-de-pastora-na-programacao-da-rede-minas\\\/#primaryimage\"},\"thumbnailUrl\":\"https:\\\/\\\/jornalboasnoticias.com.br\\\/home\\\/wp-content\\\/uploads\\\/2024\\\/07\\\/politica-rede_minas-governo_zema-1721780969.jpg\",\"keywords\":[\"Minas Gerais\",\"Zema\"],\"articleSection\":[\"BRASIL\",\"DESTAQUE\"],\"inLanguage\":\"pt-BR\",\"potentialAction\":[{\"@type\":\"CommentAction\",\"name\":\"Comment\",\"target\":[\"https:\\\/\\\/jornalboasnoticias.com.br\\\/home\\\/zema-coloca-animacao-infantil-de-pastora-na-programacao-da-rede-minas\\\/#respond\"]}]},{\"@type\":\"WebPage\",\"@id\":\"https:\\\/\\\/jornalboasnoticias.com.br\\\/home\\\/zema-coloca-animacao-infantil-de-pastora-na-programacao-da-rede-minas\\\/\",\"url\":\"https:\\\/\\\/jornalboasnoticias.com.br\\\/home\\\/zema-coloca-animacao-infantil-de-pastora-na-programacao-da-rede-minas\\\/\",\"name\":\"Zema coloca anima\u00e7\u00e3o infantil de pastora na programa\u00e7\u00e3o da Rede Minas - Jornal\",\"isPartOf\":{\"@id\":\"https:\\\/\\\/jornalboasnoticias.com.br\\\/home\\\/#website\"},\"primaryImageOfPage\":{\"@id\":\"https:\\\/\\\/jornalboasnoticias.com.br\\\/home\\\/zema-coloca-animacao-infantil-de-pastora-na-programacao-da-rede-minas\\\/#primaryimage\"},\"image\":{\"@id\":\"https:\\\/\\\/jornalboasnoticias.com.br\\\/home\\\/zema-coloca-animacao-infantil-de-pastora-na-programacao-da-rede-minas\\\/#primaryimage\"},\"thumbnailUrl\":\"https:\\\/\\\/jornalboasnoticias.com.br\\\/home\\\/wp-content\\\/uploads\\\/2024\\\/07\\\/politica-rede_minas-governo_zema-1721780969.jpg\",\"datePublished\":\"2024-07-26T15:43:19+00:00\",\"description\":\"Zema coloca anima\u00e7\u00e3o infantil de pastora na programa\u00e7\u00e3o da Rede Minas\",\"breadcrumb\":{\"@id\":\"https:\\\/\\\/jornalboasnoticias.com.br\\\/home\\\/zema-coloca-animacao-infantil-de-pastora-na-programacao-da-rede-minas\\\/#breadcrumb\"},\"inLanguage\":\"pt-BR\",\"potentialAction\":[{\"@type\":\"ReadAction\",\"target\":[\"https:\\\/\\\/jornalboasnoticias.com.br\\\/home\\\/zema-coloca-animacao-infantil-de-pastora-na-programacao-da-rede-minas\\\/\"]}]},{\"@type\":\"ImageObject\",\"inLanguage\":\"pt-BR\",\"@id\":\"https:\\\/\\\/jornalboasnoticias.com.br\\\/home\\\/zema-coloca-animacao-infantil-de-pastora-na-programacao-da-rede-minas\\\/#primaryimage\",\"url\":\"https:\\\/\\\/jornalboasnoticias.com.br\\\/home\\\/wp-content\\\/uploads\\\/2024\\\/07\\\/politica-rede_minas-governo_zema-1721780969.jpg\",\"contentUrl\":\"https:\\\/\\\/jornalboasnoticias.com.br\\\/home\\\/wp-content\\\/uploads\\\/2024\\\/07\\\/politica-rede_minas-governo_zema-1721780969.jpg\",\"width\":1200,\"height\":717},{\"@type\":\"BreadcrumbList\",\"@id\":\"https:\\\/\\\/jornalboasnoticias.com.br\\\/home\\\/zema-coloca-animacao-infantil-de-pastora-na-programacao-da-rede-minas\\\/#breadcrumb\",\"itemListElement\":[{\"@type\":\"ListItem\",\"position\":1,\"name\":\"In\u00edcio\",\"item\":\"https:\\\/\\\/jornalboasnoticias.com.br\\\/home\\\/\"},{\"@type\":\"ListItem\",\"position\":2,\"name\":\"Zema coloca anima\u00e7\u00e3o infantil de pastora na programa\u00e7\u00e3o da Rede Minas\"}]},{\"@type\":\"WebSite\",\"@id\":\"https:\\\/\\\/jornalboasnoticias.com.br\\\/home\\\/#website\",\"url\":\"https:\\\/\\\/jornalboasnoticias.com.br\\\/home\\\/\",\"name\":\"Jornal Boas Not\u00edcias\",\"description\":\"Boas not\u00edcias\",\"publisher\":{\"@id\":\"https:\\\/\\\/jornalboasnoticias.com.br\\\/home\\\/#organization\"},\"potentialAction\":[{\"@type\":\"SearchAction\",\"target\":{\"@type\":\"EntryPoint\",\"urlTemplate\":\"https:\\\/\\\/jornalboasnoticias.com.br\\\/home\\\/?s={search_term_string}\"},\"query-input\":{\"@type\":\"PropertyValueSpecification\",\"valueRequired\":true,\"valueName\":\"search_term_string\"}}],\"inLanguage\":\"pt-BR\"},{\"@type\":\"Organization\",\"@id\":\"https:\\\/\\\/jornalboasnoticias.com.br\\\/home\\\/#organization\",\"name\":\"Coq Editora Ltda\",\"alternateName\":\"Jornal Boas Noticias\",\"url\":\"https:\\\/\\\/jornalboasnoticias.com.br\\\/home\\\/\",\"logo\":{\"@type\":\"ImageObject\",\"inLanguage\":\"pt-BR\",\"@id\":\"https:\\\/\\\/jornalboasnoticias.com.br\\\/home\\\/#\\\/schema\\\/logo\\\/image\\\/\",\"url\":\"https:\\\/\\\/jornalboasnoticias.com.br\\\/home\\\/wp-content\\\/uploads\\\/2024\\\/07\\\/cropped-logo.jpg\",\"contentUrl\":\"https:\\\/\\\/jornalboasnoticias.com.br\\\/home\\\/wp-content\\\/uploads\\\/2024\\\/07\\\/cropped-logo.jpg\",\"width\":290,\"height\":142,\"caption\":\"Coq Editora Ltda\"},\"image\":{\"@id\":\"https:\\\/\\\/jornalboasnoticias.com.br\\\/home\\\/#\\\/schema\\\/logo\\\/image\\\/\"},\"sameAs\":[\"https:\\\/\\\/www.facebook.com\\\/boasnoticiasjornal\"]},{\"@type\":\"Person\",\"@id\":\"https:\\\/\\\/jornalboasnoticias.com.br\\\/home\\\/#\\\/schema\\\/person\\\/75f9ebde398c998c166475fb446bda62\",\"name\":\"Luiz Carlos da Cruz\",\"image\":{\"@type\":\"ImageObject\",\"inLanguage\":\"pt-BR\",\"@id\":\"https:\\\/\\\/secure.gravatar.com\\\/avatar\\\/e6f4f45301b6cb8572f7b076572e8ac11c1db80e805d8c8d0858cf286ce3ac3b?s=96&d=mm&r=g\",\"url\":\"https:\\\/\\\/secure.gravatar.com\\\/avatar\\\/e6f4f45301b6cb8572f7b076572e8ac11c1db80e805d8c8d0858cf286ce3ac3b?s=96&d=mm&r=g\",\"contentUrl\":\"https:\\\/\\\/secure.gravatar.com\\\/avatar\\\/e6f4f45301b6cb8572f7b076572e8ac11c1db80e805d8c8d0858cf286ce3ac3b?s=96&d=mm&r=g\",\"caption\":\"Luiz Carlos da Cruz\"},\"url\":\"https:\\\/\\\/jornalboasnoticias.com.br\\\/home\\\/author\\\/luiz-carlos-da-cruz\\\/\"}]}<\/script>\n<!-- \/ Yoast SEO plugin. -->","yoast_head_json":{"title":"Zema coloca anima\u00e7\u00e3o infantil de pastora na programa\u00e7\u00e3o da Rede Minas - Jornal","description":"Zema coloca anima\u00e7\u00e3o infantil de pastora na programa\u00e7\u00e3o da Rede Minas","robots":{"index":"index","follow":"follow","max-snippet":"max-snippet:-1","max-image-preview":"max-image-preview:large","max-video-preview":"max-video-preview:-1"},"canonical":"https:\/\/jornalboasnoticias.com.br\/home\/zema-coloca-animacao-infantil-de-pastora-na-programacao-da-rede-minas\/","og_locale":"pt_BR","og_type":"article","og_title":"Zema coloca anima\u00e7\u00e3o infantil de pastora na programa\u00e7\u00e3o da Rede Minas - Jornal","og_description":"Zema coloca anima\u00e7\u00e3o infantil de pastora na programa\u00e7\u00e3o da Rede Minas","og_url":"https:\/\/jornalboasnoticias.com.br\/home\/zema-coloca-animacao-infantil-de-pastora-na-programacao-da-rede-minas\/","og_site_name":"Jornal","article_publisher":"https:\/\/www.facebook.com\/boasnoticiasjornal","article_published_time":"2024-07-26T15:43:19+00:00","og_image":[{"width":1200,"height":717,"url":"https:\/\/jornalboasnoticias.com.br\/home\/wp-content\/uploads\/2024\/07\/politica-rede_minas-governo_zema-1721780969.jpg","type":"image\/jpeg"}],"author":"Luiz Carlos da Cruz","twitter_card":"summary_large_image","twitter_misc":{"Escrito por":"Luiz Carlos da Cruz","Est. tempo de leitura":"3 minutos"},"schema":{"@context":"https:\/\/schema.org","@graph":[{"@type":"Article","@id":"https:\/\/jornalboasnoticias.com.br\/home\/zema-coloca-animacao-infantil-de-pastora-na-programacao-da-rede-minas\/#article","isPartOf":{"@id":"https:\/\/jornalboasnoticias.com.br\/home\/zema-coloca-animacao-infantil-de-pastora-na-programacao-da-rede-minas\/"},"author":{"name":"Luiz Carlos da Cruz","@id":"https:\/\/jornalboasnoticias.com.br\/home\/#\/schema\/person\/75f9ebde398c998c166475fb446bda62"},"headline":"Zema coloca anima\u00e7\u00e3o infantil de pastora na programa\u00e7\u00e3o da Rede Minas","datePublished":"2024-07-26T15:43:19+00:00","mainEntityOfPage":{"@id":"https:\/\/jornalboasnoticias.com.br\/home\/zema-coloca-animacao-infantil-de-pastora-na-programacao-da-rede-minas\/"},"wordCount":658,"commentCount":0,"publisher":{"@id":"https:\/\/jornalboasnoticias.com.br\/home\/#organization"},"image":{"@id":"https:\/\/jornalboasnoticias.com.br\/home\/zema-coloca-animacao-infantil-de-pastora-na-programacao-da-rede-minas\/#primaryimage"},"thumbnailUrl":"https:\/\/jornalboasnoticias.com.br\/home\/wp-content\/uploads\/2024\/07\/politica-rede_minas-governo_zema-1721780969.jpg","keywords":["Minas Gerais","Zema"],"articleSection":["BRASIL","DESTAQUE"],"inLanguage":"pt-BR","potentialAction":[{"@type":"CommentAction","name":"Comment","target":["https:\/\/jornalboasnoticias.com.br\/home\/zema-coloca-animacao-infantil-de-pastora-na-programacao-da-rede-minas\/#respond"]}]},{"@type":"WebPage","@id":"https:\/\/jornalboasnoticias.com.br\/home\/zema-coloca-animacao-infantil-de-pastora-na-programacao-da-rede-minas\/","url":"https:\/\/jornalboasnoticias.com.br\/home\/zema-coloca-animacao-infantil-de-pastora-na-programacao-da-rede-minas\/","name":"Zema coloca anima\u00e7\u00e3o infantil de pastora na programa\u00e7\u00e3o da Rede Minas - Jornal","isPartOf":{"@id":"https:\/\/jornalboasnoticias.com.br\/home\/#website"},"primaryImageOfPage":{"@id":"https:\/\/jornalboasnoticias.com.br\/home\/zema-coloca-animacao-infantil-de-pastora-na-programacao-da-rede-minas\/#primaryimage"},"image":{"@id":"https:\/\/jornalboasnoticias.com.br\/home\/zema-coloca-animacao-infantil-de-pastora-na-programacao-da-rede-minas\/#primaryimage"},"thumbnailUrl":"https:\/\/jornalboasnoticias.com.br\/home\/wp-content\/uploads\/2024\/07\/politica-rede_minas-governo_zema-1721780969.jpg","datePublished":"2024-07-26T15:43:19+00:00","description":"Zema coloca anima\u00e7\u00e3o infantil de pastora na programa\u00e7\u00e3o da Rede Minas","breadcrumb":{"@id":"https:\/\/jornalboasnoticias.com.br\/home\/zema-coloca-animacao-infantil-de-pastora-na-programacao-da-rede-minas\/#breadcrumb"},"inLanguage":"pt-BR","potentialAction":[{"@type":"ReadAction","target":["https:\/\/jornalboasnoticias.com.br\/home\/zema-coloca-animacao-infantil-de-pastora-na-programacao-da-rede-minas\/"]}]},{"@type":"ImageObject","inLanguage":"pt-BR","@id":"https:\/\/jornalboasnoticias.com.br\/home\/zema-coloca-animacao-infantil-de-pastora-na-programacao-da-rede-minas\/#primaryimage","url":"https:\/\/jornalboasnoticias.com.br\/home\/wp-content\/uploads\/2024\/07\/politica-rede_minas-governo_zema-1721780969.jpg","contentUrl":"https:\/\/jornalboasnoticias.com.br\/home\/wp-content\/uploads\/2024\/07\/politica-rede_minas-governo_zema-1721780969.jpg","width":1200,"height":717},{"@type":"BreadcrumbList","@id":"https:\/\/jornalboasnoticias.com.br\/home\/zema-coloca-animacao-infantil-de-pastora-na-programacao-da-rede-minas\/#breadcrumb","itemListElement":[{"@type":"ListItem","position":1,"name":"In\u00edcio","item":"https:\/\/jornalboasnoticias.com.br\/home\/"},{"@type":"ListItem","position":2,"name":"Zema coloca anima\u00e7\u00e3o infantil de pastora na programa\u00e7\u00e3o da Rede Minas"}]},{"@type":"WebSite","@id":"https:\/\/jornalboasnoticias.com.br\/home\/#website","url":"https:\/\/jornalboasnoticias.com.br\/home\/","name":"Jornal Boas Not\u00edcias","description":"Boas not\u00edcias","publisher":{"@id":"https:\/\/jornalboasnoticias.com.br\/home\/#organization"},"potentialAction":[{"@type":"SearchAction","target":{"@type":"EntryPoint","urlTemplate":"https:\/\/jornalboasnoticias.com.br\/home\/?s={search_term_string}"},"query-input":{"@type":"PropertyValueSpecification","valueRequired":true,"valueName":"search_term_string"}}],"inLanguage":"pt-BR"},{"@type":"Organization","@id":"https:\/\/jornalboasnoticias.com.br\/home\/#organization","name":"Coq Editora Ltda","alternateName":"Jornal Boas Noticias","url":"https:\/\/jornalboasnoticias.com.br\/home\/","logo":{"@type":"ImageObject","inLanguage":"pt-BR","@id":"https:\/\/jornalboasnoticias.com.br\/home\/#\/schema\/logo\/image\/","url":"https:\/\/jornalboasnoticias.com.br\/home\/wp-content\/uploads\/2024\/07\/cropped-logo.jpg","contentUrl":"https:\/\/jornalboasnoticias.com.br\/home\/wp-content\/uploads\/2024\/07\/cropped-logo.jpg","width":290,"height":142,"caption":"Coq Editora Ltda"},"image":{"@id":"https:\/\/jornalboasnoticias.com.br\/home\/#\/schema\/logo\/image\/"},"sameAs":["https:\/\/www.facebook.com\/boasnoticiasjornal"]},{"@type":"Person","@id":"https:\/\/jornalboasnoticias.com.br\/home\/#\/schema\/person\/75f9ebde398c998c166475fb446bda62","name":"Luiz Carlos da Cruz","image":{"@type":"ImageObject","inLanguage":"pt-BR","@id":"https:\/\/secure.gravatar.com\/avatar\/e6f4f45301b6cb8572f7b076572e8ac11c1db80e805d8c8d0858cf286ce3ac3b?s=96&d=mm&r=g","url":"https:\/\/secure.gravatar.com\/avatar\/e6f4f45301b6cb8572f7b076572e8ac11c1db80e805d8c8d0858cf286ce3ac3b?s=96&d=mm&r=g","contentUrl":"https:\/\/secure.gravatar.com\/avatar\/e6f4f45301b6cb8572f7b076572e8ac11c1db80e805d8c8d0858cf286ce3ac3b?s=96&d=mm&r=g","caption":"Luiz Carlos da Cruz"},"url":"https:\/\/jornalboasnoticias.com.br\/home\/author\/luiz-carlos-da-cruz\/"}]}},"_links":{"self":[{"href":"https:\/\/jornalboasnoticias.com.br\/home\/wp-json\/wp\/v2\/posts\/43226","targetHints":{"allow":["GET"]}}],"collection":[{"href":"https:\/\/jornalboasnoticias.com.br\/home\/wp-json\/wp\/v2\/posts"}],"about":[{"href":"https:\/\/jornalboasnoticias.com.br\/home\/wp-json\/wp\/v2\/types\/post"}],"author":[{"embeddable":true,"href":"https:\/\/jornalboasnoticias.com.br\/home\/wp-json\/wp\/v2\/users\/3"}],"replies":[{"embeddable":true,"href":"https:\/\/jornalboasnoticias.com.br\/home\/wp-json\/wp\/v2\/comments?post=43226"}],"version-history":[{"count":1,"href":"https:\/\/jornalboasnoticias.com.br\/home\/wp-json\/wp\/v2\/posts\/43226\/revisions"}],"predecessor-version":[{"id":43228,"href":"https:\/\/jornalboasnoticias.com.br\/home\/wp-json\/wp\/v2\/posts\/43226\/revisions\/43228"}],"wp:featuredmedia":[{"embeddable":true,"href":"https:\/\/jornalboasnoticias.com.br\/home\/wp-json\/wp\/v2\/media\/43227"}],"wp:attachment":[{"href":"https:\/\/jornalboasnoticias.com.br\/home\/wp-json\/wp\/v2\/media?parent=43226"}],"wp:term":[{"taxonomy":"category","embeddable":true,"href":"https:\/\/jornalboasnoticias.com.br\/home\/wp-json\/wp\/v2\/categories?post=43226"},{"taxonomy":"post_tag","embeddable":true,"href":"https:\/\/jornalboasnoticias.com.br\/home\/wp-json\/wp\/v2\/tags?post=43226"}],"curies":[{"name":"wp","href":"https:\/\/api.w.org\/{rel}","templated":true}]}}