{"id":43223,"date":"2024-07-26T15:37:02","date_gmt":"2024-07-26T15:37:02","guid":{"rendered":"https:\/\/jornalboasnoticias.com.br\/home\/?p=43223"},"modified":"2024-07-26T15:40:49","modified_gmt":"2024-07-26T15:40:49","slug":"cristas-sao-despidas-por-radicais-no-egito","status":"publish","type":"post","link":"https:\/\/jornalboasnoticias.com.br\/home\/cristas-sao-despidas-por-radicais-no-egito\/","title":{"rendered":"Crist\u00e3s s\u00e3o despidas por radicais no Egito"},"content":{"rendered":"<p style=\"text-align: center;\"><em><strong>Por causa da viol\u00eancia extrema, a fam\u00edlia de Sandra foi obrigada a fugir<\/strong><\/em><\/p>\n<p><img loading=\"lazy\" decoding=\"async\" class=\"alignnone wp-image-43224 size-full\" src=\"https:\/\/jornalboasnoticias.com.br\/home\/wp-content\/uploads\/2024\/07\/Sem-titulo-50-1200x675-1.jpg\" alt=\"\" width=\"1200\" height=\"675\" srcset=\"https:\/\/jornalboasnoticias.com.br\/home\/wp-content\/uploads\/2024\/07\/Sem-titulo-50-1200x675-1.jpg 1200w, https:\/\/jornalboasnoticias.com.br\/home\/wp-content\/uploads\/2024\/07\/Sem-titulo-50-1200x675-1-300x169.jpg 300w, https:\/\/jornalboasnoticias.com.br\/home\/wp-content\/uploads\/2024\/07\/Sem-titulo-50-1200x675-1-1024x576.jpg 1024w, https:\/\/jornalboasnoticias.com.br\/home\/wp-content\/uploads\/2024\/07\/Sem-titulo-50-1200x675-1-768x432.jpg 768w\" sizes=\"auto, (max-width: 1200px) 100vw, 1200px\" \/><\/p>\n<p>Uma fam\u00edlia crist\u00e3 foi atacada por radicais, em um vilarejo no Alto\u00a0Egito.\u00a0<em>Yusuf*<\/em>, o pai, \u00e9 um mercador viajante e estava com a esposa, Olfat*, e a filha,\u00a0<em>Sandra*<\/em>, de 14 anos, quando o grupo os abordou, agrediu e despiu as duas mulheres.<\/p>\n<p>A fam\u00edlia come\u00e7ou a ser perseguida quando Yusuf fez uma reclama\u00e7\u00e3o ao pai de dois rapazes mu\u00e7ulmanos que haviam assediado Sandra quando ela seguia para a escola. O homem agrediu o crist\u00e3o com palavras,\u00a0 o expulsou de casa e se recusou a impedir os filhos de cometerem os ass\u00e9dios.<\/p>\n<p>Em maio deste ano, Yusuf e Sandra foram \u00e0 delegacia para fazer o boletim de ocorr\u00eancia. Na ocasi\u00e3o, eles foram maltratados e insultados pelo policial, que os acusou de incitar o sectarismo e o conflito. Eles foram presos e, apenas tarde da noite, depois que Olfat implorou, a filha e o esposo foram libertos.<\/p>\n<p>No dia seguinte, o pai dos rapazes, os jovens e outros vizinhos se juntaram e agrediram a fam\u00edlia. O crist\u00e3o foi espancado com um peda\u00e7o de pau e ficou inconsciente. Os extremistas arrancaram as roupas da esposa e a filha de Yusuf frente de todos.<\/p>\n<p>O caso foi arquivado sem puni\u00e7\u00e3o para os agressores. Depois de novas amea\u00e7as e insultos dos vizinhos, Yusuf fugiu com a fam\u00edlia para a casa do sogro em busca de prote\u00e7\u00e3o.<\/p>\n<p><em>*Nomes alterados por seguran\u00e7a.<\/em><\/p>\n<p><em>Com informa\u00e7\u00f5es: Portas Abertas<\/em><\/p>\n","protected":false},"excerpt":{"rendered":"<p>Por causa da viol\u00eancia extrema, a fam\u00edlia de Sandra foi obrigada a fugir Uma fam\u00edlia<\/p>\n","protected":false},"author":3,"featured_media":43224,"comment_status":"open","ping_status":"open","sticky":false,"template":"","format":"standard","meta":{"footnotes":""},"categories":[3,9],"tags":[73],"class_list":["post-43223","post","type-post","status-publish","format-standard","has-post-thumbnail","hentry","category-destaques","category-internacional","tag-egito"],"yoast_head":"<!-- This site is optimized with the Yoast SEO plugin v27.5 - https:\/\/yoast.com\/product\/yoast-seo-wordpress\/ -->\n<title>Crist\u00e3s s\u00e3o despidas por radicais no Egito - Jornal<\/title>\n<meta name=\"description\" content=\"Crist\u00e3s s\u00e3o despidas por radicais no Egito\" \/>\n<meta name=\"robots\" content=\"index, follow, max-snippet:-1, max-image-preview:large, max-video-preview:-1\" \/>\n<link rel=\"canonical\" href=\"https:\/\/jornalboasnoticias.com.br\/home\/cristas-sao-despidas-por-radicais-no-egito\/\" \/>\n<meta property=\"og:locale\" content=\"pt_BR\" \/>\n<meta property=\"og:type\" content=\"article\" \/>\n<meta property=\"og:title\" content=\"Crist\u00e3s s\u00e3o despidas por radicais no Egito - Jornal\" \/>\n<meta property=\"og:description\" content=\"Crist\u00e3s s\u00e3o despidas por radicais no Egito\" \/>\n<meta property=\"og:url\" content=\"https:\/\/jornalboasnoticias.com.br\/home\/cristas-sao-despidas-por-radicais-no-egito\/\" \/>\n<meta property=\"og:site_name\" content=\"Jornal\" \/>\n<meta property=\"article:publisher\" content=\"https:\/\/www.facebook.com\/boasnoticiasjornal\" \/>\n<meta property=\"article:published_time\" content=\"2024-07-26T15:37:02+00:00\" \/>\n<meta property=\"article:modified_time\" content=\"2024-07-26T15:40:49+00:00\" \/>\n<meta property=\"og:image\" content=\"https:\/\/jornalboasnoticias.com.br\/home\/wp-content\/uploads\/2024\/07\/Sem-titulo-50-1200x675-1.jpg\" \/>\n\t<meta property=\"og:image:width\" content=\"1200\" \/>\n\t<meta property=\"og:image:height\" content=\"675\" \/>\n\t<meta property=\"og:image:type\" content=\"image\/jpeg\" \/>\n<meta name=\"author\" content=\"Luiz Carlos da Cruz\" \/>\n<meta name=\"twitter:card\" content=\"summary_large_image\" \/>\n<meta name=\"twitter:label1\" content=\"Escrito por\" \/>\n\t<meta name=\"twitter:data1\" content=\"Luiz Carlos da Cruz\" \/>\n\t<meta name=\"twitter:label2\" content=\"Est. tempo de leitura\" \/>\n\t<meta name=\"twitter:data2\" content=\"1 minuto\" \/>\n<script type=\"application\/ld+json\" class=\"yoast-schema-graph\">{\"@context\":\"https:\\\/\\\/schema.org\",\"@graph\":[{\"@type\":\"Article\",\"@id\":\"https:\\\/\\\/jornalboasnoticias.com.br\\\/home\\\/cristas-sao-despidas-por-radicais-no-egito\\\/#article\",\"isPartOf\":{\"@id\":\"https:\\\/\\\/jornalboasnoticias.com.br\\\/home\\\/cristas-sao-despidas-por-radicais-no-egito\\\/\"},\"author\":{\"name\":\"Luiz Carlos da Cruz\",\"@id\":\"https:\\\/\\\/jornalboasnoticias.com.br\\\/home\\\/#\\\/schema\\\/person\\\/75f9ebde398c998c166475fb446bda62\"},\"headline\":\"Crist\u00e3s s\u00e3o despidas por radicais no Egito\",\"datePublished\":\"2024-07-26T15:37:02+00:00\",\"dateModified\":\"2024-07-26T15:40:49+00:00\",\"mainEntityOfPage\":{\"@id\":\"https:\\\/\\\/jornalboasnoticias.com.br\\\/home\\\/cristas-sao-despidas-por-radicais-no-egito\\\/\"},\"wordCount\":270,\"commentCount\":0,\"publisher\":{\"@id\":\"https:\\\/\\\/jornalboasnoticias.com.br\\\/home\\\/#organization\"},\"image\":{\"@id\":\"https:\\\/\\\/jornalboasnoticias.com.br\\\/home\\\/cristas-sao-despidas-por-radicais-no-egito\\\/#primaryimage\"},\"thumbnailUrl\":\"https:\\\/\\\/jornalboasnoticias.com.br\\\/home\\\/wp-content\\\/uploads\\\/2024\\\/07\\\/Sem-titulo-50-1200x675-1.jpg\",\"keywords\":[\"Egito\"],\"articleSection\":[\"DESTAQUE\",\"INTERNACIONAL\"],\"inLanguage\":\"pt-BR\",\"potentialAction\":[{\"@type\":\"CommentAction\",\"name\":\"Comment\",\"target\":[\"https:\\\/\\\/jornalboasnoticias.com.br\\\/home\\\/cristas-sao-despidas-por-radicais-no-egito\\\/#respond\"]}]},{\"@type\":\"WebPage\",\"@id\":\"https:\\\/\\\/jornalboasnoticias.com.br\\\/home\\\/cristas-sao-despidas-por-radicais-no-egito\\\/\",\"url\":\"https:\\\/\\\/jornalboasnoticias.com.br\\\/home\\\/cristas-sao-despidas-por-radicais-no-egito\\\/\",\"name\":\"Crist\u00e3s s\u00e3o despidas por radicais no Egito - Jornal\",\"isPartOf\":{\"@id\":\"https:\\\/\\\/jornalboasnoticias.com.br\\\/home\\\/#website\"},\"primaryImageOfPage\":{\"@id\":\"https:\\\/\\\/jornalboasnoticias.com.br\\\/home\\\/cristas-sao-despidas-por-radicais-no-egito\\\/#primaryimage\"},\"image\":{\"@id\":\"https:\\\/\\\/jornalboasnoticias.com.br\\\/home\\\/cristas-sao-despidas-por-radicais-no-egito\\\/#primaryimage\"},\"thumbnailUrl\":\"https:\\\/\\\/jornalboasnoticias.com.br\\\/home\\\/wp-content\\\/uploads\\\/2024\\\/07\\\/Sem-titulo-50-1200x675-1.jpg\",\"datePublished\":\"2024-07-26T15:37:02+00:00\",\"dateModified\":\"2024-07-26T15:40:49+00:00\",\"description\":\"Crist\u00e3s s\u00e3o despidas por radicais no Egito\",\"breadcrumb\":{\"@id\":\"https:\\\/\\\/jornalboasnoticias.com.br\\\/home\\\/cristas-sao-despidas-por-radicais-no-egito\\\/#breadcrumb\"},\"inLanguage\":\"pt-BR\",\"potentialAction\":[{\"@type\":\"ReadAction\",\"target\":[\"https:\\\/\\\/jornalboasnoticias.com.br\\\/home\\\/cristas-sao-despidas-por-radicais-no-egito\\\/\"]}]},{\"@type\":\"ImageObject\",\"inLanguage\":\"pt-BR\",\"@id\":\"https:\\\/\\\/jornalboasnoticias.com.br\\\/home\\\/cristas-sao-despidas-por-radicais-no-egito\\\/#primaryimage\",\"url\":\"https:\\\/\\\/jornalboasnoticias.com.br\\\/home\\\/wp-content\\\/uploads\\\/2024\\\/07\\\/Sem-titulo-50-1200x675-1.jpg\",\"contentUrl\":\"https:\\\/\\\/jornalboasnoticias.com.br\\\/home\\\/wp-content\\\/uploads\\\/2024\\\/07\\\/Sem-titulo-50-1200x675-1.jpg\",\"width\":1200,\"height\":675},{\"@type\":\"BreadcrumbList\",\"@id\":\"https:\\\/\\\/jornalboasnoticias.com.br\\\/home\\\/cristas-sao-despidas-por-radicais-no-egito\\\/#breadcrumb\",\"itemListElement\":[{\"@type\":\"ListItem\",\"position\":1,\"name\":\"In\u00edcio\",\"item\":\"https:\\\/\\\/jornalboasnoticias.com.br\\\/home\\\/\"},{\"@type\":\"ListItem\",\"position\":2,\"name\":\"Crist\u00e3s s\u00e3o despidas por radicais no Egito\"}]},{\"@type\":\"WebSite\",\"@id\":\"https:\\\/\\\/jornalboasnoticias.com.br\\\/home\\\/#website\",\"url\":\"https:\\\/\\\/jornalboasnoticias.com.br\\\/home\\\/\",\"name\":\"Jornal Boas Not\u00edcias\",\"description\":\"Boas not\u00edcias\",\"publisher\":{\"@id\":\"https:\\\/\\\/jornalboasnoticias.com.br\\\/home\\\/#organization\"},\"potentialAction\":[{\"@type\":\"SearchAction\",\"target\":{\"@type\":\"EntryPoint\",\"urlTemplate\":\"https:\\\/\\\/jornalboasnoticias.com.br\\\/home\\\/?s={search_term_string}\"},\"query-input\":{\"@type\":\"PropertyValueSpecification\",\"valueRequired\":true,\"valueName\":\"search_term_string\"}}],\"inLanguage\":\"pt-BR\"},{\"@type\":\"Organization\",\"@id\":\"https:\\\/\\\/jornalboasnoticias.com.br\\\/home\\\/#organization\",\"name\":\"Coq Editora Ltda\",\"alternateName\":\"Jornal Boas Noticias\",\"url\":\"https:\\\/\\\/jornalboasnoticias.com.br\\\/home\\\/\",\"logo\":{\"@type\":\"ImageObject\",\"inLanguage\":\"pt-BR\",\"@id\":\"https:\\\/\\\/jornalboasnoticias.com.br\\\/home\\\/#\\\/schema\\\/logo\\\/image\\\/\",\"url\":\"https:\\\/\\\/jornalboasnoticias.com.br\\\/home\\\/wp-content\\\/uploads\\\/2024\\\/07\\\/cropped-logo.jpg\",\"contentUrl\":\"https:\\\/\\\/jornalboasnoticias.com.br\\\/home\\\/wp-content\\\/uploads\\\/2024\\\/07\\\/cropped-logo.jpg\",\"width\":290,\"height\":142,\"caption\":\"Coq Editora Ltda\"},\"image\":{\"@id\":\"https:\\\/\\\/jornalboasnoticias.com.br\\\/home\\\/#\\\/schema\\\/logo\\\/image\\\/\"},\"sameAs\":[\"https:\\\/\\\/www.facebook.com\\\/boasnoticiasjornal\"]},{\"@type\":\"Person\",\"@id\":\"https:\\\/\\\/jornalboasnoticias.com.br\\\/home\\\/#\\\/schema\\\/person\\\/75f9ebde398c998c166475fb446bda62\",\"name\":\"Luiz Carlos da Cruz\",\"image\":{\"@type\":\"ImageObject\",\"inLanguage\":\"pt-BR\",\"@id\":\"https:\\\/\\\/secure.gravatar.com\\\/avatar\\\/e6f4f45301b6cb8572f7b076572e8ac11c1db80e805d8c8d0858cf286ce3ac3b?s=96&d=mm&r=g\",\"url\":\"https:\\\/\\\/secure.gravatar.com\\\/avatar\\\/e6f4f45301b6cb8572f7b076572e8ac11c1db80e805d8c8d0858cf286ce3ac3b?s=96&d=mm&r=g\",\"contentUrl\":\"https:\\\/\\\/secure.gravatar.com\\\/avatar\\\/e6f4f45301b6cb8572f7b076572e8ac11c1db80e805d8c8d0858cf286ce3ac3b?s=96&d=mm&r=g\",\"caption\":\"Luiz Carlos da Cruz\"},\"url\":\"https:\\\/\\\/jornalboasnoticias.com.br\\\/home\\\/author\\\/luiz-carlos-da-cruz\\\/\"}]}<\/script>\n<!-- \/ Yoast SEO plugin. -->","yoast_head_json":{"title":"Crist\u00e3s s\u00e3o despidas por radicais no Egito - Jornal","description":"Crist\u00e3s s\u00e3o despidas por radicais no Egito","robots":{"index":"index","follow":"follow","max-snippet":"max-snippet:-1","max-image-preview":"max-image-preview:large","max-video-preview":"max-video-preview:-1"},"canonical":"https:\/\/jornalboasnoticias.com.br\/home\/cristas-sao-despidas-por-radicais-no-egito\/","og_locale":"pt_BR","og_type":"article","og_title":"Crist\u00e3s s\u00e3o despidas por radicais no Egito - Jornal","og_description":"Crist\u00e3s s\u00e3o despidas por radicais no Egito","og_url":"https:\/\/jornalboasnoticias.com.br\/home\/cristas-sao-despidas-por-radicais-no-egito\/","og_site_name":"Jornal","article_publisher":"https:\/\/www.facebook.com\/boasnoticiasjornal","article_published_time":"2024-07-26T15:37:02+00:00","article_modified_time":"2024-07-26T15:40:49+00:00","og_image":[{"width":1200,"height":675,"url":"https:\/\/jornalboasnoticias.com.br\/home\/wp-content\/uploads\/2024\/07\/Sem-titulo-50-1200x675-1.jpg","type":"image\/jpeg"}],"author":"Luiz Carlos da Cruz","twitter_card":"summary_large_image","twitter_misc":{"Escrito por":"Luiz Carlos da Cruz","Est. tempo de leitura":"1 minuto"},"schema":{"@context":"https:\/\/schema.org","@graph":[{"@type":"Article","@id":"https:\/\/jornalboasnoticias.com.br\/home\/cristas-sao-despidas-por-radicais-no-egito\/#article","isPartOf":{"@id":"https:\/\/jornalboasnoticias.com.br\/home\/cristas-sao-despidas-por-radicais-no-egito\/"},"author":{"name":"Luiz Carlos da Cruz","@id":"https:\/\/jornalboasnoticias.com.br\/home\/#\/schema\/person\/75f9ebde398c998c166475fb446bda62"},"headline":"Crist\u00e3s s\u00e3o despidas por radicais no Egito","datePublished":"2024-07-26T15:37:02+00:00","dateModified":"2024-07-26T15:40:49+00:00","mainEntityOfPage":{"@id":"https:\/\/jornalboasnoticias.com.br\/home\/cristas-sao-despidas-por-radicais-no-egito\/"},"wordCount":270,"commentCount":0,"publisher":{"@id":"https:\/\/jornalboasnoticias.com.br\/home\/#organization"},"image":{"@id":"https:\/\/jornalboasnoticias.com.br\/home\/cristas-sao-despidas-por-radicais-no-egito\/#primaryimage"},"thumbnailUrl":"https:\/\/jornalboasnoticias.com.br\/home\/wp-content\/uploads\/2024\/07\/Sem-titulo-50-1200x675-1.jpg","keywords":["Egito"],"articleSection":["DESTAQUE","INTERNACIONAL"],"inLanguage":"pt-BR","potentialAction":[{"@type":"CommentAction","name":"Comment","target":["https:\/\/jornalboasnoticias.com.br\/home\/cristas-sao-despidas-por-radicais-no-egito\/#respond"]}]},{"@type":"WebPage","@id":"https:\/\/jornalboasnoticias.com.br\/home\/cristas-sao-despidas-por-radicais-no-egito\/","url":"https:\/\/jornalboasnoticias.com.br\/home\/cristas-sao-despidas-por-radicais-no-egito\/","name":"Crist\u00e3s s\u00e3o despidas por radicais no Egito - Jornal","isPartOf":{"@id":"https:\/\/jornalboasnoticias.com.br\/home\/#website"},"primaryImageOfPage":{"@id":"https:\/\/jornalboasnoticias.com.br\/home\/cristas-sao-despidas-por-radicais-no-egito\/#primaryimage"},"image":{"@id":"https:\/\/jornalboasnoticias.com.br\/home\/cristas-sao-despidas-por-radicais-no-egito\/#primaryimage"},"thumbnailUrl":"https:\/\/jornalboasnoticias.com.br\/home\/wp-content\/uploads\/2024\/07\/Sem-titulo-50-1200x675-1.jpg","datePublished":"2024-07-26T15:37:02+00:00","dateModified":"2024-07-26T15:40:49+00:00","description":"Crist\u00e3s s\u00e3o despidas por radicais no Egito","breadcrumb":{"@id":"https:\/\/jornalboasnoticias.com.br\/home\/cristas-sao-despidas-por-radicais-no-egito\/#breadcrumb"},"inLanguage":"pt-BR","potentialAction":[{"@type":"ReadAction","target":["https:\/\/jornalboasnoticias.com.br\/home\/cristas-sao-despidas-por-radicais-no-egito\/"]}]},{"@type":"ImageObject","inLanguage":"pt-BR","@id":"https:\/\/jornalboasnoticias.com.br\/home\/cristas-sao-despidas-por-radicais-no-egito\/#primaryimage","url":"https:\/\/jornalboasnoticias.com.br\/home\/wp-content\/uploads\/2024\/07\/Sem-titulo-50-1200x675-1.jpg","contentUrl":"https:\/\/jornalboasnoticias.com.br\/home\/wp-content\/uploads\/2024\/07\/Sem-titulo-50-1200x675-1.jpg","width":1200,"height":675},{"@type":"BreadcrumbList","@id":"https:\/\/jornalboasnoticias.com.br\/home\/cristas-sao-despidas-por-radicais-no-egito\/#breadcrumb","itemListElement":[{"@type":"ListItem","position":1,"name":"In\u00edcio","item":"https:\/\/jornalboasnoticias.com.br\/home\/"},{"@type":"ListItem","position":2,"name":"Crist\u00e3s s\u00e3o despidas por radicais no Egito"}]},{"@type":"WebSite","@id":"https:\/\/jornalboasnoticias.com.br\/home\/#website","url":"https:\/\/jornalboasnoticias.com.br\/home\/","name":"Jornal Boas Not\u00edcias","description":"Boas not\u00edcias","publisher":{"@id":"https:\/\/jornalboasnoticias.com.br\/home\/#organization"},"potentialAction":[{"@type":"SearchAction","target":{"@type":"EntryPoint","urlTemplate":"https:\/\/jornalboasnoticias.com.br\/home\/?s={search_term_string}"},"query-input":{"@type":"PropertyValueSpecification","valueRequired":true,"valueName":"search_term_string"}}],"inLanguage":"pt-BR"},{"@type":"Organization","@id":"https:\/\/jornalboasnoticias.com.br\/home\/#organization","name":"Coq Editora Ltda","alternateName":"Jornal Boas Noticias","url":"https:\/\/jornalboasnoticias.com.br\/home\/","logo":{"@type":"ImageObject","inLanguage":"pt-BR","@id":"https:\/\/jornalboasnoticias.com.br\/home\/#\/schema\/logo\/image\/","url":"https:\/\/jornalboasnoticias.com.br\/home\/wp-content\/uploads\/2024\/07\/cropped-logo.jpg","contentUrl":"https:\/\/jornalboasnoticias.com.br\/home\/wp-content\/uploads\/2024\/07\/cropped-logo.jpg","width":290,"height":142,"caption":"Coq Editora Ltda"},"image":{"@id":"https:\/\/jornalboasnoticias.com.br\/home\/#\/schema\/logo\/image\/"},"sameAs":["https:\/\/www.facebook.com\/boasnoticiasjornal"]},{"@type":"Person","@id":"https:\/\/jornalboasnoticias.com.br\/home\/#\/schema\/person\/75f9ebde398c998c166475fb446bda62","name":"Luiz Carlos da Cruz","image":{"@type":"ImageObject","inLanguage":"pt-BR","@id":"https:\/\/secure.gravatar.com\/avatar\/e6f4f45301b6cb8572f7b076572e8ac11c1db80e805d8c8d0858cf286ce3ac3b?s=96&d=mm&r=g","url":"https:\/\/secure.gravatar.com\/avatar\/e6f4f45301b6cb8572f7b076572e8ac11c1db80e805d8c8d0858cf286ce3ac3b?s=96&d=mm&r=g","contentUrl":"https:\/\/secure.gravatar.com\/avatar\/e6f4f45301b6cb8572f7b076572e8ac11c1db80e805d8c8d0858cf286ce3ac3b?s=96&d=mm&r=g","caption":"Luiz Carlos da Cruz"},"url":"https:\/\/jornalboasnoticias.com.br\/home\/author\/luiz-carlos-da-cruz\/"}]}},"_links":{"self":[{"href":"https:\/\/jornalboasnoticias.com.br\/home\/wp-json\/wp\/v2\/posts\/43223","targetHints":{"allow":["GET"]}}],"collection":[{"href":"https:\/\/jornalboasnoticias.com.br\/home\/wp-json\/wp\/v2\/posts"}],"about":[{"href":"https:\/\/jornalboasnoticias.com.br\/home\/wp-json\/wp\/v2\/types\/post"}],"author":[{"embeddable":true,"href":"https:\/\/jornalboasnoticias.com.br\/home\/wp-json\/wp\/v2\/users\/3"}],"replies":[{"embeddable":true,"href":"https:\/\/jornalboasnoticias.com.br\/home\/wp-json\/wp\/v2\/comments?post=43223"}],"version-history":[{"count":1,"href":"https:\/\/jornalboasnoticias.com.br\/home\/wp-json\/wp\/v2\/posts\/43223\/revisions"}],"predecessor-version":[{"id":43225,"href":"https:\/\/jornalboasnoticias.com.br\/home\/wp-json\/wp\/v2\/posts\/43223\/revisions\/43225"}],"wp:featuredmedia":[{"embeddable":true,"href":"https:\/\/jornalboasnoticias.com.br\/home\/wp-json\/wp\/v2\/media\/43224"}],"wp:attachment":[{"href":"https:\/\/jornalboasnoticias.com.br\/home\/wp-json\/wp\/v2\/media?parent=43223"}],"wp:term":[{"taxonomy":"category","embeddable":true,"href":"https:\/\/jornalboasnoticias.com.br\/home\/wp-json\/wp\/v2\/categories?post=43223"},{"taxonomy":"post_tag","embeddable":true,"href":"https:\/\/jornalboasnoticias.com.br\/home\/wp-json\/wp\/v2\/tags?post=43223"}],"curies":[{"name":"wp","href":"https:\/\/api.w.org\/{rel}","templated":true}]}}