{"id":43217,"date":"2024-07-26T00:07:25","date_gmt":"2024-07-26T00:07:25","guid":{"rendered":"https:\/\/jornalboasnoticias.com.br\/home\/?p=43217"},"modified":"2024-07-26T00:07:25","modified_gmt":"2024-07-26T00:07:25","slug":"virus-respiratorio-ainda-e-principal-causa-de-internacoes-de-criancas","status":"publish","type":"post","link":"https:\/\/jornalboasnoticias.com.br\/home\/virus-respiratorio-ainda-e-principal-causa-de-internacoes-de-criancas\/","title":{"rendered":"V\u00edrus respirat\u00f3rio ainda \u00e9 principal causa de interna\u00e7\u00f5es de crian\u00e7as"},"content":{"rendered":"<p class=\"col-10 offset-1 animated fadeInDown dealy-900 display-8 display-md-8 alt-font font-italic my-1 text-center\" style=\"text-align: center;\"><strong><em>Dados s\u00e3o do boletim InfoGripe da Fiocruz<\/em><\/strong><\/p>\n<figure id=\"attachment_43218\" aria-describedby=\"caption-attachment-43218\" style=\"width: 1170px\" class=\"wp-caption alignnone\"><img loading=\"lazy\" decoding=\"async\" class=\"wp-image-43218 size-full\" src=\"https:\/\/jornalboasnoticias.com.br\/home\/wp-content\/uploads\/2024\/07\/crianca-vacina.webp\" alt=\"\" width=\"1170\" height=\"700\" srcset=\"https:\/\/jornalboasnoticias.com.br\/home\/wp-content\/uploads\/2024\/07\/crianca-vacina.webp 1170w, https:\/\/jornalboasnoticias.com.br\/home\/wp-content\/uploads\/2024\/07\/crianca-vacina-300x179.webp 300w, https:\/\/jornalboasnoticias.com.br\/home\/wp-content\/uploads\/2024\/07\/crianca-vacina-1024x613.webp 1024w, https:\/\/jornalboasnoticias.com.br\/home\/wp-content\/uploads\/2024\/07\/crianca-vacina-768x459.webp 768w\" sizes=\"auto, (max-width: 1170px) 100vw, 1170px\" \/><figcaption id=\"caption-attachment-43218\" class=\"wp-caption-text\">Foto: T\u00e2nia Rego\/Ag\u00eancia Brasil<\/figcaption><\/figure>\n<p>O v\u00edrus sincicial respirat\u00f3rio (VSR) se mant\u00e9m como a principal causa de interna\u00e7\u00e3o e \u00f3bitos em crian\u00e7as pequenas, ainda que tenha apresentado queda nas \u00faltimas semanas, segundo o boletim InfoGripe, da Funda\u00e7\u00e3o Oswaldo Cruz (Fiocruz), divulgado nesta quinta-feira (25).<\/p>\n<p>Apesar de a an\u00e1lise ter observado sinais de interrup\u00e7\u00e3o do crescimento ou in\u00edcio de redu\u00e7\u00e3o das hospitaliza\u00e7\u00f5es por VSR e influenza A, em alguns estados do centro-sul ainda h\u00e1 crescimento dos casos do v\u00edrus influenza, especialmente entre os idosos, e do VSR e rinov\u00edrus, em crian\u00e7as em alguns estados do Sul e Sudeste.<\/p>\n<p>O boletim apontou tamb\u00e9m que alguns estados do Norte registram continuidade do aumento de casos de VSR e rinov\u00edrus na popula\u00e7\u00e3o de at\u00e9 2 anos de idade.<\/p>\n<p>O estudo aponta ind\u00edcios de queda da S\u00edndrome Respirat\u00f3ria Aguda Grave (SRAG) na tend\u00eancia de longo prazo no Acre, Bahia, Minas Gerais e Roraima. \u00a0 \u00a0 \u00a0 \u00a0 Entre as capitais, cinco t\u00eam ind\u00edcios de crescimento de SRAG: Boa Vista, Fortaleza, Rio Branco, Salvador e S\u00e3o Lu\u00eds.<\/p>\n<p>A pesquisadora do Programa de Computa\u00e7\u00e3o Cient\u00edfica da Fiocruz e do InfoGripe Tatiana Portella observa que o cen\u00e1rio atual da SRAG no pa\u00eds \u00e9 decorrente principalmente dos v\u00edrus VSR, influenza A e rinov\u00edrus.<\/p>\n<p>\u201cApesar de o v\u00edrus influenza A ainda apresentar crescimento, principalmente em idosos, em alguns estados das regi\u00f5es Sul e Sudeste, como Minas Gerais, Paran\u00e1 e Rio Grande do Sul, j\u00e1 \u00e9 poss\u00edvel observar interrup\u00e7\u00e3o do crescimento em alguns estados da regi\u00e3o centro-sul\u201d.<\/p>\n<h2>Covid-19<\/h2>\n<p>A circula\u00e7\u00e3o da covid-19 tem aumentado entre os idosos nas \u00faltimas semanas em alguns estados do Nordeste e no Amazonas. Contudo, o v\u00edrus ainda se mant\u00e9m em patamares baixos quando comparado ao seu hist\u00f3rico de circula\u00e7\u00e3o. No Amazonas, Alagoas e Pernambuco, j\u00e1 \u00e9 poss\u00edvel observar um leve sinal de aumento nas interna\u00e7\u00f5es por SRAG em idosos devido \u00e0 covid-19. No Cear\u00e1 e no Piau\u00ed a principal causa de interna\u00e7\u00f5es por SRAG em idosos na \u00faltima semana foi a covid-19.<\/p>\n<p>\u201cDiante desse contexto, \u00e9 muito importante que os hospitais e as unidades sentinelas de s\u00edndrome gripal das regi\u00f5es Norte e Nordeste reforcem a aten\u00e7\u00e3o para qualquer sinal de aumento expressivo na circula\u00e7\u00e3o do v\u00edrus\u201d, alerta Tatiana Portella.<\/p>\n<h2>\u00d3bitos<\/h2>\n<p>A mortalidade da SRAG nas \u00faltimas oito semanas foi semelhante entre crian\u00e7as pequenas e idosos. Na popula\u00e7\u00e3o idosa se destacam aquelas associadas ao v\u00edrus da gripe influenza A e \u00e0 covid-19. Na popula\u00e7\u00e3o entre 5 e 64 anos de iade, a presen\u00e7a do v\u00edrus influenza A domina entre os \u00f3bitos das \u00faltimas semanas.<\/p>\n<p><em>Ag\u00eancia Brasil<\/em><\/p>\n","protected":false},"excerpt":{"rendered":"<p>Dados s\u00e3o do boletim InfoGripe da Fiocruz O v\u00edrus sincicial respirat\u00f3rio (VSR) se mant\u00e9m como<\/p>\n","protected":false},"author":3,"featured_media":43218,"comment_status":"open","ping_status":"open","sticky":false,"template":"","format":"standard","meta":{"footnotes":""},"categories":[6,3],"tags":[71],"class_list":["post-43217","post","type-post","status-publish","format-standard","has-post-thumbnail","hentry","category-brasil","category-destaques","tag-gripe"],"yoast_head":"<!-- This site is optimized with the Yoast SEO plugin v27.5 - https:\/\/yoast.com\/product\/yoast-seo-wordpress\/ -->\n<title>V\u00edrus respirat\u00f3rio ainda \u00e9 principal causa de interna\u00e7\u00f5es de crian\u00e7as - Jornal<\/title>\n<meta name=\"description\" content=\"V\u00edrus respirat\u00f3rio ainda \u00e9 principal causa de interna\u00e7\u00f5es de crian\u00e7as\" \/>\n<meta name=\"robots\" content=\"index, follow, max-snippet:-1, max-image-preview:large, max-video-preview:-1\" \/>\n<link rel=\"canonical\" href=\"https:\/\/jornalboasnoticias.com.br\/home\/virus-respiratorio-ainda-e-principal-causa-de-internacoes-de-criancas\/\" \/>\n<meta property=\"og:locale\" content=\"pt_BR\" \/>\n<meta property=\"og:type\" content=\"article\" \/>\n<meta property=\"og:title\" content=\"V\u00edrus respirat\u00f3rio ainda \u00e9 principal causa de interna\u00e7\u00f5es de crian\u00e7as - Jornal\" \/>\n<meta property=\"og:description\" content=\"V\u00edrus respirat\u00f3rio ainda \u00e9 principal causa de interna\u00e7\u00f5es de crian\u00e7as\" \/>\n<meta property=\"og:url\" content=\"https:\/\/jornalboasnoticias.com.br\/home\/virus-respiratorio-ainda-e-principal-causa-de-internacoes-de-criancas\/\" \/>\n<meta property=\"og:site_name\" content=\"Jornal\" \/>\n<meta property=\"article:publisher\" content=\"https:\/\/www.facebook.com\/boasnoticiasjornal\" \/>\n<meta property=\"article:published_time\" content=\"2024-07-26T00:07:25+00:00\" \/>\n<meta property=\"og:image\" content=\"https:\/\/jornalboasnoticias.com.br\/home\/wp-content\/uploads\/2024\/07\/crianca-vacina.webp\" \/>\n\t<meta property=\"og:image:width\" content=\"1170\" \/>\n\t<meta property=\"og:image:height\" content=\"700\" \/>\n\t<meta property=\"og:image:type\" content=\"image\/webp\" \/>\n<meta name=\"author\" content=\"Luiz Carlos da Cruz\" \/>\n<meta name=\"twitter:card\" content=\"summary_large_image\" \/>\n<meta name=\"twitter:label1\" content=\"Escrito por\" \/>\n\t<meta name=\"twitter:data1\" content=\"Luiz Carlos da Cruz\" \/>\n\t<meta name=\"twitter:label2\" content=\"Est. tempo de leitura\" \/>\n\t<meta name=\"twitter:data2\" content=\"2 minutos\" \/>\n<script type=\"application\/ld+json\" class=\"yoast-schema-graph\">{\"@context\":\"https:\\\/\\\/schema.org\",\"@graph\":[{\"@type\":\"Article\",\"@id\":\"https:\\\/\\\/jornalboasnoticias.com.br\\\/home\\\/virus-respiratorio-ainda-e-principal-causa-de-internacoes-de-criancas\\\/#article\",\"isPartOf\":{\"@id\":\"https:\\\/\\\/jornalboasnoticias.com.br\\\/home\\\/virus-respiratorio-ainda-e-principal-causa-de-internacoes-de-criancas\\\/\"},\"author\":{\"name\":\"Luiz Carlos da Cruz\",\"@id\":\"https:\\\/\\\/jornalboasnoticias.com.br\\\/home\\\/#\\\/schema\\\/person\\\/75f9ebde398c998c166475fb446bda62\"},\"headline\":\"V\u00edrus respirat\u00f3rio ainda \u00e9 principal causa de interna\u00e7\u00f5es de crian\u00e7as\",\"datePublished\":\"2024-07-26T00:07:25+00:00\",\"mainEntityOfPage\":{\"@id\":\"https:\\\/\\\/jornalboasnoticias.com.br\\\/home\\\/virus-respiratorio-ainda-e-principal-causa-de-internacoes-de-criancas\\\/\"},\"wordCount\":491,\"commentCount\":0,\"publisher\":{\"@id\":\"https:\\\/\\\/jornalboasnoticias.com.br\\\/home\\\/#organization\"},\"image\":{\"@id\":\"https:\\\/\\\/jornalboasnoticias.com.br\\\/home\\\/virus-respiratorio-ainda-e-principal-causa-de-internacoes-de-criancas\\\/#primaryimage\"},\"thumbnailUrl\":\"https:\\\/\\\/jornalboasnoticias.com.br\\\/home\\\/wp-content\\\/uploads\\\/2024\\\/07\\\/crianca-vacina.webp\",\"keywords\":[\"gripe\"],\"articleSection\":[\"BRASIL\",\"DESTAQUE\"],\"inLanguage\":\"pt-BR\",\"potentialAction\":[{\"@type\":\"CommentAction\",\"name\":\"Comment\",\"target\":[\"https:\\\/\\\/jornalboasnoticias.com.br\\\/home\\\/virus-respiratorio-ainda-e-principal-causa-de-internacoes-de-criancas\\\/#respond\"]}]},{\"@type\":\"WebPage\",\"@id\":\"https:\\\/\\\/jornalboasnoticias.com.br\\\/home\\\/virus-respiratorio-ainda-e-principal-causa-de-internacoes-de-criancas\\\/\",\"url\":\"https:\\\/\\\/jornalboasnoticias.com.br\\\/home\\\/virus-respiratorio-ainda-e-principal-causa-de-internacoes-de-criancas\\\/\",\"name\":\"V\u00edrus respirat\u00f3rio ainda \u00e9 principal causa de interna\u00e7\u00f5es de crian\u00e7as - Jornal\",\"isPartOf\":{\"@id\":\"https:\\\/\\\/jornalboasnoticias.com.br\\\/home\\\/#website\"},\"primaryImageOfPage\":{\"@id\":\"https:\\\/\\\/jornalboasnoticias.com.br\\\/home\\\/virus-respiratorio-ainda-e-principal-causa-de-internacoes-de-criancas\\\/#primaryimage\"},\"image\":{\"@id\":\"https:\\\/\\\/jornalboasnoticias.com.br\\\/home\\\/virus-respiratorio-ainda-e-principal-causa-de-internacoes-de-criancas\\\/#primaryimage\"},\"thumbnailUrl\":\"https:\\\/\\\/jornalboasnoticias.com.br\\\/home\\\/wp-content\\\/uploads\\\/2024\\\/07\\\/crianca-vacina.webp\",\"datePublished\":\"2024-07-26T00:07:25+00:00\",\"description\":\"V\u00edrus respirat\u00f3rio ainda \u00e9 principal causa de interna\u00e7\u00f5es de crian\u00e7as\",\"breadcrumb\":{\"@id\":\"https:\\\/\\\/jornalboasnoticias.com.br\\\/home\\\/virus-respiratorio-ainda-e-principal-causa-de-internacoes-de-criancas\\\/#breadcrumb\"},\"inLanguage\":\"pt-BR\",\"potentialAction\":[{\"@type\":\"ReadAction\",\"target\":[\"https:\\\/\\\/jornalboasnoticias.com.br\\\/home\\\/virus-respiratorio-ainda-e-principal-causa-de-internacoes-de-criancas\\\/\"]}]},{\"@type\":\"ImageObject\",\"inLanguage\":\"pt-BR\",\"@id\":\"https:\\\/\\\/jornalboasnoticias.com.br\\\/home\\\/virus-respiratorio-ainda-e-principal-causa-de-internacoes-de-criancas\\\/#primaryimage\",\"url\":\"https:\\\/\\\/jornalboasnoticias.com.br\\\/home\\\/wp-content\\\/uploads\\\/2024\\\/07\\\/crianca-vacina.webp\",\"contentUrl\":\"https:\\\/\\\/jornalboasnoticias.com.br\\\/home\\\/wp-content\\\/uploads\\\/2024\\\/07\\\/crianca-vacina.webp\",\"width\":1170,\"height\":700},{\"@type\":\"BreadcrumbList\",\"@id\":\"https:\\\/\\\/jornalboasnoticias.com.br\\\/home\\\/virus-respiratorio-ainda-e-principal-causa-de-internacoes-de-criancas\\\/#breadcrumb\",\"itemListElement\":[{\"@type\":\"ListItem\",\"position\":1,\"name\":\"In\u00edcio\",\"item\":\"https:\\\/\\\/jornalboasnoticias.com.br\\\/home\\\/\"},{\"@type\":\"ListItem\",\"position\":2,\"name\":\"V\u00edrus respirat\u00f3rio ainda \u00e9 principal causa de interna\u00e7\u00f5es de crian\u00e7as\"}]},{\"@type\":\"WebSite\",\"@id\":\"https:\\\/\\\/jornalboasnoticias.com.br\\\/home\\\/#website\",\"url\":\"https:\\\/\\\/jornalboasnoticias.com.br\\\/home\\\/\",\"name\":\"Jornal Boas Not\u00edcias\",\"description\":\"Boas not\u00edcias\",\"publisher\":{\"@id\":\"https:\\\/\\\/jornalboasnoticias.com.br\\\/home\\\/#organization\"},\"potentialAction\":[{\"@type\":\"SearchAction\",\"target\":{\"@type\":\"EntryPoint\",\"urlTemplate\":\"https:\\\/\\\/jornalboasnoticias.com.br\\\/home\\\/?s={search_term_string}\"},\"query-input\":{\"@type\":\"PropertyValueSpecification\",\"valueRequired\":true,\"valueName\":\"search_term_string\"}}],\"inLanguage\":\"pt-BR\"},{\"@type\":\"Organization\",\"@id\":\"https:\\\/\\\/jornalboasnoticias.com.br\\\/home\\\/#organization\",\"name\":\"Coq Editora Ltda\",\"alternateName\":\"Jornal Boas Noticias\",\"url\":\"https:\\\/\\\/jornalboasnoticias.com.br\\\/home\\\/\",\"logo\":{\"@type\":\"ImageObject\",\"inLanguage\":\"pt-BR\",\"@id\":\"https:\\\/\\\/jornalboasnoticias.com.br\\\/home\\\/#\\\/schema\\\/logo\\\/image\\\/\",\"url\":\"https:\\\/\\\/jornalboasnoticias.com.br\\\/home\\\/wp-content\\\/uploads\\\/2024\\\/07\\\/cropped-logo.jpg\",\"contentUrl\":\"https:\\\/\\\/jornalboasnoticias.com.br\\\/home\\\/wp-content\\\/uploads\\\/2024\\\/07\\\/cropped-logo.jpg\",\"width\":290,\"height\":142,\"caption\":\"Coq Editora Ltda\"},\"image\":{\"@id\":\"https:\\\/\\\/jornalboasnoticias.com.br\\\/home\\\/#\\\/schema\\\/logo\\\/image\\\/\"},\"sameAs\":[\"https:\\\/\\\/www.facebook.com\\\/boasnoticiasjornal\"]},{\"@type\":\"Person\",\"@id\":\"https:\\\/\\\/jornalboasnoticias.com.br\\\/home\\\/#\\\/schema\\\/person\\\/75f9ebde398c998c166475fb446bda62\",\"name\":\"Luiz Carlos da Cruz\",\"image\":{\"@type\":\"ImageObject\",\"inLanguage\":\"pt-BR\",\"@id\":\"https:\\\/\\\/secure.gravatar.com\\\/avatar\\\/e6f4f45301b6cb8572f7b076572e8ac11c1db80e805d8c8d0858cf286ce3ac3b?s=96&d=mm&r=g\",\"url\":\"https:\\\/\\\/secure.gravatar.com\\\/avatar\\\/e6f4f45301b6cb8572f7b076572e8ac11c1db80e805d8c8d0858cf286ce3ac3b?s=96&d=mm&r=g\",\"contentUrl\":\"https:\\\/\\\/secure.gravatar.com\\\/avatar\\\/e6f4f45301b6cb8572f7b076572e8ac11c1db80e805d8c8d0858cf286ce3ac3b?s=96&d=mm&r=g\",\"caption\":\"Luiz Carlos da Cruz\"},\"url\":\"https:\\\/\\\/jornalboasnoticias.com.br\\\/home\\\/author\\\/luiz-carlos-da-cruz\\\/\"}]}<\/script>\n<!-- \/ Yoast SEO plugin. -->","yoast_head_json":{"title":"V\u00edrus respirat\u00f3rio ainda \u00e9 principal causa de interna\u00e7\u00f5es de crian\u00e7as - Jornal","description":"V\u00edrus respirat\u00f3rio ainda \u00e9 principal causa de interna\u00e7\u00f5es de crian\u00e7as","robots":{"index":"index","follow":"follow","max-snippet":"max-snippet:-1","max-image-preview":"max-image-preview:large","max-video-preview":"max-video-preview:-1"},"canonical":"https:\/\/jornalboasnoticias.com.br\/home\/virus-respiratorio-ainda-e-principal-causa-de-internacoes-de-criancas\/","og_locale":"pt_BR","og_type":"article","og_title":"V\u00edrus respirat\u00f3rio ainda \u00e9 principal causa de interna\u00e7\u00f5es de crian\u00e7as - Jornal","og_description":"V\u00edrus respirat\u00f3rio ainda \u00e9 principal causa de interna\u00e7\u00f5es de crian\u00e7as","og_url":"https:\/\/jornalboasnoticias.com.br\/home\/virus-respiratorio-ainda-e-principal-causa-de-internacoes-de-criancas\/","og_site_name":"Jornal","article_publisher":"https:\/\/www.facebook.com\/boasnoticiasjornal","article_published_time":"2024-07-26T00:07:25+00:00","og_image":[{"width":1170,"height":700,"url":"https:\/\/jornalboasnoticias.com.br\/home\/wp-content\/uploads\/2024\/07\/crianca-vacina.webp","type":"image\/webp"}],"author":"Luiz Carlos da Cruz","twitter_card":"summary_large_image","twitter_misc":{"Escrito por":"Luiz Carlos da Cruz","Est. tempo de leitura":"2 minutos"},"schema":{"@context":"https:\/\/schema.org","@graph":[{"@type":"Article","@id":"https:\/\/jornalboasnoticias.com.br\/home\/virus-respiratorio-ainda-e-principal-causa-de-internacoes-de-criancas\/#article","isPartOf":{"@id":"https:\/\/jornalboasnoticias.com.br\/home\/virus-respiratorio-ainda-e-principal-causa-de-internacoes-de-criancas\/"},"author":{"name":"Luiz Carlos da Cruz","@id":"https:\/\/jornalboasnoticias.com.br\/home\/#\/schema\/person\/75f9ebde398c998c166475fb446bda62"},"headline":"V\u00edrus respirat\u00f3rio ainda \u00e9 principal causa de interna\u00e7\u00f5es de crian\u00e7as","datePublished":"2024-07-26T00:07:25+00:00","mainEntityOfPage":{"@id":"https:\/\/jornalboasnoticias.com.br\/home\/virus-respiratorio-ainda-e-principal-causa-de-internacoes-de-criancas\/"},"wordCount":491,"commentCount":0,"publisher":{"@id":"https:\/\/jornalboasnoticias.com.br\/home\/#organization"},"image":{"@id":"https:\/\/jornalboasnoticias.com.br\/home\/virus-respiratorio-ainda-e-principal-causa-de-internacoes-de-criancas\/#primaryimage"},"thumbnailUrl":"https:\/\/jornalboasnoticias.com.br\/home\/wp-content\/uploads\/2024\/07\/crianca-vacina.webp","keywords":["gripe"],"articleSection":["BRASIL","DESTAQUE"],"inLanguage":"pt-BR","potentialAction":[{"@type":"CommentAction","name":"Comment","target":["https:\/\/jornalboasnoticias.com.br\/home\/virus-respiratorio-ainda-e-principal-causa-de-internacoes-de-criancas\/#respond"]}]},{"@type":"WebPage","@id":"https:\/\/jornalboasnoticias.com.br\/home\/virus-respiratorio-ainda-e-principal-causa-de-internacoes-de-criancas\/","url":"https:\/\/jornalboasnoticias.com.br\/home\/virus-respiratorio-ainda-e-principal-causa-de-internacoes-de-criancas\/","name":"V\u00edrus respirat\u00f3rio ainda \u00e9 principal causa de interna\u00e7\u00f5es de crian\u00e7as - Jornal","isPartOf":{"@id":"https:\/\/jornalboasnoticias.com.br\/home\/#website"},"primaryImageOfPage":{"@id":"https:\/\/jornalboasnoticias.com.br\/home\/virus-respiratorio-ainda-e-principal-causa-de-internacoes-de-criancas\/#primaryimage"},"image":{"@id":"https:\/\/jornalboasnoticias.com.br\/home\/virus-respiratorio-ainda-e-principal-causa-de-internacoes-de-criancas\/#primaryimage"},"thumbnailUrl":"https:\/\/jornalboasnoticias.com.br\/home\/wp-content\/uploads\/2024\/07\/crianca-vacina.webp","datePublished":"2024-07-26T00:07:25+00:00","description":"V\u00edrus respirat\u00f3rio ainda \u00e9 principal causa de interna\u00e7\u00f5es de crian\u00e7as","breadcrumb":{"@id":"https:\/\/jornalboasnoticias.com.br\/home\/virus-respiratorio-ainda-e-principal-causa-de-internacoes-de-criancas\/#breadcrumb"},"inLanguage":"pt-BR","potentialAction":[{"@type":"ReadAction","target":["https:\/\/jornalboasnoticias.com.br\/home\/virus-respiratorio-ainda-e-principal-causa-de-internacoes-de-criancas\/"]}]},{"@type":"ImageObject","inLanguage":"pt-BR","@id":"https:\/\/jornalboasnoticias.com.br\/home\/virus-respiratorio-ainda-e-principal-causa-de-internacoes-de-criancas\/#primaryimage","url":"https:\/\/jornalboasnoticias.com.br\/home\/wp-content\/uploads\/2024\/07\/crianca-vacina.webp","contentUrl":"https:\/\/jornalboasnoticias.com.br\/home\/wp-content\/uploads\/2024\/07\/crianca-vacina.webp","width":1170,"height":700},{"@type":"BreadcrumbList","@id":"https:\/\/jornalboasnoticias.com.br\/home\/virus-respiratorio-ainda-e-principal-causa-de-internacoes-de-criancas\/#breadcrumb","itemListElement":[{"@type":"ListItem","position":1,"name":"In\u00edcio","item":"https:\/\/jornalboasnoticias.com.br\/home\/"},{"@type":"ListItem","position":2,"name":"V\u00edrus respirat\u00f3rio ainda \u00e9 principal causa de interna\u00e7\u00f5es de crian\u00e7as"}]},{"@type":"WebSite","@id":"https:\/\/jornalboasnoticias.com.br\/home\/#website","url":"https:\/\/jornalboasnoticias.com.br\/home\/","name":"Jornal Boas Not\u00edcias","description":"Boas not\u00edcias","publisher":{"@id":"https:\/\/jornalboasnoticias.com.br\/home\/#organization"},"potentialAction":[{"@type":"SearchAction","target":{"@type":"EntryPoint","urlTemplate":"https:\/\/jornalboasnoticias.com.br\/home\/?s={search_term_string}"},"query-input":{"@type":"PropertyValueSpecification","valueRequired":true,"valueName":"search_term_string"}}],"inLanguage":"pt-BR"},{"@type":"Organization","@id":"https:\/\/jornalboasnoticias.com.br\/home\/#organization","name":"Coq Editora Ltda","alternateName":"Jornal Boas Noticias","url":"https:\/\/jornalboasnoticias.com.br\/home\/","logo":{"@type":"ImageObject","inLanguage":"pt-BR","@id":"https:\/\/jornalboasnoticias.com.br\/home\/#\/schema\/logo\/image\/","url":"https:\/\/jornalboasnoticias.com.br\/home\/wp-content\/uploads\/2024\/07\/cropped-logo.jpg","contentUrl":"https:\/\/jornalboasnoticias.com.br\/home\/wp-content\/uploads\/2024\/07\/cropped-logo.jpg","width":290,"height":142,"caption":"Coq Editora Ltda"},"image":{"@id":"https:\/\/jornalboasnoticias.com.br\/home\/#\/schema\/logo\/image\/"},"sameAs":["https:\/\/www.facebook.com\/boasnoticiasjornal"]},{"@type":"Person","@id":"https:\/\/jornalboasnoticias.com.br\/home\/#\/schema\/person\/75f9ebde398c998c166475fb446bda62","name":"Luiz Carlos da Cruz","image":{"@type":"ImageObject","inLanguage":"pt-BR","@id":"https:\/\/secure.gravatar.com\/avatar\/e6f4f45301b6cb8572f7b076572e8ac11c1db80e805d8c8d0858cf286ce3ac3b?s=96&d=mm&r=g","url":"https:\/\/secure.gravatar.com\/avatar\/e6f4f45301b6cb8572f7b076572e8ac11c1db80e805d8c8d0858cf286ce3ac3b?s=96&d=mm&r=g","contentUrl":"https:\/\/secure.gravatar.com\/avatar\/e6f4f45301b6cb8572f7b076572e8ac11c1db80e805d8c8d0858cf286ce3ac3b?s=96&d=mm&r=g","caption":"Luiz Carlos da Cruz"},"url":"https:\/\/jornalboasnoticias.com.br\/home\/author\/luiz-carlos-da-cruz\/"}]}},"_links":{"self":[{"href":"https:\/\/jornalboasnoticias.com.br\/home\/wp-json\/wp\/v2\/posts\/43217","targetHints":{"allow":["GET"]}}],"collection":[{"href":"https:\/\/jornalboasnoticias.com.br\/home\/wp-json\/wp\/v2\/posts"}],"about":[{"href":"https:\/\/jornalboasnoticias.com.br\/home\/wp-json\/wp\/v2\/types\/post"}],"author":[{"embeddable":true,"href":"https:\/\/jornalboasnoticias.com.br\/home\/wp-json\/wp\/v2\/users\/3"}],"replies":[{"embeddable":true,"href":"https:\/\/jornalboasnoticias.com.br\/home\/wp-json\/wp\/v2\/comments?post=43217"}],"version-history":[{"count":1,"href":"https:\/\/jornalboasnoticias.com.br\/home\/wp-json\/wp\/v2\/posts\/43217\/revisions"}],"predecessor-version":[{"id":43219,"href":"https:\/\/jornalboasnoticias.com.br\/home\/wp-json\/wp\/v2\/posts\/43217\/revisions\/43219"}],"wp:featuredmedia":[{"embeddable":true,"href":"https:\/\/jornalboasnoticias.com.br\/home\/wp-json\/wp\/v2\/media\/43218"}],"wp:attachment":[{"href":"https:\/\/jornalboasnoticias.com.br\/home\/wp-json\/wp\/v2\/media?parent=43217"}],"wp:term":[{"taxonomy":"category","embeddable":true,"href":"https:\/\/jornalboasnoticias.com.br\/home\/wp-json\/wp\/v2\/categories?post=43217"},{"taxonomy":"post_tag","embeddable":true,"href":"https:\/\/jornalboasnoticias.com.br\/home\/wp-json\/wp\/v2\/tags?post=43217"}],"curies":[{"name":"wp","href":"https:\/\/api.w.org\/{rel}","templated":true}]}}