{"id":43206,"date":"2024-07-24T01:16:37","date_gmt":"2024-07-24T01:16:37","guid":{"rendered":"https:\/\/jornalboasnoticias.com.br\/home\/?p=43206"},"modified":"2024-07-24T01:16:37","modified_gmt":"2024-07-24T01:16:37","slug":"igreja-adventista-no-oeste-do-parana-elege-presidente","status":"publish","type":"post","link":"https:\/\/jornalboasnoticias.com.br\/home\/igreja-adventista-no-oeste-do-parana-elege-presidente\/","title":{"rendered":"Igreja Adventista no oeste do Paran\u00e1 elege Presidente"},"content":{"rendered":"<p class=\"mb-3 pb-3\" style=\"text-align: center;\"><strong><em>Pastor Ronaldo Bertazzo ser\u00e1 o presidente da Igreja no oeste do PR<\/em><\/strong><\/p>\n<figure id=\"attachment_43207\" aria-describedby=\"caption-attachment-43207\" style=\"width: 960px\" class=\"wp-caption alignnone\"><img loading=\"lazy\" decoding=\"async\" class=\"wp-image-43207 size-full\" src=\"https:\/\/jornalboasnoticias.com.br\/home\/wp-content\/uploads\/2024\/07\/RONALDO-1-960x540-1.jpg\" alt=\"\" width=\"960\" height=\"540\" srcset=\"https:\/\/jornalboasnoticias.com.br\/home\/wp-content\/uploads\/2024\/07\/RONALDO-1-960x540-1.jpg 960w, https:\/\/jornalboasnoticias.com.br\/home\/wp-content\/uploads\/2024\/07\/RONALDO-1-960x540-1-300x169.jpg 300w, https:\/\/jornalboasnoticias.com.br\/home\/wp-content\/uploads\/2024\/07\/RONALDO-1-960x540-1-768x432.jpg 768w\" sizes=\"auto, (max-width: 960px) 100vw, 960px\" \/><figcaption id=\"caption-attachment-43207\" class=\"wp-caption-text\">Pastor Ronaldo Bertazzo estar\u00e1 \u00e0 frente das atividades da Igreja no oeste do PR (Imagem: Judson Pereira)<\/figcaption><\/figure>\n<p>O pastor Ronaldo Bertazzo foi eleito como presidente da Igreja Adventista na regi\u00e3o oeste do Paran\u00e1 . A escolha aconteceu durante a comiss\u00e3o diretiva, na manh\u00e3 desta ter\u00e7a-feira, 23, presidida pelo pastor Marlinton Lopes, presidente da igreja adventista para regi\u00e3o sul do Brasil (USB) no escrit\u00f3rio da Associa\u00e7\u00e3o Oeste Paranaense (AOP) que \u00e9 a sede administrativa local da Igreja em Cascavel.<\/p>\n<p><strong>Hist\u00f3rico do presidente<\/strong><\/p>\n<p>Ronaldo Bertazzo come\u00e7ou suas atividades em 1988 como pastor distrital na Federa\u00e7\u00e3o Miss\u00e3o Matogrossense. Entre 1990 e 1992, foi preceptor no Instituto Adventista Brasil Central (IABC). Em 1993, assumiu a responsabilidade por um dos distritos na mesma federa\u00e7\u00e3o. De 1994 a 2000, trabalhou como preceptor no Instituto Adventista de Ensino de S\u00e3o Paulo (antigo IAE, agora Unasp). Em 2001, passou a atuar na Associa\u00e7\u00e3o Norte Paranaense (ANP), onde trabalhou como pastor distrital nas cidades de Umuarama e Maring\u00e1. Em 2007, foi l\u00edder do Minist\u00e9rio Jovem (ANP) e de 2008 a 2014, presidiu a Associa\u00e7\u00e3o. Desde 2014, era presidente da Associa\u00e7\u00e3o Norte Catarinense (ANC). Ele \u00e9 casado com Mirian Bertazzo e tem dois filhos, Rafael e Ronan Bertazzo.<\/p>\n<p><em>Assessoria<\/em><\/p>\n","protected":false},"excerpt":{"rendered":"<p>Pastor Ronaldo Bertazzo ser\u00e1 o presidente da Igreja no oeste do PR O pastor Ronaldo<\/p>\n","protected":false},"author":3,"featured_media":43207,"comment_status":"open","ping_status":"open","sticky":false,"template":"","format":"standard","meta":{"footnotes":""},"categories":[2],"tags":[],"class_list":["post-43206","post","type-post","status-publish","format-standard","has-post-thumbnail","hentry","category-cascavel"],"yoast_head":"<!-- This site is optimized with the Yoast SEO plugin v27.5 - https:\/\/yoast.com\/product\/yoast-seo-wordpress\/ -->\n<title>Igreja Adventista no oeste do Paran\u00e1 elege Presidente - Jornal<\/title>\n<meta name=\"description\" content=\"Igreja Adventista no oeste do Paran\u00e1 elege Presidente\" \/>\n<meta name=\"robots\" content=\"index, follow, max-snippet:-1, max-image-preview:large, max-video-preview:-1\" \/>\n<link rel=\"canonical\" href=\"https:\/\/jornalboasnoticias.com.br\/home\/igreja-adventista-no-oeste-do-parana-elege-presidente\/\" \/>\n<meta property=\"og:locale\" content=\"pt_BR\" \/>\n<meta property=\"og:type\" content=\"article\" \/>\n<meta property=\"og:title\" content=\"Igreja Adventista no oeste do Paran\u00e1 elege Presidente - Jornal\" \/>\n<meta property=\"og:description\" content=\"Igreja Adventista no oeste do Paran\u00e1 elege Presidente\" \/>\n<meta property=\"og:url\" content=\"https:\/\/jornalboasnoticias.com.br\/home\/igreja-adventista-no-oeste-do-parana-elege-presidente\/\" \/>\n<meta property=\"og:site_name\" content=\"Jornal\" \/>\n<meta property=\"article:publisher\" content=\"https:\/\/www.facebook.com\/boasnoticiasjornal\" \/>\n<meta property=\"article:published_time\" content=\"2024-07-24T01:16:37+00:00\" \/>\n<meta property=\"og:image\" content=\"https:\/\/jornalboasnoticias.com.br\/home\/wp-content\/uploads\/2024\/07\/RONALDO-1-960x540-1.jpg\" \/>\n\t<meta property=\"og:image:width\" content=\"960\" \/>\n\t<meta property=\"og:image:height\" content=\"540\" \/>\n\t<meta property=\"og:image:type\" content=\"image\/jpeg\" \/>\n<meta name=\"author\" content=\"Luiz Carlos da Cruz\" \/>\n<meta name=\"twitter:card\" content=\"summary_large_image\" \/>\n<meta name=\"twitter:label1\" content=\"Escrito por\" \/>\n\t<meta name=\"twitter:data1\" content=\"Luiz Carlos da Cruz\" \/>\n\t<meta name=\"twitter:label2\" content=\"Est. tempo de leitura\" \/>\n\t<meta name=\"twitter:data2\" content=\"1 minuto\" \/>\n<script type=\"application\/ld+json\" class=\"yoast-schema-graph\">{\"@context\":\"https:\\\/\\\/schema.org\",\"@graph\":[{\"@type\":\"Article\",\"@id\":\"https:\\\/\\\/jornalboasnoticias.com.br\\\/home\\\/igreja-adventista-no-oeste-do-parana-elege-presidente\\\/#article\",\"isPartOf\":{\"@id\":\"https:\\\/\\\/jornalboasnoticias.com.br\\\/home\\\/igreja-adventista-no-oeste-do-parana-elege-presidente\\\/\"},\"author\":{\"name\":\"Luiz Carlos da Cruz\",\"@id\":\"https:\\\/\\\/jornalboasnoticias.com.br\\\/home\\\/#\\\/schema\\\/person\\\/75f9ebde398c998c166475fb446bda62\"},\"headline\":\"Igreja Adventista no oeste do Paran\u00e1 elege Presidente\",\"datePublished\":\"2024-07-24T01:16:37+00:00\",\"mainEntityOfPage\":{\"@id\":\"https:\\\/\\\/jornalboasnoticias.com.br\\\/home\\\/igreja-adventista-no-oeste-do-parana-elege-presidente\\\/\"},\"wordCount\":227,\"commentCount\":0,\"publisher\":{\"@id\":\"https:\\\/\\\/jornalboasnoticias.com.br\\\/home\\\/#organization\"},\"image\":{\"@id\":\"https:\\\/\\\/jornalboasnoticias.com.br\\\/home\\\/igreja-adventista-no-oeste-do-parana-elege-presidente\\\/#primaryimage\"},\"thumbnailUrl\":\"https:\\\/\\\/jornalboasnoticias.com.br\\\/home\\\/wp-content\\\/uploads\\\/2024\\\/07\\\/RONALDO-1-960x540-1.jpg\",\"articleSection\":[\"CASCAVEL\"],\"inLanguage\":\"pt-BR\",\"potentialAction\":[{\"@type\":\"CommentAction\",\"name\":\"Comment\",\"target\":[\"https:\\\/\\\/jornalboasnoticias.com.br\\\/home\\\/igreja-adventista-no-oeste-do-parana-elege-presidente\\\/#respond\"]}]},{\"@type\":\"WebPage\",\"@id\":\"https:\\\/\\\/jornalboasnoticias.com.br\\\/home\\\/igreja-adventista-no-oeste-do-parana-elege-presidente\\\/\",\"url\":\"https:\\\/\\\/jornalboasnoticias.com.br\\\/home\\\/igreja-adventista-no-oeste-do-parana-elege-presidente\\\/\",\"name\":\"Igreja Adventista no oeste do Paran\u00e1 elege Presidente - Jornal\",\"isPartOf\":{\"@id\":\"https:\\\/\\\/jornalboasnoticias.com.br\\\/home\\\/#website\"},\"primaryImageOfPage\":{\"@id\":\"https:\\\/\\\/jornalboasnoticias.com.br\\\/home\\\/igreja-adventista-no-oeste-do-parana-elege-presidente\\\/#primaryimage\"},\"image\":{\"@id\":\"https:\\\/\\\/jornalboasnoticias.com.br\\\/home\\\/igreja-adventista-no-oeste-do-parana-elege-presidente\\\/#primaryimage\"},\"thumbnailUrl\":\"https:\\\/\\\/jornalboasnoticias.com.br\\\/home\\\/wp-content\\\/uploads\\\/2024\\\/07\\\/RONALDO-1-960x540-1.jpg\",\"datePublished\":\"2024-07-24T01:16:37+00:00\",\"description\":\"Igreja Adventista no oeste do Paran\u00e1 elege Presidente\",\"breadcrumb\":{\"@id\":\"https:\\\/\\\/jornalboasnoticias.com.br\\\/home\\\/igreja-adventista-no-oeste-do-parana-elege-presidente\\\/#breadcrumb\"},\"inLanguage\":\"pt-BR\",\"potentialAction\":[{\"@type\":\"ReadAction\",\"target\":[\"https:\\\/\\\/jornalboasnoticias.com.br\\\/home\\\/igreja-adventista-no-oeste-do-parana-elege-presidente\\\/\"]}]},{\"@type\":\"ImageObject\",\"inLanguage\":\"pt-BR\",\"@id\":\"https:\\\/\\\/jornalboasnoticias.com.br\\\/home\\\/igreja-adventista-no-oeste-do-parana-elege-presidente\\\/#primaryimage\",\"url\":\"https:\\\/\\\/jornalboasnoticias.com.br\\\/home\\\/wp-content\\\/uploads\\\/2024\\\/07\\\/RONALDO-1-960x540-1.jpg\",\"contentUrl\":\"https:\\\/\\\/jornalboasnoticias.com.br\\\/home\\\/wp-content\\\/uploads\\\/2024\\\/07\\\/RONALDO-1-960x540-1.jpg\",\"width\":960,\"height\":540,\"caption\":\"Pastor Ronaldo Bertazzo estar\u00e1 \u00e0 frente das atividades da Igreja no oeste do PR (Imagem: Judson Pereira)\"},{\"@type\":\"BreadcrumbList\",\"@id\":\"https:\\\/\\\/jornalboasnoticias.com.br\\\/home\\\/igreja-adventista-no-oeste-do-parana-elege-presidente\\\/#breadcrumb\",\"itemListElement\":[{\"@type\":\"ListItem\",\"position\":1,\"name\":\"In\u00edcio\",\"item\":\"https:\\\/\\\/jornalboasnoticias.com.br\\\/home\\\/\"},{\"@type\":\"ListItem\",\"position\":2,\"name\":\"Igreja Adventista no oeste do Paran\u00e1 elege Presidente\"}]},{\"@type\":\"WebSite\",\"@id\":\"https:\\\/\\\/jornalboasnoticias.com.br\\\/home\\\/#website\",\"url\":\"https:\\\/\\\/jornalboasnoticias.com.br\\\/home\\\/\",\"name\":\"Jornal Boas Not\u00edcias\",\"description\":\"Boas not\u00edcias\",\"publisher\":{\"@id\":\"https:\\\/\\\/jornalboasnoticias.com.br\\\/home\\\/#organization\"},\"potentialAction\":[{\"@type\":\"SearchAction\",\"target\":{\"@type\":\"EntryPoint\",\"urlTemplate\":\"https:\\\/\\\/jornalboasnoticias.com.br\\\/home\\\/?s={search_term_string}\"},\"query-input\":{\"@type\":\"PropertyValueSpecification\",\"valueRequired\":true,\"valueName\":\"search_term_string\"}}],\"inLanguage\":\"pt-BR\"},{\"@type\":\"Organization\",\"@id\":\"https:\\\/\\\/jornalboasnoticias.com.br\\\/home\\\/#organization\",\"name\":\"Coq Editora Ltda\",\"alternateName\":\"Jornal Boas Noticias\",\"url\":\"https:\\\/\\\/jornalboasnoticias.com.br\\\/home\\\/\",\"logo\":{\"@type\":\"ImageObject\",\"inLanguage\":\"pt-BR\",\"@id\":\"https:\\\/\\\/jornalboasnoticias.com.br\\\/home\\\/#\\\/schema\\\/logo\\\/image\\\/\",\"url\":\"https:\\\/\\\/jornalboasnoticias.com.br\\\/home\\\/wp-content\\\/uploads\\\/2024\\\/07\\\/cropped-logo.jpg\",\"contentUrl\":\"https:\\\/\\\/jornalboasnoticias.com.br\\\/home\\\/wp-content\\\/uploads\\\/2024\\\/07\\\/cropped-logo.jpg\",\"width\":290,\"height\":142,\"caption\":\"Coq Editora Ltda\"},\"image\":{\"@id\":\"https:\\\/\\\/jornalboasnoticias.com.br\\\/home\\\/#\\\/schema\\\/logo\\\/image\\\/\"},\"sameAs\":[\"https:\\\/\\\/www.facebook.com\\\/boasnoticiasjornal\"]},{\"@type\":\"Person\",\"@id\":\"https:\\\/\\\/jornalboasnoticias.com.br\\\/home\\\/#\\\/schema\\\/person\\\/75f9ebde398c998c166475fb446bda62\",\"name\":\"Luiz Carlos da Cruz\",\"image\":{\"@type\":\"ImageObject\",\"inLanguage\":\"pt-BR\",\"@id\":\"https:\\\/\\\/secure.gravatar.com\\\/avatar\\\/e6f4f45301b6cb8572f7b076572e8ac11c1db80e805d8c8d0858cf286ce3ac3b?s=96&d=mm&r=g\",\"url\":\"https:\\\/\\\/secure.gravatar.com\\\/avatar\\\/e6f4f45301b6cb8572f7b076572e8ac11c1db80e805d8c8d0858cf286ce3ac3b?s=96&d=mm&r=g\",\"contentUrl\":\"https:\\\/\\\/secure.gravatar.com\\\/avatar\\\/e6f4f45301b6cb8572f7b076572e8ac11c1db80e805d8c8d0858cf286ce3ac3b?s=96&d=mm&r=g\",\"caption\":\"Luiz Carlos da Cruz\"},\"url\":\"https:\\\/\\\/jornalboasnoticias.com.br\\\/home\\\/author\\\/luiz-carlos-da-cruz\\\/\"}]}<\/script>\n<!-- \/ Yoast SEO plugin. -->","yoast_head_json":{"title":"Igreja Adventista no oeste do Paran\u00e1 elege Presidente - Jornal","description":"Igreja Adventista no oeste do Paran\u00e1 elege Presidente","robots":{"index":"index","follow":"follow","max-snippet":"max-snippet:-1","max-image-preview":"max-image-preview:large","max-video-preview":"max-video-preview:-1"},"canonical":"https:\/\/jornalboasnoticias.com.br\/home\/igreja-adventista-no-oeste-do-parana-elege-presidente\/","og_locale":"pt_BR","og_type":"article","og_title":"Igreja Adventista no oeste do Paran\u00e1 elege Presidente - Jornal","og_description":"Igreja Adventista no oeste do Paran\u00e1 elege Presidente","og_url":"https:\/\/jornalboasnoticias.com.br\/home\/igreja-adventista-no-oeste-do-parana-elege-presidente\/","og_site_name":"Jornal","article_publisher":"https:\/\/www.facebook.com\/boasnoticiasjornal","article_published_time":"2024-07-24T01:16:37+00:00","og_image":[{"width":960,"height":540,"url":"https:\/\/jornalboasnoticias.com.br\/home\/wp-content\/uploads\/2024\/07\/RONALDO-1-960x540-1.jpg","type":"image\/jpeg"}],"author":"Luiz Carlos da Cruz","twitter_card":"summary_large_image","twitter_misc":{"Escrito por":"Luiz Carlos da Cruz","Est. tempo de leitura":"1 minuto"},"schema":{"@context":"https:\/\/schema.org","@graph":[{"@type":"Article","@id":"https:\/\/jornalboasnoticias.com.br\/home\/igreja-adventista-no-oeste-do-parana-elege-presidente\/#article","isPartOf":{"@id":"https:\/\/jornalboasnoticias.com.br\/home\/igreja-adventista-no-oeste-do-parana-elege-presidente\/"},"author":{"name":"Luiz Carlos da Cruz","@id":"https:\/\/jornalboasnoticias.com.br\/home\/#\/schema\/person\/75f9ebde398c998c166475fb446bda62"},"headline":"Igreja Adventista no oeste do Paran\u00e1 elege Presidente","datePublished":"2024-07-24T01:16:37+00:00","mainEntityOfPage":{"@id":"https:\/\/jornalboasnoticias.com.br\/home\/igreja-adventista-no-oeste-do-parana-elege-presidente\/"},"wordCount":227,"commentCount":0,"publisher":{"@id":"https:\/\/jornalboasnoticias.com.br\/home\/#organization"},"image":{"@id":"https:\/\/jornalboasnoticias.com.br\/home\/igreja-adventista-no-oeste-do-parana-elege-presidente\/#primaryimage"},"thumbnailUrl":"https:\/\/jornalboasnoticias.com.br\/home\/wp-content\/uploads\/2024\/07\/RONALDO-1-960x540-1.jpg","articleSection":["CASCAVEL"],"inLanguage":"pt-BR","potentialAction":[{"@type":"CommentAction","name":"Comment","target":["https:\/\/jornalboasnoticias.com.br\/home\/igreja-adventista-no-oeste-do-parana-elege-presidente\/#respond"]}]},{"@type":"WebPage","@id":"https:\/\/jornalboasnoticias.com.br\/home\/igreja-adventista-no-oeste-do-parana-elege-presidente\/","url":"https:\/\/jornalboasnoticias.com.br\/home\/igreja-adventista-no-oeste-do-parana-elege-presidente\/","name":"Igreja Adventista no oeste do Paran\u00e1 elege Presidente - Jornal","isPartOf":{"@id":"https:\/\/jornalboasnoticias.com.br\/home\/#website"},"primaryImageOfPage":{"@id":"https:\/\/jornalboasnoticias.com.br\/home\/igreja-adventista-no-oeste-do-parana-elege-presidente\/#primaryimage"},"image":{"@id":"https:\/\/jornalboasnoticias.com.br\/home\/igreja-adventista-no-oeste-do-parana-elege-presidente\/#primaryimage"},"thumbnailUrl":"https:\/\/jornalboasnoticias.com.br\/home\/wp-content\/uploads\/2024\/07\/RONALDO-1-960x540-1.jpg","datePublished":"2024-07-24T01:16:37+00:00","description":"Igreja Adventista no oeste do Paran\u00e1 elege Presidente","breadcrumb":{"@id":"https:\/\/jornalboasnoticias.com.br\/home\/igreja-adventista-no-oeste-do-parana-elege-presidente\/#breadcrumb"},"inLanguage":"pt-BR","potentialAction":[{"@type":"ReadAction","target":["https:\/\/jornalboasnoticias.com.br\/home\/igreja-adventista-no-oeste-do-parana-elege-presidente\/"]}]},{"@type":"ImageObject","inLanguage":"pt-BR","@id":"https:\/\/jornalboasnoticias.com.br\/home\/igreja-adventista-no-oeste-do-parana-elege-presidente\/#primaryimage","url":"https:\/\/jornalboasnoticias.com.br\/home\/wp-content\/uploads\/2024\/07\/RONALDO-1-960x540-1.jpg","contentUrl":"https:\/\/jornalboasnoticias.com.br\/home\/wp-content\/uploads\/2024\/07\/RONALDO-1-960x540-1.jpg","width":960,"height":540,"caption":"Pastor Ronaldo Bertazzo estar\u00e1 \u00e0 frente das atividades da Igreja no oeste do PR (Imagem: Judson Pereira)"},{"@type":"BreadcrumbList","@id":"https:\/\/jornalboasnoticias.com.br\/home\/igreja-adventista-no-oeste-do-parana-elege-presidente\/#breadcrumb","itemListElement":[{"@type":"ListItem","position":1,"name":"In\u00edcio","item":"https:\/\/jornalboasnoticias.com.br\/home\/"},{"@type":"ListItem","position":2,"name":"Igreja Adventista no oeste do Paran\u00e1 elege Presidente"}]},{"@type":"WebSite","@id":"https:\/\/jornalboasnoticias.com.br\/home\/#website","url":"https:\/\/jornalboasnoticias.com.br\/home\/","name":"Jornal Boas Not\u00edcias","description":"Boas not\u00edcias","publisher":{"@id":"https:\/\/jornalboasnoticias.com.br\/home\/#organization"},"potentialAction":[{"@type":"SearchAction","target":{"@type":"EntryPoint","urlTemplate":"https:\/\/jornalboasnoticias.com.br\/home\/?s={search_term_string}"},"query-input":{"@type":"PropertyValueSpecification","valueRequired":true,"valueName":"search_term_string"}}],"inLanguage":"pt-BR"},{"@type":"Organization","@id":"https:\/\/jornalboasnoticias.com.br\/home\/#organization","name":"Coq Editora Ltda","alternateName":"Jornal Boas Noticias","url":"https:\/\/jornalboasnoticias.com.br\/home\/","logo":{"@type":"ImageObject","inLanguage":"pt-BR","@id":"https:\/\/jornalboasnoticias.com.br\/home\/#\/schema\/logo\/image\/","url":"https:\/\/jornalboasnoticias.com.br\/home\/wp-content\/uploads\/2024\/07\/cropped-logo.jpg","contentUrl":"https:\/\/jornalboasnoticias.com.br\/home\/wp-content\/uploads\/2024\/07\/cropped-logo.jpg","width":290,"height":142,"caption":"Coq Editora Ltda"},"image":{"@id":"https:\/\/jornalboasnoticias.com.br\/home\/#\/schema\/logo\/image\/"},"sameAs":["https:\/\/www.facebook.com\/boasnoticiasjornal"]},{"@type":"Person","@id":"https:\/\/jornalboasnoticias.com.br\/home\/#\/schema\/person\/75f9ebde398c998c166475fb446bda62","name":"Luiz Carlos da Cruz","image":{"@type":"ImageObject","inLanguage":"pt-BR","@id":"https:\/\/secure.gravatar.com\/avatar\/e6f4f45301b6cb8572f7b076572e8ac11c1db80e805d8c8d0858cf286ce3ac3b?s=96&d=mm&r=g","url":"https:\/\/secure.gravatar.com\/avatar\/e6f4f45301b6cb8572f7b076572e8ac11c1db80e805d8c8d0858cf286ce3ac3b?s=96&d=mm&r=g","contentUrl":"https:\/\/secure.gravatar.com\/avatar\/e6f4f45301b6cb8572f7b076572e8ac11c1db80e805d8c8d0858cf286ce3ac3b?s=96&d=mm&r=g","caption":"Luiz Carlos da Cruz"},"url":"https:\/\/jornalboasnoticias.com.br\/home\/author\/luiz-carlos-da-cruz\/"}]}},"_links":{"self":[{"href":"https:\/\/jornalboasnoticias.com.br\/home\/wp-json\/wp\/v2\/posts\/43206","targetHints":{"allow":["GET"]}}],"collection":[{"href":"https:\/\/jornalboasnoticias.com.br\/home\/wp-json\/wp\/v2\/posts"}],"about":[{"href":"https:\/\/jornalboasnoticias.com.br\/home\/wp-json\/wp\/v2\/types\/post"}],"author":[{"embeddable":true,"href":"https:\/\/jornalboasnoticias.com.br\/home\/wp-json\/wp\/v2\/users\/3"}],"replies":[{"embeddable":true,"href":"https:\/\/jornalboasnoticias.com.br\/home\/wp-json\/wp\/v2\/comments?post=43206"}],"version-history":[{"count":1,"href":"https:\/\/jornalboasnoticias.com.br\/home\/wp-json\/wp\/v2\/posts\/43206\/revisions"}],"predecessor-version":[{"id":43208,"href":"https:\/\/jornalboasnoticias.com.br\/home\/wp-json\/wp\/v2\/posts\/43206\/revisions\/43208"}],"wp:featuredmedia":[{"embeddable":true,"href":"https:\/\/jornalboasnoticias.com.br\/home\/wp-json\/wp\/v2\/media\/43207"}],"wp:attachment":[{"href":"https:\/\/jornalboasnoticias.com.br\/home\/wp-json\/wp\/v2\/media?parent=43206"}],"wp:term":[{"taxonomy":"category","embeddable":true,"href":"https:\/\/jornalboasnoticias.com.br\/home\/wp-json\/wp\/v2\/categories?post=43206"},{"taxonomy":"post_tag","embeddable":true,"href":"https:\/\/jornalboasnoticias.com.br\/home\/wp-json\/wp\/v2\/tags?post=43206"}],"curies":[{"name":"wp","href":"https:\/\/api.w.org\/{rel}","templated":true}]}}