{"id":43203,"date":"2024-07-24T01:09:36","date_gmt":"2024-07-24T01:09:36","guid":{"rendered":"https:\/\/jornalboasnoticias.com.br\/home\/?p=43203"},"modified":"2024-07-24T01:09:36","modified_gmt":"2024-07-24T01:09:36","slug":"favorito-ao-podio-darlan-romani-esta-fora-de-paris-por-conta-de-lesao","status":"publish","type":"post","link":"https:\/\/jornalboasnoticias.com.br\/home\/favorito-ao-podio-darlan-romani-esta-fora-de-paris-por-conta-de-lesao\/","title":{"rendered":"Favorito ao p\u00f3dio, Darlan Romani est\u00e1 fora de Paris por conta de les\u00e3o"},"content":{"rendered":"<p class=\"col-10 offset-1 animated fadeInDown dealy-900 display-8 display-md-8 alt-font font-italic my-1 text-center\" style=\"text-align: center;\"><strong><em>Atleta do arremesso de peso passar\u00e1 por cirurgia de h\u00e9rnia de disco<\/em><\/strong><\/p>\n<figure id=\"attachment_43204\" aria-describedby=\"caption-attachment-43204\" style=\"width: 1170px\" class=\"wp-caption alignnone\"><img loading=\"lazy\" decoding=\"async\" class=\"wp-image-43204 size-full\" src=\"https:\/\/jornalboasnoticias.com.br\/home\/wp-content\/uploads\/2024\/07\/darlan_romani_arremesso_de_peso.webp\" alt=\"\" width=\"1170\" height=\"700\" srcset=\"https:\/\/jornalboasnoticias.com.br\/home\/wp-content\/uploads\/2024\/07\/darlan_romani_arremesso_de_peso.webp 1170w, https:\/\/jornalboasnoticias.com.br\/home\/wp-content\/uploads\/2024\/07\/darlan_romani_arremesso_de_peso-300x179.webp 300w, https:\/\/jornalboasnoticias.com.br\/home\/wp-content\/uploads\/2024\/07\/darlan_romani_arremesso_de_peso-1024x613.webp 1024w, https:\/\/jornalboasnoticias.com.br\/home\/wp-content\/uploads\/2024\/07\/darlan_romani_arremesso_de_peso-768x459.webp 768w\" sizes=\"auto, (max-width: 1170px) 100vw, 1170px\" \/><figcaption id=\"caption-attachment-43204\" class=\"wp-caption-text\">\u00a9 Wagner Carmo\/CBAt\/<\/figcaption><\/figure>\n<p><strong>S\u00e3o Paulo (SP) &#8211; <\/strong>O brasileiro Darlan Romani,\u00a0<strong>campe\u00e3o mundial indoor do arremesso de peso em 2022<\/strong>, est\u00e1 fora da Olimp\u00edada de Paris em raz\u00e3o de uma h\u00e9rnia de disco na regi\u00e3o lombar. Segundo\u00a0<a href=\"https:\/\/agenciabrasil.ebc.com.br\/en\/node\/1564462\"><strong>nota oficial<\/strong><\/a> da Confedera\u00e7\u00e3o Brasileira de Atletismo (CBAt), o catarinense de 33 anos pediu dispensa pois precisar\u00e1 passar por uma cirurgia.<\/p>\n<p>\u201cDe acordo com Andr\u00e9 Guerreiro, m\u00e9dico da delega\u00e7\u00e3o brasileira, trata-se de uma h\u00e9rnia nas v\u00e9rtebras L4 e L5, na regi\u00e3o lombar, que j\u00e1 havia sido tratada com corre\u00e7\u00e3o cir\u00fargica h\u00e1 tr\u00eas anos e meio, antes da disputa de T\u00f3quio 2020&#8243;, esclareceu a CBAt em comunicado.<\/p>\n<p>Considerado um dos favoritos ao p\u00f3dio em Paris, Darlan viajou no fim de junho para treinar em Le\u00f3n (Espanha), mas voltou ao Brasil na \u00faltima sexta (19) por causa das dores lombares. Ele j\u00e1 passara na Espanha por tratamento fisioter\u00e1pico e medicamentoso, mas n\u00e3o obteve sucesso.<\/p>\n<p>Em comunicado de Darlan \u00e0 CBAt, o atleta informou que n\u00e3o consegue caminhar por causa de dores, e agradeceu o apoio dos f\u00e3s, parceiros e patrocinadores no momento dif\u00edcil.<\/p>\n<p>Al\u00e9m do t\u00edtulo mundial indoor conquistado h\u00e1 dois anos em Belgrado (S\u00e9rvia), Darlan \u00e9<strong>\u00a0bicampe\u00e3o pan-americano no arremesso de peso<\/strong>\u00a0(edi\u00e7\u00f5es de Lima 2019 e Santiago 2023). Nos Jogos de T\u00f3quio, o atleta ficou em quarto lugar, mesma posi\u00e7\u00e3o obtida no Mundial de Doha (Catar) em 2019.<\/p>\n<p>Com a aus\u00eancia de Darlan, a\u00a0<strong>delega\u00e7\u00e3o brasileira de atletismo\u00a0<\/strong>contar\u00e1 com 42 atletas em Paris (19 mulheres e 22\u00a0homens). Nesta ter\u00e7a (23),\u00a0<strong>18 convocados embarcam para Portugal<\/strong><b>\u00a0<\/b>onde<b>\u00a0<\/b>far\u00e3o\u00a0aclimata\u00e7\u00e3o no Complexo Esportivo de Desmor, na cidade de Santar\u00e9m. A equipe entrar\u00e1 na Vila Ol\u00edmpica em Paris cinco dias antes do in\u00edcio das provas de atletismo, programadas para ocorrer no\u00a0per\u00edodo de 1\u00ba a 11 de agosto.<\/p>\n<p><em>Ag\u00eancia Brasil<\/em><\/p>\n","protected":false},"excerpt":{"rendered":"<p>Atleta do arremesso de peso passar\u00e1 por cirurgia de h\u00e9rnia de disco S\u00e3o Paulo (SP)<\/p>\n","protected":false},"author":3,"featured_media":43204,"comment_status":"open","ping_status":"open","sticky":false,"template":"","format":"standard","meta":{"footnotes":""},"categories":[31],"tags":[],"class_list":["post-43203","post","type-post","status-publish","format-standard","has-post-thumbnail","hentry","category-esporte"],"yoast_head":"<!-- This site is optimized with the Yoast SEO plugin v27.5 - https:\/\/yoast.com\/product\/yoast-seo-wordpress\/ -->\n<title>Favorito ao p\u00f3dio, Darlan Romani est\u00e1 fora de Paris por conta de les\u00e3o - Jornal<\/title>\n<meta name=\"description\" content=\"Favorito ao p\u00f3dio, Darlan Romani est\u00e1 fora de Paris por conta de les\u00e3o\" \/>\n<meta name=\"robots\" content=\"index, follow, max-snippet:-1, max-image-preview:large, max-video-preview:-1\" \/>\n<link rel=\"canonical\" href=\"https:\/\/jornalboasnoticias.com.br\/home\/favorito-ao-podio-darlan-romani-esta-fora-de-paris-por-conta-de-lesao\/\" \/>\n<meta property=\"og:locale\" content=\"pt_BR\" \/>\n<meta property=\"og:type\" content=\"article\" \/>\n<meta property=\"og:title\" content=\"Favorito ao p\u00f3dio, Darlan Romani est\u00e1 fora de Paris por conta de les\u00e3o - Jornal\" \/>\n<meta property=\"og:description\" content=\"Favorito ao p\u00f3dio, Darlan Romani est\u00e1 fora de Paris por conta de les\u00e3o\" \/>\n<meta property=\"og:url\" content=\"https:\/\/jornalboasnoticias.com.br\/home\/favorito-ao-podio-darlan-romani-esta-fora-de-paris-por-conta-de-lesao\/\" \/>\n<meta property=\"og:site_name\" content=\"Jornal\" \/>\n<meta property=\"article:publisher\" content=\"https:\/\/www.facebook.com\/boasnoticiasjornal\" \/>\n<meta property=\"article:published_time\" content=\"2024-07-24T01:09:36+00:00\" \/>\n<meta property=\"og:image\" content=\"https:\/\/jornalboasnoticias.com.br\/home\/wp-content\/uploads\/2024\/07\/darlan_romani_arremesso_de_peso.webp\" \/>\n\t<meta property=\"og:image:width\" content=\"1170\" \/>\n\t<meta property=\"og:image:height\" content=\"700\" \/>\n\t<meta property=\"og:image:type\" content=\"image\/webp\" \/>\n<meta name=\"author\" content=\"Luiz Carlos da Cruz\" \/>\n<meta name=\"twitter:card\" content=\"summary_large_image\" \/>\n<meta name=\"twitter:label1\" content=\"Escrito por\" \/>\n\t<meta name=\"twitter:data1\" content=\"Luiz Carlos da Cruz\" \/>\n\t<meta name=\"twitter:label2\" content=\"Est. tempo de leitura\" \/>\n\t<meta name=\"twitter:data2\" content=\"2 minutos\" \/>\n<script type=\"application\/ld+json\" class=\"yoast-schema-graph\">{\"@context\":\"https:\\\/\\\/schema.org\",\"@graph\":[{\"@type\":\"Article\",\"@id\":\"https:\\\/\\\/jornalboasnoticias.com.br\\\/home\\\/favorito-ao-podio-darlan-romani-esta-fora-de-paris-por-conta-de-lesao\\\/#article\",\"isPartOf\":{\"@id\":\"https:\\\/\\\/jornalboasnoticias.com.br\\\/home\\\/favorito-ao-podio-darlan-romani-esta-fora-de-paris-por-conta-de-lesao\\\/\"},\"author\":{\"name\":\"Luiz Carlos da Cruz\",\"@id\":\"https:\\\/\\\/jornalboasnoticias.com.br\\\/home\\\/#\\\/schema\\\/person\\\/75f9ebde398c998c166475fb446bda62\"},\"headline\":\"Favorito ao p\u00f3dio, Darlan Romani est\u00e1 fora de Paris por conta de les\u00e3o\",\"datePublished\":\"2024-07-24T01:09:36+00:00\",\"mainEntityOfPage\":{\"@id\":\"https:\\\/\\\/jornalboasnoticias.com.br\\\/home\\\/favorito-ao-podio-darlan-romani-esta-fora-de-paris-por-conta-de-lesao\\\/\"},\"wordCount\":355,\"commentCount\":0,\"publisher\":{\"@id\":\"https:\\\/\\\/jornalboasnoticias.com.br\\\/home\\\/#organization\"},\"image\":{\"@id\":\"https:\\\/\\\/jornalboasnoticias.com.br\\\/home\\\/favorito-ao-podio-darlan-romani-esta-fora-de-paris-por-conta-de-lesao\\\/#primaryimage\"},\"thumbnailUrl\":\"https:\\\/\\\/jornalboasnoticias.com.br\\\/home\\\/wp-content\\\/uploads\\\/2024\\\/07\\\/darlan_romani_arremesso_de_peso.webp\",\"articleSection\":[\"ESPORTE\"],\"inLanguage\":\"pt-BR\",\"potentialAction\":[{\"@type\":\"CommentAction\",\"name\":\"Comment\",\"target\":[\"https:\\\/\\\/jornalboasnoticias.com.br\\\/home\\\/favorito-ao-podio-darlan-romani-esta-fora-de-paris-por-conta-de-lesao\\\/#respond\"]}]},{\"@type\":\"WebPage\",\"@id\":\"https:\\\/\\\/jornalboasnoticias.com.br\\\/home\\\/favorito-ao-podio-darlan-romani-esta-fora-de-paris-por-conta-de-lesao\\\/\",\"url\":\"https:\\\/\\\/jornalboasnoticias.com.br\\\/home\\\/favorito-ao-podio-darlan-romani-esta-fora-de-paris-por-conta-de-lesao\\\/\",\"name\":\"Favorito ao p\u00f3dio, Darlan Romani est\u00e1 fora de Paris por conta de les\u00e3o - Jornal\",\"isPartOf\":{\"@id\":\"https:\\\/\\\/jornalboasnoticias.com.br\\\/home\\\/#website\"},\"primaryImageOfPage\":{\"@id\":\"https:\\\/\\\/jornalboasnoticias.com.br\\\/home\\\/favorito-ao-podio-darlan-romani-esta-fora-de-paris-por-conta-de-lesao\\\/#primaryimage\"},\"image\":{\"@id\":\"https:\\\/\\\/jornalboasnoticias.com.br\\\/home\\\/favorito-ao-podio-darlan-romani-esta-fora-de-paris-por-conta-de-lesao\\\/#primaryimage\"},\"thumbnailUrl\":\"https:\\\/\\\/jornalboasnoticias.com.br\\\/home\\\/wp-content\\\/uploads\\\/2024\\\/07\\\/darlan_romani_arremesso_de_peso.webp\",\"datePublished\":\"2024-07-24T01:09:36+00:00\",\"description\":\"Favorito ao p\u00f3dio, Darlan Romani est\u00e1 fora de Paris por conta de les\u00e3o\",\"breadcrumb\":{\"@id\":\"https:\\\/\\\/jornalboasnoticias.com.br\\\/home\\\/favorito-ao-podio-darlan-romani-esta-fora-de-paris-por-conta-de-lesao\\\/#breadcrumb\"},\"inLanguage\":\"pt-BR\",\"potentialAction\":[{\"@type\":\"ReadAction\",\"target\":[\"https:\\\/\\\/jornalboasnoticias.com.br\\\/home\\\/favorito-ao-podio-darlan-romani-esta-fora-de-paris-por-conta-de-lesao\\\/\"]}]},{\"@type\":\"ImageObject\",\"inLanguage\":\"pt-BR\",\"@id\":\"https:\\\/\\\/jornalboasnoticias.com.br\\\/home\\\/favorito-ao-podio-darlan-romani-esta-fora-de-paris-por-conta-de-lesao\\\/#primaryimage\",\"url\":\"https:\\\/\\\/jornalboasnoticias.com.br\\\/home\\\/wp-content\\\/uploads\\\/2024\\\/07\\\/darlan_romani_arremesso_de_peso.webp\",\"contentUrl\":\"https:\\\/\\\/jornalboasnoticias.com.br\\\/home\\\/wp-content\\\/uploads\\\/2024\\\/07\\\/darlan_romani_arremesso_de_peso.webp\",\"width\":1170,\"height\":700,\"caption\":\"\u00a9 Wagner Carmo\\\/CBAt\\\/\"},{\"@type\":\"BreadcrumbList\",\"@id\":\"https:\\\/\\\/jornalboasnoticias.com.br\\\/home\\\/favorito-ao-podio-darlan-romani-esta-fora-de-paris-por-conta-de-lesao\\\/#breadcrumb\",\"itemListElement\":[{\"@type\":\"ListItem\",\"position\":1,\"name\":\"In\u00edcio\",\"item\":\"https:\\\/\\\/jornalboasnoticias.com.br\\\/home\\\/\"},{\"@type\":\"ListItem\",\"position\":2,\"name\":\"Favorito ao p\u00f3dio, Darlan Romani est\u00e1 fora de Paris por conta de les\u00e3o\"}]},{\"@type\":\"WebSite\",\"@id\":\"https:\\\/\\\/jornalboasnoticias.com.br\\\/home\\\/#website\",\"url\":\"https:\\\/\\\/jornalboasnoticias.com.br\\\/home\\\/\",\"name\":\"Jornal Boas Not\u00edcias\",\"description\":\"Boas not\u00edcias\",\"publisher\":{\"@id\":\"https:\\\/\\\/jornalboasnoticias.com.br\\\/home\\\/#organization\"},\"potentialAction\":[{\"@type\":\"SearchAction\",\"target\":{\"@type\":\"EntryPoint\",\"urlTemplate\":\"https:\\\/\\\/jornalboasnoticias.com.br\\\/home\\\/?s={search_term_string}\"},\"query-input\":{\"@type\":\"PropertyValueSpecification\",\"valueRequired\":true,\"valueName\":\"search_term_string\"}}],\"inLanguage\":\"pt-BR\"},{\"@type\":\"Organization\",\"@id\":\"https:\\\/\\\/jornalboasnoticias.com.br\\\/home\\\/#organization\",\"name\":\"Coq Editora Ltda\",\"alternateName\":\"Jornal Boas Noticias\",\"url\":\"https:\\\/\\\/jornalboasnoticias.com.br\\\/home\\\/\",\"logo\":{\"@type\":\"ImageObject\",\"inLanguage\":\"pt-BR\",\"@id\":\"https:\\\/\\\/jornalboasnoticias.com.br\\\/home\\\/#\\\/schema\\\/logo\\\/image\\\/\",\"url\":\"https:\\\/\\\/jornalboasnoticias.com.br\\\/home\\\/wp-content\\\/uploads\\\/2024\\\/07\\\/cropped-logo.jpg\",\"contentUrl\":\"https:\\\/\\\/jornalboasnoticias.com.br\\\/home\\\/wp-content\\\/uploads\\\/2024\\\/07\\\/cropped-logo.jpg\",\"width\":290,\"height\":142,\"caption\":\"Coq Editora Ltda\"},\"image\":{\"@id\":\"https:\\\/\\\/jornalboasnoticias.com.br\\\/home\\\/#\\\/schema\\\/logo\\\/image\\\/\"},\"sameAs\":[\"https:\\\/\\\/www.facebook.com\\\/boasnoticiasjornal\"]},{\"@type\":\"Person\",\"@id\":\"https:\\\/\\\/jornalboasnoticias.com.br\\\/home\\\/#\\\/schema\\\/person\\\/75f9ebde398c998c166475fb446bda62\",\"name\":\"Luiz Carlos da Cruz\",\"image\":{\"@type\":\"ImageObject\",\"inLanguage\":\"pt-BR\",\"@id\":\"https:\\\/\\\/secure.gravatar.com\\\/avatar\\\/e6f4f45301b6cb8572f7b076572e8ac11c1db80e805d8c8d0858cf286ce3ac3b?s=96&d=mm&r=g\",\"url\":\"https:\\\/\\\/secure.gravatar.com\\\/avatar\\\/e6f4f45301b6cb8572f7b076572e8ac11c1db80e805d8c8d0858cf286ce3ac3b?s=96&d=mm&r=g\",\"contentUrl\":\"https:\\\/\\\/secure.gravatar.com\\\/avatar\\\/e6f4f45301b6cb8572f7b076572e8ac11c1db80e805d8c8d0858cf286ce3ac3b?s=96&d=mm&r=g\",\"caption\":\"Luiz Carlos da Cruz\"},\"url\":\"https:\\\/\\\/jornalboasnoticias.com.br\\\/home\\\/author\\\/luiz-carlos-da-cruz\\\/\"}]}<\/script>\n<!-- \/ Yoast SEO plugin. -->","yoast_head_json":{"title":"Favorito ao p\u00f3dio, Darlan Romani est\u00e1 fora de Paris por conta de les\u00e3o - Jornal","description":"Favorito ao p\u00f3dio, Darlan Romani est\u00e1 fora de Paris por conta de les\u00e3o","robots":{"index":"index","follow":"follow","max-snippet":"max-snippet:-1","max-image-preview":"max-image-preview:large","max-video-preview":"max-video-preview:-1"},"canonical":"https:\/\/jornalboasnoticias.com.br\/home\/favorito-ao-podio-darlan-romani-esta-fora-de-paris-por-conta-de-lesao\/","og_locale":"pt_BR","og_type":"article","og_title":"Favorito ao p\u00f3dio, Darlan Romani est\u00e1 fora de Paris por conta de les\u00e3o - Jornal","og_description":"Favorito ao p\u00f3dio, Darlan Romani est\u00e1 fora de Paris por conta de les\u00e3o","og_url":"https:\/\/jornalboasnoticias.com.br\/home\/favorito-ao-podio-darlan-romani-esta-fora-de-paris-por-conta-de-lesao\/","og_site_name":"Jornal","article_publisher":"https:\/\/www.facebook.com\/boasnoticiasjornal","article_published_time":"2024-07-24T01:09:36+00:00","og_image":[{"width":1170,"height":700,"url":"https:\/\/jornalboasnoticias.com.br\/home\/wp-content\/uploads\/2024\/07\/darlan_romani_arremesso_de_peso.webp","type":"image\/webp"}],"author":"Luiz Carlos da Cruz","twitter_card":"summary_large_image","twitter_misc":{"Escrito por":"Luiz Carlos da Cruz","Est. tempo de leitura":"2 minutos"},"schema":{"@context":"https:\/\/schema.org","@graph":[{"@type":"Article","@id":"https:\/\/jornalboasnoticias.com.br\/home\/favorito-ao-podio-darlan-romani-esta-fora-de-paris-por-conta-de-lesao\/#article","isPartOf":{"@id":"https:\/\/jornalboasnoticias.com.br\/home\/favorito-ao-podio-darlan-romani-esta-fora-de-paris-por-conta-de-lesao\/"},"author":{"name":"Luiz Carlos da Cruz","@id":"https:\/\/jornalboasnoticias.com.br\/home\/#\/schema\/person\/75f9ebde398c998c166475fb446bda62"},"headline":"Favorito ao p\u00f3dio, Darlan Romani est\u00e1 fora de Paris por conta de les\u00e3o","datePublished":"2024-07-24T01:09:36+00:00","mainEntityOfPage":{"@id":"https:\/\/jornalboasnoticias.com.br\/home\/favorito-ao-podio-darlan-romani-esta-fora-de-paris-por-conta-de-lesao\/"},"wordCount":355,"commentCount":0,"publisher":{"@id":"https:\/\/jornalboasnoticias.com.br\/home\/#organization"},"image":{"@id":"https:\/\/jornalboasnoticias.com.br\/home\/favorito-ao-podio-darlan-romani-esta-fora-de-paris-por-conta-de-lesao\/#primaryimage"},"thumbnailUrl":"https:\/\/jornalboasnoticias.com.br\/home\/wp-content\/uploads\/2024\/07\/darlan_romani_arremesso_de_peso.webp","articleSection":["ESPORTE"],"inLanguage":"pt-BR","potentialAction":[{"@type":"CommentAction","name":"Comment","target":["https:\/\/jornalboasnoticias.com.br\/home\/favorito-ao-podio-darlan-romani-esta-fora-de-paris-por-conta-de-lesao\/#respond"]}]},{"@type":"WebPage","@id":"https:\/\/jornalboasnoticias.com.br\/home\/favorito-ao-podio-darlan-romani-esta-fora-de-paris-por-conta-de-lesao\/","url":"https:\/\/jornalboasnoticias.com.br\/home\/favorito-ao-podio-darlan-romani-esta-fora-de-paris-por-conta-de-lesao\/","name":"Favorito ao p\u00f3dio, Darlan Romani est\u00e1 fora de Paris por conta de les\u00e3o - Jornal","isPartOf":{"@id":"https:\/\/jornalboasnoticias.com.br\/home\/#website"},"primaryImageOfPage":{"@id":"https:\/\/jornalboasnoticias.com.br\/home\/favorito-ao-podio-darlan-romani-esta-fora-de-paris-por-conta-de-lesao\/#primaryimage"},"image":{"@id":"https:\/\/jornalboasnoticias.com.br\/home\/favorito-ao-podio-darlan-romani-esta-fora-de-paris-por-conta-de-lesao\/#primaryimage"},"thumbnailUrl":"https:\/\/jornalboasnoticias.com.br\/home\/wp-content\/uploads\/2024\/07\/darlan_romani_arremesso_de_peso.webp","datePublished":"2024-07-24T01:09:36+00:00","description":"Favorito ao p\u00f3dio, Darlan Romani est\u00e1 fora de Paris por conta de les\u00e3o","breadcrumb":{"@id":"https:\/\/jornalboasnoticias.com.br\/home\/favorito-ao-podio-darlan-romani-esta-fora-de-paris-por-conta-de-lesao\/#breadcrumb"},"inLanguage":"pt-BR","potentialAction":[{"@type":"ReadAction","target":["https:\/\/jornalboasnoticias.com.br\/home\/favorito-ao-podio-darlan-romani-esta-fora-de-paris-por-conta-de-lesao\/"]}]},{"@type":"ImageObject","inLanguage":"pt-BR","@id":"https:\/\/jornalboasnoticias.com.br\/home\/favorito-ao-podio-darlan-romani-esta-fora-de-paris-por-conta-de-lesao\/#primaryimage","url":"https:\/\/jornalboasnoticias.com.br\/home\/wp-content\/uploads\/2024\/07\/darlan_romani_arremesso_de_peso.webp","contentUrl":"https:\/\/jornalboasnoticias.com.br\/home\/wp-content\/uploads\/2024\/07\/darlan_romani_arremesso_de_peso.webp","width":1170,"height":700,"caption":"\u00a9 Wagner Carmo\/CBAt\/"},{"@type":"BreadcrumbList","@id":"https:\/\/jornalboasnoticias.com.br\/home\/favorito-ao-podio-darlan-romani-esta-fora-de-paris-por-conta-de-lesao\/#breadcrumb","itemListElement":[{"@type":"ListItem","position":1,"name":"In\u00edcio","item":"https:\/\/jornalboasnoticias.com.br\/home\/"},{"@type":"ListItem","position":2,"name":"Favorito ao p\u00f3dio, Darlan Romani est\u00e1 fora de Paris por conta de les\u00e3o"}]},{"@type":"WebSite","@id":"https:\/\/jornalboasnoticias.com.br\/home\/#website","url":"https:\/\/jornalboasnoticias.com.br\/home\/","name":"Jornal Boas Not\u00edcias","description":"Boas not\u00edcias","publisher":{"@id":"https:\/\/jornalboasnoticias.com.br\/home\/#organization"},"potentialAction":[{"@type":"SearchAction","target":{"@type":"EntryPoint","urlTemplate":"https:\/\/jornalboasnoticias.com.br\/home\/?s={search_term_string}"},"query-input":{"@type":"PropertyValueSpecification","valueRequired":true,"valueName":"search_term_string"}}],"inLanguage":"pt-BR"},{"@type":"Organization","@id":"https:\/\/jornalboasnoticias.com.br\/home\/#organization","name":"Coq Editora Ltda","alternateName":"Jornal Boas Noticias","url":"https:\/\/jornalboasnoticias.com.br\/home\/","logo":{"@type":"ImageObject","inLanguage":"pt-BR","@id":"https:\/\/jornalboasnoticias.com.br\/home\/#\/schema\/logo\/image\/","url":"https:\/\/jornalboasnoticias.com.br\/home\/wp-content\/uploads\/2024\/07\/cropped-logo.jpg","contentUrl":"https:\/\/jornalboasnoticias.com.br\/home\/wp-content\/uploads\/2024\/07\/cropped-logo.jpg","width":290,"height":142,"caption":"Coq Editora Ltda"},"image":{"@id":"https:\/\/jornalboasnoticias.com.br\/home\/#\/schema\/logo\/image\/"},"sameAs":["https:\/\/www.facebook.com\/boasnoticiasjornal"]},{"@type":"Person","@id":"https:\/\/jornalboasnoticias.com.br\/home\/#\/schema\/person\/75f9ebde398c998c166475fb446bda62","name":"Luiz Carlos da Cruz","image":{"@type":"ImageObject","inLanguage":"pt-BR","@id":"https:\/\/secure.gravatar.com\/avatar\/e6f4f45301b6cb8572f7b076572e8ac11c1db80e805d8c8d0858cf286ce3ac3b?s=96&d=mm&r=g","url":"https:\/\/secure.gravatar.com\/avatar\/e6f4f45301b6cb8572f7b076572e8ac11c1db80e805d8c8d0858cf286ce3ac3b?s=96&d=mm&r=g","contentUrl":"https:\/\/secure.gravatar.com\/avatar\/e6f4f45301b6cb8572f7b076572e8ac11c1db80e805d8c8d0858cf286ce3ac3b?s=96&d=mm&r=g","caption":"Luiz Carlos da Cruz"},"url":"https:\/\/jornalboasnoticias.com.br\/home\/author\/luiz-carlos-da-cruz\/"}]}},"_links":{"self":[{"href":"https:\/\/jornalboasnoticias.com.br\/home\/wp-json\/wp\/v2\/posts\/43203","targetHints":{"allow":["GET"]}}],"collection":[{"href":"https:\/\/jornalboasnoticias.com.br\/home\/wp-json\/wp\/v2\/posts"}],"about":[{"href":"https:\/\/jornalboasnoticias.com.br\/home\/wp-json\/wp\/v2\/types\/post"}],"author":[{"embeddable":true,"href":"https:\/\/jornalboasnoticias.com.br\/home\/wp-json\/wp\/v2\/users\/3"}],"replies":[{"embeddable":true,"href":"https:\/\/jornalboasnoticias.com.br\/home\/wp-json\/wp\/v2\/comments?post=43203"}],"version-history":[{"count":1,"href":"https:\/\/jornalboasnoticias.com.br\/home\/wp-json\/wp\/v2\/posts\/43203\/revisions"}],"predecessor-version":[{"id":43205,"href":"https:\/\/jornalboasnoticias.com.br\/home\/wp-json\/wp\/v2\/posts\/43203\/revisions\/43205"}],"wp:featuredmedia":[{"embeddable":true,"href":"https:\/\/jornalboasnoticias.com.br\/home\/wp-json\/wp\/v2\/media\/43204"}],"wp:attachment":[{"href":"https:\/\/jornalboasnoticias.com.br\/home\/wp-json\/wp\/v2\/media?parent=43203"}],"wp:term":[{"taxonomy":"category","embeddable":true,"href":"https:\/\/jornalboasnoticias.com.br\/home\/wp-json\/wp\/v2\/categories?post=43203"},{"taxonomy":"post_tag","embeddable":true,"href":"https:\/\/jornalboasnoticias.com.br\/home\/wp-json\/wp\/v2\/tags?post=43203"}],"curies":[{"name":"wp","href":"https:\/\/api.w.org\/{rel}","templated":true}]}}