{"id":43200,"date":"2024-07-24T01:03:51","date_gmt":"2024-07-24T01:03:51","guid":{"rendered":"https:\/\/jornalboasnoticias.com.br\/home\/?p=43200"},"modified":"2024-07-24T01:05:32","modified_gmt":"2024-07-24T01:05:32","slug":"ferias-em-sp-veja-dicas-de-passeios-proximos-a-estacoes-e-terminais","status":"publish","type":"post","link":"https:\/\/jornalboasnoticias.com.br\/home\/ferias-em-sp-veja-dicas-de-passeios-proximos-a-estacoes-e-terminais\/","title":{"rendered":"F\u00e9rias em SP: veja dicas de passeios pr\u00f3ximos a esta\u00e7\u00f5es e terminais"},"content":{"rendered":"<p style=\"text-align: center;\"><strong><em>Os locais t\u00eam f\u00e1cil acesso com linhas da CPTM, do Metr\u00f4, \u00f4nibus gerenciados pela EMTU e esta\u00e7\u00e3o da EFCJ<\/em><\/strong><\/p>\n<figure id=\"attachment_43201\" aria-describedby=\"caption-attachment-43201\" style=\"width: 1023px\" class=\"wp-caption alignnone\"><img loading=\"lazy\" decoding=\"async\" class=\"wp-image-43201 size-full\" src=\"https:\/\/jornalboasnoticias.com.br\/home\/wp-content\/uploads\/2024\/07\/49229643106_1ae2943513_b.jpg\" alt=\"\" width=\"1023\" height=\"682\" srcset=\"https:\/\/jornalboasnoticias.com.br\/home\/wp-content\/uploads\/2024\/07\/49229643106_1ae2943513_b.jpg 1023w, https:\/\/jornalboasnoticias.com.br\/home\/wp-content\/uploads\/2024\/07\/49229643106_1ae2943513_b-300x200.jpg 300w, https:\/\/jornalboasnoticias.com.br\/home\/wp-content\/uploads\/2024\/07\/49229643106_1ae2943513_b-768x512.jpg 768w, https:\/\/jornalboasnoticias.com.br\/home\/wp-content\/uploads\/2024\/07\/49229643106_1ae2943513_b-900x600.jpg 900w\" sizes=\"auto, (max-width: 1023px) 100vw, 1023px\" \/><figcaption id=\"caption-attachment-43201\" class=\"wp-caption-text\">Museu da L\u00edngua Portuguesa, Pinacoteca e Centro Cultural de S\u00e3o Paulo s\u00e3o algumas das dicas culturais que s\u00e3o acessiveis pelo transportes metropolitanos<\/figcaption><\/figure>\n<p>Muitas fam\u00edlias optam por tirar f\u00e9rias em julho para aproveitar o per\u00edodo do recesso escolar. Pensando nisso, colaboradores das empresas vinculadas \u00e0 Secretaria dos Transportes Metropolitanos (STM) selecionaram algumas dicas culturais pr\u00f3ximas a esta\u00e7\u00f5es da CPTM, Estrada de Ferro Campos do Jord\u00e3o, Metr\u00f4 e terminais de \u00f4nibus da EMTU.<\/p>\n<h2><strong>Centro Cultural de S\u00e3o Paulo (CCSP)<\/strong><\/h2>\n<p>Jeniffer Cavalheiro, supervisora de esta\u00e7\u00e3o do Metr\u00f4, destacou o Centro Cultural de S\u00e3o Paulo, que fica localizado a apenas 100 metros da Esta\u00e7\u00e3o Vergueiro da Linha 1-Azul. \u201cO CCSP \u00e9 um dos primeiros centros culturais multidisciplinares do pa\u00eds e oferece bibliotecas, acervos, cole\u00e7\u00f5es, dan\u00e7a, teatro e espa\u00e7os de estudo\u201d, conta a profissional.<\/p>\n<h2><strong>Centro de Culturas Negras do Jabaquara M\u00e3e Sylvia de Oxal\u00e1 (CCN Jabaquara)\u00a0<\/strong><\/h2>\n<p>Wanderson Caetano,\u00a0 fiscal da EMTU no Corredor ABD, trabalha h\u00e1 16 anos na empresa e indicou o CCN Jabaquara para os passageiros interessados em conhecer mais sobre a cultura afro-brasileira. \u201cO espa\u00e7o \u00e9 ligado \u00e0 tradi\u00e7\u00e3o dos homens e mulheres negras do estado de S\u00e3o Paulo\u201d, destaca o fiscal. O CCN fica localizado pr\u00f3ximo ao Terminal Metropolitano Jabaquara da EMTU e \u00e0 esta\u00e7\u00e3o Jabaquara da Linha 1-Azul.<\/p>\n<h2><strong>Centro de Mem\u00f3ria Ferrovi\u00e1ria Campos do Jord\u00e3o\u00a0<\/strong><\/h2>\n<p>Camilo Junior, colaborador da EFCJ desde 2014, recomenda que os visitantes da cidade deem uma passada no Centro de Mem\u00f3ria Ferrovi\u00e1ria de Campos do Jord\u00e3o para conhecer a hist\u00f3ria da ferrovia na regi\u00e3o. \u201cO espa\u00e7o fica localizado ao lado da esta\u00e7\u00e3o Em\u00edlio Ribas e conta a centen\u00e1ria hist\u00f3ria da Estrada de Ferro e de seus trabalhadores por meio de diversos itens hist\u00f3ricos como maquin\u00e1rios, miniaturas, paineis de informa\u00e7\u00f5es e fotografias\u201d, finaliza o operador ferrovi\u00e1rio.<\/p>\n<h2><strong>Pinacoteca de S\u00e3o Paulo<\/strong><\/h2>\n<p>Lucia Sadoyama, analista administrativa da CPTM, escolheu a Pinacoteca de S\u00e3o Paulo como indica\u00e7\u00e3o de cultura e lazer. O museu est\u00e1 localizado ao lado da esta\u00e7\u00e3o Luz de trem e metr\u00f4. \u201cA Pinacoteca de S\u00e3o Paulo \u00e9 um dos principais laborat\u00f3rios de conserva\u00e7\u00e3o e restauro do pa\u00eds, \u00e9 o museu de arte mais antigo de S\u00e3o Paulo. Fica a cerca de 130 metros da Esta\u00e7\u00e3o Luz e abriga um acervo com variedade de obras e exposi\u00e7\u00f5es tempor\u00e1rias\u201d, conta a colaboradora, que est\u00e1 h\u00e1 26 anos na companhia.<\/p>\n<h2><strong>Cultura e lazer no transporte<\/strong><\/h2>\n<p>Focada em promover o bem-estar dos passageiros, a CPTM abre espa\u00e7os em suas esta\u00e7\u00f5es para a realiza\u00e7\u00e3o de atividades variadas ligadas ao lazer, como o programa Domingo no Museu, que \u00e9 realizado pelo Museu da L\u00edngua Portuguesa e acontece em todo \u00faltimo domingo do m\u00eas na esta\u00e7\u00e3o Luz e o Projeto Grafite, que surgiu para promover a inclus\u00e3o social de jovens por meio de atividades culturais a fim de recuperar patrim\u00f4nios deteriorados por atos de vandalismo. Al\u00e9m disso, a companhia promove diversas exposi\u00e7\u00f5es voltadas \u00e0 cultura.<\/p>\n<p>Tamb\u00e9m empenhada em levar cultura para os terminais metropolitanos, a EMTU realiza diversas a\u00e7\u00f5es de arte para os passageiros. Em 2021, a empresa lan\u00e7ou o \u201cConcurso de Fotografia EMTU \u2013 Olhar Metropolitano\u201d, realizado com passageiros da companhia, que busca evidenciar o olhar deles sobre a rede de transportes intermunicipal nas cinco regi\u00f5es metropolitanas onde a empresa atua (regi\u00f5es metropolitanas de S\u00e3o Paulo, Sorocaba, Campinas, Baixada Santista, Vale do Para\u00edba \/ litoral norte). As 18 melhores imagens comp\u00f5em uma exposi\u00e7\u00e3o itinerante que passa pelos terminais da EMTU, destacando seus autores.<\/p>\n<p>Focado no objetivo de incentivar e levar cultura para os passageiros, o Metr\u00f4 investe em diversas a\u00e7\u00f5es em suas esta\u00e7\u00f5es. Como por exemplo, o projeto Arte no Metr\u00f4, que tem um acervo de 92 obras de arte contempor\u00e2nea, distribu\u00eddas em 36 esta\u00e7\u00f5es das Linhas 1-Azul, 2-Verde, 3-Vermelha e 5-Lil\u00e1s, com esculturas, murais, pain\u00e9is e instala\u00e7\u00f5es.<\/p>\n<h2><strong>Bilhetes\u00a0<\/strong><\/h2>\n<p>Para viajar, os passageiros podem comprar seu bilhete digital QR Code para uso nos trilhos via Whatsapp no 11 3888-2200, aplicativo TOP \u2013 dispon\u00edvel para download nas plataformas Google Play ou Apple Store, ATMs distribu\u00eddas por todas as esta\u00e7\u00f5es do Metr\u00f4 e da CPTM e em mais de 8 mil pontos de venda na capital e regi\u00e3o metropolitana. Nestes pontos a compra pode ser realizada com c\u00e9dulas. Todos os processos s\u00e3o simples e r\u00e1pidos, mesmo para quem n\u00e3o tem familiaridade com as novas tecnologias. A lista completa dos pontos de venda est\u00e1 dispon\u00edvel para consulta no\u00a0<a role=\"link\" href=\"http:\/\/www.boradetop.com.br\/\" target=\"_blank\" rel=\"noopener\">www.boradetop.com.br<\/a>.<\/p>\n<h2><strong>Secretaria dos Transportes Metropolitanos<\/strong><\/h2>\n<p>A STM tem como miss\u00e3o a formula\u00e7\u00e3o de pol\u00edticas p\u00fablicas que assegure a mobilidade urbana integrada, segura, acess\u00edvel e sustent\u00e1vel para concretiza\u00e7\u00e3o do direito social do acesso ao transporte. A Pasta \u00e9 refer\u00eancia no planejamento e na gest\u00e3o do transporte metropolitano de passageiros que, diariamente, transporta cerca de 8,5 milh\u00f5es de pessoas, na m\u00e9dia dos dias \u00fateis. Vinculadas \u00e0 STM, est\u00e3o a CPTM, a EMTU, o Metr\u00f4, al\u00e9m da Estrada de Ferro Campos do Jord\u00e3o, no interior do Estado.<\/p>\n<p><em>Ascom\/Governo de S\u00e3o Paulo<\/em><\/p>\n","protected":false},"excerpt":{"rendered":"<p>Os locais t\u00eam f\u00e1cil acesso com linhas da CPTM, do Metr\u00f4, \u00f4nibus gerenciados pela EMTU<\/p>\n","protected":false},"author":3,"featured_media":43201,"comment_status":"open","ping_status":"open","sticky":false,"template":"","format":"standard","meta":{"footnotes":""},"categories":[3,12],"tags":[70],"class_list":["post-43200","post","type-post","status-publish","format-standard","has-post-thumbnail","hentry","category-destaques","category-variedades","tag-sao-paulo"],"yoast_head":"<!-- This site is optimized with the Yoast SEO plugin v27.5 - https:\/\/yoast.com\/product\/yoast-seo-wordpress\/ -->\n<title>F\u00e9rias em SP: veja dicas de passeios pr\u00f3ximos a esta\u00e7\u00f5es e terminais - Jornal<\/title>\n<meta name=\"description\" content=\"F\u00e9rias em SP: veja dicas de passeios pr\u00f3ximos a esta\u00e7\u00f5es e terminais\" \/>\n<meta name=\"robots\" content=\"index, follow, max-snippet:-1, max-image-preview:large, max-video-preview:-1\" \/>\n<link rel=\"canonical\" href=\"https:\/\/jornalboasnoticias.com.br\/home\/ferias-em-sp-veja-dicas-de-passeios-proximos-a-estacoes-e-terminais\/\" \/>\n<meta property=\"og:locale\" content=\"pt_BR\" \/>\n<meta property=\"og:type\" content=\"article\" \/>\n<meta property=\"og:title\" content=\"F\u00e9rias em SP: veja dicas de passeios pr\u00f3ximos a esta\u00e7\u00f5es e terminais - Jornal\" \/>\n<meta property=\"og:description\" content=\"F\u00e9rias em SP: veja dicas de passeios pr\u00f3ximos a esta\u00e7\u00f5es e terminais\" \/>\n<meta property=\"og:url\" content=\"https:\/\/jornalboasnoticias.com.br\/home\/ferias-em-sp-veja-dicas-de-passeios-proximos-a-estacoes-e-terminais\/\" \/>\n<meta property=\"og:site_name\" content=\"Jornal\" \/>\n<meta property=\"article:publisher\" content=\"https:\/\/www.facebook.com\/boasnoticiasjornal\" \/>\n<meta property=\"article:published_time\" content=\"2024-07-24T01:03:51+00:00\" \/>\n<meta property=\"article:modified_time\" content=\"2024-07-24T01:05:32+00:00\" \/>\n<meta property=\"og:image\" content=\"https:\/\/jornalboasnoticias.com.br\/home\/wp-content\/uploads\/2024\/07\/49229643106_1ae2943513_b.jpg\" \/>\n\t<meta property=\"og:image:width\" content=\"1023\" \/>\n\t<meta property=\"og:image:height\" content=\"682\" \/>\n\t<meta property=\"og:image:type\" content=\"image\/jpeg\" \/>\n<meta name=\"author\" content=\"Luiz Carlos da Cruz\" \/>\n<meta name=\"twitter:card\" content=\"summary_large_image\" \/>\n<meta name=\"twitter:label1\" content=\"Escrito por\" \/>\n\t<meta name=\"twitter:data1\" content=\"Luiz Carlos da Cruz\" \/>\n\t<meta name=\"twitter:label2\" content=\"Est. tempo de leitura\" \/>\n\t<meta name=\"twitter:data2\" content=\"5 minutos\" \/>\n<script type=\"application\/ld+json\" class=\"yoast-schema-graph\">{\"@context\":\"https:\\\/\\\/schema.org\",\"@graph\":[{\"@type\":\"Article\",\"@id\":\"https:\\\/\\\/jornalboasnoticias.com.br\\\/home\\\/ferias-em-sp-veja-dicas-de-passeios-proximos-a-estacoes-e-terminais\\\/#article\",\"isPartOf\":{\"@id\":\"https:\\\/\\\/jornalboasnoticias.com.br\\\/home\\\/ferias-em-sp-veja-dicas-de-passeios-proximos-a-estacoes-e-terminais\\\/\"},\"author\":{\"name\":\"Luiz Carlos da Cruz\",\"@id\":\"https:\\\/\\\/jornalboasnoticias.com.br\\\/home\\\/#\\\/schema\\\/person\\\/75f9ebde398c998c166475fb446bda62\"},\"headline\":\"F\u00e9rias em SP: veja dicas de passeios pr\u00f3ximos a esta\u00e7\u00f5es e terminais\",\"datePublished\":\"2024-07-24T01:03:51+00:00\",\"dateModified\":\"2024-07-24T01:05:32+00:00\",\"mainEntityOfPage\":{\"@id\":\"https:\\\/\\\/jornalboasnoticias.com.br\\\/home\\\/ferias-em-sp-veja-dicas-de-passeios-proximos-a-estacoes-e-terminais\\\/\"},\"wordCount\":926,\"commentCount\":0,\"publisher\":{\"@id\":\"https:\\\/\\\/jornalboasnoticias.com.br\\\/home\\\/#organization\"},\"image\":{\"@id\":\"https:\\\/\\\/jornalboasnoticias.com.br\\\/home\\\/ferias-em-sp-veja-dicas-de-passeios-proximos-a-estacoes-e-terminais\\\/#primaryimage\"},\"thumbnailUrl\":\"https:\\\/\\\/jornalboasnoticias.com.br\\\/home\\\/wp-content\\\/uploads\\\/2024\\\/07\\\/49229643106_1ae2943513_b.jpg\",\"keywords\":[\"S\u00e3o Paulo\"],\"articleSection\":[\"DESTAQUE\",\"VARIEDADES\"],\"inLanguage\":\"pt-BR\",\"potentialAction\":[{\"@type\":\"CommentAction\",\"name\":\"Comment\",\"target\":[\"https:\\\/\\\/jornalboasnoticias.com.br\\\/home\\\/ferias-em-sp-veja-dicas-de-passeios-proximos-a-estacoes-e-terminais\\\/#respond\"]}]},{\"@type\":\"WebPage\",\"@id\":\"https:\\\/\\\/jornalboasnoticias.com.br\\\/home\\\/ferias-em-sp-veja-dicas-de-passeios-proximos-a-estacoes-e-terminais\\\/\",\"url\":\"https:\\\/\\\/jornalboasnoticias.com.br\\\/home\\\/ferias-em-sp-veja-dicas-de-passeios-proximos-a-estacoes-e-terminais\\\/\",\"name\":\"F\u00e9rias em SP: veja dicas de passeios pr\u00f3ximos a esta\u00e7\u00f5es e terminais - Jornal\",\"isPartOf\":{\"@id\":\"https:\\\/\\\/jornalboasnoticias.com.br\\\/home\\\/#website\"},\"primaryImageOfPage\":{\"@id\":\"https:\\\/\\\/jornalboasnoticias.com.br\\\/home\\\/ferias-em-sp-veja-dicas-de-passeios-proximos-a-estacoes-e-terminais\\\/#primaryimage\"},\"image\":{\"@id\":\"https:\\\/\\\/jornalboasnoticias.com.br\\\/home\\\/ferias-em-sp-veja-dicas-de-passeios-proximos-a-estacoes-e-terminais\\\/#primaryimage\"},\"thumbnailUrl\":\"https:\\\/\\\/jornalboasnoticias.com.br\\\/home\\\/wp-content\\\/uploads\\\/2024\\\/07\\\/49229643106_1ae2943513_b.jpg\",\"datePublished\":\"2024-07-24T01:03:51+00:00\",\"dateModified\":\"2024-07-24T01:05:32+00:00\",\"description\":\"F\u00e9rias em SP: veja dicas de passeios pr\u00f3ximos a esta\u00e7\u00f5es e terminais\",\"breadcrumb\":{\"@id\":\"https:\\\/\\\/jornalboasnoticias.com.br\\\/home\\\/ferias-em-sp-veja-dicas-de-passeios-proximos-a-estacoes-e-terminais\\\/#breadcrumb\"},\"inLanguage\":\"pt-BR\",\"potentialAction\":[{\"@type\":\"ReadAction\",\"target\":[\"https:\\\/\\\/jornalboasnoticias.com.br\\\/home\\\/ferias-em-sp-veja-dicas-de-passeios-proximos-a-estacoes-e-terminais\\\/\"]}]},{\"@type\":\"ImageObject\",\"inLanguage\":\"pt-BR\",\"@id\":\"https:\\\/\\\/jornalboasnoticias.com.br\\\/home\\\/ferias-em-sp-veja-dicas-de-passeios-proximos-a-estacoes-e-terminais\\\/#primaryimage\",\"url\":\"https:\\\/\\\/jornalboasnoticias.com.br\\\/home\\\/wp-content\\\/uploads\\\/2024\\\/07\\\/49229643106_1ae2943513_b.jpg\",\"contentUrl\":\"https:\\\/\\\/jornalboasnoticias.com.br\\\/home\\\/wp-content\\\/uploads\\\/2024\\\/07\\\/49229643106_1ae2943513_b.jpg\",\"width\":1023,\"height\":682},{\"@type\":\"BreadcrumbList\",\"@id\":\"https:\\\/\\\/jornalboasnoticias.com.br\\\/home\\\/ferias-em-sp-veja-dicas-de-passeios-proximos-a-estacoes-e-terminais\\\/#breadcrumb\",\"itemListElement\":[{\"@type\":\"ListItem\",\"position\":1,\"name\":\"In\u00edcio\",\"item\":\"https:\\\/\\\/jornalboasnoticias.com.br\\\/home\\\/\"},{\"@type\":\"ListItem\",\"position\":2,\"name\":\"F\u00e9rias em SP: veja dicas de passeios pr\u00f3ximos a esta\u00e7\u00f5es e terminais\"}]},{\"@type\":\"WebSite\",\"@id\":\"https:\\\/\\\/jornalboasnoticias.com.br\\\/home\\\/#website\",\"url\":\"https:\\\/\\\/jornalboasnoticias.com.br\\\/home\\\/\",\"name\":\"Jornal Boas Not\u00edcias\",\"description\":\"Boas not\u00edcias\",\"publisher\":{\"@id\":\"https:\\\/\\\/jornalboasnoticias.com.br\\\/home\\\/#organization\"},\"potentialAction\":[{\"@type\":\"SearchAction\",\"target\":{\"@type\":\"EntryPoint\",\"urlTemplate\":\"https:\\\/\\\/jornalboasnoticias.com.br\\\/home\\\/?s={search_term_string}\"},\"query-input\":{\"@type\":\"PropertyValueSpecification\",\"valueRequired\":true,\"valueName\":\"search_term_string\"}}],\"inLanguage\":\"pt-BR\"},{\"@type\":\"Organization\",\"@id\":\"https:\\\/\\\/jornalboasnoticias.com.br\\\/home\\\/#organization\",\"name\":\"Coq Editora Ltda\",\"alternateName\":\"Jornal Boas Noticias\",\"url\":\"https:\\\/\\\/jornalboasnoticias.com.br\\\/home\\\/\",\"logo\":{\"@type\":\"ImageObject\",\"inLanguage\":\"pt-BR\",\"@id\":\"https:\\\/\\\/jornalboasnoticias.com.br\\\/home\\\/#\\\/schema\\\/logo\\\/image\\\/\",\"url\":\"https:\\\/\\\/jornalboasnoticias.com.br\\\/home\\\/wp-content\\\/uploads\\\/2024\\\/07\\\/cropped-logo.jpg\",\"contentUrl\":\"https:\\\/\\\/jornalboasnoticias.com.br\\\/home\\\/wp-content\\\/uploads\\\/2024\\\/07\\\/cropped-logo.jpg\",\"width\":290,\"height\":142,\"caption\":\"Coq Editora Ltda\"},\"image\":{\"@id\":\"https:\\\/\\\/jornalboasnoticias.com.br\\\/home\\\/#\\\/schema\\\/logo\\\/image\\\/\"},\"sameAs\":[\"https:\\\/\\\/www.facebook.com\\\/boasnoticiasjornal\"]},{\"@type\":\"Person\",\"@id\":\"https:\\\/\\\/jornalboasnoticias.com.br\\\/home\\\/#\\\/schema\\\/person\\\/75f9ebde398c998c166475fb446bda62\",\"name\":\"Luiz Carlos da Cruz\",\"image\":{\"@type\":\"ImageObject\",\"inLanguage\":\"pt-BR\",\"@id\":\"https:\\\/\\\/secure.gravatar.com\\\/avatar\\\/e6f4f45301b6cb8572f7b076572e8ac11c1db80e805d8c8d0858cf286ce3ac3b?s=96&d=mm&r=g\",\"url\":\"https:\\\/\\\/secure.gravatar.com\\\/avatar\\\/e6f4f45301b6cb8572f7b076572e8ac11c1db80e805d8c8d0858cf286ce3ac3b?s=96&d=mm&r=g\",\"contentUrl\":\"https:\\\/\\\/secure.gravatar.com\\\/avatar\\\/e6f4f45301b6cb8572f7b076572e8ac11c1db80e805d8c8d0858cf286ce3ac3b?s=96&d=mm&r=g\",\"caption\":\"Luiz Carlos da Cruz\"},\"url\":\"https:\\\/\\\/jornalboasnoticias.com.br\\\/home\\\/author\\\/luiz-carlos-da-cruz\\\/\"}]}<\/script>\n<!-- \/ Yoast SEO plugin. -->","yoast_head_json":{"title":"F\u00e9rias em SP: veja dicas de passeios pr\u00f3ximos a esta\u00e7\u00f5es e terminais - Jornal","description":"F\u00e9rias em SP: veja dicas de passeios pr\u00f3ximos a esta\u00e7\u00f5es e terminais","robots":{"index":"index","follow":"follow","max-snippet":"max-snippet:-1","max-image-preview":"max-image-preview:large","max-video-preview":"max-video-preview:-1"},"canonical":"https:\/\/jornalboasnoticias.com.br\/home\/ferias-em-sp-veja-dicas-de-passeios-proximos-a-estacoes-e-terminais\/","og_locale":"pt_BR","og_type":"article","og_title":"F\u00e9rias em SP: veja dicas de passeios pr\u00f3ximos a esta\u00e7\u00f5es e terminais - Jornal","og_description":"F\u00e9rias em SP: veja dicas de passeios pr\u00f3ximos a esta\u00e7\u00f5es e terminais","og_url":"https:\/\/jornalboasnoticias.com.br\/home\/ferias-em-sp-veja-dicas-de-passeios-proximos-a-estacoes-e-terminais\/","og_site_name":"Jornal","article_publisher":"https:\/\/www.facebook.com\/boasnoticiasjornal","article_published_time":"2024-07-24T01:03:51+00:00","article_modified_time":"2024-07-24T01:05:32+00:00","og_image":[{"width":1023,"height":682,"url":"https:\/\/jornalboasnoticias.com.br\/home\/wp-content\/uploads\/2024\/07\/49229643106_1ae2943513_b.jpg","type":"image\/jpeg"}],"author":"Luiz Carlos da Cruz","twitter_card":"summary_large_image","twitter_misc":{"Escrito por":"Luiz Carlos da Cruz","Est. tempo de leitura":"5 minutos"},"schema":{"@context":"https:\/\/schema.org","@graph":[{"@type":"Article","@id":"https:\/\/jornalboasnoticias.com.br\/home\/ferias-em-sp-veja-dicas-de-passeios-proximos-a-estacoes-e-terminais\/#article","isPartOf":{"@id":"https:\/\/jornalboasnoticias.com.br\/home\/ferias-em-sp-veja-dicas-de-passeios-proximos-a-estacoes-e-terminais\/"},"author":{"name":"Luiz Carlos da Cruz","@id":"https:\/\/jornalboasnoticias.com.br\/home\/#\/schema\/person\/75f9ebde398c998c166475fb446bda62"},"headline":"F\u00e9rias em SP: veja dicas de passeios pr\u00f3ximos a esta\u00e7\u00f5es e terminais","datePublished":"2024-07-24T01:03:51+00:00","dateModified":"2024-07-24T01:05:32+00:00","mainEntityOfPage":{"@id":"https:\/\/jornalboasnoticias.com.br\/home\/ferias-em-sp-veja-dicas-de-passeios-proximos-a-estacoes-e-terminais\/"},"wordCount":926,"commentCount":0,"publisher":{"@id":"https:\/\/jornalboasnoticias.com.br\/home\/#organization"},"image":{"@id":"https:\/\/jornalboasnoticias.com.br\/home\/ferias-em-sp-veja-dicas-de-passeios-proximos-a-estacoes-e-terminais\/#primaryimage"},"thumbnailUrl":"https:\/\/jornalboasnoticias.com.br\/home\/wp-content\/uploads\/2024\/07\/49229643106_1ae2943513_b.jpg","keywords":["S\u00e3o Paulo"],"articleSection":["DESTAQUE","VARIEDADES"],"inLanguage":"pt-BR","potentialAction":[{"@type":"CommentAction","name":"Comment","target":["https:\/\/jornalboasnoticias.com.br\/home\/ferias-em-sp-veja-dicas-de-passeios-proximos-a-estacoes-e-terminais\/#respond"]}]},{"@type":"WebPage","@id":"https:\/\/jornalboasnoticias.com.br\/home\/ferias-em-sp-veja-dicas-de-passeios-proximos-a-estacoes-e-terminais\/","url":"https:\/\/jornalboasnoticias.com.br\/home\/ferias-em-sp-veja-dicas-de-passeios-proximos-a-estacoes-e-terminais\/","name":"F\u00e9rias em SP: veja dicas de passeios pr\u00f3ximos a esta\u00e7\u00f5es e terminais - Jornal","isPartOf":{"@id":"https:\/\/jornalboasnoticias.com.br\/home\/#website"},"primaryImageOfPage":{"@id":"https:\/\/jornalboasnoticias.com.br\/home\/ferias-em-sp-veja-dicas-de-passeios-proximos-a-estacoes-e-terminais\/#primaryimage"},"image":{"@id":"https:\/\/jornalboasnoticias.com.br\/home\/ferias-em-sp-veja-dicas-de-passeios-proximos-a-estacoes-e-terminais\/#primaryimage"},"thumbnailUrl":"https:\/\/jornalboasnoticias.com.br\/home\/wp-content\/uploads\/2024\/07\/49229643106_1ae2943513_b.jpg","datePublished":"2024-07-24T01:03:51+00:00","dateModified":"2024-07-24T01:05:32+00:00","description":"F\u00e9rias em SP: veja dicas de passeios pr\u00f3ximos a esta\u00e7\u00f5es e terminais","breadcrumb":{"@id":"https:\/\/jornalboasnoticias.com.br\/home\/ferias-em-sp-veja-dicas-de-passeios-proximos-a-estacoes-e-terminais\/#breadcrumb"},"inLanguage":"pt-BR","potentialAction":[{"@type":"ReadAction","target":["https:\/\/jornalboasnoticias.com.br\/home\/ferias-em-sp-veja-dicas-de-passeios-proximos-a-estacoes-e-terminais\/"]}]},{"@type":"ImageObject","inLanguage":"pt-BR","@id":"https:\/\/jornalboasnoticias.com.br\/home\/ferias-em-sp-veja-dicas-de-passeios-proximos-a-estacoes-e-terminais\/#primaryimage","url":"https:\/\/jornalboasnoticias.com.br\/home\/wp-content\/uploads\/2024\/07\/49229643106_1ae2943513_b.jpg","contentUrl":"https:\/\/jornalboasnoticias.com.br\/home\/wp-content\/uploads\/2024\/07\/49229643106_1ae2943513_b.jpg","width":1023,"height":682},{"@type":"BreadcrumbList","@id":"https:\/\/jornalboasnoticias.com.br\/home\/ferias-em-sp-veja-dicas-de-passeios-proximos-a-estacoes-e-terminais\/#breadcrumb","itemListElement":[{"@type":"ListItem","position":1,"name":"In\u00edcio","item":"https:\/\/jornalboasnoticias.com.br\/home\/"},{"@type":"ListItem","position":2,"name":"F\u00e9rias em SP: veja dicas de passeios pr\u00f3ximos a esta\u00e7\u00f5es e terminais"}]},{"@type":"WebSite","@id":"https:\/\/jornalboasnoticias.com.br\/home\/#website","url":"https:\/\/jornalboasnoticias.com.br\/home\/","name":"Jornal Boas Not\u00edcias","description":"Boas not\u00edcias","publisher":{"@id":"https:\/\/jornalboasnoticias.com.br\/home\/#organization"},"potentialAction":[{"@type":"SearchAction","target":{"@type":"EntryPoint","urlTemplate":"https:\/\/jornalboasnoticias.com.br\/home\/?s={search_term_string}"},"query-input":{"@type":"PropertyValueSpecification","valueRequired":true,"valueName":"search_term_string"}}],"inLanguage":"pt-BR"},{"@type":"Organization","@id":"https:\/\/jornalboasnoticias.com.br\/home\/#organization","name":"Coq Editora Ltda","alternateName":"Jornal Boas Noticias","url":"https:\/\/jornalboasnoticias.com.br\/home\/","logo":{"@type":"ImageObject","inLanguage":"pt-BR","@id":"https:\/\/jornalboasnoticias.com.br\/home\/#\/schema\/logo\/image\/","url":"https:\/\/jornalboasnoticias.com.br\/home\/wp-content\/uploads\/2024\/07\/cropped-logo.jpg","contentUrl":"https:\/\/jornalboasnoticias.com.br\/home\/wp-content\/uploads\/2024\/07\/cropped-logo.jpg","width":290,"height":142,"caption":"Coq Editora Ltda"},"image":{"@id":"https:\/\/jornalboasnoticias.com.br\/home\/#\/schema\/logo\/image\/"},"sameAs":["https:\/\/www.facebook.com\/boasnoticiasjornal"]},{"@type":"Person","@id":"https:\/\/jornalboasnoticias.com.br\/home\/#\/schema\/person\/75f9ebde398c998c166475fb446bda62","name":"Luiz Carlos da Cruz","image":{"@type":"ImageObject","inLanguage":"pt-BR","@id":"https:\/\/secure.gravatar.com\/avatar\/e6f4f45301b6cb8572f7b076572e8ac11c1db80e805d8c8d0858cf286ce3ac3b?s=96&d=mm&r=g","url":"https:\/\/secure.gravatar.com\/avatar\/e6f4f45301b6cb8572f7b076572e8ac11c1db80e805d8c8d0858cf286ce3ac3b?s=96&d=mm&r=g","contentUrl":"https:\/\/secure.gravatar.com\/avatar\/e6f4f45301b6cb8572f7b076572e8ac11c1db80e805d8c8d0858cf286ce3ac3b?s=96&d=mm&r=g","caption":"Luiz Carlos da Cruz"},"url":"https:\/\/jornalboasnoticias.com.br\/home\/author\/luiz-carlos-da-cruz\/"}]}},"_links":{"self":[{"href":"https:\/\/jornalboasnoticias.com.br\/home\/wp-json\/wp\/v2\/posts\/43200","targetHints":{"allow":["GET"]}}],"collection":[{"href":"https:\/\/jornalboasnoticias.com.br\/home\/wp-json\/wp\/v2\/posts"}],"about":[{"href":"https:\/\/jornalboasnoticias.com.br\/home\/wp-json\/wp\/v2\/types\/post"}],"author":[{"embeddable":true,"href":"https:\/\/jornalboasnoticias.com.br\/home\/wp-json\/wp\/v2\/users\/3"}],"replies":[{"embeddable":true,"href":"https:\/\/jornalboasnoticias.com.br\/home\/wp-json\/wp\/v2\/comments?post=43200"}],"version-history":[{"count":1,"href":"https:\/\/jornalboasnoticias.com.br\/home\/wp-json\/wp\/v2\/posts\/43200\/revisions"}],"predecessor-version":[{"id":43202,"href":"https:\/\/jornalboasnoticias.com.br\/home\/wp-json\/wp\/v2\/posts\/43200\/revisions\/43202"}],"wp:featuredmedia":[{"embeddable":true,"href":"https:\/\/jornalboasnoticias.com.br\/home\/wp-json\/wp\/v2\/media\/43201"}],"wp:attachment":[{"href":"https:\/\/jornalboasnoticias.com.br\/home\/wp-json\/wp\/v2\/media?parent=43200"}],"wp:term":[{"taxonomy":"category","embeddable":true,"href":"https:\/\/jornalboasnoticias.com.br\/home\/wp-json\/wp\/v2\/categories?post=43200"},{"taxonomy":"post_tag","embeddable":true,"href":"https:\/\/jornalboasnoticias.com.br\/home\/wp-json\/wp\/v2\/tags?post=43200"}],"curies":[{"name":"wp","href":"https:\/\/api.w.org\/{rel}","templated":true}]}}