{"id":43131,"date":"2024-07-23T16:00:58","date_gmt":"2024-07-23T16:00:58","guid":{"rendered":"https:\/\/jornalboasnoticias.com.br\/home\/?p=43131"},"modified":"2024-07-23T16:02:54","modified_gmt":"2024-07-23T16:02:54","slug":"de-soja-a-seda-em-5-anos-parana-exporta-us-13-bilhao-para-franca-sede-da-olimpiada","status":"publish","type":"post","link":"https:\/\/jornalboasnoticias.com.br\/home\/de-soja-a-seda-em-5-anos-parana-exporta-us-13-bilhao-para-franca-sede-da-olimpiada\/","title":{"rendered":"De soja a seda: em 5 anos, Paran\u00e1 exporta US$ 1,3 bilh\u00e3o para Fran\u00e7a, sede da Olimp\u00edada"},"content":{"rendered":"<p style=\"text-align: center;\"><img loading=\"lazy\" decoding=\"async\" class=\"alignnone wp-image-43136 size-full\" src=\"https:\/\/jornalboasnoticias.com.br\/home\/wp-content\/uploads\/2024\/07\/Franca.jpg\" alt=\"\" width=\"1000\" height=\"667\" srcset=\"https:\/\/jornalboasnoticias.com.br\/home\/wp-content\/uploads\/2024\/07\/Franca.jpg 1000w, https:\/\/jornalboasnoticias.com.br\/home\/wp-content\/uploads\/2024\/07\/Franca-300x200.jpg 300w, https:\/\/jornalboasnoticias.com.br\/home\/wp-content\/uploads\/2024\/07\/Franca-768x512.jpg 768w, https:\/\/jornalboasnoticias.com.br\/home\/wp-content\/uploads\/2024\/07\/Franca-900x600.jpg 900w\" sizes=\"auto, (max-width: 1000px) 100vw, 1000px\" \/><\/p>\n<p>Em cinco anos, o Paran\u00e1 exportou mais de US$ 1,3 bilh\u00e3o em produtos para a Fran\u00e7a, a sede dos Jogos Ol\u00edmpicos de 2024, cuja abertura ser\u00e1 na pr\u00f3xima sexta-feira (26) com a participa\u00e7\u00e3o de\u00a0atletas apoiados pelo Estado no programa Gera\u00e7\u00e3o Ol\u00edmpica e Paral\u00edmpica.\u00a0Ao todo,\u00a0<span class=\"embedded-entity\" title=\"164 produtos cultivados, processados ou industrializados\" data-embed-button=\"midia_embarcada\" data-entity-embed-display=\"view_mode:media.midia_anexada_em_outro_node\" data-entity-embed-display-settings=\"164 produtos cultivados, processados ou industrializados\" data-entity-type=\"media\" data-entity-uuid=\"0280cbfc-4661-49a8-a379-06cbe004cb72\" data-langcode=\"pt-br\">164 produtos cultivados, processados ou industrializados\u00a0<\/span>no Estado foram vendidos para os franceses entre o in\u00edcio de 2019 e o final do primeiro semestre de 2024. Os dados s\u00e3o do Minist\u00e9rio do Desenvolvimento, Ind\u00fastria, Com\u00e9rcio Exterior e Servi\u00e7os (MDIC).<\/p>\n<p>A variedade de produtos enviados \u00e0 Fran\u00e7a, que movimenta principalmente as agroind\u00fastrias locais e os setores automotivo, t\u00eaxtil e madeireiro, por exemplo, mostra o dinamismo e a solidez da economia paranaense.<\/p>\n<p>No p\u00f3dio dos produtos paranaenses mais exportados neste per\u00edodo, a medalha de ouro fica com o farelo de soja. Com lideran\u00e7a folgada, o produto, que \u00e9 usado principalmente para a alimenta\u00e7\u00e3o animal, foi respons\u00e1vel por US$ 999 milh\u00f5es em exporta\u00e7\u00f5es aos franceses no per\u00edodo. Foram mais de 2,4 milh\u00f5es de toneladas exportadas no per\u00edodo.<\/p>\n<p>Na sequ\u00eancia, o segundo produto que mais movimentou as exporta\u00e7\u00f5es paranaenses para a Fran\u00e7a foi a seda em fios. Como \u00e9 um produto de maior valor agregado, as 576 toneladas comercializadas entre o Estado e o pa\u00eds europeu no per\u00edodo representam US$ 49,8 milh\u00f5es na balan\u00e7a comercial paranaense. Quase metade disso, US$ 20 milh\u00f5es, foi comercializado ao longo de 2023 e nos primeiros meses de 2024.<\/p>\n<p>O Paran\u00e1 \u00e9 reconhecido na produ\u00e7\u00e3o no campo e na ind\u00fastria. O Estado\u00a0conta com mais de 1,8 mil produtores de casulo de seda em mais de 170 munic\u00edpios, que ocupam 4.700 hectares de planta\u00e7\u00e3o de amoreiras (que s\u00e3o alimentos para os bichos). S\u00e3o 2,2 mil toneladas produzidas anualmente, o que representa mais de 80% de toda a seda do Pa\u00eds. Na ind\u00fastria, uma empresa de Londrina (Bratac) atua no segmento de fia\u00e7\u00e3o de seda natural e garante o abastecimento do mercado europeu, principalmente para grandes grifes globais.<\/p>\n<p>Com a medalha de bronze, est\u00e3o os produtos trabalhados de madeira, como dormentes em madeira e madeira para assoalhos, m\u00f3veis e constru\u00e7\u00e3o civil. A comercializa\u00e7\u00e3o destes produtos com a Fran\u00e7a ao longo de cinco anos rendeu US$ 35,5 milh\u00f5es aos produtores paranaenses, com 20 mil toneladas exportadas.<\/p>\n<p>Ainda entre os dez produtos mais exportados pelo Paran\u00e1 \u00e0 Fran\u00e7a est\u00e3o os aparelhos el\u00e9tricos, como tomadas e interruptores (US$ 26,9 milh\u00f5es); pe\u00e7as de ve\u00edculos (US$ 25,9 milh\u00f5es); amidos e mat\u00e9rias albumin\u00f3ides (US$ 23,3 milh\u00f5es); bombas para l\u00edquidos e fluidos para motores (US$ 21,1 milh\u00f5es); folheados e placas de madeira (US$ 18,9 milh\u00f5es), manufaturas de madeira (US$ 15,8 milh\u00f5es); e aparelhos contadores, como indicadores e tac\u00f4metros de velocidade (US$ 14,3 milh\u00f5es).<\/p>\n<p><strong>RANKING <\/strong>\u2013 Os valores totais em d\u00f3lar em exporta\u00e7\u00f5es fazem da Fran\u00e7a o 20\u00ba principal destino dos produtos paranaenses entre 2019 e o primeiro semestre de 2024. Entre os europeus, o pa\u00eds fica atr\u00e1s da Holanda (US$ 3 bilh\u00f5es), da Alemanha (US$ 2 bilh\u00f5es) e da It\u00e1lia (US$ 1,5 bilh\u00f5es). No geral, os dois principais destinos s\u00e3o a China (US$ 28,8 bilh\u00f5es) e Estados Unidos (US$ 7,3 bilh\u00f5es).<\/p>\n<p>J\u00e1 em toneladas exportadas, a Fran\u00e7a \u00e9 o 11\u00ba principal destino dos produtos paranaenses. Os dez primeiros s\u00e3o China (59 milh\u00f5es de toneladas), Ir\u00e3 (6,2 milh\u00f5es de toneladas), Holanda (6 milh\u00f5es de toneladas), Estados Unidos (5,9 milh\u00f5es de toneladas), Paraguai (5,3 milh\u00f5es de toneladas), Jap\u00e3o (5,2 milh\u00f5es de toneladas), Coreia do Sul (4,8 milh\u00f5es de toneladas), Vietn\u00e3 (3,3 milh\u00f5es de toneladas), Bangladesh (2,6 milh\u00f5es de toneladas) e Alemanha (2,6 milh\u00f5es de toneladas).<\/p>\n<p>&nbsp;<\/p>\n<p><em>AEN<\/em><\/p>\n","protected":false},"excerpt":{"rendered":"<p>Em cinco anos, o Paran\u00e1 exportou mais de US$ 1,3 bilh\u00e3o em produtos para a<\/p>\n","protected":false},"author":3,"featured_media":43136,"comment_status":"open","ping_status":"open","sticky":false,"template":"","format":"standard","meta":{"footnotes":""},"categories":[3,4],"tags":[],"class_list":["post-43131","post","type-post","status-publish","format-standard","has-post-thumbnail","hentry","category-destaques","category-parana"],"yoast_head":"<!-- This site is optimized with the Yoast SEO plugin v27.5 - https:\/\/yoast.com\/product\/yoast-seo-wordpress\/ -->\n<title>De soja a seda: em 5 anos, Paran\u00e1 exporta US$ 1,3 bilh\u00e3o para Fran\u00e7a, sede da Olimp\u00edada - Jornal<\/title>\n<meta name=\"description\" content=\"De soja a seda: em 5 anos, Paran\u00e1 exporta US$ 1,3 bilh\u00e3o para Fran\u00e7a, sede da Olimp\u00edada\" \/>\n<meta name=\"robots\" content=\"index, follow, max-snippet:-1, max-image-preview:large, max-video-preview:-1\" \/>\n<link rel=\"canonical\" href=\"https:\/\/jornalboasnoticias.com.br\/home\/de-soja-a-seda-em-5-anos-parana-exporta-us-13-bilhao-para-franca-sede-da-olimpiada\/\" \/>\n<meta property=\"og:locale\" content=\"pt_BR\" \/>\n<meta property=\"og:type\" content=\"article\" \/>\n<meta property=\"og:title\" content=\"De soja a seda: em 5 anos, Paran\u00e1 exporta US$ 1,3 bilh\u00e3o para Fran\u00e7a, sede da Olimp\u00edada - Jornal\" \/>\n<meta property=\"og:description\" content=\"De soja a seda: em 5 anos, Paran\u00e1 exporta US$ 1,3 bilh\u00e3o para Fran\u00e7a, sede da Olimp\u00edada\" \/>\n<meta property=\"og:url\" content=\"https:\/\/jornalboasnoticias.com.br\/home\/de-soja-a-seda-em-5-anos-parana-exporta-us-13-bilhao-para-franca-sede-da-olimpiada\/\" \/>\n<meta property=\"og:site_name\" content=\"Jornal\" \/>\n<meta property=\"article:publisher\" content=\"https:\/\/www.facebook.com\/boasnoticiasjornal\" \/>\n<meta property=\"article:published_time\" content=\"2024-07-23T16:00:58+00:00\" \/>\n<meta property=\"article:modified_time\" content=\"2024-07-23T16:02:54+00:00\" \/>\n<meta property=\"og:image\" content=\"https:\/\/jornalboasnoticias.com.br\/home\/wp-content\/uploads\/2024\/07\/Franca.jpg\" \/>\n\t<meta property=\"og:image:width\" content=\"1000\" \/>\n\t<meta property=\"og:image:height\" content=\"667\" \/>\n\t<meta property=\"og:image:type\" content=\"image\/jpeg\" \/>\n<meta name=\"author\" content=\"Luiz Carlos da Cruz\" \/>\n<meta name=\"twitter:card\" content=\"summary_large_image\" \/>\n<meta name=\"twitter:label1\" content=\"Escrito por\" \/>\n\t<meta name=\"twitter:data1\" content=\"Luiz Carlos da Cruz\" \/>\n\t<meta name=\"twitter:label2\" content=\"Est. tempo de leitura\" \/>\n\t<meta name=\"twitter:data2\" content=\"3 minutos\" \/>\n<script type=\"application\/ld+json\" class=\"yoast-schema-graph\">{\"@context\":\"https:\\\/\\\/schema.org\",\"@graph\":[{\"@type\":\"Article\",\"@id\":\"https:\\\/\\\/jornalboasnoticias.com.br\\\/home\\\/de-soja-a-seda-em-5-anos-parana-exporta-us-13-bilhao-para-franca-sede-da-olimpiada\\\/#article\",\"isPartOf\":{\"@id\":\"https:\\\/\\\/jornalboasnoticias.com.br\\\/home\\\/de-soja-a-seda-em-5-anos-parana-exporta-us-13-bilhao-para-franca-sede-da-olimpiada\\\/\"},\"author\":{\"name\":\"Luiz Carlos da Cruz\",\"@id\":\"https:\\\/\\\/jornalboasnoticias.com.br\\\/home\\\/#\\\/schema\\\/person\\\/75f9ebde398c998c166475fb446bda62\"},\"headline\":\"De soja a seda: em 5 anos, Paran\u00e1 exporta US$ 1,3 bilh\u00e3o para Fran\u00e7a, sede da Olimp\u00edada\",\"datePublished\":\"2024-07-23T16:00:58+00:00\",\"dateModified\":\"2024-07-23T16:02:54+00:00\",\"mainEntityOfPage\":{\"@id\":\"https:\\\/\\\/jornalboasnoticias.com.br\\\/home\\\/de-soja-a-seda-em-5-anos-parana-exporta-us-13-bilhao-para-franca-sede-da-olimpiada\\\/\"},\"wordCount\":640,\"commentCount\":0,\"publisher\":{\"@id\":\"https:\\\/\\\/jornalboasnoticias.com.br\\\/home\\\/#organization\"},\"image\":{\"@id\":\"https:\\\/\\\/jornalboasnoticias.com.br\\\/home\\\/de-soja-a-seda-em-5-anos-parana-exporta-us-13-bilhao-para-franca-sede-da-olimpiada\\\/#primaryimage\"},\"thumbnailUrl\":\"https:\\\/\\\/jornalboasnoticias.com.br\\\/home\\\/wp-content\\\/uploads\\\/2024\\\/07\\\/Franca.jpg\",\"articleSection\":[\"DESTAQUE\",\"PARAN\u00c1\"],\"inLanguage\":\"pt-BR\",\"potentialAction\":[{\"@type\":\"CommentAction\",\"name\":\"Comment\",\"target\":[\"https:\\\/\\\/jornalboasnoticias.com.br\\\/home\\\/de-soja-a-seda-em-5-anos-parana-exporta-us-13-bilhao-para-franca-sede-da-olimpiada\\\/#respond\"]}]},{\"@type\":\"WebPage\",\"@id\":\"https:\\\/\\\/jornalboasnoticias.com.br\\\/home\\\/de-soja-a-seda-em-5-anos-parana-exporta-us-13-bilhao-para-franca-sede-da-olimpiada\\\/\",\"url\":\"https:\\\/\\\/jornalboasnoticias.com.br\\\/home\\\/de-soja-a-seda-em-5-anos-parana-exporta-us-13-bilhao-para-franca-sede-da-olimpiada\\\/\",\"name\":\"De soja a seda: em 5 anos, Paran\u00e1 exporta US$ 1,3 bilh\u00e3o para Fran\u00e7a, sede da Olimp\u00edada - Jornal\",\"isPartOf\":{\"@id\":\"https:\\\/\\\/jornalboasnoticias.com.br\\\/home\\\/#website\"},\"primaryImageOfPage\":{\"@id\":\"https:\\\/\\\/jornalboasnoticias.com.br\\\/home\\\/de-soja-a-seda-em-5-anos-parana-exporta-us-13-bilhao-para-franca-sede-da-olimpiada\\\/#primaryimage\"},\"image\":{\"@id\":\"https:\\\/\\\/jornalboasnoticias.com.br\\\/home\\\/de-soja-a-seda-em-5-anos-parana-exporta-us-13-bilhao-para-franca-sede-da-olimpiada\\\/#primaryimage\"},\"thumbnailUrl\":\"https:\\\/\\\/jornalboasnoticias.com.br\\\/home\\\/wp-content\\\/uploads\\\/2024\\\/07\\\/Franca.jpg\",\"datePublished\":\"2024-07-23T16:00:58+00:00\",\"dateModified\":\"2024-07-23T16:02:54+00:00\",\"description\":\"De soja a seda: em 5 anos, Paran\u00e1 exporta US$ 1,3 bilh\u00e3o para Fran\u00e7a, sede da Olimp\u00edada\",\"breadcrumb\":{\"@id\":\"https:\\\/\\\/jornalboasnoticias.com.br\\\/home\\\/de-soja-a-seda-em-5-anos-parana-exporta-us-13-bilhao-para-franca-sede-da-olimpiada\\\/#breadcrumb\"},\"inLanguage\":\"pt-BR\",\"potentialAction\":[{\"@type\":\"ReadAction\",\"target\":[\"https:\\\/\\\/jornalboasnoticias.com.br\\\/home\\\/de-soja-a-seda-em-5-anos-parana-exporta-us-13-bilhao-para-franca-sede-da-olimpiada\\\/\"]}]},{\"@type\":\"ImageObject\",\"inLanguage\":\"pt-BR\",\"@id\":\"https:\\\/\\\/jornalboasnoticias.com.br\\\/home\\\/de-soja-a-seda-em-5-anos-parana-exporta-us-13-bilhao-para-franca-sede-da-olimpiada\\\/#primaryimage\",\"url\":\"https:\\\/\\\/jornalboasnoticias.com.br\\\/home\\\/wp-content\\\/uploads\\\/2024\\\/07\\\/Franca.jpg\",\"contentUrl\":\"https:\\\/\\\/jornalboasnoticias.com.br\\\/home\\\/wp-content\\\/uploads\\\/2024\\\/07\\\/Franca.jpg\",\"width\":1000,\"height\":667},{\"@type\":\"BreadcrumbList\",\"@id\":\"https:\\\/\\\/jornalboasnoticias.com.br\\\/home\\\/de-soja-a-seda-em-5-anos-parana-exporta-us-13-bilhao-para-franca-sede-da-olimpiada\\\/#breadcrumb\",\"itemListElement\":[{\"@type\":\"ListItem\",\"position\":1,\"name\":\"In\u00edcio\",\"item\":\"https:\\\/\\\/jornalboasnoticias.com.br\\\/home\\\/\"},{\"@type\":\"ListItem\",\"position\":2,\"name\":\"De soja a seda: em 5 anos, Paran\u00e1 exporta US$ 1,3 bilh\u00e3o para Fran\u00e7a, sede da Olimp\u00edada\"}]},{\"@type\":\"WebSite\",\"@id\":\"https:\\\/\\\/jornalboasnoticias.com.br\\\/home\\\/#website\",\"url\":\"https:\\\/\\\/jornalboasnoticias.com.br\\\/home\\\/\",\"name\":\"Jornal Boas Not\u00edcias\",\"description\":\"Boas not\u00edcias\",\"publisher\":{\"@id\":\"https:\\\/\\\/jornalboasnoticias.com.br\\\/home\\\/#organization\"},\"potentialAction\":[{\"@type\":\"SearchAction\",\"target\":{\"@type\":\"EntryPoint\",\"urlTemplate\":\"https:\\\/\\\/jornalboasnoticias.com.br\\\/home\\\/?s={search_term_string}\"},\"query-input\":{\"@type\":\"PropertyValueSpecification\",\"valueRequired\":true,\"valueName\":\"search_term_string\"}}],\"inLanguage\":\"pt-BR\"},{\"@type\":\"Organization\",\"@id\":\"https:\\\/\\\/jornalboasnoticias.com.br\\\/home\\\/#organization\",\"name\":\"Coq Editora Ltda\",\"alternateName\":\"Jornal Boas Noticias\",\"url\":\"https:\\\/\\\/jornalboasnoticias.com.br\\\/home\\\/\",\"logo\":{\"@type\":\"ImageObject\",\"inLanguage\":\"pt-BR\",\"@id\":\"https:\\\/\\\/jornalboasnoticias.com.br\\\/home\\\/#\\\/schema\\\/logo\\\/image\\\/\",\"url\":\"https:\\\/\\\/jornalboasnoticias.com.br\\\/home\\\/wp-content\\\/uploads\\\/2024\\\/07\\\/cropped-logo.jpg\",\"contentUrl\":\"https:\\\/\\\/jornalboasnoticias.com.br\\\/home\\\/wp-content\\\/uploads\\\/2024\\\/07\\\/cropped-logo.jpg\",\"width\":290,\"height\":142,\"caption\":\"Coq Editora Ltda\"},\"image\":{\"@id\":\"https:\\\/\\\/jornalboasnoticias.com.br\\\/home\\\/#\\\/schema\\\/logo\\\/image\\\/\"},\"sameAs\":[\"https:\\\/\\\/www.facebook.com\\\/boasnoticiasjornal\"]},{\"@type\":\"Person\",\"@id\":\"https:\\\/\\\/jornalboasnoticias.com.br\\\/home\\\/#\\\/schema\\\/person\\\/75f9ebde398c998c166475fb446bda62\",\"name\":\"Luiz Carlos da Cruz\",\"image\":{\"@type\":\"ImageObject\",\"inLanguage\":\"pt-BR\",\"@id\":\"https:\\\/\\\/secure.gravatar.com\\\/avatar\\\/e6f4f45301b6cb8572f7b076572e8ac11c1db80e805d8c8d0858cf286ce3ac3b?s=96&d=mm&r=g\",\"url\":\"https:\\\/\\\/secure.gravatar.com\\\/avatar\\\/e6f4f45301b6cb8572f7b076572e8ac11c1db80e805d8c8d0858cf286ce3ac3b?s=96&d=mm&r=g\",\"contentUrl\":\"https:\\\/\\\/secure.gravatar.com\\\/avatar\\\/e6f4f45301b6cb8572f7b076572e8ac11c1db80e805d8c8d0858cf286ce3ac3b?s=96&d=mm&r=g\",\"caption\":\"Luiz Carlos da Cruz\"},\"url\":\"https:\\\/\\\/jornalboasnoticias.com.br\\\/home\\\/author\\\/luiz-carlos-da-cruz\\\/\"}]}<\/script>\n<!-- \/ Yoast SEO plugin. -->","yoast_head_json":{"title":"De soja a seda: em 5 anos, Paran\u00e1 exporta US$ 1,3 bilh\u00e3o para Fran\u00e7a, sede da Olimp\u00edada - Jornal","description":"De soja a seda: em 5 anos, Paran\u00e1 exporta US$ 1,3 bilh\u00e3o para Fran\u00e7a, sede da Olimp\u00edada","robots":{"index":"index","follow":"follow","max-snippet":"max-snippet:-1","max-image-preview":"max-image-preview:large","max-video-preview":"max-video-preview:-1"},"canonical":"https:\/\/jornalboasnoticias.com.br\/home\/de-soja-a-seda-em-5-anos-parana-exporta-us-13-bilhao-para-franca-sede-da-olimpiada\/","og_locale":"pt_BR","og_type":"article","og_title":"De soja a seda: em 5 anos, Paran\u00e1 exporta US$ 1,3 bilh\u00e3o para Fran\u00e7a, sede da Olimp\u00edada - Jornal","og_description":"De soja a seda: em 5 anos, Paran\u00e1 exporta US$ 1,3 bilh\u00e3o para Fran\u00e7a, sede da Olimp\u00edada","og_url":"https:\/\/jornalboasnoticias.com.br\/home\/de-soja-a-seda-em-5-anos-parana-exporta-us-13-bilhao-para-franca-sede-da-olimpiada\/","og_site_name":"Jornal","article_publisher":"https:\/\/www.facebook.com\/boasnoticiasjornal","article_published_time":"2024-07-23T16:00:58+00:00","article_modified_time":"2024-07-23T16:02:54+00:00","og_image":[{"width":1000,"height":667,"url":"https:\/\/jornalboasnoticias.com.br\/home\/wp-content\/uploads\/2024\/07\/Franca.jpg","type":"image\/jpeg"}],"author":"Luiz Carlos da Cruz","twitter_card":"summary_large_image","twitter_misc":{"Escrito por":"Luiz Carlos da Cruz","Est. tempo de leitura":"3 minutos"},"schema":{"@context":"https:\/\/schema.org","@graph":[{"@type":"Article","@id":"https:\/\/jornalboasnoticias.com.br\/home\/de-soja-a-seda-em-5-anos-parana-exporta-us-13-bilhao-para-franca-sede-da-olimpiada\/#article","isPartOf":{"@id":"https:\/\/jornalboasnoticias.com.br\/home\/de-soja-a-seda-em-5-anos-parana-exporta-us-13-bilhao-para-franca-sede-da-olimpiada\/"},"author":{"name":"Luiz Carlos da Cruz","@id":"https:\/\/jornalboasnoticias.com.br\/home\/#\/schema\/person\/75f9ebde398c998c166475fb446bda62"},"headline":"De soja a seda: em 5 anos, Paran\u00e1 exporta US$ 1,3 bilh\u00e3o para Fran\u00e7a, sede da Olimp\u00edada","datePublished":"2024-07-23T16:00:58+00:00","dateModified":"2024-07-23T16:02:54+00:00","mainEntityOfPage":{"@id":"https:\/\/jornalboasnoticias.com.br\/home\/de-soja-a-seda-em-5-anos-parana-exporta-us-13-bilhao-para-franca-sede-da-olimpiada\/"},"wordCount":640,"commentCount":0,"publisher":{"@id":"https:\/\/jornalboasnoticias.com.br\/home\/#organization"},"image":{"@id":"https:\/\/jornalboasnoticias.com.br\/home\/de-soja-a-seda-em-5-anos-parana-exporta-us-13-bilhao-para-franca-sede-da-olimpiada\/#primaryimage"},"thumbnailUrl":"https:\/\/jornalboasnoticias.com.br\/home\/wp-content\/uploads\/2024\/07\/Franca.jpg","articleSection":["DESTAQUE","PARAN\u00c1"],"inLanguage":"pt-BR","potentialAction":[{"@type":"CommentAction","name":"Comment","target":["https:\/\/jornalboasnoticias.com.br\/home\/de-soja-a-seda-em-5-anos-parana-exporta-us-13-bilhao-para-franca-sede-da-olimpiada\/#respond"]}]},{"@type":"WebPage","@id":"https:\/\/jornalboasnoticias.com.br\/home\/de-soja-a-seda-em-5-anos-parana-exporta-us-13-bilhao-para-franca-sede-da-olimpiada\/","url":"https:\/\/jornalboasnoticias.com.br\/home\/de-soja-a-seda-em-5-anos-parana-exporta-us-13-bilhao-para-franca-sede-da-olimpiada\/","name":"De soja a seda: em 5 anos, Paran\u00e1 exporta US$ 1,3 bilh\u00e3o para Fran\u00e7a, sede da Olimp\u00edada - Jornal","isPartOf":{"@id":"https:\/\/jornalboasnoticias.com.br\/home\/#website"},"primaryImageOfPage":{"@id":"https:\/\/jornalboasnoticias.com.br\/home\/de-soja-a-seda-em-5-anos-parana-exporta-us-13-bilhao-para-franca-sede-da-olimpiada\/#primaryimage"},"image":{"@id":"https:\/\/jornalboasnoticias.com.br\/home\/de-soja-a-seda-em-5-anos-parana-exporta-us-13-bilhao-para-franca-sede-da-olimpiada\/#primaryimage"},"thumbnailUrl":"https:\/\/jornalboasnoticias.com.br\/home\/wp-content\/uploads\/2024\/07\/Franca.jpg","datePublished":"2024-07-23T16:00:58+00:00","dateModified":"2024-07-23T16:02:54+00:00","description":"De soja a seda: em 5 anos, Paran\u00e1 exporta US$ 1,3 bilh\u00e3o para Fran\u00e7a, sede da Olimp\u00edada","breadcrumb":{"@id":"https:\/\/jornalboasnoticias.com.br\/home\/de-soja-a-seda-em-5-anos-parana-exporta-us-13-bilhao-para-franca-sede-da-olimpiada\/#breadcrumb"},"inLanguage":"pt-BR","potentialAction":[{"@type":"ReadAction","target":["https:\/\/jornalboasnoticias.com.br\/home\/de-soja-a-seda-em-5-anos-parana-exporta-us-13-bilhao-para-franca-sede-da-olimpiada\/"]}]},{"@type":"ImageObject","inLanguage":"pt-BR","@id":"https:\/\/jornalboasnoticias.com.br\/home\/de-soja-a-seda-em-5-anos-parana-exporta-us-13-bilhao-para-franca-sede-da-olimpiada\/#primaryimage","url":"https:\/\/jornalboasnoticias.com.br\/home\/wp-content\/uploads\/2024\/07\/Franca.jpg","contentUrl":"https:\/\/jornalboasnoticias.com.br\/home\/wp-content\/uploads\/2024\/07\/Franca.jpg","width":1000,"height":667},{"@type":"BreadcrumbList","@id":"https:\/\/jornalboasnoticias.com.br\/home\/de-soja-a-seda-em-5-anos-parana-exporta-us-13-bilhao-para-franca-sede-da-olimpiada\/#breadcrumb","itemListElement":[{"@type":"ListItem","position":1,"name":"In\u00edcio","item":"https:\/\/jornalboasnoticias.com.br\/home\/"},{"@type":"ListItem","position":2,"name":"De soja a seda: em 5 anos, Paran\u00e1 exporta US$ 1,3 bilh\u00e3o para Fran\u00e7a, sede da Olimp\u00edada"}]},{"@type":"WebSite","@id":"https:\/\/jornalboasnoticias.com.br\/home\/#website","url":"https:\/\/jornalboasnoticias.com.br\/home\/","name":"Jornal Boas Not\u00edcias","description":"Boas not\u00edcias","publisher":{"@id":"https:\/\/jornalboasnoticias.com.br\/home\/#organization"},"potentialAction":[{"@type":"SearchAction","target":{"@type":"EntryPoint","urlTemplate":"https:\/\/jornalboasnoticias.com.br\/home\/?s={search_term_string}"},"query-input":{"@type":"PropertyValueSpecification","valueRequired":true,"valueName":"search_term_string"}}],"inLanguage":"pt-BR"},{"@type":"Organization","@id":"https:\/\/jornalboasnoticias.com.br\/home\/#organization","name":"Coq Editora Ltda","alternateName":"Jornal Boas Noticias","url":"https:\/\/jornalboasnoticias.com.br\/home\/","logo":{"@type":"ImageObject","inLanguage":"pt-BR","@id":"https:\/\/jornalboasnoticias.com.br\/home\/#\/schema\/logo\/image\/","url":"https:\/\/jornalboasnoticias.com.br\/home\/wp-content\/uploads\/2024\/07\/cropped-logo.jpg","contentUrl":"https:\/\/jornalboasnoticias.com.br\/home\/wp-content\/uploads\/2024\/07\/cropped-logo.jpg","width":290,"height":142,"caption":"Coq Editora Ltda"},"image":{"@id":"https:\/\/jornalboasnoticias.com.br\/home\/#\/schema\/logo\/image\/"},"sameAs":["https:\/\/www.facebook.com\/boasnoticiasjornal"]},{"@type":"Person","@id":"https:\/\/jornalboasnoticias.com.br\/home\/#\/schema\/person\/75f9ebde398c998c166475fb446bda62","name":"Luiz Carlos da Cruz","image":{"@type":"ImageObject","inLanguage":"pt-BR","@id":"https:\/\/secure.gravatar.com\/avatar\/e6f4f45301b6cb8572f7b076572e8ac11c1db80e805d8c8d0858cf286ce3ac3b?s=96&d=mm&r=g","url":"https:\/\/secure.gravatar.com\/avatar\/e6f4f45301b6cb8572f7b076572e8ac11c1db80e805d8c8d0858cf286ce3ac3b?s=96&d=mm&r=g","contentUrl":"https:\/\/secure.gravatar.com\/avatar\/e6f4f45301b6cb8572f7b076572e8ac11c1db80e805d8c8d0858cf286ce3ac3b?s=96&d=mm&r=g","caption":"Luiz Carlos da Cruz"},"url":"https:\/\/jornalboasnoticias.com.br\/home\/author\/luiz-carlos-da-cruz\/"}]}},"_links":{"self":[{"href":"https:\/\/jornalboasnoticias.com.br\/home\/wp-json\/wp\/v2\/posts\/43131","targetHints":{"allow":["GET"]}}],"collection":[{"href":"https:\/\/jornalboasnoticias.com.br\/home\/wp-json\/wp\/v2\/posts"}],"about":[{"href":"https:\/\/jornalboasnoticias.com.br\/home\/wp-json\/wp\/v2\/types\/post"}],"author":[{"embeddable":true,"href":"https:\/\/jornalboasnoticias.com.br\/home\/wp-json\/wp\/v2\/users\/3"}],"replies":[{"embeddable":true,"href":"https:\/\/jornalboasnoticias.com.br\/home\/wp-json\/wp\/v2\/comments?post=43131"}],"version-history":[{"count":1,"href":"https:\/\/jornalboasnoticias.com.br\/home\/wp-json\/wp\/v2\/posts\/43131\/revisions"}],"predecessor-version":[{"id":43137,"href":"https:\/\/jornalboasnoticias.com.br\/home\/wp-json\/wp\/v2\/posts\/43131\/revisions\/43137"}],"wp:featuredmedia":[{"embeddable":true,"href":"https:\/\/jornalboasnoticias.com.br\/home\/wp-json\/wp\/v2\/media\/43136"}],"wp:attachment":[{"href":"https:\/\/jornalboasnoticias.com.br\/home\/wp-json\/wp\/v2\/media?parent=43131"}],"wp:term":[{"taxonomy":"category","embeddable":true,"href":"https:\/\/jornalboasnoticias.com.br\/home\/wp-json\/wp\/v2\/categories?post=43131"},{"taxonomy":"post_tag","embeddable":true,"href":"https:\/\/jornalboasnoticias.com.br\/home\/wp-json\/wp\/v2\/tags?post=43131"}],"curies":[{"name":"wp","href":"https:\/\/api.w.org\/{rel}","templated":true}]}}