{"id":43118,"date":"2024-07-23T01:49:00","date_gmt":"2024-07-23T01:49:00","guid":{"rendered":"https:\/\/jornalboasnoticias.com.br\/home\/?p=43118"},"modified":"2024-07-23T01:49:00","modified_gmt":"2024-07-23T01:49:00","slug":"arrecadacao-bate-recorde-e-cresce-908-no-primeiro-semestre","status":"publish","type":"post","link":"https:\/\/jornalboasnoticias.com.br\/home\/arrecadacao-bate-recorde-e-cresce-908-no-primeiro-semestre\/","title":{"rendered":"Arrecada\u00e7\u00e3o bate recorde e cresce 9,08% no primeiro semestre"},"content":{"rendered":"<p class=\"col-10 offset-1 animated fadeInDown dealy-900 display-8 display-md-8 alt-font font-italic my-1 text-center\" style=\"text-align: center;\"><em><strong>Secret\u00e1rio da Receita adiantou dados, que ser\u00e3o divulgados na quarta<\/strong><\/em><\/p>\n<figure id=\"attachment_31938\" aria-describedby=\"caption-attachment-31938\" style=\"width: 1170px\" class=\"wp-caption alignnone\"><img loading=\"lazy\" decoding=\"async\" class=\"wp-image-31938 size-full\" src=\"https:\/\/jornalboasnoticias.com.br\/home\/wp-content\/uploads\/2022\/12\/real_moedadinheiro_jfcrz_abr_1701220048_1.jpg\" alt=\"\" width=\"1170\" height=\"700\" srcset=\"https:\/\/jornalboasnoticias.com.br\/home\/wp-content\/uploads\/2022\/12\/real_moedadinheiro_jfcrz_abr_1701220048_1.jpg 1170w, https:\/\/jornalboasnoticias.com.br\/home\/wp-content\/uploads\/2022\/12\/real_moedadinheiro_jfcrz_abr_1701220048_1-300x179.jpg 300w, https:\/\/jornalboasnoticias.com.br\/home\/wp-content\/uploads\/2022\/12\/real_moedadinheiro_jfcrz_abr_1701220048_1-1024x613.jpg 1024w, https:\/\/jornalboasnoticias.com.br\/home\/wp-content\/uploads\/2022\/12\/real_moedadinheiro_jfcrz_abr_1701220048_1-768x459.jpg 768w\" sizes=\"auto, (max-width: 1170px) 100vw, 1170px\" \/><figcaption id=\"caption-attachment-31938\" class=\"wp-caption-text\">\u00a9 Jos\u00e9 Cruz\/Ag\u00eancia Brasil<\/figcaption><\/figure>\n<p>O secret\u00e1rio da Receita Federal, Robinson Barreirinhas, informou que a arrecada\u00e7\u00e3o no primeiro semestre superou as expectativas. Os n\u00fameros s\u00f3 ser\u00e3o divulgados na pr\u00f3xima quarta-feira (24), mas o secret\u00e1rio adiantou que a arrecada\u00e7\u00e3o federal cresceu 13,6% em valores nominais e 9,08% acima da infla\u00e7\u00e3o nos seis primeiros meses do ano em rela\u00e7\u00e3o ao mesmo per\u00edodo do ano passado. Se comparar junho com o mesmo m\u00eas do ano anterior, as receitas subiram 15,72% em valores nominais e 11,02% acima da infla\u00e7\u00e3o.<\/p>\n<p>Segundo Barreirinhas, a eleva\u00e7\u00e3o da\u00a0previs\u00e3o de d\u00e9ficit prim\u00e1rio para R$ 28,8 bilh\u00f5es\u00a0decorreu principalmente do impacto da prorroga\u00e7\u00e3o da desonera\u00e7\u00e3o da folha de pagamento para 17 setores da economia e para pequenos munic\u00edpios.<\/p>\n<p>\u201cA arrecada\u00e7\u00e3o vai bem, mas um pouco inferior ao necess\u00e1rio para cobrir as despesas por causa de algumas desonera\u00e7\u00f5es e de algumas frustra\u00e7\u00f5es. Neste [relat\u00f3rio] bimestral, pesa bastante a desonera\u00e7\u00e3o dos munic\u00edpios, que ainda n\u00e3o estava no documento\u201d, explicou Barreirinhas em entrevista para explicar o\u00a0congelamento de R$ 15 bilh\u00f5es de recursos do Or\u00e7amento de 2024.<\/p>\n<p>Apesar de o ministro da Fazenda, Fernando Haddad, ter dito recentemente que o\u00a0governo estimava em R$ 18 bilh\u00f5es o impacto total da desonera\u00e7\u00e3o em 2024, Barreirinhas continua a estimar em torno de R$ 25 bilh\u00f5es o impacto da prorroga\u00e7\u00e3o da desonera\u00e7\u00e3o da folha sobre os cofres federais. Desse total, de R$ 19 bilh\u00f5es a R$ 20 bilh\u00f5es v\u00eam do benef\u00edcio \u00e0s empresas e R$ 10,4 bilh\u00f5es v\u00eam da ajuda aos munic\u00edpios.<\/p>\n<p>Segundo Barreirinhas, a estimativa foi mantida com base nos dados da\u00a0rec\u00e9m-criada Declara\u00e7\u00e3o de Incentivos, Ren\u00fancias, Benef\u00edcios e Imunidades de Natureza Tribut\u00e1ria (Dirb), cujo prazo de envio terminou no s\u00e1bado (20)\u00a0e cuja entrega se repetir\u00e1 a cada dois meses. O secret\u00e1rio informou que 355 mil empresas declararam benef\u00edcios fiscais ao Fisco e que os valores est\u00e3o em linha com as estimativas originais da Receita.<\/p>\n<h2>Proje\u00e7\u00e3o de receitas<\/h2>\n<p>Para cumprir a meta de d\u00e9ficit prim\u00e1rio zero estipulada pelo novo arcabou\u00e7o fiscal, o governo precisa de R$ 168 bilh\u00f5es em receitas extras. At\u00e9 a edi\u00e7\u00e3o anterior do Relat\u00f3rio Bimestral de Receitas e Despesas, em maio, a Receita Federal divulgava a estimativa anual. O novo relat\u00f3rio, no entanto, n\u00e3o incluiu as estimativas anuais e s\u00f3 apresentou a proje\u00e7\u00e3o de arrecadar R$ 87,138 bilh\u00f5es extras no segundo semestre.<\/p>\n<p>Barreirinhas justificou a medida com base nas receitas j\u00e1 realizadas e em um atraso m\u00e9dio de dois meses na entrada de recursos com o restabelecimento do voto de desempate do governo no Conselho Administrativo de Recursos Fiscais (Carf), \u00f3rg\u00e3o da Receita que julga processos administrativos de d\u00edvidas tribut\u00e1rias. O relat\u00f3rio reduziu de R$ 55,647 bilh\u00f5es para R$ 37,111 bilh\u00f5es a estimativa de arrecada\u00e7\u00e3o em 2024, com a diferen\u00e7a sendo transferida para os dois primeiros meses de 2025.<\/p>\n<h2>Taxa\u00e7\u00e3o de importados<\/h2>\n<p>Apesar da san\u00e7\u00e3o da lei que taxou em 20% as compras de produtos importados pela internet de at\u00e9 US$ 50, Barreirinhas informou que o Relat\u00f3rio Bimestral de Receitas e Despesas, documento que orienta a execu\u00e7\u00e3o do Or\u00e7amento, n\u00e3o traz estimativas de arrecada\u00e7\u00e3o. Segundo ele, o Fisco est\u00e1 esperando as primeiras receitas com a taxa\u00e7\u00e3o entrarem no caixa federal para projetar dados, para a inclus\u00e3o de um valor no relat\u00f3rio de setembro.<\/p>\n<p>\u201cA partir de agosto, vamos ter os dados de arrecada\u00e7\u00e3o. A\u00ed podemos fazer uma estimativa\u201d, declarou o secret\u00e1rio.<\/p>\n<p>Ap\u00f3s a san\u00e7\u00e3o da lei do Programa Mover, que incluiu um \u201cjabuti\u201d com a taxa\u00e7\u00e3o de 20% em Imposto de Importa\u00e7\u00e3o, o governo editou uma medida provis\u00f3ria (MP) adiando o in\u00edcio da cobran\u00e7a para agosto, enquanto a Receita Federal monta um sistema eletr\u00f4nico de arrecada\u00e7\u00e3o. A MP tamb\u00e9m\u00a0manteve zerada a al\u00edquota para a importa\u00e7\u00e3o de medicamentos pela internet.<\/p>\n<p><em>Ag\u00eancia Brasil<\/em><\/p>\n","protected":false},"excerpt":{"rendered":"<p>Secret\u00e1rio da Receita adiantou dados, que ser\u00e3o divulgados na quarta O secret\u00e1rio da Receita Federal,<\/p>\n","protected":false},"author":3,"featured_media":31938,"comment_status":"open","ping_status":"open","sticky":false,"template":"","format":"standard","meta":{"footnotes":""},"categories":[3,5],"tags":[],"class_list":["post-43118","post","type-post","status-publish","format-standard","has-post-thumbnail","hentry","category-destaques","category-economia"],"yoast_head":"<!-- This site is optimized with the Yoast SEO plugin v27.5 - https:\/\/yoast.com\/product\/yoast-seo-wordpress\/ -->\n<title>Arrecada\u00e7\u00e3o bate recorde e cresce 9,08% no primeiro semestre - Jornal<\/title>\n<meta name=\"description\" content=\"Arrecada\u00e7\u00e3o bate recorde e cresce 9,08% no primeiro semestre\" \/>\n<meta name=\"robots\" content=\"index, follow, max-snippet:-1, max-image-preview:large, max-video-preview:-1\" \/>\n<link rel=\"canonical\" href=\"https:\/\/jornalboasnoticias.com.br\/home\/arrecadacao-bate-recorde-e-cresce-908-no-primeiro-semestre\/\" \/>\n<meta property=\"og:locale\" content=\"pt_BR\" \/>\n<meta property=\"og:type\" content=\"article\" \/>\n<meta property=\"og:title\" content=\"Arrecada\u00e7\u00e3o bate recorde e cresce 9,08% no primeiro semestre - Jornal\" \/>\n<meta property=\"og:description\" content=\"Arrecada\u00e7\u00e3o bate recorde e cresce 9,08% no primeiro semestre\" \/>\n<meta property=\"og:url\" content=\"https:\/\/jornalboasnoticias.com.br\/home\/arrecadacao-bate-recorde-e-cresce-908-no-primeiro-semestre\/\" \/>\n<meta property=\"og:site_name\" content=\"Jornal\" \/>\n<meta property=\"article:publisher\" content=\"https:\/\/www.facebook.com\/boasnoticiasjornal\" \/>\n<meta property=\"article:published_time\" content=\"2024-07-23T01:49:00+00:00\" \/>\n<meta property=\"og:image\" content=\"https:\/\/jornalboasnoticias.com.br\/home\/wp-content\/uploads\/2022\/12\/real_moedadinheiro_jfcrz_abr_1701220048_1.jpg\" \/>\n\t<meta property=\"og:image:width\" content=\"1170\" \/>\n\t<meta property=\"og:image:height\" content=\"700\" \/>\n\t<meta property=\"og:image:type\" content=\"image\/jpeg\" \/>\n<meta name=\"author\" content=\"Luiz Carlos da Cruz\" \/>\n<meta name=\"twitter:card\" content=\"summary_large_image\" \/>\n<meta name=\"twitter:label1\" content=\"Escrito por\" \/>\n\t<meta name=\"twitter:data1\" content=\"Luiz Carlos da Cruz\" \/>\n\t<meta name=\"twitter:label2\" content=\"Est. tempo de leitura\" \/>\n\t<meta name=\"twitter:data2\" content=\"4 minutos\" \/>\n<script type=\"application\/ld+json\" class=\"yoast-schema-graph\">{\"@context\":\"https:\\\/\\\/schema.org\",\"@graph\":[{\"@type\":\"Article\",\"@id\":\"https:\\\/\\\/jornalboasnoticias.com.br\\\/home\\\/arrecadacao-bate-recorde-e-cresce-908-no-primeiro-semestre\\\/#article\",\"isPartOf\":{\"@id\":\"https:\\\/\\\/jornalboasnoticias.com.br\\\/home\\\/arrecadacao-bate-recorde-e-cresce-908-no-primeiro-semestre\\\/\"},\"author\":{\"name\":\"Luiz Carlos da Cruz\",\"@id\":\"https:\\\/\\\/jornalboasnoticias.com.br\\\/home\\\/#\\\/schema\\\/person\\\/75f9ebde398c998c166475fb446bda62\"},\"headline\":\"Arrecada\u00e7\u00e3o bate recorde e cresce 9,08% no primeiro semestre\",\"datePublished\":\"2024-07-23T01:49:00+00:00\",\"mainEntityOfPage\":{\"@id\":\"https:\\\/\\\/jornalboasnoticias.com.br\\\/home\\\/arrecadacao-bate-recorde-e-cresce-908-no-primeiro-semestre\\\/\"},\"wordCount\":710,\"commentCount\":0,\"publisher\":{\"@id\":\"https:\\\/\\\/jornalboasnoticias.com.br\\\/home\\\/#organization\"},\"image\":{\"@id\":\"https:\\\/\\\/jornalboasnoticias.com.br\\\/home\\\/arrecadacao-bate-recorde-e-cresce-908-no-primeiro-semestre\\\/#primaryimage\"},\"thumbnailUrl\":\"https:\\\/\\\/jornalboasnoticias.com.br\\\/home\\\/wp-content\\\/uploads\\\/2022\\\/12\\\/real_moedadinheiro_jfcrz_abr_1701220048_1.jpg\",\"articleSection\":[\"DESTAQUE\",\"ECONOMIA\"],\"inLanguage\":\"pt-BR\",\"potentialAction\":[{\"@type\":\"CommentAction\",\"name\":\"Comment\",\"target\":[\"https:\\\/\\\/jornalboasnoticias.com.br\\\/home\\\/arrecadacao-bate-recorde-e-cresce-908-no-primeiro-semestre\\\/#respond\"]}]},{\"@type\":\"WebPage\",\"@id\":\"https:\\\/\\\/jornalboasnoticias.com.br\\\/home\\\/arrecadacao-bate-recorde-e-cresce-908-no-primeiro-semestre\\\/\",\"url\":\"https:\\\/\\\/jornalboasnoticias.com.br\\\/home\\\/arrecadacao-bate-recorde-e-cresce-908-no-primeiro-semestre\\\/\",\"name\":\"Arrecada\u00e7\u00e3o bate recorde e cresce 9,08% no primeiro semestre - Jornal\",\"isPartOf\":{\"@id\":\"https:\\\/\\\/jornalboasnoticias.com.br\\\/home\\\/#website\"},\"primaryImageOfPage\":{\"@id\":\"https:\\\/\\\/jornalboasnoticias.com.br\\\/home\\\/arrecadacao-bate-recorde-e-cresce-908-no-primeiro-semestre\\\/#primaryimage\"},\"image\":{\"@id\":\"https:\\\/\\\/jornalboasnoticias.com.br\\\/home\\\/arrecadacao-bate-recorde-e-cresce-908-no-primeiro-semestre\\\/#primaryimage\"},\"thumbnailUrl\":\"https:\\\/\\\/jornalboasnoticias.com.br\\\/home\\\/wp-content\\\/uploads\\\/2022\\\/12\\\/real_moedadinheiro_jfcrz_abr_1701220048_1.jpg\",\"datePublished\":\"2024-07-23T01:49:00+00:00\",\"description\":\"Arrecada\u00e7\u00e3o bate recorde e cresce 9,08% no primeiro semestre\",\"breadcrumb\":{\"@id\":\"https:\\\/\\\/jornalboasnoticias.com.br\\\/home\\\/arrecadacao-bate-recorde-e-cresce-908-no-primeiro-semestre\\\/#breadcrumb\"},\"inLanguage\":\"pt-BR\",\"potentialAction\":[{\"@type\":\"ReadAction\",\"target\":[\"https:\\\/\\\/jornalboasnoticias.com.br\\\/home\\\/arrecadacao-bate-recorde-e-cresce-908-no-primeiro-semestre\\\/\"]}]},{\"@type\":\"ImageObject\",\"inLanguage\":\"pt-BR\",\"@id\":\"https:\\\/\\\/jornalboasnoticias.com.br\\\/home\\\/arrecadacao-bate-recorde-e-cresce-908-no-primeiro-semestre\\\/#primaryimage\",\"url\":\"https:\\\/\\\/jornalboasnoticias.com.br\\\/home\\\/wp-content\\\/uploads\\\/2022\\\/12\\\/real_moedadinheiro_jfcrz_abr_1701220048_1.jpg\",\"contentUrl\":\"https:\\\/\\\/jornalboasnoticias.com.br\\\/home\\\/wp-content\\\/uploads\\\/2022\\\/12\\\/real_moedadinheiro_jfcrz_abr_1701220048_1.jpg\",\"width\":1170,\"height\":700,\"caption\":\"\u00a9 Jos\u00e9 Cruz\\\/Ag\u00eancia Brasil\"},{\"@type\":\"BreadcrumbList\",\"@id\":\"https:\\\/\\\/jornalboasnoticias.com.br\\\/home\\\/arrecadacao-bate-recorde-e-cresce-908-no-primeiro-semestre\\\/#breadcrumb\",\"itemListElement\":[{\"@type\":\"ListItem\",\"position\":1,\"name\":\"In\u00edcio\",\"item\":\"https:\\\/\\\/jornalboasnoticias.com.br\\\/home\\\/\"},{\"@type\":\"ListItem\",\"position\":2,\"name\":\"Arrecada\u00e7\u00e3o bate recorde e cresce 9,08% no primeiro semestre\"}]},{\"@type\":\"WebSite\",\"@id\":\"https:\\\/\\\/jornalboasnoticias.com.br\\\/home\\\/#website\",\"url\":\"https:\\\/\\\/jornalboasnoticias.com.br\\\/home\\\/\",\"name\":\"Jornal Boas Not\u00edcias\",\"description\":\"Boas not\u00edcias\",\"publisher\":{\"@id\":\"https:\\\/\\\/jornalboasnoticias.com.br\\\/home\\\/#organization\"},\"potentialAction\":[{\"@type\":\"SearchAction\",\"target\":{\"@type\":\"EntryPoint\",\"urlTemplate\":\"https:\\\/\\\/jornalboasnoticias.com.br\\\/home\\\/?s={search_term_string}\"},\"query-input\":{\"@type\":\"PropertyValueSpecification\",\"valueRequired\":true,\"valueName\":\"search_term_string\"}}],\"inLanguage\":\"pt-BR\"},{\"@type\":\"Organization\",\"@id\":\"https:\\\/\\\/jornalboasnoticias.com.br\\\/home\\\/#organization\",\"name\":\"Coq Editora Ltda\",\"alternateName\":\"Jornal Boas Noticias\",\"url\":\"https:\\\/\\\/jornalboasnoticias.com.br\\\/home\\\/\",\"logo\":{\"@type\":\"ImageObject\",\"inLanguage\":\"pt-BR\",\"@id\":\"https:\\\/\\\/jornalboasnoticias.com.br\\\/home\\\/#\\\/schema\\\/logo\\\/image\\\/\",\"url\":\"https:\\\/\\\/jornalboasnoticias.com.br\\\/home\\\/wp-content\\\/uploads\\\/2024\\\/07\\\/cropped-logo.jpg\",\"contentUrl\":\"https:\\\/\\\/jornalboasnoticias.com.br\\\/home\\\/wp-content\\\/uploads\\\/2024\\\/07\\\/cropped-logo.jpg\",\"width\":290,\"height\":142,\"caption\":\"Coq Editora Ltda\"},\"image\":{\"@id\":\"https:\\\/\\\/jornalboasnoticias.com.br\\\/home\\\/#\\\/schema\\\/logo\\\/image\\\/\"},\"sameAs\":[\"https:\\\/\\\/www.facebook.com\\\/boasnoticiasjornal\"]},{\"@type\":\"Person\",\"@id\":\"https:\\\/\\\/jornalboasnoticias.com.br\\\/home\\\/#\\\/schema\\\/person\\\/75f9ebde398c998c166475fb446bda62\",\"name\":\"Luiz Carlos da Cruz\",\"image\":{\"@type\":\"ImageObject\",\"inLanguage\":\"pt-BR\",\"@id\":\"https:\\\/\\\/secure.gravatar.com\\\/avatar\\\/e6f4f45301b6cb8572f7b076572e8ac11c1db80e805d8c8d0858cf286ce3ac3b?s=96&d=mm&r=g\",\"url\":\"https:\\\/\\\/secure.gravatar.com\\\/avatar\\\/e6f4f45301b6cb8572f7b076572e8ac11c1db80e805d8c8d0858cf286ce3ac3b?s=96&d=mm&r=g\",\"contentUrl\":\"https:\\\/\\\/secure.gravatar.com\\\/avatar\\\/e6f4f45301b6cb8572f7b076572e8ac11c1db80e805d8c8d0858cf286ce3ac3b?s=96&d=mm&r=g\",\"caption\":\"Luiz Carlos da Cruz\"},\"url\":\"https:\\\/\\\/jornalboasnoticias.com.br\\\/home\\\/author\\\/luiz-carlos-da-cruz\\\/\"}]}<\/script>\n<!-- \/ Yoast SEO plugin. -->","yoast_head_json":{"title":"Arrecada\u00e7\u00e3o bate recorde e cresce 9,08% no primeiro semestre - Jornal","description":"Arrecada\u00e7\u00e3o bate recorde e cresce 9,08% no primeiro semestre","robots":{"index":"index","follow":"follow","max-snippet":"max-snippet:-1","max-image-preview":"max-image-preview:large","max-video-preview":"max-video-preview:-1"},"canonical":"https:\/\/jornalboasnoticias.com.br\/home\/arrecadacao-bate-recorde-e-cresce-908-no-primeiro-semestre\/","og_locale":"pt_BR","og_type":"article","og_title":"Arrecada\u00e7\u00e3o bate recorde e cresce 9,08% no primeiro semestre - Jornal","og_description":"Arrecada\u00e7\u00e3o bate recorde e cresce 9,08% no primeiro semestre","og_url":"https:\/\/jornalboasnoticias.com.br\/home\/arrecadacao-bate-recorde-e-cresce-908-no-primeiro-semestre\/","og_site_name":"Jornal","article_publisher":"https:\/\/www.facebook.com\/boasnoticiasjornal","article_published_time":"2024-07-23T01:49:00+00:00","og_image":[{"width":1170,"height":700,"url":"https:\/\/jornalboasnoticias.com.br\/home\/wp-content\/uploads\/2022\/12\/real_moedadinheiro_jfcrz_abr_1701220048_1.jpg","type":"image\/jpeg"}],"author":"Luiz Carlos da Cruz","twitter_card":"summary_large_image","twitter_misc":{"Escrito por":"Luiz Carlos da Cruz","Est. tempo de leitura":"4 minutos"},"schema":{"@context":"https:\/\/schema.org","@graph":[{"@type":"Article","@id":"https:\/\/jornalboasnoticias.com.br\/home\/arrecadacao-bate-recorde-e-cresce-908-no-primeiro-semestre\/#article","isPartOf":{"@id":"https:\/\/jornalboasnoticias.com.br\/home\/arrecadacao-bate-recorde-e-cresce-908-no-primeiro-semestre\/"},"author":{"name":"Luiz Carlos da Cruz","@id":"https:\/\/jornalboasnoticias.com.br\/home\/#\/schema\/person\/75f9ebde398c998c166475fb446bda62"},"headline":"Arrecada\u00e7\u00e3o bate recorde e cresce 9,08% no primeiro semestre","datePublished":"2024-07-23T01:49:00+00:00","mainEntityOfPage":{"@id":"https:\/\/jornalboasnoticias.com.br\/home\/arrecadacao-bate-recorde-e-cresce-908-no-primeiro-semestre\/"},"wordCount":710,"commentCount":0,"publisher":{"@id":"https:\/\/jornalboasnoticias.com.br\/home\/#organization"},"image":{"@id":"https:\/\/jornalboasnoticias.com.br\/home\/arrecadacao-bate-recorde-e-cresce-908-no-primeiro-semestre\/#primaryimage"},"thumbnailUrl":"https:\/\/jornalboasnoticias.com.br\/home\/wp-content\/uploads\/2022\/12\/real_moedadinheiro_jfcrz_abr_1701220048_1.jpg","articleSection":["DESTAQUE","ECONOMIA"],"inLanguage":"pt-BR","potentialAction":[{"@type":"CommentAction","name":"Comment","target":["https:\/\/jornalboasnoticias.com.br\/home\/arrecadacao-bate-recorde-e-cresce-908-no-primeiro-semestre\/#respond"]}]},{"@type":"WebPage","@id":"https:\/\/jornalboasnoticias.com.br\/home\/arrecadacao-bate-recorde-e-cresce-908-no-primeiro-semestre\/","url":"https:\/\/jornalboasnoticias.com.br\/home\/arrecadacao-bate-recorde-e-cresce-908-no-primeiro-semestre\/","name":"Arrecada\u00e7\u00e3o bate recorde e cresce 9,08% no primeiro semestre - Jornal","isPartOf":{"@id":"https:\/\/jornalboasnoticias.com.br\/home\/#website"},"primaryImageOfPage":{"@id":"https:\/\/jornalboasnoticias.com.br\/home\/arrecadacao-bate-recorde-e-cresce-908-no-primeiro-semestre\/#primaryimage"},"image":{"@id":"https:\/\/jornalboasnoticias.com.br\/home\/arrecadacao-bate-recorde-e-cresce-908-no-primeiro-semestre\/#primaryimage"},"thumbnailUrl":"https:\/\/jornalboasnoticias.com.br\/home\/wp-content\/uploads\/2022\/12\/real_moedadinheiro_jfcrz_abr_1701220048_1.jpg","datePublished":"2024-07-23T01:49:00+00:00","description":"Arrecada\u00e7\u00e3o bate recorde e cresce 9,08% no primeiro semestre","breadcrumb":{"@id":"https:\/\/jornalboasnoticias.com.br\/home\/arrecadacao-bate-recorde-e-cresce-908-no-primeiro-semestre\/#breadcrumb"},"inLanguage":"pt-BR","potentialAction":[{"@type":"ReadAction","target":["https:\/\/jornalboasnoticias.com.br\/home\/arrecadacao-bate-recorde-e-cresce-908-no-primeiro-semestre\/"]}]},{"@type":"ImageObject","inLanguage":"pt-BR","@id":"https:\/\/jornalboasnoticias.com.br\/home\/arrecadacao-bate-recorde-e-cresce-908-no-primeiro-semestre\/#primaryimage","url":"https:\/\/jornalboasnoticias.com.br\/home\/wp-content\/uploads\/2022\/12\/real_moedadinheiro_jfcrz_abr_1701220048_1.jpg","contentUrl":"https:\/\/jornalboasnoticias.com.br\/home\/wp-content\/uploads\/2022\/12\/real_moedadinheiro_jfcrz_abr_1701220048_1.jpg","width":1170,"height":700,"caption":"\u00a9 Jos\u00e9 Cruz\/Ag\u00eancia Brasil"},{"@type":"BreadcrumbList","@id":"https:\/\/jornalboasnoticias.com.br\/home\/arrecadacao-bate-recorde-e-cresce-908-no-primeiro-semestre\/#breadcrumb","itemListElement":[{"@type":"ListItem","position":1,"name":"In\u00edcio","item":"https:\/\/jornalboasnoticias.com.br\/home\/"},{"@type":"ListItem","position":2,"name":"Arrecada\u00e7\u00e3o bate recorde e cresce 9,08% no primeiro semestre"}]},{"@type":"WebSite","@id":"https:\/\/jornalboasnoticias.com.br\/home\/#website","url":"https:\/\/jornalboasnoticias.com.br\/home\/","name":"Jornal Boas Not\u00edcias","description":"Boas not\u00edcias","publisher":{"@id":"https:\/\/jornalboasnoticias.com.br\/home\/#organization"},"potentialAction":[{"@type":"SearchAction","target":{"@type":"EntryPoint","urlTemplate":"https:\/\/jornalboasnoticias.com.br\/home\/?s={search_term_string}"},"query-input":{"@type":"PropertyValueSpecification","valueRequired":true,"valueName":"search_term_string"}}],"inLanguage":"pt-BR"},{"@type":"Organization","@id":"https:\/\/jornalboasnoticias.com.br\/home\/#organization","name":"Coq Editora Ltda","alternateName":"Jornal Boas Noticias","url":"https:\/\/jornalboasnoticias.com.br\/home\/","logo":{"@type":"ImageObject","inLanguage":"pt-BR","@id":"https:\/\/jornalboasnoticias.com.br\/home\/#\/schema\/logo\/image\/","url":"https:\/\/jornalboasnoticias.com.br\/home\/wp-content\/uploads\/2024\/07\/cropped-logo.jpg","contentUrl":"https:\/\/jornalboasnoticias.com.br\/home\/wp-content\/uploads\/2024\/07\/cropped-logo.jpg","width":290,"height":142,"caption":"Coq Editora Ltda"},"image":{"@id":"https:\/\/jornalboasnoticias.com.br\/home\/#\/schema\/logo\/image\/"},"sameAs":["https:\/\/www.facebook.com\/boasnoticiasjornal"]},{"@type":"Person","@id":"https:\/\/jornalboasnoticias.com.br\/home\/#\/schema\/person\/75f9ebde398c998c166475fb446bda62","name":"Luiz Carlos da Cruz","image":{"@type":"ImageObject","inLanguage":"pt-BR","@id":"https:\/\/secure.gravatar.com\/avatar\/e6f4f45301b6cb8572f7b076572e8ac11c1db80e805d8c8d0858cf286ce3ac3b?s=96&d=mm&r=g","url":"https:\/\/secure.gravatar.com\/avatar\/e6f4f45301b6cb8572f7b076572e8ac11c1db80e805d8c8d0858cf286ce3ac3b?s=96&d=mm&r=g","contentUrl":"https:\/\/secure.gravatar.com\/avatar\/e6f4f45301b6cb8572f7b076572e8ac11c1db80e805d8c8d0858cf286ce3ac3b?s=96&d=mm&r=g","caption":"Luiz Carlos da Cruz"},"url":"https:\/\/jornalboasnoticias.com.br\/home\/author\/luiz-carlos-da-cruz\/"}]}},"_links":{"self":[{"href":"https:\/\/jornalboasnoticias.com.br\/home\/wp-json\/wp\/v2\/posts\/43118","targetHints":{"allow":["GET"]}}],"collection":[{"href":"https:\/\/jornalboasnoticias.com.br\/home\/wp-json\/wp\/v2\/posts"}],"about":[{"href":"https:\/\/jornalboasnoticias.com.br\/home\/wp-json\/wp\/v2\/types\/post"}],"author":[{"embeddable":true,"href":"https:\/\/jornalboasnoticias.com.br\/home\/wp-json\/wp\/v2\/users\/3"}],"replies":[{"embeddable":true,"href":"https:\/\/jornalboasnoticias.com.br\/home\/wp-json\/wp\/v2\/comments?post=43118"}],"version-history":[{"count":1,"href":"https:\/\/jornalboasnoticias.com.br\/home\/wp-json\/wp\/v2\/posts\/43118\/revisions"}],"predecessor-version":[{"id":43119,"href":"https:\/\/jornalboasnoticias.com.br\/home\/wp-json\/wp\/v2\/posts\/43118\/revisions\/43119"}],"wp:featuredmedia":[{"embeddable":true,"href":"https:\/\/jornalboasnoticias.com.br\/home\/wp-json\/wp\/v2\/media\/31938"}],"wp:attachment":[{"href":"https:\/\/jornalboasnoticias.com.br\/home\/wp-json\/wp\/v2\/media?parent=43118"}],"wp:term":[{"taxonomy":"category","embeddable":true,"href":"https:\/\/jornalboasnoticias.com.br\/home\/wp-json\/wp\/v2\/categories?post=43118"},{"taxonomy":"post_tag","embeddable":true,"href":"https:\/\/jornalboasnoticias.com.br\/home\/wp-json\/wp\/v2\/tags?post=43118"}],"curies":[{"name":"wp","href":"https:\/\/api.w.org\/{rel}","templated":true}]}}