{"id":43039,"date":"2024-07-22T12:50:07","date_gmt":"2024-07-22T15:50:07","guid":{"rendered":"https:\/\/www.jornalboasnoticias.com.br\/?p=43039"},"modified":"2024-07-22T12:50:07","modified_gmt":"2024-07-22T15:50:07","slug":"a-desistencia-de-biden-e-seus-dilemas-geopoliticos","status":"publish","type":"post","link":"https:\/\/jornalboasnoticias.com.br\/home\/a-desistencia-de-biden-e-seus-dilemas-geopoliticos\/","title":{"rendered":"A desist\u00eancia de Biden e seus dilemas geopol\u00edticos"},"content":{"rendered":"<figure id=\"attachment_43040\" aria-describedby=\"caption-attachment-43040\" style=\"width: 300px\" class=\"wp-caption alignleft\"><img loading=\"lazy\" decoding=\"async\" class=\"size-full wp-image-43040\" src=\"https:\/\/jornalboasnoticias.com.br\/home\/wp-content\/uploads\/2024\/07\/Victor-Missiatto.jpg\" alt=\"\" width=\"300\" height=\"199\" \/><figcaption id=\"caption-attachment-43040\" class=\"wp-caption-text\">*Por Victor Missiato<\/figcaption><\/figure>\n<p>A expectativa acerca da desist\u00eancia de Joe Biden em tentar sua reelei\u00e7\u00e3o nas elei\u00e7\u00f5es norte-americanas foi confirmada no \u00faltimo domingo, 21 de julho, ap\u00f3s uma grande resist\u00eancia por parte do agora ex-candidato democrata.<\/p>\n<p>Para al\u00e9m das cr\u00edticas ao seu governo, o que se via nos \u00faltimos meses era uma quest\u00e3o de car\u00e1ter mais humano do que pol\u00edtico. O cidad\u00e3o Joe Biden demonstrava em diversos momentos total incapacidade cognitiva para se manter no cargo pol\u00edtico mais importante do mundo.<\/p>\n<p>Preservar sua imagem significava realmente desistir das elei\u00e7\u00f5es. Em poucas horas, de uma pessoa teimosa, Biden passou a ser reverenciado por sua coragem, inclusive, com homenagens previamente preparadas. Em seu lugar, a expectativa mais prov\u00e1vel \u00e9 que assuma Kamala Harris, vice-presidente, que conta com o apoio da maioria do\u00a0<em>establishment<\/em>\u00a0do Partido Democrata.<\/p>\n<p>Independentemente do candidato escolhido pelos Democratas, o que se configura nos EUA \u00e9 uma disputa entre vencedores e vencidos no atual processo de globaliza\u00e7\u00e3o, liderado pela primeira vez por atores n\u00e3o ocidentais, como China e \u00cdndia. O modo como os norte-americanos enfrentar\u00e3o essa disputa geopol\u00edtica \u00e9 o que nortear\u00e1 a escolha de seu pr\u00f3ximo presidente. Como ambos os candidatos est\u00e3o ou estiveram \u00e0 frente do poder, caracteriz\u00e1-los e analis\u00e1-los n\u00e3o \u00e9 uma tarefa para jogo de apostas.<\/p>\n<p>Kamala Harris representa um grupo pol\u00edtico que, ap\u00f3s o fim de um desastroso governo republicano, liderado por George W. Bush, ascendeu ao poder por meio da lideran\u00e7a de Barack Obama, com a promessa de um maior engajamento do pa\u00eds frente aos dilemas vindos com a Crise de 2008 e a ascens\u00e3o da China enquanto\u00a0<em>player\u00a0<\/em>global. O ativismo dos Democratas contribuiu para que umas s\u00e9ries de conflitos continuassem ou surgissem, como ocorreu na L\u00edbia.<\/p>\n<p>Ap\u00f3s o mandato de Donald Trump, quando o mundo enfrentou uma grande pandemia, Joe Biden, antigo vice-presidente de Obama, assumiu a Presid\u00eancia com uma pol\u00edtica similar ao primeiro presidente negro dos EUA. Em seu mandato, a Europa se viu amea\u00e7ada com a invas\u00e3o da R\u00fassia na Ucr\u00e2nia e os conflitos aumentaram no Oriente M\u00e9dio, principalmente com a guerra entre Israel e Palestina. O mundo tornou-se mais inseguro com Joe Biden na Presid\u00eancia.<\/p>\n<p>Por outro lado, a diplomacia superficialmente nacionalista de Donald Trump foi respons\u00e1vel por apaziguar diversas tens\u00f5es ao redor do mundo. Vladimir Putin n\u00e3o fez ataques em seu governo, como fez antes e depois, em pa\u00edses como Ge\u00f3rgia e Ucr\u00e2nia. Com ofensivas pontuais, o Oriente M\u00e9dio n\u00e3o enfrentou uma crise como a que vem passando nesses \u00faltimos dois anos. Portanto, para al\u00e9m da caracteriza\u00e7\u00e3o pessoal que permeia o imagin\u00e1rio do pol\u00edtico Trump, sua diplomacia foi calcada em acordos e coer\u00e7\u00f5es, que amorteceram tens\u00f5es em diversas partes do mundo.<\/p>\n<p>Na literatura cl\u00e1ssica da guerra, de Sun Tzu a Clausewitz, a arte da guerra significa a instrumentaliza\u00e7\u00e3o da pol\u00edtica pelos seus meios mais extremos. Dissuadir o inimigo significa faz\u00ea-lo repensar em sua estrat\u00e9gia de ataque. O que Trump proporcionou em seus quatro anos de mandato foi exatamente isso, quando transformou a diplomacia norte-americana que vinha cometendo erros crassos a partir dos mandatos de Bush, Obama e Biden.<\/p>\n<p>No cen\u00e1rio internacional contempor\u00e2neo, debater a participa\u00e7\u00e3o ou n\u00e3o na globaliza\u00e7\u00e3o \u00e9 irrelevante, pois esse processo j\u00e1 est\u00e1 incorporado no esp\u00edrito do tempo de todos os lugares do planeta. Diante desse quadro, para al\u00e9m do debate identit\u00e1rio e superficial acerca do homem branco contra a mulher negra, o que est\u00e1 em jogo \u00e9 justamente quando e como o mundo viver\u00e1 um tempo maior em paz.<\/p>\n<p><i>Victor Missiato, professor de Hist\u00f3ria do Col\u00e9gio Presbiteriano Mackenzie Tambor\u00e9, analista pol\u00edtico e Doutor em Hist\u00f3ria<\/i><\/p>\n","protected":false},"excerpt":{"rendered":"<p>A expectativa acerca da desist\u00eancia de Joe Biden em tentar sua reelei\u00e7\u00e3o nas elei\u00e7\u00f5es norte-americanas<\/p>\n","protected":false},"author":3,"featured_media":43040,"comment_status":"open","ping_status":"open","sticky":false,"template":"","format":"standard","meta":{"footnotes":""},"categories":[14],"tags":[],"class_list":["post-43039","post","type-post","status-publish","format-standard","has-post-thumbnail","hentry","category-opiniao"],"yoast_head":"<!-- This site is optimized with the Yoast SEO plugin v27.5 - https:\/\/yoast.com\/product\/yoast-seo-wordpress\/ -->\n<title>A desist\u00eancia de Biden e seus dilemas geopol\u00edticos - Jornal<\/title>\n<meta name=\"description\" content=\"A desist\u00eancia de Biden e seus dilemas geopol\u00edticos\" \/>\n<meta name=\"robots\" content=\"index, follow, max-snippet:-1, max-image-preview:large, max-video-preview:-1\" \/>\n<link rel=\"canonical\" href=\"https:\/\/jornalboasnoticias.com.br\/home\/a-desistencia-de-biden-e-seus-dilemas-geopoliticos\/\" \/>\n<meta property=\"og:locale\" content=\"pt_BR\" \/>\n<meta property=\"og:type\" content=\"article\" \/>\n<meta property=\"og:title\" content=\"A desist\u00eancia de Biden e seus dilemas geopol\u00edticos - Jornal\" \/>\n<meta property=\"og:description\" content=\"A desist\u00eancia de Biden e seus dilemas geopol\u00edticos\" \/>\n<meta property=\"og:url\" content=\"https:\/\/jornalboasnoticias.com.br\/home\/a-desistencia-de-biden-e-seus-dilemas-geopoliticos\/\" \/>\n<meta property=\"og:site_name\" content=\"Jornal\" \/>\n<meta property=\"article:publisher\" content=\"https:\/\/www.facebook.com\/boasnoticiasjornal\" \/>\n<meta property=\"article:published_time\" content=\"2024-07-22T15:50:07+00:00\" \/>\n<meta property=\"og:image\" content=\"https:\/\/jornalboasnoticias.com.br\/home\/wp-content\/uploads\/2024\/07\/Victor-Missiatto.jpg\" \/>\n\t<meta property=\"og:image:width\" content=\"300\" \/>\n\t<meta property=\"og:image:height\" content=\"199\" \/>\n\t<meta property=\"og:image:type\" content=\"image\/jpeg\" \/>\n<meta name=\"author\" content=\"Luiz Carlos da Cruz\" \/>\n<meta name=\"twitter:card\" content=\"summary_large_image\" \/>\n<meta name=\"twitter:label1\" content=\"Escrito por\" \/>\n\t<meta name=\"twitter:data1\" content=\"Luiz Carlos da Cruz\" \/>\n\t<meta name=\"twitter:label2\" content=\"Est. tempo de leitura\" \/>\n\t<meta name=\"twitter:data2\" content=\"3 minutos\" \/>\n<script type=\"application\/ld+json\" class=\"yoast-schema-graph\">{\"@context\":\"https:\\\/\\\/schema.org\",\"@graph\":[{\"@type\":\"Article\",\"@id\":\"https:\\\/\\\/jornalboasnoticias.com.br\\\/home\\\/a-desistencia-de-biden-e-seus-dilemas-geopoliticos\\\/#article\",\"isPartOf\":{\"@id\":\"https:\\\/\\\/jornalboasnoticias.com.br\\\/home\\\/a-desistencia-de-biden-e-seus-dilemas-geopoliticos\\\/\"},\"author\":{\"name\":\"Luiz Carlos da Cruz\",\"@id\":\"https:\\\/\\\/jornalboasnoticias.com.br\\\/home\\\/#\\\/schema\\\/person\\\/75f9ebde398c998c166475fb446bda62\"},\"headline\":\"A desist\u00eancia de Biden e seus dilemas geopol\u00edticos\",\"datePublished\":\"2024-07-22T15:50:07+00:00\",\"mainEntityOfPage\":{\"@id\":\"https:\\\/\\\/jornalboasnoticias.com.br\\\/home\\\/a-desistencia-de-biden-e-seus-dilemas-geopoliticos\\\/\"},\"wordCount\":670,\"commentCount\":0,\"publisher\":{\"@id\":\"https:\\\/\\\/jornalboasnoticias.com.br\\\/home\\\/#organization\"},\"image\":{\"@id\":\"https:\\\/\\\/jornalboasnoticias.com.br\\\/home\\\/a-desistencia-de-biden-e-seus-dilemas-geopoliticos\\\/#primaryimage\"},\"thumbnailUrl\":\"https:\\\/\\\/jornalboasnoticias.com.br\\\/home\\\/wp-content\\\/uploads\\\/2024\\\/07\\\/Victor-Missiatto.jpg\",\"articleSection\":[\"OPINI\u00c3O\"],\"inLanguage\":\"pt-BR\",\"potentialAction\":[{\"@type\":\"CommentAction\",\"name\":\"Comment\",\"target\":[\"https:\\\/\\\/jornalboasnoticias.com.br\\\/home\\\/a-desistencia-de-biden-e-seus-dilemas-geopoliticos\\\/#respond\"]}]},{\"@type\":\"WebPage\",\"@id\":\"https:\\\/\\\/jornalboasnoticias.com.br\\\/home\\\/a-desistencia-de-biden-e-seus-dilemas-geopoliticos\\\/\",\"url\":\"https:\\\/\\\/jornalboasnoticias.com.br\\\/home\\\/a-desistencia-de-biden-e-seus-dilemas-geopoliticos\\\/\",\"name\":\"A desist\u00eancia de Biden e seus dilemas geopol\u00edticos - Jornal\",\"isPartOf\":{\"@id\":\"https:\\\/\\\/jornalboasnoticias.com.br\\\/home\\\/#website\"},\"primaryImageOfPage\":{\"@id\":\"https:\\\/\\\/jornalboasnoticias.com.br\\\/home\\\/a-desistencia-de-biden-e-seus-dilemas-geopoliticos\\\/#primaryimage\"},\"image\":{\"@id\":\"https:\\\/\\\/jornalboasnoticias.com.br\\\/home\\\/a-desistencia-de-biden-e-seus-dilemas-geopoliticos\\\/#primaryimage\"},\"thumbnailUrl\":\"https:\\\/\\\/jornalboasnoticias.com.br\\\/home\\\/wp-content\\\/uploads\\\/2024\\\/07\\\/Victor-Missiatto.jpg\",\"datePublished\":\"2024-07-22T15:50:07+00:00\",\"description\":\"A desist\u00eancia de Biden e seus dilemas geopol\u00edticos\",\"breadcrumb\":{\"@id\":\"https:\\\/\\\/jornalboasnoticias.com.br\\\/home\\\/a-desistencia-de-biden-e-seus-dilemas-geopoliticos\\\/#breadcrumb\"},\"inLanguage\":\"pt-BR\",\"potentialAction\":[{\"@type\":\"ReadAction\",\"target\":[\"https:\\\/\\\/jornalboasnoticias.com.br\\\/home\\\/a-desistencia-de-biden-e-seus-dilemas-geopoliticos\\\/\"]}]},{\"@type\":\"ImageObject\",\"inLanguage\":\"pt-BR\",\"@id\":\"https:\\\/\\\/jornalboasnoticias.com.br\\\/home\\\/a-desistencia-de-biden-e-seus-dilemas-geopoliticos\\\/#primaryimage\",\"url\":\"https:\\\/\\\/jornalboasnoticias.com.br\\\/home\\\/wp-content\\\/uploads\\\/2024\\\/07\\\/Victor-Missiatto.jpg\",\"contentUrl\":\"https:\\\/\\\/jornalboasnoticias.com.br\\\/home\\\/wp-content\\\/uploads\\\/2024\\\/07\\\/Victor-Missiatto.jpg\",\"width\":300,\"height\":199,\"caption\":\"*Por Victor Missiato\"},{\"@type\":\"BreadcrumbList\",\"@id\":\"https:\\\/\\\/jornalboasnoticias.com.br\\\/home\\\/a-desistencia-de-biden-e-seus-dilemas-geopoliticos\\\/#breadcrumb\",\"itemListElement\":[{\"@type\":\"ListItem\",\"position\":1,\"name\":\"In\u00edcio\",\"item\":\"https:\\\/\\\/jornalboasnoticias.com.br\\\/home\\\/\"},{\"@type\":\"ListItem\",\"position\":2,\"name\":\"A desist\u00eancia de Biden e seus dilemas geopol\u00edticos\"}]},{\"@type\":\"WebSite\",\"@id\":\"https:\\\/\\\/jornalboasnoticias.com.br\\\/home\\\/#website\",\"url\":\"https:\\\/\\\/jornalboasnoticias.com.br\\\/home\\\/\",\"name\":\"Jornal Boas Not\u00edcias\",\"description\":\"Boas not\u00edcias\",\"publisher\":{\"@id\":\"https:\\\/\\\/jornalboasnoticias.com.br\\\/home\\\/#organization\"},\"potentialAction\":[{\"@type\":\"SearchAction\",\"target\":{\"@type\":\"EntryPoint\",\"urlTemplate\":\"https:\\\/\\\/jornalboasnoticias.com.br\\\/home\\\/?s={search_term_string}\"},\"query-input\":{\"@type\":\"PropertyValueSpecification\",\"valueRequired\":true,\"valueName\":\"search_term_string\"}}],\"inLanguage\":\"pt-BR\"},{\"@type\":\"Organization\",\"@id\":\"https:\\\/\\\/jornalboasnoticias.com.br\\\/home\\\/#organization\",\"name\":\"Coq Editora Ltda\",\"alternateName\":\"Jornal Boas Noticias\",\"url\":\"https:\\\/\\\/jornalboasnoticias.com.br\\\/home\\\/\",\"logo\":{\"@type\":\"ImageObject\",\"inLanguage\":\"pt-BR\",\"@id\":\"https:\\\/\\\/jornalboasnoticias.com.br\\\/home\\\/#\\\/schema\\\/logo\\\/image\\\/\",\"url\":\"https:\\\/\\\/jornalboasnoticias.com.br\\\/home\\\/wp-content\\\/uploads\\\/2024\\\/07\\\/cropped-logo.jpg\",\"contentUrl\":\"https:\\\/\\\/jornalboasnoticias.com.br\\\/home\\\/wp-content\\\/uploads\\\/2024\\\/07\\\/cropped-logo.jpg\",\"width\":290,\"height\":142,\"caption\":\"Coq Editora Ltda\"},\"image\":{\"@id\":\"https:\\\/\\\/jornalboasnoticias.com.br\\\/home\\\/#\\\/schema\\\/logo\\\/image\\\/\"},\"sameAs\":[\"https:\\\/\\\/www.facebook.com\\\/boasnoticiasjornal\"]},{\"@type\":\"Person\",\"@id\":\"https:\\\/\\\/jornalboasnoticias.com.br\\\/home\\\/#\\\/schema\\\/person\\\/75f9ebde398c998c166475fb446bda62\",\"name\":\"Luiz Carlos da Cruz\",\"image\":{\"@type\":\"ImageObject\",\"inLanguage\":\"pt-BR\",\"@id\":\"https:\\\/\\\/secure.gravatar.com\\\/avatar\\\/e6f4f45301b6cb8572f7b076572e8ac11c1db80e805d8c8d0858cf286ce3ac3b?s=96&d=mm&r=g\",\"url\":\"https:\\\/\\\/secure.gravatar.com\\\/avatar\\\/e6f4f45301b6cb8572f7b076572e8ac11c1db80e805d8c8d0858cf286ce3ac3b?s=96&d=mm&r=g\",\"contentUrl\":\"https:\\\/\\\/secure.gravatar.com\\\/avatar\\\/e6f4f45301b6cb8572f7b076572e8ac11c1db80e805d8c8d0858cf286ce3ac3b?s=96&d=mm&r=g\",\"caption\":\"Luiz Carlos da Cruz\"},\"url\":\"https:\\\/\\\/jornalboasnoticias.com.br\\\/home\\\/author\\\/luiz-carlos-da-cruz\\\/\"}]}<\/script>\n<!-- \/ Yoast SEO plugin. -->","yoast_head_json":{"title":"A desist\u00eancia de Biden e seus dilemas geopol\u00edticos - Jornal","description":"A desist\u00eancia de Biden e seus dilemas geopol\u00edticos","robots":{"index":"index","follow":"follow","max-snippet":"max-snippet:-1","max-image-preview":"max-image-preview:large","max-video-preview":"max-video-preview:-1"},"canonical":"https:\/\/jornalboasnoticias.com.br\/home\/a-desistencia-de-biden-e-seus-dilemas-geopoliticos\/","og_locale":"pt_BR","og_type":"article","og_title":"A desist\u00eancia de Biden e seus dilemas geopol\u00edticos - Jornal","og_description":"A desist\u00eancia de Biden e seus dilemas geopol\u00edticos","og_url":"https:\/\/jornalboasnoticias.com.br\/home\/a-desistencia-de-biden-e-seus-dilemas-geopoliticos\/","og_site_name":"Jornal","article_publisher":"https:\/\/www.facebook.com\/boasnoticiasjornal","article_published_time":"2024-07-22T15:50:07+00:00","og_image":[{"width":300,"height":199,"url":"https:\/\/jornalboasnoticias.com.br\/home\/wp-content\/uploads\/2024\/07\/Victor-Missiatto.jpg","type":"image\/jpeg"}],"author":"Luiz Carlos da Cruz","twitter_card":"summary_large_image","twitter_misc":{"Escrito por":"Luiz Carlos da Cruz","Est. tempo de leitura":"3 minutos"},"schema":{"@context":"https:\/\/schema.org","@graph":[{"@type":"Article","@id":"https:\/\/jornalboasnoticias.com.br\/home\/a-desistencia-de-biden-e-seus-dilemas-geopoliticos\/#article","isPartOf":{"@id":"https:\/\/jornalboasnoticias.com.br\/home\/a-desistencia-de-biden-e-seus-dilemas-geopoliticos\/"},"author":{"name":"Luiz Carlos da Cruz","@id":"https:\/\/jornalboasnoticias.com.br\/home\/#\/schema\/person\/75f9ebde398c998c166475fb446bda62"},"headline":"A desist\u00eancia de Biden e seus dilemas geopol\u00edticos","datePublished":"2024-07-22T15:50:07+00:00","mainEntityOfPage":{"@id":"https:\/\/jornalboasnoticias.com.br\/home\/a-desistencia-de-biden-e-seus-dilemas-geopoliticos\/"},"wordCount":670,"commentCount":0,"publisher":{"@id":"https:\/\/jornalboasnoticias.com.br\/home\/#organization"},"image":{"@id":"https:\/\/jornalboasnoticias.com.br\/home\/a-desistencia-de-biden-e-seus-dilemas-geopoliticos\/#primaryimage"},"thumbnailUrl":"https:\/\/jornalboasnoticias.com.br\/home\/wp-content\/uploads\/2024\/07\/Victor-Missiatto.jpg","articleSection":["OPINI\u00c3O"],"inLanguage":"pt-BR","potentialAction":[{"@type":"CommentAction","name":"Comment","target":["https:\/\/jornalboasnoticias.com.br\/home\/a-desistencia-de-biden-e-seus-dilemas-geopoliticos\/#respond"]}]},{"@type":"WebPage","@id":"https:\/\/jornalboasnoticias.com.br\/home\/a-desistencia-de-biden-e-seus-dilemas-geopoliticos\/","url":"https:\/\/jornalboasnoticias.com.br\/home\/a-desistencia-de-biden-e-seus-dilemas-geopoliticos\/","name":"A desist\u00eancia de Biden e seus dilemas geopol\u00edticos - Jornal","isPartOf":{"@id":"https:\/\/jornalboasnoticias.com.br\/home\/#website"},"primaryImageOfPage":{"@id":"https:\/\/jornalboasnoticias.com.br\/home\/a-desistencia-de-biden-e-seus-dilemas-geopoliticos\/#primaryimage"},"image":{"@id":"https:\/\/jornalboasnoticias.com.br\/home\/a-desistencia-de-biden-e-seus-dilemas-geopoliticos\/#primaryimage"},"thumbnailUrl":"https:\/\/jornalboasnoticias.com.br\/home\/wp-content\/uploads\/2024\/07\/Victor-Missiatto.jpg","datePublished":"2024-07-22T15:50:07+00:00","description":"A desist\u00eancia de Biden e seus dilemas geopol\u00edticos","breadcrumb":{"@id":"https:\/\/jornalboasnoticias.com.br\/home\/a-desistencia-de-biden-e-seus-dilemas-geopoliticos\/#breadcrumb"},"inLanguage":"pt-BR","potentialAction":[{"@type":"ReadAction","target":["https:\/\/jornalboasnoticias.com.br\/home\/a-desistencia-de-biden-e-seus-dilemas-geopoliticos\/"]}]},{"@type":"ImageObject","inLanguage":"pt-BR","@id":"https:\/\/jornalboasnoticias.com.br\/home\/a-desistencia-de-biden-e-seus-dilemas-geopoliticos\/#primaryimage","url":"https:\/\/jornalboasnoticias.com.br\/home\/wp-content\/uploads\/2024\/07\/Victor-Missiatto.jpg","contentUrl":"https:\/\/jornalboasnoticias.com.br\/home\/wp-content\/uploads\/2024\/07\/Victor-Missiatto.jpg","width":300,"height":199,"caption":"*Por Victor Missiato"},{"@type":"BreadcrumbList","@id":"https:\/\/jornalboasnoticias.com.br\/home\/a-desistencia-de-biden-e-seus-dilemas-geopoliticos\/#breadcrumb","itemListElement":[{"@type":"ListItem","position":1,"name":"In\u00edcio","item":"https:\/\/jornalboasnoticias.com.br\/home\/"},{"@type":"ListItem","position":2,"name":"A desist\u00eancia de Biden e seus dilemas geopol\u00edticos"}]},{"@type":"WebSite","@id":"https:\/\/jornalboasnoticias.com.br\/home\/#website","url":"https:\/\/jornalboasnoticias.com.br\/home\/","name":"Jornal Boas Not\u00edcias","description":"Boas not\u00edcias","publisher":{"@id":"https:\/\/jornalboasnoticias.com.br\/home\/#organization"},"potentialAction":[{"@type":"SearchAction","target":{"@type":"EntryPoint","urlTemplate":"https:\/\/jornalboasnoticias.com.br\/home\/?s={search_term_string}"},"query-input":{"@type":"PropertyValueSpecification","valueRequired":true,"valueName":"search_term_string"}}],"inLanguage":"pt-BR"},{"@type":"Organization","@id":"https:\/\/jornalboasnoticias.com.br\/home\/#organization","name":"Coq Editora Ltda","alternateName":"Jornal Boas Noticias","url":"https:\/\/jornalboasnoticias.com.br\/home\/","logo":{"@type":"ImageObject","inLanguage":"pt-BR","@id":"https:\/\/jornalboasnoticias.com.br\/home\/#\/schema\/logo\/image\/","url":"https:\/\/jornalboasnoticias.com.br\/home\/wp-content\/uploads\/2024\/07\/cropped-logo.jpg","contentUrl":"https:\/\/jornalboasnoticias.com.br\/home\/wp-content\/uploads\/2024\/07\/cropped-logo.jpg","width":290,"height":142,"caption":"Coq Editora Ltda"},"image":{"@id":"https:\/\/jornalboasnoticias.com.br\/home\/#\/schema\/logo\/image\/"},"sameAs":["https:\/\/www.facebook.com\/boasnoticiasjornal"]},{"@type":"Person","@id":"https:\/\/jornalboasnoticias.com.br\/home\/#\/schema\/person\/75f9ebde398c998c166475fb446bda62","name":"Luiz Carlos da Cruz","image":{"@type":"ImageObject","inLanguage":"pt-BR","@id":"https:\/\/secure.gravatar.com\/avatar\/e6f4f45301b6cb8572f7b076572e8ac11c1db80e805d8c8d0858cf286ce3ac3b?s=96&d=mm&r=g","url":"https:\/\/secure.gravatar.com\/avatar\/e6f4f45301b6cb8572f7b076572e8ac11c1db80e805d8c8d0858cf286ce3ac3b?s=96&d=mm&r=g","contentUrl":"https:\/\/secure.gravatar.com\/avatar\/e6f4f45301b6cb8572f7b076572e8ac11c1db80e805d8c8d0858cf286ce3ac3b?s=96&d=mm&r=g","caption":"Luiz Carlos da Cruz"},"url":"https:\/\/jornalboasnoticias.com.br\/home\/author\/luiz-carlos-da-cruz\/"}]}},"_links":{"self":[{"href":"https:\/\/jornalboasnoticias.com.br\/home\/wp-json\/wp\/v2\/posts\/43039","targetHints":{"allow":["GET"]}}],"collection":[{"href":"https:\/\/jornalboasnoticias.com.br\/home\/wp-json\/wp\/v2\/posts"}],"about":[{"href":"https:\/\/jornalboasnoticias.com.br\/home\/wp-json\/wp\/v2\/types\/post"}],"author":[{"embeddable":true,"href":"https:\/\/jornalboasnoticias.com.br\/home\/wp-json\/wp\/v2\/users\/3"}],"replies":[{"embeddable":true,"href":"https:\/\/jornalboasnoticias.com.br\/home\/wp-json\/wp\/v2\/comments?post=43039"}],"version-history":[{"count":0,"href":"https:\/\/jornalboasnoticias.com.br\/home\/wp-json\/wp\/v2\/posts\/43039\/revisions"}],"wp:featuredmedia":[{"embeddable":true,"href":"https:\/\/jornalboasnoticias.com.br\/home\/wp-json\/wp\/v2\/media\/43040"}],"wp:attachment":[{"href":"https:\/\/jornalboasnoticias.com.br\/home\/wp-json\/wp\/v2\/media?parent=43039"}],"wp:term":[{"taxonomy":"category","embeddable":true,"href":"https:\/\/jornalboasnoticias.com.br\/home\/wp-json\/wp\/v2\/categories?post=43039"},{"taxonomy":"post_tag","embeddable":true,"href":"https:\/\/jornalboasnoticias.com.br\/home\/wp-json\/wp\/v2\/tags?post=43039"}],"curies":[{"name":"wp","href":"https:\/\/api.w.org\/{rel}","templated":true}]}}