{"id":43014,"date":"2024-07-21T22:04:59","date_gmt":"2024-07-22T01:04:59","guid":{"rendered":"https:\/\/www.jornalboasnoticias.com.br\/?p=43014"},"modified":"2024-07-21T22:04:59","modified_gmt":"2024-07-22T01:04:59","slug":"ministerio-da-agricultura-descarta-novos-casos-de-doenca-aviaria-no-rs","status":"publish","type":"post","link":"https:\/\/jornalboasnoticias.com.br\/home\/ministerio-da-agricultura-descarta-novos-casos-de-doenca-aviaria-no-rs\/","title":{"rendered":"Minist\u00e9rio da Agricultura descarta novos casos de doen\u00e7a avi\u00e1ria no RS"},"content":{"rendered":"<p class=\"col-10 offset-1 animated fadeInDown dealy-900 display-8 display-md-8 alt-font font-italic my-1 text-center\" style=\"text-align: center;\"><strong><em>Um foco da Doen\u00e7a de Newcastle foi identificado em granja comercial<\/em><\/strong><\/p>\n<figure id=\"attachment_43015\" aria-describedby=\"caption-attachment-43015\" style=\"width: 1170px\" class=\"wp-caption alignnone\"><img loading=\"lazy\" decoding=\"async\" class=\"size-full wp-image-43015\" src=\"https:\/\/jornalboasnoticias.com.br\/home\/wp-content\/uploads\/2024\/07\/frangos.jpg\" alt=\"\" width=\"1170\" height=\"700\" srcset=\"https:\/\/jornalboasnoticias.com.br\/home\/wp-content\/uploads\/2024\/07\/frangos.jpg 1170w, https:\/\/jornalboasnoticias.com.br\/home\/wp-content\/uploads\/2024\/07\/frangos-300x179.jpg 300w, https:\/\/jornalboasnoticias.com.br\/home\/wp-content\/uploads\/2024\/07\/frangos-1024x613.jpg 1024w, https:\/\/jornalboasnoticias.com.br\/home\/wp-content\/uploads\/2024\/07\/frangos-768x459.jpg 768w\" sizes=\"auto, (max-width: 1170px) 100vw, 1170px\" \/><figcaption id=\"caption-attachment-43015\" class=\"wp-caption-text\">Foto: Ag\u00eancia Brasil<\/figcaption><\/figure>\n<p>O Minist\u00e9rio da Agricultura e Pecu\u00e1ria (Mapa) informou neste domingo (21) que tr\u00eas casos suspeitos de doen\u00e7a de Newcastle (DNC) no Rio Grande do Sul foram descartados, ap\u00f3s as an\u00e1lises do Laborat\u00f3rio Federal de Defesa Agropecu\u00e1ria de S\u00e3o Paulo (LFDA-SP) revelarem resultado negativo para o v\u00edrus. A doen\u00e7a viral atinge aves silvestres e comerciais e \u00e9 altamente contagiosa para os animais.<\/p>\n<p>As amostras foram coletadas na sexta-feira (19) em tr\u00eas propriedades suspeitas, localizadas na zona de prote\u00e7\u00e3o estabelecida para DNC pela equipe de vigil\u00e2ncia e defesa sanit\u00e1ria animal do estado em conjunto com a equipe do Mapa.<\/p>\n<p>Na \u00faltima quarta-feira (18)\u00a0foi identificado um foco\u00a0da doen\u00e7a em uma granja de cria\u00e7\u00e3o comercial de aves para corte, localizada no munic\u00edpio de Anta Gorda, no Rio Grande do Sul. \u00a0O diagn\u00f3stico positivo tamb\u00e9m foi feito pelo LFDA-SP.<\/p>\n<p>\u201cOs resultados negativos s\u00e3o uma sinaliza\u00e7\u00e3o extremamente positiva sobre a conten\u00e7\u00e3o desse evento sanit\u00e1rio, o que \u00e9 importante para resolu\u00e7\u00e3o r\u00e1pida da situa\u00e7\u00e3o, e refor\u00e7a a robustez do sistema de defesa agropecu\u00e1ria do Brasil\u201d, disse o minist\u00e9rio neste domingo.<\/p>\n<p>O Mapa informou ainda que est\u00e3o sendo montadas barreiras sanit\u00e1rias na regi\u00e3o do Vale do Taquari para controlar a movimenta\u00e7\u00e3o e evitar a entrada e passagem de aves na \u00e1rea do foco, conforme determina o Plano Nacional de Conting\u00eancia para DNC. Al\u00e9m disso, as investiga\u00e7\u00f5es epidemiol\u00f3gicas continuam na zona de vigil\u00e2ncia de prote\u00e7\u00e3o e em todo o Rio Grande do Sul.<\/p>\n<p>\u201cA popula\u00e7\u00e3o n\u00e3o deve se preocupar e pode continuar consumindo carne de frango e ovos, inclusive da pr\u00f3pria regi\u00e3o afetada. O Mapa refor\u00e7a que o consumo de produtos av\u00edcolas inspecionados pelo Servi\u00e7o Veterin\u00e1rio Oficial (SVO) permanecem seguros e sem contraindica\u00e7\u00f5es\u201d, continuou o minist\u00e9rio.<\/p>\n<p>Ap\u00f3s a confirma\u00e7\u00e3o do primeiro caso, a Associa\u00e7\u00e3o Brasileira de Prote\u00edna Animal (ABPA) e a Associa\u00e7\u00e3o Ga\u00facha de Avicultura (ASGAV) divulgaram uma nota afirmando que est\u00e3o acompanhando e dando suporte \u00e0 a\u00e7\u00e3o do Mapa e da Secretaria de Agricultura, Pecu\u00e1ria, Produ\u00e7\u00e3o Sustent\u00e1vel e Irriga\u00e7\u00e3o do Rio Grande do Sul.\u00a0\u201cAs autoridades federais e do estado agiram rapidamente na identifica\u00e7\u00e3o do caso com interdi\u00e7\u00e3o da granja, garantindo que n\u00e3o houvesse sa\u00edda de aves. Os protocolos oficiais estabelecidos para a mitiga\u00e7\u00e3o da situa\u00e7\u00e3o pontual foram acionados e o entorno segue monitorado\u201d, disse a entidade.<\/p>\n<p>Neste domingo, a ABPA comemorou o resultado negativo dos testes e disse\u00a0que continua apoiando os trabalhos de vigil\u00e2ncia e as tratativas lideradas pelo governo brasileiro para o restabelecimento do fluxo dos mercados. No ano passado, foram produzidas 14,83 toneladas de carne de frango, segundo a ABPA.\u00a0&#8220;\u00c9 uma not\u00edcia importante, que confirma se tratar de uma situa\u00e7\u00e3o isolada&#8221;, disse a associa\u00e7\u00e3o.<\/p>\n<p>Na \u00faltima sexta-feira (19), o Minist\u00e9rio da Agricultura fez uma revis\u00e3o dos protocolos de emiss\u00e3o de\u00a0certifica\u00e7\u00e3o para exporta\u00e7\u00f5es\u00a0de carnes de aves e seus produtos. A restri\u00e7\u00e3o varia de acordo com os mercados, mas afeta as vendas para 44 pa\u00edses.<\/p>\n<h2>Doen\u00e7a de Newcastle<\/h2>\n<p>A DNC \u00e9 causada pela infec\u00e7\u00e3o por v\u00edrus pertencente ao grupo paramixov\u00edrus avi\u00e1rio sorotipo 1 (APMV-1), virulento em aves de produ\u00e7\u00e3o comercial. Al\u00e9m de aves, ela pode atingir r\u00e9pteis, mam\u00edferos, e at\u00e9 mesmo seres humanos.<\/p>\n<p>Os \u00faltimos casos confirmados no Brasil ocorreram em 2006 e em aves de subsist\u00eancia, nos estados do Amazonas, Mato Grosso e Rio Grande do Sul.<\/p>\n<p><em>Ag\u00eancia Brasil<\/em><\/p>\n","protected":false},"excerpt":{"rendered":"<p>Um foco da Doen\u00e7a de Newcastle foi identificado em granja comercial O Minist\u00e9rio da Agricultura<\/p>\n","protected":false},"author":3,"featured_media":43015,"comment_status":"open","ping_status":"open","sticky":false,"template":"","format":"standard","meta":{"footnotes":""},"categories":[5],"tags":[49],"class_list":["post-43014","post","type-post","status-publish","format-standard","has-post-thumbnail","hentry","category-economia","tag-frango"],"yoast_head":"<!-- This site is optimized with the Yoast SEO plugin v27.5 - https:\/\/yoast.com\/product\/yoast-seo-wordpress\/ -->\n<title>Minist\u00e9rio da Agricultura descarta novos casos de doen\u00e7a avi\u00e1ria no RS - Jornal<\/title>\n<meta name=\"description\" content=\"Minist\u00e9rio da Agricultura descarta novos casos de doen\u00e7a avi\u00e1ria no RS\" \/>\n<meta name=\"robots\" content=\"index, follow, max-snippet:-1, max-image-preview:large, max-video-preview:-1\" \/>\n<link rel=\"canonical\" href=\"https:\/\/jornalboasnoticias.com.br\/home\/ministerio-da-agricultura-descarta-novos-casos-de-doenca-aviaria-no-rs\/\" \/>\n<meta property=\"og:locale\" content=\"pt_BR\" \/>\n<meta property=\"og:type\" content=\"article\" \/>\n<meta property=\"og:title\" content=\"Minist\u00e9rio da Agricultura descarta novos casos de doen\u00e7a avi\u00e1ria no RS - Jornal\" \/>\n<meta property=\"og:description\" content=\"Minist\u00e9rio da Agricultura descarta novos casos de doen\u00e7a avi\u00e1ria no RS\" \/>\n<meta property=\"og:url\" content=\"https:\/\/jornalboasnoticias.com.br\/home\/ministerio-da-agricultura-descarta-novos-casos-de-doenca-aviaria-no-rs\/\" \/>\n<meta property=\"og:site_name\" content=\"Jornal\" \/>\n<meta property=\"article:publisher\" content=\"https:\/\/www.facebook.com\/boasnoticiasjornal\" \/>\n<meta property=\"article:published_time\" content=\"2024-07-22T01:04:59+00:00\" \/>\n<meta property=\"og:image\" content=\"https:\/\/jornalboasnoticias.com.br\/home\/wp-content\/uploads\/2024\/07\/frangos.jpg\" \/>\n\t<meta property=\"og:image:width\" content=\"1170\" \/>\n\t<meta property=\"og:image:height\" content=\"700\" \/>\n\t<meta property=\"og:image:type\" content=\"image\/jpeg\" \/>\n<meta name=\"author\" content=\"Luiz Carlos da Cruz\" \/>\n<meta name=\"twitter:card\" content=\"summary_large_image\" \/>\n<meta name=\"twitter:label1\" content=\"Escrito por\" \/>\n\t<meta name=\"twitter:data1\" content=\"Luiz Carlos da Cruz\" \/>\n\t<meta name=\"twitter:label2\" content=\"Est. tempo de leitura\" \/>\n\t<meta name=\"twitter:data2\" content=\"3 minutos\" \/>\n<script type=\"application\/ld+json\" class=\"yoast-schema-graph\">{\"@context\":\"https:\\\/\\\/schema.org\",\"@graph\":[{\"@type\":\"Article\",\"@id\":\"https:\\\/\\\/jornalboasnoticias.com.br\\\/home\\\/ministerio-da-agricultura-descarta-novos-casos-de-doenca-aviaria-no-rs\\\/#article\",\"isPartOf\":{\"@id\":\"https:\\\/\\\/jornalboasnoticias.com.br\\\/home\\\/ministerio-da-agricultura-descarta-novos-casos-de-doenca-aviaria-no-rs\\\/\"},\"author\":{\"name\":\"Luiz Carlos da Cruz\",\"@id\":\"https:\\\/\\\/jornalboasnoticias.com.br\\\/home\\\/#\\\/schema\\\/person\\\/75f9ebde398c998c166475fb446bda62\"},\"headline\":\"Minist\u00e9rio da Agricultura descarta novos casos de doen\u00e7a avi\u00e1ria no RS\",\"datePublished\":\"2024-07-22T01:04:59+00:00\",\"mainEntityOfPage\":{\"@id\":\"https:\\\/\\\/jornalboasnoticias.com.br\\\/home\\\/ministerio-da-agricultura-descarta-novos-casos-de-doenca-aviaria-no-rs\\\/\"},\"wordCount\":653,\"commentCount\":0,\"publisher\":{\"@id\":\"https:\\\/\\\/jornalboasnoticias.com.br\\\/home\\\/#organization\"},\"image\":{\"@id\":\"https:\\\/\\\/jornalboasnoticias.com.br\\\/home\\\/ministerio-da-agricultura-descarta-novos-casos-de-doenca-aviaria-no-rs\\\/#primaryimage\"},\"thumbnailUrl\":\"https:\\\/\\\/jornalboasnoticias.com.br\\\/home\\\/wp-content\\\/uploads\\\/2024\\\/07\\\/frangos.jpg\",\"keywords\":[\"Frango\"],\"articleSection\":[\"ECONOMIA\"],\"inLanguage\":\"pt-BR\",\"potentialAction\":[{\"@type\":\"CommentAction\",\"name\":\"Comment\",\"target\":[\"https:\\\/\\\/jornalboasnoticias.com.br\\\/home\\\/ministerio-da-agricultura-descarta-novos-casos-de-doenca-aviaria-no-rs\\\/#respond\"]}]},{\"@type\":\"WebPage\",\"@id\":\"https:\\\/\\\/jornalboasnoticias.com.br\\\/home\\\/ministerio-da-agricultura-descarta-novos-casos-de-doenca-aviaria-no-rs\\\/\",\"url\":\"https:\\\/\\\/jornalboasnoticias.com.br\\\/home\\\/ministerio-da-agricultura-descarta-novos-casos-de-doenca-aviaria-no-rs\\\/\",\"name\":\"Minist\u00e9rio da Agricultura descarta novos casos de doen\u00e7a avi\u00e1ria no RS - Jornal\",\"isPartOf\":{\"@id\":\"https:\\\/\\\/jornalboasnoticias.com.br\\\/home\\\/#website\"},\"primaryImageOfPage\":{\"@id\":\"https:\\\/\\\/jornalboasnoticias.com.br\\\/home\\\/ministerio-da-agricultura-descarta-novos-casos-de-doenca-aviaria-no-rs\\\/#primaryimage\"},\"image\":{\"@id\":\"https:\\\/\\\/jornalboasnoticias.com.br\\\/home\\\/ministerio-da-agricultura-descarta-novos-casos-de-doenca-aviaria-no-rs\\\/#primaryimage\"},\"thumbnailUrl\":\"https:\\\/\\\/jornalboasnoticias.com.br\\\/home\\\/wp-content\\\/uploads\\\/2024\\\/07\\\/frangos.jpg\",\"datePublished\":\"2024-07-22T01:04:59+00:00\",\"description\":\"Minist\u00e9rio da Agricultura descarta novos casos de doen\u00e7a avi\u00e1ria no RS\",\"breadcrumb\":{\"@id\":\"https:\\\/\\\/jornalboasnoticias.com.br\\\/home\\\/ministerio-da-agricultura-descarta-novos-casos-de-doenca-aviaria-no-rs\\\/#breadcrumb\"},\"inLanguage\":\"pt-BR\",\"potentialAction\":[{\"@type\":\"ReadAction\",\"target\":[\"https:\\\/\\\/jornalboasnoticias.com.br\\\/home\\\/ministerio-da-agricultura-descarta-novos-casos-de-doenca-aviaria-no-rs\\\/\"]}]},{\"@type\":\"ImageObject\",\"inLanguage\":\"pt-BR\",\"@id\":\"https:\\\/\\\/jornalboasnoticias.com.br\\\/home\\\/ministerio-da-agricultura-descarta-novos-casos-de-doenca-aviaria-no-rs\\\/#primaryimage\",\"url\":\"https:\\\/\\\/jornalboasnoticias.com.br\\\/home\\\/wp-content\\\/uploads\\\/2024\\\/07\\\/frangos.jpg\",\"contentUrl\":\"https:\\\/\\\/jornalboasnoticias.com.br\\\/home\\\/wp-content\\\/uploads\\\/2024\\\/07\\\/frangos.jpg\",\"width\":1170,\"height\":700,\"caption\":\"Foto: Ag\u00eancia Brasil\"},{\"@type\":\"BreadcrumbList\",\"@id\":\"https:\\\/\\\/jornalboasnoticias.com.br\\\/home\\\/ministerio-da-agricultura-descarta-novos-casos-de-doenca-aviaria-no-rs\\\/#breadcrumb\",\"itemListElement\":[{\"@type\":\"ListItem\",\"position\":1,\"name\":\"In\u00edcio\",\"item\":\"https:\\\/\\\/jornalboasnoticias.com.br\\\/home\\\/\"},{\"@type\":\"ListItem\",\"position\":2,\"name\":\"Minist\u00e9rio da Agricultura descarta novos casos de doen\u00e7a avi\u00e1ria no RS\"}]},{\"@type\":\"WebSite\",\"@id\":\"https:\\\/\\\/jornalboasnoticias.com.br\\\/home\\\/#website\",\"url\":\"https:\\\/\\\/jornalboasnoticias.com.br\\\/home\\\/\",\"name\":\"Jornal Boas Not\u00edcias\",\"description\":\"Boas not\u00edcias\",\"publisher\":{\"@id\":\"https:\\\/\\\/jornalboasnoticias.com.br\\\/home\\\/#organization\"},\"potentialAction\":[{\"@type\":\"SearchAction\",\"target\":{\"@type\":\"EntryPoint\",\"urlTemplate\":\"https:\\\/\\\/jornalboasnoticias.com.br\\\/home\\\/?s={search_term_string}\"},\"query-input\":{\"@type\":\"PropertyValueSpecification\",\"valueRequired\":true,\"valueName\":\"search_term_string\"}}],\"inLanguage\":\"pt-BR\"},{\"@type\":\"Organization\",\"@id\":\"https:\\\/\\\/jornalboasnoticias.com.br\\\/home\\\/#organization\",\"name\":\"Coq Editora Ltda\",\"alternateName\":\"Jornal Boas Noticias\",\"url\":\"https:\\\/\\\/jornalboasnoticias.com.br\\\/home\\\/\",\"logo\":{\"@type\":\"ImageObject\",\"inLanguage\":\"pt-BR\",\"@id\":\"https:\\\/\\\/jornalboasnoticias.com.br\\\/home\\\/#\\\/schema\\\/logo\\\/image\\\/\",\"url\":\"https:\\\/\\\/jornalboasnoticias.com.br\\\/home\\\/wp-content\\\/uploads\\\/2024\\\/07\\\/cropped-logo.jpg\",\"contentUrl\":\"https:\\\/\\\/jornalboasnoticias.com.br\\\/home\\\/wp-content\\\/uploads\\\/2024\\\/07\\\/cropped-logo.jpg\",\"width\":290,\"height\":142,\"caption\":\"Coq Editora Ltda\"},\"image\":{\"@id\":\"https:\\\/\\\/jornalboasnoticias.com.br\\\/home\\\/#\\\/schema\\\/logo\\\/image\\\/\"},\"sameAs\":[\"https:\\\/\\\/www.facebook.com\\\/boasnoticiasjornal\"]},{\"@type\":\"Person\",\"@id\":\"https:\\\/\\\/jornalboasnoticias.com.br\\\/home\\\/#\\\/schema\\\/person\\\/75f9ebde398c998c166475fb446bda62\",\"name\":\"Luiz Carlos da Cruz\",\"image\":{\"@type\":\"ImageObject\",\"inLanguage\":\"pt-BR\",\"@id\":\"https:\\\/\\\/secure.gravatar.com\\\/avatar\\\/e6f4f45301b6cb8572f7b076572e8ac11c1db80e805d8c8d0858cf286ce3ac3b?s=96&d=mm&r=g\",\"url\":\"https:\\\/\\\/secure.gravatar.com\\\/avatar\\\/e6f4f45301b6cb8572f7b076572e8ac11c1db80e805d8c8d0858cf286ce3ac3b?s=96&d=mm&r=g\",\"contentUrl\":\"https:\\\/\\\/secure.gravatar.com\\\/avatar\\\/e6f4f45301b6cb8572f7b076572e8ac11c1db80e805d8c8d0858cf286ce3ac3b?s=96&d=mm&r=g\",\"caption\":\"Luiz Carlos da Cruz\"},\"url\":\"https:\\\/\\\/jornalboasnoticias.com.br\\\/home\\\/author\\\/luiz-carlos-da-cruz\\\/\"}]}<\/script>\n<!-- \/ Yoast SEO plugin. -->","yoast_head_json":{"title":"Minist\u00e9rio da Agricultura descarta novos casos de doen\u00e7a avi\u00e1ria no RS - Jornal","description":"Minist\u00e9rio da Agricultura descarta novos casos de doen\u00e7a avi\u00e1ria no RS","robots":{"index":"index","follow":"follow","max-snippet":"max-snippet:-1","max-image-preview":"max-image-preview:large","max-video-preview":"max-video-preview:-1"},"canonical":"https:\/\/jornalboasnoticias.com.br\/home\/ministerio-da-agricultura-descarta-novos-casos-de-doenca-aviaria-no-rs\/","og_locale":"pt_BR","og_type":"article","og_title":"Minist\u00e9rio da Agricultura descarta novos casos de doen\u00e7a avi\u00e1ria no RS - Jornal","og_description":"Minist\u00e9rio da Agricultura descarta novos casos de doen\u00e7a avi\u00e1ria no RS","og_url":"https:\/\/jornalboasnoticias.com.br\/home\/ministerio-da-agricultura-descarta-novos-casos-de-doenca-aviaria-no-rs\/","og_site_name":"Jornal","article_publisher":"https:\/\/www.facebook.com\/boasnoticiasjornal","article_published_time":"2024-07-22T01:04:59+00:00","og_image":[{"width":1170,"height":700,"url":"https:\/\/jornalboasnoticias.com.br\/home\/wp-content\/uploads\/2024\/07\/frangos.jpg","type":"image\/jpeg"}],"author":"Luiz Carlos da Cruz","twitter_card":"summary_large_image","twitter_misc":{"Escrito por":"Luiz Carlos da Cruz","Est. tempo de leitura":"3 minutos"},"schema":{"@context":"https:\/\/schema.org","@graph":[{"@type":"Article","@id":"https:\/\/jornalboasnoticias.com.br\/home\/ministerio-da-agricultura-descarta-novos-casos-de-doenca-aviaria-no-rs\/#article","isPartOf":{"@id":"https:\/\/jornalboasnoticias.com.br\/home\/ministerio-da-agricultura-descarta-novos-casos-de-doenca-aviaria-no-rs\/"},"author":{"name":"Luiz Carlos da Cruz","@id":"https:\/\/jornalboasnoticias.com.br\/home\/#\/schema\/person\/75f9ebde398c998c166475fb446bda62"},"headline":"Minist\u00e9rio da Agricultura descarta novos casos de doen\u00e7a avi\u00e1ria no RS","datePublished":"2024-07-22T01:04:59+00:00","mainEntityOfPage":{"@id":"https:\/\/jornalboasnoticias.com.br\/home\/ministerio-da-agricultura-descarta-novos-casos-de-doenca-aviaria-no-rs\/"},"wordCount":653,"commentCount":0,"publisher":{"@id":"https:\/\/jornalboasnoticias.com.br\/home\/#organization"},"image":{"@id":"https:\/\/jornalboasnoticias.com.br\/home\/ministerio-da-agricultura-descarta-novos-casos-de-doenca-aviaria-no-rs\/#primaryimage"},"thumbnailUrl":"https:\/\/jornalboasnoticias.com.br\/home\/wp-content\/uploads\/2024\/07\/frangos.jpg","keywords":["Frango"],"articleSection":["ECONOMIA"],"inLanguage":"pt-BR","potentialAction":[{"@type":"CommentAction","name":"Comment","target":["https:\/\/jornalboasnoticias.com.br\/home\/ministerio-da-agricultura-descarta-novos-casos-de-doenca-aviaria-no-rs\/#respond"]}]},{"@type":"WebPage","@id":"https:\/\/jornalboasnoticias.com.br\/home\/ministerio-da-agricultura-descarta-novos-casos-de-doenca-aviaria-no-rs\/","url":"https:\/\/jornalboasnoticias.com.br\/home\/ministerio-da-agricultura-descarta-novos-casos-de-doenca-aviaria-no-rs\/","name":"Minist\u00e9rio da Agricultura descarta novos casos de doen\u00e7a avi\u00e1ria no RS - Jornal","isPartOf":{"@id":"https:\/\/jornalboasnoticias.com.br\/home\/#website"},"primaryImageOfPage":{"@id":"https:\/\/jornalboasnoticias.com.br\/home\/ministerio-da-agricultura-descarta-novos-casos-de-doenca-aviaria-no-rs\/#primaryimage"},"image":{"@id":"https:\/\/jornalboasnoticias.com.br\/home\/ministerio-da-agricultura-descarta-novos-casos-de-doenca-aviaria-no-rs\/#primaryimage"},"thumbnailUrl":"https:\/\/jornalboasnoticias.com.br\/home\/wp-content\/uploads\/2024\/07\/frangos.jpg","datePublished":"2024-07-22T01:04:59+00:00","description":"Minist\u00e9rio da Agricultura descarta novos casos de doen\u00e7a avi\u00e1ria no RS","breadcrumb":{"@id":"https:\/\/jornalboasnoticias.com.br\/home\/ministerio-da-agricultura-descarta-novos-casos-de-doenca-aviaria-no-rs\/#breadcrumb"},"inLanguage":"pt-BR","potentialAction":[{"@type":"ReadAction","target":["https:\/\/jornalboasnoticias.com.br\/home\/ministerio-da-agricultura-descarta-novos-casos-de-doenca-aviaria-no-rs\/"]}]},{"@type":"ImageObject","inLanguage":"pt-BR","@id":"https:\/\/jornalboasnoticias.com.br\/home\/ministerio-da-agricultura-descarta-novos-casos-de-doenca-aviaria-no-rs\/#primaryimage","url":"https:\/\/jornalboasnoticias.com.br\/home\/wp-content\/uploads\/2024\/07\/frangos.jpg","contentUrl":"https:\/\/jornalboasnoticias.com.br\/home\/wp-content\/uploads\/2024\/07\/frangos.jpg","width":1170,"height":700,"caption":"Foto: Ag\u00eancia Brasil"},{"@type":"BreadcrumbList","@id":"https:\/\/jornalboasnoticias.com.br\/home\/ministerio-da-agricultura-descarta-novos-casos-de-doenca-aviaria-no-rs\/#breadcrumb","itemListElement":[{"@type":"ListItem","position":1,"name":"In\u00edcio","item":"https:\/\/jornalboasnoticias.com.br\/home\/"},{"@type":"ListItem","position":2,"name":"Minist\u00e9rio da Agricultura descarta novos casos de doen\u00e7a avi\u00e1ria no RS"}]},{"@type":"WebSite","@id":"https:\/\/jornalboasnoticias.com.br\/home\/#website","url":"https:\/\/jornalboasnoticias.com.br\/home\/","name":"Jornal Boas Not\u00edcias","description":"Boas not\u00edcias","publisher":{"@id":"https:\/\/jornalboasnoticias.com.br\/home\/#organization"},"potentialAction":[{"@type":"SearchAction","target":{"@type":"EntryPoint","urlTemplate":"https:\/\/jornalboasnoticias.com.br\/home\/?s={search_term_string}"},"query-input":{"@type":"PropertyValueSpecification","valueRequired":true,"valueName":"search_term_string"}}],"inLanguage":"pt-BR"},{"@type":"Organization","@id":"https:\/\/jornalboasnoticias.com.br\/home\/#organization","name":"Coq Editora Ltda","alternateName":"Jornal Boas Noticias","url":"https:\/\/jornalboasnoticias.com.br\/home\/","logo":{"@type":"ImageObject","inLanguage":"pt-BR","@id":"https:\/\/jornalboasnoticias.com.br\/home\/#\/schema\/logo\/image\/","url":"https:\/\/jornalboasnoticias.com.br\/home\/wp-content\/uploads\/2024\/07\/cropped-logo.jpg","contentUrl":"https:\/\/jornalboasnoticias.com.br\/home\/wp-content\/uploads\/2024\/07\/cropped-logo.jpg","width":290,"height":142,"caption":"Coq Editora Ltda"},"image":{"@id":"https:\/\/jornalboasnoticias.com.br\/home\/#\/schema\/logo\/image\/"},"sameAs":["https:\/\/www.facebook.com\/boasnoticiasjornal"]},{"@type":"Person","@id":"https:\/\/jornalboasnoticias.com.br\/home\/#\/schema\/person\/75f9ebde398c998c166475fb446bda62","name":"Luiz Carlos da Cruz","image":{"@type":"ImageObject","inLanguage":"pt-BR","@id":"https:\/\/secure.gravatar.com\/avatar\/e6f4f45301b6cb8572f7b076572e8ac11c1db80e805d8c8d0858cf286ce3ac3b?s=96&d=mm&r=g","url":"https:\/\/secure.gravatar.com\/avatar\/e6f4f45301b6cb8572f7b076572e8ac11c1db80e805d8c8d0858cf286ce3ac3b?s=96&d=mm&r=g","contentUrl":"https:\/\/secure.gravatar.com\/avatar\/e6f4f45301b6cb8572f7b076572e8ac11c1db80e805d8c8d0858cf286ce3ac3b?s=96&d=mm&r=g","caption":"Luiz Carlos da Cruz"},"url":"https:\/\/jornalboasnoticias.com.br\/home\/author\/luiz-carlos-da-cruz\/"}]}},"_links":{"self":[{"href":"https:\/\/jornalboasnoticias.com.br\/home\/wp-json\/wp\/v2\/posts\/43014","targetHints":{"allow":["GET"]}}],"collection":[{"href":"https:\/\/jornalboasnoticias.com.br\/home\/wp-json\/wp\/v2\/posts"}],"about":[{"href":"https:\/\/jornalboasnoticias.com.br\/home\/wp-json\/wp\/v2\/types\/post"}],"author":[{"embeddable":true,"href":"https:\/\/jornalboasnoticias.com.br\/home\/wp-json\/wp\/v2\/users\/3"}],"replies":[{"embeddable":true,"href":"https:\/\/jornalboasnoticias.com.br\/home\/wp-json\/wp\/v2\/comments?post=43014"}],"version-history":[{"count":0,"href":"https:\/\/jornalboasnoticias.com.br\/home\/wp-json\/wp\/v2\/posts\/43014\/revisions"}],"wp:featuredmedia":[{"embeddable":true,"href":"https:\/\/jornalboasnoticias.com.br\/home\/wp-json\/wp\/v2\/media\/43015"}],"wp:attachment":[{"href":"https:\/\/jornalboasnoticias.com.br\/home\/wp-json\/wp\/v2\/media?parent=43014"}],"wp:term":[{"taxonomy":"category","embeddable":true,"href":"https:\/\/jornalboasnoticias.com.br\/home\/wp-json\/wp\/v2\/categories?post=43014"},{"taxonomy":"post_tag","embeddable":true,"href":"https:\/\/jornalboasnoticias.com.br\/home\/wp-json\/wp\/v2\/tags?post=43014"}],"curies":[{"name":"wp","href":"https:\/\/api.w.org\/{rel}","templated":true}]}}