{"id":43004,"date":"2024-07-19T16:42:45","date_gmt":"2024-07-19T19:42:45","guid":{"rendered":"https:\/\/www.jornalboasnoticias.com.br\/?p=43004"},"modified":"2024-07-19T16:42:45","modified_gmt":"2024-07-19T19:42:45","slug":"forca-tarefa-da-saude-vai-levar-vacinacao-para-cerca-de-700-criancas-menores-de-5-anos-nas-casas","status":"publish","type":"post","link":"https:\/\/jornalboasnoticias.com.br\/home\/forca-tarefa-da-saude-vai-levar-vacinacao-para-cerca-de-700-criancas-menores-de-5-anos-nas-casas\/","title":{"rendered":"For\u00e7a-tarefa da sa\u00fade vai levar vacina\u00e7\u00e3o para cerca de 700 crian\u00e7as menores de 5 anos nas casas"},"content":{"rendered":"<blockquote>\n<p style=\"text-align: center;\">Imuniza\u00e7\u00e3o ser\u00e1 contra a p\u00f3lio e o sarampo<\/p>\n<\/blockquote>\n<p>Para aumentar a cobertura vacinal das crian\u00e7as de seis meses a menores de 5 anos, a Secretaria de Sa\u00fade de Cascavel vai levar a vacina\u00e7\u00e3o contra a p\u00f3lio e o sarampo direto at\u00e9 as resid\u00eancias dos cascavelenses. A medida atende ao Monitoramento das Estrat\u00e9gias de Vacina\u00e7\u00e3o e a uma for\u00e7a-tarefa que acontece em todo o Paran\u00e1 para ampliar o \u00edndice de crian\u00e7as imunizadas.<\/p>\n<p>A partir de segunda-feira (22) at\u00e9 o dia 15 de agosto, 200 profissionais da Sa\u00fade v\u00e3o visitar 669 crian\u00e7as em Cascavel para avalia\u00e7\u00e3o da carteirinha de vacina\u00e7\u00e3o. Caso a crian\u00e7a ainda n\u00e3o esteja imunizada, a aplica\u00e7\u00e3o da dose ser\u00e1 realizada na pr\u00f3pria resid\u00eancia.<\/p>\n<p>Esse n\u00famero leva em considera\u00e7\u00e3o que no Munic\u00edpio h\u00e1 mais de 22 mil crian\u00e7as na faixa et\u00e1ria do p\u00fablico-alvo, portanto, para ter uma amostragem precisa, o trabalho ser\u00e1 realizado em 3% dessas crian\u00e7as. Cada unidade de sa\u00fade vai definir as crian\u00e7as no pr\u00f3prio territ\u00f3rio de atua\u00e7\u00e3o num processo aleat\u00f3rio.<\/p>\n<p>Para garantir a seguran\u00e7a do processo, os profissionais da sa\u00fade estar\u00e3o identificados e em caso de qualquer d\u00favida podem acionar o PMI (Programa Municipal de Imuniza\u00e7\u00e3o) pelo telefone (45) 3392-6404.<\/p>\n<p>A coordenadora do PMI, Ana Carolina Rossin, explica a estrat\u00e9gia. \u201cOs resultados v\u00e3o auxiliar na avalia\u00e7\u00e3o do risco de exposi\u00e7\u00e3o da popula\u00e7\u00e3o \u00e0s doen\u00e7as imunopreven\u00edveis em quest\u00e3o e mapear \u00e1reas com pessoas suscet\u00edveis pela n\u00e3o vacina\u00e7\u00e3o, possibilitando a implementa\u00e7\u00e3o de a\u00e7\u00f5es corretivas para elevar as coberturas vacinais nessas \u00e1reas\u201d, observa.<\/p>\n<p>Em Cascavel, neste ano, a segunda dose contra o sarampo n\u00e3o chegou a 50% de cobertura, a poliomielite est\u00e1 mais avan\u00e7ada, com 88,55% de cobertura na dose de refor\u00e7o, mas ainda longe dos 95% preconizado pelo Minist\u00e9rio da Sa\u00fade. Vale destacar que ambas as vacinas s\u00e3o comprovadamente eficazes e garantem a prote\u00e7\u00e3o dos pequenos contra essas doen\u00e7as que podem levar a morte. A vacina \u00e9 um direto das crian\u00e7as.<\/p>\n<p>Caso os pais recusem a vacina\u00e7\u00e3o, a informa\u00e7\u00e3o ser\u00e1 repassada ao Conselho Tutelar.<\/p>\n<h2>Dados cobertura vacinal<\/h2>\n<p><strong>ANO DE 2023<\/strong><br \/>\nPoliomielite: 89,38<br \/>\nPoliomielite (refor\u00e7o): 83,71%<br \/>\nSarampo 1\u00aa dose: 107,97%<br \/>\nSarampo 2\u00aa dose: 50,60%<\/p>\n<p><strong>ANO DE 2024<\/strong><br \/>\nPoliomielite: 88,71%<br \/>\nPoliomielite (refor\u00e7o): 88,55%<br \/>\nSarampo 1\u00aa dose: 108,39%<br \/>\nSarampo 2\u00aa dose: 46,90%<\/p>\n<p><em>Assessoria Prefeitura de Cascavel\u00a0<\/em><\/p>\n","protected":false},"excerpt":{"rendered":"<p>Imuniza\u00e7\u00e3o ser\u00e1 contra a p\u00f3lio e o sarampo Para aumentar a cobertura vacinal das crian\u00e7as<\/p>\n","protected":false},"author":2,"featured_media":43005,"comment_status":"open","ping_status":"open","sticky":false,"template":"","format":"standard","meta":{"footnotes":""},"categories":[2,3],"tags":[],"class_list":["post-43004","post","type-post","status-publish","format-standard","has-post-thumbnail","hentry","category-cascavel","category-destaques"],"yoast_head":"<!-- This site is optimized with the Yoast SEO plugin v27.5 - https:\/\/yoast.com\/product\/yoast-seo-wordpress\/ -->\n<title>For\u00e7a-tarefa da sa\u00fade vai levar vacina\u00e7\u00e3o para cerca de 700 crian\u00e7as menores de 5 anos nas casas - Jornal<\/title>\n<meta name=\"description\" content=\"For\u00e7a-tarefa da sa\u00fade vai levar vacina\u00e7\u00e3o para cerca de 700 crian\u00e7as menores de 5 anos nas casas\" \/>\n<meta name=\"robots\" content=\"index, follow, max-snippet:-1, max-image-preview:large, max-video-preview:-1\" \/>\n<link rel=\"canonical\" href=\"https:\/\/jornalboasnoticias.com.br\/home\/forca-tarefa-da-saude-vai-levar-vacinacao-para-cerca-de-700-criancas-menores-de-5-anos-nas-casas\/\" \/>\n<meta property=\"og:locale\" content=\"pt_BR\" \/>\n<meta property=\"og:type\" content=\"article\" \/>\n<meta property=\"og:title\" content=\"For\u00e7a-tarefa da sa\u00fade vai levar vacina\u00e7\u00e3o para cerca de 700 crian\u00e7as menores de 5 anos nas casas - Jornal\" \/>\n<meta property=\"og:description\" content=\"For\u00e7a-tarefa da sa\u00fade vai levar vacina\u00e7\u00e3o para cerca de 700 crian\u00e7as menores de 5 anos nas casas\" \/>\n<meta property=\"og:url\" content=\"https:\/\/jornalboasnoticias.com.br\/home\/forca-tarefa-da-saude-vai-levar-vacinacao-para-cerca-de-700-criancas-menores-de-5-anos-nas-casas\/\" \/>\n<meta property=\"og:site_name\" content=\"Jornal\" \/>\n<meta property=\"article:publisher\" content=\"https:\/\/www.facebook.com\/boasnoticiasjornal\" \/>\n<meta property=\"article:published_time\" content=\"2024-07-19T19:42:45+00:00\" \/>\n<meta property=\"og:image\" content=\"https:\/\/jornalboasnoticias.com.br\/home\/wp-content\/uploads\/2024\/07\/ff9caebe-b3c5-41ef-922c-8f503e9a4397.jpeg\" \/>\n\t<meta property=\"og:image:width\" content=\"1280\" \/>\n\t<meta property=\"og:image:height\" content=\"853\" \/>\n\t<meta property=\"og:image:type\" content=\"image\/jpeg\" \/>\n<meta name=\"author\" content=\"Maria Bonatto\" \/>\n<meta name=\"twitter:card\" content=\"summary_large_image\" \/>\n<meta name=\"twitter:label1\" content=\"Escrito por\" \/>\n\t<meta name=\"twitter:data1\" content=\"Maria Bonatto\" \/>\n\t<meta name=\"twitter:label2\" content=\"Est. tempo de leitura\" \/>\n\t<meta name=\"twitter:data2\" content=\"2 minutos\" \/>\n<script type=\"application\/ld+json\" class=\"yoast-schema-graph\">{\"@context\":\"https:\\\/\\\/schema.org\",\"@graph\":[{\"@type\":\"Article\",\"@id\":\"https:\\\/\\\/jornalboasnoticias.com.br\\\/home\\\/forca-tarefa-da-saude-vai-levar-vacinacao-para-cerca-de-700-criancas-menores-de-5-anos-nas-casas\\\/#article\",\"isPartOf\":{\"@id\":\"https:\\\/\\\/jornalboasnoticias.com.br\\\/home\\\/forca-tarefa-da-saude-vai-levar-vacinacao-para-cerca-de-700-criancas-menores-de-5-anos-nas-casas\\\/\"},\"author\":{\"name\":\"Maria Bonatto\",\"@id\":\"https:\\\/\\\/jornalboasnoticias.com.br\\\/home\\\/#\\\/schema\\\/person\\\/71a4be4d1685617d6d00f15f0f2952ee\"},\"headline\":\"For\u00e7a-tarefa da sa\u00fade vai levar vacina\u00e7\u00e3o para cerca de 700 crian\u00e7as menores de 5 anos nas casas\",\"datePublished\":\"2024-07-19T19:42:45+00:00\",\"mainEntityOfPage\":{\"@id\":\"https:\\\/\\\/jornalboasnoticias.com.br\\\/home\\\/forca-tarefa-da-saude-vai-levar-vacinacao-para-cerca-de-700-criancas-menores-de-5-anos-nas-casas\\\/\"},\"wordCount\":422,\"commentCount\":0,\"publisher\":{\"@id\":\"https:\\\/\\\/jornalboasnoticias.com.br\\\/home\\\/#organization\"},\"image\":{\"@id\":\"https:\\\/\\\/jornalboasnoticias.com.br\\\/home\\\/forca-tarefa-da-saude-vai-levar-vacinacao-para-cerca-de-700-criancas-menores-de-5-anos-nas-casas\\\/#primaryimage\"},\"thumbnailUrl\":\"https:\\\/\\\/jornalboasnoticias.com.br\\\/home\\\/wp-content\\\/uploads\\\/2024\\\/07\\\/ff9caebe-b3c5-41ef-922c-8f503e9a4397.jpeg\",\"articleSection\":[\"CASCAVEL\",\"DESTAQUE\"],\"inLanguage\":\"pt-BR\",\"potentialAction\":[{\"@type\":\"CommentAction\",\"name\":\"Comment\",\"target\":[\"https:\\\/\\\/jornalboasnoticias.com.br\\\/home\\\/forca-tarefa-da-saude-vai-levar-vacinacao-para-cerca-de-700-criancas-menores-de-5-anos-nas-casas\\\/#respond\"]}]},{\"@type\":\"WebPage\",\"@id\":\"https:\\\/\\\/jornalboasnoticias.com.br\\\/home\\\/forca-tarefa-da-saude-vai-levar-vacinacao-para-cerca-de-700-criancas-menores-de-5-anos-nas-casas\\\/\",\"url\":\"https:\\\/\\\/jornalboasnoticias.com.br\\\/home\\\/forca-tarefa-da-saude-vai-levar-vacinacao-para-cerca-de-700-criancas-menores-de-5-anos-nas-casas\\\/\",\"name\":\"For\u00e7a-tarefa da sa\u00fade vai levar vacina\u00e7\u00e3o para cerca de 700 crian\u00e7as menores de 5 anos nas casas - Jornal\",\"isPartOf\":{\"@id\":\"https:\\\/\\\/jornalboasnoticias.com.br\\\/home\\\/#website\"},\"primaryImageOfPage\":{\"@id\":\"https:\\\/\\\/jornalboasnoticias.com.br\\\/home\\\/forca-tarefa-da-saude-vai-levar-vacinacao-para-cerca-de-700-criancas-menores-de-5-anos-nas-casas\\\/#primaryimage\"},\"image\":{\"@id\":\"https:\\\/\\\/jornalboasnoticias.com.br\\\/home\\\/forca-tarefa-da-saude-vai-levar-vacinacao-para-cerca-de-700-criancas-menores-de-5-anos-nas-casas\\\/#primaryimage\"},\"thumbnailUrl\":\"https:\\\/\\\/jornalboasnoticias.com.br\\\/home\\\/wp-content\\\/uploads\\\/2024\\\/07\\\/ff9caebe-b3c5-41ef-922c-8f503e9a4397.jpeg\",\"datePublished\":\"2024-07-19T19:42:45+00:00\",\"description\":\"For\u00e7a-tarefa da sa\u00fade vai levar vacina\u00e7\u00e3o para cerca de 700 crian\u00e7as menores de 5 anos nas casas\",\"breadcrumb\":{\"@id\":\"https:\\\/\\\/jornalboasnoticias.com.br\\\/home\\\/forca-tarefa-da-saude-vai-levar-vacinacao-para-cerca-de-700-criancas-menores-de-5-anos-nas-casas\\\/#breadcrumb\"},\"inLanguage\":\"pt-BR\",\"potentialAction\":[{\"@type\":\"ReadAction\",\"target\":[\"https:\\\/\\\/jornalboasnoticias.com.br\\\/home\\\/forca-tarefa-da-saude-vai-levar-vacinacao-para-cerca-de-700-criancas-menores-de-5-anos-nas-casas\\\/\"]}]},{\"@type\":\"ImageObject\",\"inLanguage\":\"pt-BR\",\"@id\":\"https:\\\/\\\/jornalboasnoticias.com.br\\\/home\\\/forca-tarefa-da-saude-vai-levar-vacinacao-para-cerca-de-700-criancas-menores-de-5-anos-nas-casas\\\/#primaryimage\",\"url\":\"https:\\\/\\\/jornalboasnoticias.com.br\\\/home\\\/wp-content\\\/uploads\\\/2024\\\/07\\\/ff9caebe-b3c5-41ef-922c-8f503e9a4397.jpeg\",\"contentUrl\":\"https:\\\/\\\/jornalboasnoticias.com.br\\\/home\\\/wp-content\\\/uploads\\\/2024\\\/07\\\/ff9caebe-b3c5-41ef-922c-8f503e9a4397.jpeg\",\"width\":1280,\"height\":853},{\"@type\":\"BreadcrumbList\",\"@id\":\"https:\\\/\\\/jornalboasnoticias.com.br\\\/home\\\/forca-tarefa-da-saude-vai-levar-vacinacao-para-cerca-de-700-criancas-menores-de-5-anos-nas-casas\\\/#breadcrumb\",\"itemListElement\":[{\"@type\":\"ListItem\",\"position\":1,\"name\":\"In\u00edcio\",\"item\":\"https:\\\/\\\/jornalboasnoticias.com.br\\\/home\\\/\"},{\"@type\":\"ListItem\",\"position\":2,\"name\":\"For\u00e7a-tarefa da sa\u00fade vai levar vacina\u00e7\u00e3o para cerca de 700 crian\u00e7as menores de 5 anos nas casas\"}]},{\"@type\":\"WebSite\",\"@id\":\"https:\\\/\\\/jornalboasnoticias.com.br\\\/home\\\/#website\",\"url\":\"https:\\\/\\\/jornalboasnoticias.com.br\\\/home\\\/\",\"name\":\"Jornal Boas Not\u00edcias\",\"description\":\"Boas not\u00edcias\",\"publisher\":{\"@id\":\"https:\\\/\\\/jornalboasnoticias.com.br\\\/home\\\/#organization\"},\"potentialAction\":[{\"@type\":\"SearchAction\",\"target\":{\"@type\":\"EntryPoint\",\"urlTemplate\":\"https:\\\/\\\/jornalboasnoticias.com.br\\\/home\\\/?s={search_term_string}\"},\"query-input\":{\"@type\":\"PropertyValueSpecification\",\"valueRequired\":true,\"valueName\":\"search_term_string\"}}],\"inLanguage\":\"pt-BR\"},{\"@type\":\"Organization\",\"@id\":\"https:\\\/\\\/jornalboasnoticias.com.br\\\/home\\\/#organization\",\"name\":\"Coq Editora Ltda\",\"alternateName\":\"Jornal Boas Noticias\",\"url\":\"https:\\\/\\\/jornalboasnoticias.com.br\\\/home\\\/\",\"logo\":{\"@type\":\"ImageObject\",\"inLanguage\":\"pt-BR\",\"@id\":\"https:\\\/\\\/jornalboasnoticias.com.br\\\/home\\\/#\\\/schema\\\/logo\\\/image\\\/\",\"url\":\"https:\\\/\\\/jornalboasnoticias.com.br\\\/home\\\/wp-content\\\/uploads\\\/2024\\\/07\\\/cropped-logo.jpg\",\"contentUrl\":\"https:\\\/\\\/jornalboasnoticias.com.br\\\/home\\\/wp-content\\\/uploads\\\/2024\\\/07\\\/cropped-logo.jpg\",\"width\":290,\"height\":142,\"caption\":\"Coq Editora Ltda\"},\"image\":{\"@id\":\"https:\\\/\\\/jornalboasnoticias.com.br\\\/home\\\/#\\\/schema\\\/logo\\\/image\\\/\"},\"sameAs\":[\"https:\\\/\\\/www.facebook.com\\\/boasnoticiasjornal\"]},{\"@type\":\"Person\",\"@id\":\"https:\\\/\\\/jornalboasnoticias.com.br\\\/home\\\/#\\\/schema\\\/person\\\/71a4be4d1685617d6d00f15f0f2952ee\",\"name\":\"Maria Bonatto\",\"image\":{\"@type\":\"ImageObject\",\"inLanguage\":\"pt-BR\",\"@id\":\"https:\\\/\\\/secure.gravatar.com\\\/avatar\\\/61bdbd92f7d53dd2fedfe556279602d97507ae906fdeb9624602488dcdcd042f?s=96&d=mm&r=g\",\"url\":\"https:\\\/\\\/secure.gravatar.com\\\/avatar\\\/61bdbd92f7d53dd2fedfe556279602d97507ae906fdeb9624602488dcdcd042f?s=96&d=mm&r=g\",\"contentUrl\":\"https:\\\/\\\/secure.gravatar.com\\\/avatar\\\/61bdbd92f7d53dd2fedfe556279602d97507ae906fdeb9624602488dcdcd042f?s=96&d=mm&r=g\",\"caption\":\"Maria Bonatto\"},\"url\":\"https:\\\/\\\/jornalboasnoticias.com.br\\\/home\\\/author\\\/ana-bonatto\\\/\"}]}<\/script>\n<!-- \/ Yoast SEO plugin. -->","yoast_head_json":{"title":"For\u00e7a-tarefa da sa\u00fade vai levar vacina\u00e7\u00e3o para cerca de 700 crian\u00e7as menores de 5 anos nas casas - Jornal","description":"For\u00e7a-tarefa da sa\u00fade vai levar vacina\u00e7\u00e3o para cerca de 700 crian\u00e7as menores de 5 anos nas casas","robots":{"index":"index","follow":"follow","max-snippet":"max-snippet:-1","max-image-preview":"max-image-preview:large","max-video-preview":"max-video-preview:-1"},"canonical":"https:\/\/jornalboasnoticias.com.br\/home\/forca-tarefa-da-saude-vai-levar-vacinacao-para-cerca-de-700-criancas-menores-de-5-anos-nas-casas\/","og_locale":"pt_BR","og_type":"article","og_title":"For\u00e7a-tarefa da sa\u00fade vai levar vacina\u00e7\u00e3o para cerca de 700 crian\u00e7as menores de 5 anos nas casas - Jornal","og_description":"For\u00e7a-tarefa da sa\u00fade vai levar vacina\u00e7\u00e3o para cerca de 700 crian\u00e7as menores de 5 anos nas casas","og_url":"https:\/\/jornalboasnoticias.com.br\/home\/forca-tarefa-da-saude-vai-levar-vacinacao-para-cerca-de-700-criancas-menores-de-5-anos-nas-casas\/","og_site_name":"Jornal","article_publisher":"https:\/\/www.facebook.com\/boasnoticiasjornal","article_published_time":"2024-07-19T19:42:45+00:00","og_image":[{"width":1280,"height":853,"url":"https:\/\/jornalboasnoticias.com.br\/home\/wp-content\/uploads\/2024\/07\/ff9caebe-b3c5-41ef-922c-8f503e9a4397.jpeg","type":"image\/jpeg"}],"author":"Maria Bonatto","twitter_card":"summary_large_image","twitter_misc":{"Escrito por":"Maria Bonatto","Est. tempo de leitura":"2 minutos"},"schema":{"@context":"https:\/\/schema.org","@graph":[{"@type":"Article","@id":"https:\/\/jornalboasnoticias.com.br\/home\/forca-tarefa-da-saude-vai-levar-vacinacao-para-cerca-de-700-criancas-menores-de-5-anos-nas-casas\/#article","isPartOf":{"@id":"https:\/\/jornalboasnoticias.com.br\/home\/forca-tarefa-da-saude-vai-levar-vacinacao-para-cerca-de-700-criancas-menores-de-5-anos-nas-casas\/"},"author":{"name":"Maria Bonatto","@id":"https:\/\/jornalboasnoticias.com.br\/home\/#\/schema\/person\/71a4be4d1685617d6d00f15f0f2952ee"},"headline":"For\u00e7a-tarefa da sa\u00fade vai levar vacina\u00e7\u00e3o para cerca de 700 crian\u00e7as menores de 5 anos nas casas","datePublished":"2024-07-19T19:42:45+00:00","mainEntityOfPage":{"@id":"https:\/\/jornalboasnoticias.com.br\/home\/forca-tarefa-da-saude-vai-levar-vacinacao-para-cerca-de-700-criancas-menores-de-5-anos-nas-casas\/"},"wordCount":422,"commentCount":0,"publisher":{"@id":"https:\/\/jornalboasnoticias.com.br\/home\/#organization"},"image":{"@id":"https:\/\/jornalboasnoticias.com.br\/home\/forca-tarefa-da-saude-vai-levar-vacinacao-para-cerca-de-700-criancas-menores-de-5-anos-nas-casas\/#primaryimage"},"thumbnailUrl":"https:\/\/jornalboasnoticias.com.br\/home\/wp-content\/uploads\/2024\/07\/ff9caebe-b3c5-41ef-922c-8f503e9a4397.jpeg","articleSection":["CASCAVEL","DESTAQUE"],"inLanguage":"pt-BR","potentialAction":[{"@type":"CommentAction","name":"Comment","target":["https:\/\/jornalboasnoticias.com.br\/home\/forca-tarefa-da-saude-vai-levar-vacinacao-para-cerca-de-700-criancas-menores-de-5-anos-nas-casas\/#respond"]}]},{"@type":"WebPage","@id":"https:\/\/jornalboasnoticias.com.br\/home\/forca-tarefa-da-saude-vai-levar-vacinacao-para-cerca-de-700-criancas-menores-de-5-anos-nas-casas\/","url":"https:\/\/jornalboasnoticias.com.br\/home\/forca-tarefa-da-saude-vai-levar-vacinacao-para-cerca-de-700-criancas-menores-de-5-anos-nas-casas\/","name":"For\u00e7a-tarefa da sa\u00fade vai levar vacina\u00e7\u00e3o para cerca de 700 crian\u00e7as menores de 5 anos nas casas - Jornal","isPartOf":{"@id":"https:\/\/jornalboasnoticias.com.br\/home\/#website"},"primaryImageOfPage":{"@id":"https:\/\/jornalboasnoticias.com.br\/home\/forca-tarefa-da-saude-vai-levar-vacinacao-para-cerca-de-700-criancas-menores-de-5-anos-nas-casas\/#primaryimage"},"image":{"@id":"https:\/\/jornalboasnoticias.com.br\/home\/forca-tarefa-da-saude-vai-levar-vacinacao-para-cerca-de-700-criancas-menores-de-5-anos-nas-casas\/#primaryimage"},"thumbnailUrl":"https:\/\/jornalboasnoticias.com.br\/home\/wp-content\/uploads\/2024\/07\/ff9caebe-b3c5-41ef-922c-8f503e9a4397.jpeg","datePublished":"2024-07-19T19:42:45+00:00","description":"For\u00e7a-tarefa da sa\u00fade vai levar vacina\u00e7\u00e3o para cerca de 700 crian\u00e7as menores de 5 anos nas casas","breadcrumb":{"@id":"https:\/\/jornalboasnoticias.com.br\/home\/forca-tarefa-da-saude-vai-levar-vacinacao-para-cerca-de-700-criancas-menores-de-5-anos-nas-casas\/#breadcrumb"},"inLanguage":"pt-BR","potentialAction":[{"@type":"ReadAction","target":["https:\/\/jornalboasnoticias.com.br\/home\/forca-tarefa-da-saude-vai-levar-vacinacao-para-cerca-de-700-criancas-menores-de-5-anos-nas-casas\/"]}]},{"@type":"ImageObject","inLanguage":"pt-BR","@id":"https:\/\/jornalboasnoticias.com.br\/home\/forca-tarefa-da-saude-vai-levar-vacinacao-para-cerca-de-700-criancas-menores-de-5-anos-nas-casas\/#primaryimage","url":"https:\/\/jornalboasnoticias.com.br\/home\/wp-content\/uploads\/2024\/07\/ff9caebe-b3c5-41ef-922c-8f503e9a4397.jpeg","contentUrl":"https:\/\/jornalboasnoticias.com.br\/home\/wp-content\/uploads\/2024\/07\/ff9caebe-b3c5-41ef-922c-8f503e9a4397.jpeg","width":1280,"height":853},{"@type":"BreadcrumbList","@id":"https:\/\/jornalboasnoticias.com.br\/home\/forca-tarefa-da-saude-vai-levar-vacinacao-para-cerca-de-700-criancas-menores-de-5-anos-nas-casas\/#breadcrumb","itemListElement":[{"@type":"ListItem","position":1,"name":"In\u00edcio","item":"https:\/\/jornalboasnoticias.com.br\/home\/"},{"@type":"ListItem","position":2,"name":"For\u00e7a-tarefa da sa\u00fade vai levar vacina\u00e7\u00e3o para cerca de 700 crian\u00e7as menores de 5 anos nas casas"}]},{"@type":"WebSite","@id":"https:\/\/jornalboasnoticias.com.br\/home\/#website","url":"https:\/\/jornalboasnoticias.com.br\/home\/","name":"Jornal Boas Not\u00edcias","description":"Boas not\u00edcias","publisher":{"@id":"https:\/\/jornalboasnoticias.com.br\/home\/#organization"},"potentialAction":[{"@type":"SearchAction","target":{"@type":"EntryPoint","urlTemplate":"https:\/\/jornalboasnoticias.com.br\/home\/?s={search_term_string}"},"query-input":{"@type":"PropertyValueSpecification","valueRequired":true,"valueName":"search_term_string"}}],"inLanguage":"pt-BR"},{"@type":"Organization","@id":"https:\/\/jornalboasnoticias.com.br\/home\/#organization","name":"Coq Editora Ltda","alternateName":"Jornal Boas Noticias","url":"https:\/\/jornalboasnoticias.com.br\/home\/","logo":{"@type":"ImageObject","inLanguage":"pt-BR","@id":"https:\/\/jornalboasnoticias.com.br\/home\/#\/schema\/logo\/image\/","url":"https:\/\/jornalboasnoticias.com.br\/home\/wp-content\/uploads\/2024\/07\/cropped-logo.jpg","contentUrl":"https:\/\/jornalboasnoticias.com.br\/home\/wp-content\/uploads\/2024\/07\/cropped-logo.jpg","width":290,"height":142,"caption":"Coq Editora Ltda"},"image":{"@id":"https:\/\/jornalboasnoticias.com.br\/home\/#\/schema\/logo\/image\/"},"sameAs":["https:\/\/www.facebook.com\/boasnoticiasjornal"]},{"@type":"Person","@id":"https:\/\/jornalboasnoticias.com.br\/home\/#\/schema\/person\/71a4be4d1685617d6d00f15f0f2952ee","name":"Maria Bonatto","image":{"@type":"ImageObject","inLanguage":"pt-BR","@id":"https:\/\/secure.gravatar.com\/avatar\/61bdbd92f7d53dd2fedfe556279602d97507ae906fdeb9624602488dcdcd042f?s=96&d=mm&r=g","url":"https:\/\/secure.gravatar.com\/avatar\/61bdbd92f7d53dd2fedfe556279602d97507ae906fdeb9624602488dcdcd042f?s=96&d=mm&r=g","contentUrl":"https:\/\/secure.gravatar.com\/avatar\/61bdbd92f7d53dd2fedfe556279602d97507ae906fdeb9624602488dcdcd042f?s=96&d=mm&r=g","caption":"Maria Bonatto"},"url":"https:\/\/jornalboasnoticias.com.br\/home\/author\/ana-bonatto\/"}]}},"_links":{"self":[{"href":"https:\/\/jornalboasnoticias.com.br\/home\/wp-json\/wp\/v2\/posts\/43004","targetHints":{"allow":["GET"]}}],"collection":[{"href":"https:\/\/jornalboasnoticias.com.br\/home\/wp-json\/wp\/v2\/posts"}],"about":[{"href":"https:\/\/jornalboasnoticias.com.br\/home\/wp-json\/wp\/v2\/types\/post"}],"author":[{"embeddable":true,"href":"https:\/\/jornalboasnoticias.com.br\/home\/wp-json\/wp\/v2\/users\/2"}],"replies":[{"embeddable":true,"href":"https:\/\/jornalboasnoticias.com.br\/home\/wp-json\/wp\/v2\/comments?post=43004"}],"version-history":[{"count":0,"href":"https:\/\/jornalboasnoticias.com.br\/home\/wp-json\/wp\/v2\/posts\/43004\/revisions"}],"wp:featuredmedia":[{"embeddable":true,"href":"https:\/\/jornalboasnoticias.com.br\/home\/wp-json\/wp\/v2\/media\/43005"}],"wp:attachment":[{"href":"https:\/\/jornalboasnoticias.com.br\/home\/wp-json\/wp\/v2\/media?parent=43004"}],"wp:term":[{"taxonomy":"category","embeddable":true,"href":"https:\/\/jornalboasnoticias.com.br\/home\/wp-json\/wp\/v2\/categories?post=43004"},{"taxonomy":"post_tag","embeddable":true,"href":"https:\/\/jornalboasnoticias.com.br\/home\/wp-json\/wp\/v2\/tags?post=43004"}],"curies":[{"name":"wp","href":"https:\/\/api.w.org\/{rel}","templated":true}]}}