{"id":42997,"date":"2024-07-19T15:03:07","date_gmt":"2024-07-19T18:03:07","guid":{"rendered":"https:\/\/www.jornalboasnoticias.com.br\/?p=42997"},"modified":"2024-07-19T15:03:07","modified_gmt":"2024-07-19T18:03:07","slug":"gsi-emite-alerta-com-orientacoes-sobre-apagao-cibernetico","status":"publish","type":"post","link":"https:\/\/jornalboasnoticias.com.br\/home\/gsi-emite-alerta-com-orientacoes-sobre-apagao-cibernetico\/","title":{"rendered":"GSI emite alerta com orienta\u00e7\u00f5es sobre apag\u00e3o cibern\u00e9tico"},"content":{"rendered":"<blockquote>\n<p class=\"col-10 offset-1 animated fadeInDown dealy-900 display-8 display-md-8 alt-font font-italic my-1 text-center\">Comunicado \u00e9 voltado principalmente a \u00f3rg\u00e3os p\u00fablicos<\/p>\n<\/blockquote>\n<figure id=\"attachment_42998\" aria-describedby=\"caption-attachment-42998\" style=\"width: 800px\" class=\"wp-caption aligncenter\"><img loading=\"lazy\" decoding=\"async\" class=\"wp-image-42998 size-full\" src=\"https:\/\/jornalboasnoticias.com.br\/home\/wp-content\/uploads\/2024\/07\/IMG_4973-e1721412151623.webp\" alt=\"\" width=\"800\" height=\"479\" srcset=\"https:\/\/jornalboasnoticias.com.br\/home\/wp-content\/uploads\/2024\/07\/IMG_4973-e1721412151623.webp 800w, https:\/\/jornalboasnoticias.com.br\/home\/wp-content\/uploads\/2024\/07\/IMG_4973-e1721412151623-300x180.webp 300w, https:\/\/jornalboasnoticias.com.br\/home\/wp-content\/uploads\/2024\/07\/IMG_4973-e1721412151623-768x460.webp 768w\" sizes=\"auto, (max-width: 800px) 100vw, 800px\" \/><figcaption id=\"caption-attachment-42998\" class=\"wp-caption-text\">\u00a9 Marcelo Camargo\/Ag\u00eancia Brasil<\/figcaption><\/figure>\n<p>O Gabinete de Seguran\u00e7a Institucional (GSI), ligado \u00e0 Presid\u00eancia da Rep\u00fablica, divulgou um alerta orientando\u00a0institui\u00e7\u00f5es e entidades ligadas \u00e0 administra\u00e7\u00e3o p\u00fablica federal sobre procedimentos a serem adotados diante do apag\u00e3o cibern\u00e9tico ocorrido nesta sexta-feira (19). A pane, provocada pela empresa de seguran\u00e7a cibern\u00e9tica CrowdStrike, afetou v\u00e1rios pa\u00edses, inclusive o Brasil.<\/p>\n<p>\u201cO Centro de Preven\u00e7\u00e3o, Tratamento e Resposta a Incidentes Cibern\u00e9ticos de Governo (CTIR Gov) solicita \u00e0s institui\u00e7\u00f5es da Administra\u00e7\u00e3o P\u00fablica Federal (APF) e orienta as demais entidades que identifiquem em seus invent\u00e1rios de ativos a exist\u00eancia do CrowdStrike Falcon em seus parques computacionais e monitorem a publica\u00e7\u00e3o de atualiza\u00e7\u00f5es da aplica\u00e7\u00e3o, disponibilizadas em <a href=\"https:\/\/supportportal.crowdstrike.com\/s\/login\/\" target=\"_blank\" rel=\"noopener\">https:\/\/supportportal.crowdstrike.com\/s\/login\/<\/a>\u201d, informou, em seu site, o GSI.<\/p>\n<h2>Orienta\u00e7\u00f5es<\/h2>\n<p>O alerta acrescenta que medidas de mitiga\u00e7\u00e3o para casos de travamentos ou indisponibilidade de sistemas operacionais Windows envolvem a inicializa\u00e7\u00e3o do Windows no modo de seguran\u00e7a ou no ambiente de recupera\u00e7\u00e3o. Na sequ\u00eancia, \u00e9 necess\u00e1rio acessar o diret\u00f3rio C:\\Windows\\System32\\drivers\\CrowdStrike; identificar o arquivo que corresponde ao padr\u00e3o &#8220;C-00000291*.sys&#8221; e exclu\u00ed-lo. Por fim, reinicializar o sistema.<\/p>\n<p>As orienta\u00e7\u00f5es incluem informa\u00e7\u00f5es preliminares divulgadas pela CrowdStrike sobre o incidente, indicando o <a href=\"https:\/\/www.crowdstrike.com\/blog\/statement-on-windows-sensor-update\/\" target=\"_blank\" rel=\"noopener\">link de acesso ao portal de suporte<\/a>. Informam tamb\u00e9m o <a href=\"https:\/\/azure.status.microsoft\/en-us\/status\" target=\"_blank\" rel=\"noopener\">link<\/a> disponibilizado pela plataforma de computa\u00e7\u00e3o em nuvem Microsoft Azure com procedimentos para recupera\u00e7\u00e3o de m\u00e1quinas virtuais em seu ambiente.<\/p>\n<h2>CrowdStrike<\/h2>\n<p>A empresa de seguran\u00e7a cibern\u00e9tica CrowdStrike divulgou uma nota na qual assume a responsabilidade pelo apag\u00e3o cibern\u00e9tico que afetou diversas empresas e servi\u00e7os em diversos pa\u00edses. De acordo com o CEO da CrowdStrike, George Kurtz, o problema j\u00e1 foi \u201cidentificado, isolado e uma corre\u00e7\u00e3o foi implantada\u201d.<\/p>\n<p>O problema decorre de uma atualiza\u00e7\u00e3o de conte\u00fado para computadores com o sistema operacional Windows, da Microsoft, relacionados ao sensor Falcon. Em consequ\u00eancia, o computador trava e aparece a chamada \u201ctela azul da morte\u201d, que indica que h\u00e1 problemas com o computador.<\/p>\n<p>H\u00e1 relatos de problemas em diversas empresas. Em especial, aplicativos de bancos, empresas da \u00e1rea de comunica\u00e7\u00e3o e companhias a\u00e9reas que, seguindo protocolos de seguran\u00e7a, acabam n\u00e3o podendo decolar voos.<\/p>\n<p>\u201cA CrowdStrike est\u00e1 trabalhando ativamente com clientes afetados por um defeito encontrado em uma \u00fanica atualiza\u00e7\u00e3o de conte\u00fado para hosts Windows. Os hosts Mac e Linux n\u00e3o s\u00e3o afetados. Este n\u00e3o \u00e9 um incidente de seguran\u00e7a ou ataque cibern\u00e9tico. O problema foi identificado, isolado e uma corre\u00e7\u00e3o foi implantada\u201d, informou por meio das redes sociais o CEO da CrowdStrike, George Kurtz.<\/p>\n<p>Kurtz sugeriu a seus clientes que acessem o portal de suporte da empresa para obter as atualiza\u00e7\u00f5es mais recentes. \u201cRecomendamos, ainda, que as organiza\u00e7\u00f5es garantam a comunica\u00e7\u00e3o com os representantes da CrowdStrike por meio de canais oficiais. Nossa equipe est\u00e1 totalmente mobilizada para garantir a seguran\u00e7a e estabilidade dos clientes CrowdStrike\u201d, acrescentou.<\/p>\n<p><em>Ag\u00eancia Brasil\u00a0<\/em><\/p>\n","protected":false},"excerpt":{"rendered":"<p>Comunicado \u00e9 voltado principalmente a \u00f3rg\u00e3os p\u00fablicos O Gabinete de Seguran\u00e7a Institucional (GSI), ligado \u00e0<\/p>\n","protected":false},"author":2,"featured_media":42998,"comment_status":"open","ping_status":"open","sticky":false,"template":"","format":"standard","meta":{"footnotes":""},"categories":[3,26],"tags":[],"class_list":["post-42997","post","type-post","status-publish","format-standard","has-post-thumbnail","hentry","category-destaques","category-geral"],"yoast_head":"<!-- This site is optimized with the Yoast SEO plugin v27.5 - https:\/\/yoast.com\/product\/yoast-seo-wordpress\/ -->\n<title>GSI emite alerta com orienta\u00e7\u00f5es sobre apag\u00e3o cibern\u00e9tico - Jornal<\/title>\n<meta name=\"description\" content=\"GSI emite alerta com orienta\u00e7\u00f5es sobre apag\u00e3o cibern\u00e9tico\" \/>\n<meta name=\"robots\" content=\"index, follow, max-snippet:-1, max-image-preview:large, max-video-preview:-1\" \/>\n<link rel=\"canonical\" href=\"https:\/\/jornalboasnoticias.com.br\/home\/gsi-emite-alerta-com-orientacoes-sobre-apagao-cibernetico\/\" \/>\n<meta property=\"og:locale\" content=\"pt_BR\" \/>\n<meta property=\"og:type\" content=\"article\" \/>\n<meta property=\"og:title\" content=\"GSI emite alerta com orienta\u00e7\u00f5es sobre apag\u00e3o cibern\u00e9tico - Jornal\" \/>\n<meta property=\"og:description\" content=\"GSI emite alerta com orienta\u00e7\u00f5es sobre apag\u00e3o cibern\u00e9tico\" \/>\n<meta property=\"og:url\" content=\"https:\/\/jornalboasnoticias.com.br\/home\/gsi-emite-alerta-com-orientacoes-sobre-apagao-cibernetico\/\" \/>\n<meta property=\"og:site_name\" content=\"Jornal\" \/>\n<meta property=\"article:publisher\" content=\"https:\/\/www.facebook.com\/boasnoticiasjornal\" \/>\n<meta property=\"article:published_time\" content=\"2024-07-19T18:03:07+00:00\" \/>\n<meta property=\"og:image\" content=\"https:\/\/jornalboasnoticias.com.br\/home\/wp-content\/uploads\/2024\/07\/IMG_4973-e1721412151623.webp\" \/>\n\t<meta property=\"og:image:width\" content=\"800\" \/>\n\t<meta property=\"og:image:height\" content=\"479\" \/>\n\t<meta property=\"og:image:type\" content=\"image\/webp\" \/>\n<meta name=\"author\" content=\"Maria Bonatto\" \/>\n<meta name=\"twitter:card\" content=\"summary_large_image\" \/>\n<meta name=\"twitter:label1\" content=\"Escrito por\" \/>\n\t<meta name=\"twitter:data1\" content=\"Maria Bonatto\" \/>\n\t<meta name=\"twitter:label2\" content=\"Est. tempo de leitura\" \/>\n\t<meta name=\"twitter:data2\" content=\"3 minutos\" \/>\n<script type=\"application\/ld+json\" class=\"yoast-schema-graph\">{\"@context\":\"https:\\\/\\\/schema.org\",\"@graph\":[{\"@type\":\"Article\",\"@id\":\"https:\\\/\\\/jornalboasnoticias.com.br\\\/home\\\/gsi-emite-alerta-com-orientacoes-sobre-apagao-cibernetico\\\/#article\",\"isPartOf\":{\"@id\":\"https:\\\/\\\/jornalboasnoticias.com.br\\\/home\\\/gsi-emite-alerta-com-orientacoes-sobre-apagao-cibernetico\\\/\"},\"author\":{\"name\":\"Maria Bonatto\",\"@id\":\"https:\\\/\\\/jornalboasnoticias.com.br\\\/home\\\/#\\\/schema\\\/person\\\/71a4be4d1685617d6d00f15f0f2952ee\"},\"headline\":\"GSI emite alerta com orienta\u00e7\u00f5es sobre apag\u00e3o cibern\u00e9tico\",\"datePublished\":\"2024-07-19T18:03:07+00:00\",\"mainEntityOfPage\":{\"@id\":\"https:\\\/\\\/jornalboasnoticias.com.br\\\/home\\\/gsi-emite-alerta-com-orientacoes-sobre-apagao-cibernetico\\\/\"},\"wordCount\":544,\"commentCount\":0,\"publisher\":{\"@id\":\"https:\\\/\\\/jornalboasnoticias.com.br\\\/home\\\/#organization\"},\"image\":{\"@id\":\"https:\\\/\\\/jornalboasnoticias.com.br\\\/home\\\/gsi-emite-alerta-com-orientacoes-sobre-apagao-cibernetico\\\/#primaryimage\"},\"thumbnailUrl\":\"https:\\\/\\\/jornalboasnoticias.com.br\\\/home\\\/wp-content\\\/uploads\\\/2024\\\/07\\\/IMG_4973-e1721412151623.webp\",\"articleSection\":[\"DESTAQUE\",\"Geral\"],\"inLanguage\":\"pt-BR\",\"potentialAction\":[{\"@type\":\"CommentAction\",\"name\":\"Comment\",\"target\":[\"https:\\\/\\\/jornalboasnoticias.com.br\\\/home\\\/gsi-emite-alerta-com-orientacoes-sobre-apagao-cibernetico\\\/#respond\"]}]},{\"@type\":\"WebPage\",\"@id\":\"https:\\\/\\\/jornalboasnoticias.com.br\\\/home\\\/gsi-emite-alerta-com-orientacoes-sobre-apagao-cibernetico\\\/\",\"url\":\"https:\\\/\\\/jornalboasnoticias.com.br\\\/home\\\/gsi-emite-alerta-com-orientacoes-sobre-apagao-cibernetico\\\/\",\"name\":\"GSI emite alerta com orienta\u00e7\u00f5es sobre apag\u00e3o cibern\u00e9tico - Jornal\",\"isPartOf\":{\"@id\":\"https:\\\/\\\/jornalboasnoticias.com.br\\\/home\\\/#website\"},\"primaryImageOfPage\":{\"@id\":\"https:\\\/\\\/jornalboasnoticias.com.br\\\/home\\\/gsi-emite-alerta-com-orientacoes-sobre-apagao-cibernetico\\\/#primaryimage\"},\"image\":{\"@id\":\"https:\\\/\\\/jornalboasnoticias.com.br\\\/home\\\/gsi-emite-alerta-com-orientacoes-sobre-apagao-cibernetico\\\/#primaryimage\"},\"thumbnailUrl\":\"https:\\\/\\\/jornalboasnoticias.com.br\\\/home\\\/wp-content\\\/uploads\\\/2024\\\/07\\\/IMG_4973-e1721412151623.webp\",\"datePublished\":\"2024-07-19T18:03:07+00:00\",\"description\":\"GSI emite alerta com orienta\u00e7\u00f5es sobre apag\u00e3o cibern\u00e9tico\",\"breadcrumb\":{\"@id\":\"https:\\\/\\\/jornalboasnoticias.com.br\\\/home\\\/gsi-emite-alerta-com-orientacoes-sobre-apagao-cibernetico\\\/#breadcrumb\"},\"inLanguage\":\"pt-BR\",\"potentialAction\":[{\"@type\":\"ReadAction\",\"target\":[\"https:\\\/\\\/jornalboasnoticias.com.br\\\/home\\\/gsi-emite-alerta-com-orientacoes-sobre-apagao-cibernetico\\\/\"]}]},{\"@type\":\"ImageObject\",\"inLanguage\":\"pt-BR\",\"@id\":\"https:\\\/\\\/jornalboasnoticias.com.br\\\/home\\\/gsi-emite-alerta-com-orientacoes-sobre-apagao-cibernetico\\\/#primaryimage\",\"url\":\"https:\\\/\\\/jornalboasnoticias.com.br\\\/home\\\/wp-content\\\/uploads\\\/2024\\\/07\\\/IMG_4973-e1721412151623.webp\",\"contentUrl\":\"https:\\\/\\\/jornalboasnoticias.com.br\\\/home\\\/wp-content\\\/uploads\\\/2024\\\/07\\\/IMG_4973-e1721412151623.webp\",\"width\":800,\"height\":479,\"caption\":\"\u00a9 Marcelo Camargo\\\/Ag\u00eancia Brasil\"},{\"@type\":\"BreadcrumbList\",\"@id\":\"https:\\\/\\\/jornalboasnoticias.com.br\\\/home\\\/gsi-emite-alerta-com-orientacoes-sobre-apagao-cibernetico\\\/#breadcrumb\",\"itemListElement\":[{\"@type\":\"ListItem\",\"position\":1,\"name\":\"In\u00edcio\",\"item\":\"https:\\\/\\\/jornalboasnoticias.com.br\\\/home\\\/\"},{\"@type\":\"ListItem\",\"position\":2,\"name\":\"GSI emite alerta com orienta\u00e7\u00f5es sobre apag\u00e3o cibern\u00e9tico\"}]},{\"@type\":\"WebSite\",\"@id\":\"https:\\\/\\\/jornalboasnoticias.com.br\\\/home\\\/#website\",\"url\":\"https:\\\/\\\/jornalboasnoticias.com.br\\\/home\\\/\",\"name\":\"Jornal Boas Not\u00edcias\",\"description\":\"Boas not\u00edcias\",\"publisher\":{\"@id\":\"https:\\\/\\\/jornalboasnoticias.com.br\\\/home\\\/#organization\"},\"potentialAction\":[{\"@type\":\"SearchAction\",\"target\":{\"@type\":\"EntryPoint\",\"urlTemplate\":\"https:\\\/\\\/jornalboasnoticias.com.br\\\/home\\\/?s={search_term_string}\"},\"query-input\":{\"@type\":\"PropertyValueSpecification\",\"valueRequired\":true,\"valueName\":\"search_term_string\"}}],\"inLanguage\":\"pt-BR\"},{\"@type\":\"Organization\",\"@id\":\"https:\\\/\\\/jornalboasnoticias.com.br\\\/home\\\/#organization\",\"name\":\"Coq Editora Ltda\",\"alternateName\":\"Jornal Boas Noticias\",\"url\":\"https:\\\/\\\/jornalboasnoticias.com.br\\\/home\\\/\",\"logo\":{\"@type\":\"ImageObject\",\"inLanguage\":\"pt-BR\",\"@id\":\"https:\\\/\\\/jornalboasnoticias.com.br\\\/home\\\/#\\\/schema\\\/logo\\\/image\\\/\",\"url\":\"https:\\\/\\\/jornalboasnoticias.com.br\\\/home\\\/wp-content\\\/uploads\\\/2024\\\/07\\\/cropped-logo.jpg\",\"contentUrl\":\"https:\\\/\\\/jornalboasnoticias.com.br\\\/home\\\/wp-content\\\/uploads\\\/2024\\\/07\\\/cropped-logo.jpg\",\"width\":290,\"height\":142,\"caption\":\"Coq Editora Ltda\"},\"image\":{\"@id\":\"https:\\\/\\\/jornalboasnoticias.com.br\\\/home\\\/#\\\/schema\\\/logo\\\/image\\\/\"},\"sameAs\":[\"https:\\\/\\\/www.facebook.com\\\/boasnoticiasjornal\"]},{\"@type\":\"Person\",\"@id\":\"https:\\\/\\\/jornalboasnoticias.com.br\\\/home\\\/#\\\/schema\\\/person\\\/71a4be4d1685617d6d00f15f0f2952ee\",\"name\":\"Maria Bonatto\",\"image\":{\"@type\":\"ImageObject\",\"inLanguage\":\"pt-BR\",\"@id\":\"https:\\\/\\\/secure.gravatar.com\\\/avatar\\\/61bdbd92f7d53dd2fedfe556279602d97507ae906fdeb9624602488dcdcd042f?s=96&d=mm&r=g\",\"url\":\"https:\\\/\\\/secure.gravatar.com\\\/avatar\\\/61bdbd92f7d53dd2fedfe556279602d97507ae906fdeb9624602488dcdcd042f?s=96&d=mm&r=g\",\"contentUrl\":\"https:\\\/\\\/secure.gravatar.com\\\/avatar\\\/61bdbd92f7d53dd2fedfe556279602d97507ae906fdeb9624602488dcdcd042f?s=96&d=mm&r=g\",\"caption\":\"Maria Bonatto\"},\"url\":\"https:\\\/\\\/jornalboasnoticias.com.br\\\/home\\\/author\\\/ana-bonatto\\\/\"}]}<\/script>\n<!-- \/ Yoast SEO plugin. -->","yoast_head_json":{"title":"GSI emite alerta com orienta\u00e7\u00f5es sobre apag\u00e3o cibern\u00e9tico - Jornal","description":"GSI emite alerta com orienta\u00e7\u00f5es sobre apag\u00e3o cibern\u00e9tico","robots":{"index":"index","follow":"follow","max-snippet":"max-snippet:-1","max-image-preview":"max-image-preview:large","max-video-preview":"max-video-preview:-1"},"canonical":"https:\/\/jornalboasnoticias.com.br\/home\/gsi-emite-alerta-com-orientacoes-sobre-apagao-cibernetico\/","og_locale":"pt_BR","og_type":"article","og_title":"GSI emite alerta com orienta\u00e7\u00f5es sobre apag\u00e3o cibern\u00e9tico - Jornal","og_description":"GSI emite alerta com orienta\u00e7\u00f5es sobre apag\u00e3o cibern\u00e9tico","og_url":"https:\/\/jornalboasnoticias.com.br\/home\/gsi-emite-alerta-com-orientacoes-sobre-apagao-cibernetico\/","og_site_name":"Jornal","article_publisher":"https:\/\/www.facebook.com\/boasnoticiasjornal","article_published_time":"2024-07-19T18:03:07+00:00","og_image":[{"width":800,"height":479,"url":"https:\/\/jornalboasnoticias.com.br\/home\/wp-content\/uploads\/2024\/07\/IMG_4973-e1721412151623.webp","type":"image\/webp"}],"author":"Maria Bonatto","twitter_card":"summary_large_image","twitter_misc":{"Escrito por":"Maria Bonatto","Est. tempo de leitura":"3 minutos"},"schema":{"@context":"https:\/\/schema.org","@graph":[{"@type":"Article","@id":"https:\/\/jornalboasnoticias.com.br\/home\/gsi-emite-alerta-com-orientacoes-sobre-apagao-cibernetico\/#article","isPartOf":{"@id":"https:\/\/jornalboasnoticias.com.br\/home\/gsi-emite-alerta-com-orientacoes-sobre-apagao-cibernetico\/"},"author":{"name":"Maria Bonatto","@id":"https:\/\/jornalboasnoticias.com.br\/home\/#\/schema\/person\/71a4be4d1685617d6d00f15f0f2952ee"},"headline":"GSI emite alerta com orienta\u00e7\u00f5es sobre apag\u00e3o cibern\u00e9tico","datePublished":"2024-07-19T18:03:07+00:00","mainEntityOfPage":{"@id":"https:\/\/jornalboasnoticias.com.br\/home\/gsi-emite-alerta-com-orientacoes-sobre-apagao-cibernetico\/"},"wordCount":544,"commentCount":0,"publisher":{"@id":"https:\/\/jornalboasnoticias.com.br\/home\/#organization"},"image":{"@id":"https:\/\/jornalboasnoticias.com.br\/home\/gsi-emite-alerta-com-orientacoes-sobre-apagao-cibernetico\/#primaryimage"},"thumbnailUrl":"https:\/\/jornalboasnoticias.com.br\/home\/wp-content\/uploads\/2024\/07\/IMG_4973-e1721412151623.webp","articleSection":["DESTAQUE","Geral"],"inLanguage":"pt-BR","potentialAction":[{"@type":"CommentAction","name":"Comment","target":["https:\/\/jornalboasnoticias.com.br\/home\/gsi-emite-alerta-com-orientacoes-sobre-apagao-cibernetico\/#respond"]}]},{"@type":"WebPage","@id":"https:\/\/jornalboasnoticias.com.br\/home\/gsi-emite-alerta-com-orientacoes-sobre-apagao-cibernetico\/","url":"https:\/\/jornalboasnoticias.com.br\/home\/gsi-emite-alerta-com-orientacoes-sobre-apagao-cibernetico\/","name":"GSI emite alerta com orienta\u00e7\u00f5es sobre apag\u00e3o cibern\u00e9tico - Jornal","isPartOf":{"@id":"https:\/\/jornalboasnoticias.com.br\/home\/#website"},"primaryImageOfPage":{"@id":"https:\/\/jornalboasnoticias.com.br\/home\/gsi-emite-alerta-com-orientacoes-sobre-apagao-cibernetico\/#primaryimage"},"image":{"@id":"https:\/\/jornalboasnoticias.com.br\/home\/gsi-emite-alerta-com-orientacoes-sobre-apagao-cibernetico\/#primaryimage"},"thumbnailUrl":"https:\/\/jornalboasnoticias.com.br\/home\/wp-content\/uploads\/2024\/07\/IMG_4973-e1721412151623.webp","datePublished":"2024-07-19T18:03:07+00:00","description":"GSI emite alerta com orienta\u00e7\u00f5es sobre apag\u00e3o cibern\u00e9tico","breadcrumb":{"@id":"https:\/\/jornalboasnoticias.com.br\/home\/gsi-emite-alerta-com-orientacoes-sobre-apagao-cibernetico\/#breadcrumb"},"inLanguage":"pt-BR","potentialAction":[{"@type":"ReadAction","target":["https:\/\/jornalboasnoticias.com.br\/home\/gsi-emite-alerta-com-orientacoes-sobre-apagao-cibernetico\/"]}]},{"@type":"ImageObject","inLanguage":"pt-BR","@id":"https:\/\/jornalboasnoticias.com.br\/home\/gsi-emite-alerta-com-orientacoes-sobre-apagao-cibernetico\/#primaryimage","url":"https:\/\/jornalboasnoticias.com.br\/home\/wp-content\/uploads\/2024\/07\/IMG_4973-e1721412151623.webp","contentUrl":"https:\/\/jornalboasnoticias.com.br\/home\/wp-content\/uploads\/2024\/07\/IMG_4973-e1721412151623.webp","width":800,"height":479,"caption":"\u00a9 Marcelo Camargo\/Ag\u00eancia Brasil"},{"@type":"BreadcrumbList","@id":"https:\/\/jornalboasnoticias.com.br\/home\/gsi-emite-alerta-com-orientacoes-sobre-apagao-cibernetico\/#breadcrumb","itemListElement":[{"@type":"ListItem","position":1,"name":"In\u00edcio","item":"https:\/\/jornalboasnoticias.com.br\/home\/"},{"@type":"ListItem","position":2,"name":"GSI emite alerta com orienta\u00e7\u00f5es sobre apag\u00e3o cibern\u00e9tico"}]},{"@type":"WebSite","@id":"https:\/\/jornalboasnoticias.com.br\/home\/#website","url":"https:\/\/jornalboasnoticias.com.br\/home\/","name":"Jornal Boas Not\u00edcias","description":"Boas not\u00edcias","publisher":{"@id":"https:\/\/jornalboasnoticias.com.br\/home\/#organization"},"potentialAction":[{"@type":"SearchAction","target":{"@type":"EntryPoint","urlTemplate":"https:\/\/jornalboasnoticias.com.br\/home\/?s={search_term_string}"},"query-input":{"@type":"PropertyValueSpecification","valueRequired":true,"valueName":"search_term_string"}}],"inLanguage":"pt-BR"},{"@type":"Organization","@id":"https:\/\/jornalboasnoticias.com.br\/home\/#organization","name":"Coq Editora Ltda","alternateName":"Jornal Boas Noticias","url":"https:\/\/jornalboasnoticias.com.br\/home\/","logo":{"@type":"ImageObject","inLanguage":"pt-BR","@id":"https:\/\/jornalboasnoticias.com.br\/home\/#\/schema\/logo\/image\/","url":"https:\/\/jornalboasnoticias.com.br\/home\/wp-content\/uploads\/2024\/07\/cropped-logo.jpg","contentUrl":"https:\/\/jornalboasnoticias.com.br\/home\/wp-content\/uploads\/2024\/07\/cropped-logo.jpg","width":290,"height":142,"caption":"Coq Editora Ltda"},"image":{"@id":"https:\/\/jornalboasnoticias.com.br\/home\/#\/schema\/logo\/image\/"},"sameAs":["https:\/\/www.facebook.com\/boasnoticiasjornal"]},{"@type":"Person","@id":"https:\/\/jornalboasnoticias.com.br\/home\/#\/schema\/person\/71a4be4d1685617d6d00f15f0f2952ee","name":"Maria Bonatto","image":{"@type":"ImageObject","inLanguage":"pt-BR","@id":"https:\/\/secure.gravatar.com\/avatar\/61bdbd92f7d53dd2fedfe556279602d97507ae906fdeb9624602488dcdcd042f?s=96&d=mm&r=g","url":"https:\/\/secure.gravatar.com\/avatar\/61bdbd92f7d53dd2fedfe556279602d97507ae906fdeb9624602488dcdcd042f?s=96&d=mm&r=g","contentUrl":"https:\/\/secure.gravatar.com\/avatar\/61bdbd92f7d53dd2fedfe556279602d97507ae906fdeb9624602488dcdcd042f?s=96&d=mm&r=g","caption":"Maria Bonatto"},"url":"https:\/\/jornalboasnoticias.com.br\/home\/author\/ana-bonatto\/"}]}},"_links":{"self":[{"href":"https:\/\/jornalboasnoticias.com.br\/home\/wp-json\/wp\/v2\/posts\/42997","targetHints":{"allow":["GET"]}}],"collection":[{"href":"https:\/\/jornalboasnoticias.com.br\/home\/wp-json\/wp\/v2\/posts"}],"about":[{"href":"https:\/\/jornalboasnoticias.com.br\/home\/wp-json\/wp\/v2\/types\/post"}],"author":[{"embeddable":true,"href":"https:\/\/jornalboasnoticias.com.br\/home\/wp-json\/wp\/v2\/users\/2"}],"replies":[{"embeddable":true,"href":"https:\/\/jornalboasnoticias.com.br\/home\/wp-json\/wp\/v2\/comments?post=42997"}],"version-history":[{"count":0,"href":"https:\/\/jornalboasnoticias.com.br\/home\/wp-json\/wp\/v2\/posts\/42997\/revisions"}],"wp:featuredmedia":[{"embeddable":true,"href":"https:\/\/jornalboasnoticias.com.br\/home\/wp-json\/wp\/v2\/media\/42998"}],"wp:attachment":[{"href":"https:\/\/jornalboasnoticias.com.br\/home\/wp-json\/wp\/v2\/media?parent=42997"}],"wp:term":[{"taxonomy":"category","embeddable":true,"href":"https:\/\/jornalboasnoticias.com.br\/home\/wp-json\/wp\/v2\/categories?post=42997"},{"taxonomy":"post_tag","embeddable":true,"href":"https:\/\/jornalboasnoticias.com.br\/home\/wp-json\/wp\/v2\/tags?post=42997"}],"curies":[{"name":"wp","href":"https:\/\/api.w.org\/{rel}","templated":true}]}}