{"id":42981,"date":"2024-07-12T11:00:03","date_gmt":"2024-07-12T14:00:03","guid":{"rendered":"https:\/\/www.jornalboasnoticias.com.br\/?p=42981"},"modified":"2024-07-12T11:00:03","modified_gmt":"2024-07-12T14:00:03","slug":"servicos-parana-tem-2o-maior-crescimento-em-12-meses-no-pais-turismo-e-destaque","status":"publish","type":"post","link":"https:\/\/jornalboasnoticias.com.br\/home\/servicos-parana-tem-2o-maior-crescimento-em-12-meses-no-pais-turismo-e-destaque\/","title":{"rendered":"Servi\u00e7os: Paran\u00e1 tem 2\u00ba maior crescimento em 12 meses no Pa\u00eds; turismo \u00e9 destaque"},"content":{"rendered":"<blockquote>\n<p style=\"text-align: center;\">Entre junho de 2023 e maio de 2024, Estado cresceu seis vezes mais do que a m\u00e9dia nacional, que foi de 1,3%.<\/p>\n<\/blockquote>\n<figure id=\"attachment_42982\" aria-describedby=\"caption-attachment-42982\" style=\"width: 800px\" class=\"wp-caption aligncenter\"><img loading=\"lazy\" decoding=\"async\" class=\"wp-image-42982 size-full\" src=\"https:\/\/jornalboasnoticias.com.br\/home\/wp-content\/uploads\/2024\/07\/jardim_botanico_foto_rdziura-5554-scaled-e1720792405165.jpg\" alt=\"\" width=\"800\" height=\"533\" srcset=\"https:\/\/jornalboasnoticias.com.br\/home\/wp-content\/uploads\/2024\/07\/jardim_botanico_foto_rdziura-5554-scaled-e1720792405165.jpg 800w, https:\/\/jornalboasnoticias.com.br\/home\/wp-content\/uploads\/2024\/07\/jardim_botanico_foto_rdziura-5554-scaled-e1720792405165-300x200.jpg 300w, https:\/\/jornalboasnoticias.com.br\/home\/wp-content\/uploads\/2024\/07\/jardim_botanico_foto_rdziura-5554-scaled-e1720792405165-768x512.jpg 768w\" sizes=\"auto, (max-width: 800px) 100vw, 800px\" \/><figcaption id=\"caption-attachment-42982\" class=\"wp-caption-text\">Foto: Roberto Dziura Jr\/AEN<\/figcaption><\/figure>\n<p>O Paran\u00e1 teve o segundo maior crescimento do Brasil no setor de servi\u00e7os no acumulado em 12 meses, entre junho de 2023 e maio de 2024, de acordo com dados divulgados nesta sexta-feira (12) pelo Instituto Brasileiro de Geografia e Estat\u00edstica (IBGE). A alta registrada foi de 8,4%, mais de seis vezes acima da m\u00e9dia nacional no per\u00edodo, que foi de 1,3%.<\/p>\n<p>O resultado paranaense nos servi\u00e7os ficou atr\u00e1s apenas do desempenho do Mato Grosso, que teve aumento de 9,1% em 12 meses. Na rela\u00e7\u00e3o com outros estados, o Paran\u00e1 ficou \u00e0 frente de Minas Gerais (6,4%), Santa Catarina (5,9%), Bahia (4,3%), Rio de Janeiro (2,1%) e S\u00e3o Paulo (-1,9%), por exemplo.<\/p>\n<p>No mesmo per\u00edodo, o turismo paranaense tamb\u00e9m registrou forte alta de 7,5%, quase o dobro do resultado nacional, que foi de 4%. Se destacaram tamb\u00e9m os servi\u00e7os profissionais e administrativos, que cresceram 10,9% no Estado ao longo de 12 meses, o subgrupo que abrange outros servi\u00e7os, com alta de 9,8%, e os servi\u00e7os de transporte e auxiliares, com aumento de 8,7%.<\/p>\n<h2><strong>ACUMULADO DO ANO<\/strong><\/h2>\n<p>Considerando apenas o desempenho do setor entre janeiro e maio, o setor de servi\u00e7os do Paran\u00e1 teve alta de 4,5%, se comparado com o mesmo per\u00edodo do ano anterior. \u00c9 o quinto maior aumento do Pa\u00eds.<\/p>\n<p>Na m\u00e9dia, o Brasil registrou alta de 2%. Amazonas (6,8%), Santa Catarina (5,4%) e Minas Gerais (4,8%) tiveram os maiores crescimentos nos cinco primeiros meses do ano. O Paran\u00e1 teve um desempenho melhor do que estados como Pernambuco (3,5%), Rio de Janeiro (3,3%), Bahia (2,1%) e S\u00e3o Paulo (1,3%), por exemplo. Ainda cinco estados registraram retra\u00e7\u00e3o no setor ao longo do ano.<\/p>\n<p>Na compara\u00e7\u00e3o entre maio de 2024 e o m\u00eas imediatamente anterior, que \u00e9 abril de 2024, o Paran\u00e1 cresceu 0,4%. No total, sete estados brasileiros registraram alta, um ficou est\u00e1vel e outros 19 tiveram queda no setor. Na m\u00e9dia, o \u00edndice nacional n\u00e3o teve varia\u00e7\u00e3o entre um m\u00eas e outro.<\/p>\n<h2><strong>RECEITA<\/strong><\/h2>\n<p>No recorte acumulado em 12 meses, a receita do setor de servi\u00e7os no Paran\u00e1 cresceu 10,9%, tamb\u00e9m a segunda maior do Brasil, atr\u00e1s apenas do Tocantins, que teve aumento de 14,3%, e \u00e0 frente de todos os demais estados. O aumento registrado \u00e9 o dobro da m\u00e9dia nacional, que teve aumento de 5% na receita no per\u00edodo.<\/p>\n<p>Considerando apenas os cinco primeiros meses do ano, comparados ao mesmo per\u00edodo de 2023, o Paran\u00e1 teve aumento de 9,1% na receita dos servi\u00e7os. No Brasil todo, a m\u00e9dia foi de crescimento de 6%.<\/p>\n<h2><strong>TURISMO<\/strong><\/h2>\n<p>O setor de turismo no Paran\u00e1 tamb\u00e9m segue registrando bons n\u00fameros. Nos cinco primeiros meses do ano, a atividade cresceu 4,8% no Estado, com o quinto melhor desempenho do Pa\u00eds.<\/p>\n<p>Na m\u00e9dia, o Brasil teve aumento de 1,1% no per\u00edodo, e dos 12 estados pesquisados pelo IBGE, seis registraram queda na atividade tur\u00edstica entre janeiro e maio de 2024.<\/p>\n<p>Em rela\u00e7\u00e3o \u00e0 receita nominal no per\u00edodo, o Paran\u00e1 tem o quarto maior crescimento do Pa\u00eds em 2024, com aumento de 10,1% entre maio e janeiro. No mesmo per\u00edodo, o Brasil teve alta de 9,6%.<\/p>\n<p><em>Ag\u00eancia Estadual de Not\u00edcias\u00a0<\/em><\/p>\n","protected":false},"excerpt":{"rendered":"<p>Entre junho de 2023 e maio de 2024, Estado cresceu seis vezes mais do que<\/p>\n","protected":false},"author":2,"featured_media":42982,"comment_status":"open","ping_status":"open","sticky":false,"template":"","format":"standard","meta":{"footnotes":""},"categories":[3,4],"tags":[],"class_list":["post-42981","post","type-post","status-publish","format-standard","has-post-thumbnail","hentry","category-destaques","category-parana"],"yoast_head":"<!-- This site is optimized with the Yoast SEO plugin v27.5 - https:\/\/yoast.com\/product\/yoast-seo-wordpress\/ -->\n<title>Servi\u00e7os: Paran\u00e1 tem 2\u00ba maior crescimento em 12 meses no Pa\u00eds; turismo \u00e9 destaque - Jornal<\/title>\n<meta name=\"description\" content=\"Servi\u00e7os: Paran\u00e1 tem 2\u00ba maior crescimento em 12 meses no Pa\u00eds; turismo \u00e9 destaque\" \/>\n<meta name=\"robots\" content=\"index, follow, max-snippet:-1, max-image-preview:large, max-video-preview:-1\" \/>\n<link rel=\"canonical\" href=\"https:\/\/jornalboasnoticias.com.br\/home\/servicos-parana-tem-2o-maior-crescimento-em-12-meses-no-pais-turismo-e-destaque\/\" \/>\n<meta property=\"og:locale\" content=\"pt_BR\" \/>\n<meta property=\"og:type\" content=\"article\" \/>\n<meta property=\"og:title\" content=\"Servi\u00e7os: Paran\u00e1 tem 2\u00ba maior crescimento em 12 meses no Pa\u00eds; turismo \u00e9 destaque - Jornal\" \/>\n<meta property=\"og:description\" content=\"Servi\u00e7os: Paran\u00e1 tem 2\u00ba maior crescimento em 12 meses no Pa\u00eds; turismo \u00e9 destaque\" \/>\n<meta property=\"og:url\" content=\"https:\/\/jornalboasnoticias.com.br\/home\/servicos-parana-tem-2o-maior-crescimento-em-12-meses-no-pais-turismo-e-destaque\/\" \/>\n<meta property=\"og:site_name\" content=\"Jornal\" \/>\n<meta property=\"article:publisher\" content=\"https:\/\/www.facebook.com\/boasnoticiasjornal\" \/>\n<meta property=\"article:published_time\" content=\"2024-07-12T14:00:03+00:00\" \/>\n<meta property=\"og:image\" content=\"https:\/\/jornalboasnoticias.com.br\/home\/wp-content\/uploads\/2024\/07\/jardim_botanico_foto_rdziura-5554-scaled-e1720792405165.jpg\" \/>\n\t<meta property=\"og:image:width\" content=\"800\" \/>\n\t<meta property=\"og:image:height\" content=\"533\" \/>\n\t<meta property=\"og:image:type\" content=\"image\/jpeg\" \/>\n<meta name=\"author\" content=\"Maria Bonatto\" \/>\n<meta name=\"twitter:card\" content=\"summary_large_image\" \/>\n<meta name=\"twitter:label1\" content=\"Escrito por\" \/>\n\t<meta name=\"twitter:data1\" content=\"Maria Bonatto\" \/>\n\t<meta name=\"twitter:label2\" content=\"Est. tempo de leitura\" \/>\n\t<meta name=\"twitter:data2\" content=\"3 minutos\" \/>\n<script type=\"application\/ld+json\" class=\"yoast-schema-graph\">{\"@context\":\"https:\\\/\\\/schema.org\",\"@graph\":[{\"@type\":\"Article\",\"@id\":\"https:\\\/\\\/jornalboasnoticias.com.br\\\/home\\\/servicos-parana-tem-2o-maior-crescimento-em-12-meses-no-pais-turismo-e-destaque\\\/#article\",\"isPartOf\":{\"@id\":\"https:\\\/\\\/jornalboasnoticias.com.br\\\/home\\\/servicos-parana-tem-2o-maior-crescimento-em-12-meses-no-pais-turismo-e-destaque\\\/\"},\"author\":{\"name\":\"Maria Bonatto\",\"@id\":\"https:\\\/\\\/jornalboasnoticias.com.br\\\/home\\\/#\\\/schema\\\/person\\\/71a4be4d1685617d6d00f15f0f2952ee\"},\"headline\":\"Servi\u00e7os: Paran\u00e1 tem 2\u00ba maior crescimento em 12 meses no Pa\u00eds; turismo \u00e9 destaque\",\"datePublished\":\"2024-07-12T14:00:03+00:00\",\"mainEntityOfPage\":{\"@id\":\"https:\\\/\\\/jornalboasnoticias.com.br\\\/home\\\/servicos-parana-tem-2o-maior-crescimento-em-12-meses-no-pais-turismo-e-destaque\\\/\"},\"wordCount\":556,\"commentCount\":0,\"publisher\":{\"@id\":\"https:\\\/\\\/jornalboasnoticias.com.br\\\/home\\\/#organization\"},\"image\":{\"@id\":\"https:\\\/\\\/jornalboasnoticias.com.br\\\/home\\\/servicos-parana-tem-2o-maior-crescimento-em-12-meses-no-pais-turismo-e-destaque\\\/#primaryimage\"},\"thumbnailUrl\":\"https:\\\/\\\/jornalboasnoticias.com.br\\\/home\\\/wp-content\\\/uploads\\\/2024\\\/07\\\/jardim_botanico_foto_rdziura-5554-scaled-e1720792405165.jpg\",\"articleSection\":[\"DESTAQUE\",\"PARAN\u00c1\"],\"inLanguage\":\"pt-BR\",\"potentialAction\":[{\"@type\":\"CommentAction\",\"name\":\"Comment\",\"target\":[\"https:\\\/\\\/jornalboasnoticias.com.br\\\/home\\\/servicos-parana-tem-2o-maior-crescimento-em-12-meses-no-pais-turismo-e-destaque\\\/#respond\"]}]},{\"@type\":\"WebPage\",\"@id\":\"https:\\\/\\\/jornalboasnoticias.com.br\\\/home\\\/servicos-parana-tem-2o-maior-crescimento-em-12-meses-no-pais-turismo-e-destaque\\\/\",\"url\":\"https:\\\/\\\/jornalboasnoticias.com.br\\\/home\\\/servicos-parana-tem-2o-maior-crescimento-em-12-meses-no-pais-turismo-e-destaque\\\/\",\"name\":\"Servi\u00e7os: Paran\u00e1 tem 2\u00ba maior crescimento em 12 meses no Pa\u00eds; turismo \u00e9 destaque - Jornal\",\"isPartOf\":{\"@id\":\"https:\\\/\\\/jornalboasnoticias.com.br\\\/home\\\/#website\"},\"primaryImageOfPage\":{\"@id\":\"https:\\\/\\\/jornalboasnoticias.com.br\\\/home\\\/servicos-parana-tem-2o-maior-crescimento-em-12-meses-no-pais-turismo-e-destaque\\\/#primaryimage\"},\"image\":{\"@id\":\"https:\\\/\\\/jornalboasnoticias.com.br\\\/home\\\/servicos-parana-tem-2o-maior-crescimento-em-12-meses-no-pais-turismo-e-destaque\\\/#primaryimage\"},\"thumbnailUrl\":\"https:\\\/\\\/jornalboasnoticias.com.br\\\/home\\\/wp-content\\\/uploads\\\/2024\\\/07\\\/jardim_botanico_foto_rdziura-5554-scaled-e1720792405165.jpg\",\"datePublished\":\"2024-07-12T14:00:03+00:00\",\"description\":\"Servi\u00e7os: Paran\u00e1 tem 2\u00ba maior crescimento em 12 meses no Pa\u00eds; turismo \u00e9 destaque\",\"breadcrumb\":{\"@id\":\"https:\\\/\\\/jornalboasnoticias.com.br\\\/home\\\/servicos-parana-tem-2o-maior-crescimento-em-12-meses-no-pais-turismo-e-destaque\\\/#breadcrumb\"},\"inLanguage\":\"pt-BR\",\"potentialAction\":[{\"@type\":\"ReadAction\",\"target\":[\"https:\\\/\\\/jornalboasnoticias.com.br\\\/home\\\/servicos-parana-tem-2o-maior-crescimento-em-12-meses-no-pais-turismo-e-destaque\\\/\"]}]},{\"@type\":\"ImageObject\",\"inLanguage\":\"pt-BR\",\"@id\":\"https:\\\/\\\/jornalboasnoticias.com.br\\\/home\\\/servicos-parana-tem-2o-maior-crescimento-em-12-meses-no-pais-turismo-e-destaque\\\/#primaryimage\",\"url\":\"https:\\\/\\\/jornalboasnoticias.com.br\\\/home\\\/wp-content\\\/uploads\\\/2024\\\/07\\\/jardim_botanico_foto_rdziura-5554-scaled-e1720792405165.jpg\",\"contentUrl\":\"https:\\\/\\\/jornalboasnoticias.com.br\\\/home\\\/wp-content\\\/uploads\\\/2024\\\/07\\\/jardim_botanico_foto_rdziura-5554-scaled-e1720792405165.jpg\",\"width\":800,\"height\":533,\"caption\":\"Foto: Roberto Dziura Jr\\\/AEN\"},{\"@type\":\"BreadcrumbList\",\"@id\":\"https:\\\/\\\/jornalboasnoticias.com.br\\\/home\\\/servicos-parana-tem-2o-maior-crescimento-em-12-meses-no-pais-turismo-e-destaque\\\/#breadcrumb\",\"itemListElement\":[{\"@type\":\"ListItem\",\"position\":1,\"name\":\"In\u00edcio\",\"item\":\"https:\\\/\\\/jornalboasnoticias.com.br\\\/home\\\/\"},{\"@type\":\"ListItem\",\"position\":2,\"name\":\"Servi\u00e7os: Paran\u00e1 tem 2\u00ba maior crescimento em 12 meses no Pa\u00eds; turismo \u00e9 destaque\"}]},{\"@type\":\"WebSite\",\"@id\":\"https:\\\/\\\/jornalboasnoticias.com.br\\\/home\\\/#website\",\"url\":\"https:\\\/\\\/jornalboasnoticias.com.br\\\/home\\\/\",\"name\":\"Jornal Boas Not\u00edcias\",\"description\":\"Boas not\u00edcias\",\"publisher\":{\"@id\":\"https:\\\/\\\/jornalboasnoticias.com.br\\\/home\\\/#organization\"},\"potentialAction\":[{\"@type\":\"SearchAction\",\"target\":{\"@type\":\"EntryPoint\",\"urlTemplate\":\"https:\\\/\\\/jornalboasnoticias.com.br\\\/home\\\/?s={search_term_string}\"},\"query-input\":{\"@type\":\"PropertyValueSpecification\",\"valueRequired\":true,\"valueName\":\"search_term_string\"}}],\"inLanguage\":\"pt-BR\"},{\"@type\":\"Organization\",\"@id\":\"https:\\\/\\\/jornalboasnoticias.com.br\\\/home\\\/#organization\",\"name\":\"Coq Editora Ltda\",\"alternateName\":\"Jornal Boas Noticias\",\"url\":\"https:\\\/\\\/jornalboasnoticias.com.br\\\/home\\\/\",\"logo\":{\"@type\":\"ImageObject\",\"inLanguage\":\"pt-BR\",\"@id\":\"https:\\\/\\\/jornalboasnoticias.com.br\\\/home\\\/#\\\/schema\\\/logo\\\/image\\\/\",\"url\":\"https:\\\/\\\/jornalboasnoticias.com.br\\\/home\\\/wp-content\\\/uploads\\\/2024\\\/07\\\/cropped-logo.jpg\",\"contentUrl\":\"https:\\\/\\\/jornalboasnoticias.com.br\\\/home\\\/wp-content\\\/uploads\\\/2024\\\/07\\\/cropped-logo.jpg\",\"width\":290,\"height\":142,\"caption\":\"Coq Editora Ltda\"},\"image\":{\"@id\":\"https:\\\/\\\/jornalboasnoticias.com.br\\\/home\\\/#\\\/schema\\\/logo\\\/image\\\/\"},\"sameAs\":[\"https:\\\/\\\/www.facebook.com\\\/boasnoticiasjornal\"]},{\"@type\":\"Person\",\"@id\":\"https:\\\/\\\/jornalboasnoticias.com.br\\\/home\\\/#\\\/schema\\\/person\\\/71a4be4d1685617d6d00f15f0f2952ee\",\"name\":\"Maria Bonatto\",\"image\":{\"@type\":\"ImageObject\",\"inLanguage\":\"pt-BR\",\"@id\":\"https:\\\/\\\/secure.gravatar.com\\\/avatar\\\/61bdbd92f7d53dd2fedfe556279602d97507ae906fdeb9624602488dcdcd042f?s=96&d=mm&r=g\",\"url\":\"https:\\\/\\\/secure.gravatar.com\\\/avatar\\\/61bdbd92f7d53dd2fedfe556279602d97507ae906fdeb9624602488dcdcd042f?s=96&d=mm&r=g\",\"contentUrl\":\"https:\\\/\\\/secure.gravatar.com\\\/avatar\\\/61bdbd92f7d53dd2fedfe556279602d97507ae906fdeb9624602488dcdcd042f?s=96&d=mm&r=g\",\"caption\":\"Maria Bonatto\"},\"url\":\"https:\\\/\\\/jornalboasnoticias.com.br\\\/home\\\/author\\\/ana-bonatto\\\/\"}]}<\/script>\n<!-- \/ Yoast SEO plugin. -->","yoast_head_json":{"title":"Servi\u00e7os: Paran\u00e1 tem 2\u00ba maior crescimento em 12 meses no Pa\u00eds; turismo \u00e9 destaque - Jornal","description":"Servi\u00e7os: Paran\u00e1 tem 2\u00ba maior crescimento em 12 meses no Pa\u00eds; turismo \u00e9 destaque","robots":{"index":"index","follow":"follow","max-snippet":"max-snippet:-1","max-image-preview":"max-image-preview:large","max-video-preview":"max-video-preview:-1"},"canonical":"https:\/\/jornalboasnoticias.com.br\/home\/servicos-parana-tem-2o-maior-crescimento-em-12-meses-no-pais-turismo-e-destaque\/","og_locale":"pt_BR","og_type":"article","og_title":"Servi\u00e7os: Paran\u00e1 tem 2\u00ba maior crescimento em 12 meses no Pa\u00eds; turismo \u00e9 destaque - Jornal","og_description":"Servi\u00e7os: Paran\u00e1 tem 2\u00ba maior crescimento em 12 meses no Pa\u00eds; turismo \u00e9 destaque","og_url":"https:\/\/jornalboasnoticias.com.br\/home\/servicos-parana-tem-2o-maior-crescimento-em-12-meses-no-pais-turismo-e-destaque\/","og_site_name":"Jornal","article_publisher":"https:\/\/www.facebook.com\/boasnoticiasjornal","article_published_time":"2024-07-12T14:00:03+00:00","og_image":[{"width":800,"height":533,"url":"https:\/\/jornalboasnoticias.com.br\/home\/wp-content\/uploads\/2024\/07\/jardim_botanico_foto_rdziura-5554-scaled-e1720792405165.jpg","type":"image\/jpeg"}],"author":"Maria Bonatto","twitter_card":"summary_large_image","twitter_misc":{"Escrito por":"Maria Bonatto","Est. tempo de leitura":"3 minutos"},"schema":{"@context":"https:\/\/schema.org","@graph":[{"@type":"Article","@id":"https:\/\/jornalboasnoticias.com.br\/home\/servicos-parana-tem-2o-maior-crescimento-em-12-meses-no-pais-turismo-e-destaque\/#article","isPartOf":{"@id":"https:\/\/jornalboasnoticias.com.br\/home\/servicos-parana-tem-2o-maior-crescimento-em-12-meses-no-pais-turismo-e-destaque\/"},"author":{"name":"Maria Bonatto","@id":"https:\/\/jornalboasnoticias.com.br\/home\/#\/schema\/person\/71a4be4d1685617d6d00f15f0f2952ee"},"headline":"Servi\u00e7os: Paran\u00e1 tem 2\u00ba maior crescimento em 12 meses no Pa\u00eds; turismo \u00e9 destaque","datePublished":"2024-07-12T14:00:03+00:00","mainEntityOfPage":{"@id":"https:\/\/jornalboasnoticias.com.br\/home\/servicos-parana-tem-2o-maior-crescimento-em-12-meses-no-pais-turismo-e-destaque\/"},"wordCount":556,"commentCount":0,"publisher":{"@id":"https:\/\/jornalboasnoticias.com.br\/home\/#organization"},"image":{"@id":"https:\/\/jornalboasnoticias.com.br\/home\/servicos-parana-tem-2o-maior-crescimento-em-12-meses-no-pais-turismo-e-destaque\/#primaryimage"},"thumbnailUrl":"https:\/\/jornalboasnoticias.com.br\/home\/wp-content\/uploads\/2024\/07\/jardim_botanico_foto_rdziura-5554-scaled-e1720792405165.jpg","articleSection":["DESTAQUE","PARAN\u00c1"],"inLanguage":"pt-BR","potentialAction":[{"@type":"CommentAction","name":"Comment","target":["https:\/\/jornalboasnoticias.com.br\/home\/servicos-parana-tem-2o-maior-crescimento-em-12-meses-no-pais-turismo-e-destaque\/#respond"]}]},{"@type":"WebPage","@id":"https:\/\/jornalboasnoticias.com.br\/home\/servicos-parana-tem-2o-maior-crescimento-em-12-meses-no-pais-turismo-e-destaque\/","url":"https:\/\/jornalboasnoticias.com.br\/home\/servicos-parana-tem-2o-maior-crescimento-em-12-meses-no-pais-turismo-e-destaque\/","name":"Servi\u00e7os: Paran\u00e1 tem 2\u00ba maior crescimento em 12 meses no Pa\u00eds; turismo \u00e9 destaque - Jornal","isPartOf":{"@id":"https:\/\/jornalboasnoticias.com.br\/home\/#website"},"primaryImageOfPage":{"@id":"https:\/\/jornalboasnoticias.com.br\/home\/servicos-parana-tem-2o-maior-crescimento-em-12-meses-no-pais-turismo-e-destaque\/#primaryimage"},"image":{"@id":"https:\/\/jornalboasnoticias.com.br\/home\/servicos-parana-tem-2o-maior-crescimento-em-12-meses-no-pais-turismo-e-destaque\/#primaryimage"},"thumbnailUrl":"https:\/\/jornalboasnoticias.com.br\/home\/wp-content\/uploads\/2024\/07\/jardim_botanico_foto_rdziura-5554-scaled-e1720792405165.jpg","datePublished":"2024-07-12T14:00:03+00:00","description":"Servi\u00e7os: Paran\u00e1 tem 2\u00ba maior crescimento em 12 meses no Pa\u00eds; turismo \u00e9 destaque","breadcrumb":{"@id":"https:\/\/jornalboasnoticias.com.br\/home\/servicos-parana-tem-2o-maior-crescimento-em-12-meses-no-pais-turismo-e-destaque\/#breadcrumb"},"inLanguage":"pt-BR","potentialAction":[{"@type":"ReadAction","target":["https:\/\/jornalboasnoticias.com.br\/home\/servicos-parana-tem-2o-maior-crescimento-em-12-meses-no-pais-turismo-e-destaque\/"]}]},{"@type":"ImageObject","inLanguage":"pt-BR","@id":"https:\/\/jornalboasnoticias.com.br\/home\/servicos-parana-tem-2o-maior-crescimento-em-12-meses-no-pais-turismo-e-destaque\/#primaryimage","url":"https:\/\/jornalboasnoticias.com.br\/home\/wp-content\/uploads\/2024\/07\/jardim_botanico_foto_rdziura-5554-scaled-e1720792405165.jpg","contentUrl":"https:\/\/jornalboasnoticias.com.br\/home\/wp-content\/uploads\/2024\/07\/jardim_botanico_foto_rdziura-5554-scaled-e1720792405165.jpg","width":800,"height":533,"caption":"Foto: Roberto Dziura Jr\/AEN"},{"@type":"BreadcrumbList","@id":"https:\/\/jornalboasnoticias.com.br\/home\/servicos-parana-tem-2o-maior-crescimento-em-12-meses-no-pais-turismo-e-destaque\/#breadcrumb","itemListElement":[{"@type":"ListItem","position":1,"name":"In\u00edcio","item":"https:\/\/jornalboasnoticias.com.br\/home\/"},{"@type":"ListItem","position":2,"name":"Servi\u00e7os: Paran\u00e1 tem 2\u00ba maior crescimento em 12 meses no Pa\u00eds; turismo \u00e9 destaque"}]},{"@type":"WebSite","@id":"https:\/\/jornalboasnoticias.com.br\/home\/#website","url":"https:\/\/jornalboasnoticias.com.br\/home\/","name":"Jornal Boas Not\u00edcias","description":"Boas not\u00edcias","publisher":{"@id":"https:\/\/jornalboasnoticias.com.br\/home\/#organization"},"potentialAction":[{"@type":"SearchAction","target":{"@type":"EntryPoint","urlTemplate":"https:\/\/jornalboasnoticias.com.br\/home\/?s={search_term_string}"},"query-input":{"@type":"PropertyValueSpecification","valueRequired":true,"valueName":"search_term_string"}}],"inLanguage":"pt-BR"},{"@type":"Organization","@id":"https:\/\/jornalboasnoticias.com.br\/home\/#organization","name":"Coq Editora Ltda","alternateName":"Jornal Boas Noticias","url":"https:\/\/jornalboasnoticias.com.br\/home\/","logo":{"@type":"ImageObject","inLanguage":"pt-BR","@id":"https:\/\/jornalboasnoticias.com.br\/home\/#\/schema\/logo\/image\/","url":"https:\/\/jornalboasnoticias.com.br\/home\/wp-content\/uploads\/2024\/07\/cropped-logo.jpg","contentUrl":"https:\/\/jornalboasnoticias.com.br\/home\/wp-content\/uploads\/2024\/07\/cropped-logo.jpg","width":290,"height":142,"caption":"Coq Editora Ltda"},"image":{"@id":"https:\/\/jornalboasnoticias.com.br\/home\/#\/schema\/logo\/image\/"},"sameAs":["https:\/\/www.facebook.com\/boasnoticiasjornal"]},{"@type":"Person","@id":"https:\/\/jornalboasnoticias.com.br\/home\/#\/schema\/person\/71a4be4d1685617d6d00f15f0f2952ee","name":"Maria Bonatto","image":{"@type":"ImageObject","inLanguage":"pt-BR","@id":"https:\/\/secure.gravatar.com\/avatar\/61bdbd92f7d53dd2fedfe556279602d97507ae906fdeb9624602488dcdcd042f?s=96&d=mm&r=g","url":"https:\/\/secure.gravatar.com\/avatar\/61bdbd92f7d53dd2fedfe556279602d97507ae906fdeb9624602488dcdcd042f?s=96&d=mm&r=g","contentUrl":"https:\/\/secure.gravatar.com\/avatar\/61bdbd92f7d53dd2fedfe556279602d97507ae906fdeb9624602488dcdcd042f?s=96&d=mm&r=g","caption":"Maria Bonatto"},"url":"https:\/\/jornalboasnoticias.com.br\/home\/author\/ana-bonatto\/"}]}},"_links":{"self":[{"href":"https:\/\/jornalboasnoticias.com.br\/home\/wp-json\/wp\/v2\/posts\/42981","targetHints":{"allow":["GET"]}}],"collection":[{"href":"https:\/\/jornalboasnoticias.com.br\/home\/wp-json\/wp\/v2\/posts"}],"about":[{"href":"https:\/\/jornalboasnoticias.com.br\/home\/wp-json\/wp\/v2\/types\/post"}],"author":[{"embeddable":true,"href":"https:\/\/jornalboasnoticias.com.br\/home\/wp-json\/wp\/v2\/users\/2"}],"replies":[{"embeddable":true,"href":"https:\/\/jornalboasnoticias.com.br\/home\/wp-json\/wp\/v2\/comments?post=42981"}],"version-history":[{"count":0,"href":"https:\/\/jornalboasnoticias.com.br\/home\/wp-json\/wp\/v2\/posts\/42981\/revisions"}],"wp:featuredmedia":[{"embeddable":true,"href":"https:\/\/jornalboasnoticias.com.br\/home\/wp-json\/wp\/v2\/media\/42982"}],"wp:attachment":[{"href":"https:\/\/jornalboasnoticias.com.br\/home\/wp-json\/wp\/v2\/media?parent=42981"}],"wp:term":[{"taxonomy":"category","embeddable":true,"href":"https:\/\/jornalboasnoticias.com.br\/home\/wp-json\/wp\/v2\/categories?post=42981"},{"taxonomy":"post_tag","embeddable":true,"href":"https:\/\/jornalboasnoticias.com.br\/home\/wp-json\/wp\/v2\/tags?post=42981"}],"curies":[{"name":"wp","href":"https:\/\/api.w.org\/{rel}","templated":true}]}}