{"id":42976,"date":"2024-07-07T23:20:56","date_gmt":"2024-07-08T02:20:56","guid":{"rendered":"https:\/\/www.jornalboasnoticias.com.br\/?p=42976"},"modified":"2024-07-07T23:20:56","modified_gmt":"2024-07-08T02:20:56","slug":"convencao-estadual-da-assembleia-de-deus-reune-lideres-e-politicos-em-goiania","status":"publish","type":"post","link":"https:\/\/jornalboasnoticias.com.br\/home\/convencao-estadual-da-assembleia-de-deus-reune-lideres-e-politicos-em-goiania\/","title":{"rendered":"Conven\u00e7\u00e3o Estadual da Assembleia de Deus re\u00fane l\u00edderes e pol\u00edticos em Goi\u00e2nia"},"content":{"rendered":"<p><img loading=\"lazy\" decoding=\"async\" class=\"alignnone size-full wp-image-42977\" src=\"https:\/\/jornalboasnoticias.com.br\/home\/wp-content\/uploads\/2024\/07\/1.jjpg_.jpeg\" alt=\"\" width=\"1536\" height=\"1024\" srcset=\"https:\/\/jornalboasnoticias.com.br\/home\/wp-content\/uploads\/2024\/07\/1.jjpg_.jpeg 1536w, https:\/\/jornalboasnoticias.com.br\/home\/wp-content\/uploads\/2024\/07\/1.jjpg_-300x200.jpeg 300w, https:\/\/jornalboasnoticias.com.br\/home\/wp-content\/uploads\/2024\/07\/1.jjpg_-1024x683.jpeg 1024w, https:\/\/jornalboasnoticias.com.br\/home\/wp-content\/uploads\/2024\/07\/1.jjpg_-768x512.jpeg 768w\" sizes=\"auto, (max-width: 1536px) 100vw, 1536px\" \/><\/p>\n<p>Acontece neste final de semana a 69\u00aa Assembleia Geral Extraordin\u00e1ria da Conven\u00e7\u00e3o Estadual dos Ministros Evang\u00e9licos das Assembleias de Deus (Conemad), na igreja Assembleia de Deus Fama, em Goi\u00e2nia. Anualmente, o evento re\u00fane os principais l\u00edderes das Igrejas Evang\u00e9licas Assembleias de Deus e atrai pol\u00edticos.<\/p>\n<p>O ex-vereador Os\u00e9ias Var\u00e3o (PL) afirma sobre o encontro: \u201c\u00c9 um momento de confraterniza\u00e7\u00e3o, de celebra\u00e7\u00e3o, de comunh\u00e3o, e que trata tamb\u00e9m de alguns temas relacionados \u00e0 administra\u00e7\u00e3o da igreja.\u201d Os\u00e9ias Var\u00e3o, que \u00e9 uma lideran\u00e7a evang\u00e9lica e pol\u00edtica.<\/p>\n<p>Organizadores destacaram que a principal meta da Conemad \u00e9 promover a uni\u00e3o entre os l\u00edderes da igreja e incentivar o progresso espiritual, material e cultural das assembleias de Deus no Brasil, especialmente em Goi\u00e1s. Entre os temas discutidos estavam a miss\u00e3o da igreja, a prote\u00e7\u00e3o da fam\u00edlia contra influ\u00eancias negativas das redes sociais e a busca pelo equil\u00edbrio entre tecnologia e espiritualidade.<\/p>\n<p>Entre os pol\u00edticos que compareceram \u00e0 conven\u00e7\u00e3o estadual, se destaca o governador de Goi\u00e1s, Ronaldo Caiado (UB), que recebeu neste s\u00e1bado, 6, as comendas Pastor Albino Gon\u00e7alves Boaventura e Bispo Abigail Carlos de Almeida. Na ocasi\u00e3o, ele afirmou: \u201cHonraria que vai constar no meu curr\u00edculo\u201d. As comendas foram inicialmente propostas pelo deputado Henrique C\u00e9sar (Podemos) e receberam a aprova\u00e7\u00e3o da Assembleia Legislativa de Goi\u00e1s (Alego).<\/p>\n<p>O evento contou com a presen\u00e7a de outras lideran\u00e7as pol\u00edticas, incluindo o vice-governador Daniel Vilela (MDB). Compareceram os pr\u00e9-candidatos a prefeito de Goi\u00e2nia, senador Vanderlan Cardoso (PSD) e Sandro Mabel (UB), bem como o pr\u00e9-candidato \u00e0 prefeitura de Aparecida de Goi\u00e2nia, Leandro Vilela (MDB).<\/p>\n<p><img loading=\"lazy\" decoding=\"async\" class=\"size-full wp-image-42978 aligncenter\" src=\"https:\/\/jornalboasnoticias.com.br\/home\/wp-content\/uploads\/2024\/07\/2.webp\" alt=\"\" width=\"620\" height=\"413\" srcset=\"https:\/\/jornalboasnoticias.com.br\/home\/wp-content\/uploads\/2024\/07\/2.webp 620w, https:\/\/jornalboasnoticias.com.br\/home\/wp-content\/uploads\/2024\/07\/2-300x200.webp 300w\" sizes=\"auto, (max-width: 620px) 100vw, 620px\" \/><\/p>\n<p>Ao\u00a0<strong>Jornal Op\u00e7\u00e3o<\/strong>, o pastor Lucas Gouveia, filho do pastor Josu\u00e9 Gouveia, l\u00edder do Minist\u00e9rio Vila Nova, destacou a conven\u00e7\u00e3o estadual da igreja. \u201c\u00c9 uma reuni\u00e3o com todos os pastores da conven\u00e7\u00e3o estaduais, que acontece anualmente, com a presen\u00e7a dos nossos presidentes nacionais, presidente executivo, bispo Samuel Ferreira, tamb\u00e9m bispo Abner, do Rio de Janeiro\u201d, disse.<\/p>\n<p>\u201cNosso presidente da conven\u00e7\u00e3o, o bispo Oides Jos\u00e9 do Carmo, presidiu a nossa sess\u00e3o. Foi o momento de tratar de demandas da igreja, quest\u00f5es administrativas e eclesi\u00e1sticas tamb\u00e9m\u201d, completou.<\/p>\n<p>Lucas Gouveia tamb\u00e9m revelou que estiveram presentes o senador Vanderlan Cardoso, que \u00e9 pr\u00e9-candidato a prefeito de Goi\u00e2nia, o deputado estadual Henrique C\u00e9sar, o vereador Ronilson Reis, Sandro Mabel, tamb\u00e9m pr\u00e9-candidato para a Prefeitura da capital, Eerizania Freitas, pr\u00e9-candidata a prefeita de An\u00e1polis, Leandro Vilela, pr\u00e9-candidato a prefeito de Aparecida de Goi\u00e2nia, acompanhado de Gustavo Mendanha, entre outros.<\/p>\n<p>\u201cEstiveram prestigiando esse momento, ressaltando a import\u00e2ncia da igreja para a sociedade, compartilhando esse momento conosco\u201d, destacou Lucas.<\/p>\n<p><em>As informa\u00e7\u00f5es s\u00e3o do Jornal Op\u00e7\u00e3o<\/em><\/p>\n","protected":false},"excerpt":{"rendered":"<p>Acontece neste final de semana a 69\u00aa Assembleia Geral Extraordin\u00e1ria da Conven\u00e7\u00e3o Estadual dos Ministros<\/p>\n","protected":false},"author":3,"featured_media":42978,"comment_status":"open","ping_status":"open","sticky":false,"template":"","format":"standard","meta":{"footnotes":""},"categories":[6,3],"tags":[],"class_list":["post-42976","post","type-post","status-publish","format-standard","has-post-thumbnail","hentry","category-brasil","category-destaques"],"yoast_head":"<!-- This site is optimized with the Yoast SEO plugin v27.5 - https:\/\/yoast.com\/product\/yoast-seo-wordpress\/ -->\n<title>Conven\u00e7\u00e3o Estadual da Assembleia de Deus re\u00fane l\u00edderes e pol\u00edticos em Goi\u00e2nia - Jornal<\/title>\n<meta name=\"description\" content=\"Conven\u00e7\u00e3o Estadual da Assembleia de Deus re\u00fane l\u00edderes e pol\u00edticos em Goi\u00e2nia\" \/>\n<meta name=\"robots\" content=\"index, follow, max-snippet:-1, max-image-preview:large, max-video-preview:-1\" \/>\n<link rel=\"canonical\" href=\"https:\/\/jornalboasnoticias.com.br\/home\/convencao-estadual-da-assembleia-de-deus-reune-lideres-e-politicos-em-goiania\/\" \/>\n<meta property=\"og:locale\" content=\"pt_BR\" \/>\n<meta property=\"og:type\" content=\"article\" \/>\n<meta property=\"og:title\" content=\"Conven\u00e7\u00e3o Estadual da Assembleia de Deus re\u00fane l\u00edderes e pol\u00edticos em Goi\u00e2nia - Jornal\" \/>\n<meta property=\"og:description\" content=\"Conven\u00e7\u00e3o Estadual da Assembleia de Deus re\u00fane l\u00edderes e pol\u00edticos em Goi\u00e2nia\" \/>\n<meta property=\"og:url\" content=\"https:\/\/jornalboasnoticias.com.br\/home\/convencao-estadual-da-assembleia-de-deus-reune-lideres-e-politicos-em-goiania\/\" \/>\n<meta property=\"og:site_name\" content=\"Jornal\" \/>\n<meta property=\"article:publisher\" content=\"https:\/\/www.facebook.com\/boasnoticiasjornal\" \/>\n<meta property=\"article:published_time\" content=\"2024-07-08T02:20:56+00:00\" \/>\n<meta property=\"og:image\" content=\"https:\/\/jornalboasnoticias.com.br\/home\/wp-content\/uploads\/2024\/07\/2.webp\" \/>\n\t<meta property=\"og:image:width\" content=\"620\" \/>\n\t<meta property=\"og:image:height\" content=\"413\" \/>\n\t<meta property=\"og:image:type\" content=\"image\/webp\" \/>\n<meta name=\"author\" content=\"Luiz Carlos da Cruz\" \/>\n<meta name=\"twitter:card\" content=\"summary_large_image\" \/>\n<meta name=\"twitter:label1\" content=\"Escrito por\" \/>\n\t<meta name=\"twitter:data1\" content=\"Luiz Carlos da Cruz\" \/>\n\t<meta name=\"twitter:label2\" content=\"Est. tempo de leitura\" \/>\n\t<meta name=\"twitter:data2\" content=\"2 minutos\" \/>\n<script type=\"application\/ld+json\" class=\"yoast-schema-graph\">{\"@context\":\"https:\\\/\\\/schema.org\",\"@graph\":[{\"@type\":\"Article\",\"@id\":\"https:\\\/\\\/jornalboasnoticias.com.br\\\/home\\\/convencao-estadual-da-assembleia-de-deus-reune-lideres-e-politicos-em-goiania\\\/#article\",\"isPartOf\":{\"@id\":\"https:\\\/\\\/jornalboasnoticias.com.br\\\/home\\\/convencao-estadual-da-assembleia-de-deus-reune-lideres-e-politicos-em-goiania\\\/\"},\"author\":{\"name\":\"Luiz Carlos da Cruz\",\"@id\":\"https:\\\/\\\/jornalboasnoticias.com.br\\\/home\\\/#\\\/schema\\\/person\\\/75f9ebde398c998c166475fb446bda62\"},\"headline\":\"Conven\u00e7\u00e3o Estadual da Assembleia de Deus re\u00fane l\u00edderes e pol\u00edticos em Goi\u00e2nia\",\"datePublished\":\"2024-07-08T02:20:56+00:00\",\"mainEntityOfPage\":{\"@id\":\"https:\\\/\\\/jornalboasnoticias.com.br\\\/home\\\/convencao-estadual-da-assembleia-de-deus-reune-lideres-e-politicos-em-goiania\\\/\"},\"wordCount\":501,\"commentCount\":0,\"publisher\":{\"@id\":\"https:\\\/\\\/jornalboasnoticias.com.br\\\/home\\\/#organization\"},\"image\":{\"@id\":\"https:\\\/\\\/jornalboasnoticias.com.br\\\/home\\\/convencao-estadual-da-assembleia-de-deus-reune-lideres-e-politicos-em-goiania\\\/#primaryimage\"},\"thumbnailUrl\":\"https:\\\/\\\/jornalboasnoticias.com.br\\\/home\\\/wp-content\\\/uploads\\\/2024\\\/07\\\/2.webp\",\"articleSection\":[\"BRASIL\",\"DESTAQUE\"],\"inLanguage\":\"pt-BR\",\"potentialAction\":[{\"@type\":\"CommentAction\",\"name\":\"Comment\",\"target\":[\"https:\\\/\\\/jornalboasnoticias.com.br\\\/home\\\/convencao-estadual-da-assembleia-de-deus-reune-lideres-e-politicos-em-goiania\\\/#respond\"]}]},{\"@type\":\"WebPage\",\"@id\":\"https:\\\/\\\/jornalboasnoticias.com.br\\\/home\\\/convencao-estadual-da-assembleia-de-deus-reune-lideres-e-politicos-em-goiania\\\/\",\"url\":\"https:\\\/\\\/jornalboasnoticias.com.br\\\/home\\\/convencao-estadual-da-assembleia-de-deus-reune-lideres-e-politicos-em-goiania\\\/\",\"name\":\"Conven\u00e7\u00e3o Estadual da Assembleia de Deus re\u00fane l\u00edderes e pol\u00edticos em Goi\u00e2nia - Jornal\",\"isPartOf\":{\"@id\":\"https:\\\/\\\/jornalboasnoticias.com.br\\\/home\\\/#website\"},\"primaryImageOfPage\":{\"@id\":\"https:\\\/\\\/jornalboasnoticias.com.br\\\/home\\\/convencao-estadual-da-assembleia-de-deus-reune-lideres-e-politicos-em-goiania\\\/#primaryimage\"},\"image\":{\"@id\":\"https:\\\/\\\/jornalboasnoticias.com.br\\\/home\\\/convencao-estadual-da-assembleia-de-deus-reune-lideres-e-politicos-em-goiania\\\/#primaryimage\"},\"thumbnailUrl\":\"https:\\\/\\\/jornalboasnoticias.com.br\\\/home\\\/wp-content\\\/uploads\\\/2024\\\/07\\\/2.webp\",\"datePublished\":\"2024-07-08T02:20:56+00:00\",\"description\":\"Conven\u00e7\u00e3o Estadual da Assembleia de Deus re\u00fane l\u00edderes e pol\u00edticos em Goi\u00e2nia\",\"breadcrumb\":{\"@id\":\"https:\\\/\\\/jornalboasnoticias.com.br\\\/home\\\/convencao-estadual-da-assembleia-de-deus-reune-lideres-e-politicos-em-goiania\\\/#breadcrumb\"},\"inLanguage\":\"pt-BR\",\"potentialAction\":[{\"@type\":\"ReadAction\",\"target\":[\"https:\\\/\\\/jornalboasnoticias.com.br\\\/home\\\/convencao-estadual-da-assembleia-de-deus-reune-lideres-e-politicos-em-goiania\\\/\"]}]},{\"@type\":\"ImageObject\",\"inLanguage\":\"pt-BR\",\"@id\":\"https:\\\/\\\/jornalboasnoticias.com.br\\\/home\\\/convencao-estadual-da-assembleia-de-deus-reune-lideres-e-politicos-em-goiania\\\/#primaryimage\",\"url\":\"https:\\\/\\\/jornalboasnoticias.com.br\\\/home\\\/wp-content\\\/uploads\\\/2024\\\/07\\\/2.webp\",\"contentUrl\":\"https:\\\/\\\/jornalboasnoticias.com.br\\\/home\\\/wp-content\\\/uploads\\\/2024\\\/07\\\/2.webp\",\"width\":620,\"height\":413},{\"@type\":\"BreadcrumbList\",\"@id\":\"https:\\\/\\\/jornalboasnoticias.com.br\\\/home\\\/convencao-estadual-da-assembleia-de-deus-reune-lideres-e-politicos-em-goiania\\\/#breadcrumb\",\"itemListElement\":[{\"@type\":\"ListItem\",\"position\":1,\"name\":\"In\u00edcio\",\"item\":\"https:\\\/\\\/jornalboasnoticias.com.br\\\/home\\\/\"},{\"@type\":\"ListItem\",\"position\":2,\"name\":\"Conven\u00e7\u00e3o Estadual da Assembleia de Deus re\u00fane l\u00edderes e pol\u00edticos em Goi\u00e2nia\"}]},{\"@type\":\"WebSite\",\"@id\":\"https:\\\/\\\/jornalboasnoticias.com.br\\\/home\\\/#website\",\"url\":\"https:\\\/\\\/jornalboasnoticias.com.br\\\/home\\\/\",\"name\":\"Jornal Boas Not\u00edcias\",\"description\":\"Boas not\u00edcias\",\"publisher\":{\"@id\":\"https:\\\/\\\/jornalboasnoticias.com.br\\\/home\\\/#organization\"},\"potentialAction\":[{\"@type\":\"SearchAction\",\"target\":{\"@type\":\"EntryPoint\",\"urlTemplate\":\"https:\\\/\\\/jornalboasnoticias.com.br\\\/home\\\/?s={search_term_string}\"},\"query-input\":{\"@type\":\"PropertyValueSpecification\",\"valueRequired\":true,\"valueName\":\"search_term_string\"}}],\"inLanguage\":\"pt-BR\"},{\"@type\":\"Organization\",\"@id\":\"https:\\\/\\\/jornalboasnoticias.com.br\\\/home\\\/#organization\",\"name\":\"Coq Editora Ltda\",\"alternateName\":\"Jornal Boas Noticias\",\"url\":\"https:\\\/\\\/jornalboasnoticias.com.br\\\/home\\\/\",\"logo\":{\"@type\":\"ImageObject\",\"inLanguage\":\"pt-BR\",\"@id\":\"https:\\\/\\\/jornalboasnoticias.com.br\\\/home\\\/#\\\/schema\\\/logo\\\/image\\\/\",\"url\":\"https:\\\/\\\/jornalboasnoticias.com.br\\\/home\\\/wp-content\\\/uploads\\\/2024\\\/07\\\/cropped-logo.jpg\",\"contentUrl\":\"https:\\\/\\\/jornalboasnoticias.com.br\\\/home\\\/wp-content\\\/uploads\\\/2024\\\/07\\\/cropped-logo.jpg\",\"width\":290,\"height\":142,\"caption\":\"Coq Editora Ltda\"},\"image\":{\"@id\":\"https:\\\/\\\/jornalboasnoticias.com.br\\\/home\\\/#\\\/schema\\\/logo\\\/image\\\/\"},\"sameAs\":[\"https:\\\/\\\/www.facebook.com\\\/boasnoticiasjornal\"]},{\"@type\":\"Person\",\"@id\":\"https:\\\/\\\/jornalboasnoticias.com.br\\\/home\\\/#\\\/schema\\\/person\\\/75f9ebde398c998c166475fb446bda62\",\"name\":\"Luiz Carlos da Cruz\",\"image\":{\"@type\":\"ImageObject\",\"inLanguage\":\"pt-BR\",\"@id\":\"https:\\\/\\\/secure.gravatar.com\\\/avatar\\\/e6f4f45301b6cb8572f7b076572e8ac11c1db80e805d8c8d0858cf286ce3ac3b?s=96&d=mm&r=g\",\"url\":\"https:\\\/\\\/secure.gravatar.com\\\/avatar\\\/e6f4f45301b6cb8572f7b076572e8ac11c1db80e805d8c8d0858cf286ce3ac3b?s=96&d=mm&r=g\",\"contentUrl\":\"https:\\\/\\\/secure.gravatar.com\\\/avatar\\\/e6f4f45301b6cb8572f7b076572e8ac11c1db80e805d8c8d0858cf286ce3ac3b?s=96&d=mm&r=g\",\"caption\":\"Luiz Carlos da Cruz\"},\"url\":\"https:\\\/\\\/jornalboasnoticias.com.br\\\/home\\\/author\\\/luiz-carlos-da-cruz\\\/\"}]}<\/script>\n<!-- \/ Yoast SEO plugin. -->","yoast_head_json":{"title":"Conven\u00e7\u00e3o Estadual da Assembleia de Deus re\u00fane l\u00edderes e pol\u00edticos em Goi\u00e2nia - Jornal","description":"Conven\u00e7\u00e3o Estadual da Assembleia de Deus re\u00fane l\u00edderes e pol\u00edticos em Goi\u00e2nia","robots":{"index":"index","follow":"follow","max-snippet":"max-snippet:-1","max-image-preview":"max-image-preview:large","max-video-preview":"max-video-preview:-1"},"canonical":"https:\/\/jornalboasnoticias.com.br\/home\/convencao-estadual-da-assembleia-de-deus-reune-lideres-e-politicos-em-goiania\/","og_locale":"pt_BR","og_type":"article","og_title":"Conven\u00e7\u00e3o Estadual da Assembleia de Deus re\u00fane l\u00edderes e pol\u00edticos em Goi\u00e2nia - Jornal","og_description":"Conven\u00e7\u00e3o Estadual da Assembleia de Deus re\u00fane l\u00edderes e pol\u00edticos em Goi\u00e2nia","og_url":"https:\/\/jornalboasnoticias.com.br\/home\/convencao-estadual-da-assembleia-de-deus-reune-lideres-e-politicos-em-goiania\/","og_site_name":"Jornal","article_publisher":"https:\/\/www.facebook.com\/boasnoticiasjornal","article_published_time":"2024-07-08T02:20:56+00:00","og_image":[{"width":620,"height":413,"url":"https:\/\/jornalboasnoticias.com.br\/home\/wp-content\/uploads\/2024\/07\/2.webp","type":"image\/webp"}],"author":"Luiz Carlos da Cruz","twitter_card":"summary_large_image","twitter_misc":{"Escrito por":"Luiz Carlos da Cruz","Est. tempo de leitura":"2 minutos"},"schema":{"@context":"https:\/\/schema.org","@graph":[{"@type":"Article","@id":"https:\/\/jornalboasnoticias.com.br\/home\/convencao-estadual-da-assembleia-de-deus-reune-lideres-e-politicos-em-goiania\/#article","isPartOf":{"@id":"https:\/\/jornalboasnoticias.com.br\/home\/convencao-estadual-da-assembleia-de-deus-reune-lideres-e-politicos-em-goiania\/"},"author":{"name":"Luiz Carlos da Cruz","@id":"https:\/\/jornalboasnoticias.com.br\/home\/#\/schema\/person\/75f9ebde398c998c166475fb446bda62"},"headline":"Conven\u00e7\u00e3o Estadual da Assembleia de Deus re\u00fane l\u00edderes e pol\u00edticos em Goi\u00e2nia","datePublished":"2024-07-08T02:20:56+00:00","mainEntityOfPage":{"@id":"https:\/\/jornalboasnoticias.com.br\/home\/convencao-estadual-da-assembleia-de-deus-reune-lideres-e-politicos-em-goiania\/"},"wordCount":501,"commentCount":0,"publisher":{"@id":"https:\/\/jornalboasnoticias.com.br\/home\/#organization"},"image":{"@id":"https:\/\/jornalboasnoticias.com.br\/home\/convencao-estadual-da-assembleia-de-deus-reune-lideres-e-politicos-em-goiania\/#primaryimage"},"thumbnailUrl":"https:\/\/jornalboasnoticias.com.br\/home\/wp-content\/uploads\/2024\/07\/2.webp","articleSection":["BRASIL","DESTAQUE"],"inLanguage":"pt-BR","potentialAction":[{"@type":"CommentAction","name":"Comment","target":["https:\/\/jornalboasnoticias.com.br\/home\/convencao-estadual-da-assembleia-de-deus-reune-lideres-e-politicos-em-goiania\/#respond"]}]},{"@type":"WebPage","@id":"https:\/\/jornalboasnoticias.com.br\/home\/convencao-estadual-da-assembleia-de-deus-reune-lideres-e-politicos-em-goiania\/","url":"https:\/\/jornalboasnoticias.com.br\/home\/convencao-estadual-da-assembleia-de-deus-reune-lideres-e-politicos-em-goiania\/","name":"Conven\u00e7\u00e3o Estadual da Assembleia de Deus re\u00fane l\u00edderes e pol\u00edticos em Goi\u00e2nia - Jornal","isPartOf":{"@id":"https:\/\/jornalboasnoticias.com.br\/home\/#website"},"primaryImageOfPage":{"@id":"https:\/\/jornalboasnoticias.com.br\/home\/convencao-estadual-da-assembleia-de-deus-reune-lideres-e-politicos-em-goiania\/#primaryimage"},"image":{"@id":"https:\/\/jornalboasnoticias.com.br\/home\/convencao-estadual-da-assembleia-de-deus-reune-lideres-e-politicos-em-goiania\/#primaryimage"},"thumbnailUrl":"https:\/\/jornalboasnoticias.com.br\/home\/wp-content\/uploads\/2024\/07\/2.webp","datePublished":"2024-07-08T02:20:56+00:00","description":"Conven\u00e7\u00e3o Estadual da Assembleia de Deus re\u00fane l\u00edderes e pol\u00edticos em Goi\u00e2nia","breadcrumb":{"@id":"https:\/\/jornalboasnoticias.com.br\/home\/convencao-estadual-da-assembleia-de-deus-reune-lideres-e-politicos-em-goiania\/#breadcrumb"},"inLanguage":"pt-BR","potentialAction":[{"@type":"ReadAction","target":["https:\/\/jornalboasnoticias.com.br\/home\/convencao-estadual-da-assembleia-de-deus-reune-lideres-e-politicos-em-goiania\/"]}]},{"@type":"ImageObject","inLanguage":"pt-BR","@id":"https:\/\/jornalboasnoticias.com.br\/home\/convencao-estadual-da-assembleia-de-deus-reune-lideres-e-politicos-em-goiania\/#primaryimage","url":"https:\/\/jornalboasnoticias.com.br\/home\/wp-content\/uploads\/2024\/07\/2.webp","contentUrl":"https:\/\/jornalboasnoticias.com.br\/home\/wp-content\/uploads\/2024\/07\/2.webp","width":620,"height":413},{"@type":"BreadcrumbList","@id":"https:\/\/jornalboasnoticias.com.br\/home\/convencao-estadual-da-assembleia-de-deus-reune-lideres-e-politicos-em-goiania\/#breadcrumb","itemListElement":[{"@type":"ListItem","position":1,"name":"In\u00edcio","item":"https:\/\/jornalboasnoticias.com.br\/home\/"},{"@type":"ListItem","position":2,"name":"Conven\u00e7\u00e3o Estadual da Assembleia de Deus re\u00fane l\u00edderes e pol\u00edticos em Goi\u00e2nia"}]},{"@type":"WebSite","@id":"https:\/\/jornalboasnoticias.com.br\/home\/#website","url":"https:\/\/jornalboasnoticias.com.br\/home\/","name":"Jornal Boas Not\u00edcias","description":"Boas not\u00edcias","publisher":{"@id":"https:\/\/jornalboasnoticias.com.br\/home\/#organization"},"potentialAction":[{"@type":"SearchAction","target":{"@type":"EntryPoint","urlTemplate":"https:\/\/jornalboasnoticias.com.br\/home\/?s={search_term_string}"},"query-input":{"@type":"PropertyValueSpecification","valueRequired":true,"valueName":"search_term_string"}}],"inLanguage":"pt-BR"},{"@type":"Organization","@id":"https:\/\/jornalboasnoticias.com.br\/home\/#organization","name":"Coq Editora Ltda","alternateName":"Jornal Boas Noticias","url":"https:\/\/jornalboasnoticias.com.br\/home\/","logo":{"@type":"ImageObject","inLanguage":"pt-BR","@id":"https:\/\/jornalboasnoticias.com.br\/home\/#\/schema\/logo\/image\/","url":"https:\/\/jornalboasnoticias.com.br\/home\/wp-content\/uploads\/2024\/07\/cropped-logo.jpg","contentUrl":"https:\/\/jornalboasnoticias.com.br\/home\/wp-content\/uploads\/2024\/07\/cropped-logo.jpg","width":290,"height":142,"caption":"Coq Editora Ltda"},"image":{"@id":"https:\/\/jornalboasnoticias.com.br\/home\/#\/schema\/logo\/image\/"},"sameAs":["https:\/\/www.facebook.com\/boasnoticiasjornal"]},{"@type":"Person","@id":"https:\/\/jornalboasnoticias.com.br\/home\/#\/schema\/person\/75f9ebde398c998c166475fb446bda62","name":"Luiz Carlos da Cruz","image":{"@type":"ImageObject","inLanguage":"pt-BR","@id":"https:\/\/secure.gravatar.com\/avatar\/e6f4f45301b6cb8572f7b076572e8ac11c1db80e805d8c8d0858cf286ce3ac3b?s=96&d=mm&r=g","url":"https:\/\/secure.gravatar.com\/avatar\/e6f4f45301b6cb8572f7b076572e8ac11c1db80e805d8c8d0858cf286ce3ac3b?s=96&d=mm&r=g","contentUrl":"https:\/\/secure.gravatar.com\/avatar\/e6f4f45301b6cb8572f7b076572e8ac11c1db80e805d8c8d0858cf286ce3ac3b?s=96&d=mm&r=g","caption":"Luiz Carlos da Cruz"},"url":"https:\/\/jornalboasnoticias.com.br\/home\/author\/luiz-carlos-da-cruz\/"}]}},"_links":{"self":[{"href":"https:\/\/jornalboasnoticias.com.br\/home\/wp-json\/wp\/v2\/posts\/42976","targetHints":{"allow":["GET"]}}],"collection":[{"href":"https:\/\/jornalboasnoticias.com.br\/home\/wp-json\/wp\/v2\/posts"}],"about":[{"href":"https:\/\/jornalboasnoticias.com.br\/home\/wp-json\/wp\/v2\/types\/post"}],"author":[{"embeddable":true,"href":"https:\/\/jornalboasnoticias.com.br\/home\/wp-json\/wp\/v2\/users\/3"}],"replies":[{"embeddable":true,"href":"https:\/\/jornalboasnoticias.com.br\/home\/wp-json\/wp\/v2\/comments?post=42976"}],"version-history":[{"count":0,"href":"https:\/\/jornalboasnoticias.com.br\/home\/wp-json\/wp\/v2\/posts\/42976\/revisions"}],"wp:featuredmedia":[{"embeddable":true,"href":"https:\/\/jornalboasnoticias.com.br\/home\/wp-json\/wp\/v2\/media\/42978"}],"wp:attachment":[{"href":"https:\/\/jornalboasnoticias.com.br\/home\/wp-json\/wp\/v2\/media?parent=42976"}],"wp:term":[{"taxonomy":"category","embeddable":true,"href":"https:\/\/jornalboasnoticias.com.br\/home\/wp-json\/wp\/v2\/categories?post=42976"},{"taxonomy":"post_tag","embeddable":true,"href":"https:\/\/jornalboasnoticias.com.br\/home\/wp-json\/wp\/v2\/tags?post=42976"}],"curies":[{"name":"wp","href":"https:\/\/api.w.org\/{rel}","templated":true}]}}