{"id":42970,"date":"2024-07-04T15:35:23","date_gmt":"2024-07-04T18:35:23","guid":{"rendered":"https:\/\/www.jornalboasnoticias.com.br\/?p=42970"},"modified":"2024-07-04T15:35:23","modified_gmt":"2024-07-04T18:35:23","slug":"ex-atacante-da-selecao-brasileira-agora-e-pastor-evangelico-em-igreja-fundada-por-ele-mesmo","status":"publish","type":"post","link":"https:\/\/jornalboasnoticias.com.br\/home\/ex-atacante-da-selecao-brasileira-agora-e-pastor-evangelico-em-igreja-fundada-por-ele-mesmo\/","title":{"rendered":"Ex-atacante da sele\u00e7\u00e3o brasileira agora \u00e9 pastor evang\u00e9lico em igreja fundada por ele mesmo"},"content":{"rendered":"<p><img loading=\"lazy\" decoding=\"async\" class=\"alignnone size-full wp-image-42971\" src=\"https:\/\/jornalboasnoticias.com.br\/home\/wp-content\/uploads\/2024\/07\/Ex-atacante-do-Figueirense-e-da-selecao-brasileira-vira-pastor-evangelico-5.jpg\" alt=\"\" width=\"1200\" height=\"675\" srcset=\"https:\/\/jornalboasnoticias.com.br\/home\/wp-content\/uploads\/2024\/07\/Ex-atacante-do-Figueirense-e-da-selecao-brasileira-vira-pastor-evangelico-5.jpg 1200w, https:\/\/jornalboasnoticias.com.br\/home\/wp-content\/uploads\/2024\/07\/Ex-atacante-do-Figueirense-e-da-selecao-brasileira-vira-pastor-evangelico-5-300x169.jpg 300w, https:\/\/jornalboasnoticias.com.br\/home\/wp-content\/uploads\/2024\/07\/Ex-atacante-do-Figueirense-e-da-selecao-brasileira-vira-pastor-evangelico-5-1024x576.jpg 1024w, https:\/\/jornalboasnoticias.com.br\/home\/wp-content\/uploads\/2024\/07\/Ex-atacante-do-Figueirense-e-da-selecao-brasileira-vira-pastor-evangelico-5-768x432.jpg 768w\" sizes=\"auto, (max-width: 1200px) 100vw, 1200px\" \/><\/p>\n<p>Roberto Firmino, ex-atacante do Figueirense e da sele\u00e7\u00e3o brasileira, se tornou pastor evang\u00e9lico da igreja Manah Church, em Macei\u00f3, fundada pelo pr\u00f3prio jogador. A cerim\u00f4nia de consagra\u00e7\u00e3o ocorreu no \u00faltimo domingo (30).<\/p>\n<p>Um dia ap\u00f3s participar do jogo de despedida dos \u00eddolos do Figueirense, Firmino anunciou no Instagram que havia se tornado pastor da igreja.<\/p>\n<p>&#8220;Tr\u00eas anos de Manah Church. Que noite memor\u00e1vel e inesquec\u00edvel. Essa igreja NASCEU no cora\u00e7\u00e3o de Deus e somos extremamente gratos pelo privil\u00e9gio de testemunhar de perto tudo o que o Senhor tem feito. (\u2026) Nunca foi um objetivo nosso abrir uma igreja ou ter um cargo eclesi\u00e1stico, Deus sabe bem disso. (\u2026) Agora temos outro anseio e responsabilidade\u2026 Ser Pastores, segundo o cora\u00e7\u00e3o de Deus e que cooperam com o Reino (\u2026)&#8221;, escreveu Roberto Firmino no Instagram.<\/p>\n<p>Nascido em Macei\u00f3 (AL), Firmino se formou na base do Figueirense. Ele estreou no elenco profissional em 2010, jogando ao lado de Fernandes, Wilson e Maicon por uma temporada.<\/p>\n<p>Como centroavante, Firmino tamb\u00e9m atuou pela sele\u00e7\u00e3o brasileira e contribuiu para a campanha do Figueirense na S\u00e9rie B de 2010, uma das melhores do clube na segunda divis\u00e3o. Na ocasi\u00e3o, o Alvinegro foi vice-campe\u00e3o nacional e conquistou o acesso \u00e0 S\u00e9rie A em 2011.<\/p>\n<p>Atualmente \u00eddolo do Liverpool, Firmino agora representa o Al-Ahli, da liga saudita. Vestindo a camisa dos Reds, ele fez hist\u00f3ria e conquistou sete t\u00edtulos, incluindo o Campeonato Ingl\u00eas de 2019\/20 e a Champions League de 2018\/19. Firmino tamb\u00e9m marcou o gol do t\u00edtulo do Mundial de Clubes, em 2019.<\/p>\n<p><em>Com informa\u00e7\u00f5es do nsc total<\/em><\/p>\n","protected":false},"excerpt":{"rendered":"<p>Roberto Firmino, ex-atacante do Figueirense e da sele\u00e7\u00e3o brasileira, se tornou pastor evang\u00e9lico da igreja<\/p>\n","protected":false},"author":3,"featured_media":42971,"comment_status":"open","ping_status":"open","sticky":false,"template":"","format":"standard","meta":{"footnotes":""},"categories":[6,3],"tags":[],"class_list":["post-42970","post","type-post","status-publish","format-standard","has-post-thumbnail","hentry","category-brasil","category-destaques"],"yoast_head":"<!-- This site is optimized with the Yoast SEO plugin v27.5 - https:\/\/yoast.com\/product\/yoast-seo-wordpress\/ -->\n<title>Ex-atacante da sele\u00e7\u00e3o brasileira agora \u00e9 pastor evang\u00e9lico em igreja fundada por ele mesmo - Jornal<\/title>\n<meta name=\"description\" content=\"Ex-atacante da sele\u00e7\u00e3o brasileira agora \u00e9 pastor evang\u00e9lico em igreja fundada por ele mesmo\" \/>\n<meta name=\"robots\" content=\"index, follow, max-snippet:-1, max-image-preview:large, max-video-preview:-1\" \/>\n<link rel=\"canonical\" href=\"https:\/\/jornalboasnoticias.com.br\/home\/ex-atacante-da-selecao-brasileira-agora-e-pastor-evangelico-em-igreja-fundada-por-ele-mesmo\/\" \/>\n<meta property=\"og:locale\" content=\"pt_BR\" \/>\n<meta property=\"og:type\" content=\"article\" \/>\n<meta property=\"og:title\" content=\"Ex-atacante da sele\u00e7\u00e3o brasileira agora \u00e9 pastor evang\u00e9lico em igreja fundada por ele mesmo - Jornal\" \/>\n<meta property=\"og:description\" content=\"Ex-atacante da sele\u00e7\u00e3o brasileira agora \u00e9 pastor evang\u00e9lico em igreja fundada por ele mesmo\" \/>\n<meta property=\"og:url\" content=\"https:\/\/jornalboasnoticias.com.br\/home\/ex-atacante-da-selecao-brasileira-agora-e-pastor-evangelico-em-igreja-fundada-por-ele-mesmo\/\" \/>\n<meta property=\"og:site_name\" content=\"Jornal\" \/>\n<meta property=\"article:publisher\" content=\"https:\/\/www.facebook.com\/boasnoticiasjornal\" \/>\n<meta property=\"article:published_time\" content=\"2024-07-04T18:35:23+00:00\" \/>\n<meta property=\"og:image\" content=\"https:\/\/jornalboasnoticias.com.br\/home\/wp-content\/uploads\/2024\/07\/Ex-atacante-do-Figueirense-e-da-selecao-brasileira-vira-pastor-evangelico-5.jpg\" \/>\n\t<meta property=\"og:image:width\" content=\"1200\" \/>\n\t<meta property=\"og:image:height\" content=\"675\" \/>\n\t<meta property=\"og:image:type\" content=\"image\/jpeg\" \/>\n<meta name=\"author\" content=\"Luiz Carlos da Cruz\" \/>\n<meta name=\"twitter:card\" content=\"summary_large_image\" \/>\n<meta name=\"twitter:label1\" content=\"Escrito por\" \/>\n\t<meta name=\"twitter:data1\" content=\"Luiz Carlos da Cruz\" \/>\n\t<meta name=\"twitter:label2\" content=\"Est. tempo de leitura\" \/>\n\t<meta name=\"twitter:data2\" content=\"1 minuto\" \/>\n<script type=\"application\/ld+json\" class=\"yoast-schema-graph\">{\"@context\":\"https:\\\/\\\/schema.org\",\"@graph\":[{\"@type\":\"Article\",\"@id\":\"https:\\\/\\\/jornalboasnoticias.com.br\\\/home\\\/ex-atacante-da-selecao-brasileira-agora-e-pastor-evangelico-em-igreja-fundada-por-ele-mesmo\\\/#article\",\"isPartOf\":{\"@id\":\"https:\\\/\\\/jornalboasnoticias.com.br\\\/home\\\/ex-atacante-da-selecao-brasileira-agora-e-pastor-evangelico-em-igreja-fundada-por-ele-mesmo\\\/\"},\"author\":{\"name\":\"Luiz Carlos da Cruz\",\"@id\":\"https:\\\/\\\/jornalboasnoticias.com.br\\\/home\\\/#\\\/schema\\\/person\\\/75f9ebde398c998c166475fb446bda62\"},\"headline\":\"Ex-atacante da sele\u00e7\u00e3o brasileira agora \u00e9 pastor evang\u00e9lico em igreja fundada por ele mesmo\",\"datePublished\":\"2024-07-04T18:35:23+00:00\",\"mainEntityOfPage\":{\"@id\":\"https:\\\/\\\/jornalboasnoticias.com.br\\\/home\\\/ex-atacante-da-selecao-brasileira-agora-e-pastor-evangelico-em-igreja-fundada-por-ele-mesmo\\\/\"},\"wordCount\":290,\"commentCount\":0,\"publisher\":{\"@id\":\"https:\\\/\\\/jornalboasnoticias.com.br\\\/home\\\/#organization\"},\"image\":{\"@id\":\"https:\\\/\\\/jornalboasnoticias.com.br\\\/home\\\/ex-atacante-da-selecao-brasileira-agora-e-pastor-evangelico-em-igreja-fundada-por-ele-mesmo\\\/#primaryimage\"},\"thumbnailUrl\":\"https:\\\/\\\/jornalboasnoticias.com.br\\\/home\\\/wp-content\\\/uploads\\\/2024\\\/07\\\/Ex-atacante-do-Figueirense-e-da-selecao-brasileira-vira-pastor-evangelico-5.jpg\",\"articleSection\":[\"BRASIL\",\"DESTAQUE\"],\"inLanguage\":\"pt-BR\",\"potentialAction\":[{\"@type\":\"CommentAction\",\"name\":\"Comment\",\"target\":[\"https:\\\/\\\/jornalboasnoticias.com.br\\\/home\\\/ex-atacante-da-selecao-brasileira-agora-e-pastor-evangelico-em-igreja-fundada-por-ele-mesmo\\\/#respond\"]}]},{\"@type\":\"WebPage\",\"@id\":\"https:\\\/\\\/jornalboasnoticias.com.br\\\/home\\\/ex-atacante-da-selecao-brasileira-agora-e-pastor-evangelico-em-igreja-fundada-por-ele-mesmo\\\/\",\"url\":\"https:\\\/\\\/jornalboasnoticias.com.br\\\/home\\\/ex-atacante-da-selecao-brasileira-agora-e-pastor-evangelico-em-igreja-fundada-por-ele-mesmo\\\/\",\"name\":\"Ex-atacante da sele\u00e7\u00e3o brasileira agora \u00e9 pastor evang\u00e9lico em igreja fundada por ele mesmo - Jornal\",\"isPartOf\":{\"@id\":\"https:\\\/\\\/jornalboasnoticias.com.br\\\/home\\\/#website\"},\"primaryImageOfPage\":{\"@id\":\"https:\\\/\\\/jornalboasnoticias.com.br\\\/home\\\/ex-atacante-da-selecao-brasileira-agora-e-pastor-evangelico-em-igreja-fundada-por-ele-mesmo\\\/#primaryimage\"},\"image\":{\"@id\":\"https:\\\/\\\/jornalboasnoticias.com.br\\\/home\\\/ex-atacante-da-selecao-brasileira-agora-e-pastor-evangelico-em-igreja-fundada-por-ele-mesmo\\\/#primaryimage\"},\"thumbnailUrl\":\"https:\\\/\\\/jornalboasnoticias.com.br\\\/home\\\/wp-content\\\/uploads\\\/2024\\\/07\\\/Ex-atacante-do-Figueirense-e-da-selecao-brasileira-vira-pastor-evangelico-5.jpg\",\"datePublished\":\"2024-07-04T18:35:23+00:00\",\"description\":\"Ex-atacante da sele\u00e7\u00e3o brasileira agora \u00e9 pastor evang\u00e9lico em igreja fundada por ele mesmo\",\"breadcrumb\":{\"@id\":\"https:\\\/\\\/jornalboasnoticias.com.br\\\/home\\\/ex-atacante-da-selecao-brasileira-agora-e-pastor-evangelico-em-igreja-fundada-por-ele-mesmo\\\/#breadcrumb\"},\"inLanguage\":\"pt-BR\",\"potentialAction\":[{\"@type\":\"ReadAction\",\"target\":[\"https:\\\/\\\/jornalboasnoticias.com.br\\\/home\\\/ex-atacante-da-selecao-brasileira-agora-e-pastor-evangelico-em-igreja-fundada-por-ele-mesmo\\\/\"]}]},{\"@type\":\"ImageObject\",\"inLanguage\":\"pt-BR\",\"@id\":\"https:\\\/\\\/jornalboasnoticias.com.br\\\/home\\\/ex-atacante-da-selecao-brasileira-agora-e-pastor-evangelico-em-igreja-fundada-por-ele-mesmo\\\/#primaryimage\",\"url\":\"https:\\\/\\\/jornalboasnoticias.com.br\\\/home\\\/wp-content\\\/uploads\\\/2024\\\/07\\\/Ex-atacante-do-Figueirense-e-da-selecao-brasileira-vira-pastor-evangelico-5.jpg\",\"contentUrl\":\"https:\\\/\\\/jornalboasnoticias.com.br\\\/home\\\/wp-content\\\/uploads\\\/2024\\\/07\\\/Ex-atacante-do-Figueirense-e-da-selecao-brasileira-vira-pastor-evangelico-5.jpg\",\"width\":1200,\"height\":675},{\"@type\":\"BreadcrumbList\",\"@id\":\"https:\\\/\\\/jornalboasnoticias.com.br\\\/home\\\/ex-atacante-da-selecao-brasileira-agora-e-pastor-evangelico-em-igreja-fundada-por-ele-mesmo\\\/#breadcrumb\",\"itemListElement\":[{\"@type\":\"ListItem\",\"position\":1,\"name\":\"In\u00edcio\",\"item\":\"https:\\\/\\\/jornalboasnoticias.com.br\\\/home\\\/\"},{\"@type\":\"ListItem\",\"position\":2,\"name\":\"Ex-atacante da sele\u00e7\u00e3o brasileira agora \u00e9 pastor evang\u00e9lico em igreja fundada por ele mesmo\"}]},{\"@type\":\"WebSite\",\"@id\":\"https:\\\/\\\/jornalboasnoticias.com.br\\\/home\\\/#website\",\"url\":\"https:\\\/\\\/jornalboasnoticias.com.br\\\/home\\\/\",\"name\":\"Jornal Boas Not\u00edcias\",\"description\":\"Boas not\u00edcias\",\"publisher\":{\"@id\":\"https:\\\/\\\/jornalboasnoticias.com.br\\\/home\\\/#organization\"},\"potentialAction\":[{\"@type\":\"SearchAction\",\"target\":{\"@type\":\"EntryPoint\",\"urlTemplate\":\"https:\\\/\\\/jornalboasnoticias.com.br\\\/home\\\/?s={search_term_string}\"},\"query-input\":{\"@type\":\"PropertyValueSpecification\",\"valueRequired\":true,\"valueName\":\"search_term_string\"}}],\"inLanguage\":\"pt-BR\"},{\"@type\":\"Organization\",\"@id\":\"https:\\\/\\\/jornalboasnoticias.com.br\\\/home\\\/#organization\",\"name\":\"Coq Editora Ltda\",\"alternateName\":\"Jornal Boas Noticias\",\"url\":\"https:\\\/\\\/jornalboasnoticias.com.br\\\/home\\\/\",\"logo\":{\"@type\":\"ImageObject\",\"inLanguage\":\"pt-BR\",\"@id\":\"https:\\\/\\\/jornalboasnoticias.com.br\\\/home\\\/#\\\/schema\\\/logo\\\/image\\\/\",\"url\":\"https:\\\/\\\/jornalboasnoticias.com.br\\\/home\\\/wp-content\\\/uploads\\\/2024\\\/07\\\/cropped-logo.jpg\",\"contentUrl\":\"https:\\\/\\\/jornalboasnoticias.com.br\\\/home\\\/wp-content\\\/uploads\\\/2024\\\/07\\\/cropped-logo.jpg\",\"width\":290,\"height\":142,\"caption\":\"Coq Editora Ltda\"},\"image\":{\"@id\":\"https:\\\/\\\/jornalboasnoticias.com.br\\\/home\\\/#\\\/schema\\\/logo\\\/image\\\/\"},\"sameAs\":[\"https:\\\/\\\/www.facebook.com\\\/boasnoticiasjornal\"]},{\"@type\":\"Person\",\"@id\":\"https:\\\/\\\/jornalboasnoticias.com.br\\\/home\\\/#\\\/schema\\\/person\\\/75f9ebde398c998c166475fb446bda62\",\"name\":\"Luiz Carlos da Cruz\",\"image\":{\"@type\":\"ImageObject\",\"inLanguage\":\"pt-BR\",\"@id\":\"https:\\\/\\\/secure.gravatar.com\\\/avatar\\\/e6f4f45301b6cb8572f7b076572e8ac11c1db80e805d8c8d0858cf286ce3ac3b?s=96&d=mm&r=g\",\"url\":\"https:\\\/\\\/secure.gravatar.com\\\/avatar\\\/e6f4f45301b6cb8572f7b076572e8ac11c1db80e805d8c8d0858cf286ce3ac3b?s=96&d=mm&r=g\",\"contentUrl\":\"https:\\\/\\\/secure.gravatar.com\\\/avatar\\\/e6f4f45301b6cb8572f7b076572e8ac11c1db80e805d8c8d0858cf286ce3ac3b?s=96&d=mm&r=g\",\"caption\":\"Luiz Carlos da Cruz\"},\"url\":\"https:\\\/\\\/jornalboasnoticias.com.br\\\/home\\\/author\\\/luiz-carlos-da-cruz\\\/\"}]}<\/script>\n<!-- \/ Yoast SEO plugin. -->","yoast_head_json":{"title":"Ex-atacante da sele\u00e7\u00e3o brasileira agora \u00e9 pastor evang\u00e9lico em igreja fundada por ele mesmo - Jornal","description":"Ex-atacante da sele\u00e7\u00e3o brasileira agora \u00e9 pastor evang\u00e9lico em igreja fundada por ele mesmo","robots":{"index":"index","follow":"follow","max-snippet":"max-snippet:-1","max-image-preview":"max-image-preview:large","max-video-preview":"max-video-preview:-1"},"canonical":"https:\/\/jornalboasnoticias.com.br\/home\/ex-atacante-da-selecao-brasileira-agora-e-pastor-evangelico-em-igreja-fundada-por-ele-mesmo\/","og_locale":"pt_BR","og_type":"article","og_title":"Ex-atacante da sele\u00e7\u00e3o brasileira agora \u00e9 pastor evang\u00e9lico em igreja fundada por ele mesmo - Jornal","og_description":"Ex-atacante da sele\u00e7\u00e3o brasileira agora \u00e9 pastor evang\u00e9lico em igreja fundada por ele mesmo","og_url":"https:\/\/jornalboasnoticias.com.br\/home\/ex-atacante-da-selecao-brasileira-agora-e-pastor-evangelico-em-igreja-fundada-por-ele-mesmo\/","og_site_name":"Jornal","article_publisher":"https:\/\/www.facebook.com\/boasnoticiasjornal","article_published_time":"2024-07-04T18:35:23+00:00","og_image":[{"width":1200,"height":675,"url":"https:\/\/jornalboasnoticias.com.br\/home\/wp-content\/uploads\/2024\/07\/Ex-atacante-do-Figueirense-e-da-selecao-brasileira-vira-pastor-evangelico-5.jpg","type":"image\/jpeg"}],"author":"Luiz Carlos da Cruz","twitter_card":"summary_large_image","twitter_misc":{"Escrito por":"Luiz Carlos da Cruz","Est. tempo de leitura":"1 minuto"},"schema":{"@context":"https:\/\/schema.org","@graph":[{"@type":"Article","@id":"https:\/\/jornalboasnoticias.com.br\/home\/ex-atacante-da-selecao-brasileira-agora-e-pastor-evangelico-em-igreja-fundada-por-ele-mesmo\/#article","isPartOf":{"@id":"https:\/\/jornalboasnoticias.com.br\/home\/ex-atacante-da-selecao-brasileira-agora-e-pastor-evangelico-em-igreja-fundada-por-ele-mesmo\/"},"author":{"name":"Luiz Carlos da Cruz","@id":"https:\/\/jornalboasnoticias.com.br\/home\/#\/schema\/person\/75f9ebde398c998c166475fb446bda62"},"headline":"Ex-atacante da sele\u00e7\u00e3o brasileira agora \u00e9 pastor evang\u00e9lico em igreja fundada por ele mesmo","datePublished":"2024-07-04T18:35:23+00:00","mainEntityOfPage":{"@id":"https:\/\/jornalboasnoticias.com.br\/home\/ex-atacante-da-selecao-brasileira-agora-e-pastor-evangelico-em-igreja-fundada-por-ele-mesmo\/"},"wordCount":290,"commentCount":0,"publisher":{"@id":"https:\/\/jornalboasnoticias.com.br\/home\/#organization"},"image":{"@id":"https:\/\/jornalboasnoticias.com.br\/home\/ex-atacante-da-selecao-brasileira-agora-e-pastor-evangelico-em-igreja-fundada-por-ele-mesmo\/#primaryimage"},"thumbnailUrl":"https:\/\/jornalboasnoticias.com.br\/home\/wp-content\/uploads\/2024\/07\/Ex-atacante-do-Figueirense-e-da-selecao-brasileira-vira-pastor-evangelico-5.jpg","articleSection":["BRASIL","DESTAQUE"],"inLanguage":"pt-BR","potentialAction":[{"@type":"CommentAction","name":"Comment","target":["https:\/\/jornalboasnoticias.com.br\/home\/ex-atacante-da-selecao-brasileira-agora-e-pastor-evangelico-em-igreja-fundada-por-ele-mesmo\/#respond"]}]},{"@type":"WebPage","@id":"https:\/\/jornalboasnoticias.com.br\/home\/ex-atacante-da-selecao-brasileira-agora-e-pastor-evangelico-em-igreja-fundada-por-ele-mesmo\/","url":"https:\/\/jornalboasnoticias.com.br\/home\/ex-atacante-da-selecao-brasileira-agora-e-pastor-evangelico-em-igreja-fundada-por-ele-mesmo\/","name":"Ex-atacante da sele\u00e7\u00e3o brasileira agora \u00e9 pastor evang\u00e9lico em igreja fundada por ele mesmo - Jornal","isPartOf":{"@id":"https:\/\/jornalboasnoticias.com.br\/home\/#website"},"primaryImageOfPage":{"@id":"https:\/\/jornalboasnoticias.com.br\/home\/ex-atacante-da-selecao-brasileira-agora-e-pastor-evangelico-em-igreja-fundada-por-ele-mesmo\/#primaryimage"},"image":{"@id":"https:\/\/jornalboasnoticias.com.br\/home\/ex-atacante-da-selecao-brasileira-agora-e-pastor-evangelico-em-igreja-fundada-por-ele-mesmo\/#primaryimage"},"thumbnailUrl":"https:\/\/jornalboasnoticias.com.br\/home\/wp-content\/uploads\/2024\/07\/Ex-atacante-do-Figueirense-e-da-selecao-brasileira-vira-pastor-evangelico-5.jpg","datePublished":"2024-07-04T18:35:23+00:00","description":"Ex-atacante da sele\u00e7\u00e3o brasileira agora \u00e9 pastor evang\u00e9lico em igreja fundada por ele mesmo","breadcrumb":{"@id":"https:\/\/jornalboasnoticias.com.br\/home\/ex-atacante-da-selecao-brasileira-agora-e-pastor-evangelico-em-igreja-fundada-por-ele-mesmo\/#breadcrumb"},"inLanguage":"pt-BR","potentialAction":[{"@type":"ReadAction","target":["https:\/\/jornalboasnoticias.com.br\/home\/ex-atacante-da-selecao-brasileira-agora-e-pastor-evangelico-em-igreja-fundada-por-ele-mesmo\/"]}]},{"@type":"ImageObject","inLanguage":"pt-BR","@id":"https:\/\/jornalboasnoticias.com.br\/home\/ex-atacante-da-selecao-brasileira-agora-e-pastor-evangelico-em-igreja-fundada-por-ele-mesmo\/#primaryimage","url":"https:\/\/jornalboasnoticias.com.br\/home\/wp-content\/uploads\/2024\/07\/Ex-atacante-do-Figueirense-e-da-selecao-brasileira-vira-pastor-evangelico-5.jpg","contentUrl":"https:\/\/jornalboasnoticias.com.br\/home\/wp-content\/uploads\/2024\/07\/Ex-atacante-do-Figueirense-e-da-selecao-brasileira-vira-pastor-evangelico-5.jpg","width":1200,"height":675},{"@type":"BreadcrumbList","@id":"https:\/\/jornalboasnoticias.com.br\/home\/ex-atacante-da-selecao-brasileira-agora-e-pastor-evangelico-em-igreja-fundada-por-ele-mesmo\/#breadcrumb","itemListElement":[{"@type":"ListItem","position":1,"name":"In\u00edcio","item":"https:\/\/jornalboasnoticias.com.br\/home\/"},{"@type":"ListItem","position":2,"name":"Ex-atacante da sele\u00e7\u00e3o brasileira agora \u00e9 pastor evang\u00e9lico em igreja fundada por ele mesmo"}]},{"@type":"WebSite","@id":"https:\/\/jornalboasnoticias.com.br\/home\/#website","url":"https:\/\/jornalboasnoticias.com.br\/home\/","name":"Jornal Boas Not\u00edcias","description":"Boas not\u00edcias","publisher":{"@id":"https:\/\/jornalboasnoticias.com.br\/home\/#organization"},"potentialAction":[{"@type":"SearchAction","target":{"@type":"EntryPoint","urlTemplate":"https:\/\/jornalboasnoticias.com.br\/home\/?s={search_term_string}"},"query-input":{"@type":"PropertyValueSpecification","valueRequired":true,"valueName":"search_term_string"}}],"inLanguage":"pt-BR"},{"@type":"Organization","@id":"https:\/\/jornalboasnoticias.com.br\/home\/#organization","name":"Coq Editora Ltda","alternateName":"Jornal Boas Noticias","url":"https:\/\/jornalboasnoticias.com.br\/home\/","logo":{"@type":"ImageObject","inLanguage":"pt-BR","@id":"https:\/\/jornalboasnoticias.com.br\/home\/#\/schema\/logo\/image\/","url":"https:\/\/jornalboasnoticias.com.br\/home\/wp-content\/uploads\/2024\/07\/cropped-logo.jpg","contentUrl":"https:\/\/jornalboasnoticias.com.br\/home\/wp-content\/uploads\/2024\/07\/cropped-logo.jpg","width":290,"height":142,"caption":"Coq Editora Ltda"},"image":{"@id":"https:\/\/jornalboasnoticias.com.br\/home\/#\/schema\/logo\/image\/"},"sameAs":["https:\/\/www.facebook.com\/boasnoticiasjornal"]},{"@type":"Person","@id":"https:\/\/jornalboasnoticias.com.br\/home\/#\/schema\/person\/75f9ebde398c998c166475fb446bda62","name":"Luiz Carlos da Cruz","image":{"@type":"ImageObject","inLanguage":"pt-BR","@id":"https:\/\/secure.gravatar.com\/avatar\/e6f4f45301b6cb8572f7b076572e8ac11c1db80e805d8c8d0858cf286ce3ac3b?s=96&d=mm&r=g","url":"https:\/\/secure.gravatar.com\/avatar\/e6f4f45301b6cb8572f7b076572e8ac11c1db80e805d8c8d0858cf286ce3ac3b?s=96&d=mm&r=g","contentUrl":"https:\/\/secure.gravatar.com\/avatar\/e6f4f45301b6cb8572f7b076572e8ac11c1db80e805d8c8d0858cf286ce3ac3b?s=96&d=mm&r=g","caption":"Luiz Carlos da Cruz"},"url":"https:\/\/jornalboasnoticias.com.br\/home\/author\/luiz-carlos-da-cruz\/"}]}},"_links":{"self":[{"href":"https:\/\/jornalboasnoticias.com.br\/home\/wp-json\/wp\/v2\/posts\/42970","targetHints":{"allow":["GET"]}}],"collection":[{"href":"https:\/\/jornalboasnoticias.com.br\/home\/wp-json\/wp\/v2\/posts"}],"about":[{"href":"https:\/\/jornalboasnoticias.com.br\/home\/wp-json\/wp\/v2\/types\/post"}],"author":[{"embeddable":true,"href":"https:\/\/jornalboasnoticias.com.br\/home\/wp-json\/wp\/v2\/users\/3"}],"replies":[{"embeddable":true,"href":"https:\/\/jornalboasnoticias.com.br\/home\/wp-json\/wp\/v2\/comments?post=42970"}],"version-history":[{"count":0,"href":"https:\/\/jornalboasnoticias.com.br\/home\/wp-json\/wp\/v2\/posts\/42970\/revisions"}],"wp:featuredmedia":[{"embeddable":true,"href":"https:\/\/jornalboasnoticias.com.br\/home\/wp-json\/wp\/v2\/media\/42971"}],"wp:attachment":[{"href":"https:\/\/jornalboasnoticias.com.br\/home\/wp-json\/wp\/v2\/media?parent=42970"}],"wp:term":[{"taxonomy":"category","embeddable":true,"href":"https:\/\/jornalboasnoticias.com.br\/home\/wp-json\/wp\/v2\/categories?post=42970"},{"taxonomy":"post_tag","embeddable":true,"href":"https:\/\/jornalboasnoticias.com.br\/home\/wp-json\/wp\/v2\/tags?post=42970"}],"curies":[{"name":"wp","href":"https:\/\/api.w.org\/{rel}","templated":true}]}}