{"id":42960,"date":"2024-07-02T21:53:16","date_gmt":"2024-07-03T00:53:16","guid":{"rendered":"https:\/\/www.jornalboasnoticias.com.br\/?p=42960"},"modified":"2024-07-02T21:53:16","modified_gmt":"2024-07-03T00:53:16","slug":"dois-cristaos-sao-mortos-em-ataques-suicidas-na-nigeria","status":"publish","type":"post","link":"https:\/\/jornalboasnoticias.com.br\/home\/dois-cristaos-sao-mortos-em-ataques-suicidas-na-nigeria\/","title":{"rendered":"Dois crist\u00e3os s\u00e3o mortos em ataques suicidas na Nig\u00e9ria"},"content":{"rendered":"<p><img loading=\"lazy\" decoding=\"async\" class=\"alignnone size-full wp-image-42961\" src=\"https:\/\/jornalboasnoticias.com.br\/home\/wp-content\/uploads\/2024\/07\/Kano-bomb-attack.jpg\" alt=\"\" width=\"2144\" height=\"1424\" srcset=\"https:\/\/jornalboasnoticias.com.br\/home\/wp-content\/uploads\/2024\/07\/Kano-bomb-attack.jpg 2144w, https:\/\/jornalboasnoticias.com.br\/home\/wp-content\/uploads\/2024\/07\/Kano-bomb-attack-300x199.jpg 300w, https:\/\/jornalboasnoticias.com.br\/home\/wp-content\/uploads\/2024\/07\/Kano-bomb-attack-1024x680.jpg 1024w, https:\/\/jornalboasnoticias.com.br\/home\/wp-content\/uploads\/2024\/07\/Kano-bomb-attack-768x510.jpg 768w, https:\/\/jornalboasnoticias.com.br\/home\/wp-content\/uploads\/2024\/07\/Kano-bomb-attack-1536x1020.jpg 1536w, https:\/\/jornalboasnoticias.com.br\/home\/wp-content\/uploads\/2024\/07\/Kano-bomb-attack-2048x1360.jpg 2048w\" sizes=\"auto, (max-width: 2144px) 100vw, 2144px\" \/><\/p>\n<p>No \u00faltimo s\u00e1bado, 29 de junho, uma s\u00e9rie de bombardeios suicidas atingiu Gwoza, no Nordeste da\u00a0Nig\u00e9ria. Ao menos 32 pessoas foram mortas e o n\u00famero de v\u00edtimas continua crescendo. O ataque n\u00e3o teve motiva\u00e7\u00f5es religiosas e os crist\u00e3os n\u00e3o foram os primeiros alvos dos radicais nesse incidente.<\/p>\n<p>De acordo com Amos Amly, um pastor local, homens-bomba invadiram a festa de casamento de uma fam\u00edlia mu\u00e7ulmana onde estima-se que sete mil pessoas morreram. Pouco depois, pessoas na rua que observavam os vest\u00edgios da explos\u00e3o foram atacadas por um segundo homem-bomba, causando mais 20 mortes.<\/p>\n<p>Enquanto as fam\u00edlias enlutadas sepultavam algumas v\u00edtimas, um terceiro homem-bomba atacou e causou a morte de outras cinco pessoas, duas delas eram crist\u00e3s. Ningu\u00e9m alegou a responsabilidade pelo ataque, mas presume-se que tenha sido uma a\u00e7\u00e3o do\u00a0ISWAP, uma fac\u00e7\u00e3o do grupo extremista\u00a0Boko Haram.<\/p>\n<p>Segundo a ag\u00eancia de not\u00edcias BBC, esse \u00e9 o segundo ataque em quatro meses no estado de Borno, que \u00e9 o epicentro da Insurg\u00eancia Isl\u00e2mica que come\u00e7ou h\u00e1 15 anos na Nig\u00e9ria. O ataque aconteceu um dia depois que os militantes mataram 17 pessoas que se recusaram a pagar o \u201cimposto da colheita\u201d &#8211; uma forma de extor\u00e7\u00e3o ilegal &#8211; ao ISWAP quando viajavam do vilarejo de Gurokayeya para outra regi\u00e3o em Gwoza.<\/p>\n<p>Os ataques recentes aumentam a preocupa\u00e7\u00e3o de novos incidentes e do\u00a0potencial dos extremistas de causar grandes danos\u00a0\u00e0 popula\u00e7\u00e3o na Nig\u00e9ria. Atualmente, a Nig\u00e9ria \u00e9 o pa\u00eds com maior \u00edndice de viol\u00eancia contra crist\u00e3os na Lista Mundial da Persegui\u00e7\u00e3o\u00a0e a popula\u00e7\u00e3o em geral sofre com o avan\u00e7o de grupos extremistas. A Lista Munidal da Persegui\u00e7\u00e3o \u00e9 um documento produzido pela Portas Abertas e lan\u00e7ado anualmente, que classifica os 50 pa\u00edses onde os crist\u00e3os s\u00e3o mais perseguidos.<\/p>\n<p><strong>30 dias de ora\u00e7\u00e3o pela \u00c1frica Subsaariana\u00a0<\/strong><\/p>\n<p>A igreja na \u00c1frica Subsaariana precisa de nossa\u00a0ajuda em ora\u00e7\u00e3o\u00a0para sobreviver \u00e0 viol\u00eancia que cresce a cada dia na regi\u00e3o. Participe do desafio e ore durante 30 dias pela \u00c1frica Subsaariana. Clique no link e baixe o\u00a0<a href=\"https:\/\/missao.portasabertas.org.br\/guia-de-oracao-dip-2024?utm_source=press-manager&amp;utm_medium=release&amp;utm_campaign=nigeria-2-7-24-6\" target=\"_blank\" rel=\"noopener noreferrer\">Guia de ora\u00e7\u00e3o: Desperta \u00c1frica<\/a>\u00a0. Para saber como ajudar os crist\u00e3os que enfrentam viol\u00eancia extrema e persegui\u00e7\u00e3o na \u00c1frica Subsaariana, acesse o link<a href=\"https:\/\/portasabertas.org.br\/doe\/campanhas\/dip?utm_source=press-manager&amp;utm_medium=release&amp;utm_campaign=nigeria-2-7-24-7\" target=\"_blank\" rel=\"noopener noreferrer\">\u00a0Socorro imediato para crist\u00e3os atacados<\/a><\/p>\n<p><em>Fonte: Miss\u00e3o Portas Abertas<\/em><\/p>\n","protected":false},"excerpt":{"rendered":"<p>No \u00faltimo s\u00e1bado, 29 de junho, uma s\u00e9rie de bombardeios suicidas atingiu Gwoza, no Nordeste<\/p>\n","protected":false},"author":3,"featured_media":42961,"comment_status":"open","ping_status":"open","sticky":false,"template":"","format":"standard","meta":{"footnotes":""},"categories":[3,9],"tags":[39],"class_list":["post-42960","post","type-post","status-publish","format-standard","has-post-thumbnail","hentry","category-destaques","category-internacional","tag-nigeria"],"yoast_head":"<!-- This site is optimized with the Yoast SEO plugin v27.5 - https:\/\/yoast.com\/product\/yoast-seo-wordpress\/ -->\n<title>Dois crist\u00e3os s\u00e3o mortos em ataques suicidas na Nig\u00e9ria - Jornal<\/title>\n<meta name=\"description\" content=\"Dois crist\u00e3os s\u00e3o mortos em ataques suicidas na Nig\u00e9ria\" \/>\n<meta name=\"robots\" content=\"index, follow, max-snippet:-1, max-image-preview:large, max-video-preview:-1\" \/>\n<link rel=\"canonical\" href=\"https:\/\/jornalboasnoticias.com.br\/home\/dois-cristaos-sao-mortos-em-ataques-suicidas-na-nigeria\/\" \/>\n<meta property=\"og:locale\" content=\"pt_BR\" \/>\n<meta property=\"og:type\" content=\"article\" \/>\n<meta property=\"og:title\" content=\"Dois crist\u00e3os s\u00e3o mortos em ataques suicidas na Nig\u00e9ria - Jornal\" \/>\n<meta property=\"og:description\" content=\"Dois crist\u00e3os s\u00e3o mortos em ataques suicidas na Nig\u00e9ria\" \/>\n<meta property=\"og:url\" content=\"https:\/\/jornalboasnoticias.com.br\/home\/dois-cristaos-sao-mortos-em-ataques-suicidas-na-nigeria\/\" \/>\n<meta property=\"og:site_name\" content=\"Jornal\" \/>\n<meta property=\"article:publisher\" content=\"https:\/\/www.facebook.com\/boasnoticiasjornal\" \/>\n<meta property=\"article:published_time\" content=\"2024-07-03T00:53:16+00:00\" \/>\n<meta property=\"og:image\" content=\"https:\/\/jornalboasnoticias.com.br\/home\/wp-content\/uploads\/2024\/07\/Kano-bomb-attack.jpg\" \/>\n\t<meta property=\"og:image:width\" content=\"2144\" \/>\n\t<meta property=\"og:image:height\" content=\"1424\" \/>\n\t<meta property=\"og:image:type\" content=\"image\/jpeg\" \/>\n<meta name=\"author\" content=\"Luiz Carlos da Cruz\" \/>\n<meta name=\"twitter:card\" content=\"summary_large_image\" \/>\n<meta name=\"twitter:label1\" content=\"Escrito por\" \/>\n\t<meta name=\"twitter:data1\" content=\"Luiz Carlos da Cruz\" \/>\n\t<meta name=\"twitter:label2\" content=\"Est. tempo de leitura\" \/>\n\t<meta name=\"twitter:data2\" content=\"2 minutos\" \/>\n<script type=\"application\/ld+json\" class=\"yoast-schema-graph\">{\"@context\":\"https:\\\/\\\/schema.org\",\"@graph\":[{\"@type\":\"Article\",\"@id\":\"https:\\\/\\\/jornalboasnoticias.com.br\\\/home\\\/dois-cristaos-sao-mortos-em-ataques-suicidas-na-nigeria\\\/#article\",\"isPartOf\":{\"@id\":\"https:\\\/\\\/jornalboasnoticias.com.br\\\/home\\\/dois-cristaos-sao-mortos-em-ataques-suicidas-na-nigeria\\\/\"},\"author\":{\"name\":\"Luiz Carlos da Cruz\",\"@id\":\"https:\\\/\\\/jornalboasnoticias.com.br\\\/home\\\/#\\\/schema\\\/person\\\/75f9ebde398c998c166475fb446bda62\"},\"headline\":\"Dois crist\u00e3os s\u00e3o mortos em ataques suicidas na Nig\u00e9ria\",\"datePublished\":\"2024-07-03T00:53:16+00:00\",\"mainEntityOfPage\":{\"@id\":\"https:\\\/\\\/jornalboasnoticias.com.br\\\/home\\\/dois-cristaos-sao-mortos-em-ataques-suicidas-na-nigeria\\\/\"},\"wordCount\":418,\"commentCount\":0,\"publisher\":{\"@id\":\"https:\\\/\\\/jornalboasnoticias.com.br\\\/home\\\/#organization\"},\"image\":{\"@id\":\"https:\\\/\\\/jornalboasnoticias.com.br\\\/home\\\/dois-cristaos-sao-mortos-em-ataques-suicidas-na-nigeria\\\/#primaryimage\"},\"thumbnailUrl\":\"https:\\\/\\\/jornalboasnoticias.com.br\\\/home\\\/wp-content\\\/uploads\\\/2024\\\/07\\\/Kano-bomb-attack.jpg\",\"keywords\":[\"Nig\u00e9ria\"],\"articleSection\":[\"DESTAQUE\",\"INTERNACIONAL\"],\"inLanguage\":\"pt-BR\",\"potentialAction\":[{\"@type\":\"CommentAction\",\"name\":\"Comment\",\"target\":[\"https:\\\/\\\/jornalboasnoticias.com.br\\\/home\\\/dois-cristaos-sao-mortos-em-ataques-suicidas-na-nigeria\\\/#respond\"]}]},{\"@type\":\"WebPage\",\"@id\":\"https:\\\/\\\/jornalboasnoticias.com.br\\\/home\\\/dois-cristaos-sao-mortos-em-ataques-suicidas-na-nigeria\\\/\",\"url\":\"https:\\\/\\\/jornalboasnoticias.com.br\\\/home\\\/dois-cristaos-sao-mortos-em-ataques-suicidas-na-nigeria\\\/\",\"name\":\"Dois crist\u00e3os s\u00e3o mortos em ataques suicidas na Nig\u00e9ria - Jornal\",\"isPartOf\":{\"@id\":\"https:\\\/\\\/jornalboasnoticias.com.br\\\/home\\\/#website\"},\"primaryImageOfPage\":{\"@id\":\"https:\\\/\\\/jornalboasnoticias.com.br\\\/home\\\/dois-cristaos-sao-mortos-em-ataques-suicidas-na-nigeria\\\/#primaryimage\"},\"image\":{\"@id\":\"https:\\\/\\\/jornalboasnoticias.com.br\\\/home\\\/dois-cristaos-sao-mortos-em-ataques-suicidas-na-nigeria\\\/#primaryimage\"},\"thumbnailUrl\":\"https:\\\/\\\/jornalboasnoticias.com.br\\\/home\\\/wp-content\\\/uploads\\\/2024\\\/07\\\/Kano-bomb-attack.jpg\",\"datePublished\":\"2024-07-03T00:53:16+00:00\",\"description\":\"Dois crist\u00e3os s\u00e3o mortos em ataques suicidas na Nig\u00e9ria\",\"breadcrumb\":{\"@id\":\"https:\\\/\\\/jornalboasnoticias.com.br\\\/home\\\/dois-cristaos-sao-mortos-em-ataques-suicidas-na-nigeria\\\/#breadcrumb\"},\"inLanguage\":\"pt-BR\",\"potentialAction\":[{\"@type\":\"ReadAction\",\"target\":[\"https:\\\/\\\/jornalboasnoticias.com.br\\\/home\\\/dois-cristaos-sao-mortos-em-ataques-suicidas-na-nigeria\\\/\"]}]},{\"@type\":\"ImageObject\",\"inLanguage\":\"pt-BR\",\"@id\":\"https:\\\/\\\/jornalboasnoticias.com.br\\\/home\\\/dois-cristaos-sao-mortos-em-ataques-suicidas-na-nigeria\\\/#primaryimage\",\"url\":\"https:\\\/\\\/jornalboasnoticias.com.br\\\/home\\\/wp-content\\\/uploads\\\/2024\\\/07\\\/Kano-bomb-attack.jpg\",\"contentUrl\":\"https:\\\/\\\/jornalboasnoticias.com.br\\\/home\\\/wp-content\\\/uploads\\\/2024\\\/07\\\/Kano-bomb-attack.jpg\",\"width\":2144,\"height\":1424},{\"@type\":\"BreadcrumbList\",\"@id\":\"https:\\\/\\\/jornalboasnoticias.com.br\\\/home\\\/dois-cristaos-sao-mortos-em-ataques-suicidas-na-nigeria\\\/#breadcrumb\",\"itemListElement\":[{\"@type\":\"ListItem\",\"position\":1,\"name\":\"In\u00edcio\",\"item\":\"https:\\\/\\\/jornalboasnoticias.com.br\\\/home\\\/\"},{\"@type\":\"ListItem\",\"position\":2,\"name\":\"Dois crist\u00e3os s\u00e3o mortos em ataques suicidas na Nig\u00e9ria\"}]},{\"@type\":\"WebSite\",\"@id\":\"https:\\\/\\\/jornalboasnoticias.com.br\\\/home\\\/#website\",\"url\":\"https:\\\/\\\/jornalboasnoticias.com.br\\\/home\\\/\",\"name\":\"Jornal Boas Not\u00edcias\",\"description\":\"Boas not\u00edcias\",\"publisher\":{\"@id\":\"https:\\\/\\\/jornalboasnoticias.com.br\\\/home\\\/#organization\"},\"potentialAction\":[{\"@type\":\"SearchAction\",\"target\":{\"@type\":\"EntryPoint\",\"urlTemplate\":\"https:\\\/\\\/jornalboasnoticias.com.br\\\/home\\\/?s={search_term_string}\"},\"query-input\":{\"@type\":\"PropertyValueSpecification\",\"valueRequired\":true,\"valueName\":\"search_term_string\"}}],\"inLanguage\":\"pt-BR\"},{\"@type\":\"Organization\",\"@id\":\"https:\\\/\\\/jornalboasnoticias.com.br\\\/home\\\/#organization\",\"name\":\"Coq Editora Ltda\",\"alternateName\":\"Jornal Boas Noticias\",\"url\":\"https:\\\/\\\/jornalboasnoticias.com.br\\\/home\\\/\",\"logo\":{\"@type\":\"ImageObject\",\"inLanguage\":\"pt-BR\",\"@id\":\"https:\\\/\\\/jornalboasnoticias.com.br\\\/home\\\/#\\\/schema\\\/logo\\\/image\\\/\",\"url\":\"https:\\\/\\\/jornalboasnoticias.com.br\\\/home\\\/wp-content\\\/uploads\\\/2024\\\/07\\\/cropped-logo.jpg\",\"contentUrl\":\"https:\\\/\\\/jornalboasnoticias.com.br\\\/home\\\/wp-content\\\/uploads\\\/2024\\\/07\\\/cropped-logo.jpg\",\"width\":290,\"height\":142,\"caption\":\"Coq Editora Ltda\"},\"image\":{\"@id\":\"https:\\\/\\\/jornalboasnoticias.com.br\\\/home\\\/#\\\/schema\\\/logo\\\/image\\\/\"},\"sameAs\":[\"https:\\\/\\\/www.facebook.com\\\/boasnoticiasjornal\"]},{\"@type\":\"Person\",\"@id\":\"https:\\\/\\\/jornalboasnoticias.com.br\\\/home\\\/#\\\/schema\\\/person\\\/75f9ebde398c998c166475fb446bda62\",\"name\":\"Luiz Carlos da Cruz\",\"image\":{\"@type\":\"ImageObject\",\"inLanguage\":\"pt-BR\",\"@id\":\"https:\\\/\\\/secure.gravatar.com\\\/avatar\\\/e6f4f45301b6cb8572f7b076572e8ac11c1db80e805d8c8d0858cf286ce3ac3b?s=96&d=mm&r=g\",\"url\":\"https:\\\/\\\/secure.gravatar.com\\\/avatar\\\/e6f4f45301b6cb8572f7b076572e8ac11c1db80e805d8c8d0858cf286ce3ac3b?s=96&d=mm&r=g\",\"contentUrl\":\"https:\\\/\\\/secure.gravatar.com\\\/avatar\\\/e6f4f45301b6cb8572f7b076572e8ac11c1db80e805d8c8d0858cf286ce3ac3b?s=96&d=mm&r=g\",\"caption\":\"Luiz Carlos da Cruz\"},\"url\":\"https:\\\/\\\/jornalboasnoticias.com.br\\\/home\\\/author\\\/luiz-carlos-da-cruz\\\/\"}]}<\/script>\n<!-- \/ Yoast SEO plugin. -->","yoast_head_json":{"title":"Dois crist\u00e3os s\u00e3o mortos em ataques suicidas na Nig\u00e9ria - Jornal","description":"Dois crist\u00e3os s\u00e3o mortos em ataques suicidas na Nig\u00e9ria","robots":{"index":"index","follow":"follow","max-snippet":"max-snippet:-1","max-image-preview":"max-image-preview:large","max-video-preview":"max-video-preview:-1"},"canonical":"https:\/\/jornalboasnoticias.com.br\/home\/dois-cristaos-sao-mortos-em-ataques-suicidas-na-nigeria\/","og_locale":"pt_BR","og_type":"article","og_title":"Dois crist\u00e3os s\u00e3o mortos em ataques suicidas na Nig\u00e9ria - Jornal","og_description":"Dois crist\u00e3os s\u00e3o mortos em ataques suicidas na Nig\u00e9ria","og_url":"https:\/\/jornalboasnoticias.com.br\/home\/dois-cristaos-sao-mortos-em-ataques-suicidas-na-nigeria\/","og_site_name":"Jornal","article_publisher":"https:\/\/www.facebook.com\/boasnoticiasjornal","article_published_time":"2024-07-03T00:53:16+00:00","og_image":[{"width":2144,"height":1424,"url":"https:\/\/jornalboasnoticias.com.br\/home\/wp-content\/uploads\/2024\/07\/Kano-bomb-attack.jpg","type":"image\/jpeg"}],"author":"Luiz Carlos da Cruz","twitter_card":"summary_large_image","twitter_misc":{"Escrito por":"Luiz Carlos da Cruz","Est. tempo de leitura":"2 minutos"},"schema":{"@context":"https:\/\/schema.org","@graph":[{"@type":"Article","@id":"https:\/\/jornalboasnoticias.com.br\/home\/dois-cristaos-sao-mortos-em-ataques-suicidas-na-nigeria\/#article","isPartOf":{"@id":"https:\/\/jornalboasnoticias.com.br\/home\/dois-cristaos-sao-mortos-em-ataques-suicidas-na-nigeria\/"},"author":{"name":"Luiz Carlos da Cruz","@id":"https:\/\/jornalboasnoticias.com.br\/home\/#\/schema\/person\/75f9ebde398c998c166475fb446bda62"},"headline":"Dois crist\u00e3os s\u00e3o mortos em ataques suicidas na Nig\u00e9ria","datePublished":"2024-07-03T00:53:16+00:00","mainEntityOfPage":{"@id":"https:\/\/jornalboasnoticias.com.br\/home\/dois-cristaos-sao-mortos-em-ataques-suicidas-na-nigeria\/"},"wordCount":418,"commentCount":0,"publisher":{"@id":"https:\/\/jornalboasnoticias.com.br\/home\/#organization"},"image":{"@id":"https:\/\/jornalboasnoticias.com.br\/home\/dois-cristaos-sao-mortos-em-ataques-suicidas-na-nigeria\/#primaryimage"},"thumbnailUrl":"https:\/\/jornalboasnoticias.com.br\/home\/wp-content\/uploads\/2024\/07\/Kano-bomb-attack.jpg","keywords":["Nig\u00e9ria"],"articleSection":["DESTAQUE","INTERNACIONAL"],"inLanguage":"pt-BR","potentialAction":[{"@type":"CommentAction","name":"Comment","target":["https:\/\/jornalboasnoticias.com.br\/home\/dois-cristaos-sao-mortos-em-ataques-suicidas-na-nigeria\/#respond"]}]},{"@type":"WebPage","@id":"https:\/\/jornalboasnoticias.com.br\/home\/dois-cristaos-sao-mortos-em-ataques-suicidas-na-nigeria\/","url":"https:\/\/jornalboasnoticias.com.br\/home\/dois-cristaos-sao-mortos-em-ataques-suicidas-na-nigeria\/","name":"Dois crist\u00e3os s\u00e3o mortos em ataques suicidas na Nig\u00e9ria - Jornal","isPartOf":{"@id":"https:\/\/jornalboasnoticias.com.br\/home\/#website"},"primaryImageOfPage":{"@id":"https:\/\/jornalboasnoticias.com.br\/home\/dois-cristaos-sao-mortos-em-ataques-suicidas-na-nigeria\/#primaryimage"},"image":{"@id":"https:\/\/jornalboasnoticias.com.br\/home\/dois-cristaos-sao-mortos-em-ataques-suicidas-na-nigeria\/#primaryimage"},"thumbnailUrl":"https:\/\/jornalboasnoticias.com.br\/home\/wp-content\/uploads\/2024\/07\/Kano-bomb-attack.jpg","datePublished":"2024-07-03T00:53:16+00:00","description":"Dois crist\u00e3os s\u00e3o mortos em ataques suicidas na Nig\u00e9ria","breadcrumb":{"@id":"https:\/\/jornalboasnoticias.com.br\/home\/dois-cristaos-sao-mortos-em-ataques-suicidas-na-nigeria\/#breadcrumb"},"inLanguage":"pt-BR","potentialAction":[{"@type":"ReadAction","target":["https:\/\/jornalboasnoticias.com.br\/home\/dois-cristaos-sao-mortos-em-ataques-suicidas-na-nigeria\/"]}]},{"@type":"ImageObject","inLanguage":"pt-BR","@id":"https:\/\/jornalboasnoticias.com.br\/home\/dois-cristaos-sao-mortos-em-ataques-suicidas-na-nigeria\/#primaryimage","url":"https:\/\/jornalboasnoticias.com.br\/home\/wp-content\/uploads\/2024\/07\/Kano-bomb-attack.jpg","contentUrl":"https:\/\/jornalboasnoticias.com.br\/home\/wp-content\/uploads\/2024\/07\/Kano-bomb-attack.jpg","width":2144,"height":1424},{"@type":"BreadcrumbList","@id":"https:\/\/jornalboasnoticias.com.br\/home\/dois-cristaos-sao-mortos-em-ataques-suicidas-na-nigeria\/#breadcrumb","itemListElement":[{"@type":"ListItem","position":1,"name":"In\u00edcio","item":"https:\/\/jornalboasnoticias.com.br\/home\/"},{"@type":"ListItem","position":2,"name":"Dois crist\u00e3os s\u00e3o mortos em ataques suicidas na Nig\u00e9ria"}]},{"@type":"WebSite","@id":"https:\/\/jornalboasnoticias.com.br\/home\/#website","url":"https:\/\/jornalboasnoticias.com.br\/home\/","name":"Jornal Boas Not\u00edcias","description":"Boas not\u00edcias","publisher":{"@id":"https:\/\/jornalboasnoticias.com.br\/home\/#organization"},"potentialAction":[{"@type":"SearchAction","target":{"@type":"EntryPoint","urlTemplate":"https:\/\/jornalboasnoticias.com.br\/home\/?s={search_term_string}"},"query-input":{"@type":"PropertyValueSpecification","valueRequired":true,"valueName":"search_term_string"}}],"inLanguage":"pt-BR"},{"@type":"Organization","@id":"https:\/\/jornalboasnoticias.com.br\/home\/#organization","name":"Coq Editora Ltda","alternateName":"Jornal Boas Noticias","url":"https:\/\/jornalboasnoticias.com.br\/home\/","logo":{"@type":"ImageObject","inLanguage":"pt-BR","@id":"https:\/\/jornalboasnoticias.com.br\/home\/#\/schema\/logo\/image\/","url":"https:\/\/jornalboasnoticias.com.br\/home\/wp-content\/uploads\/2024\/07\/cropped-logo.jpg","contentUrl":"https:\/\/jornalboasnoticias.com.br\/home\/wp-content\/uploads\/2024\/07\/cropped-logo.jpg","width":290,"height":142,"caption":"Coq Editora Ltda"},"image":{"@id":"https:\/\/jornalboasnoticias.com.br\/home\/#\/schema\/logo\/image\/"},"sameAs":["https:\/\/www.facebook.com\/boasnoticiasjornal"]},{"@type":"Person","@id":"https:\/\/jornalboasnoticias.com.br\/home\/#\/schema\/person\/75f9ebde398c998c166475fb446bda62","name":"Luiz Carlos da Cruz","image":{"@type":"ImageObject","inLanguage":"pt-BR","@id":"https:\/\/secure.gravatar.com\/avatar\/e6f4f45301b6cb8572f7b076572e8ac11c1db80e805d8c8d0858cf286ce3ac3b?s=96&d=mm&r=g","url":"https:\/\/secure.gravatar.com\/avatar\/e6f4f45301b6cb8572f7b076572e8ac11c1db80e805d8c8d0858cf286ce3ac3b?s=96&d=mm&r=g","contentUrl":"https:\/\/secure.gravatar.com\/avatar\/e6f4f45301b6cb8572f7b076572e8ac11c1db80e805d8c8d0858cf286ce3ac3b?s=96&d=mm&r=g","caption":"Luiz Carlos da Cruz"},"url":"https:\/\/jornalboasnoticias.com.br\/home\/author\/luiz-carlos-da-cruz\/"}]}},"_links":{"self":[{"href":"https:\/\/jornalboasnoticias.com.br\/home\/wp-json\/wp\/v2\/posts\/42960","targetHints":{"allow":["GET"]}}],"collection":[{"href":"https:\/\/jornalboasnoticias.com.br\/home\/wp-json\/wp\/v2\/posts"}],"about":[{"href":"https:\/\/jornalboasnoticias.com.br\/home\/wp-json\/wp\/v2\/types\/post"}],"author":[{"embeddable":true,"href":"https:\/\/jornalboasnoticias.com.br\/home\/wp-json\/wp\/v2\/users\/3"}],"replies":[{"embeddable":true,"href":"https:\/\/jornalboasnoticias.com.br\/home\/wp-json\/wp\/v2\/comments?post=42960"}],"version-history":[{"count":0,"href":"https:\/\/jornalboasnoticias.com.br\/home\/wp-json\/wp\/v2\/posts\/42960\/revisions"}],"wp:featuredmedia":[{"embeddable":true,"href":"https:\/\/jornalboasnoticias.com.br\/home\/wp-json\/wp\/v2\/media\/42961"}],"wp:attachment":[{"href":"https:\/\/jornalboasnoticias.com.br\/home\/wp-json\/wp\/v2\/media?parent=42960"}],"wp:term":[{"taxonomy":"category","embeddable":true,"href":"https:\/\/jornalboasnoticias.com.br\/home\/wp-json\/wp\/v2\/categories?post=42960"},{"taxonomy":"post_tag","embeddable":true,"href":"https:\/\/jornalboasnoticias.com.br\/home\/wp-json\/wp\/v2\/tags?post=42960"}],"curies":[{"name":"wp","href":"https:\/\/api.w.org\/{rel}","templated":true}]}}