{"id":42926,"date":"2024-06-22T12:07:26","date_gmt":"2024-06-22T15:07:26","guid":{"rendered":"https:\/\/www.jornalboasnoticias.com.br\/?p=42926"},"modified":"2024-06-22T12:07:26","modified_gmt":"2024-06-22T15:07:26","slug":"pastor-marcos-zengo-e-o-entrevistado-do-sob-o-olhar-do-galo-deste-sabado","status":"publish","type":"post","link":"https:\/\/jornalboasnoticias.com.br\/home\/pastor-marcos-zengo-e-o-entrevistado-do-sob-o-olhar-do-galo-deste-sabado\/","title":{"rendered":"Pastor Marcos Zengo \u00e9 o entrevistado do Sob o Olhar do Galo deste s\u00e1bado"},"content":{"rendered":"<p><iframe loading=\"lazy\" title=\"SOB O OLHAR DO GALO - EPIS\u00d3DIO 3 - PR. MARCOS ZENGO\" width=\"640\" height=\"360\" src=\"https:\/\/www.youtube.com\/embed\/bttN_X_8Q3U?feature=oembed\" frameborder=\"0\" allow=\"accelerometer; autoplay; clipboard-write; encrypted-media; gyroscope; picture-in-picture; web-share\" referrerpolicy=\"strict-origin-when-cross-origin\" allowfullscreen><\/iframe><\/p>\n<p>O programa Sob o Olhar do Galo, v\u00eddeocast dos portais Cantagalo e Boas Not\u00edcias, entrevista neste s\u00e1bado (21) o pastor Marcos Zengo, presidente da Igreja Presbiteriana Renovada na regi\u00e3o de Cascavel. Um dos pastores mais influentes do Brasil, ele tamb\u00e9m \u00e9 advogado, licenciado em pedagogia com especializa\u00e7\u00e3o em doc\u00eancia do ensino superior e Doutor em Ci\u00eancias da Educa\u00e7\u00e3o pela Universidade de Extremadura (Espanha). Tamb\u00e9m \u00e9 vice-presidente da IPRB, presente no Brasil e em 35 pa\u00edses, igreja com mais de 160.000 membros e cerca de 1.500 pastores.<\/p>\n<p>Na entrevista, ele falou sobre f\u00e9, relatou um pouco de sua hist\u00f3ria e abordou outros assuntos, como o fim dos tempos, igreja e pol\u00edtica, al\u00e9m de destacar sua paix\u00e3o pela cidade de Cascavel.<\/p>\n<p>Pastor Marcos presidiu a Ordem dos Pastores Evang\u00e9licos de Cascavel (Opevel) quando criou o Desperta Paran\u00e1, que foi o maior congresso crist\u00e3o evang\u00e9lico da regi\u00e3o Oeste do Paran\u00e1. Tamb\u00e9m trouxe para Cascavel a Marcha Para Jesus, evento que re\u00fane milhares de fi\u00e9is.<\/p>\n","protected":false},"excerpt":{"rendered":"<p>O programa Sob o Olhar do Galo, v\u00eddeocast dos portais Cantagalo e Boas Not\u00edcias, entrevista<\/p>\n","protected":false},"author":3,"featured_media":42927,"comment_status":"open","ping_status":"open","sticky":false,"template":"","format":"standard","meta":{"footnotes":""},"categories":[2,3],"tags":[10,34],"class_list":["post-42926","post","type-post","status-publish","format-standard","has-post-thumbnail","hentry","category-cascavel","category-destaques","tag-cascavel","tag-sob-o-olhar-do-galo"],"yoast_head":"<!-- This site is optimized with the Yoast SEO plugin v27.5 - https:\/\/yoast.com\/product\/yoast-seo-wordpress\/ -->\n<title>Pastor Marcos Zengo \u00e9 o entrevistado do Sob o Olhar do Galo deste s\u00e1bado - Jornal<\/title>\n<meta name=\"description\" content=\"Pastor Marcos Zengo \u00e9 o entrevistado do Sob o Olhar do Galo deste s\u00e1bado\" \/>\n<meta name=\"robots\" content=\"index, follow, max-snippet:-1, max-image-preview:large, max-video-preview:-1\" \/>\n<link rel=\"canonical\" href=\"https:\/\/jornalboasnoticias.com.br\/home\/pastor-marcos-zengo-e-o-entrevistado-do-sob-o-olhar-do-galo-deste-sabado\/\" \/>\n<meta property=\"og:locale\" content=\"pt_BR\" \/>\n<meta property=\"og:type\" content=\"article\" \/>\n<meta property=\"og:title\" content=\"Pastor Marcos Zengo \u00e9 o entrevistado do Sob o Olhar do Galo deste s\u00e1bado - Jornal\" \/>\n<meta property=\"og:description\" content=\"Pastor Marcos Zengo \u00e9 o entrevistado do Sob o Olhar do Galo deste s\u00e1bado\" \/>\n<meta property=\"og:url\" content=\"https:\/\/jornalboasnoticias.com.br\/home\/pastor-marcos-zengo-e-o-entrevistado-do-sob-o-olhar-do-galo-deste-sabado\/\" \/>\n<meta property=\"og:site_name\" content=\"Jornal\" \/>\n<meta property=\"article:publisher\" content=\"https:\/\/www.facebook.com\/boasnoticiasjornal\" \/>\n<meta property=\"article:published_time\" content=\"2024-06-22T15:07:26+00:00\" \/>\n<meta property=\"og:image\" content=\"https:\/\/jornalboasnoticias.com.br\/home\/wp-content\/uploads\/2024\/06\/Sem-titulo.jpg\" \/>\n\t<meta property=\"og:image:width\" content=\"1121\" \/>\n\t<meta property=\"og:image:height\" content=\"554\" \/>\n\t<meta property=\"og:image:type\" content=\"image\/jpeg\" \/>\n<meta name=\"author\" content=\"Luiz Carlos da Cruz\" \/>\n<meta name=\"twitter:card\" content=\"summary_large_image\" \/>\n<meta name=\"twitter:label1\" content=\"Escrito por\" \/>\n\t<meta name=\"twitter:data1\" content=\"Luiz Carlos da Cruz\" \/>\n\t<meta name=\"twitter:label2\" content=\"Est. tempo de leitura\" \/>\n\t<meta name=\"twitter:data2\" content=\"1 minuto\" \/>\n<script type=\"application\/ld+json\" class=\"yoast-schema-graph\">{\"@context\":\"https:\\\/\\\/schema.org\",\"@graph\":[{\"@type\":\"Article\",\"@id\":\"https:\\\/\\\/jornalboasnoticias.com.br\\\/home\\\/pastor-marcos-zengo-e-o-entrevistado-do-sob-o-olhar-do-galo-deste-sabado\\\/#article\",\"isPartOf\":{\"@id\":\"https:\\\/\\\/jornalboasnoticias.com.br\\\/home\\\/pastor-marcos-zengo-e-o-entrevistado-do-sob-o-olhar-do-galo-deste-sabado\\\/\"},\"author\":{\"name\":\"Luiz Carlos da Cruz\",\"@id\":\"https:\\\/\\\/jornalboasnoticias.com.br\\\/home\\\/#\\\/schema\\\/person\\\/75f9ebde398c998c166475fb446bda62\"},\"headline\":\"Pastor Marcos Zengo \u00e9 o entrevistado do Sob o Olhar do Galo deste s\u00e1bado\",\"datePublished\":\"2024-06-22T15:07:26+00:00\",\"mainEntityOfPage\":{\"@id\":\"https:\\\/\\\/jornalboasnoticias.com.br\\\/home\\\/pastor-marcos-zengo-e-o-entrevistado-do-sob-o-olhar-do-galo-deste-sabado\\\/\"},\"wordCount\":201,\"commentCount\":0,\"publisher\":{\"@id\":\"https:\\\/\\\/jornalboasnoticias.com.br\\\/home\\\/#organization\"},\"image\":{\"@id\":\"https:\\\/\\\/jornalboasnoticias.com.br\\\/home\\\/pastor-marcos-zengo-e-o-entrevistado-do-sob-o-olhar-do-galo-deste-sabado\\\/#primaryimage\"},\"thumbnailUrl\":\"https:\\\/\\\/jornalboasnoticias.com.br\\\/home\\\/wp-content\\\/uploads\\\/2024\\\/06\\\/Sem-titulo.jpg\",\"keywords\":[\"cascavel\",\"Sob o Olhar do Galo\"],\"articleSection\":[\"CASCAVEL\",\"DESTAQUE\"],\"inLanguage\":\"pt-BR\",\"potentialAction\":[{\"@type\":\"CommentAction\",\"name\":\"Comment\",\"target\":[\"https:\\\/\\\/jornalboasnoticias.com.br\\\/home\\\/pastor-marcos-zengo-e-o-entrevistado-do-sob-o-olhar-do-galo-deste-sabado\\\/#respond\"]}]},{\"@type\":\"WebPage\",\"@id\":\"https:\\\/\\\/jornalboasnoticias.com.br\\\/home\\\/pastor-marcos-zengo-e-o-entrevistado-do-sob-o-olhar-do-galo-deste-sabado\\\/\",\"url\":\"https:\\\/\\\/jornalboasnoticias.com.br\\\/home\\\/pastor-marcos-zengo-e-o-entrevistado-do-sob-o-olhar-do-galo-deste-sabado\\\/\",\"name\":\"Pastor Marcos Zengo \u00e9 o entrevistado do Sob o Olhar do Galo deste s\u00e1bado - Jornal\",\"isPartOf\":{\"@id\":\"https:\\\/\\\/jornalboasnoticias.com.br\\\/home\\\/#website\"},\"primaryImageOfPage\":{\"@id\":\"https:\\\/\\\/jornalboasnoticias.com.br\\\/home\\\/pastor-marcos-zengo-e-o-entrevistado-do-sob-o-olhar-do-galo-deste-sabado\\\/#primaryimage\"},\"image\":{\"@id\":\"https:\\\/\\\/jornalboasnoticias.com.br\\\/home\\\/pastor-marcos-zengo-e-o-entrevistado-do-sob-o-olhar-do-galo-deste-sabado\\\/#primaryimage\"},\"thumbnailUrl\":\"https:\\\/\\\/jornalboasnoticias.com.br\\\/home\\\/wp-content\\\/uploads\\\/2024\\\/06\\\/Sem-titulo.jpg\",\"datePublished\":\"2024-06-22T15:07:26+00:00\",\"description\":\"Pastor Marcos Zengo \u00e9 o entrevistado do Sob o Olhar do Galo deste s\u00e1bado\",\"breadcrumb\":{\"@id\":\"https:\\\/\\\/jornalboasnoticias.com.br\\\/home\\\/pastor-marcos-zengo-e-o-entrevistado-do-sob-o-olhar-do-galo-deste-sabado\\\/#breadcrumb\"},\"inLanguage\":\"pt-BR\",\"potentialAction\":[{\"@type\":\"ReadAction\",\"target\":[\"https:\\\/\\\/jornalboasnoticias.com.br\\\/home\\\/pastor-marcos-zengo-e-o-entrevistado-do-sob-o-olhar-do-galo-deste-sabado\\\/\"]}]},{\"@type\":\"ImageObject\",\"inLanguage\":\"pt-BR\",\"@id\":\"https:\\\/\\\/jornalboasnoticias.com.br\\\/home\\\/pastor-marcos-zengo-e-o-entrevistado-do-sob-o-olhar-do-galo-deste-sabado\\\/#primaryimage\",\"url\":\"https:\\\/\\\/jornalboasnoticias.com.br\\\/home\\\/wp-content\\\/uploads\\\/2024\\\/06\\\/Sem-titulo.jpg\",\"contentUrl\":\"https:\\\/\\\/jornalboasnoticias.com.br\\\/home\\\/wp-content\\\/uploads\\\/2024\\\/06\\\/Sem-titulo.jpg\",\"width\":1121,\"height\":554},{\"@type\":\"BreadcrumbList\",\"@id\":\"https:\\\/\\\/jornalboasnoticias.com.br\\\/home\\\/pastor-marcos-zengo-e-o-entrevistado-do-sob-o-olhar-do-galo-deste-sabado\\\/#breadcrumb\",\"itemListElement\":[{\"@type\":\"ListItem\",\"position\":1,\"name\":\"In\u00edcio\",\"item\":\"https:\\\/\\\/jornalboasnoticias.com.br\\\/home\\\/\"},{\"@type\":\"ListItem\",\"position\":2,\"name\":\"Pastor Marcos Zengo \u00e9 o entrevistado do Sob o Olhar do Galo deste s\u00e1bado\"}]},{\"@type\":\"WebSite\",\"@id\":\"https:\\\/\\\/jornalboasnoticias.com.br\\\/home\\\/#website\",\"url\":\"https:\\\/\\\/jornalboasnoticias.com.br\\\/home\\\/\",\"name\":\"Jornal Boas Not\u00edcias\",\"description\":\"Boas not\u00edcias\",\"publisher\":{\"@id\":\"https:\\\/\\\/jornalboasnoticias.com.br\\\/home\\\/#organization\"},\"potentialAction\":[{\"@type\":\"SearchAction\",\"target\":{\"@type\":\"EntryPoint\",\"urlTemplate\":\"https:\\\/\\\/jornalboasnoticias.com.br\\\/home\\\/?s={search_term_string}\"},\"query-input\":{\"@type\":\"PropertyValueSpecification\",\"valueRequired\":true,\"valueName\":\"search_term_string\"}}],\"inLanguage\":\"pt-BR\"},{\"@type\":\"Organization\",\"@id\":\"https:\\\/\\\/jornalboasnoticias.com.br\\\/home\\\/#organization\",\"name\":\"Coq Editora Ltda\",\"alternateName\":\"Jornal Boas Noticias\",\"url\":\"https:\\\/\\\/jornalboasnoticias.com.br\\\/home\\\/\",\"logo\":{\"@type\":\"ImageObject\",\"inLanguage\":\"pt-BR\",\"@id\":\"https:\\\/\\\/jornalboasnoticias.com.br\\\/home\\\/#\\\/schema\\\/logo\\\/image\\\/\",\"url\":\"https:\\\/\\\/jornalboasnoticias.com.br\\\/home\\\/wp-content\\\/uploads\\\/2024\\\/07\\\/cropped-logo.jpg\",\"contentUrl\":\"https:\\\/\\\/jornalboasnoticias.com.br\\\/home\\\/wp-content\\\/uploads\\\/2024\\\/07\\\/cropped-logo.jpg\",\"width\":290,\"height\":142,\"caption\":\"Coq Editora Ltda\"},\"image\":{\"@id\":\"https:\\\/\\\/jornalboasnoticias.com.br\\\/home\\\/#\\\/schema\\\/logo\\\/image\\\/\"},\"sameAs\":[\"https:\\\/\\\/www.facebook.com\\\/boasnoticiasjornal\"]},{\"@type\":\"Person\",\"@id\":\"https:\\\/\\\/jornalboasnoticias.com.br\\\/home\\\/#\\\/schema\\\/person\\\/75f9ebde398c998c166475fb446bda62\",\"name\":\"Luiz Carlos da Cruz\",\"image\":{\"@type\":\"ImageObject\",\"inLanguage\":\"pt-BR\",\"@id\":\"https:\\\/\\\/secure.gravatar.com\\\/avatar\\\/e6f4f45301b6cb8572f7b076572e8ac11c1db80e805d8c8d0858cf286ce3ac3b?s=96&d=mm&r=g\",\"url\":\"https:\\\/\\\/secure.gravatar.com\\\/avatar\\\/e6f4f45301b6cb8572f7b076572e8ac11c1db80e805d8c8d0858cf286ce3ac3b?s=96&d=mm&r=g\",\"contentUrl\":\"https:\\\/\\\/secure.gravatar.com\\\/avatar\\\/e6f4f45301b6cb8572f7b076572e8ac11c1db80e805d8c8d0858cf286ce3ac3b?s=96&d=mm&r=g\",\"caption\":\"Luiz Carlos da Cruz\"},\"url\":\"https:\\\/\\\/jornalboasnoticias.com.br\\\/home\\\/author\\\/luiz-carlos-da-cruz\\\/\"}]}<\/script>\n<!-- \/ Yoast SEO plugin. -->","yoast_head_json":{"title":"Pastor Marcos Zengo \u00e9 o entrevistado do Sob o Olhar do Galo deste s\u00e1bado - Jornal","description":"Pastor Marcos Zengo \u00e9 o entrevistado do Sob o Olhar do Galo deste s\u00e1bado","robots":{"index":"index","follow":"follow","max-snippet":"max-snippet:-1","max-image-preview":"max-image-preview:large","max-video-preview":"max-video-preview:-1"},"canonical":"https:\/\/jornalboasnoticias.com.br\/home\/pastor-marcos-zengo-e-o-entrevistado-do-sob-o-olhar-do-galo-deste-sabado\/","og_locale":"pt_BR","og_type":"article","og_title":"Pastor Marcos Zengo \u00e9 o entrevistado do Sob o Olhar do Galo deste s\u00e1bado - Jornal","og_description":"Pastor Marcos Zengo \u00e9 o entrevistado do Sob o Olhar do Galo deste s\u00e1bado","og_url":"https:\/\/jornalboasnoticias.com.br\/home\/pastor-marcos-zengo-e-o-entrevistado-do-sob-o-olhar-do-galo-deste-sabado\/","og_site_name":"Jornal","article_publisher":"https:\/\/www.facebook.com\/boasnoticiasjornal","article_published_time":"2024-06-22T15:07:26+00:00","og_image":[{"width":1121,"height":554,"url":"https:\/\/jornalboasnoticias.com.br\/home\/wp-content\/uploads\/2024\/06\/Sem-titulo.jpg","type":"image\/jpeg"}],"author":"Luiz Carlos da Cruz","twitter_card":"summary_large_image","twitter_misc":{"Escrito por":"Luiz Carlos da Cruz","Est. tempo de leitura":"1 minuto"},"schema":{"@context":"https:\/\/schema.org","@graph":[{"@type":"Article","@id":"https:\/\/jornalboasnoticias.com.br\/home\/pastor-marcos-zengo-e-o-entrevistado-do-sob-o-olhar-do-galo-deste-sabado\/#article","isPartOf":{"@id":"https:\/\/jornalboasnoticias.com.br\/home\/pastor-marcos-zengo-e-o-entrevistado-do-sob-o-olhar-do-galo-deste-sabado\/"},"author":{"name":"Luiz Carlos da Cruz","@id":"https:\/\/jornalboasnoticias.com.br\/home\/#\/schema\/person\/75f9ebde398c998c166475fb446bda62"},"headline":"Pastor Marcos Zengo \u00e9 o entrevistado do Sob o Olhar do Galo deste s\u00e1bado","datePublished":"2024-06-22T15:07:26+00:00","mainEntityOfPage":{"@id":"https:\/\/jornalboasnoticias.com.br\/home\/pastor-marcos-zengo-e-o-entrevistado-do-sob-o-olhar-do-galo-deste-sabado\/"},"wordCount":201,"commentCount":0,"publisher":{"@id":"https:\/\/jornalboasnoticias.com.br\/home\/#organization"},"image":{"@id":"https:\/\/jornalboasnoticias.com.br\/home\/pastor-marcos-zengo-e-o-entrevistado-do-sob-o-olhar-do-galo-deste-sabado\/#primaryimage"},"thumbnailUrl":"https:\/\/jornalboasnoticias.com.br\/home\/wp-content\/uploads\/2024\/06\/Sem-titulo.jpg","keywords":["cascavel","Sob o Olhar do Galo"],"articleSection":["CASCAVEL","DESTAQUE"],"inLanguage":"pt-BR","potentialAction":[{"@type":"CommentAction","name":"Comment","target":["https:\/\/jornalboasnoticias.com.br\/home\/pastor-marcos-zengo-e-o-entrevistado-do-sob-o-olhar-do-galo-deste-sabado\/#respond"]}]},{"@type":"WebPage","@id":"https:\/\/jornalboasnoticias.com.br\/home\/pastor-marcos-zengo-e-o-entrevistado-do-sob-o-olhar-do-galo-deste-sabado\/","url":"https:\/\/jornalboasnoticias.com.br\/home\/pastor-marcos-zengo-e-o-entrevistado-do-sob-o-olhar-do-galo-deste-sabado\/","name":"Pastor Marcos Zengo \u00e9 o entrevistado do Sob o Olhar do Galo deste s\u00e1bado - Jornal","isPartOf":{"@id":"https:\/\/jornalboasnoticias.com.br\/home\/#website"},"primaryImageOfPage":{"@id":"https:\/\/jornalboasnoticias.com.br\/home\/pastor-marcos-zengo-e-o-entrevistado-do-sob-o-olhar-do-galo-deste-sabado\/#primaryimage"},"image":{"@id":"https:\/\/jornalboasnoticias.com.br\/home\/pastor-marcos-zengo-e-o-entrevistado-do-sob-o-olhar-do-galo-deste-sabado\/#primaryimage"},"thumbnailUrl":"https:\/\/jornalboasnoticias.com.br\/home\/wp-content\/uploads\/2024\/06\/Sem-titulo.jpg","datePublished":"2024-06-22T15:07:26+00:00","description":"Pastor Marcos Zengo \u00e9 o entrevistado do Sob o Olhar do Galo deste s\u00e1bado","breadcrumb":{"@id":"https:\/\/jornalboasnoticias.com.br\/home\/pastor-marcos-zengo-e-o-entrevistado-do-sob-o-olhar-do-galo-deste-sabado\/#breadcrumb"},"inLanguage":"pt-BR","potentialAction":[{"@type":"ReadAction","target":["https:\/\/jornalboasnoticias.com.br\/home\/pastor-marcos-zengo-e-o-entrevistado-do-sob-o-olhar-do-galo-deste-sabado\/"]}]},{"@type":"ImageObject","inLanguage":"pt-BR","@id":"https:\/\/jornalboasnoticias.com.br\/home\/pastor-marcos-zengo-e-o-entrevistado-do-sob-o-olhar-do-galo-deste-sabado\/#primaryimage","url":"https:\/\/jornalboasnoticias.com.br\/home\/wp-content\/uploads\/2024\/06\/Sem-titulo.jpg","contentUrl":"https:\/\/jornalboasnoticias.com.br\/home\/wp-content\/uploads\/2024\/06\/Sem-titulo.jpg","width":1121,"height":554},{"@type":"BreadcrumbList","@id":"https:\/\/jornalboasnoticias.com.br\/home\/pastor-marcos-zengo-e-o-entrevistado-do-sob-o-olhar-do-galo-deste-sabado\/#breadcrumb","itemListElement":[{"@type":"ListItem","position":1,"name":"In\u00edcio","item":"https:\/\/jornalboasnoticias.com.br\/home\/"},{"@type":"ListItem","position":2,"name":"Pastor Marcos Zengo \u00e9 o entrevistado do Sob o Olhar do Galo deste s\u00e1bado"}]},{"@type":"WebSite","@id":"https:\/\/jornalboasnoticias.com.br\/home\/#website","url":"https:\/\/jornalboasnoticias.com.br\/home\/","name":"Jornal Boas Not\u00edcias","description":"Boas not\u00edcias","publisher":{"@id":"https:\/\/jornalboasnoticias.com.br\/home\/#organization"},"potentialAction":[{"@type":"SearchAction","target":{"@type":"EntryPoint","urlTemplate":"https:\/\/jornalboasnoticias.com.br\/home\/?s={search_term_string}"},"query-input":{"@type":"PropertyValueSpecification","valueRequired":true,"valueName":"search_term_string"}}],"inLanguage":"pt-BR"},{"@type":"Organization","@id":"https:\/\/jornalboasnoticias.com.br\/home\/#organization","name":"Coq Editora Ltda","alternateName":"Jornal Boas Noticias","url":"https:\/\/jornalboasnoticias.com.br\/home\/","logo":{"@type":"ImageObject","inLanguage":"pt-BR","@id":"https:\/\/jornalboasnoticias.com.br\/home\/#\/schema\/logo\/image\/","url":"https:\/\/jornalboasnoticias.com.br\/home\/wp-content\/uploads\/2024\/07\/cropped-logo.jpg","contentUrl":"https:\/\/jornalboasnoticias.com.br\/home\/wp-content\/uploads\/2024\/07\/cropped-logo.jpg","width":290,"height":142,"caption":"Coq Editora Ltda"},"image":{"@id":"https:\/\/jornalboasnoticias.com.br\/home\/#\/schema\/logo\/image\/"},"sameAs":["https:\/\/www.facebook.com\/boasnoticiasjornal"]},{"@type":"Person","@id":"https:\/\/jornalboasnoticias.com.br\/home\/#\/schema\/person\/75f9ebde398c998c166475fb446bda62","name":"Luiz Carlos da Cruz","image":{"@type":"ImageObject","inLanguage":"pt-BR","@id":"https:\/\/secure.gravatar.com\/avatar\/e6f4f45301b6cb8572f7b076572e8ac11c1db80e805d8c8d0858cf286ce3ac3b?s=96&d=mm&r=g","url":"https:\/\/secure.gravatar.com\/avatar\/e6f4f45301b6cb8572f7b076572e8ac11c1db80e805d8c8d0858cf286ce3ac3b?s=96&d=mm&r=g","contentUrl":"https:\/\/secure.gravatar.com\/avatar\/e6f4f45301b6cb8572f7b076572e8ac11c1db80e805d8c8d0858cf286ce3ac3b?s=96&d=mm&r=g","caption":"Luiz Carlos da Cruz"},"url":"https:\/\/jornalboasnoticias.com.br\/home\/author\/luiz-carlos-da-cruz\/"}]}},"_links":{"self":[{"href":"https:\/\/jornalboasnoticias.com.br\/home\/wp-json\/wp\/v2\/posts\/42926","targetHints":{"allow":["GET"]}}],"collection":[{"href":"https:\/\/jornalboasnoticias.com.br\/home\/wp-json\/wp\/v2\/posts"}],"about":[{"href":"https:\/\/jornalboasnoticias.com.br\/home\/wp-json\/wp\/v2\/types\/post"}],"author":[{"embeddable":true,"href":"https:\/\/jornalboasnoticias.com.br\/home\/wp-json\/wp\/v2\/users\/3"}],"replies":[{"embeddable":true,"href":"https:\/\/jornalboasnoticias.com.br\/home\/wp-json\/wp\/v2\/comments?post=42926"}],"version-history":[{"count":0,"href":"https:\/\/jornalboasnoticias.com.br\/home\/wp-json\/wp\/v2\/posts\/42926\/revisions"}],"wp:featuredmedia":[{"embeddable":true,"href":"https:\/\/jornalboasnoticias.com.br\/home\/wp-json\/wp\/v2\/media\/42927"}],"wp:attachment":[{"href":"https:\/\/jornalboasnoticias.com.br\/home\/wp-json\/wp\/v2\/media?parent=42926"}],"wp:term":[{"taxonomy":"category","embeddable":true,"href":"https:\/\/jornalboasnoticias.com.br\/home\/wp-json\/wp\/v2\/categories?post=42926"},{"taxonomy":"post_tag","embeddable":true,"href":"https:\/\/jornalboasnoticias.com.br\/home\/wp-json\/wp\/v2\/tags?post=42926"}],"curies":[{"name":"wp","href":"https:\/\/api.w.org\/{rel}","templated":true}]}}