{"id":42923,"date":"2024-06-19T09:30:06","date_gmt":"2024-06-19T12:30:06","guid":{"rendered":"https:\/\/www.jornalboasnoticias.com.br\/?p=42923"},"modified":"2024-06-19T09:30:06","modified_gmt":"2024-06-19T12:30:06","slug":"cascavel-e-finalista-do-premio-band-cidades-excelentes-2024","status":"publish","type":"post","link":"https:\/\/jornalboasnoticias.com.br\/home\/cascavel-e-finalista-do-premio-band-cidades-excelentes-2024\/","title":{"rendered":"Cascavel \u00e9 finalista do Pr\u00eamio Band Cidades Excelentes 2024"},"content":{"rendered":"<blockquote><p>Premia\u00e7\u00e3o da etapa estadual aconteceu na noite de ontem em Curitiba e Cascavel ficou em primeiro lugar nos pilares Desenvolvimento Econ\u00f4mico e Ordem P\u00fablica, al\u00e9m de Sa\u00fade e Bem-estar<\/p><\/blockquote>\n<figure id=\"attachment_31741\" aria-describedby=\"caption-attachment-31741\" style=\"width: 397px\" class=\"wp-caption alignright\"><img loading=\"lazy\" decoding=\"async\" class=\"wp-image-31741 size-full\" src=\"https:\/\/portalcantagalo.com.br\/wp-content\/uploads\/2024\/06\/70126aaf-8ed7-498a-903f-87f10d84a4f5.jpeg\" alt=\"\" width=\"397\" height=\"507\" \/><figcaption id=\"caption-attachment-31741\" class=\"wp-caption-text\">Divulga\u00e7\u00e3o<\/figcaption><\/figure>\n<p>O Pr\u00eamio Band Cidades Excelentes, que incentiva, reconhece e valoriza boas pr\u00e1ticas de gest\u00e3o p\u00fablica para transformar a realidade dos munic\u00edpios brasileiros e melhorar os servi\u00e7os p\u00fablicos prestados aos cidad\u00e3os, mais uma vez reconheceu Cascavel como uma &#8216;cidade excelente&#8217;. O pr\u00eamio \u00e9 uma iniciativa do Grupo Bandeirantes em parceria com o Instituto Aquila.<\/p>\n<p>Na noite de ontem (18), em solenidade em Curitiba, aconteceu a entrega da premia\u00e7\u00e3o da etapa estadual e Cascavel ficou em primeiro lugar no \u00cdndice de Gest\u00e3o Municipal Aquila (IGMA) na categoria cidades com mais de 100 mil habitantes. Al\u00e9m disso, Cascavel ficou em primeiro lugar nos pilares Desenvolvimento Econ\u00f4mico e Ordem P\u00fablica, al\u00e9m de Sa\u00fade e Bem-estar.<\/p>\n<p>O prefeito Leonaldo Paranhos dividiu o pr\u00eamio com a popula\u00e7\u00e3o e afirmou que o reconhecimento \u00e9 resultado do trabalho de todos os servidores.<\/p>\n<p>\u201cIsso \u00e9 resultado de muito trabalho e dedica\u00e7\u00e3o da nossa equipe, dos nossos servidores e muita confian\u00e7a da nossa popula\u00e7\u00e3o. \u00c9 um pr\u00eamio que coloca Cascavel num cen\u00e1rio estadual e nacional. Minha gratid\u00e3o e o reconhecimento a toda a nossa popula\u00e7\u00e3o\u201d, afirmou o prefeito.<\/p>\n<p><em>Assessoria\u00a0<\/em><\/p>\n","protected":false},"excerpt":{"rendered":"<p>Premia\u00e7\u00e3o da etapa estadual aconteceu na noite de ontem em Curitiba e Cascavel ficou em<\/p>\n","protected":false},"author":2,"featured_media":42924,"comment_status":"open","ping_status":"open","sticky":false,"template":"","format":"standard","meta":{"footnotes":""},"categories":[2,3],"tags":[],"class_list":["post-42923","post","type-post","status-publish","format-standard","has-post-thumbnail","hentry","category-cascavel","category-destaques"],"yoast_head":"<!-- This site is optimized with the Yoast SEO plugin v27.5 - https:\/\/yoast.com\/product\/yoast-seo-wordpress\/ -->\n<title>Cascavel \u00e9 finalista do Pr\u00eamio Band Cidades Excelentes 2024 - Jornal<\/title>\n<meta name=\"description\" content=\"Cascavel \u00e9 finalista do Pr\u00eamio Band Cidades Excelentes 2024\" \/>\n<meta name=\"robots\" content=\"index, follow, max-snippet:-1, max-image-preview:large, max-video-preview:-1\" \/>\n<link rel=\"canonical\" href=\"https:\/\/jornalboasnoticias.com.br\/home\/cascavel-e-finalista-do-premio-band-cidades-excelentes-2024\/\" \/>\n<meta property=\"og:locale\" content=\"pt_BR\" \/>\n<meta property=\"og:type\" content=\"article\" \/>\n<meta property=\"og:title\" content=\"Cascavel \u00e9 finalista do Pr\u00eamio Band Cidades Excelentes 2024 - Jornal\" \/>\n<meta property=\"og:description\" content=\"Cascavel \u00e9 finalista do Pr\u00eamio Band Cidades Excelentes 2024\" \/>\n<meta property=\"og:url\" content=\"https:\/\/jornalboasnoticias.com.br\/home\/cascavel-e-finalista-do-premio-band-cidades-excelentes-2024\/\" \/>\n<meta property=\"og:site_name\" content=\"Jornal\" \/>\n<meta property=\"article:publisher\" content=\"https:\/\/www.facebook.com\/boasnoticiasjornal\" \/>\n<meta property=\"article:published_time\" content=\"2024-06-19T12:30:06+00:00\" \/>\n<meta property=\"og:image\" content=\"https:\/\/jornalboasnoticias.com.br\/home\/wp-content\/uploads\/2024\/06\/70126aaf-8ed7-498a-903f-87f10d84a4f5.jpeg\" \/>\n\t<meta property=\"og:image:width\" content=\"397\" \/>\n\t<meta property=\"og:image:height\" content=\"507\" \/>\n\t<meta property=\"og:image:type\" content=\"image\/jpeg\" \/>\n<meta name=\"author\" content=\"Maria Bonatto\" \/>\n<meta name=\"twitter:card\" content=\"summary_large_image\" \/>\n<meta name=\"twitter:label1\" content=\"Escrito por\" \/>\n\t<meta name=\"twitter:data1\" content=\"Maria Bonatto\" \/>\n\t<meta name=\"twitter:label2\" content=\"Est. tempo de leitura\" \/>\n\t<meta name=\"twitter:data2\" content=\"1 minuto\" \/>\n<script type=\"application\/ld+json\" class=\"yoast-schema-graph\">{\"@context\":\"https:\\\/\\\/schema.org\",\"@graph\":[{\"@type\":\"Article\",\"@id\":\"https:\\\/\\\/jornalboasnoticias.com.br\\\/home\\\/cascavel-e-finalista-do-premio-band-cidades-excelentes-2024\\\/#article\",\"isPartOf\":{\"@id\":\"https:\\\/\\\/jornalboasnoticias.com.br\\\/home\\\/cascavel-e-finalista-do-premio-band-cidades-excelentes-2024\\\/\"},\"author\":{\"name\":\"Maria Bonatto\",\"@id\":\"https:\\\/\\\/jornalboasnoticias.com.br\\\/home\\\/#\\\/schema\\\/person\\\/71a4be4d1685617d6d00f15f0f2952ee\"},\"headline\":\"Cascavel \u00e9 finalista do Pr\u00eamio Band Cidades Excelentes 2024\",\"datePublished\":\"2024-06-19T12:30:06+00:00\",\"mainEntityOfPage\":{\"@id\":\"https:\\\/\\\/jornalboasnoticias.com.br\\\/home\\\/cascavel-e-finalista-do-premio-band-cidades-excelentes-2024\\\/\"},\"wordCount\":249,\"commentCount\":0,\"publisher\":{\"@id\":\"https:\\\/\\\/jornalboasnoticias.com.br\\\/home\\\/#organization\"},\"image\":{\"@id\":\"https:\\\/\\\/jornalboasnoticias.com.br\\\/home\\\/cascavel-e-finalista-do-premio-band-cidades-excelentes-2024\\\/#primaryimage\"},\"thumbnailUrl\":\"https:\\\/\\\/jornalboasnoticias.com.br\\\/home\\\/wp-content\\\/uploads\\\/2024\\\/06\\\/70126aaf-8ed7-498a-903f-87f10d84a4f5.jpeg\",\"articleSection\":[\"CASCAVEL\",\"DESTAQUE\"],\"inLanguage\":\"pt-BR\",\"potentialAction\":[{\"@type\":\"CommentAction\",\"name\":\"Comment\",\"target\":[\"https:\\\/\\\/jornalboasnoticias.com.br\\\/home\\\/cascavel-e-finalista-do-premio-band-cidades-excelentes-2024\\\/#respond\"]}]},{\"@type\":\"WebPage\",\"@id\":\"https:\\\/\\\/jornalboasnoticias.com.br\\\/home\\\/cascavel-e-finalista-do-premio-band-cidades-excelentes-2024\\\/\",\"url\":\"https:\\\/\\\/jornalboasnoticias.com.br\\\/home\\\/cascavel-e-finalista-do-premio-band-cidades-excelentes-2024\\\/\",\"name\":\"Cascavel \u00e9 finalista do Pr\u00eamio Band Cidades Excelentes 2024 - Jornal\",\"isPartOf\":{\"@id\":\"https:\\\/\\\/jornalboasnoticias.com.br\\\/home\\\/#website\"},\"primaryImageOfPage\":{\"@id\":\"https:\\\/\\\/jornalboasnoticias.com.br\\\/home\\\/cascavel-e-finalista-do-premio-band-cidades-excelentes-2024\\\/#primaryimage\"},\"image\":{\"@id\":\"https:\\\/\\\/jornalboasnoticias.com.br\\\/home\\\/cascavel-e-finalista-do-premio-band-cidades-excelentes-2024\\\/#primaryimage\"},\"thumbnailUrl\":\"https:\\\/\\\/jornalboasnoticias.com.br\\\/home\\\/wp-content\\\/uploads\\\/2024\\\/06\\\/70126aaf-8ed7-498a-903f-87f10d84a4f5.jpeg\",\"datePublished\":\"2024-06-19T12:30:06+00:00\",\"description\":\"Cascavel \u00e9 finalista do Pr\u00eamio Band Cidades Excelentes 2024\",\"breadcrumb\":{\"@id\":\"https:\\\/\\\/jornalboasnoticias.com.br\\\/home\\\/cascavel-e-finalista-do-premio-band-cidades-excelentes-2024\\\/#breadcrumb\"},\"inLanguage\":\"pt-BR\",\"potentialAction\":[{\"@type\":\"ReadAction\",\"target\":[\"https:\\\/\\\/jornalboasnoticias.com.br\\\/home\\\/cascavel-e-finalista-do-premio-band-cidades-excelentes-2024\\\/\"]}]},{\"@type\":\"ImageObject\",\"inLanguage\":\"pt-BR\",\"@id\":\"https:\\\/\\\/jornalboasnoticias.com.br\\\/home\\\/cascavel-e-finalista-do-premio-band-cidades-excelentes-2024\\\/#primaryimage\",\"url\":\"https:\\\/\\\/jornalboasnoticias.com.br\\\/home\\\/wp-content\\\/uploads\\\/2024\\\/06\\\/70126aaf-8ed7-498a-903f-87f10d84a4f5.jpeg\",\"contentUrl\":\"https:\\\/\\\/jornalboasnoticias.com.br\\\/home\\\/wp-content\\\/uploads\\\/2024\\\/06\\\/70126aaf-8ed7-498a-903f-87f10d84a4f5.jpeg\",\"width\":397,\"height\":507},{\"@type\":\"BreadcrumbList\",\"@id\":\"https:\\\/\\\/jornalboasnoticias.com.br\\\/home\\\/cascavel-e-finalista-do-premio-band-cidades-excelentes-2024\\\/#breadcrumb\",\"itemListElement\":[{\"@type\":\"ListItem\",\"position\":1,\"name\":\"In\u00edcio\",\"item\":\"https:\\\/\\\/jornalboasnoticias.com.br\\\/home\\\/\"},{\"@type\":\"ListItem\",\"position\":2,\"name\":\"Cascavel \u00e9 finalista do Pr\u00eamio Band Cidades Excelentes 2024\"}]},{\"@type\":\"WebSite\",\"@id\":\"https:\\\/\\\/jornalboasnoticias.com.br\\\/home\\\/#website\",\"url\":\"https:\\\/\\\/jornalboasnoticias.com.br\\\/home\\\/\",\"name\":\"Jornal Boas Not\u00edcias\",\"description\":\"Boas not\u00edcias\",\"publisher\":{\"@id\":\"https:\\\/\\\/jornalboasnoticias.com.br\\\/home\\\/#organization\"},\"potentialAction\":[{\"@type\":\"SearchAction\",\"target\":{\"@type\":\"EntryPoint\",\"urlTemplate\":\"https:\\\/\\\/jornalboasnoticias.com.br\\\/home\\\/?s={search_term_string}\"},\"query-input\":{\"@type\":\"PropertyValueSpecification\",\"valueRequired\":true,\"valueName\":\"search_term_string\"}}],\"inLanguage\":\"pt-BR\"},{\"@type\":\"Organization\",\"@id\":\"https:\\\/\\\/jornalboasnoticias.com.br\\\/home\\\/#organization\",\"name\":\"Coq Editora Ltda\",\"alternateName\":\"Jornal Boas Noticias\",\"url\":\"https:\\\/\\\/jornalboasnoticias.com.br\\\/home\\\/\",\"logo\":{\"@type\":\"ImageObject\",\"inLanguage\":\"pt-BR\",\"@id\":\"https:\\\/\\\/jornalboasnoticias.com.br\\\/home\\\/#\\\/schema\\\/logo\\\/image\\\/\",\"url\":\"https:\\\/\\\/jornalboasnoticias.com.br\\\/home\\\/wp-content\\\/uploads\\\/2024\\\/07\\\/cropped-logo.jpg\",\"contentUrl\":\"https:\\\/\\\/jornalboasnoticias.com.br\\\/home\\\/wp-content\\\/uploads\\\/2024\\\/07\\\/cropped-logo.jpg\",\"width\":290,\"height\":142,\"caption\":\"Coq Editora Ltda\"},\"image\":{\"@id\":\"https:\\\/\\\/jornalboasnoticias.com.br\\\/home\\\/#\\\/schema\\\/logo\\\/image\\\/\"},\"sameAs\":[\"https:\\\/\\\/www.facebook.com\\\/boasnoticiasjornal\"]},{\"@type\":\"Person\",\"@id\":\"https:\\\/\\\/jornalboasnoticias.com.br\\\/home\\\/#\\\/schema\\\/person\\\/71a4be4d1685617d6d00f15f0f2952ee\",\"name\":\"Maria Bonatto\",\"image\":{\"@type\":\"ImageObject\",\"inLanguage\":\"pt-BR\",\"@id\":\"https:\\\/\\\/secure.gravatar.com\\\/avatar\\\/61bdbd92f7d53dd2fedfe556279602d97507ae906fdeb9624602488dcdcd042f?s=96&d=mm&r=g\",\"url\":\"https:\\\/\\\/secure.gravatar.com\\\/avatar\\\/61bdbd92f7d53dd2fedfe556279602d97507ae906fdeb9624602488dcdcd042f?s=96&d=mm&r=g\",\"contentUrl\":\"https:\\\/\\\/secure.gravatar.com\\\/avatar\\\/61bdbd92f7d53dd2fedfe556279602d97507ae906fdeb9624602488dcdcd042f?s=96&d=mm&r=g\",\"caption\":\"Maria Bonatto\"},\"url\":\"https:\\\/\\\/jornalboasnoticias.com.br\\\/home\\\/author\\\/ana-bonatto\\\/\"}]}<\/script>\n<!-- \/ Yoast SEO plugin. -->","yoast_head_json":{"title":"Cascavel \u00e9 finalista do Pr\u00eamio Band Cidades Excelentes 2024 - Jornal","description":"Cascavel \u00e9 finalista do Pr\u00eamio Band Cidades Excelentes 2024","robots":{"index":"index","follow":"follow","max-snippet":"max-snippet:-1","max-image-preview":"max-image-preview:large","max-video-preview":"max-video-preview:-1"},"canonical":"https:\/\/jornalboasnoticias.com.br\/home\/cascavel-e-finalista-do-premio-band-cidades-excelentes-2024\/","og_locale":"pt_BR","og_type":"article","og_title":"Cascavel \u00e9 finalista do Pr\u00eamio Band Cidades Excelentes 2024 - Jornal","og_description":"Cascavel \u00e9 finalista do Pr\u00eamio Band Cidades Excelentes 2024","og_url":"https:\/\/jornalboasnoticias.com.br\/home\/cascavel-e-finalista-do-premio-band-cidades-excelentes-2024\/","og_site_name":"Jornal","article_publisher":"https:\/\/www.facebook.com\/boasnoticiasjornal","article_published_time":"2024-06-19T12:30:06+00:00","og_image":[{"width":397,"height":507,"url":"https:\/\/jornalboasnoticias.com.br\/home\/wp-content\/uploads\/2024\/06\/70126aaf-8ed7-498a-903f-87f10d84a4f5.jpeg","type":"image\/jpeg"}],"author":"Maria Bonatto","twitter_card":"summary_large_image","twitter_misc":{"Escrito por":"Maria Bonatto","Est. tempo de leitura":"1 minuto"},"schema":{"@context":"https:\/\/schema.org","@graph":[{"@type":"Article","@id":"https:\/\/jornalboasnoticias.com.br\/home\/cascavel-e-finalista-do-premio-band-cidades-excelentes-2024\/#article","isPartOf":{"@id":"https:\/\/jornalboasnoticias.com.br\/home\/cascavel-e-finalista-do-premio-band-cidades-excelentes-2024\/"},"author":{"name":"Maria Bonatto","@id":"https:\/\/jornalboasnoticias.com.br\/home\/#\/schema\/person\/71a4be4d1685617d6d00f15f0f2952ee"},"headline":"Cascavel \u00e9 finalista do Pr\u00eamio Band Cidades Excelentes 2024","datePublished":"2024-06-19T12:30:06+00:00","mainEntityOfPage":{"@id":"https:\/\/jornalboasnoticias.com.br\/home\/cascavel-e-finalista-do-premio-band-cidades-excelentes-2024\/"},"wordCount":249,"commentCount":0,"publisher":{"@id":"https:\/\/jornalboasnoticias.com.br\/home\/#organization"},"image":{"@id":"https:\/\/jornalboasnoticias.com.br\/home\/cascavel-e-finalista-do-premio-band-cidades-excelentes-2024\/#primaryimage"},"thumbnailUrl":"https:\/\/jornalboasnoticias.com.br\/home\/wp-content\/uploads\/2024\/06\/70126aaf-8ed7-498a-903f-87f10d84a4f5.jpeg","articleSection":["CASCAVEL","DESTAQUE"],"inLanguage":"pt-BR","potentialAction":[{"@type":"CommentAction","name":"Comment","target":["https:\/\/jornalboasnoticias.com.br\/home\/cascavel-e-finalista-do-premio-band-cidades-excelentes-2024\/#respond"]}]},{"@type":"WebPage","@id":"https:\/\/jornalboasnoticias.com.br\/home\/cascavel-e-finalista-do-premio-band-cidades-excelentes-2024\/","url":"https:\/\/jornalboasnoticias.com.br\/home\/cascavel-e-finalista-do-premio-band-cidades-excelentes-2024\/","name":"Cascavel \u00e9 finalista do Pr\u00eamio Band Cidades Excelentes 2024 - Jornal","isPartOf":{"@id":"https:\/\/jornalboasnoticias.com.br\/home\/#website"},"primaryImageOfPage":{"@id":"https:\/\/jornalboasnoticias.com.br\/home\/cascavel-e-finalista-do-premio-band-cidades-excelentes-2024\/#primaryimage"},"image":{"@id":"https:\/\/jornalboasnoticias.com.br\/home\/cascavel-e-finalista-do-premio-band-cidades-excelentes-2024\/#primaryimage"},"thumbnailUrl":"https:\/\/jornalboasnoticias.com.br\/home\/wp-content\/uploads\/2024\/06\/70126aaf-8ed7-498a-903f-87f10d84a4f5.jpeg","datePublished":"2024-06-19T12:30:06+00:00","description":"Cascavel \u00e9 finalista do Pr\u00eamio Band Cidades Excelentes 2024","breadcrumb":{"@id":"https:\/\/jornalboasnoticias.com.br\/home\/cascavel-e-finalista-do-premio-band-cidades-excelentes-2024\/#breadcrumb"},"inLanguage":"pt-BR","potentialAction":[{"@type":"ReadAction","target":["https:\/\/jornalboasnoticias.com.br\/home\/cascavel-e-finalista-do-premio-band-cidades-excelentes-2024\/"]}]},{"@type":"ImageObject","inLanguage":"pt-BR","@id":"https:\/\/jornalboasnoticias.com.br\/home\/cascavel-e-finalista-do-premio-band-cidades-excelentes-2024\/#primaryimage","url":"https:\/\/jornalboasnoticias.com.br\/home\/wp-content\/uploads\/2024\/06\/70126aaf-8ed7-498a-903f-87f10d84a4f5.jpeg","contentUrl":"https:\/\/jornalboasnoticias.com.br\/home\/wp-content\/uploads\/2024\/06\/70126aaf-8ed7-498a-903f-87f10d84a4f5.jpeg","width":397,"height":507},{"@type":"BreadcrumbList","@id":"https:\/\/jornalboasnoticias.com.br\/home\/cascavel-e-finalista-do-premio-band-cidades-excelentes-2024\/#breadcrumb","itemListElement":[{"@type":"ListItem","position":1,"name":"In\u00edcio","item":"https:\/\/jornalboasnoticias.com.br\/home\/"},{"@type":"ListItem","position":2,"name":"Cascavel \u00e9 finalista do Pr\u00eamio Band Cidades Excelentes 2024"}]},{"@type":"WebSite","@id":"https:\/\/jornalboasnoticias.com.br\/home\/#website","url":"https:\/\/jornalboasnoticias.com.br\/home\/","name":"Jornal Boas Not\u00edcias","description":"Boas not\u00edcias","publisher":{"@id":"https:\/\/jornalboasnoticias.com.br\/home\/#organization"},"potentialAction":[{"@type":"SearchAction","target":{"@type":"EntryPoint","urlTemplate":"https:\/\/jornalboasnoticias.com.br\/home\/?s={search_term_string}"},"query-input":{"@type":"PropertyValueSpecification","valueRequired":true,"valueName":"search_term_string"}}],"inLanguage":"pt-BR"},{"@type":"Organization","@id":"https:\/\/jornalboasnoticias.com.br\/home\/#organization","name":"Coq Editora Ltda","alternateName":"Jornal Boas Noticias","url":"https:\/\/jornalboasnoticias.com.br\/home\/","logo":{"@type":"ImageObject","inLanguage":"pt-BR","@id":"https:\/\/jornalboasnoticias.com.br\/home\/#\/schema\/logo\/image\/","url":"https:\/\/jornalboasnoticias.com.br\/home\/wp-content\/uploads\/2024\/07\/cropped-logo.jpg","contentUrl":"https:\/\/jornalboasnoticias.com.br\/home\/wp-content\/uploads\/2024\/07\/cropped-logo.jpg","width":290,"height":142,"caption":"Coq Editora Ltda"},"image":{"@id":"https:\/\/jornalboasnoticias.com.br\/home\/#\/schema\/logo\/image\/"},"sameAs":["https:\/\/www.facebook.com\/boasnoticiasjornal"]},{"@type":"Person","@id":"https:\/\/jornalboasnoticias.com.br\/home\/#\/schema\/person\/71a4be4d1685617d6d00f15f0f2952ee","name":"Maria Bonatto","image":{"@type":"ImageObject","inLanguage":"pt-BR","@id":"https:\/\/secure.gravatar.com\/avatar\/61bdbd92f7d53dd2fedfe556279602d97507ae906fdeb9624602488dcdcd042f?s=96&d=mm&r=g","url":"https:\/\/secure.gravatar.com\/avatar\/61bdbd92f7d53dd2fedfe556279602d97507ae906fdeb9624602488dcdcd042f?s=96&d=mm&r=g","contentUrl":"https:\/\/secure.gravatar.com\/avatar\/61bdbd92f7d53dd2fedfe556279602d97507ae906fdeb9624602488dcdcd042f?s=96&d=mm&r=g","caption":"Maria Bonatto"},"url":"https:\/\/jornalboasnoticias.com.br\/home\/author\/ana-bonatto\/"}]}},"_links":{"self":[{"href":"https:\/\/jornalboasnoticias.com.br\/home\/wp-json\/wp\/v2\/posts\/42923","targetHints":{"allow":["GET"]}}],"collection":[{"href":"https:\/\/jornalboasnoticias.com.br\/home\/wp-json\/wp\/v2\/posts"}],"about":[{"href":"https:\/\/jornalboasnoticias.com.br\/home\/wp-json\/wp\/v2\/types\/post"}],"author":[{"embeddable":true,"href":"https:\/\/jornalboasnoticias.com.br\/home\/wp-json\/wp\/v2\/users\/2"}],"replies":[{"embeddable":true,"href":"https:\/\/jornalboasnoticias.com.br\/home\/wp-json\/wp\/v2\/comments?post=42923"}],"version-history":[{"count":0,"href":"https:\/\/jornalboasnoticias.com.br\/home\/wp-json\/wp\/v2\/posts\/42923\/revisions"}],"wp:featuredmedia":[{"embeddable":true,"href":"https:\/\/jornalboasnoticias.com.br\/home\/wp-json\/wp\/v2\/media\/42924"}],"wp:attachment":[{"href":"https:\/\/jornalboasnoticias.com.br\/home\/wp-json\/wp\/v2\/media?parent=42923"}],"wp:term":[{"taxonomy":"category","embeddable":true,"href":"https:\/\/jornalboasnoticias.com.br\/home\/wp-json\/wp\/v2\/categories?post=42923"},{"taxonomy":"post_tag","embeddable":true,"href":"https:\/\/jornalboasnoticias.com.br\/home\/wp-json\/wp\/v2\/tags?post=42923"}],"curies":[{"name":"wp","href":"https:\/\/api.w.org\/{rel}","templated":true}]}}