{"id":42919,"date":"2024-06-18T14:56:03","date_gmt":"2024-06-18T17:56:03","guid":{"rendered":"https:\/\/www.jornalboasnoticias.com.br\/?p=42919"},"modified":"2024-06-18T14:56:03","modified_gmt":"2024-06-18T17:56:03","slug":"revitalizacao-da-usf-de-sao-salvador-amplia-atendimento-a-populacao-rural-de-cascavel","status":"publish","type":"post","link":"https:\/\/jornalboasnoticias.com.br\/home\/revitalizacao-da-usf-de-sao-salvador-amplia-atendimento-a-populacao-rural-de-cascavel\/","title":{"rendered":"Revitaliza\u00e7\u00e3o da USF de S\u00e3o Salvador amplia atendimento \u00e0 popula\u00e7\u00e3o rural de Cascavel"},"content":{"rendered":"<blockquote><p>Al\u00e9m dos consult\u00f3rios m\u00e9dicos, farm\u00e1cia e sala de curativos, unidade conta tamb\u00e9m com um moderno consult\u00f3rio odontol\u00f3gico<\/p><\/blockquote>\n<figure id=\"attachment_42920\" aria-describedby=\"caption-attachment-42920\" style=\"width: 1024px\" class=\"wp-caption aligncenter\"><img loading=\"lazy\" decoding=\"async\" class=\"wp-image-42920 size-full\" src=\"https:\/\/jornalboasnoticias.com.br\/home\/wp-content\/uploads\/2024\/06\/IMG_4262.jpeg\" alt=\"\" width=\"1024\" height=\"682\" srcset=\"https:\/\/jornalboasnoticias.com.br\/home\/wp-content\/uploads\/2024\/06\/IMG_4262.jpeg 1024w, https:\/\/jornalboasnoticias.com.br\/home\/wp-content\/uploads\/2024\/06\/IMG_4262-300x200.jpeg 300w, https:\/\/jornalboasnoticias.com.br\/home\/wp-content\/uploads\/2024\/06\/IMG_4262-768x512.jpeg 768w\" sizes=\"auto, (max-width: 1024px) 100vw, 1024px\" \/><figcaption id=\"caption-attachment-42920\" class=\"wp-caption-text\">Divulga\u00e7\u00e3o<\/figcaption><\/figure>\n<p>\u201cN\u00e3o \u00e9 apenas uma nova unidade de sa\u00fade, mas um mini-hospital, uma unidade que oferece condi\u00e7\u00f5es de trabalho aos profissionais que aqui exercem sua profiss\u00e3o e condi\u00e7\u00f5es dignas de acolher todas as pessoas do nosso distrito e das comunidades vizinhas, dos distritos vizinhos tamb\u00e9m.\u201d A declara\u00e7\u00e3o foi feita pelo agricultor e morador do distrito de S\u00e3o Salvador, Ernesto Dallagnol, durante a entrega das obras de revitaliza\u00e7\u00e3o da Unidade Sa\u00fade da Fam\u00edlia (USF) de S\u00e3o Salvador.<\/p>\n<p>A USF, que foi constru\u00edda em 2004, conta com 320 metros quadrados de \u00e1rea constru\u00edda e teve consolidada a troca de todos os acabamentos. Foram refeitas as instala\u00e7\u00f5es el\u00e9tricas e hidrossanit\u00e1rias, troca do telhado, das portas e esquadrias, de revestimentos de piso e parede, forro de gesso acartonado na parte interna e forro met\u00e1lico na parte externa e coloca\u00e7\u00e3o de pastilha e bate-maca, entre outras benfeitorias. \u201cEles olharam com carinho para o nosso distrito. Essa unidade de sa\u00fade estava precisando de reforma e veio na hora certa. A gente nem acreditava que fosse sair do papel, porque a gente esperava isso h\u00e1 muito tempo. Estava ruim, agora est\u00e1 bom, est\u00e1 100%\u201d, comemorou o agricultor Clemes Stachelski, morador do distrito de S\u00e3o Salvador.<\/p>\n<p>Foram investidos R$ 778.741,84 na obra, que vai atender uma popula\u00e7\u00e3o de aproximadamente duas mil pessoas. \u201cEstamos fazendo um investimento horizontal na sa\u00fade de Cascavel. A mesma qualidade em estrutura f\u00edsica, pessoal, equipamentos que os moradores do centro da cidade e dos bairros t\u00eam \u00e0 disposi\u00e7\u00e3o, a popula\u00e7\u00e3o dos sete distritos de Cascavel tamb\u00e9m possui. Sa\u00fade completa para toda a cidade. O mesmo padr\u00e3o de unidade que estamos vendo aqui estamos fazendo na cidade, porque a nossa popula\u00e7\u00e3o \u00e9 uma s\u00f3. S\u00e3o programas que chamamos de horizontal, de proposta e entrega de servi\u00e7os p\u00fablicos\u201d, explicou o prefeito Leonaldo Paranhos.<\/p>\n<p>O vice-prefeito, Renato Silva, completou dizendo que \u201ca nossa popula\u00e7\u00e3o atendida nesta unidade de sa\u00fade e nas demais unidades precisa ter a mesma aten\u00e7\u00e3o e cuidado. E estamos trabalhando para oferecer o melhor para nossa popula\u00e7\u00e3o.\u201d<\/p>\n<p>Entre os equipamentos m\u00e9dicos colocados \u00e0 disposi\u00e7\u00e3o da popula\u00e7\u00e3o do distrito de S\u00e3o Salvador destaca-se o eletrocardiograma, fixo, definitivo, onde a pessoa ir\u00e1 fazer o seu eletro do cora\u00e7\u00e3o e saber o resultado no momento. O m\u00e9dico ter\u00e1 a oportunidade de, com mais esse equipamento, dar melhor qualidade de aten\u00e7\u00e3o a essa comunidade que tanto merece e que tanto ajuda a nossa casa\u201d, falou o secret\u00e1rio de sa\u00fade, Miroslau Bailak.<\/p>\n<p>A USF de S\u00e3o Salvador, al\u00e9m dos consult\u00f3rios m\u00e9dicos, farm\u00e1cia e sala de curativos, conta tamb\u00e9m com um moderno consult\u00f3rio odontol\u00f3gico. \u201cN\u00f3s faremos o atendimento odontol\u00f3gico em aten\u00e7\u00e3o prim\u00e1ria, que \u00e9 o primeiro, a porta de entrada da recep\u00e7\u00e3o e do atendimento para a popula\u00e7\u00e3o, tentando resolver mais de 80% das demandas e da necessidade do cidad\u00e3o que vai receber esse atendimento da melhor forma poss\u00edvel\u201d, falou o gerente da Divis\u00e3o de Sa\u00fade Bucal, Shady Yassine.<\/p>\n<p>\u201cEssa \u00e9 a quarta unidade de sa\u00fade que estamos entregando na \u00e1rea rural, mostrando a\u00ed o compromisso do governo Paranhos, o compromisso dessa administra\u00e7\u00e3o em levar sa\u00fade para todos os pontos, em melhorar toda a infraestrutura, em ampliar equipes e trazer mais qualidade para toda a popula\u00e7\u00e3o. Estamos em andamento com a reforma da USF de S\u00e3o Jo\u00e3o e logo em seguida tamb\u00e9m estaremos licitando as obras da USF do distrito de Espig\u00e3o Azul, totalizando seis obras na \u00e1rea rural\u201d, explicou o gerente de Aten\u00e7\u00e3o Prim\u00e1ria da Secretaria de Sa\u00fade de Cascavel, Ali Haidar.<\/p>\n<h2>Avan\u00e7os<\/h2>\n<p>De 2017 para c\u00e1, a sa\u00fade em Cascavel teve um grande avan\u00e7o. Segundo o secret\u00e1rio de sa\u00fade, Miroslau Bailak, \u201cquando iniciou essa gest\u00e3o, Cascavel tinha 50% de cobertura da aten\u00e7\u00e3o b\u00e1sica. Se levou mais de 20 anos para chegar a 50%, um guarda-chuva pela metade. Hoje n\u00e3o, hoje n\u00f3s temos 100% de cobertura da aten\u00e7\u00e3o b\u00e1sica. Esse guarda-chuva est\u00e1 completo em toda a \u00e1rea urbana, inclusive na \u00e1rea rural, como est\u00e1 acontecendo em S\u00e3o Salvador, hoje.\u201d<\/p>\n<p>Ele completa dizendo que \u201cse voc\u00ea tem 100% de cobertura da aten\u00e7\u00e3o b\u00e1sica, voc\u00ea tem a melhoria da qualidade do atendimento, permitindo que n\u00f3s fa\u00e7amos mais de 2,3 mil atendimentos m\u00e9dicos por dia nas nossas unidades de sa\u00fade. Com os 1,2 mil atendimentos das UPAS (Unidades de Pronto Atendimento), s\u00e3o mais de 3,5 mil consultas m\u00e9dicas\/dia, ou seja, 1% da popula\u00e7\u00e3o passando por nossas unidades de sa\u00fade, todos os dias. Isso \u00e9 uma grande conquista, um grande legado que ficar\u00e1 para as pr\u00f3ximas gera\u00e7\u00f5es. Al\u00e9m disso, temos 68 equipes da Sa\u00fade da Fam\u00edlia, que, juntas com as treze unidades b\u00e1sicas de sa\u00fade, fazem essa quantidade de consultas m\u00e9dicas. Se n\u00f3s falarmos em procedimentos de enfermagem, n\u00f3s podemos multiplicar isso por tr\u00eas. S\u00e3o 3,5 mil consultas m\u00e9dicas por dia, representando 1% da popula\u00e7\u00e3o, o que faz com que a cada 100 dias passem por nossas unidades de sa\u00fade o equivalente a toda popula\u00e7\u00e3o de Cascavel<\/p>\n<p><em>Assessoria Prefeitura de Cascavel\u00a0<\/em><\/p>\n","protected":false},"excerpt":{"rendered":"<p>Al\u00e9m dos consult\u00f3rios m\u00e9dicos, farm\u00e1cia e sala de curativos, unidade conta tamb\u00e9m com um moderno<\/p>\n","protected":false},"author":2,"featured_media":42920,"comment_status":"open","ping_status":"open","sticky":false,"template":"","format":"standard","meta":{"footnotes":""},"categories":[2,3],"tags":[],"class_list":["post-42919","post","type-post","status-publish","format-standard","has-post-thumbnail","hentry","category-cascavel","category-destaques"],"yoast_head":"<!-- This site is optimized with the Yoast SEO plugin v27.5 - https:\/\/yoast.com\/product\/yoast-seo-wordpress\/ -->\n<title>Revitaliza\u00e7\u00e3o da USF de S\u00e3o Salvador amplia atendimento \u00e0 popula\u00e7\u00e3o rural de Cascavel - Jornal<\/title>\n<meta name=\"description\" content=\"Revitaliza\u00e7\u00e3o da USF de S\u00e3o Salvador amplia atendimento \u00e0 popula\u00e7\u00e3o rural de Cascavel\" \/>\n<meta name=\"robots\" content=\"index, follow, max-snippet:-1, max-image-preview:large, max-video-preview:-1\" \/>\n<link rel=\"canonical\" href=\"https:\/\/jornalboasnoticias.com.br\/home\/revitalizacao-da-usf-de-sao-salvador-amplia-atendimento-a-populacao-rural-de-cascavel\/\" \/>\n<meta property=\"og:locale\" content=\"pt_BR\" \/>\n<meta property=\"og:type\" content=\"article\" \/>\n<meta property=\"og:title\" content=\"Revitaliza\u00e7\u00e3o da USF de S\u00e3o Salvador amplia atendimento \u00e0 popula\u00e7\u00e3o rural de Cascavel - Jornal\" \/>\n<meta property=\"og:description\" content=\"Revitaliza\u00e7\u00e3o da USF de S\u00e3o Salvador amplia atendimento \u00e0 popula\u00e7\u00e3o rural de Cascavel\" \/>\n<meta property=\"og:url\" content=\"https:\/\/jornalboasnoticias.com.br\/home\/revitalizacao-da-usf-de-sao-salvador-amplia-atendimento-a-populacao-rural-de-cascavel\/\" \/>\n<meta property=\"og:site_name\" content=\"Jornal\" \/>\n<meta property=\"article:publisher\" content=\"https:\/\/www.facebook.com\/boasnoticiasjornal\" \/>\n<meta property=\"article:published_time\" content=\"2024-06-18T17:56:03+00:00\" \/>\n<meta property=\"og:image\" content=\"https:\/\/jornalboasnoticias.com.br\/home\/wp-content\/uploads\/2024\/06\/IMG_4262.jpeg\" \/>\n\t<meta property=\"og:image:width\" content=\"1024\" \/>\n\t<meta property=\"og:image:height\" content=\"682\" \/>\n\t<meta property=\"og:image:type\" content=\"image\/jpeg\" \/>\n<meta name=\"author\" content=\"Maria Bonatto\" \/>\n<meta name=\"twitter:card\" content=\"summary_large_image\" \/>\n<meta name=\"twitter:label1\" content=\"Escrito por\" \/>\n\t<meta name=\"twitter:data1\" content=\"Maria Bonatto\" \/>\n\t<meta name=\"twitter:label2\" content=\"Est. tempo de leitura\" \/>\n\t<meta name=\"twitter:data2\" content=\"5 minutos\" \/>\n<script type=\"application\/ld+json\" class=\"yoast-schema-graph\">{\"@context\":\"https:\\\/\\\/schema.org\",\"@graph\":[{\"@type\":\"Article\",\"@id\":\"https:\\\/\\\/jornalboasnoticias.com.br\\\/home\\\/revitalizacao-da-usf-de-sao-salvador-amplia-atendimento-a-populacao-rural-de-cascavel\\\/#article\",\"isPartOf\":{\"@id\":\"https:\\\/\\\/jornalboasnoticias.com.br\\\/home\\\/revitalizacao-da-usf-de-sao-salvador-amplia-atendimento-a-populacao-rural-de-cascavel\\\/\"},\"author\":{\"name\":\"Maria Bonatto\",\"@id\":\"https:\\\/\\\/jornalboasnoticias.com.br\\\/home\\\/#\\\/schema\\\/person\\\/71a4be4d1685617d6d00f15f0f2952ee\"},\"headline\":\"Revitaliza\u00e7\u00e3o da USF de S\u00e3o Salvador amplia atendimento \u00e0 popula\u00e7\u00e3o rural de Cascavel\",\"datePublished\":\"2024-06-18T17:56:03+00:00\",\"mainEntityOfPage\":{\"@id\":\"https:\\\/\\\/jornalboasnoticias.com.br\\\/home\\\/revitalizacao-da-usf-de-sao-salvador-amplia-atendimento-a-populacao-rural-de-cascavel\\\/\"},\"wordCount\":945,\"commentCount\":0,\"publisher\":{\"@id\":\"https:\\\/\\\/jornalboasnoticias.com.br\\\/home\\\/#organization\"},\"image\":{\"@id\":\"https:\\\/\\\/jornalboasnoticias.com.br\\\/home\\\/revitalizacao-da-usf-de-sao-salvador-amplia-atendimento-a-populacao-rural-de-cascavel\\\/#primaryimage\"},\"thumbnailUrl\":\"https:\\\/\\\/jornalboasnoticias.com.br\\\/home\\\/wp-content\\\/uploads\\\/2024\\\/06\\\/IMG_4262.jpeg\",\"articleSection\":[\"CASCAVEL\",\"DESTAQUE\"],\"inLanguage\":\"pt-BR\",\"potentialAction\":[{\"@type\":\"CommentAction\",\"name\":\"Comment\",\"target\":[\"https:\\\/\\\/jornalboasnoticias.com.br\\\/home\\\/revitalizacao-da-usf-de-sao-salvador-amplia-atendimento-a-populacao-rural-de-cascavel\\\/#respond\"]}]},{\"@type\":\"WebPage\",\"@id\":\"https:\\\/\\\/jornalboasnoticias.com.br\\\/home\\\/revitalizacao-da-usf-de-sao-salvador-amplia-atendimento-a-populacao-rural-de-cascavel\\\/\",\"url\":\"https:\\\/\\\/jornalboasnoticias.com.br\\\/home\\\/revitalizacao-da-usf-de-sao-salvador-amplia-atendimento-a-populacao-rural-de-cascavel\\\/\",\"name\":\"Revitaliza\u00e7\u00e3o da USF de S\u00e3o Salvador amplia atendimento \u00e0 popula\u00e7\u00e3o rural de Cascavel - Jornal\",\"isPartOf\":{\"@id\":\"https:\\\/\\\/jornalboasnoticias.com.br\\\/home\\\/#website\"},\"primaryImageOfPage\":{\"@id\":\"https:\\\/\\\/jornalboasnoticias.com.br\\\/home\\\/revitalizacao-da-usf-de-sao-salvador-amplia-atendimento-a-populacao-rural-de-cascavel\\\/#primaryimage\"},\"image\":{\"@id\":\"https:\\\/\\\/jornalboasnoticias.com.br\\\/home\\\/revitalizacao-da-usf-de-sao-salvador-amplia-atendimento-a-populacao-rural-de-cascavel\\\/#primaryimage\"},\"thumbnailUrl\":\"https:\\\/\\\/jornalboasnoticias.com.br\\\/home\\\/wp-content\\\/uploads\\\/2024\\\/06\\\/IMG_4262.jpeg\",\"datePublished\":\"2024-06-18T17:56:03+00:00\",\"description\":\"Revitaliza\u00e7\u00e3o da USF de S\u00e3o Salvador amplia atendimento \u00e0 popula\u00e7\u00e3o rural de Cascavel\",\"breadcrumb\":{\"@id\":\"https:\\\/\\\/jornalboasnoticias.com.br\\\/home\\\/revitalizacao-da-usf-de-sao-salvador-amplia-atendimento-a-populacao-rural-de-cascavel\\\/#breadcrumb\"},\"inLanguage\":\"pt-BR\",\"potentialAction\":[{\"@type\":\"ReadAction\",\"target\":[\"https:\\\/\\\/jornalboasnoticias.com.br\\\/home\\\/revitalizacao-da-usf-de-sao-salvador-amplia-atendimento-a-populacao-rural-de-cascavel\\\/\"]}]},{\"@type\":\"ImageObject\",\"inLanguage\":\"pt-BR\",\"@id\":\"https:\\\/\\\/jornalboasnoticias.com.br\\\/home\\\/revitalizacao-da-usf-de-sao-salvador-amplia-atendimento-a-populacao-rural-de-cascavel\\\/#primaryimage\",\"url\":\"https:\\\/\\\/jornalboasnoticias.com.br\\\/home\\\/wp-content\\\/uploads\\\/2024\\\/06\\\/IMG_4262.jpeg\",\"contentUrl\":\"https:\\\/\\\/jornalboasnoticias.com.br\\\/home\\\/wp-content\\\/uploads\\\/2024\\\/06\\\/IMG_4262.jpeg\",\"width\":1024,\"height\":682,\"caption\":\"Divulga\u00e7\u00e3o\"},{\"@type\":\"BreadcrumbList\",\"@id\":\"https:\\\/\\\/jornalboasnoticias.com.br\\\/home\\\/revitalizacao-da-usf-de-sao-salvador-amplia-atendimento-a-populacao-rural-de-cascavel\\\/#breadcrumb\",\"itemListElement\":[{\"@type\":\"ListItem\",\"position\":1,\"name\":\"In\u00edcio\",\"item\":\"https:\\\/\\\/jornalboasnoticias.com.br\\\/home\\\/\"},{\"@type\":\"ListItem\",\"position\":2,\"name\":\"Revitaliza\u00e7\u00e3o da USF de S\u00e3o Salvador amplia atendimento \u00e0 popula\u00e7\u00e3o rural de Cascavel\"}]},{\"@type\":\"WebSite\",\"@id\":\"https:\\\/\\\/jornalboasnoticias.com.br\\\/home\\\/#website\",\"url\":\"https:\\\/\\\/jornalboasnoticias.com.br\\\/home\\\/\",\"name\":\"Jornal Boas Not\u00edcias\",\"description\":\"Boas not\u00edcias\",\"publisher\":{\"@id\":\"https:\\\/\\\/jornalboasnoticias.com.br\\\/home\\\/#organization\"},\"potentialAction\":[{\"@type\":\"SearchAction\",\"target\":{\"@type\":\"EntryPoint\",\"urlTemplate\":\"https:\\\/\\\/jornalboasnoticias.com.br\\\/home\\\/?s={search_term_string}\"},\"query-input\":{\"@type\":\"PropertyValueSpecification\",\"valueRequired\":true,\"valueName\":\"search_term_string\"}}],\"inLanguage\":\"pt-BR\"},{\"@type\":\"Organization\",\"@id\":\"https:\\\/\\\/jornalboasnoticias.com.br\\\/home\\\/#organization\",\"name\":\"Coq Editora Ltda\",\"alternateName\":\"Jornal Boas Noticias\",\"url\":\"https:\\\/\\\/jornalboasnoticias.com.br\\\/home\\\/\",\"logo\":{\"@type\":\"ImageObject\",\"inLanguage\":\"pt-BR\",\"@id\":\"https:\\\/\\\/jornalboasnoticias.com.br\\\/home\\\/#\\\/schema\\\/logo\\\/image\\\/\",\"url\":\"https:\\\/\\\/jornalboasnoticias.com.br\\\/home\\\/wp-content\\\/uploads\\\/2024\\\/07\\\/cropped-logo.jpg\",\"contentUrl\":\"https:\\\/\\\/jornalboasnoticias.com.br\\\/home\\\/wp-content\\\/uploads\\\/2024\\\/07\\\/cropped-logo.jpg\",\"width\":290,\"height\":142,\"caption\":\"Coq Editora Ltda\"},\"image\":{\"@id\":\"https:\\\/\\\/jornalboasnoticias.com.br\\\/home\\\/#\\\/schema\\\/logo\\\/image\\\/\"},\"sameAs\":[\"https:\\\/\\\/www.facebook.com\\\/boasnoticiasjornal\"]},{\"@type\":\"Person\",\"@id\":\"https:\\\/\\\/jornalboasnoticias.com.br\\\/home\\\/#\\\/schema\\\/person\\\/71a4be4d1685617d6d00f15f0f2952ee\",\"name\":\"Maria Bonatto\",\"image\":{\"@type\":\"ImageObject\",\"inLanguage\":\"pt-BR\",\"@id\":\"https:\\\/\\\/secure.gravatar.com\\\/avatar\\\/61bdbd92f7d53dd2fedfe556279602d97507ae906fdeb9624602488dcdcd042f?s=96&d=mm&r=g\",\"url\":\"https:\\\/\\\/secure.gravatar.com\\\/avatar\\\/61bdbd92f7d53dd2fedfe556279602d97507ae906fdeb9624602488dcdcd042f?s=96&d=mm&r=g\",\"contentUrl\":\"https:\\\/\\\/secure.gravatar.com\\\/avatar\\\/61bdbd92f7d53dd2fedfe556279602d97507ae906fdeb9624602488dcdcd042f?s=96&d=mm&r=g\",\"caption\":\"Maria Bonatto\"},\"url\":\"https:\\\/\\\/jornalboasnoticias.com.br\\\/home\\\/author\\\/ana-bonatto\\\/\"}]}<\/script>\n<!-- \/ Yoast SEO plugin. -->","yoast_head_json":{"title":"Revitaliza\u00e7\u00e3o da USF de S\u00e3o Salvador amplia atendimento \u00e0 popula\u00e7\u00e3o rural de Cascavel - Jornal","description":"Revitaliza\u00e7\u00e3o da USF de S\u00e3o Salvador amplia atendimento \u00e0 popula\u00e7\u00e3o rural de Cascavel","robots":{"index":"index","follow":"follow","max-snippet":"max-snippet:-1","max-image-preview":"max-image-preview:large","max-video-preview":"max-video-preview:-1"},"canonical":"https:\/\/jornalboasnoticias.com.br\/home\/revitalizacao-da-usf-de-sao-salvador-amplia-atendimento-a-populacao-rural-de-cascavel\/","og_locale":"pt_BR","og_type":"article","og_title":"Revitaliza\u00e7\u00e3o da USF de S\u00e3o Salvador amplia atendimento \u00e0 popula\u00e7\u00e3o rural de Cascavel - Jornal","og_description":"Revitaliza\u00e7\u00e3o da USF de S\u00e3o Salvador amplia atendimento \u00e0 popula\u00e7\u00e3o rural de Cascavel","og_url":"https:\/\/jornalboasnoticias.com.br\/home\/revitalizacao-da-usf-de-sao-salvador-amplia-atendimento-a-populacao-rural-de-cascavel\/","og_site_name":"Jornal","article_publisher":"https:\/\/www.facebook.com\/boasnoticiasjornal","article_published_time":"2024-06-18T17:56:03+00:00","og_image":[{"width":1024,"height":682,"url":"https:\/\/jornalboasnoticias.com.br\/home\/wp-content\/uploads\/2024\/06\/IMG_4262.jpeg","type":"image\/jpeg"}],"author":"Maria Bonatto","twitter_card":"summary_large_image","twitter_misc":{"Escrito por":"Maria Bonatto","Est. tempo de leitura":"5 minutos"},"schema":{"@context":"https:\/\/schema.org","@graph":[{"@type":"Article","@id":"https:\/\/jornalboasnoticias.com.br\/home\/revitalizacao-da-usf-de-sao-salvador-amplia-atendimento-a-populacao-rural-de-cascavel\/#article","isPartOf":{"@id":"https:\/\/jornalboasnoticias.com.br\/home\/revitalizacao-da-usf-de-sao-salvador-amplia-atendimento-a-populacao-rural-de-cascavel\/"},"author":{"name":"Maria Bonatto","@id":"https:\/\/jornalboasnoticias.com.br\/home\/#\/schema\/person\/71a4be4d1685617d6d00f15f0f2952ee"},"headline":"Revitaliza\u00e7\u00e3o da USF de S\u00e3o Salvador amplia atendimento \u00e0 popula\u00e7\u00e3o rural de Cascavel","datePublished":"2024-06-18T17:56:03+00:00","mainEntityOfPage":{"@id":"https:\/\/jornalboasnoticias.com.br\/home\/revitalizacao-da-usf-de-sao-salvador-amplia-atendimento-a-populacao-rural-de-cascavel\/"},"wordCount":945,"commentCount":0,"publisher":{"@id":"https:\/\/jornalboasnoticias.com.br\/home\/#organization"},"image":{"@id":"https:\/\/jornalboasnoticias.com.br\/home\/revitalizacao-da-usf-de-sao-salvador-amplia-atendimento-a-populacao-rural-de-cascavel\/#primaryimage"},"thumbnailUrl":"https:\/\/jornalboasnoticias.com.br\/home\/wp-content\/uploads\/2024\/06\/IMG_4262.jpeg","articleSection":["CASCAVEL","DESTAQUE"],"inLanguage":"pt-BR","potentialAction":[{"@type":"CommentAction","name":"Comment","target":["https:\/\/jornalboasnoticias.com.br\/home\/revitalizacao-da-usf-de-sao-salvador-amplia-atendimento-a-populacao-rural-de-cascavel\/#respond"]}]},{"@type":"WebPage","@id":"https:\/\/jornalboasnoticias.com.br\/home\/revitalizacao-da-usf-de-sao-salvador-amplia-atendimento-a-populacao-rural-de-cascavel\/","url":"https:\/\/jornalboasnoticias.com.br\/home\/revitalizacao-da-usf-de-sao-salvador-amplia-atendimento-a-populacao-rural-de-cascavel\/","name":"Revitaliza\u00e7\u00e3o da USF de S\u00e3o Salvador amplia atendimento \u00e0 popula\u00e7\u00e3o rural de Cascavel - Jornal","isPartOf":{"@id":"https:\/\/jornalboasnoticias.com.br\/home\/#website"},"primaryImageOfPage":{"@id":"https:\/\/jornalboasnoticias.com.br\/home\/revitalizacao-da-usf-de-sao-salvador-amplia-atendimento-a-populacao-rural-de-cascavel\/#primaryimage"},"image":{"@id":"https:\/\/jornalboasnoticias.com.br\/home\/revitalizacao-da-usf-de-sao-salvador-amplia-atendimento-a-populacao-rural-de-cascavel\/#primaryimage"},"thumbnailUrl":"https:\/\/jornalboasnoticias.com.br\/home\/wp-content\/uploads\/2024\/06\/IMG_4262.jpeg","datePublished":"2024-06-18T17:56:03+00:00","description":"Revitaliza\u00e7\u00e3o da USF de S\u00e3o Salvador amplia atendimento \u00e0 popula\u00e7\u00e3o rural de Cascavel","breadcrumb":{"@id":"https:\/\/jornalboasnoticias.com.br\/home\/revitalizacao-da-usf-de-sao-salvador-amplia-atendimento-a-populacao-rural-de-cascavel\/#breadcrumb"},"inLanguage":"pt-BR","potentialAction":[{"@type":"ReadAction","target":["https:\/\/jornalboasnoticias.com.br\/home\/revitalizacao-da-usf-de-sao-salvador-amplia-atendimento-a-populacao-rural-de-cascavel\/"]}]},{"@type":"ImageObject","inLanguage":"pt-BR","@id":"https:\/\/jornalboasnoticias.com.br\/home\/revitalizacao-da-usf-de-sao-salvador-amplia-atendimento-a-populacao-rural-de-cascavel\/#primaryimage","url":"https:\/\/jornalboasnoticias.com.br\/home\/wp-content\/uploads\/2024\/06\/IMG_4262.jpeg","contentUrl":"https:\/\/jornalboasnoticias.com.br\/home\/wp-content\/uploads\/2024\/06\/IMG_4262.jpeg","width":1024,"height":682,"caption":"Divulga\u00e7\u00e3o"},{"@type":"BreadcrumbList","@id":"https:\/\/jornalboasnoticias.com.br\/home\/revitalizacao-da-usf-de-sao-salvador-amplia-atendimento-a-populacao-rural-de-cascavel\/#breadcrumb","itemListElement":[{"@type":"ListItem","position":1,"name":"In\u00edcio","item":"https:\/\/jornalboasnoticias.com.br\/home\/"},{"@type":"ListItem","position":2,"name":"Revitaliza\u00e7\u00e3o da USF de S\u00e3o Salvador amplia atendimento \u00e0 popula\u00e7\u00e3o rural de Cascavel"}]},{"@type":"WebSite","@id":"https:\/\/jornalboasnoticias.com.br\/home\/#website","url":"https:\/\/jornalboasnoticias.com.br\/home\/","name":"Jornal Boas Not\u00edcias","description":"Boas not\u00edcias","publisher":{"@id":"https:\/\/jornalboasnoticias.com.br\/home\/#organization"},"potentialAction":[{"@type":"SearchAction","target":{"@type":"EntryPoint","urlTemplate":"https:\/\/jornalboasnoticias.com.br\/home\/?s={search_term_string}"},"query-input":{"@type":"PropertyValueSpecification","valueRequired":true,"valueName":"search_term_string"}}],"inLanguage":"pt-BR"},{"@type":"Organization","@id":"https:\/\/jornalboasnoticias.com.br\/home\/#organization","name":"Coq Editora Ltda","alternateName":"Jornal Boas Noticias","url":"https:\/\/jornalboasnoticias.com.br\/home\/","logo":{"@type":"ImageObject","inLanguage":"pt-BR","@id":"https:\/\/jornalboasnoticias.com.br\/home\/#\/schema\/logo\/image\/","url":"https:\/\/jornalboasnoticias.com.br\/home\/wp-content\/uploads\/2024\/07\/cropped-logo.jpg","contentUrl":"https:\/\/jornalboasnoticias.com.br\/home\/wp-content\/uploads\/2024\/07\/cropped-logo.jpg","width":290,"height":142,"caption":"Coq Editora Ltda"},"image":{"@id":"https:\/\/jornalboasnoticias.com.br\/home\/#\/schema\/logo\/image\/"},"sameAs":["https:\/\/www.facebook.com\/boasnoticiasjornal"]},{"@type":"Person","@id":"https:\/\/jornalboasnoticias.com.br\/home\/#\/schema\/person\/71a4be4d1685617d6d00f15f0f2952ee","name":"Maria Bonatto","image":{"@type":"ImageObject","inLanguage":"pt-BR","@id":"https:\/\/secure.gravatar.com\/avatar\/61bdbd92f7d53dd2fedfe556279602d97507ae906fdeb9624602488dcdcd042f?s=96&d=mm&r=g","url":"https:\/\/secure.gravatar.com\/avatar\/61bdbd92f7d53dd2fedfe556279602d97507ae906fdeb9624602488dcdcd042f?s=96&d=mm&r=g","contentUrl":"https:\/\/secure.gravatar.com\/avatar\/61bdbd92f7d53dd2fedfe556279602d97507ae906fdeb9624602488dcdcd042f?s=96&d=mm&r=g","caption":"Maria Bonatto"},"url":"https:\/\/jornalboasnoticias.com.br\/home\/author\/ana-bonatto\/"}]}},"_links":{"self":[{"href":"https:\/\/jornalboasnoticias.com.br\/home\/wp-json\/wp\/v2\/posts\/42919","targetHints":{"allow":["GET"]}}],"collection":[{"href":"https:\/\/jornalboasnoticias.com.br\/home\/wp-json\/wp\/v2\/posts"}],"about":[{"href":"https:\/\/jornalboasnoticias.com.br\/home\/wp-json\/wp\/v2\/types\/post"}],"author":[{"embeddable":true,"href":"https:\/\/jornalboasnoticias.com.br\/home\/wp-json\/wp\/v2\/users\/2"}],"replies":[{"embeddable":true,"href":"https:\/\/jornalboasnoticias.com.br\/home\/wp-json\/wp\/v2\/comments?post=42919"}],"version-history":[{"count":0,"href":"https:\/\/jornalboasnoticias.com.br\/home\/wp-json\/wp\/v2\/posts\/42919\/revisions"}],"wp:featuredmedia":[{"embeddable":true,"href":"https:\/\/jornalboasnoticias.com.br\/home\/wp-json\/wp\/v2\/media\/42920"}],"wp:attachment":[{"href":"https:\/\/jornalboasnoticias.com.br\/home\/wp-json\/wp\/v2\/media?parent=42919"}],"wp:term":[{"taxonomy":"category","embeddable":true,"href":"https:\/\/jornalboasnoticias.com.br\/home\/wp-json\/wp\/v2\/categories?post=42919"},{"taxonomy":"post_tag","embeddable":true,"href":"https:\/\/jornalboasnoticias.com.br\/home\/wp-json\/wp\/v2\/tags?post=42919"}],"curies":[{"name":"wp","href":"https:\/\/api.w.org\/{rel}","templated":true}]}}