{"id":42913,"date":"2024-06-14T15:04:31","date_gmt":"2024-06-14T18:04:31","guid":{"rendered":"https:\/\/www.jornalboasnoticias.com.br\/?p=42913"},"modified":"2024-06-14T15:04:31","modified_gmt":"2024-06-14T18:04:31","slug":"justica-social-em-um-mes-12-mil-novas-isencoes-de-iptu-foram-concedidas-a-familias-em-cascavel","status":"publish","type":"post","link":"https:\/\/jornalboasnoticias.com.br\/home\/justica-social-em-um-mes-12-mil-novas-isencoes-de-iptu-foram-concedidas-a-familias-em-cascavel\/","title":{"rendered":"JUSTI\u00c7A SOCIAL: EM UM M\u00caS, 1,2 MIL NOVAS ISEN\u00c7\u00d5ES DE IPTU FORAM CONCEDIDAS A FAM\u00cdLIAS EM CASCAVEL"},"content":{"rendered":"<blockquote><p>No munic\u00edpio, mais de 8,5 mil fam\u00edlias j\u00e1 t\u00eam esse direito garantido automaticamente. Quer saber se voc\u00ea se encaixa no perfil? Confira<\/p><\/blockquote>\n<figure id=\"attachment_32202\" aria-describedby=\"caption-attachment-32202\" style=\"width: 600px\" class=\"wp-caption aligncenter\"><img loading=\"lazy\" decoding=\"async\" class=\"wp-image-32202 size-full\" src=\"https:\/\/jornalboasnoticias.com.br\/home\/wp-content\/uploads\/2023\/01\/E53171E8-2AB6-4249-B8EA-72400AE7713B-e1672681617746.jpeg\" alt=\"\" width=\"600\" height=\"400\" srcset=\"https:\/\/jornalboasnoticias.com.br\/home\/wp-content\/uploads\/2023\/01\/E53171E8-2AB6-4249-B8EA-72400AE7713B-e1672681617746.jpeg 600w, https:\/\/jornalboasnoticias.com.br\/home\/wp-content\/uploads\/2023\/01\/E53171E8-2AB6-4249-B8EA-72400AE7713B-e1672681617746-300x200.jpeg 300w\" sizes=\"auto, (max-width: 600px) 100vw, 600px\" \/><figcaption id=\"caption-attachment-32202\" class=\"wp-caption-text\">Vanderlei Faria\/Secom<\/figcaption><\/figure>\n<p>Com foco na justi\u00e7a social, a Prefeitura de Cascavel concede de forma autom\u00e1tica a isen\u00e7\u00e3o do IPTU (Imposto Predial e Territorial Urbano) a 8.583 fam\u00edlias de baixa renda, que j\u00e1 est\u00e3o cadastradas no sistema do Munic\u00edpio. E todo ano esse banco de dados \u00e9 atualizado. Desde o dia 15 de maio, est\u00e1 aberto o prazo para o processo de solicitar essa isen\u00e7\u00e3o, e um m\u00eas, 1,2 mil j\u00e1 garantiram a solicita\u00e7\u00e3o e n\u00e3o v\u00e3o precisar pagar o imposto. Dessa forma, em Cascavel s\u00e3o cerca de 10 mil fam\u00edlias com a isen\u00e7\u00e3o assegurada.<\/p>\n<p>O prazo para o pedido segue aberto at\u00e9 o dia 30 de setembro. Os cascavelenses que t\u00eam direito ao benef\u00edcio poder\u00e3o fazer de forma online, no link <a href=\"https:\/\/cascavel.atende.net\/autoatendimento\/servicos\/e-isencao-de-iptu-lixo-e-desastres-pessoa-fisica-inclusa-no-cadastro-unico\" target=\"_blank\" rel=\"noopener\">https:\/\/cascavel.atende.net\/autoatendimento\/servicos\/e-isencao-de-iptu-lixo-e-desastres-pessoa-fisica-inclusa-no-cadastro-unico<\/a>.<\/p>\n<p>Os contribuintes tamb\u00e9m poder\u00e3o fazer o atendimento presencial na Prefeitura, de segunda a sexta-feira, das 8h30 \u00e0s 12h e das 13h30 \u00e0s 16h. Diariamente, a m\u00e9dia tem sido de 80 atendimentos.<\/p>\n<p>A estimativa da Secretaria de Finan\u00e7as \u00e9 que sejam abertos este ano 2,2 mil protocolos com pedidos de isen\u00e7\u00e3o.\u00a0Os requisitos para iniciar o processo s\u00e3o: ter renda familiar de at\u00e9 dois sal\u00e1rios m\u00ednimos, estar inscrito no Cadastro \u00danico Federal, possuir apenas um im\u00f3vel e residir nele.<\/p>\n<p>Os solicitantes da isen\u00e7\u00e3o devem trazer os seguintes documentos: RG, CPF do requerente, folha resumo do Cadastro \u00danico do governo federal (retirar no Cras) e documento que comprove propriedade ou usufruto do im\u00f3vel a ser isento, ou seja, matr\u00edcula, escritura ou contrato de compra e venda. Em caso de isen\u00e7\u00e3o para filhos de pais falecidos, \u00e9 preciso trazer a certid\u00e3o de \u00f3bito e procura\u00e7\u00e3o, se vier representante para pedir a isen\u00e7\u00e3o (retirar na prefeitura ou site da prefeitura).<\/p>\n<p>As isen\u00e7\u00f5es s\u00e3o aplicadas para o IPTU, Taxa de Desastres e Coleta de Lixo referente \u00a0o im\u00f3vel onde reside o contribuinte beneficiado com a isen\u00e7\u00e3o.<\/p>\n<p>De acordo com a Secretaria de Finan\u00e7as, Cascavel j\u00e1 arrecadou cerca de R$ 103 milh\u00f5es com o IPTU este ano. O valor ser\u00e1 utilizado em investimentos no Munic\u00edpio para melhorar a vida dos cascavelenses.<\/p>\n<p><em>Assessoria Prefeitura de Cascavel\u00a0<\/em><\/p>\n","protected":false},"excerpt":{"rendered":"<p>No munic\u00edpio, mais de 8,5 mil fam\u00edlias j\u00e1 t\u00eam esse direito garantido automaticamente. Quer saber<\/p>\n","protected":false},"author":2,"featured_media":32202,"comment_status":"open","ping_status":"open","sticky":false,"template":"","format":"standard","meta":{"footnotes":""},"categories":[2,3],"tags":[],"class_list":["post-42913","post","type-post","status-publish","format-standard","has-post-thumbnail","hentry","category-cascavel","category-destaques"],"yoast_head":"<!-- This site is optimized with the Yoast SEO plugin v27.5 - https:\/\/yoast.com\/product\/yoast-seo-wordpress\/ -->\n<title>JUSTI\u00c7A SOCIAL: EM UM M\u00caS, 1,2 MIL NOVAS ISEN\u00c7\u00d5ES DE IPTU FORAM CONCEDIDAS A FAM\u00cdLIAS EM CASCAVEL - Jornal<\/title>\n<meta name=\"description\" content=\"JUSTI\u00c7A SOCIAL: EM UM M\u00caS, 1,2 MIL NOVAS ISEN\u00c7\u00d5ES DE IPTU FORAM CONCEDIDAS A FAM\u00cdLIAS EM CASCAVEL\" \/>\n<meta name=\"robots\" content=\"index, follow, max-snippet:-1, max-image-preview:large, max-video-preview:-1\" \/>\n<link rel=\"canonical\" href=\"https:\/\/jornalboasnoticias.com.br\/home\/justica-social-em-um-mes-12-mil-novas-isencoes-de-iptu-foram-concedidas-a-familias-em-cascavel\/\" \/>\n<meta property=\"og:locale\" content=\"pt_BR\" \/>\n<meta property=\"og:type\" content=\"article\" \/>\n<meta property=\"og:title\" content=\"JUSTI\u00c7A SOCIAL: EM UM M\u00caS, 1,2 MIL NOVAS ISEN\u00c7\u00d5ES DE IPTU FORAM CONCEDIDAS A FAM\u00cdLIAS EM CASCAVEL - Jornal\" \/>\n<meta property=\"og:description\" content=\"JUSTI\u00c7A SOCIAL: EM UM M\u00caS, 1,2 MIL NOVAS ISEN\u00c7\u00d5ES DE IPTU FORAM CONCEDIDAS A FAM\u00cdLIAS EM CASCAVEL\" \/>\n<meta property=\"og:url\" content=\"https:\/\/jornalboasnoticias.com.br\/home\/justica-social-em-um-mes-12-mil-novas-isencoes-de-iptu-foram-concedidas-a-familias-em-cascavel\/\" \/>\n<meta property=\"og:site_name\" content=\"Jornal\" \/>\n<meta property=\"article:publisher\" content=\"https:\/\/www.facebook.com\/boasnoticiasjornal\" \/>\n<meta property=\"article:published_time\" content=\"2024-06-14T18:04:31+00:00\" \/>\n<meta property=\"og:image\" content=\"https:\/\/jornalboasnoticias.com.br\/home\/wp-content\/uploads\/2023\/01\/E53171E8-2AB6-4249-B8EA-72400AE7713B-e1672681617746.jpeg\" \/>\n\t<meta property=\"og:image:width\" content=\"600\" \/>\n\t<meta property=\"og:image:height\" content=\"400\" \/>\n\t<meta property=\"og:image:type\" content=\"image\/jpeg\" \/>\n<meta name=\"author\" content=\"Maria Bonatto\" \/>\n<meta name=\"twitter:card\" content=\"summary_large_image\" \/>\n<meta name=\"twitter:label1\" content=\"Escrito por\" \/>\n\t<meta name=\"twitter:data1\" content=\"Maria Bonatto\" \/>\n\t<meta name=\"twitter:label2\" content=\"Est. tempo de leitura\" \/>\n\t<meta name=\"twitter:data2\" content=\"2 minutos\" \/>\n<script type=\"application\/ld+json\" class=\"yoast-schema-graph\">{\"@context\":\"https:\\\/\\\/schema.org\",\"@graph\":[{\"@type\":\"Article\",\"@id\":\"https:\\\/\\\/jornalboasnoticias.com.br\\\/home\\\/justica-social-em-um-mes-12-mil-novas-isencoes-de-iptu-foram-concedidas-a-familias-em-cascavel\\\/#article\",\"isPartOf\":{\"@id\":\"https:\\\/\\\/jornalboasnoticias.com.br\\\/home\\\/justica-social-em-um-mes-12-mil-novas-isencoes-de-iptu-foram-concedidas-a-familias-em-cascavel\\\/\"},\"author\":{\"name\":\"Maria Bonatto\",\"@id\":\"https:\\\/\\\/jornalboasnoticias.com.br\\\/home\\\/#\\\/schema\\\/person\\\/71a4be4d1685617d6d00f15f0f2952ee\"},\"headline\":\"JUSTI\u00c7A SOCIAL: EM UM M\u00caS, 1,2 MIL NOVAS ISEN\u00c7\u00d5ES DE IPTU FORAM CONCEDIDAS A FAM\u00cdLIAS EM CASCAVEL\",\"datePublished\":\"2024-06-14T18:04:31+00:00\",\"mainEntityOfPage\":{\"@id\":\"https:\\\/\\\/jornalboasnoticias.com.br\\\/home\\\/justica-social-em-um-mes-12-mil-novas-isencoes-de-iptu-foram-concedidas-a-familias-em-cascavel\\\/\"},\"wordCount\":428,\"commentCount\":0,\"publisher\":{\"@id\":\"https:\\\/\\\/jornalboasnoticias.com.br\\\/home\\\/#organization\"},\"image\":{\"@id\":\"https:\\\/\\\/jornalboasnoticias.com.br\\\/home\\\/justica-social-em-um-mes-12-mil-novas-isencoes-de-iptu-foram-concedidas-a-familias-em-cascavel\\\/#primaryimage\"},\"thumbnailUrl\":\"https:\\\/\\\/jornalboasnoticias.com.br\\\/home\\\/wp-content\\\/uploads\\\/2023\\\/01\\\/E53171E8-2AB6-4249-B8EA-72400AE7713B-e1672681617746.jpeg\",\"articleSection\":[\"CASCAVEL\",\"DESTAQUE\"],\"inLanguage\":\"pt-BR\",\"potentialAction\":[{\"@type\":\"CommentAction\",\"name\":\"Comment\",\"target\":[\"https:\\\/\\\/jornalboasnoticias.com.br\\\/home\\\/justica-social-em-um-mes-12-mil-novas-isencoes-de-iptu-foram-concedidas-a-familias-em-cascavel\\\/#respond\"]}]},{\"@type\":\"WebPage\",\"@id\":\"https:\\\/\\\/jornalboasnoticias.com.br\\\/home\\\/justica-social-em-um-mes-12-mil-novas-isencoes-de-iptu-foram-concedidas-a-familias-em-cascavel\\\/\",\"url\":\"https:\\\/\\\/jornalboasnoticias.com.br\\\/home\\\/justica-social-em-um-mes-12-mil-novas-isencoes-de-iptu-foram-concedidas-a-familias-em-cascavel\\\/\",\"name\":\"JUSTI\u00c7A SOCIAL: EM UM M\u00caS, 1,2 MIL NOVAS ISEN\u00c7\u00d5ES DE IPTU FORAM CONCEDIDAS A FAM\u00cdLIAS EM CASCAVEL - Jornal\",\"isPartOf\":{\"@id\":\"https:\\\/\\\/jornalboasnoticias.com.br\\\/home\\\/#website\"},\"primaryImageOfPage\":{\"@id\":\"https:\\\/\\\/jornalboasnoticias.com.br\\\/home\\\/justica-social-em-um-mes-12-mil-novas-isencoes-de-iptu-foram-concedidas-a-familias-em-cascavel\\\/#primaryimage\"},\"image\":{\"@id\":\"https:\\\/\\\/jornalboasnoticias.com.br\\\/home\\\/justica-social-em-um-mes-12-mil-novas-isencoes-de-iptu-foram-concedidas-a-familias-em-cascavel\\\/#primaryimage\"},\"thumbnailUrl\":\"https:\\\/\\\/jornalboasnoticias.com.br\\\/home\\\/wp-content\\\/uploads\\\/2023\\\/01\\\/E53171E8-2AB6-4249-B8EA-72400AE7713B-e1672681617746.jpeg\",\"datePublished\":\"2024-06-14T18:04:31+00:00\",\"description\":\"JUSTI\u00c7A SOCIAL: EM UM M\u00caS, 1,2 MIL NOVAS ISEN\u00c7\u00d5ES DE IPTU FORAM CONCEDIDAS A FAM\u00cdLIAS EM CASCAVEL\",\"breadcrumb\":{\"@id\":\"https:\\\/\\\/jornalboasnoticias.com.br\\\/home\\\/justica-social-em-um-mes-12-mil-novas-isencoes-de-iptu-foram-concedidas-a-familias-em-cascavel\\\/#breadcrumb\"},\"inLanguage\":\"pt-BR\",\"potentialAction\":[{\"@type\":\"ReadAction\",\"target\":[\"https:\\\/\\\/jornalboasnoticias.com.br\\\/home\\\/justica-social-em-um-mes-12-mil-novas-isencoes-de-iptu-foram-concedidas-a-familias-em-cascavel\\\/\"]}]},{\"@type\":\"ImageObject\",\"inLanguage\":\"pt-BR\",\"@id\":\"https:\\\/\\\/jornalboasnoticias.com.br\\\/home\\\/justica-social-em-um-mes-12-mil-novas-isencoes-de-iptu-foram-concedidas-a-familias-em-cascavel\\\/#primaryimage\",\"url\":\"https:\\\/\\\/jornalboasnoticias.com.br\\\/home\\\/wp-content\\\/uploads\\\/2023\\\/01\\\/E53171E8-2AB6-4249-B8EA-72400AE7713B-e1672681617746.jpeg\",\"contentUrl\":\"https:\\\/\\\/jornalboasnoticias.com.br\\\/home\\\/wp-content\\\/uploads\\\/2023\\\/01\\\/E53171E8-2AB6-4249-B8EA-72400AE7713B-e1672681617746.jpeg\",\"width\":600,\"height\":400,\"caption\":\"Vanderlei Faria\\\/Secom\"},{\"@type\":\"BreadcrumbList\",\"@id\":\"https:\\\/\\\/jornalboasnoticias.com.br\\\/home\\\/justica-social-em-um-mes-12-mil-novas-isencoes-de-iptu-foram-concedidas-a-familias-em-cascavel\\\/#breadcrumb\",\"itemListElement\":[{\"@type\":\"ListItem\",\"position\":1,\"name\":\"In\u00edcio\",\"item\":\"https:\\\/\\\/jornalboasnoticias.com.br\\\/home\\\/\"},{\"@type\":\"ListItem\",\"position\":2,\"name\":\"JUSTI\u00c7A SOCIAL: EM UM M\u00caS, 1,2 MIL NOVAS ISEN\u00c7\u00d5ES DE IPTU FORAM CONCEDIDAS A FAM\u00cdLIAS EM CASCAVEL\"}]},{\"@type\":\"WebSite\",\"@id\":\"https:\\\/\\\/jornalboasnoticias.com.br\\\/home\\\/#website\",\"url\":\"https:\\\/\\\/jornalboasnoticias.com.br\\\/home\\\/\",\"name\":\"Jornal Boas Not\u00edcias\",\"description\":\"Boas not\u00edcias\",\"publisher\":{\"@id\":\"https:\\\/\\\/jornalboasnoticias.com.br\\\/home\\\/#organization\"},\"potentialAction\":[{\"@type\":\"SearchAction\",\"target\":{\"@type\":\"EntryPoint\",\"urlTemplate\":\"https:\\\/\\\/jornalboasnoticias.com.br\\\/home\\\/?s={search_term_string}\"},\"query-input\":{\"@type\":\"PropertyValueSpecification\",\"valueRequired\":true,\"valueName\":\"search_term_string\"}}],\"inLanguage\":\"pt-BR\"},{\"@type\":\"Organization\",\"@id\":\"https:\\\/\\\/jornalboasnoticias.com.br\\\/home\\\/#organization\",\"name\":\"Coq Editora Ltda\",\"alternateName\":\"Jornal Boas Noticias\",\"url\":\"https:\\\/\\\/jornalboasnoticias.com.br\\\/home\\\/\",\"logo\":{\"@type\":\"ImageObject\",\"inLanguage\":\"pt-BR\",\"@id\":\"https:\\\/\\\/jornalboasnoticias.com.br\\\/home\\\/#\\\/schema\\\/logo\\\/image\\\/\",\"url\":\"https:\\\/\\\/jornalboasnoticias.com.br\\\/home\\\/wp-content\\\/uploads\\\/2024\\\/07\\\/cropped-logo.jpg\",\"contentUrl\":\"https:\\\/\\\/jornalboasnoticias.com.br\\\/home\\\/wp-content\\\/uploads\\\/2024\\\/07\\\/cropped-logo.jpg\",\"width\":290,\"height\":142,\"caption\":\"Coq Editora Ltda\"},\"image\":{\"@id\":\"https:\\\/\\\/jornalboasnoticias.com.br\\\/home\\\/#\\\/schema\\\/logo\\\/image\\\/\"},\"sameAs\":[\"https:\\\/\\\/www.facebook.com\\\/boasnoticiasjornal\"]},{\"@type\":\"Person\",\"@id\":\"https:\\\/\\\/jornalboasnoticias.com.br\\\/home\\\/#\\\/schema\\\/person\\\/71a4be4d1685617d6d00f15f0f2952ee\",\"name\":\"Maria Bonatto\",\"image\":{\"@type\":\"ImageObject\",\"inLanguage\":\"pt-BR\",\"@id\":\"https:\\\/\\\/secure.gravatar.com\\\/avatar\\\/61bdbd92f7d53dd2fedfe556279602d97507ae906fdeb9624602488dcdcd042f?s=96&d=mm&r=g\",\"url\":\"https:\\\/\\\/secure.gravatar.com\\\/avatar\\\/61bdbd92f7d53dd2fedfe556279602d97507ae906fdeb9624602488dcdcd042f?s=96&d=mm&r=g\",\"contentUrl\":\"https:\\\/\\\/secure.gravatar.com\\\/avatar\\\/61bdbd92f7d53dd2fedfe556279602d97507ae906fdeb9624602488dcdcd042f?s=96&d=mm&r=g\",\"caption\":\"Maria Bonatto\"},\"url\":\"https:\\\/\\\/jornalboasnoticias.com.br\\\/home\\\/author\\\/ana-bonatto\\\/\"}]}<\/script>\n<!-- \/ Yoast SEO plugin. -->","yoast_head_json":{"title":"JUSTI\u00c7A SOCIAL: EM UM M\u00caS, 1,2 MIL NOVAS ISEN\u00c7\u00d5ES DE IPTU FORAM CONCEDIDAS A FAM\u00cdLIAS EM CASCAVEL - Jornal","description":"JUSTI\u00c7A SOCIAL: EM UM M\u00caS, 1,2 MIL NOVAS ISEN\u00c7\u00d5ES DE IPTU FORAM CONCEDIDAS A FAM\u00cdLIAS EM CASCAVEL","robots":{"index":"index","follow":"follow","max-snippet":"max-snippet:-1","max-image-preview":"max-image-preview:large","max-video-preview":"max-video-preview:-1"},"canonical":"https:\/\/jornalboasnoticias.com.br\/home\/justica-social-em-um-mes-12-mil-novas-isencoes-de-iptu-foram-concedidas-a-familias-em-cascavel\/","og_locale":"pt_BR","og_type":"article","og_title":"JUSTI\u00c7A SOCIAL: EM UM M\u00caS, 1,2 MIL NOVAS ISEN\u00c7\u00d5ES DE IPTU FORAM CONCEDIDAS A FAM\u00cdLIAS EM CASCAVEL - Jornal","og_description":"JUSTI\u00c7A SOCIAL: EM UM M\u00caS, 1,2 MIL NOVAS ISEN\u00c7\u00d5ES DE IPTU FORAM CONCEDIDAS A FAM\u00cdLIAS EM CASCAVEL","og_url":"https:\/\/jornalboasnoticias.com.br\/home\/justica-social-em-um-mes-12-mil-novas-isencoes-de-iptu-foram-concedidas-a-familias-em-cascavel\/","og_site_name":"Jornal","article_publisher":"https:\/\/www.facebook.com\/boasnoticiasjornal","article_published_time":"2024-06-14T18:04:31+00:00","og_image":[{"width":600,"height":400,"url":"https:\/\/jornalboasnoticias.com.br\/home\/wp-content\/uploads\/2023\/01\/E53171E8-2AB6-4249-B8EA-72400AE7713B-e1672681617746.jpeg","type":"image\/jpeg"}],"author":"Maria Bonatto","twitter_card":"summary_large_image","twitter_misc":{"Escrito por":"Maria Bonatto","Est. tempo de leitura":"2 minutos"},"schema":{"@context":"https:\/\/schema.org","@graph":[{"@type":"Article","@id":"https:\/\/jornalboasnoticias.com.br\/home\/justica-social-em-um-mes-12-mil-novas-isencoes-de-iptu-foram-concedidas-a-familias-em-cascavel\/#article","isPartOf":{"@id":"https:\/\/jornalboasnoticias.com.br\/home\/justica-social-em-um-mes-12-mil-novas-isencoes-de-iptu-foram-concedidas-a-familias-em-cascavel\/"},"author":{"name":"Maria Bonatto","@id":"https:\/\/jornalboasnoticias.com.br\/home\/#\/schema\/person\/71a4be4d1685617d6d00f15f0f2952ee"},"headline":"JUSTI\u00c7A SOCIAL: EM UM M\u00caS, 1,2 MIL NOVAS ISEN\u00c7\u00d5ES DE IPTU FORAM CONCEDIDAS A FAM\u00cdLIAS EM CASCAVEL","datePublished":"2024-06-14T18:04:31+00:00","mainEntityOfPage":{"@id":"https:\/\/jornalboasnoticias.com.br\/home\/justica-social-em-um-mes-12-mil-novas-isencoes-de-iptu-foram-concedidas-a-familias-em-cascavel\/"},"wordCount":428,"commentCount":0,"publisher":{"@id":"https:\/\/jornalboasnoticias.com.br\/home\/#organization"},"image":{"@id":"https:\/\/jornalboasnoticias.com.br\/home\/justica-social-em-um-mes-12-mil-novas-isencoes-de-iptu-foram-concedidas-a-familias-em-cascavel\/#primaryimage"},"thumbnailUrl":"https:\/\/jornalboasnoticias.com.br\/home\/wp-content\/uploads\/2023\/01\/E53171E8-2AB6-4249-B8EA-72400AE7713B-e1672681617746.jpeg","articleSection":["CASCAVEL","DESTAQUE"],"inLanguage":"pt-BR","potentialAction":[{"@type":"CommentAction","name":"Comment","target":["https:\/\/jornalboasnoticias.com.br\/home\/justica-social-em-um-mes-12-mil-novas-isencoes-de-iptu-foram-concedidas-a-familias-em-cascavel\/#respond"]}]},{"@type":"WebPage","@id":"https:\/\/jornalboasnoticias.com.br\/home\/justica-social-em-um-mes-12-mil-novas-isencoes-de-iptu-foram-concedidas-a-familias-em-cascavel\/","url":"https:\/\/jornalboasnoticias.com.br\/home\/justica-social-em-um-mes-12-mil-novas-isencoes-de-iptu-foram-concedidas-a-familias-em-cascavel\/","name":"JUSTI\u00c7A SOCIAL: EM UM M\u00caS, 1,2 MIL NOVAS ISEN\u00c7\u00d5ES DE IPTU FORAM CONCEDIDAS A FAM\u00cdLIAS EM CASCAVEL - Jornal","isPartOf":{"@id":"https:\/\/jornalboasnoticias.com.br\/home\/#website"},"primaryImageOfPage":{"@id":"https:\/\/jornalboasnoticias.com.br\/home\/justica-social-em-um-mes-12-mil-novas-isencoes-de-iptu-foram-concedidas-a-familias-em-cascavel\/#primaryimage"},"image":{"@id":"https:\/\/jornalboasnoticias.com.br\/home\/justica-social-em-um-mes-12-mil-novas-isencoes-de-iptu-foram-concedidas-a-familias-em-cascavel\/#primaryimage"},"thumbnailUrl":"https:\/\/jornalboasnoticias.com.br\/home\/wp-content\/uploads\/2023\/01\/E53171E8-2AB6-4249-B8EA-72400AE7713B-e1672681617746.jpeg","datePublished":"2024-06-14T18:04:31+00:00","description":"JUSTI\u00c7A SOCIAL: EM UM M\u00caS, 1,2 MIL NOVAS ISEN\u00c7\u00d5ES DE IPTU FORAM CONCEDIDAS A FAM\u00cdLIAS EM CASCAVEL","breadcrumb":{"@id":"https:\/\/jornalboasnoticias.com.br\/home\/justica-social-em-um-mes-12-mil-novas-isencoes-de-iptu-foram-concedidas-a-familias-em-cascavel\/#breadcrumb"},"inLanguage":"pt-BR","potentialAction":[{"@type":"ReadAction","target":["https:\/\/jornalboasnoticias.com.br\/home\/justica-social-em-um-mes-12-mil-novas-isencoes-de-iptu-foram-concedidas-a-familias-em-cascavel\/"]}]},{"@type":"ImageObject","inLanguage":"pt-BR","@id":"https:\/\/jornalboasnoticias.com.br\/home\/justica-social-em-um-mes-12-mil-novas-isencoes-de-iptu-foram-concedidas-a-familias-em-cascavel\/#primaryimage","url":"https:\/\/jornalboasnoticias.com.br\/home\/wp-content\/uploads\/2023\/01\/E53171E8-2AB6-4249-B8EA-72400AE7713B-e1672681617746.jpeg","contentUrl":"https:\/\/jornalboasnoticias.com.br\/home\/wp-content\/uploads\/2023\/01\/E53171E8-2AB6-4249-B8EA-72400AE7713B-e1672681617746.jpeg","width":600,"height":400,"caption":"Vanderlei Faria\/Secom"},{"@type":"BreadcrumbList","@id":"https:\/\/jornalboasnoticias.com.br\/home\/justica-social-em-um-mes-12-mil-novas-isencoes-de-iptu-foram-concedidas-a-familias-em-cascavel\/#breadcrumb","itemListElement":[{"@type":"ListItem","position":1,"name":"In\u00edcio","item":"https:\/\/jornalboasnoticias.com.br\/home\/"},{"@type":"ListItem","position":2,"name":"JUSTI\u00c7A SOCIAL: EM UM M\u00caS, 1,2 MIL NOVAS ISEN\u00c7\u00d5ES DE IPTU FORAM CONCEDIDAS A FAM\u00cdLIAS EM CASCAVEL"}]},{"@type":"WebSite","@id":"https:\/\/jornalboasnoticias.com.br\/home\/#website","url":"https:\/\/jornalboasnoticias.com.br\/home\/","name":"Jornal Boas Not\u00edcias","description":"Boas not\u00edcias","publisher":{"@id":"https:\/\/jornalboasnoticias.com.br\/home\/#organization"},"potentialAction":[{"@type":"SearchAction","target":{"@type":"EntryPoint","urlTemplate":"https:\/\/jornalboasnoticias.com.br\/home\/?s={search_term_string}"},"query-input":{"@type":"PropertyValueSpecification","valueRequired":true,"valueName":"search_term_string"}}],"inLanguage":"pt-BR"},{"@type":"Organization","@id":"https:\/\/jornalboasnoticias.com.br\/home\/#organization","name":"Coq Editora Ltda","alternateName":"Jornal Boas Noticias","url":"https:\/\/jornalboasnoticias.com.br\/home\/","logo":{"@type":"ImageObject","inLanguage":"pt-BR","@id":"https:\/\/jornalboasnoticias.com.br\/home\/#\/schema\/logo\/image\/","url":"https:\/\/jornalboasnoticias.com.br\/home\/wp-content\/uploads\/2024\/07\/cropped-logo.jpg","contentUrl":"https:\/\/jornalboasnoticias.com.br\/home\/wp-content\/uploads\/2024\/07\/cropped-logo.jpg","width":290,"height":142,"caption":"Coq Editora Ltda"},"image":{"@id":"https:\/\/jornalboasnoticias.com.br\/home\/#\/schema\/logo\/image\/"},"sameAs":["https:\/\/www.facebook.com\/boasnoticiasjornal"]},{"@type":"Person","@id":"https:\/\/jornalboasnoticias.com.br\/home\/#\/schema\/person\/71a4be4d1685617d6d00f15f0f2952ee","name":"Maria Bonatto","image":{"@type":"ImageObject","inLanguage":"pt-BR","@id":"https:\/\/secure.gravatar.com\/avatar\/61bdbd92f7d53dd2fedfe556279602d97507ae906fdeb9624602488dcdcd042f?s=96&d=mm&r=g","url":"https:\/\/secure.gravatar.com\/avatar\/61bdbd92f7d53dd2fedfe556279602d97507ae906fdeb9624602488dcdcd042f?s=96&d=mm&r=g","contentUrl":"https:\/\/secure.gravatar.com\/avatar\/61bdbd92f7d53dd2fedfe556279602d97507ae906fdeb9624602488dcdcd042f?s=96&d=mm&r=g","caption":"Maria Bonatto"},"url":"https:\/\/jornalboasnoticias.com.br\/home\/author\/ana-bonatto\/"}]}},"_links":{"self":[{"href":"https:\/\/jornalboasnoticias.com.br\/home\/wp-json\/wp\/v2\/posts\/42913","targetHints":{"allow":["GET"]}}],"collection":[{"href":"https:\/\/jornalboasnoticias.com.br\/home\/wp-json\/wp\/v2\/posts"}],"about":[{"href":"https:\/\/jornalboasnoticias.com.br\/home\/wp-json\/wp\/v2\/types\/post"}],"author":[{"embeddable":true,"href":"https:\/\/jornalboasnoticias.com.br\/home\/wp-json\/wp\/v2\/users\/2"}],"replies":[{"embeddable":true,"href":"https:\/\/jornalboasnoticias.com.br\/home\/wp-json\/wp\/v2\/comments?post=42913"}],"version-history":[{"count":0,"href":"https:\/\/jornalboasnoticias.com.br\/home\/wp-json\/wp\/v2\/posts\/42913\/revisions"}],"wp:featuredmedia":[{"embeddable":true,"href":"https:\/\/jornalboasnoticias.com.br\/home\/wp-json\/wp\/v2\/media\/32202"}],"wp:attachment":[{"href":"https:\/\/jornalboasnoticias.com.br\/home\/wp-json\/wp\/v2\/media?parent=42913"}],"wp:term":[{"taxonomy":"category","embeddable":true,"href":"https:\/\/jornalboasnoticias.com.br\/home\/wp-json\/wp\/v2\/categories?post=42913"},{"taxonomy":"post_tag","embeddable":true,"href":"https:\/\/jornalboasnoticias.com.br\/home\/wp-json\/wp\/v2\/tags?post=42913"}],"curies":[{"name":"wp","href":"https:\/\/api.w.org\/{rel}","templated":true}]}}