{"id":42896,"date":"2024-06-10T12:19:28","date_gmt":"2024-06-10T15:19:28","guid":{"rendered":"https:\/\/www.jornalboasnoticias.com.br\/?p=42896"},"modified":"2024-06-10T12:19:28","modified_gmt":"2024-06-10T15:19:28","slug":"procon-faz-orientacoes-sobre-vendas-para-o-dia-dos-namorados","status":"publish","type":"post","link":"https:\/\/jornalboasnoticias.com.br\/home\/procon-faz-orientacoes-sobre-vendas-para-o-dia-dos-namorados\/","title":{"rendered":"Procon faz orienta\u00e7\u00f5es sobre vendas para o Dia dos Namorados"},"content":{"rendered":"<blockquote>\n<p style=\"text-align: center;\">Lojistas aprovam a orienta\u00e7\u00e3o que tamb\u00e9m serviu para tirar d\u00favidas dos comerciantes e clientes<\/p>\n<\/blockquote>\n<figure id=\"attachment_42897\" aria-describedby=\"caption-attachment-42897\" style=\"width: 548px\" class=\"wp-caption aligncenter\"><img loading=\"lazy\" decoding=\"async\" class=\"size-medium wp-image-42897\" src=\"https:\/\/jornalboasnoticias.com.br\/home\/wp-content\/uploads\/2024\/06\/IMG_4090-548x365.png\" alt=\"\" width=\"548\" height=\"365\" \/><figcaption id=\"caption-attachment-42897\" class=\"wp-caption-text\">Divulga\u00e7\u00e3o<\/figcaption><\/figure>\n<p>Com o Dia dos Namorados chegando, os lojistas apostam na decora\u00e7\u00e3o de vitrines, op\u00e7\u00f5es variadas de presentes, formas de pagamento e torcem para que as vendas aque\u00e7am o com\u00e9rcio neste per\u00edodo do ano t\u00e3o sugestivo e rom\u00e2ntico.<\/p>\n<p>E, para garantir que os consumidores est\u00e3o tendo seus direitos respeitados, o Procon de Cascavel, j\u00e1 est\u00e1 nas ruas orientando os lojistas para que torne este momento o mais transparente poss\u00edvel para aqueles que v\u00e3o presentear seus amados.<\/p>\n<p>Hoje (10), o procurador do \u00f3rg\u00e3o de defesa do consumidor e fiscais foram ao com\u00e9rcio para fazer esta orienta\u00e7\u00e3o e verificar se as regras est\u00e3o sendo cumpridas.<\/p>\n<p>Nas primeiras visitas os servidores do Procon orientam sobre pequenas irregularidades encontradas que, segundo o \u00f3rg\u00e3o, s\u00e3o f\u00e1ceis de serem corrigidas. \u201dN\u00f3s vemos uma falta de pre\u00e7os e quest\u00f5es tamb\u00e9m de pol\u00edticas de troca. N\u00f3s sabemos que pelo C\u00f3digo de Defesa do Consumidor, a troca pode ser feita no per\u00edodo de 90 dias. Quando n\u00e3o h\u00e1 defeito, essa pol\u00edtica de troca \u00e9 feita pelo pr\u00f3prio estabelecimento\u201d, disse Lucas Fracaro, \u00a0procurador-chefe do Procon.<\/p>\n<p>Ele tamb\u00e9m explicou que os consumidores precisam estar atentos \u00e0s compras on-line. \u201c Tanto nas compras presenciais, quanto nas compras on-line \u00e9 preciso estar atento para n\u00e3o ficar no preju\u00edzo e ter este dia t\u00e3o especial prejudicado. \u00a0Nas compras on-line, o prazo de troca do \u00a0produto \u00e9 de sete dias, e n\u00e3o \u00e9 o mesmo prazo para a compra feita presencialmente\u201d.<\/p>\n<p>A lojista Dirley Carvalho, aprovou a iniciativa do Procon. \u201c Eu acho excelente porque a quest\u00e3o de organiza\u00e7\u00e3o de mercadorias com pre\u00e7o, mercadoria com lote, a gente tem que manter sempre organizado isso, n\u00e9? E \u00e9 interessante para o pr\u00f3prio com\u00e9rcio para saber que o Procon est\u00e1 nos ajudando\u201d.<\/p>\n<p>O Procon de Cascavel \u00a0mant\u00e9m canais abertos para que os consumidores possam fazer seus registros via on-line, \u201cque \u00e9 realizado pelo consumidor.gov.br, que \u00e9 um canal de atendimento on-line, 24 horas por dia, do Governo Federal e tamb\u00e9m aqui na Rua do Caxias, 558, no centro da cidade, o Procon de Cascavel, est\u00e1 atendendo segunda a sexta-feira. Dia dos namorados chegando, ent\u00e3o as pessoas t\u00eam que ficar bem atentas aos seus direitos, enquanto consumidoras\u201d, finalizou Lucas Fracaro.<\/p>\n<p><em>Assessoria Prefeitura de Cascavel\u00a0<\/em><\/p>\n","protected":false},"excerpt":{"rendered":"<p>Lojistas aprovam a orienta\u00e7\u00e3o que tamb\u00e9m serviu para tirar d\u00favidas dos comerciantes e clientes Com<\/p>\n","protected":false},"author":2,"featured_media":42897,"comment_status":"open","ping_status":"open","sticky":false,"template":"","format":"standard","meta":{"footnotes":""},"categories":[2,3],"tags":[],"class_list":["post-42896","post","type-post","status-publish","format-standard","has-post-thumbnail","hentry","category-cascavel","category-destaques"],"yoast_head":"<!-- This site is optimized with the Yoast SEO plugin v27.5 - https:\/\/yoast.com\/product\/yoast-seo-wordpress\/ -->\n<title>Procon faz orienta\u00e7\u00f5es sobre vendas para o Dia dos Namorados - Jornal<\/title>\n<meta name=\"description\" content=\"Procon faz orienta\u00e7\u00f5es sobre vendas para o Dia dos Namorados\" \/>\n<meta name=\"robots\" content=\"index, follow, max-snippet:-1, max-image-preview:large, max-video-preview:-1\" \/>\n<link rel=\"canonical\" href=\"https:\/\/jornalboasnoticias.com.br\/home\/procon-faz-orientacoes-sobre-vendas-para-o-dia-dos-namorados\/\" \/>\n<meta property=\"og:locale\" content=\"pt_BR\" \/>\n<meta property=\"og:type\" content=\"article\" \/>\n<meta property=\"og:title\" content=\"Procon faz orienta\u00e7\u00f5es sobre vendas para o Dia dos Namorados - Jornal\" \/>\n<meta property=\"og:description\" content=\"Procon faz orienta\u00e7\u00f5es sobre vendas para o Dia dos Namorados\" \/>\n<meta property=\"og:url\" content=\"https:\/\/jornalboasnoticias.com.br\/home\/procon-faz-orientacoes-sobre-vendas-para-o-dia-dos-namorados\/\" \/>\n<meta property=\"og:site_name\" content=\"Jornal\" \/>\n<meta property=\"article:publisher\" content=\"https:\/\/www.facebook.com\/boasnoticiasjornal\" \/>\n<meta property=\"article:published_time\" content=\"2024-06-10T15:19:28+00:00\" \/>\n<meta property=\"og:image\" content=\"https:\/\/jornalboasnoticias.com.br\/home\/wp-content\/uploads\/2024\/06\/IMG_4090.png\" \/>\n\t<meta property=\"og:image:width\" content=\"631\" \/>\n\t<meta property=\"og:image:height\" content=\"420\" \/>\n\t<meta property=\"og:image:type\" content=\"image\/png\" \/>\n<meta name=\"author\" content=\"Maria Bonatto\" \/>\n<meta name=\"twitter:card\" content=\"summary_large_image\" \/>\n<meta name=\"twitter:label1\" content=\"Escrito por\" \/>\n\t<meta name=\"twitter:data1\" content=\"Maria Bonatto\" \/>\n\t<meta name=\"twitter:label2\" content=\"Est. tempo de leitura\" \/>\n\t<meta name=\"twitter:data2\" content=\"2 minutos\" \/>\n<script type=\"application\/ld+json\" class=\"yoast-schema-graph\">{\"@context\":\"https:\\\/\\\/schema.org\",\"@graph\":[{\"@type\":\"Article\",\"@id\":\"https:\\\/\\\/jornalboasnoticias.com.br\\\/home\\\/procon-faz-orientacoes-sobre-vendas-para-o-dia-dos-namorados\\\/#article\",\"isPartOf\":{\"@id\":\"https:\\\/\\\/jornalboasnoticias.com.br\\\/home\\\/procon-faz-orientacoes-sobre-vendas-para-o-dia-dos-namorados\\\/\"},\"author\":{\"name\":\"Maria Bonatto\",\"@id\":\"https:\\\/\\\/jornalboasnoticias.com.br\\\/home\\\/#\\\/schema\\\/person\\\/71a4be4d1685617d6d00f15f0f2952ee\"},\"headline\":\"Procon faz orienta\u00e7\u00f5es sobre vendas para o Dia dos Namorados\",\"datePublished\":\"2024-06-10T15:19:28+00:00\",\"mainEntityOfPage\":{\"@id\":\"https:\\\/\\\/jornalboasnoticias.com.br\\\/home\\\/procon-faz-orientacoes-sobre-vendas-para-o-dia-dos-namorados\\\/\"},\"wordCount\":433,\"commentCount\":0,\"publisher\":{\"@id\":\"https:\\\/\\\/jornalboasnoticias.com.br\\\/home\\\/#organization\"},\"image\":{\"@id\":\"https:\\\/\\\/jornalboasnoticias.com.br\\\/home\\\/procon-faz-orientacoes-sobre-vendas-para-o-dia-dos-namorados\\\/#primaryimage\"},\"thumbnailUrl\":\"https:\\\/\\\/jornalboasnoticias.com.br\\\/home\\\/wp-content\\\/uploads\\\/2024\\\/06\\\/IMG_4090.png\",\"articleSection\":[\"CASCAVEL\",\"DESTAQUE\"],\"inLanguage\":\"pt-BR\",\"potentialAction\":[{\"@type\":\"CommentAction\",\"name\":\"Comment\",\"target\":[\"https:\\\/\\\/jornalboasnoticias.com.br\\\/home\\\/procon-faz-orientacoes-sobre-vendas-para-o-dia-dos-namorados\\\/#respond\"]}]},{\"@type\":\"WebPage\",\"@id\":\"https:\\\/\\\/jornalboasnoticias.com.br\\\/home\\\/procon-faz-orientacoes-sobre-vendas-para-o-dia-dos-namorados\\\/\",\"url\":\"https:\\\/\\\/jornalboasnoticias.com.br\\\/home\\\/procon-faz-orientacoes-sobre-vendas-para-o-dia-dos-namorados\\\/\",\"name\":\"Procon faz orienta\u00e7\u00f5es sobre vendas para o Dia dos Namorados - Jornal\",\"isPartOf\":{\"@id\":\"https:\\\/\\\/jornalboasnoticias.com.br\\\/home\\\/#website\"},\"primaryImageOfPage\":{\"@id\":\"https:\\\/\\\/jornalboasnoticias.com.br\\\/home\\\/procon-faz-orientacoes-sobre-vendas-para-o-dia-dos-namorados\\\/#primaryimage\"},\"image\":{\"@id\":\"https:\\\/\\\/jornalboasnoticias.com.br\\\/home\\\/procon-faz-orientacoes-sobre-vendas-para-o-dia-dos-namorados\\\/#primaryimage\"},\"thumbnailUrl\":\"https:\\\/\\\/jornalboasnoticias.com.br\\\/home\\\/wp-content\\\/uploads\\\/2024\\\/06\\\/IMG_4090.png\",\"datePublished\":\"2024-06-10T15:19:28+00:00\",\"description\":\"Procon faz orienta\u00e7\u00f5es sobre vendas para o Dia dos Namorados\",\"breadcrumb\":{\"@id\":\"https:\\\/\\\/jornalboasnoticias.com.br\\\/home\\\/procon-faz-orientacoes-sobre-vendas-para-o-dia-dos-namorados\\\/#breadcrumb\"},\"inLanguage\":\"pt-BR\",\"potentialAction\":[{\"@type\":\"ReadAction\",\"target\":[\"https:\\\/\\\/jornalboasnoticias.com.br\\\/home\\\/procon-faz-orientacoes-sobre-vendas-para-o-dia-dos-namorados\\\/\"]}]},{\"@type\":\"ImageObject\",\"inLanguage\":\"pt-BR\",\"@id\":\"https:\\\/\\\/jornalboasnoticias.com.br\\\/home\\\/procon-faz-orientacoes-sobre-vendas-para-o-dia-dos-namorados\\\/#primaryimage\",\"url\":\"https:\\\/\\\/jornalboasnoticias.com.br\\\/home\\\/wp-content\\\/uploads\\\/2024\\\/06\\\/IMG_4090.png\",\"contentUrl\":\"https:\\\/\\\/jornalboasnoticias.com.br\\\/home\\\/wp-content\\\/uploads\\\/2024\\\/06\\\/IMG_4090.png\",\"width\":631,\"height\":420,\"caption\":\"Divulga\u00e7\u00e3o\"},{\"@type\":\"BreadcrumbList\",\"@id\":\"https:\\\/\\\/jornalboasnoticias.com.br\\\/home\\\/procon-faz-orientacoes-sobre-vendas-para-o-dia-dos-namorados\\\/#breadcrumb\",\"itemListElement\":[{\"@type\":\"ListItem\",\"position\":1,\"name\":\"In\u00edcio\",\"item\":\"https:\\\/\\\/jornalboasnoticias.com.br\\\/home\\\/\"},{\"@type\":\"ListItem\",\"position\":2,\"name\":\"Procon faz orienta\u00e7\u00f5es sobre vendas para o Dia dos Namorados\"}]},{\"@type\":\"WebSite\",\"@id\":\"https:\\\/\\\/jornalboasnoticias.com.br\\\/home\\\/#website\",\"url\":\"https:\\\/\\\/jornalboasnoticias.com.br\\\/home\\\/\",\"name\":\"Jornal Boas Not\u00edcias\",\"description\":\"Boas not\u00edcias\",\"publisher\":{\"@id\":\"https:\\\/\\\/jornalboasnoticias.com.br\\\/home\\\/#organization\"},\"potentialAction\":[{\"@type\":\"SearchAction\",\"target\":{\"@type\":\"EntryPoint\",\"urlTemplate\":\"https:\\\/\\\/jornalboasnoticias.com.br\\\/home\\\/?s={search_term_string}\"},\"query-input\":{\"@type\":\"PropertyValueSpecification\",\"valueRequired\":true,\"valueName\":\"search_term_string\"}}],\"inLanguage\":\"pt-BR\"},{\"@type\":\"Organization\",\"@id\":\"https:\\\/\\\/jornalboasnoticias.com.br\\\/home\\\/#organization\",\"name\":\"Coq Editora Ltda\",\"alternateName\":\"Jornal Boas Noticias\",\"url\":\"https:\\\/\\\/jornalboasnoticias.com.br\\\/home\\\/\",\"logo\":{\"@type\":\"ImageObject\",\"inLanguage\":\"pt-BR\",\"@id\":\"https:\\\/\\\/jornalboasnoticias.com.br\\\/home\\\/#\\\/schema\\\/logo\\\/image\\\/\",\"url\":\"https:\\\/\\\/jornalboasnoticias.com.br\\\/home\\\/wp-content\\\/uploads\\\/2024\\\/07\\\/cropped-logo.jpg\",\"contentUrl\":\"https:\\\/\\\/jornalboasnoticias.com.br\\\/home\\\/wp-content\\\/uploads\\\/2024\\\/07\\\/cropped-logo.jpg\",\"width\":290,\"height\":142,\"caption\":\"Coq Editora Ltda\"},\"image\":{\"@id\":\"https:\\\/\\\/jornalboasnoticias.com.br\\\/home\\\/#\\\/schema\\\/logo\\\/image\\\/\"},\"sameAs\":[\"https:\\\/\\\/www.facebook.com\\\/boasnoticiasjornal\"]},{\"@type\":\"Person\",\"@id\":\"https:\\\/\\\/jornalboasnoticias.com.br\\\/home\\\/#\\\/schema\\\/person\\\/71a4be4d1685617d6d00f15f0f2952ee\",\"name\":\"Maria Bonatto\",\"image\":{\"@type\":\"ImageObject\",\"inLanguage\":\"pt-BR\",\"@id\":\"https:\\\/\\\/secure.gravatar.com\\\/avatar\\\/61bdbd92f7d53dd2fedfe556279602d97507ae906fdeb9624602488dcdcd042f?s=96&d=mm&r=g\",\"url\":\"https:\\\/\\\/secure.gravatar.com\\\/avatar\\\/61bdbd92f7d53dd2fedfe556279602d97507ae906fdeb9624602488dcdcd042f?s=96&d=mm&r=g\",\"contentUrl\":\"https:\\\/\\\/secure.gravatar.com\\\/avatar\\\/61bdbd92f7d53dd2fedfe556279602d97507ae906fdeb9624602488dcdcd042f?s=96&d=mm&r=g\",\"caption\":\"Maria Bonatto\"},\"url\":\"https:\\\/\\\/jornalboasnoticias.com.br\\\/home\\\/author\\\/ana-bonatto\\\/\"}]}<\/script>\n<!-- \/ Yoast SEO plugin. -->","yoast_head_json":{"title":"Procon faz orienta\u00e7\u00f5es sobre vendas para o Dia dos Namorados - Jornal","description":"Procon faz orienta\u00e7\u00f5es sobre vendas para o Dia dos Namorados","robots":{"index":"index","follow":"follow","max-snippet":"max-snippet:-1","max-image-preview":"max-image-preview:large","max-video-preview":"max-video-preview:-1"},"canonical":"https:\/\/jornalboasnoticias.com.br\/home\/procon-faz-orientacoes-sobre-vendas-para-o-dia-dos-namorados\/","og_locale":"pt_BR","og_type":"article","og_title":"Procon faz orienta\u00e7\u00f5es sobre vendas para o Dia dos Namorados - Jornal","og_description":"Procon faz orienta\u00e7\u00f5es sobre vendas para o Dia dos Namorados","og_url":"https:\/\/jornalboasnoticias.com.br\/home\/procon-faz-orientacoes-sobre-vendas-para-o-dia-dos-namorados\/","og_site_name":"Jornal","article_publisher":"https:\/\/www.facebook.com\/boasnoticiasjornal","article_published_time":"2024-06-10T15:19:28+00:00","og_image":[{"width":631,"height":420,"url":"https:\/\/jornalboasnoticias.com.br\/home\/wp-content\/uploads\/2024\/06\/IMG_4090.png","type":"image\/png"}],"author":"Maria Bonatto","twitter_card":"summary_large_image","twitter_misc":{"Escrito por":"Maria Bonatto","Est. tempo de leitura":"2 minutos"},"schema":{"@context":"https:\/\/schema.org","@graph":[{"@type":"Article","@id":"https:\/\/jornalboasnoticias.com.br\/home\/procon-faz-orientacoes-sobre-vendas-para-o-dia-dos-namorados\/#article","isPartOf":{"@id":"https:\/\/jornalboasnoticias.com.br\/home\/procon-faz-orientacoes-sobre-vendas-para-o-dia-dos-namorados\/"},"author":{"name":"Maria Bonatto","@id":"https:\/\/jornalboasnoticias.com.br\/home\/#\/schema\/person\/71a4be4d1685617d6d00f15f0f2952ee"},"headline":"Procon faz orienta\u00e7\u00f5es sobre vendas para o Dia dos Namorados","datePublished":"2024-06-10T15:19:28+00:00","mainEntityOfPage":{"@id":"https:\/\/jornalboasnoticias.com.br\/home\/procon-faz-orientacoes-sobre-vendas-para-o-dia-dos-namorados\/"},"wordCount":433,"commentCount":0,"publisher":{"@id":"https:\/\/jornalboasnoticias.com.br\/home\/#organization"},"image":{"@id":"https:\/\/jornalboasnoticias.com.br\/home\/procon-faz-orientacoes-sobre-vendas-para-o-dia-dos-namorados\/#primaryimage"},"thumbnailUrl":"https:\/\/jornalboasnoticias.com.br\/home\/wp-content\/uploads\/2024\/06\/IMG_4090.png","articleSection":["CASCAVEL","DESTAQUE"],"inLanguage":"pt-BR","potentialAction":[{"@type":"CommentAction","name":"Comment","target":["https:\/\/jornalboasnoticias.com.br\/home\/procon-faz-orientacoes-sobre-vendas-para-o-dia-dos-namorados\/#respond"]}]},{"@type":"WebPage","@id":"https:\/\/jornalboasnoticias.com.br\/home\/procon-faz-orientacoes-sobre-vendas-para-o-dia-dos-namorados\/","url":"https:\/\/jornalboasnoticias.com.br\/home\/procon-faz-orientacoes-sobre-vendas-para-o-dia-dos-namorados\/","name":"Procon faz orienta\u00e7\u00f5es sobre vendas para o Dia dos Namorados - Jornal","isPartOf":{"@id":"https:\/\/jornalboasnoticias.com.br\/home\/#website"},"primaryImageOfPage":{"@id":"https:\/\/jornalboasnoticias.com.br\/home\/procon-faz-orientacoes-sobre-vendas-para-o-dia-dos-namorados\/#primaryimage"},"image":{"@id":"https:\/\/jornalboasnoticias.com.br\/home\/procon-faz-orientacoes-sobre-vendas-para-o-dia-dos-namorados\/#primaryimage"},"thumbnailUrl":"https:\/\/jornalboasnoticias.com.br\/home\/wp-content\/uploads\/2024\/06\/IMG_4090.png","datePublished":"2024-06-10T15:19:28+00:00","description":"Procon faz orienta\u00e7\u00f5es sobre vendas para o Dia dos Namorados","breadcrumb":{"@id":"https:\/\/jornalboasnoticias.com.br\/home\/procon-faz-orientacoes-sobre-vendas-para-o-dia-dos-namorados\/#breadcrumb"},"inLanguage":"pt-BR","potentialAction":[{"@type":"ReadAction","target":["https:\/\/jornalboasnoticias.com.br\/home\/procon-faz-orientacoes-sobre-vendas-para-o-dia-dos-namorados\/"]}]},{"@type":"ImageObject","inLanguage":"pt-BR","@id":"https:\/\/jornalboasnoticias.com.br\/home\/procon-faz-orientacoes-sobre-vendas-para-o-dia-dos-namorados\/#primaryimage","url":"https:\/\/jornalboasnoticias.com.br\/home\/wp-content\/uploads\/2024\/06\/IMG_4090.png","contentUrl":"https:\/\/jornalboasnoticias.com.br\/home\/wp-content\/uploads\/2024\/06\/IMG_4090.png","width":631,"height":420,"caption":"Divulga\u00e7\u00e3o"},{"@type":"BreadcrumbList","@id":"https:\/\/jornalboasnoticias.com.br\/home\/procon-faz-orientacoes-sobre-vendas-para-o-dia-dos-namorados\/#breadcrumb","itemListElement":[{"@type":"ListItem","position":1,"name":"In\u00edcio","item":"https:\/\/jornalboasnoticias.com.br\/home\/"},{"@type":"ListItem","position":2,"name":"Procon faz orienta\u00e7\u00f5es sobre vendas para o Dia dos Namorados"}]},{"@type":"WebSite","@id":"https:\/\/jornalboasnoticias.com.br\/home\/#website","url":"https:\/\/jornalboasnoticias.com.br\/home\/","name":"Jornal Boas Not\u00edcias","description":"Boas not\u00edcias","publisher":{"@id":"https:\/\/jornalboasnoticias.com.br\/home\/#organization"},"potentialAction":[{"@type":"SearchAction","target":{"@type":"EntryPoint","urlTemplate":"https:\/\/jornalboasnoticias.com.br\/home\/?s={search_term_string}"},"query-input":{"@type":"PropertyValueSpecification","valueRequired":true,"valueName":"search_term_string"}}],"inLanguage":"pt-BR"},{"@type":"Organization","@id":"https:\/\/jornalboasnoticias.com.br\/home\/#organization","name":"Coq Editora Ltda","alternateName":"Jornal Boas Noticias","url":"https:\/\/jornalboasnoticias.com.br\/home\/","logo":{"@type":"ImageObject","inLanguage":"pt-BR","@id":"https:\/\/jornalboasnoticias.com.br\/home\/#\/schema\/logo\/image\/","url":"https:\/\/jornalboasnoticias.com.br\/home\/wp-content\/uploads\/2024\/07\/cropped-logo.jpg","contentUrl":"https:\/\/jornalboasnoticias.com.br\/home\/wp-content\/uploads\/2024\/07\/cropped-logo.jpg","width":290,"height":142,"caption":"Coq Editora Ltda"},"image":{"@id":"https:\/\/jornalboasnoticias.com.br\/home\/#\/schema\/logo\/image\/"},"sameAs":["https:\/\/www.facebook.com\/boasnoticiasjornal"]},{"@type":"Person","@id":"https:\/\/jornalboasnoticias.com.br\/home\/#\/schema\/person\/71a4be4d1685617d6d00f15f0f2952ee","name":"Maria Bonatto","image":{"@type":"ImageObject","inLanguage":"pt-BR","@id":"https:\/\/secure.gravatar.com\/avatar\/61bdbd92f7d53dd2fedfe556279602d97507ae906fdeb9624602488dcdcd042f?s=96&d=mm&r=g","url":"https:\/\/secure.gravatar.com\/avatar\/61bdbd92f7d53dd2fedfe556279602d97507ae906fdeb9624602488dcdcd042f?s=96&d=mm&r=g","contentUrl":"https:\/\/secure.gravatar.com\/avatar\/61bdbd92f7d53dd2fedfe556279602d97507ae906fdeb9624602488dcdcd042f?s=96&d=mm&r=g","caption":"Maria Bonatto"},"url":"https:\/\/jornalboasnoticias.com.br\/home\/author\/ana-bonatto\/"}]}},"_links":{"self":[{"href":"https:\/\/jornalboasnoticias.com.br\/home\/wp-json\/wp\/v2\/posts\/42896","targetHints":{"allow":["GET"]}}],"collection":[{"href":"https:\/\/jornalboasnoticias.com.br\/home\/wp-json\/wp\/v2\/posts"}],"about":[{"href":"https:\/\/jornalboasnoticias.com.br\/home\/wp-json\/wp\/v2\/types\/post"}],"author":[{"embeddable":true,"href":"https:\/\/jornalboasnoticias.com.br\/home\/wp-json\/wp\/v2\/users\/2"}],"replies":[{"embeddable":true,"href":"https:\/\/jornalboasnoticias.com.br\/home\/wp-json\/wp\/v2\/comments?post=42896"}],"version-history":[{"count":0,"href":"https:\/\/jornalboasnoticias.com.br\/home\/wp-json\/wp\/v2\/posts\/42896\/revisions"}],"wp:featuredmedia":[{"embeddable":true,"href":"https:\/\/jornalboasnoticias.com.br\/home\/wp-json\/wp\/v2\/media\/42897"}],"wp:attachment":[{"href":"https:\/\/jornalboasnoticias.com.br\/home\/wp-json\/wp\/v2\/media?parent=42896"}],"wp:term":[{"taxonomy":"category","embeddable":true,"href":"https:\/\/jornalboasnoticias.com.br\/home\/wp-json\/wp\/v2\/categories?post=42896"},{"taxonomy":"post_tag","embeddable":true,"href":"https:\/\/jornalboasnoticias.com.br\/home\/wp-json\/wp\/v2\/tags?post=42896"}],"curies":[{"name":"wp","href":"https:\/\/api.w.org\/{rel}","templated":true}]}}