{"id":42884,"date":"2024-06-07T11:19:18","date_gmt":"2024-06-07T14:19:18","guid":{"rendered":"https:\/\/www.jornalboasnoticias.com.br\/?p=42884"},"modified":"2024-06-07T11:19:18","modified_gmt":"2024-06-07T14:19:18","slug":"novo-viaduto-da-avenida-carlos-gomes-sera-liberado-no-dia-17-de-junho","status":"publish","type":"post","link":"https:\/\/jornalboasnoticias.com.br\/home\/novo-viaduto-da-avenida-carlos-gomes-sera-liberado-no-dia-17-de-junho\/","title":{"rendered":"Novo viaduto da Avenida Carlos Gomes ser\u00e1 liberado no dia 17 de junho"},"content":{"rendered":"<blockquote>\n<p style=\"text-align: center;\">Viaduto que faz parte das obras de revitaliza\u00e7\u00e3o da avenida e seu entorno inicialmente ter\u00e1 sentido duplo para o tr\u00e1fego de ve\u00edculos. Al\u00e7as de acesso tamb\u00e9m ser\u00e3o liberadas<\/p>\n<\/blockquote>\n<figure id=\"attachment_42885\" aria-describedby=\"caption-attachment-42885\" style=\"width: 747px\" class=\"wp-caption aligncenter\"><img loading=\"lazy\" decoding=\"async\" class=\"wp-image-42885 size-full\" src=\"https:\/\/jornalboasnoticias.com.br\/home\/wp-content\/uploads\/2024\/06\/IMG_4057.png\" alt=\"\" width=\"747\" height=\"420\" srcset=\"https:\/\/jornalboasnoticias.com.br\/home\/wp-content\/uploads\/2024\/06\/IMG_4057.png 747w, https:\/\/jornalboasnoticias.com.br\/home\/wp-content\/uploads\/2024\/06\/IMG_4057-300x169.png 300w\" sizes=\"auto, (max-width: 747px) 100vw, 747px\" \/><figcaption id=\"caption-attachment-42885\" class=\"wp-caption-text\">Foto: Manoel Teixeira<\/figcaption><\/figure>\n<p>A partir do dia 17 de junho, o novo viaduto da Avenida Carlos Gomes e as al\u00e7as de acesso ser\u00e3o liberados para o tr\u00e2nsito de ve\u00edculos. Neste primeiro momento, a pista ter\u00e1 sentido duplo devido ao andamento das obras na pr\u00f3pria avenida.<\/p>\n<p>Depois de conclu\u00eddo todo o projeto de revitaliza\u00e7\u00e3o da Avenida Carlos Gomes, a Rua Alexandre de Gusm\u00e3o passar\u00e1 a ter sentido \u00fanico, do bairro para o centro. No entanto, a partir do dia 17, a libera\u00e7\u00e3o do viaduto ocorrer\u00e1 em sentido duplo para facilitar a circula\u00e7\u00e3o durante as obras.<\/p>\n<p>O novo viaduto vai interligar a Rua Em\u00edlio Baltitiz e a Rua Alexandre de Gusm\u00e3o, proporcionando melhor fluidez no tr\u00e2nsito local.<\/p>\n<p>A revitaliza\u00e7\u00e3o da Avenida Carlos Gomes faz parte do plano de Mobilidade do Munic\u00edpio, que visa melhorar a infraestrutura vi\u00e1ria e facilitar o deslocamento na cidade.<\/p>\n<p><em>Assessoria Prefeitura de Cascavel<\/em><\/p>\n","protected":false},"excerpt":{"rendered":"<p>Viaduto que faz parte das obras de revitaliza\u00e7\u00e3o da avenida e seu entorno inicialmente ter\u00e1<\/p>\n","protected":false},"author":2,"featured_media":42885,"comment_status":"open","ping_status":"open","sticky":false,"template":"","format":"standard","meta":{"footnotes":""},"categories":[2,3],"tags":[],"class_list":["post-42884","post","type-post","status-publish","format-standard","has-post-thumbnail","hentry","category-cascavel","category-destaques"],"yoast_head":"<!-- This site is optimized with the Yoast SEO plugin v27.5 - https:\/\/yoast.com\/product\/yoast-seo-wordpress\/ -->\n<title>Novo viaduto da Avenida Carlos Gomes ser\u00e1 liberado no dia 17 de junho - Jornal<\/title>\n<meta name=\"description\" content=\"Novo viaduto da Avenida Carlos Gomes ser\u00e1 liberado no dia 17 de junho\" \/>\n<meta name=\"robots\" content=\"index, follow, max-snippet:-1, max-image-preview:large, max-video-preview:-1\" \/>\n<link rel=\"canonical\" href=\"https:\/\/jornalboasnoticias.com.br\/home\/novo-viaduto-da-avenida-carlos-gomes-sera-liberado-no-dia-17-de-junho\/\" \/>\n<meta property=\"og:locale\" content=\"pt_BR\" \/>\n<meta property=\"og:type\" content=\"article\" \/>\n<meta property=\"og:title\" content=\"Novo viaduto da Avenida Carlos Gomes ser\u00e1 liberado no dia 17 de junho - Jornal\" \/>\n<meta property=\"og:description\" content=\"Novo viaduto da Avenida Carlos Gomes ser\u00e1 liberado no dia 17 de junho\" \/>\n<meta property=\"og:url\" content=\"https:\/\/jornalboasnoticias.com.br\/home\/novo-viaduto-da-avenida-carlos-gomes-sera-liberado-no-dia-17-de-junho\/\" \/>\n<meta property=\"og:site_name\" content=\"Jornal\" \/>\n<meta property=\"article:publisher\" content=\"https:\/\/www.facebook.com\/boasnoticiasjornal\" \/>\n<meta property=\"article:published_time\" content=\"2024-06-07T14:19:18+00:00\" \/>\n<meta property=\"og:image\" content=\"https:\/\/jornalboasnoticias.com.br\/home\/wp-content\/uploads\/2024\/06\/IMG_4057.png\" \/>\n\t<meta property=\"og:image:width\" content=\"747\" \/>\n\t<meta property=\"og:image:height\" content=\"420\" \/>\n\t<meta property=\"og:image:type\" content=\"image\/png\" \/>\n<meta name=\"author\" content=\"Maria Bonatto\" \/>\n<meta name=\"twitter:card\" content=\"summary_large_image\" \/>\n<meta name=\"twitter:label1\" content=\"Escrito por\" \/>\n\t<meta name=\"twitter:data1\" content=\"Maria Bonatto\" \/>\n\t<meta name=\"twitter:label2\" content=\"Est. tempo de leitura\" \/>\n\t<meta name=\"twitter:data2\" content=\"1 minuto\" \/>\n<script type=\"application\/ld+json\" class=\"yoast-schema-graph\">{\"@context\":\"https:\\\/\\\/schema.org\",\"@graph\":[{\"@type\":\"Article\",\"@id\":\"https:\\\/\\\/jornalboasnoticias.com.br\\\/home\\\/novo-viaduto-da-avenida-carlos-gomes-sera-liberado-no-dia-17-de-junho\\\/#article\",\"isPartOf\":{\"@id\":\"https:\\\/\\\/jornalboasnoticias.com.br\\\/home\\\/novo-viaduto-da-avenida-carlos-gomes-sera-liberado-no-dia-17-de-junho\\\/\"},\"author\":{\"name\":\"Maria Bonatto\",\"@id\":\"https:\\\/\\\/jornalboasnoticias.com.br\\\/home\\\/#\\\/schema\\\/person\\\/71a4be4d1685617d6d00f15f0f2952ee\"},\"headline\":\"Novo viaduto da Avenida Carlos Gomes ser\u00e1 liberado no dia 17 de junho\",\"datePublished\":\"2024-06-07T14:19:18+00:00\",\"mainEntityOfPage\":{\"@id\":\"https:\\\/\\\/jornalboasnoticias.com.br\\\/home\\\/novo-viaduto-da-avenida-carlos-gomes-sera-liberado-no-dia-17-de-junho\\\/\"},\"wordCount\":212,\"commentCount\":0,\"publisher\":{\"@id\":\"https:\\\/\\\/jornalboasnoticias.com.br\\\/home\\\/#organization\"},\"image\":{\"@id\":\"https:\\\/\\\/jornalboasnoticias.com.br\\\/home\\\/novo-viaduto-da-avenida-carlos-gomes-sera-liberado-no-dia-17-de-junho\\\/#primaryimage\"},\"thumbnailUrl\":\"https:\\\/\\\/jornalboasnoticias.com.br\\\/home\\\/wp-content\\\/uploads\\\/2024\\\/06\\\/IMG_4057.png\",\"articleSection\":[\"CASCAVEL\",\"DESTAQUE\"],\"inLanguage\":\"pt-BR\",\"potentialAction\":[{\"@type\":\"CommentAction\",\"name\":\"Comment\",\"target\":[\"https:\\\/\\\/jornalboasnoticias.com.br\\\/home\\\/novo-viaduto-da-avenida-carlos-gomes-sera-liberado-no-dia-17-de-junho\\\/#respond\"]}]},{\"@type\":\"WebPage\",\"@id\":\"https:\\\/\\\/jornalboasnoticias.com.br\\\/home\\\/novo-viaduto-da-avenida-carlos-gomes-sera-liberado-no-dia-17-de-junho\\\/\",\"url\":\"https:\\\/\\\/jornalboasnoticias.com.br\\\/home\\\/novo-viaduto-da-avenida-carlos-gomes-sera-liberado-no-dia-17-de-junho\\\/\",\"name\":\"Novo viaduto da Avenida Carlos Gomes ser\u00e1 liberado no dia 17 de junho - Jornal\",\"isPartOf\":{\"@id\":\"https:\\\/\\\/jornalboasnoticias.com.br\\\/home\\\/#website\"},\"primaryImageOfPage\":{\"@id\":\"https:\\\/\\\/jornalboasnoticias.com.br\\\/home\\\/novo-viaduto-da-avenida-carlos-gomes-sera-liberado-no-dia-17-de-junho\\\/#primaryimage\"},\"image\":{\"@id\":\"https:\\\/\\\/jornalboasnoticias.com.br\\\/home\\\/novo-viaduto-da-avenida-carlos-gomes-sera-liberado-no-dia-17-de-junho\\\/#primaryimage\"},\"thumbnailUrl\":\"https:\\\/\\\/jornalboasnoticias.com.br\\\/home\\\/wp-content\\\/uploads\\\/2024\\\/06\\\/IMG_4057.png\",\"datePublished\":\"2024-06-07T14:19:18+00:00\",\"description\":\"Novo viaduto da Avenida Carlos Gomes ser\u00e1 liberado no dia 17 de junho\",\"breadcrumb\":{\"@id\":\"https:\\\/\\\/jornalboasnoticias.com.br\\\/home\\\/novo-viaduto-da-avenida-carlos-gomes-sera-liberado-no-dia-17-de-junho\\\/#breadcrumb\"},\"inLanguage\":\"pt-BR\",\"potentialAction\":[{\"@type\":\"ReadAction\",\"target\":[\"https:\\\/\\\/jornalboasnoticias.com.br\\\/home\\\/novo-viaduto-da-avenida-carlos-gomes-sera-liberado-no-dia-17-de-junho\\\/\"]}]},{\"@type\":\"ImageObject\",\"inLanguage\":\"pt-BR\",\"@id\":\"https:\\\/\\\/jornalboasnoticias.com.br\\\/home\\\/novo-viaduto-da-avenida-carlos-gomes-sera-liberado-no-dia-17-de-junho\\\/#primaryimage\",\"url\":\"https:\\\/\\\/jornalboasnoticias.com.br\\\/home\\\/wp-content\\\/uploads\\\/2024\\\/06\\\/IMG_4057.png\",\"contentUrl\":\"https:\\\/\\\/jornalboasnoticias.com.br\\\/home\\\/wp-content\\\/uploads\\\/2024\\\/06\\\/IMG_4057.png\",\"width\":747,\"height\":420,\"caption\":\"Foto: Manoel Teixeira\"},{\"@type\":\"BreadcrumbList\",\"@id\":\"https:\\\/\\\/jornalboasnoticias.com.br\\\/home\\\/novo-viaduto-da-avenida-carlos-gomes-sera-liberado-no-dia-17-de-junho\\\/#breadcrumb\",\"itemListElement\":[{\"@type\":\"ListItem\",\"position\":1,\"name\":\"In\u00edcio\",\"item\":\"https:\\\/\\\/jornalboasnoticias.com.br\\\/home\\\/\"},{\"@type\":\"ListItem\",\"position\":2,\"name\":\"Novo viaduto da Avenida Carlos Gomes ser\u00e1 liberado no dia 17 de junho\"}]},{\"@type\":\"WebSite\",\"@id\":\"https:\\\/\\\/jornalboasnoticias.com.br\\\/home\\\/#website\",\"url\":\"https:\\\/\\\/jornalboasnoticias.com.br\\\/home\\\/\",\"name\":\"Jornal Boas Not\u00edcias\",\"description\":\"Boas not\u00edcias\",\"publisher\":{\"@id\":\"https:\\\/\\\/jornalboasnoticias.com.br\\\/home\\\/#organization\"},\"potentialAction\":[{\"@type\":\"SearchAction\",\"target\":{\"@type\":\"EntryPoint\",\"urlTemplate\":\"https:\\\/\\\/jornalboasnoticias.com.br\\\/home\\\/?s={search_term_string}\"},\"query-input\":{\"@type\":\"PropertyValueSpecification\",\"valueRequired\":true,\"valueName\":\"search_term_string\"}}],\"inLanguage\":\"pt-BR\"},{\"@type\":\"Organization\",\"@id\":\"https:\\\/\\\/jornalboasnoticias.com.br\\\/home\\\/#organization\",\"name\":\"Coq Editora Ltda\",\"alternateName\":\"Jornal Boas Noticias\",\"url\":\"https:\\\/\\\/jornalboasnoticias.com.br\\\/home\\\/\",\"logo\":{\"@type\":\"ImageObject\",\"inLanguage\":\"pt-BR\",\"@id\":\"https:\\\/\\\/jornalboasnoticias.com.br\\\/home\\\/#\\\/schema\\\/logo\\\/image\\\/\",\"url\":\"https:\\\/\\\/jornalboasnoticias.com.br\\\/home\\\/wp-content\\\/uploads\\\/2024\\\/07\\\/cropped-logo.jpg\",\"contentUrl\":\"https:\\\/\\\/jornalboasnoticias.com.br\\\/home\\\/wp-content\\\/uploads\\\/2024\\\/07\\\/cropped-logo.jpg\",\"width\":290,\"height\":142,\"caption\":\"Coq Editora Ltda\"},\"image\":{\"@id\":\"https:\\\/\\\/jornalboasnoticias.com.br\\\/home\\\/#\\\/schema\\\/logo\\\/image\\\/\"},\"sameAs\":[\"https:\\\/\\\/www.facebook.com\\\/boasnoticiasjornal\"]},{\"@type\":\"Person\",\"@id\":\"https:\\\/\\\/jornalboasnoticias.com.br\\\/home\\\/#\\\/schema\\\/person\\\/71a4be4d1685617d6d00f15f0f2952ee\",\"name\":\"Maria Bonatto\",\"image\":{\"@type\":\"ImageObject\",\"inLanguage\":\"pt-BR\",\"@id\":\"https:\\\/\\\/secure.gravatar.com\\\/avatar\\\/61bdbd92f7d53dd2fedfe556279602d97507ae906fdeb9624602488dcdcd042f?s=96&d=mm&r=g\",\"url\":\"https:\\\/\\\/secure.gravatar.com\\\/avatar\\\/61bdbd92f7d53dd2fedfe556279602d97507ae906fdeb9624602488dcdcd042f?s=96&d=mm&r=g\",\"contentUrl\":\"https:\\\/\\\/secure.gravatar.com\\\/avatar\\\/61bdbd92f7d53dd2fedfe556279602d97507ae906fdeb9624602488dcdcd042f?s=96&d=mm&r=g\",\"caption\":\"Maria Bonatto\"},\"url\":\"https:\\\/\\\/jornalboasnoticias.com.br\\\/home\\\/author\\\/ana-bonatto\\\/\"}]}<\/script>\n<!-- \/ Yoast SEO plugin. -->","yoast_head_json":{"title":"Novo viaduto da Avenida Carlos Gomes ser\u00e1 liberado no dia 17 de junho - Jornal","description":"Novo viaduto da Avenida Carlos Gomes ser\u00e1 liberado no dia 17 de junho","robots":{"index":"index","follow":"follow","max-snippet":"max-snippet:-1","max-image-preview":"max-image-preview:large","max-video-preview":"max-video-preview:-1"},"canonical":"https:\/\/jornalboasnoticias.com.br\/home\/novo-viaduto-da-avenida-carlos-gomes-sera-liberado-no-dia-17-de-junho\/","og_locale":"pt_BR","og_type":"article","og_title":"Novo viaduto da Avenida Carlos Gomes ser\u00e1 liberado no dia 17 de junho - Jornal","og_description":"Novo viaduto da Avenida Carlos Gomes ser\u00e1 liberado no dia 17 de junho","og_url":"https:\/\/jornalboasnoticias.com.br\/home\/novo-viaduto-da-avenida-carlos-gomes-sera-liberado-no-dia-17-de-junho\/","og_site_name":"Jornal","article_publisher":"https:\/\/www.facebook.com\/boasnoticiasjornal","article_published_time":"2024-06-07T14:19:18+00:00","og_image":[{"width":747,"height":420,"url":"https:\/\/jornalboasnoticias.com.br\/home\/wp-content\/uploads\/2024\/06\/IMG_4057.png","type":"image\/png"}],"author":"Maria Bonatto","twitter_card":"summary_large_image","twitter_misc":{"Escrito por":"Maria Bonatto","Est. tempo de leitura":"1 minuto"},"schema":{"@context":"https:\/\/schema.org","@graph":[{"@type":"Article","@id":"https:\/\/jornalboasnoticias.com.br\/home\/novo-viaduto-da-avenida-carlos-gomes-sera-liberado-no-dia-17-de-junho\/#article","isPartOf":{"@id":"https:\/\/jornalboasnoticias.com.br\/home\/novo-viaduto-da-avenida-carlos-gomes-sera-liberado-no-dia-17-de-junho\/"},"author":{"name":"Maria Bonatto","@id":"https:\/\/jornalboasnoticias.com.br\/home\/#\/schema\/person\/71a4be4d1685617d6d00f15f0f2952ee"},"headline":"Novo viaduto da Avenida Carlos Gomes ser\u00e1 liberado no dia 17 de junho","datePublished":"2024-06-07T14:19:18+00:00","mainEntityOfPage":{"@id":"https:\/\/jornalboasnoticias.com.br\/home\/novo-viaduto-da-avenida-carlos-gomes-sera-liberado-no-dia-17-de-junho\/"},"wordCount":212,"commentCount":0,"publisher":{"@id":"https:\/\/jornalboasnoticias.com.br\/home\/#organization"},"image":{"@id":"https:\/\/jornalboasnoticias.com.br\/home\/novo-viaduto-da-avenida-carlos-gomes-sera-liberado-no-dia-17-de-junho\/#primaryimage"},"thumbnailUrl":"https:\/\/jornalboasnoticias.com.br\/home\/wp-content\/uploads\/2024\/06\/IMG_4057.png","articleSection":["CASCAVEL","DESTAQUE"],"inLanguage":"pt-BR","potentialAction":[{"@type":"CommentAction","name":"Comment","target":["https:\/\/jornalboasnoticias.com.br\/home\/novo-viaduto-da-avenida-carlos-gomes-sera-liberado-no-dia-17-de-junho\/#respond"]}]},{"@type":"WebPage","@id":"https:\/\/jornalboasnoticias.com.br\/home\/novo-viaduto-da-avenida-carlos-gomes-sera-liberado-no-dia-17-de-junho\/","url":"https:\/\/jornalboasnoticias.com.br\/home\/novo-viaduto-da-avenida-carlos-gomes-sera-liberado-no-dia-17-de-junho\/","name":"Novo viaduto da Avenida Carlos Gomes ser\u00e1 liberado no dia 17 de junho - Jornal","isPartOf":{"@id":"https:\/\/jornalboasnoticias.com.br\/home\/#website"},"primaryImageOfPage":{"@id":"https:\/\/jornalboasnoticias.com.br\/home\/novo-viaduto-da-avenida-carlos-gomes-sera-liberado-no-dia-17-de-junho\/#primaryimage"},"image":{"@id":"https:\/\/jornalboasnoticias.com.br\/home\/novo-viaduto-da-avenida-carlos-gomes-sera-liberado-no-dia-17-de-junho\/#primaryimage"},"thumbnailUrl":"https:\/\/jornalboasnoticias.com.br\/home\/wp-content\/uploads\/2024\/06\/IMG_4057.png","datePublished":"2024-06-07T14:19:18+00:00","description":"Novo viaduto da Avenida Carlos Gomes ser\u00e1 liberado no dia 17 de junho","breadcrumb":{"@id":"https:\/\/jornalboasnoticias.com.br\/home\/novo-viaduto-da-avenida-carlos-gomes-sera-liberado-no-dia-17-de-junho\/#breadcrumb"},"inLanguage":"pt-BR","potentialAction":[{"@type":"ReadAction","target":["https:\/\/jornalboasnoticias.com.br\/home\/novo-viaduto-da-avenida-carlos-gomes-sera-liberado-no-dia-17-de-junho\/"]}]},{"@type":"ImageObject","inLanguage":"pt-BR","@id":"https:\/\/jornalboasnoticias.com.br\/home\/novo-viaduto-da-avenida-carlos-gomes-sera-liberado-no-dia-17-de-junho\/#primaryimage","url":"https:\/\/jornalboasnoticias.com.br\/home\/wp-content\/uploads\/2024\/06\/IMG_4057.png","contentUrl":"https:\/\/jornalboasnoticias.com.br\/home\/wp-content\/uploads\/2024\/06\/IMG_4057.png","width":747,"height":420,"caption":"Foto: Manoel Teixeira"},{"@type":"BreadcrumbList","@id":"https:\/\/jornalboasnoticias.com.br\/home\/novo-viaduto-da-avenida-carlos-gomes-sera-liberado-no-dia-17-de-junho\/#breadcrumb","itemListElement":[{"@type":"ListItem","position":1,"name":"In\u00edcio","item":"https:\/\/jornalboasnoticias.com.br\/home\/"},{"@type":"ListItem","position":2,"name":"Novo viaduto da Avenida Carlos Gomes ser\u00e1 liberado no dia 17 de junho"}]},{"@type":"WebSite","@id":"https:\/\/jornalboasnoticias.com.br\/home\/#website","url":"https:\/\/jornalboasnoticias.com.br\/home\/","name":"Jornal Boas Not\u00edcias","description":"Boas not\u00edcias","publisher":{"@id":"https:\/\/jornalboasnoticias.com.br\/home\/#organization"},"potentialAction":[{"@type":"SearchAction","target":{"@type":"EntryPoint","urlTemplate":"https:\/\/jornalboasnoticias.com.br\/home\/?s={search_term_string}"},"query-input":{"@type":"PropertyValueSpecification","valueRequired":true,"valueName":"search_term_string"}}],"inLanguage":"pt-BR"},{"@type":"Organization","@id":"https:\/\/jornalboasnoticias.com.br\/home\/#organization","name":"Coq Editora Ltda","alternateName":"Jornal Boas Noticias","url":"https:\/\/jornalboasnoticias.com.br\/home\/","logo":{"@type":"ImageObject","inLanguage":"pt-BR","@id":"https:\/\/jornalboasnoticias.com.br\/home\/#\/schema\/logo\/image\/","url":"https:\/\/jornalboasnoticias.com.br\/home\/wp-content\/uploads\/2024\/07\/cropped-logo.jpg","contentUrl":"https:\/\/jornalboasnoticias.com.br\/home\/wp-content\/uploads\/2024\/07\/cropped-logo.jpg","width":290,"height":142,"caption":"Coq Editora Ltda"},"image":{"@id":"https:\/\/jornalboasnoticias.com.br\/home\/#\/schema\/logo\/image\/"},"sameAs":["https:\/\/www.facebook.com\/boasnoticiasjornal"]},{"@type":"Person","@id":"https:\/\/jornalboasnoticias.com.br\/home\/#\/schema\/person\/71a4be4d1685617d6d00f15f0f2952ee","name":"Maria Bonatto","image":{"@type":"ImageObject","inLanguage":"pt-BR","@id":"https:\/\/secure.gravatar.com\/avatar\/61bdbd92f7d53dd2fedfe556279602d97507ae906fdeb9624602488dcdcd042f?s=96&d=mm&r=g","url":"https:\/\/secure.gravatar.com\/avatar\/61bdbd92f7d53dd2fedfe556279602d97507ae906fdeb9624602488dcdcd042f?s=96&d=mm&r=g","contentUrl":"https:\/\/secure.gravatar.com\/avatar\/61bdbd92f7d53dd2fedfe556279602d97507ae906fdeb9624602488dcdcd042f?s=96&d=mm&r=g","caption":"Maria Bonatto"},"url":"https:\/\/jornalboasnoticias.com.br\/home\/author\/ana-bonatto\/"}]}},"_links":{"self":[{"href":"https:\/\/jornalboasnoticias.com.br\/home\/wp-json\/wp\/v2\/posts\/42884","targetHints":{"allow":["GET"]}}],"collection":[{"href":"https:\/\/jornalboasnoticias.com.br\/home\/wp-json\/wp\/v2\/posts"}],"about":[{"href":"https:\/\/jornalboasnoticias.com.br\/home\/wp-json\/wp\/v2\/types\/post"}],"author":[{"embeddable":true,"href":"https:\/\/jornalboasnoticias.com.br\/home\/wp-json\/wp\/v2\/users\/2"}],"replies":[{"embeddable":true,"href":"https:\/\/jornalboasnoticias.com.br\/home\/wp-json\/wp\/v2\/comments?post=42884"}],"version-history":[{"count":0,"href":"https:\/\/jornalboasnoticias.com.br\/home\/wp-json\/wp\/v2\/posts\/42884\/revisions"}],"wp:featuredmedia":[{"embeddable":true,"href":"https:\/\/jornalboasnoticias.com.br\/home\/wp-json\/wp\/v2\/media\/42885"}],"wp:attachment":[{"href":"https:\/\/jornalboasnoticias.com.br\/home\/wp-json\/wp\/v2\/media?parent=42884"}],"wp:term":[{"taxonomy":"category","embeddable":true,"href":"https:\/\/jornalboasnoticias.com.br\/home\/wp-json\/wp\/v2\/categories?post=42884"},{"taxonomy":"post_tag","embeddable":true,"href":"https:\/\/jornalboasnoticias.com.br\/home\/wp-json\/wp\/v2\/tags?post=42884"}],"curies":[{"name":"wp","href":"https:\/\/api.w.org\/{rel}","templated":true}]}}