{"id":42876,"date":"2024-06-07T09:45:09","date_gmt":"2024-06-07T12:45:09","guid":{"rendered":"https:\/\/www.jornalboasnoticias.com.br\/?p=42876"},"modified":"2024-07-22T23:30:09","modified_gmt":"2024-07-22T23:30:09","slug":"a-primeira-viagem-de-motocicleta-do-parana-1923","status":"publish","type":"post","link":"https:\/\/jornalboasnoticias.com.br\/home\/a-primeira-viagem-de-motocicleta-do-parana-1923\/","title":{"rendered":"A primeira viagem de motocicleta do Paran\u00e1 &#8211; 1923"},"content":{"rendered":"<p>23 de agosto de 1923. H\u00e1 pouco mais de 100 anos, os amigos Afonso Lange e Ricardo Wagner, presentes no registro, montaram em suas motocicletas bem cedo, pela manh\u00e3, saindo de Ponta Grossa rumo a Curitiba, naquela que \u00e9 conhecida como a primeira viagem de motocicleta pelas estradas do Paran\u00e1.<\/p>\n<p>Naquele per\u00edodo, o trecho at\u00e9 a capital era completamente acidentado e formado quase que inteiramente por terra. Os percal\u00e7os da aventura foram relatados pela dupla em di\u00e1rios e em conversas deles com outros grupos de motociclistas. Um dos relatos, por exemplo, traz a informa\u00e7\u00e3o de que, durante quase todo o trajeto, eles tiveram que manter uma grande dist\u00e2ncia um do outro devido \u00e0 poeira que era levantada pelas motos.<\/p>\n<p><em>Fontes: Curitiba em Fotos \/ \u201cPioneiros do Motociclismo\u201d \/ Acervo Ponta Grossa Hist\u00f3rica<\/em><\/p>\n","protected":false},"excerpt":{"rendered":"<p>23 de agosto de 1923. H\u00e1 pouco mais de 100 anos, os amigos Afonso Lange<\/p>\n","protected":false},"author":2,"featured_media":42877,"comment_status":"open","ping_status":"open","sticky":false,"template":"","format":"standard","meta":{"footnotes":""},"categories":[3,13],"tags":[],"class_list":["post-42876","post","type-post","status-publish","format-standard","has-post-thumbnail","hentry","category-destaques","category-parana-nostalgico"],"yoast_head":"<!-- This site is optimized with the Yoast SEO plugin v27.5 - https:\/\/yoast.com\/product\/yoast-seo-wordpress\/ -->\n<title>A primeira viagem de motocicleta do Paran\u00e1 - 1923 - Jornal<\/title>\n<meta name=\"description\" content=\"A primeira viagem de motocicleta do Paran\u00e1 - 1923\" \/>\n<meta name=\"robots\" content=\"index, follow, max-snippet:-1, max-image-preview:large, max-video-preview:-1\" \/>\n<link rel=\"canonical\" href=\"https:\/\/jornalboasnoticias.com.br\/home\/a-primeira-viagem-de-motocicleta-do-parana-1923\/\" \/>\n<meta property=\"og:locale\" content=\"pt_BR\" \/>\n<meta property=\"og:type\" content=\"article\" \/>\n<meta property=\"og:title\" content=\"A primeira viagem de motocicleta do Paran\u00e1 - 1923 - Jornal\" \/>\n<meta property=\"og:description\" content=\"A primeira viagem de motocicleta do Paran\u00e1 - 1923\" \/>\n<meta property=\"og:url\" content=\"https:\/\/jornalboasnoticias.com.br\/home\/a-primeira-viagem-de-motocicleta-do-parana-1923\/\" \/>\n<meta property=\"og:site_name\" content=\"Jornal\" \/>\n<meta property=\"article:publisher\" content=\"https:\/\/www.facebook.com\/boasnoticiasjornal\" \/>\n<meta property=\"article:published_time\" content=\"2024-06-07T12:45:09+00:00\" \/>\n<meta property=\"article:modified_time\" content=\"2024-07-22T23:30:09+00:00\" \/>\n<meta property=\"og:image\" content=\"https:\/\/jornalboasnoticias.com.br\/home\/wp-content\/uploads\/2024\/06\/IMG_4053.jpeg\" \/>\n\t<meta property=\"og:image:width\" content=\"495\" \/>\n\t<meta property=\"og:image:height\" content=\"487\" \/>\n\t<meta property=\"og:image:type\" content=\"image\/jpeg\" \/>\n<meta name=\"author\" content=\"Maria Bonatto\" \/>\n<meta name=\"twitter:card\" content=\"summary_large_image\" \/>\n<meta name=\"twitter:label1\" content=\"Escrito por\" \/>\n\t<meta name=\"twitter:data1\" content=\"Maria Bonatto\" \/>\n\t<meta name=\"twitter:label2\" content=\"Est. tempo de leitura\" \/>\n\t<meta name=\"twitter:data2\" content=\"1 minuto\" \/>\n<script type=\"application\/ld+json\" class=\"yoast-schema-graph\">{\"@context\":\"https:\\\/\\\/schema.org\",\"@graph\":[{\"@type\":\"Article\",\"@id\":\"https:\\\/\\\/jornalboasnoticias.com.br\\\/home\\\/a-primeira-viagem-de-motocicleta-do-parana-1923\\\/#article\",\"isPartOf\":{\"@id\":\"https:\\\/\\\/jornalboasnoticias.com.br\\\/home\\\/a-primeira-viagem-de-motocicleta-do-parana-1923\\\/\"},\"author\":{\"name\":\"Maria Bonatto\",\"@id\":\"https:\\\/\\\/jornalboasnoticias.com.br\\\/home\\\/#\\\/schema\\\/person\\\/71a4be4d1685617d6d00f15f0f2952ee\"},\"headline\":\"A primeira viagem de motocicleta do Paran\u00e1 &#8211; 1923\",\"datePublished\":\"2024-06-07T12:45:09+00:00\",\"dateModified\":\"2024-07-22T23:30:09+00:00\",\"mainEntityOfPage\":{\"@id\":\"https:\\\/\\\/jornalboasnoticias.com.br\\\/home\\\/a-primeira-viagem-de-motocicleta-do-parana-1923\\\/\"},\"wordCount\":139,\"commentCount\":0,\"publisher\":{\"@id\":\"https:\\\/\\\/jornalboasnoticias.com.br\\\/home\\\/#organization\"},\"image\":{\"@id\":\"https:\\\/\\\/jornalboasnoticias.com.br\\\/home\\\/a-primeira-viagem-de-motocicleta-do-parana-1923\\\/#primaryimage\"},\"thumbnailUrl\":\"https:\\\/\\\/jornalboasnoticias.com.br\\\/home\\\/wp-content\\\/uploads\\\/2024\\\/06\\\/IMG_4053.jpeg\",\"articleSection\":[\"DESTAQUE\",\"PARAN\u00c1 NOST\u00c1LGICO\"],\"inLanguage\":\"pt-BR\",\"potentialAction\":[{\"@type\":\"CommentAction\",\"name\":\"Comment\",\"target\":[\"https:\\\/\\\/jornalboasnoticias.com.br\\\/home\\\/a-primeira-viagem-de-motocicleta-do-parana-1923\\\/#respond\"]}]},{\"@type\":\"WebPage\",\"@id\":\"https:\\\/\\\/jornalboasnoticias.com.br\\\/home\\\/a-primeira-viagem-de-motocicleta-do-parana-1923\\\/\",\"url\":\"https:\\\/\\\/jornalboasnoticias.com.br\\\/home\\\/a-primeira-viagem-de-motocicleta-do-parana-1923\\\/\",\"name\":\"A primeira viagem de motocicleta do Paran\u00e1 - 1923 - Jornal\",\"isPartOf\":{\"@id\":\"https:\\\/\\\/jornalboasnoticias.com.br\\\/home\\\/#website\"},\"primaryImageOfPage\":{\"@id\":\"https:\\\/\\\/jornalboasnoticias.com.br\\\/home\\\/a-primeira-viagem-de-motocicleta-do-parana-1923\\\/#primaryimage\"},\"image\":{\"@id\":\"https:\\\/\\\/jornalboasnoticias.com.br\\\/home\\\/a-primeira-viagem-de-motocicleta-do-parana-1923\\\/#primaryimage\"},\"thumbnailUrl\":\"https:\\\/\\\/jornalboasnoticias.com.br\\\/home\\\/wp-content\\\/uploads\\\/2024\\\/06\\\/IMG_4053.jpeg\",\"datePublished\":\"2024-06-07T12:45:09+00:00\",\"dateModified\":\"2024-07-22T23:30:09+00:00\",\"description\":\"A primeira viagem de motocicleta do Paran\u00e1 - 1923\",\"breadcrumb\":{\"@id\":\"https:\\\/\\\/jornalboasnoticias.com.br\\\/home\\\/a-primeira-viagem-de-motocicleta-do-parana-1923\\\/#breadcrumb\"},\"inLanguage\":\"pt-BR\",\"potentialAction\":[{\"@type\":\"ReadAction\",\"target\":[\"https:\\\/\\\/jornalboasnoticias.com.br\\\/home\\\/a-primeira-viagem-de-motocicleta-do-parana-1923\\\/\"]}]},{\"@type\":\"ImageObject\",\"inLanguage\":\"pt-BR\",\"@id\":\"https:\\\/\\\/jornalboasnoticias.com.br\\\/home\\\/a-primeira-viagem-de-motocicleta-do-parana-1923\\\/#primaryimage\",\"url\":\"https:\\\/\\\/jornalboasnoticias.com.br\\\/home\\\/wp-content\\\/uploads\\\/2024\\\/06\\\/IMG_4053.jpeg\",\"contentUrl\":\"https:\\\/\\\/jornalboasnoticias.com.br\\\/home\\\/wp-content\\\/uploads\\\/2024\\\/06\\\/IMG_4053.jpeg\",\"width\":495,\"height\":487},{\"@type\":\"BreadcrumbList\",\"@id\":\"https:\\\/\\\/jornalboasnoticias.com.br\\\/home\\\/a-primeira-viagem-de-motocicleta-do-parana-1923\\\/#breadcrumb\",\"itemListElement\":[{\"@type\":\"ListItem\",\"position\":1,\"name\":\"In\u00edcio\",\"item\":\"https:\\\/\\\/jornalboasnoticias.com.br\\\/home\\\/\"},{\"@type\":\"ListItem\",\"position\":2,\"name\":\"A primeira viagem de motocicleta do Paran\u00e1 &#8211; 1923\"}]},{\"@type\":\"WebSite\",\"@id\":\"https:\\\/\\\/jornalboasnoticias.com.br\\\/home\\\/#website\",\"url\":\"https:\\\/\\\/jornalboasnoticias.com.br\\\/home\\\/\",\"name\":\"Jornal Boas Not\u00edcias\",\"description\":\"Boas not\u00edcias\",\"publisher\":{\"@id\":\"https:\\\/\\\/jornalboasnoticias.com.br\\\/home\\\/#organization\"},\"potentialAction\":[{\"@type\":\"SearchAction\",\"target\":{\"@type\":\"EntryPoint\",\"urlTemplate\":\"https:\\\/\\\/jornalboasnoticias.com.br\\\/home\\\/?s={search_term_string}\"},\"query-input\":{\"@type\":\"PropertyValueSpecification\",\"valueRequired\":true,\"valueName\":\"search_term_string\"}}],\"inLanguage\":\"pt-BR\"},{\"@type\":\"Organization\",\"@id\":\"https:\\\/\\\/jornalboasnoticias.com.br\\\/home\\\/#organization\",\"name\":\"Coq Editora Ltda\",\"alternateName\":\"Jornal Boas Noticias\",\"url\":\"https:\\\/\\\/jornalboasnoticias.com.br\\\/home\\\/\",\"logo\":{\"@type\":\"ImageObject\",\"inLanguage\":\"pt-BR\",\"@id\":\"https:\\\/\\\/jornalboasnoticias.com.br\\\/home\\\/#\\\/schema\\\/logo\\\/image\\\/\",\"url\":\"https:\\\/\\\/jornalboasnoticias.com.br\\\/home\\\/wp-content\\\/uploads\\\/2024\\\/07\\\/cropped-logo.jpg\",\"contentUrl\":\"https:\\\/\\\/jornalboasnoticias.com.br\\\/home\\\/wp-content\\\/uploads\\\/2024\\\/07\\\/cropped-logo.jpg\",\"width\":290,\"height\":142,\"caption\":\"Coq Editora Ltda\"},\"image\":{\"@id\":\"https:\\\/\\\/jornalboasnoticias.com.br\\\/home\\\/#\\\/schema\\\/logo\\\/image\\\/\"},\"sameAs\":[\"https:\\\/\\\/www.facebook.com\\\/boasnoticiasjornal\"]},{\"@type\":\"Person\",\"@id\":\"https:\\\/\\\/jornalboasnoticias.com.br\\\/home\\\/#\\\/schema\\\/person\\\/71a4be4d1685617d6d00f15f0f2952ee\",\"name\":\"Maria Bonatto\",\"image\":{\"@type\":\"ImageObject\",\"inLanguage\":\"pt-BR\",\"@id\":\"https:\\\/\\\/secure.gravatar.com\\\/avatar\\\/61bdbd92f7d53dd2fedfe556279602d97507ae906fdeb9624602488dcdcd042f?s=96&d=mm&r=g\",\"url\":\"https:\\\/\\\/secure.gravatar.com\\\/avatar\\\/61bdbd92f7d53dd2fedfe556279602d97507ae906fdeb9624602488dcdcd042f?s=96&d=mm&r=g\",\"contentUrl\":\"https:\\\/\\\/secure.gravatar.com\\\/avatar\\\/61bdbd92f7d53dd2fedfe556279602d97507ae906fdeb9624602488dcdcd042f?s=96&d=mm&r=g\",\"caption\":\"Maria Bonatto\"},\"url\":\"https:\\\/\\\/jornalboasnoticias.com.br\\\/home\\\/author\\\/ana-bonatto\\\/\"}]}<\/script>\n<!-- \/ Yoast SEO plugin. -->","yoast_head_json":{"title":"A primeira viagem de motocicleta do Paran\u00e1 - 1923 - Jornal","description":"A primeira viagem de motocicleta do Paran\u00e1 - 1923","robots":{"index":"index","follow":"follow","max-snippet":"max-snippet:-1","max-image-preview":"max-image-preview:large","max-video-preview":"max-video-preview:-1"},"canonical":"https:\/\/jornalboasnoticias.com.br\/home\/a-primeira-viagem-de-motocicleta-do-parana-1923\/","og_locale":"pt_BR","og_type":"article","og_title":"A primeira viagem de motocicleta do Paran\u00e1 - 1923 - Jornal","og_description":"A primeira viagem de motocicleta do Paran\u00e1 - 1923","og_url":"https:\/\/jornalboasnoticias.com.br\/home\/a-primeira-viagem-de-motocicleta-do-parana-1923\/","og_site_name":"Jornal","article_publisher":"https:\/\/www.facebook.com\/boasnoticiasjornal","article_published_time":"2024-06-07T12:45:09+00:00","article_modified_time":"2024-07-22T23:30:09+00:00","og_image":[{"width":495,"height":487,"url":"https:\/\/jornalboasnoticias.com.br\/home\/wp-content\/uploads\/2024\/06\/IMG_4053.jpeg","type":"image\/jpeg"}],"author":"Maria Bonatto","twitter_card":"summary_large_image","twitter_misc":{"Escrito por":"Maria Bonatto","Est. tempo de leitura":"1 minuto"},"schema":{"@context":"https:\/\/schema.org","@graph":[{"@type":"Article","@id":"https:\/\/jornalboasnoticias.com.br\/home\/a-primeira-viagem-de-motocicleta-do-parana-1923\/#article","isPartOf":{"@id":"https:\/\/jornalboasnoticias.com.br\/home\/a-primeira-viagem-de-motocicleta-do-parana-1923\/"},"author":{"name":"Maria Bonatto","@id":"https:\/\/jornalboasnoticias.com.br\/home\/#\/schema\/person\/71a4be4d1685617d6d00f15f0f2952ee"},"headline":"A primeira viagem de motocicleta do Paran\u00e1 &#8211; 1923","datePublished":"2024-06-07T12:45:09+00:00","dateModified":"2024-07-22T23:30:09+00:00","mainEntityOfPage":{"@id":"https:\/\/jornalboasnoticias.com.br\/home\/a-primeira-viagem-de-motocicleta-do-parana-1923\/"},"wordCount":139,"commentCount":0,"publisher":{"@id":"https:\/\/jornalboasnoticias.com.br\/home\/#organization"},"image":{"@id":"https:\/\/jornalboasnoticias.com.br\/home\/a-primeira-viagem-de-motocicleta-do-parana-1923\/#primaryimage"},"thumbnailUrl":"https:\/\/jornalboasnoticias.com.br\/home\/wp-content\/uploads\/2024\/06\/IMG_4053.jpeg","articleSection":["DESTAQUE","PARAN\u00c1 NOST\u00c1LGICO"],"inLanguage":"pt-BR","potentialAction":[{"@type":"CommentAction","name":"Comment","target":["https:\/\/jornalboasnoticias.com.br\/home\/a-primeira-viagem-de-motocicleta-do-parana-1923\/#respond"]}]},{"@type":"WebPage","@id":"https:\/\/jornalboasnoticias.com.br\/home\/a-primeira-viagem-de-motocicleta-do-parana-1923\/","url":"https:\/\/jornalboasnoticias.com.br\/home\/a-primeira-viagem-de-motocicleta-do-parana-1923\/","name":"A primeira viagem de motocicleta do Paran\u00e1 - 1923 - Jornal","isPartOf":{"@id":"https:\/\/jornalboasnoticias.com.br\/home\/#website"},"primaryImageOfPage":{"@id":"https:\/\/jornalboasnoticias.com.br\/home\/a-primeira-viagem-de-motocicleta-do-parana-1923\/#primaryimage"},"image":{"@id":"https:\/\/jornalboasnoticias.com.br\/home\/a-primeira-viagem-de-motocicleta-do-parana-1923\/#primaryimage"},"thumbnailUrl":"https:\/\/jornalboasnoticias.com.br\/home\/wp-content\/uploads\/2024\/06\/IMG_4053.jpeg","datePublished":"2024-06-07T12:45:09+00:00","dateModified":"2024-07-22T23:30:09+00:00","description":"A primeira viagem de motocicleta do Paran\u00e1 - 1923","breadcrumb":{"@id":"https:\/\/jornalboasnoticias.com.br\/home\/a-primeira-viagem-de-motocicleta-do-parana-1923\/#breadcrumb"},"inLanguage":"pt-BR","potentialAction":[{"@type":"ReadAction","target":["https:\/\/jornalboasnoticias.com.br\/home\/a-primeira-viagem-de-motocicleta-do-parana-1923\/"]}]},{"@type":"ImageObject","inLanguage":"pt-BR","@id":"https:\/\/jornalboasnoticias.com.br\/home\/a-primeira-viagem-de-motocicleta-do-parana-1923\/#primaryimage","url":"https:\/\/jornalboasnoticias.com.br\/home\/wp-content\/uploads\/2024\/06\/IMG_4053.jpeg","contentUrl":"https:\/\/jornalboasnoticias.com.br\/home\/wp-content\/uploads\/2024\/06\/IMG_4053.jpeg","width":495,"height":487},{"@type":"BreadcrumbList","@id":"https:\/\/jornalboasnoticias.com.br\/home\/a-primeira-viagem-de-motocicleta-do-parana-1923\/#breadcrumb","itemListElement":[{"@type":"ListItem","position":1,"name":"In\u00edcio","item":"https:\/\/jornalboasnoticias.com.br\/home\/"},{"@type":"ListItem","position":2,"name":"A primeira viagem de motocicleta do Paran\u00e1 &#8211; 1923"}]},{"@type":"WebSite","@id":"https:\/\/jornalboasnoticias.com.br\/home\/#website","url":"https:\/\/jornalboasnoticias.com.br\/home\/","name":"Jornal Boas Not\u00edcias","description":"Boas not\u00edcias","publisher":{"@id":"https:\/\/jornalboasnoticias.com.br\/home\/#organization"},"potentialAction":[{"@type":"SearchAction","target":{"@type":"EntryPoint","urlTemplate":"https:\/\/jornalboasnoticias.com.br\/home\/?s={search_term_string}"},"query-input":{"@type":"PropertyValueSpecification","valueRequired":true,"valueName":"search_term_string"}}],"inLanguage":"pt-BR"},{"@type":"Organization","@id":"https:\/\/jornalboasnoticias.com.br\/home\/#organization","name":"Coq Editora Ltda","alternateName":"Jornal Boas Noticias","url":"https:\/\/jornalboasnoticias.com.br\/home\/","logo":{"@type":"ImageObject","inLanguage":"pt-BR","@id":"https:\/\/jornalboasnoticias.com.br\/home\/#\/schema\/logo\/image\/","url":"https:\/\/jornalboasnoticias.com.br\/home\/wp-content\/uploads\/2024\/07\/cropped-logo.jpg","contentUrl":"https:\/\/jornalboasnoticias.com.br\/home\/wp-content\/uploads\/2024\/07\/cropped-logo.jpg","width":290,"height":142,"caption":"Coq Editora Ltda"},"image":{"@id":"https:\/\/jornalboasnoticias.com.br\/home\/#\/schema\/logo\/image\/"},"sameAs":["https:\/\/www.facebook.com\/boasnoticiasjornal"]},{"@type":"Person","@id":"https:\/\/jornalboasnoticias.com.br\/home\/#\/schema\/person\/71a4be4d1685617d6d00f15f0f2952ee","name":"Maria Bonatto","image":{"@type":"ImageObject","inLanguage":"pt-BR","@id":"https:\/\/secure.gravatar.com\/avatar\/61bdbd92f7d53dd2fedfe556279602d97507ae906fdeb9624602488dcdcd042f?s=96&d=mm&r=g","url":"https:\/\/secure.gravatar.com\/avatar\/61bdbd92f7d53dd2fedfe556279602d97507ae906fdeb9624602488dcdcd042f?s=96&d=mm&r=g","contentUrl":"https:\/\/secure.gravatar.com\/avatar\/61bdbd92f7d53dd2fedfe556279602d97507ae906fdeb9624602488dcdcd042f?s=96&d=mm&r=g","caption":"Maria Bonatto"},"url":"https:\/\/jornalboasnoticias.com.br\/home\/author\/ana-bonatto\/"}]}},"_links":{"self":[{"href":"https:\/\/jornalboasnoticias.com.br\/home\/wp-json\/wp\/v2\/posts\/42876","targetHints":{"allow":["GET"]}}],"collection":[{"href":"https:\/\/jornalboasnoticias.com.br\/home\/wp-json\/wp\/v2\/posts"}],"about":[{"href":"https:\/\/jornalboasnoticias.com.br\/home\/wp-json\/wp\/v2\/types\/post"}],"author":[{"embeddable":true,"href":"https:\/\/jornalboasnoticias.com.br\/home\/wp-json\/wp\/v2\/users\/2"}],"replies":[{"embeddable":true,"href":"https:\/\/jornalboasnoticias.com.br\/home\/wp-json\/wp\/v2\/comments?post=42876"}],"version-history":[{"count":1,"href":"https:\/\/jornalboasnoticias.com.br\/home\/wp-json\/wp\/v2\/posts\/42876\/revisions"}],"predecessor-version":[{"id":43074,"href":"https:\/\/jornalboasnoticias.com.br\/home\/wp-json\/wp\/v2\/posts\/42876\/revisions\/43074"}],"wp:featuredmedia":[{"embeddable":true,"href":"https:\/\/jornalboasnoticias.com.br\/home\/wp-json\/wp\/v2\/media\/42877"}],"wp:attachment":[{"href":"https:\/\/jornalboasnoticias.com.br\/home\/wp-json\/wp\/v2\/media?parent=42876"}],"wp:term":[{"taxonomy":"category","embeddable":true,"href":"https:\/\/jornalboasnoticias.com.br\/home\/wp-json\/wp\/v2\/categories?post=42876"},{"taxonomy":"post_tag","embeddable":true,"href":"https:\/\/jornalboasnoticias.com.br\/home\/wp-json\/wp\/v2\/tags?post=42876"}],"curies":[{"name":"wp","href":"https:\/\/api.w.org\/{rel}","templated":true}]}}