{"id":42865,"date":"2024-05-28T11:20:36","date_gmt":"2024-05-28T14:20:36","guid":{"rendered":"https:\/\/www.jornalboasnoticias.com.br\/?p=42865"},"modified":"2024-05-28T11:20:36","modified_gmt":"2024-05-28T14:20:36","slug":"frente-fria-no-estado-menor-temperatura-do-parana-e-registrada-em-palmas","status":"publish","type":"post","link":"https:\/\/jornalboasnoticias.com.br\/home\/frente-fria-no-estado-menor-temperatura-do-parana-e-registrada-em-palmas\/","title":{"rendered":"Frente fria no Estado: menor temperatura do Paran\u00e1 \u00e9 registrada em Palmas"},"content":{"rendered":"<blockquote>\n<p style=\"text-align: center;\">De acordo com o Simepar, essa condi\u00e7\u00e3o permanece em todo o Estado nos pr\u00f3ximos dias. H\u00e1 chance de geada na quarta-feira (29) em uma \u00e1rea que vai da Capital a Cascavel, abrangendo tamb\u00e9m a regi\u00e3o Sul, os Campos Gerais e o Centro-Sul<\/p>\n<\/blockquote>\n<figure id=\"attachment_42866\" aria-describedby=\"caption-attachment-42866\" style=\"width: 548px\" class=\"wp-caption aligncenter\"><img loading=\"lazy\" decoding=\"async\" class=\"size-medium wp-image-42866\" src=\"https:\/\/www.jornalboasnoticias.com.br\/wp-content\/uploads\/2024\/05\/IMG_3726-548x365.jpeg\" alt=\"\" width=\"548\" height=\"365\" \/><figcaption id=\"caption-attachment-42866\" class=\"wp-caption-text\">Foto: Gilson Abreu\/AEN<\/figcaption><\/figure>\n<p>Com apenas 3\u00b0 C, Palmas amanheceu com a menor temperatura do dia no Paran\u00e1, de acordo com o Simepar. A frente fria que cobre o Estado tamb\u00e9m impactou os term\u00f4metros de\u00a0In\u00e1cio Martins (3,5\u00b0 C),\u00a0Laranjeiras do Sul (4,8\u00b0 C), Guarapuava (4,9\u00b0 C), Cascavel (5,4\u00b0 C),\u00a0Pato Branco e Santa Maria do Oeste (5,6\u00b0 C), Gua\u00edra (6,3\u00b0 C), Francisco Beltr\u00e3o (6,4\u00b0 C) e\u00a0S\u00e3o Mateus do Sul (6,9\u00b0 C). Na segunda-feira (27), a menor temperatura tamb\u00e9m foi registrada em Palmas, mas de 8,2\u00b0 C.<\/p>\n<p>As temperaturas ca\u00edram ap\u00f3s uma segunda-feira bastante chuvosa no Paran\u00e1.\u00a0Segundo Lizandro Jac\u00f3bsen, meteorologista\u00a0do Simepar, o frio marca os tr\u00eas estados do Sul nesse momento. &#8220;Apesar do frio da manh\u00e3, o decl\u00ednio ficar\u00e1 mais evidentes \u00e0 tarde, mais para o fim do dia, com m\u00ednimas ainda mais severas. H\u00e1 uma massa de ar polar na regi\u00e3o, provocada por um ciclone extratropical que atua no litoral ga\u00facho, e a sensa\u00e7\u00e3o fica mais fria em fun\u00e7\u00e3o dos ventos. As m\u00e1ximas n\u00e3o passam de 18\u00b0 C no Norte Pioneiro nesta ter\u00e7a&#8221;, afirma.<\/p>\n<p>De acordo com o Simepar, essa condi\u00e7\u00e3o permanece em todo o Estado nos pr\u00f3ximos dias. H\u00e1 chance de geada na quarta-feira (29) em uma \u00e1rea que vai da Capital a Cascavel, abrangendo tamb\u00e9m a regi\u00e3o Sul, os Campos Gerais e o Centro-Sul. As m\u00e1ximas giram em torno de 21\u00b0 C em Paranagu\u00e1 e 19\u00b0 C em Jacarezinho, Londrina e Paranava\u00ed.<\/p>\n<p>Na quinta-feira (30), feriado de Corpus Christi, o frio ainda permanece em todo o Estado, mas os riscos de geada s\u00e3o pequenos porque as temperaturas n\u00e3o ficam t\u00e3o baixas (na m\u00e9dia). A perda radiativa de calor em \u00e1reas de poucas nuvens, pode favorecer, de forma mais pontual, maior decl\u00ednio no per\u00edodo noturno, at\u00e9 o amanhecer, com alguma geada fraca em regi\u00f5es mais baixas nos Campos Gerais. As m\u00ednimas ficam em torno de 5\u00b0 C em Rio Negro e Uni\u00e3o da Vit\u00f3ria e as m\u00e1ximas atingem 22\u00b0 C em Paranava\u00ed. Na Capital, a varia\u00e7\u00e3o ser\u00e1 entre 6\u00b0 C e 17\u00b0 C.<\/p>\n<p><em>Ag\u00eancia Estadual de Not\u00edcias\u00a0<\/em><\/p>\n","protected":false},"excerpt":{"rendered":"<p>De acordo com o Simepar, essa condi\u00e7\u00e3o permanece em todo o Estado nos pr\u00f3ximos dias.<\/p>\n","protected":false},"author":2,"featured_media":42866,"comment_status":"open","ping_status":"open","sticky":false,"template":"","format":"standard","meta":{"footnotes":""},"categories":[3,4],"tags":[],"class_list":["post-42865","post","type-post","status-publish","format-standard","has-post-thumbnail","hentry","category-destaques","category-parana"],"yoast_head":"<!-- This site is optimized with the Yoast SEO plugin v27.5 - https:\/\/yoast.com\/product\/yoast-seo-wordpress\/ -->\n<title>Frente fria no Estado: menor temperatura do Paran\u00e1 \u00e9 registrada em Palmas - Jornal<\/title>\n<meta name=\"description\" content=\"Frente fria no Estado: menor temperatura do Paran\u00e1 \u00e9 registrada em Palmas\" \/>\n<meta name=\"robots\" content=\"index, follow, max-snippet:-1, max-image-preview:large, max-video-preview:-1\" \/>\n<link rel=\"canonical\" href=\"https:\/\/jornalboasnoticias.com.br\/home\/frente-fria-no-estado-menor-temperatura-do-parana-e-registrada-em-palmas\/\" \/>\n<meta property=\"og:locale\" content=\"pt_BR\" \/>\n<meta property=\"og:type\" content=\"article\" \/>\n<meta property=\"og:title\" content=\"Frente fria no Estado: menor temperatura do Paran\u00e1 \u00e9 registrada em Palmas - Jornal\" \/>\n<meta property=\"og:description\" content=\"Frente fria no Estado: menor temperatura do Paran\u00e1 \u00e9 registrada em Palmas\" \/>\n<meta property=\"og:url\" content=\"https:\/\/jornalboasnoticias.com.br\/home\/frente-fria-no-estado-menor-temperatura-do-parana-e-registrada-em-palmas\/\" \/>\n<meta property=\"og:site_name\" content=\"Jornal\" \/>\n<meta property=\"article:publisher\" content=\"https:\/\/www.facebook.com\/boasnoticiasjornal\" \/>\n<meta property=\"article:published_time\" content=\"2024-05-28T14:20:36+00:00\" \/>\n<meta property=\"og:image\" content=\"https:\/\/jornalboasnoticias.com.br\/home\/wp-content\/uploads\/2024\/05\/IMG_3726-scaled-e1716906007757.jpeg\" \/>\n\t<meta property=\"og:image:width\" content=\"800\" \/>\n\t<meta property=\"og:image:height\" content=\"533\" \/>\n\t<meta property=\"og:image:type\" content=\"image\/jpeg\" \/>\n<meta name=\"author\" content=\"Maria Bonatto\" \/>\n<meta name=\"twitter:card\" content=\"summary_large_image\" \/>\n<meta name=\"twitter:label1\" content=\"Escrito por\" \/>\n\t<meta name=\"twitter:data1\" content=\"Maria Bonatto\" \/>\n\t<meta name=\"twitter:label2\" content=\"Est. tempo de leitura\" \/>\n\t<meta name=\"twitter:data2\" content=\"2 minutos\" \/>\n<script type=\"application\/ld+json\" class=\"yoast-schema-graph\">{\"@context\":\"https:\\\/\\\/schema.org\",\"@graph\":[{\"@type\":\"Article\",\"@id\":\"https:\\\/\\\/jornalboasnoticias.com.br\\\/home\\\/frente-fria-no-estado-menor-temperatura-do-parana-e-registrada-em-palmas\\\/#article\",\"isPartOf\":{\"@id\":\"https:\\\/\\\/jornalboasnoticias.com.br\\\/home\\\/frente-fria-no-estado-menor-temperatura-do-parana-e-registrada-em-palmas\\\/\"},\"author\":{\"name\":\"Maria Bonatto\",\"@id\":\"https:\\\/\\\/jornalboasnoticias.com.br\\\/home\\\/#\\\/schema\\\/person\\\/71a4be4d1685617d6d00f15f0f2952ee\"},\"headline\":\"Frente fria no Estado: menor temperatura do Paran\u00e1 \u00e9 registrada em Palmas\",\"datePublished\":\"2024-05-28T14:20:36+00:00\",\"mainEntityOfPage\":{\"@id\":\"https:\\\/\\\/jornalboasnoticias.com.br\\\/home\\\/frente-fria-no-estado-menor-temperatura-do-parana-e-registrada-em-palmas\\\/\"},\"wordCount\":423,\"commentCount\":0,\"publisher\":{\"@id\":\"https:\\\/\\\/jornalboasnoticias.com.br\\\/home\\\/#organization\"},\"image\":{\"@id\":\"https:\\\/\\\/jornalboasnoticias.com.br\\\/home\\\/frente-fria-no-estado-menor-temperatura-do-parana-e-registrada-em-palmas\\\/#primaryimage\"},\"thumbnailUrl\":\"https:\\\/\\\/jornalboasnoticias.com.br\\\/home\\\/wp-content\\\/uploads\\\/2024\\\/05\\\/IMG_3726-scaled-e1716906007757.jpeg\",\"articleSection\":[\"DESTAQUE\",\"PARAN\u00c1\"],\"inLanguage\":\"pt-BR\",\"potentialAction\":[{\"@type\":\"CommentAction\",\"name\":\"Comment\",\"target\":[\"https:\\\/\\\/jornalboasnoticias.com.br\\\/home\\\/frente-fria-no-estado-menor-temperatura-do-parana-e-registrada-em-palmas\\\/#respond\"]}]},{\"@type\":\"WebPage\",\"@id\":\"https:\\\/\\\/jornalboasnoticias.com.br\\\/home\\\/frente-fria-no-estado-menor-temperatura-do-parana-e-registrada-em-palmas\\\/\",\"url\":\"https:\\\/\\\/jornalboasnoticias.com.br\\\/home\\\/frente-fria-no-estado-menor-temperatura-do-parana-e-registrada-em-palmas\\\/\",\"name\":\"Frente fria no Estado: menor temperatura do Paran\u00e1 \u00e9 registrada em Palmas - Jornal\",\"isPartOf\":{\"@id\":\"https:\\\/\\\/jornalboasnoticias.com.br\\\/home\\\/#website\"},\"primaryImageOfPage\":{\"@id\":\"https:\\\/\\\/jornalboasnoticias.com.br\\\/home\\\/frente-fria-no-estado-menor-temperatura-do-parana-e-registrada-em-palmas\\\/#primaryimage\"},\"image\":{\"@id\":\"https:\\\/\\\/jornalboasnoticias.com.br\\\/home\\\/frente-fria-no-estado-menor-temperatura-do-parana-e-registrada-em-palmas\\\/#primaryimage\"},\"thumbnailUrl\":\"https:\\\/\\\/jornalboasnoticias.com.br\\\/home\\\/wp-content\\\/uploads\\\/2024\\\/05\\\/IMG_3726-scaled-e1716906007757.jpeg\",\"datePublished\":\"2024-05-28T14:20:36+00:00\",\"description\":\"Frente fria no Estado: menor temperatura do Paran\u00e1 \u00e9 registrada em Palmas\",\"breadcrumb\":{\"@id\":\"https:\\\/\\\/jornalboasnoticias.com.br\\\/home\\\/frente-fria-no-estado-menor-temperatura-do-parana-e-registrada-em-palmas\\\/#breadcrumb\"},\"inLanguage\":\"pt-BR\",\"potentialAction\":[{\"@type\":\"ReadAction\",\"target\":[\"https:\\\/\\\/jornalboasnoticias.com.br\\\/home\\\/frente-fria-no-estado-menor-temperatura-do-parana-e-registrada-em-palmas\\\/\"]}]},{\"@type\":\"ImageObject\",\"inLanguage\":\"pt-BR\",\"@id\":\"https:\\\/\\\/jornalboasnoticias.com.br\\\/home\\\/frente-fria-no-estado-menor-temperatura-do-parana-e-registrada-em-palmas\\\/#primaryimage\",\"url\":\"https:\\\/\\\/jornalboasnoticias.com.br\\\/home\\\/wp-content\\\/uploads\\\/2024\\\/05\\\/IMG_3726-scaled-e1716906007757.jpeg\",\"contentUrl\":\"https:\\\/\\\/jornalboasnoticias.com.br\\\/home\\\/wp-content\\\/uploads\\\/2024\\\/05\\\/IMG_3726-scaled-e1716906007757.jpeg\",\"width\":800,\"height\":533,\"caption\":\"Foto: Gilson Abreu\\\/AEN\"},{\"@type\":\"BreadcrumbList\",\"@id\":\"https:\\\/\\\/jornalboasnoticias.com.br\\\/home\\\/frente-fria-no-estado-menor-temperatura-do-parana-e-registrada-em-palmas\\\/#breadcrumb\",\"itemListElement\":[{\"@type\":\"ListItem\",\"position\":1,\"name\":\"In\u00edcio\",\"item\":\"https:\\\/\\\/jornalboasnoticias.com.br\\\/home\\\/\"},{\"@type\":\"ListItem\",\"position\":2,\"name\":\"Frente fria no Estado: menor temperatura do Paran\u00e1 \u00e9 registrada em Palmas\"}]},{\"@type\":\"WebSite\",\"@id\":\"https:\\\/\\\/jornalboasnoticias.com.br\\\/home\\\/#website\",\"url\":\"https:\\\/\\\/jornalboasnoticias.com.br\\\/home\\\/\",\"name\":\"Jornal Boas Not\u00edcias\",\"description\":\"Boas not\u00edcias\",\"publisher\":{\"@id\":\"https:\\\/\\\/jornalboasnoticias.com.br\\\/home\\\/#organization\"},\"potentialAction\":[{\"@type\":\"SearchAction\",\"target\":{\"@type\":\"EntryPoint\",\"urlTemplate\":\"https:\\\/\\\/jornalboasnoticias.com.br\\\/home\\\/?s={search_term_string}\"},\"query-input\":{\"@type\":\"PropertyValueSpecification\",\"valueRequired\":true,\"valueName\":\"search_term_string\"}}],\"inLanguage\":\"pt-BR\"},{\"@type\":\"Organization\",\"@id\":\"https:\\\/\\\/jornalboasnoticias.com.br\\\/home\\\/#organization\",\"name\":\"Coq Editora Ltda\",\"alternateName\":\"Jornal Boas Noticias\",\"url\":\"https:\\\/\\\/jornalboasnoticias.com.br\\\/home\\\/\",\"logo\":{\"@type\":\"ImageObject\",\"inLanguage\":\"pt-BR\",\"@id\":\"https:\\\/\\\/jornalboasnoticias.com.br\\\/home\\\/#\\\/schema\\\/logo\\\/image\\\/\",\"url\":\"https:\\\/\\\/jornalboasnoticias.com.br\\\/home\\\/wp-content\\\/uploads\\\/2024\\\/07\\\/cropped-logo.jpg\",\"contentUrl\":\"https:\\\/\\\/jornalboasnoticias.com.br\\\/home\\\/wp-content\\\/uploads\\\/2024\\\/07\\\/cropped-logo.jpg\",\"width\":290,\"height\":142,\"caption\":\"Coq Editora Ltda\"},\"image\":{\"@id\":\"https:\\\/\\\/jornalboasnoticias.com.br\\\/home\\\/#\\\/schema\\\/logo\\\/image\\\/\"},\"sameAs\":[\"https:\\\/\\\/www.facebook.com\\\/boasnoticiasjornal\"]},{\"@type\":\"Person\",\"@id\":\"https:\\\/\\\/jornalboasnoticias.com.br\\\/home\\\/#\\\/schema\\\/person\\\/71a4be4d1685617d6d00f15f0f2952ee\",\"name\":\"Maria Bonatto\",\"image\":{\"@type\":\"ImageObject\",\"inLanguage\":\"pt-BR\",\"@id\":\"https:\\\/\\\/secure.gravatar.com\\\/avatar\\\/61bdbd92f7d53dd2fedfe556279602d97507ae906fdeb9624602488dcdcd042f?s=96&d=mm&r=g\",\"url\":\"https:\\\/\\\/secure.gravatar.com\\\/avatar\\\/61bdbd92f7d53dd2fedfe556279602d97507ae906fdeb9624602488dcdcd042f?s=96&d=mm&r=g\",\"contentUrl\":\"https:\\\/\\\/secure.gravatar.com\\\/avatar\\\/61bdbd92f7d53dd2fedfe556279602d97507ae906fdeb9624602488dcdcd042f?s=96&d=mm&r=g\",\"caption\":\"Maria Bonatto\"},\"url\":\"https:\\\/\\\/jornalboasnoticias.com.br\\\/home\\\/author\\\/ana-bonatto\\\/\"}]}<\/script>\n<!-- \/ Yoast SEO plugin. -->","yoast_head_json":{"title":"Frente fria no Estado: menor temperatura do Paran\u00e1 \u00e9 registrada em Palmas - Jornal","description":"Frente fria no Estado: menor temperatura do Paran\u00e1 \u00e9 registrada em Palmas","robots":{"index":"index","follow":"follow","max-snippet":"max-snippet:-1","max-image-preview":"max-image-preview:large","max-video-preview":"max-video-preview:-1"},"canonical":"https:\/\/jornalboasnoticias.com.br\/home\/frente-fria-no-estado-menor-temperatura-do-parana-e-registrada-em-palmas\/","og_locale":"pt_BR","og_type":"article","og_title":"Frente fria no Estado: menor temperatura do Paran\u00e1 \u00e9 registrada em Palmas - Jornal","og_description":"Frente fria no Estado: menor temperatura do Paran\u00e1 \u00e9 registrada em Palmas","og_url":"https:\/\/jornalboasnoticias.com.br\/home\/frente-fria-no-estado-menor-temperatura-do-parana-e-registrada-em-palmas\/","og_site_name":"Jornal","article_publisher":"https:\/\/www.facebook.com\/boasnoticiasjornal","article_published_time":"2024-05-28T14:20:36+00:00","og_image":[{"width":800,"height":533,"url":"https:\/\/jornalboasnoticias.com.br\/home\/wp-content\/uploads\/2024\/05\/IMG_3726-scaled-e1716906007757.jpeg","type":"image\/jpeg"}],"author":"Maria Bonatto","twitter_card":"summary_large_image","twitter_misc":{"Escrito por":"Maria Bonatto","Est. tempo de leitura":"2 minutos"},"schema":{"@context":"https:\/\/schema.org","@graph":[{"@type":"Article","@id":"https:\/\/jornalboasnoticias.com.br\/home\/frente-fria-no-estado-menor-temperatura-do-parana-e-registrada-em-palmas\/#article","isPartOf":{"@id":"https:\/\/jornalboasnoticias.com.br\/home\/frente-fria-no-estado-menor-temperatura-do-parana-e-registrada-em-palmas\/"},"author":{"name":"Maria Bonatto","@id":"https:\/\/jornalboasnoticias.com.br\/home\/#\/schema\/person\/71a4be4d1685617d6d00f15f0f2952ee"},"headline":"Frente fria no Estado: menor temperatura do Paran\u00e1 \u00e9 registrada em Palmas","datePublished":"2024-05-28T14:20:36+00:00","mainEntityOfPage":{"@id":"https:\/\/jornalboasnoticias.com.br\/home\/frente-fria-no-estado-menor-temperatura-do-parana-e-registrada-em-palmas\/"},"wordCount":423,"commentCount":0,"publisher":{"@id":"https:\/\/jornalboasnoticias.com.br\/home\/#organization"},"image":{"@id":"https:\/\/jornalboasnoticias.com.br\/home\/frente-fria-no-estado-menor-temperatura-do-parana-e-registrada-em-palmas\/#primaryimage"},"thumbnailUrl":"https:\/\/jornalboasnoticias.com.br\/home\/wp-content\/uploads\/2024\/05\/IMG_3726-scaled-e1716906007757.jpeg","articleSection":["DESTAQUE","PARAN\u00c1"],"inLanguage":"pt-BR","potentialAction":[{"@type":"CommentAction","name":"Comment","target":["https:\/\/jornalboasnoticias.com.br\/home\/frente-fria-no-estado-menor-temperatura-do-parana-e-registrada-em-palmas\/#respond"]}]},{"@type":"WebPage","@id":"https:\/\/jornalboasnoticias.com.br\/home\/frente-fria-no-estado-menor-temperatura-do-parana-e-registrada-em-palmas\/","url":"https:\/\/jornalboasnoticias.com.br\/home\/frente-fria-no-estado-menor-temperatura-do-parana-e-registrada-em-palmas\/","name":"Frente fria no Estado: menor temperatura do Paran\u00e1 \u00e9 registrada em Palmas - Jornal","isPartOf":{"@id":"https:\/\/jornalboasnoticias.com.br\/home\/#website"},"primaryImageOfPage":{"@id":"https:\/\/jornalboasnoticias.com.br\/home\/frente-fria-no-estado-menor-temperatura-do-parana-e-registrada-em-palmas\/#primaryimage"},"image":{"@id":"https:\/\/jornalboasnoticias.com.br\/home\/frente-fria-no-estado-menor-temperatura-do-parana-e-registrada-em-palmas\/#primaryimage"},"thumbnailUrl":"https:\/\/jornalboasnoticias.com.br\/home\/wp-content\/uploads\/2024\/05\/IMG_3726-scaled-e1716906007757.jpeg","datePublished":"2024-05-28T14:20:36+00:00","description":"Frente fria no Estado: menor temperatura do Paran\u00e1 \u00e9 registrada em Palmas","breadcrumb":{"@id":"https:\/\/jornalboasnoticias.com.br\/home\/frente-fria-no-estado-menor-temperatura-do-parana-e-registrada-em-palmas\/#breadcrumb"},"inLanguage":"pt-BR","potentialAction":[{"@type":"ReadAction","target":["https:\/\/jornalboasnoticias.com.br\/home\/frente-fria-no-estado-menor-temperatura-do-parana-e-registrada-em-palmas\/"]}]},{"@type":"ImageObject","inLanguage":"pt-BR","@id":"https:\/\/jornalboasnoticias.com.br\/home\/frente-fria-no-estado-menor-temperatura-do-parana-e-registrada-em-palmas\/#primaryimage","url":"https:\/\/jornalboasnoticias.com.br\/home\/wp-content\/uploads\/2024\/05\/IMG_3726-scaled-e1716906007757.jpeg","contentUrl":"https:\/\/jornalboasnoticias.com.br\/home\/wp-content\/uploads\/2024\/05\/IMG_3726-scaled-e1716906007757.jpeg","width":800,"height":533,"caption":"Foto: Gilson Abreu\/AEN"},{"@type":"BreadcrumbList","@id":"https:\/\/jornalboasnoticias.com.br\/home\/frente-fria-no-estado-menor-temperatura-do-parana-e-registrada-em-palmas\/#breadcrumb","itemListElement":[{"@type":"ListItem","position":1,"name":"In\u00edcio","item":"https:\/\/jornalboasnoticias.com.br\/home\/"},{"@type":"ListItem","position":2,"name":"Frente fria no Estado: menor temperatura do Paran\u00e1 \u00e9 registrada em Palmas"}]},{"@type":"WebSite","@id":"https:\/\/jornalboasnoticias.com.br\/home\/#website","url":"https:\/\/jornalboasnoticias.com.br\/home\/","name":"Jornal Boas Not\u00edcias","description":"Boas not\u00edcias","publisher":{"@id":"https:\/\/jornalboasnoticias.com.br\/home\/#organization"},"potentialAction":[{"@type":"SearchAction","target":{"@type":"EntryPoint","urlTemplate":"https:\/\/jornalboasnoticias.com.br\/home\/?s={search_term_string}"},"query-input":{"@type":"PropertyValueSpecification","valueRequired":true,"valueName":"search_term_string"}}],"inLanguage":"pt-BR"},{"@type":"Organization","@id":"https:\/\/jornalboasnoticias.com.br\/home\/#organization","name":"Coq Editora Ltda","alternateName":"Jornal Boas Noticias","url":"https:\/\/jornalboasnoticias.com.br\/home\/","logo":{"@type":"ImageObject","inLanguage":"pt-BR","@id":"https:\/\/jornalboasnoticias.com.br\/home\/#\/schema\/logo\/image\/","url":"https:\/\/jornalboasnoticias.com.br\/home\/wp-content\/uploads\/2024\/07\/cropped-logo.jpg","contentUrl":"https:\/\/jornalboasnoticias.com.br\/home\/wp-content\/uploads\/2024\/07\/cropped-logo.jpg","width":290,"height":142,"caption":"Coq Editora Ltda"},"image":{"@id":"https:\/\/jornalboasnoticias.com.br\/home\/#\/schema\/logo\/image\/"},"sameAs":["https:\/\/www.facebook.com\/boasnoticiasjornal"]},{"@type":"Person","@id":"https:\/\/jornalboasnoticias.com.br\/home\/#\/schema\/person\/71a4be4d1685617d6d00f15f0f2952ee","name":"Maria Bonatto","image":{"@type":"ImageObject","inLanguage":"pt-BR","@id":"https:\/\/secure.gravatar.com\/avatar\/61bdbd92f7d53dd2fedfe556279602d97507ae906fdeb9624602488dcdcd042f?s=96&d=mm&r=g","url":"https:\/\/secure.gravatar.com\/avatar\/61bdbd92f7d53dd2fedfe556279602d97507ae906fdeb9624602488dcdcd042f?s=96&d=mm&r=g","contentUrl":"https:\/\/secure.gravatar.com\/avatar\/61bdbd92f7d53dd2fedfe556279602d97507ae906fdeb9624602488dcdcd042f?s=96&d=mm&r=g","caption":"Maria Bonatto"},"url":"https:\/\/jornalboasnoticias.com.br\/home\/author\/ana-bonatto\/"}]}},"_links":{"self":[{"href":"https:\/\/jornalboasnoticias.com.br\/home\/wp-json\/wp\/v2\/posts\/42865","targetHints":{"allow":["GET"]}}],"collection":[{"href":"https:\/\/jornalboasnoticias.com.br\/home\/wp-json\/wp\/v2\/posts"}],"about":[{"href":"https:\/\/jornalboasnoticias.com.br\/home\/wp-json\/wp\/v2\/types\/post"}],"author":[{"embeddable":true,"href":"https:\/\/jornalboasnoticias.com.br\/home\/wp-json\/wp\/v2\/users\/2"}],"replies":[{"embeddable":true,"href":"https:\/\/jornalboasnoticias.com.br\/home\/wp-json\/wp\/v2\/comments?post=42865"}],"version-history":[{"count":0,"href":"https:\/\/jornalboasnoticias.com.br\/home\/wp-json\/wp\/v2\/posts\/42865\/revisions"}],"wp:featuredmedia":[{"embeddable":true,"href":"https:\/\/jornalboasnoticias.com.br\/home\/wp-json\/wp\/v2\/media\/42866"}],"wp:attachment":[{"href":"https:\/\/jornalboasnoticias.com.br\/home\/wp-json\/wp\/v2\/media?parent=42865"}],"wp:term":[{"taxonomy":"category","embeddable":true,"href":"https:\/\/jornalboasnoticias.com.br\/home\/wp-json\/wp\/v2\/categories?post=42865"},{"taxonomy":"post_tag","embeddable":true,"href":"https:\/\/jornalboasnoticias.com.br\/home\/wp-json\/wp\/v2\/tags?post=42865"}],"curies":[{"name":"wp","href":"https:\/\/api.w.org\/{rel}","templated":true}]}}