{"id":42856,"date":"2024-05-25T19:42:57","date_gmt":"2024-05-25T22:42:57","guid":{"rendered":"https:\/\/www.jornalboasnoticias.com.br\/?p=42856"},"modified":"2024-05-25T19:42:57","modified_gmt":"2024-05-25T22:42:57","slug":"ex-lider-de-grupo-pagao-e-batizado-com-25-homens-na-prisao-avivamento","status":"publish","type":"post","link":"https:\/\/jornalboasnoticias.com.br\/home\/ex-lider-de-grupo-pagao-e-batizado-com-25-homens-na-prisao-avivamento\/","title":{"rendered":"Ex-l\u00edder de grupo pag\u00e3o \u00e9 batizado com 25 homens na pris\u00e3o: \u201cAvivamento&#8221;"},"content":{"rendered":"<p class=\"articleTitle_headline__BIofm \" style=\"text-align: center;\"><strong><em>O God Behind Bars continua investindo em apresentar Jesus nas pris\u00f5es americanas<\/em><\/strong><\/p>\n<p><img loading=\"lazy\" decoding=\"async\" class=\"alignnone size-full wp-image-42857\" src=\"https:\/\/jornalboasnoticias.com.br\/home\/wp-content\/uploads\/2024\/05\/147297239-batismo-na-prisao.webp\" alt=\"\" width=\"840\" height=\"500\" srcset=\"https:\/\/jornalboasnoticias.com.br\/home\/wp-content\/uploads\/2024\/05\/147297239-batismo-na-prisao.webp 840w, https:\/\/jornalboasnoticias.com.br\/home\/wp-content\/uploads\/2024\/05\/147297239-batismo-na-prisao-300x179.webp 300w, https:\/\/jornalboasnoticias.com.br\/home\/wp-content\/uploads\/2024\/05\/147297239-batismo-na-prisao-768x457.webp 768w\" sizes=\"auto, (max-width: 840px) 100vw, 840px\" \/><\/p>\n<p>Atrav\u00e9s do minist\u00e9rio penitenci\u00e1rio\u00a0<strong>God Behind Bars<\/strong>, 25 homens de uma pris\u00e3o de seguran\u00e7a m\u00e1xima em Dakota do Sul, Estados Unidos, aceitaram Jesus Cristo na \u00faltima semana.<\/p>\n<p>Na ocasi\u00e3o, 20 homens foram inscritos para o batismo, mas outros cinco decidiram ser batizados espontaneamente depois de ouvirem o Evangelho: \u201cAvivamento nas pris\u00f5es de Dakota do Sul\u201d, compartilhou o minist\u00e9rio no Instagram.<\/p>\n<p>&#8220;Um\u00a0<strong>homem que aceitou Jesus e foi batizado<\/strong>, liderava um grupo Wicca (religi\u00e3o baseada em rituais pag\u00e3os antigos). Outro homem, que foi ao culto pela primeira vez, tamb\u00e9m se rendeu a Cristo e foi batizado. Outro, est\u00e1 cumprindo pena de pris\u00e3o perp\u00e9tua h\u00e1 40 anos. Ele n\u00e3o fez a inscri\u00e7\u00e3o para ser batizado, mas tomou a decis\u00e3o espont\u00e2nea&#8221;, acrescentaram.<\/p>\n<p>Desde 2009, o God Behind Bars tem trabalhado para restaurar a vida dos presos, construindo a sua f\u00e9, durante e ap\u00f3s o encarceramento. Atualmente, eles tem o objetivo de alcan\u00e7ar mais de 2,3 milh\u00f5es de pessoas no sistema prisional.<\/p>\n<p>O CEO do God Behind Bars, Jake Bodine, iniciou a organiza\u00e7\u00e3o com a miss\u00e3o de \u201calcan\u00e7ar o menor deles\u201d, e ela floresceu proporcionando um avivamento em pris\u00f5es de todo o pa\u00eds.<\/p>\n<p>\u201cCriamos campi sat\u00e9lites nas pris\u00f5es e toda a nossa miss\u00e3o \u00e9 apresentar Jesus aos presos\u201d, disse Isaac Holt, Diretor de Inova\u00e7\u00e3o de Deus Atr\u00e1s das Grades, \u00e0 CBN News.<\/p>\n<p>E continuou: \u201cH\u00e1 3,1 milh\u00f5es de presos todos os dias em todo o pa\u00eds e esse \u00e9 um grupo enorme de pessoas. Acreditamos que podemos alcan\u00e7ar quase todos eles\u201d.<\/p>\n<p><strong>Estrat\u00e9gias de evangeliza\u00e7\u00e3o<\/strong><\/p>\n<p>Em 2021, o minist\u00e9rio criou o primeiro aplicativo crist\u00e3o que transmite louvores e a ministra\u00e7\u00e3o da Palavra de Deus para prisioneiros. Em 2022, o aplicativo \u201cPando\u201d foi transmitido para 550.000 presidi\u00e1rios.<\/p>\n<p>\u201cN\u00e3o vamos parar at\u00e9 que todos os presos nos EUA tenham acesso direto e pessoal ao Evangelho e aos recursos espirituais. N\u00e3o apenas para ajud\u00e1-los a aumentar a sua f\u00e9, mas tamb\u00e9m para curar traumas e feridas, quebrar v\u00edcios e ciclos, e lhes permitir entrar em a\u00e7\u00e3o para cumprir seu chamado como filhos e filhas do Alt\u00edssimo&#8221;, informou o site do minist\u00e9rio.<\/p>\n<p>Lisa Cole, pastora do campus da \u201cFaith Promise\u201d na \u00e1rea leste de Tennessee, que trabalha em parceria com o God Behind Bars em tr\u00eas\u00a0<strong>pris\u00f5es\u00a0<\/strong>nacionais, informou que o minist\u00e9rio oferece aos presidi\u00e1rios a oportunidade de fazer parte de uma comunidade.<\/p>\n<p>\u201cEles t\u00eam equipes de ora\u00e7\u00e3o, fazem pequenos grupos, fazem aulas de membresia, t\u00eam grupos de ora\u00e7\u00e3o todas as noites em suas unidades e convidam outras pessoas. N\u00f3s os desafiamos a ganhar o mundo compartilhando o Evangelho\u201d, disse ela.<\/p>\n<p>\u201cDeus est\u00e1 trazendo avivamento \u00e0s pris\u00f5es. Jesus est\u00e1 fazendo uma coisa nova\u201d, conclui o God Behind Bars.<\/p>\n<p><em>Fonte: Guia-me<\/em><\/p>\n","protected":false},"excerpt":{"rendered":"<p>O God Behind Bars continua investindo em apresentar Jesus nas pris\u00f5es americanas Atrav\u00e9s do minist\u00e9rio<\/p>\n","protected":false},"author":3,"featured_media":42857,"comment_status":"open","ping_status":"open","sticky":false,"template":"","format":"standard","meta":{"footnotes":""},"categories":[3,9],"tags":[],"class_list":["post-42856","post","type-post","status-publish","format-standard","has-post-thumbnail","hentry","category-destaques","category-internacional"],"yoast_head":"<!-- This site is optimized with the Yoast SEO plugin v27.5 - https:\/\/yoast.com\/product\/yoast-seo-wordpress\/ -->\n<title>Ex-l\u00edder de grupo pag\u00e3o \u00e9 batizado com 25 homens na pris\u00e3o: \u201cAvivamento&quot; - Jornal<\/title>\n<meta name=\"description\" content=\"Ex-l\u00edder de grupo pag\u00e3o \u00e9 batizado com 25 homens na pris\u00e3o: \u201cAvivamento&quot;\" \/>\n<meta name=\"robots\" content=\"index, follow, max-snippet:-1, max-image-preview:large, max-video-preview:-1\" \/>\n<link rel=\"canonical\" href=\"https:\/\/jornalboasnoticias.com.br\/home\/ex-lider-de-grupo-pagao-e-batizado-com-25-homens-na-prisao-avivamento\/\" \/>\n<meta property=\"og:locale\" content=\"pt_BR\" \/>\n<meta property=\"og:type\" content=\"article\" \/>\n<meta property=\"og:title\" content=\"Ex-l\u00edder de grupo pag\u00e3o \u00e9 batizado com 25 homens na pris\u00e3o: \u201cAvivamento&quot; - Jornal\" \/>\n<meta property=\"og:description\" content=\"Ex-l\u00edder de grupo pag\u00e3o \u00e9 batizado com 25 homens na pris\u00e3o: \u201cAvivamento&quot;\" \/>\n<meta property=\"og:url\" content=\"https:\/\/jornalboasnoticias.com.br\/home\/ex-lider-de-grupo-pagao-e-batizado-com-25-homens-na-prisao-avivamento\/\" \/>\n<meta property=\"og:site_name\" content=\"Jornal\" \/>\n<meta property=\"article:publisher\" content=\"https:\/\/www.facebook.com\/boasnoticiasjornal\" \/>\n<meta property=\"article:published_time\" content=\"2024-05-25T22:42:57+00:00\" \/>\n<meta property=\"og:image\" content=\"https:\/\/jornalboasnoticias.com.br\/home\/wp-content\/uploads\/2024\/05\/147297239-batismo-na-prisao.webp\" \/>\n\t<meta property=\"og:image:width\" content=\"840\" \/>\n\t<meta property=\"og:image:height\" content=\"500\" \/>\n\t<meta property=\"og:image:type\" content=\"image\/webp\" \/>\n<meta name=\"author\" content=\"Luiz Carlos da Cruz\" \/>\n<meta name=\"twitter:card\" content=\"summary_large_image\" \/>\n<meta name=\"twitter:label1\" content=\"Escrito por\" \/>\n\t<meta name=\"twitter:data1\" content=\"Luiz Carlos da Cruz\" \/>\n\t<meta name=\"twitter:label2\" content=\"Est. tempo de leitura\" \/>\n\t<meta name=\"twitter:data2\" content=\"3 minutos\" \/>\n<script type=\"application\/ld+json\" class=\"yoast-schema-graph\">{\"@context\":\"https:\\\/\\\/schema.org\",\"@graph\":[{\"@type\":\"Article\",\"@id\":\"https:\\\/\\\/jornalboasnoticias.com.br\\\/home\\\/ex-lider-de-grupo-pagao-e-batizado-com-25-homens-na-prisao-avivamento\\\/#article\",\"isPartOf\":{\"@id\":\"https:\\\/\\\/jornalboasnoticias.com.br\\\/home\\\/ex-lider-de-grupo-pagao-e-batizado-com-25-homens-na-prisao-avivamento\\\/\"},\"author\":{\"name\":\"Luiz Carlos da Cruz\",\"@id\":\"https:\\\/\\\/jornalboasnoticias.com.br\\\/home\\\/#\\\/schema\\\/person\\\/75f9ebde398c998c166475fb446bda62\"},\"headline\":\"Ex-l\u00edder de grupo pag\u00e3o \u00e9 batizado com 25 homens na pris\u00e3o: \u201cAvivamento&#8221;\",\"datePublished\":\"2024-05-25T22:42:57+00:00\",\"mainEntityOfPage\":{\"@id\":\"https:\\\/\\\/jornalboasnoticias.com.br\\\/home\\\/ex-lider-de-grupo-pagao-e-batizado-com-25-homens-na-prisao-avivamento\\\/\"},\"wordCount\":513,\"commentCount\":0,\"publisher\":{\"@id\":\"https:\\\/\\\/jornalboasnoticias.com.br\\\/home\\\/#organization\"},\"image\":{\"@id\":\"https:\\\/\\\/jornalboasnoticias.com.br\\\/home\\\/ex-lider-de-grupo-pagao-e-batizado-com-25-homens-na-prisao-avivamento\\\/#primaryimage\"},\"thumbnailUrl\":\"https:\\\/\\\/jornalboasnoticias.com.br\\\/home\\\/wp-content\\\/uploads\\\/2024\\\/05\\\/147297239-batismo-na-prisao.webp\",\"articleSection\":[\"DESTAQUE\",\"INTERNACIONAL\"],\"inLanguage\":\"pt-BR\",\"potentialAction\":[{\"@type\":\"CommentAction\",\"name\":\"Comment\",\"target\":[\"https:\\\/\\\/jornalboasnoticias.com.br\\\/home\\\/ex-lider-de-grupo-pagao-e-batizado-com-25-homens-na-prisao-avivamento\\\/#respond\"]}]},{\"@type\":\"WebPage\",\"@id\":\"https:\\\/\\\/jornalboasnoticias.com.br\\\/home\\\/ex-lider-de-grupo-pagao-e-batizado-com-25-homens-na-prisao-avivamento\\\/\",\"url\":\"https:\\\/\\\/jornalboasnoticias.com.br\\\/home\\\/ex-lider-de-grupo-pagao-e-batizado-com-25-homens-na-prisao-avivamento\\\/\",\"name\":\"Ex-l\u00edder de grupo pag\u00e3o \u00e9 batizado com 25 homens na pris\u00e3o: \u201cAvivamento\\\" - Jornal\",\"isPartOf\":{\"@id\":\"https:\\\/\\\/jornalboasnoticias.com.br\\\/home\\\/#website\"},\"primaryImageOfPage\":{\"@id\":\"https:\\\/\\\/jornalboasnoticias.com.br\\\/home\\\/ex-lider-de-grupo-pagao-e-batizado-com-25-homens-na-prisao-avivamento\\\/#primaryimage\"},\"image\":{\"@id\":\"https:\\\/\\\/jornalboasnoticias.com.br\\\/home\\\/ex-lider-de-grupo-pagao-e-batizado-com-25-homens-na-prisao-avivamento\\\/#primaryimage\"},\"thumbnailUrl\":\"https:\\\/\\\/jornalboasnoticias.com.br\\\/home\\\/wp-content\\\/uploads\\\/2024\\\/05\\\/147297239-batismo-na-prisao.webp\",\"datePublished\":\"2024-05-25T22:42:57+00:00\",\"description\":\"Ex-l\u00edder de grupo pag\u00e3o \u00e9 batizado com 25 homens na pris\u00e3o: \u201cAvivamento\\\"\",\"breadcrumb\":{\"@id\":\"https:\\\/\\\/jornalboasnoticias.com.br\\\/home\\\/ex-lider-de-grupo-pagao-e-batizado-com-25-homens-na-prisao-avivamento\\\/#breadcrumb\"},\"inLanguage\":\"pt-BR\",\"potentialAction\":[{\"@type\":\"ReadAction\",\"target\":[\"https:\\\/\\\/jornalboasnoticias.com.br\\\/home\\\/ex-lider-de-grupo-pagao-e-batizado-com-25-homens-na-prisao-avivamento\\\/\"]}]},{\"@type\":\"ImageObject\",\"inLanguage\":\"pt-BR\",\"@id\":\"https:\\\/\\\/jornalboasnoticias.com.br\\\/home\\\/ex-lider-de-grupo-pagao-e-batizado-com-25-homens-na-prisao-avivamento\\\/#primaryimage\",\"url\":\"https:\\\/\\\/jornalboasnoticias.com.br\\\/home\\\/wp-content\\\/uploads\\\/2024\\\/05\\\/147297239-batismo-na-prisao.webp\",\"contentUrl\":\"https:\\\/\\\/jornalboasnoticias.com.br\\\/home\\\/wp-content\\\/uploads\\\/2024\\\/05\\\/147297239-batismo-na-prisao.webp\",\"width\":840,\"height\":500},{\"@type\":\"BreadcrumbList\",\"@id\":\"https:\\\/\\\/jornalboasnoticias.com.br\\\/home\\\/ex-lider-de-grupo-pagao-e-batizado-com-25-homens-na-prisao-avivamento\\\/#breadcrumb\",\"itemListElement\":[{\"@type\":\"ListItem\",\"position\":1,\"name\":\"In\u00edcio\",\"item\":\"https:\\\/\\\/jornalboasnoticias.com.br\\\/home\\\/\"},{\"@type\":\"ListItem\",\"position\":2,\"name\":\"Ex-l\u00edder de grupo pag\u00e3o \u00e9 batizado com 25 homens na pris\u00e3o: \u201cAvivamento&#8221;\"}]},{\"@type\":\"WebSite\",\"@id\":\"https:\\\/\\\/jornalboasnoticias.com.br\\\/home\\\/#website\",\"url\":\"https:\\\/\\\/jornalboasnoticias.com.br\\\/home\\\/\",\"name\":\"Jornal Boas Not\u00edcias\",\"description\":\"Boas not\u00edcias\",\"publisher\":{\"@id\":\"https:\\\/\\\/jornalboasnoticias.com.br\\\/home\\\/#organization\"},\"potentialAction\":[{\"@type\":\"SearchAction\",\"target\":{\"@type\":\"EntryPoint\",\"urlTemplate\":\"https:\\\/\\\/jornalboasnoticias.com.br\\\/home\\\/?s={search_term_string}\"},\"query-input\":{\"@type\":\"PropertyValueSpecification\",\"valueRequired\":true,\"valueName\":\"search_term_string\"}}],\"inLanguage\":\"pt-BR\"},{\"@type\":\"Organization\",\"@id\":\"https:\\\/\\\/jornalboasnoticias.com.br\\\/home\\\/#organization\",\"name\":\"Coq Editora Ltda\",\"alternateName\":\"Jornal Boas Noticias\",\"url\":\"https:\\\/\\\/jornalboasnoticias.com.br\\\/home\\\/\",\"logo\":{\"@type\":\"ImageObject\",\"inLanguage\":\"pt-BR\",\"@id\":\"https:\\\/\\\/jornalboasnoticias.com.br\\\/home\\\/#\\\/schema\\\/logo\\\/image\\\/\",\"url\":\"https:\\\/\\\/jornalboasnoticias.com.br\\\/home\\\/wp-content\\\/uploads\\\/2024\\\/07\\\/cropped-logo.jpg\",\"contentUrl\":\"https:\\\/\\\/jornalboasnoticias.com.br\\\/home\\\/wp-content\\\/uploads\\\/2024\\\/07\\\/cropped-logo.jpg\",\"width\":290,\"height\":142,\"caption\":\"Coq Editora Ltda\"},\"image\":{\"@id\":\"https:\\\/\\\/jornalboasnoticias.com.br\\\/home\\\/#\\\/schema\\\/logo\\\/image\\\/\"},\"sameAs\":[\"https:\\\/\\\/www.facebook.com\\\/boasnoticiasjornal\"]},{\"@type\":\"Person\",\"@id\":\"https:\\\/\\\/jornalboasnoticias.com.br\\\/home\\\/#\\\/schema\\\/person\\\/75f9ebde398c998c166475fb446bda62\",\"name\":\"Luiz Carlos da Cruz\",\"image\":{\"@type\":\"ImageObject\",\"inLanguage\":\"pt-BR\",\"@id\":\"https:\\\/\\\/secure.gravatar.com\\\/avatar\\\/e6f4f45301b6cb8572f7b076572e8ac11c1db80e805d8c8d0858cf286ce3ac3b?s=96&d=mm&r=g\",\"url\":\"https:\\\/\\\/secure.gravatar.com\\\/avatar\\\/e6f4f45301b6cb8572f7b076572e8ac11c1db80e805d8c8d0858cf286ce3ac3b?s=96&d=mm&r=g\",\"contentUrl\":\"https:\\\/\\\/secure.gravatar.com\\\/avatar\\\/e6f4f45301b6cb8572f7b076572e8ac11c1db80e805d8c8d0858cf286ce3ac3b?s=96&d=mm&r=g\",\"caption\":\"Luiz Carlos da Cruz\"},\"url\":\"https:\\\/\\\/jornalboasnoticias.com.br\\\/home\\\/author\\\/luiz-carlos-da-cruz\\\/\"}]}<\/script>\n<!-- \/ Yoast SEO plugin. -->","yoast_head_json":{"title":"Ex-l\u00edder de grupo pag\u00e3o \u00e9 batizado com 25 homens na pris\u00e3o: \u201cAvivamento\" - Jornal","description":"Ex-l\u00edder de grupo pag\u00e3o \u00e9 batizado com 25 homens na pris\u00e3o: \u201cAvivamento\"","robots":{"index":"index","follow":"follow","max-snippet":"max-snippet:-1","max-image-preview":"max-image-preview:large","max-video-preview":"max-video-preview:-1"},"canonical":"https:\/\/jornalboasnoticias.com.br\/home\/ex-lider-de-grupo-pagao-e-batizado-com-25-homens-na-prisao-avivamento\/","og_locale":"pt_BR","og_type":"article","og_title":"Ex-l\u00edder de grupo pag\u00e3o \u00e9 batizado com 25 homens na pris\u00e3o: \u201cAvivamento\" - Jornal","og_description":"Ex-l\u00edder de grupo pag\u00e3o \u00e9 batizado com 25 homens na pris\u00e3o: \u201cAvivamento\"","og_url":"https:\/\/jornalboasnoticias.com.br\/home\/ex-lider-de-grupo-pagao-e-batizado-com-25-homens-na-prisao-avivamento\/","og_site_name":"Jornal","article_publisher":"https:\/\/www.facebook.com\/boasnoticiasjornal","article_published_time":"2024-05-25T22:42:57+00:00","og_image":[{"width":840,"height":500,"url":"https:\/\/jornalboasnoticias.com.br\/home\/wp-content\/uploads\/2024\/05\/147297239-batismo-na-prisao.webp","type":"image\/webp"}],"author":"Luiz Carlos da Cruz","twitter_card":"summary_large_image","twitter_misc":{"Escrito por":"Luiz Carlos da Cruz","Est. tempo de leitura":"3 minutos"},"schema":{"@context":"https:\/\/schema.org","@graph":[{"@type":"Article","@id":"https:\/\/jornalboasnoticias.com.br\/home\/ex-lider-de-grupo-pagao-e-batizado-com-25-homens-na-prisao-avivamento\/#article","isPartOf":{"@id":"https:\/\/jornalboasnoticias.com.br\/home\/ex-lider-de-grupo-pagao-e-batizado-com-25-homens-na-prisao-avivamento\/"},"author":{"name":"Luiz Carlos da Cruz","@id":"https:\/\/jornalboasnoticias.com.br\/home\/#\/schema\/person\/75f9ebde398c998c166475fb446bda62"},"headline":"Ex-l\u00edder de grupo pag\u00e3o \u00e9 batizado com 25 homens na pris\u00e3o: \u201cAvivamento&#8221;","datePublished":"2024-05-25T22:42:57+00:00","mainEntityOfPage":{"@id":"https:\/\/jornalboasnoticias.com.br\/home\/ex-lider-de-grupo-pagao-e-batizado-com-25-homens-na-prisao-avivamento\/"},"wordCount":513,"commentCount":0,"publisher":{"@id":"https:\/\/jornalboasnoticias.com.br\/home\/#organization"},"image":{"@id":"https:\/\/jornalboasnoticias.com.br\/home\/ex-lider-de-grupo-pagao-e-batizado-com-25-homens-na-prisao-avivamento\/#primaryimage"},"thumbnailUrl":"https:\/\/jornalboasnoticias.com.br\/home\/wp-content\/uploads\/2024\/05\/147297239-batismo-na-prisao.webp","articleSection":["DESTAQUE","INTERNACIONAL"],"inLanguage":"pt-BR","potentialAction":[{"@type":"CommentAction","name":"Comment","target":["https:\/\/jornalboasnoticias.com.br\/home\/ex-lider-de-grupo-pagao-e-batizado-com-25-homens-na-prisao-avivamento\/#respond"]}]},{"@type":"WebPage","@id":"https:\/\/jornalboasnoticias.com.br\/home\/ex-lider-de-grupo-pagao-e-batizado-com-25-homens-na-prisao-avivamento\/","url":"https:\/\/jornalboasnoticias.com.br\/home\/ex-lider-de-grupo-pagao-e-batizado-com-25-homens-na-prisao-avivamento\/","name":"Ex-l\u00edder de grupo pag\u00e3o \u00e9 batizado com 25 homens na pris\u00e3o: \u201cAvivamento\" - Jornal","isPartOf":{"@id":"https:\/\/jornalboasnoticias.com.br\/home\/#website"},"primaryImageOfPage":{"@id":"https:\/\/jornalboasnoticias.com.br\/home\/ex-lider-de-grupo-pagao-e-batizado-com-25-homens-na-prisao-avivamento\/#primaryimage"},"image":{"@id":"https:\/\/jornalboasnoticias.com.br\/home\/ex-lider-de-grupo-pagao-e-batizado-com-25-homens-na-prisao-avivamento\/#primaryimage"},"thumbnailUrl":"https:\/\/jornalboasnoticias.com.br\/home\/wp-content\/uploads\/2024\/05\/147297239-batismo-na-prisao.webp","datePublished":"2024-05-25T22:42:57+00:00","description":"Ex-l\u00edder de grupo pag\u00e3o \u00e9 batizado com 25 homens na pris\u00e3o: \u201cAvivamento\"","breadcrumb":{"@id":"https:\/\/jornalboasnoticias.com.br\/home\/ex-lider-de-grupo-pagao-e-batizado-com-25-homens-na-prisao-avivamento\/#breadcrumb"},"inLanguage":"pt-BR","potentialAction":[{"@type":"ReadAction","target":["https:\/\/jornalboasnoticias.com.br\/home\/ex-lider-de-grupo-pagao-e-batizado-com-25-homens-na-prisao-avivamento\/"]}]},{"@type":"ImageObject","inLanguage":"pt-BR","@id":"https:\/\/jornalboasnoticias.com.br\/home\/ex-lider-de-grupo-pagao-e-batizado-com-25-homens-na-prisao-avivamento\/#primaryimage","url":"https:\/\/jornalboasnoticias.com.br\/home\/wp-content\/uploads\/2024\/05\/147297239-batismo-na-prisao.webp","contentUrl":"https:\/\/jornalboasnoticias.com.br\/home\/wp-content\/uploads\/2024\/05\/147297239-batismo-na-prisao.webp","width":840,"height":500},{"@type":"BreadcrumbList","@id":"https:\/\/jornalboasnoticias.com.br\/home\/ex-lider-de-grupo-pagao-e-batizado-com-25-homens-na-prisao-avivamento\/#breadcrumb","itemListElement":[{"@type":"ListItem","position":1,"name":"In\u00edcio","item":"https:\/\/jornalboasnoticias.com.br\/home\/"},{"@type":"ListItem","position":2,"name":"Ex-l\u00edder de grupo pag\u00e3o \u00e9 batizado com 25 homens na pris\u00e3o: \u201cAvivamento&#8221;"}]},{"@type":"WebSite","@id":"https:\/\/jornalboasnoticias.com.br\/home\/#website","url":"https:\/\/jornalboasnoticias.com.br\/home\/","name":"Jornal Boas Not\u00edcias","description":"Boas not\u00edcias","publisher":{"@id":"https:\/\/jornalboasnoticias.com.br\/home\/#organization"},"potentialAction":[{"@type":"SearchAction","target":{"@type":"EntryPoint","urlTemplate":"https:\/\/jornalboasnoticias.com.br\/home\/?s={search_term_string}"},"query-input":{"@type":"PropertyValueSpecification","valueRequired":true,"valueName":"search_term_string"}}],"inLanguage":"pt-BR"},{"@type":"Organization","@id":"https:\/\/jornalboasnoticias.com.br\/home\/#organization","name":"Coq Editora Ltda","alternateName":"Jornal Boas Noticias","url":"https:\/\/jornalboasnoticias.com.br\/home\/","logo":{"@type":"ImageObject","inLanguage":"pt-BR","@id":"https:\/\/jornalboasnoticias.com.br\/home\/#\/schema\/logo\/image\/","url":"https:\/\/jornalboasnoticias.com.br\/home\/wp-content\/uploads\/2024\/07\/cropped-logo.jpg","contentUrl":"https:\/\/jornalboasnoticias.com.br\/home\/wp-content\/uploads\/2024\/07\/cropped-logo.jpg","width":290,"height":142,"caption":"Coq Editora Ltda"},"image":{"@id":"https:\/\/jornalboasnoticias.com.br\/home\/#\/schema\/logo\/image\/"},"sameAs":["https:\/\/www.facebook.com\/boasnoticiasjornal"]},{"@type":"Person","@id":"https:\/\/jornalboasnoticias.com.br\/home\/#\/schema\/person\/75f9ebde398c998c166475fb446bda62","name":"Luiz Carlos da Cruz","image":{"@type":"ImageObject","inLanguage":"pt-BR","@id":"https:\/\/secure.gravatar.com\/avatar\/e6f4f45301b6cb8572f7b076572e8ac11c1db80e805d8c8d0858cf286ce3ac3b?s=96&d=mm&r=g","url":"https:\/\/secure.gravatar.com\/avatar\/e6f4f45301b6cb8572f7b076572e8ac11c1db80e805d8c8d0858cf286ce3ac3b?s=96&d=mm&r=g","contentUrl":"https:\/\/secure.gravatar.com\/avatar\/e6f4f45301b6cb8572f7b076572e8ac11c1db80e805d8c8d0858cf286ce3ac3b?s=96&d=mm&r=g","caption":"Luiz Carlos da Cruz"},"url":"https:\/\/jornalboasnoticias.com.br\/home\/author\/luiz-carlos-da-cruz\/"}]}},"_links":{"self":[{"href":"https:\/\/jornalboasnoticias.com.br\/home\/wp-json\/wp\/v2\/posts\/42856","targetHints":{"allow":["GET"]}}],"collection":[{"href":"https:\/\/jornalboasnoticias.com.br\/home\/wp-json\/wp\/v2\/posts"}],"about":[{"href":"https:\/\/jornalboasnoticias.com.br\/home\/wp-json\/wp\/v2\/types\/post"}],"author":[{"embeddable":true,"href":"https:\/\/jornalboasnoticias.com.br\/home\/wp-json\/wp\/v2\/users\/3"}],"replies":[{"embeddable":true,"href":"https:\/\/jornalboasnoticias.com.br\/home\/wp-json\/wp\/v2\/comments?post=42856"}],"version-history":[{"count":0,"href":"https:\/\/jornalboasnoticias.com.br\/home\/wp-json\/wp\/v2\/posts\/42856\/revisions"}],"wp:featuredmedia":[{"embeddable":true,"href":"https:\/\/jornalboasnoticias.com.br\/home\/wp-json\/wp\/v2\/media\/42857"}],"wp:attachment":[{"href":"https:\/\/jornalboasnoticias.com.br\/home\/wp-json\/wp\/v2\/media?parent=42856"}],"wp:term":[{"taxonomy":"category","embeddable":true,"href":"https:\/\/jornalboasnoticias.com.br\/home\/wp-json\/wp\/v2\/categories?post=42856"},{"taxonomy":"post_tag","embeddable":true,"href":"https:\/\/jornalboasnoticias.com.br\/home\/wp-json\/wp\/v2\/tags?post=42856"}],"curies":[{"name":"wp","href":"https:\/\/api.w.org\/{rel}","templated":true}]}}