{"id":42826,"date":"2024-05-22T16:36:22","date_gmt":"2024-05-22T19:36:22","guid":{"rendered":"https:\/\/www.jornalboasnoticias.com.br\/?p=42826"},"modified":"2024-05-22T16:36:22","modified_gmt":"2024-05-22T19:36:22","slug":"campanha-de-vacinacao-contra-a-poliomielite-comeca-na-segunda-feira-em-todo-o-parana","status":"publish","type":"post","link":"https:\/\/jornalboasnoticias.com.br\/home\/campanha-de-vacinacao-contra-a-poliomielite-comeca-na-segunda-feira-em-todo-o-parana\/","title":{"rendered":"Campanha de vacina\u00e7\u00e3o contra a poliomielite come\u00e7a na segunda-feira em todo o Paran\u00e1"},"content":{"rendered":"<blockquote>\n<p style=\"text-align: center;\">Pais e respons\u00e1veis devem refor\u00e7ar a prote\u00e7\u00e3o das crian\u00e7as menores de cinco anos contra a doen\u00e7a.<\/p>\n<\/blockquote>\n<figure id=\"attachment_29913\" aria-describedby=\"caption-attachment-29913\" style=\"width: 800px\" class=\"wp-caption aligncenter\"><img loading=\"lazy\" decoding=\"async\" class=\"wp-image-29913 size-full\" src=\"https:\/\/portalcantagalo.com.br\/wp-content\/uploads\/2024\/05\/IMG_3626-scaled-e1716406061900.jpeg\" alt=\"\" width=\"800\" height=\"533\" \/><figcaption id=\"caption-attachment-29913\" class=\"wp-caption-text\">Foto: Venilton K\u00fcchler<\/figcaption><\/figure>\n<p>A Campanha Nacional de Vacina\u00e7\u00e3o contra a Poliomielite do Minist\u00e9rio da Sa\u00fade acontece entre 27 de maio e 14 de junho, com imuniza\u00e7\u00e3o em todo o Paran\u00e1 \u2013 8 de junho ser\u00e1 o Dia D de mobiliza\u00e7\u00e3o estadual. Pais e respons\u00e1veis devem refor\u00e7ar a prote\u00e7\u00e3o das crian\u00e7as menores de cinco anos contra a doen\u00e7a. As doses estar\u00e3o dispon\u00edveis a partir de segunda-feira (27) nas mais de 1.850 salas de vacina\u00e7\u00e3o em todos os 399 munic\u00edpios.<\/p>\n<p>Os munic\u00edpios ter\u00e3o autonomia para definir a estrat\u00e9gia mais adequada para a mobiliza\u00e7\u00e3o da imuniza\u00e7\u00e3o, de acordo com a realidade local.<\/p>\n<p>No Paran\u00e1, a expectativa \u00e9 que 717.915 crian\u00e7as menores de cinco anos recebam a dose. Aquelas menores de um ano (139.732) dever\u00e3o ser vacinadas conforme a situa\u00e7\u00e3o vacinal atual para o esquema prim\u00e1rio (tr\u00eas doses da vacina inativada poliomielite \u2014 VIP). As crian\u00e7as de um a quatro anos (578.183) devem ser vacinadas indiscriminadamente com a vacina oral poliomielite (VOP), desde que j\u00e1 tenham recebido o esquema prim\u00e1rio de tr\u00eas doses com VIP.<\/p>\n<p>As vacinas VIP e VOP s\u00e3o diferentes entre si. Embora as duas imunizem contra a poliomielite, a VIP \u00e9 injet\u00e1vel, com tr\u00eas cepas, poliov\u00edrus 1,2 3, feita apenas com part\u00edculas do v\u00edrus, enquanto a VOP, que \u00e9 a de gotinhas, \u00e9 feita com o v\u00edrus enfraquecido, com duas cepas, poliv\u00edrus 1 e 3.\u00a0Esta ser\u00e1 a \u00faltima campanha de vacina\u00e7\u00e3o contra a poliomielite com a vacina oral.<\/p>\n<p>A Campanha Nacional de Vacina\u00e7\u00e3o contra a Poliomielite tem como objetivos conter o risco de reintrodu\u00e7\u00e3o do poliov\u00edrus, alcan\u00e7ar alta e homog\u00eanea cobertura vacinal e manter o Pa\u00eds livre da doen\u00e7a, uma vez que recebeu a classifica\u00e7\u00e3o de alto risco para a reintrodu\u00e7\u00e3o do poliov\u00edrus selvagem pela Comiss\u00e3o Regional para a Certifica\u00e7\u00e3o da Erradica\u00e7\u00e3o da Poliomielite na Regi\u00e3o das Am\u00e9ricas (RCC), em 2023.<\/p>\n<p>Para essa classifica\u00e7\u00e3o foram considerados o desempenho das coberturas vacinais, dos indicadores de vigil\u00e2ncia epidemiol\u00f3gica das Paralisias Fl\u00e1cidas Agudas (PFA), entre outros.<\/p>\n<h2><strong>META<\/strong><\/h2>\n<p>A cobertura vacinal da poliomielite ainda n\u00e3o alcan\u00e7ou a meta preconizada em todo o Pa\u00eds (\u2265 95%). O Programa Nacional de Imuniza\u00e7\u00f5es (PNI) est\u00e1 trabalhando para melhorar os indicadores.<\/p>\n<p>Nos \u00faltimos anos a cobertura vacinal da poliomielite (VIP) no Paran\u00e1 em crian\u00e7as menores de um ano de idade foi de 80,75% (2021), 84,12% (2022) e 89,96% (2023). No ranking nacional o Estado figura entre os cinco primeiros. Entre eles est\u00e3o Cear\u00e1 (93%), Piau\u00ed (92%), Santa Catarina (90%) e Rond\u00f4nia, Paran\u00e1 e Alagoas, com 89%.<\/p>\n<h2><strong>P\u00d3LIO<\/strong><\/h2>\n<p>A poliomielite \u00e9 uma doen\u00e7a grave caracterizada por um quadro de paralisia fl\u00e1cida causada pelo poliov\u00edrus selvagem (PVS) tipo 1, 2 ou 3, que em geral acomete os membros inferiores, de forma assim\u00e9trica e irrevers\u00edvel. A vacina contra a Poliomielite \u00e9 composta por tr\u00eas doses aos 2, 4 e 6 meses de vida, conforme o Calend\u00e1rio Nacional de Vacina\u00e7\u00e3o, al\u00e9m das doses de refor\u00e7o aos 15 meses e 4 anos de idade.<\/p>\n<p><em>Ag\u00eancia Estadual de Not\u00edcias\u00a0<\/em><\/p>\n","protected":false},"excerpt":{"rendered":"<p>Pais e respons\u00e1veis devem refor\u00e7ar a prote\u00e7\u00e3o das crian\u00e7as menores de cinco anos contra a<\/p>\n","protected":false},"author":2,"featured_media":42827,"comment_status":"open","ping_status":"open","sticky":false,"template":"","format":"standard","meta":{"footnotes":""},"categories":[4],"tags":[],"class_list":["post-42826","post","type-post","status-publish","format-standard","has-post-thumbnail","hentry","category-parana"],"yoast_head":"<!-- This site is optimized with the Yoast SEO plugin v27.5 - https:\/\/yoast.com\/product\/yoast-seo-wordpress\/ -->\n<title>Campanha de vacina\u00e7\u00e3o contra a poliomielite come\u00e7a na segunda-feira em todo o Paran\u00e1 - Jornal<\/title>\n<meta name=\"description\" content=\"Campanha de vacina\u00e7\u00e3o contra a poliomielite come\u00e7a na segunda-feira em todo o Paran\u00e1\" \/>\n<meta name=\"robots\" content=\"index, follow, max-snippet:-1, max-image-preview:large, max-video-preview:-1\" \/>\n<link rel=\"canonical\" href=\"https:\/\/jornalboasnoticias.com.br\/home\/campanha-de-vacinacao-contra-a-poliomielite-comeca-na-segunda-feira-em-todo-o-parana\/\" \/>\n<meta property=\"og:locale\" content=\"pt_BR\" \/>\n<meta property=\"og:type\" content=\"article\" \/>\n<meta property=\"og:title\" content=\"Campanha de vacina\u00e7\u00e3o contra a poliomielite come\u00e7a na segunda-feira em todo o Paran\u00e1 - Jornal\" \/>\n<meta property=\"og:description\" content=\"Campanha de vacina\u00e7\u00e3o contra a poliomielite come\u00e7a na segunda-feira em todo o Paran\u00e1\" \/>\n<meta property=\"og:url\" content=\"https:\/\/jornalboasnoticias.com.br\/home\/campanha-de-vacinacao-contra-a-poliomielite-comeca-na-segunda-feira-em-todo-o-parana\/\" \/>\n<meta property=\"og:site_name\" content=\"Jornal\" \/>\n<meta property=\"article:publisher\" content=\"https:\/\/www.facebook.com\/boasnoticiasjornal\" \/>\n<meta property=\"article:published_time\" content=\"2024-05-22T19:36:22+00:00\" \/>\n<meta property=\"og:image\" content=\"https:\/\/jornalboasnoticias.com.br\/home\/wp-content\/uploads\/2024\/05\/IMG_3626-scaled-1.jpeg\" \/>\n\t<meta property=\"og:image:width\" content=\"2560\" \/>\n\t<meta property=\"og:image:height\" content=\"1707\" \/>\n\t<meta property=\"og:image:type\" content=\"image\/jpeg\" \/>\n<meta name=\"author\" content=\"Maria Bonatto\" \/>\n<meta name=\"twitter:card\" content=\"summary_large_image\" \/>\n<meta name=\"twitter:label1\" content=\"Escrito por\" \/>\n\t<meta name=\"twitter:data1\" content=\"Maria Bonatto\" \/>\n\t<meta name=\"twitter:label2\" content=\"Est. tempo de leitura\" \/>\n\t<meta name=\"twitter:data2\" content=\"3 minutos\" \/>\n<script type=\"application\/ld+json\" class=\"yoast-schema-graph\">{\"@context\":\"https:\\\/\\\/schema.org\",\"@graph\":[{\"@type\":\"Article\",\"@id\":\"https:\\\/\\\/jornalboasnoticias.com.br\\\/home\\\/campanha-de-vacinacao-contra-a-poliomielite-comeca-na-segunda-feira-em-todo-o-parana\\\/#article\",\"isPartOf\":{\"@id\":\"https:\\\/\\\/jornalboasnoticias.com.br\\\/home\\\/campanha-de-vacinacao-contra-a-poliomielite-comeca-na-segunda-feira-em-todo-o-parana\\\/\"},\"author\":{\"name\":\"Maria Bonatto\",\"@id\":\"https:\\\/\\\/jornalboasnoticias.com.br\\\/home\\\/#\\\/schema\\\/person\\\/71a4be4d1685617d6d00f15f0f2952ee\"},\"headline\":\"Campanha de vacina\u00e7\u00e3o contra a poliomielite come\u00e7a na segunda-feira em todo o Paran\u00e1\",\"datePublished\":\"2024-05-22T19:36:22+00:00\",\"mainEntityOfPage\":{\"@id\":\"https:\\\/\\\/jornalboasnoticias.com.br\\\/home\\\/campanha-de-vacinacao-contra-a-poliomielite-comeca-na-segunda-feira-em-todo-o-parana\\\/\"},\"wordCount\":562,\"commentCount\":0,\"publisher\":{\"@id\":\"https:\\\/\\\/jornalboasnoticias.com.br\\\/home\\\/#organization\"},\"image\":{\"@id\":\"https:\\\/\\\/jornalboasnoticias.com.br\\\/home\\\/campanha-de-vacinacao-contra-a-poliomielite-comeca-na-segunda-feira-em-todo-o-parana\\\/#primaryimage\"},\"thumbnailUrl\":\"https:\\\/\\\/jornalboasnoticias.com.br\\\/home\\\/wp-content\\\/uploads\\\/2024\\\/05\\\/IMG_3626-scaled-1.jpeg\",\"articleSection\":[\"PARAN\u00c1\"],\"inLanguage\":\"pt-BR\",\"potentialAction\":[{\"@type\":\"CommentAction\",\"name\":\"Comment\",\"target\":[\"https:\\\/\\\/jornalboasnoticias.com.br\\\/home\\\/campanha-de-vacinacao-contra-a-poliomielite-comeca-na-segunda-feira-em-todo-o-parana\\\/#respond\"]}]},{\"@type\":\"WebPage\",\"@id\":\"https:\\\/\\\/jornalboasnoticias.com.br\\\/home\\\/campanha-de-vacinacao-contra-a-poliomielite-comeca-na-segunda-feira-em-todo-o-parana\\\/\",\"url\":\"https:\\\/\\\/jornalboasnoticias.com.br\\\/home\\\/campanha-de-vacinacao-contra-a-poliomielite-comeca-na-segunda-feira-em-todo-o-parana\\\/\",\"name\":\"Campanha de vacina\u00e7\u00e3o contra a poliomielite come\u00e7a na segunda-feira em todo o Paran\u00e1 - Jornal\",\"isPartOf\":{\"@id\":\"https:\\\/\\\/jornalboasnoticias.com.br\\\/home\\\/#website\"},\"primaryImageOfPage\":{\"@id\":\"https:\\\/\\\/jornalboasnoticias.com.br\\\/home\\\/campanha-de-vacinacao-contra-a-poliomielite-comeca-na-segunda-feira-em-todo-o-parana\\\/#primaryimage\"},\"image\":{\"@id\":\"https:\\\/\\\/jornalboasnoticias.com.br\\\/home\\\/campanha-de-vacinacao-contra-a-poliomielite-comeca-na-segunda-feira-em-todo-o-parana\\\/#primaryimage\"},\"thumbnailUrl\":\"https:\\\/\\\/jornalboasnoticias.com.br\\\/home\\\/wp-content\\\/uploads\\\/2024\\\/05\\\/IMG_3626-scaled-1.jpeg\",\"datePublished\":\"2024-05-22T19:36:22+00:00\",\"description\":\"Campanha de vacina\u00e7\u00e3o contra a poliomielite come\u00e7a na segunda-feira em todo o Paran\u00e1\",\"breadcrumb\":{\"@id\":\"https:\\\/\\\/jornalboasnoticias.com.br\\\/home\\\/campanha-de-vacinacao-contra-a-poliomielite-comeca-na-segunda-feira-em-todo-o-parana\\\/#breadcrumb\"},\"inLanguage\":\"pt-BR\",\"potentialAction\":[{\"@type\":\"ReadAction\",\"target\":[\"https:\\\/\\\/jornalboasnoticias.com.br\\\/home\\\/campanha-de-vacinacao-contra-a-poliomielite-comeca-na-segunda-feira-em-todo-o-parana\\\/\"]}]},{\"@type\":\"ImageObject\",\"inLanguage\":\"pt-BR\",\"@id\":\"https:\\\/\\\/jornalboasnoticias.com.br\\\/home\\\/campanha-de-vacinacao-contra-a-poliomielite-comeca-na-segunda-feira-em-todo-o-parana\\\/#primaryimage\",\"url\":\"https:\\\/\\\/jornalboasnoticias.com.br\\\/home\\\/wp-content\\\/uploads\\\/2024\\\/05\\\/IMG_3626-scaled-1.jpeg\",\"contentUrl\":\"https:\\\/\\\/jornalboasnoticias.com.br\\\/home\\\/wp-content\\\/uploads\\\/2024\\\/05\\\/IMG_3626-scaled-1.jpeg\",\"width\":2560,\"height\":1707,\"caption\":\"Vacina\u00e7\u00e3o. Foto: Venilton K\u00fcchler\"},{\"@type\":\"BreadcrumbList\",\"@id\":\"https:\\\/\\\/jornalboasnoticias.com.br\\\/home\\\/campanha-de-vacinacao-contra-a-poliomielite-comeca-na-segunda-feira-em-todo-o-parana\\\/#breadcrumb\",\"itemListElement\":[{\"@type\":\"ListItem\",\"position\":1,\"name\":\"In\u00edcio\",\"item\":\"https:\\\/\\\/jornalboasnoticias.com.br\\\/home\\\/\"},{\"@type\":\"ListItem\",\"position\":2,\"name\":\"Campanha de vacina\u00e7\u00e3o contra a poliomielite come\u00e7a na segunda-feira em todo o Paran\u00e1\"}]},{\"@type\":\"WebSite\",\"@id\":\"https:\\\/\\\/jornalboasnoticias.com.br\\\/home\\\/#website\",\"url\":\"https:\\\/\\\/jornalboasnoticias.com.br\\\/home\\\/\",\"name\":\"Jornal Boas Not\u00edcias\",\"description\":\"Boas not\u00edcias\",\"publisher\":{\"@id\":\"https:\\\/\\\/jornalboasnoticias.com.br\\\/home\\\/#organization\"},\"potentialAction\":[{\"@type\":\"SearchAction\",\"target\":{\"@type\":\"EntryPoint\",\"urlTemplate\":\"https:\\\/\\\/jornalboasnoticias.com.br\\\/home\\\/?s={search_term_string}\"},\"query-input\":{\"@type\":\"PropertyValueSpecification\",\"valueRequired\":true,\"valueName\":\"search_term_string\"}}],\"inLanguage\":\"pt-BR\"},{\"@type\":\"Organization\",\"@id\":\"https:\\\/\\\/jornalboasnoticias.com.br\\\/home\\\/#organization\",\"name\":\"Coq Editora Ltda\",\"alternateName\":\"Jornal Boas Noticias\",\"url\":\"https:\\\/\\\/jornalboasnoticias.com.br\\\/home\\\/\",\"logo\":{\"@type\":\"ImageObject\",\"inLanguage\":\"pt-BR\",\"@id\":\"https:\\\/\\\/jornalboasnoticias.com.br\\\/home\\\/#\\\/schema\\\/logo\\\/image\\\/\",\"url\":\"https:\\\/\\\/jornalboasnoticias.com.br\\\/home\\\/wp-content\\\/uploads\\\/2024\\\/07\\\/cropped-logo.jpg\",\"contentUrl\":\"https:\\\/\\\/jornalboasnoticias.com.br\\\/home\\\/wp-content\\\/uploads\\\/2024\\\/07\\\/cropped-logo.jpg\",\"width\":290,\"height\":142,\"caption\":\"Coq Editora Ltda\"},\"image\":{\"@id\":\"https:\\\/\\\/jornalboasnoticias.com.br\\\/home\\\/#\\\/schema\\\/logo\\\/image\\\/\"},\"sameAs\":[\"https:\\\/\\\/www.facebook.com\\\/boasnoticiasjornal\"]},{\"@type\":\"Person\",\"@id\":\"https:\\\/\\\/jornalboasnoticias.com.br\\\/home\\\/#\\\/schema\\\/person\\\/71a4be4d1685617d6d00f15f0f2952ee\",\"name\":\"Maria Bonatto\",\"image\":{\"@type\":\"ImageObject\",\"inLanguage\":\"pt-BR\",\"@id\":\"https:\\\/\\\/secure.gravatar.com\\\/avatar\\\/61bdbd92f7d53dd2fedfe556279602d97507ae906fdeb9624602488dcdcd042f?s=96&d=mm&r=g\",\"url\":\"https:\\\/\\\/secure.gravatar.com\\\/avatar\\\/61bdbd92f7d53dd2fedfe556279602d97507ae906fdeb9624602488dcdcd042f?s=96&d=mm&r=g\",\"contentUrl\":\"https:\\\/\\\/secure.gravatar.com\\\/avatar\\\/61bdbd92f7d53dd2fedfe556279602d97507ae906fdeb9624602488dcdcd042f?s=96&d=mm&r=g\",\"caption\":\"Maria Bonatto\"},\"url\":\"https:\\\/\\\/jornalboasnoticias.com.br\\\/home\\\/author\\\/ana-bonatto\\\/\"}]}<\/script>\n<!-- \/ Yoast SEO plugin. -->","yoast_head_json":{"title":"Campanha de vacina\u00e7\u00e3o contra a poliomielite come\u00e7a na segunda-feira em todo o Paran\u00e1 - Jornal","description":"Campanha de vacina\u00e7\u00e3o contra a poliomielite come\u00e7a na segunda-feira em todo o Paran\u00e1","robots":{"index":"index","follow":"follow","max-snippet":"max-snippet:-1","max-image-preview":"max-image-preview:large","max-video-preview":"max-video-preview:-1"},"canonical":"https:\/\/jornalboasnoticias.com.br\/home\/campanha-de-vacinacao-contra-a-poliomielite-comeca-na-segunda-feira-em-todo-o-parana\/","og_locale":"pt_BR","og_type":"article","og_title":"Campanha de vacina\u00e7\u00e3o contra a poliomielite come\u00e7a na segunda-feira em todo o Paran\u00e1 - Jornal","og_description":"Campanha de vacina\u00e7\u00e3o contra a poliomielite come\u00e7a na segunda-feira em todo o Paran\u00e1","og_url":"https:\/\/jornalboasnoticias.com.br\/home\/campanha-de-vacinacao-contra-a-poliomielite-comeca-na-segunda-feira-em-todo-o-parana\/","og_site_name":"Jornal","article_publisher":"https:\/\/www.facebook.com\/boasnoticiasjornal","article_published_time":"2024-05-22T19:36:22+00:00","og_image":[{"width":2560,"height":1707,"url":"https:\/\/jornalboasnoticias.com.br\/home\/wp-content\/uploads\/2024\/05\/IMG_3626-scaled-1.jpeg","type":"image\/jpeg"}],"author":"Maria Bonatto","twitter_card":"summary_large_image","twitter_misc":{"Escrito por":"Maria Bonatto","Est. tempo de leitura":"3 minutos"},"schema":{"@context":"https:\/\/schema.org","@graph":[{"@type":"Article","@id":"https:\/\/jornalboasnoticias.com.br\/home\/campanha-de-vacinacao-contra-a-poliomielite-comeca-na-segunda-feira-em-todo-o-parana\/#article","isPartOf":{"@id":"https:\/\/jornalboasnoticias.com.br\/home\/campanha-de-vacinacao-contra-a-poliomielite-comeca-na-segunda-feira-em-todo-o-parana\/"},"author":{"name":"Maria Bonatto","@id":"https:\/\/jornalboasnoticias.com.br\/home\/#\/schema\/person\/71a4be4d1685617d6d00f15f0f2952ee"},"headline":"Campanha de vacina\u00e7\u00e3o contra a poliomielite come\u00e7a na segunda-feira em todo o Paran\u00e1","datePublished":"2024-05-22T19:36:22+00:00","mainEntityOfPage":{"@id":"https:\/\/jornalboasnoticias.com.br\/home\/campanha-de-vacinacao-contra-a-poliomielite-comeca-na-segunda-feira-em-todo-o-parana\/"},"wordCount":562,"commentCount":0,"publisher":{"@id":"https:\/\/jornalboasnoticias.com.br\/home\/#organization"},"image":{"@id":"https:\/\/jornalboasnoticias.com.br\/home\/campanha-de-vacinacao-contra-a-poliomielite-comeca-na-segunda-feira-em-todo-o-parana\/#primaryimage"},"thumbnailUrl":"https:\/\/jornalboasnoticias.com.br\/home\/wp-content\/uploads\/2024\/05\/IMG_3626-scaled-1.jpeg","articleSection":["PARAN\u00c1"],"inLanguage":"pt-BR","potentialAction":[{"@type":"CommentAction","name":"Comment","target":["https:\/\/jornalboasnoticias.com.br\/home\/campanha-de-vacinacao-contra-a-poliomielite-comeca-na-segunda-feira-em-todo-o-parana\/#respond"]}]},{"@type":"WebPage","@id":"https:\/\/jornalboasnoticias.com.br\/home\/campanha-de-vacinacao-contra-a-poliomielite-comeca-na-segunda-feira-em-todo-o-parana\/","url":"https:\/\/jornalboasnoticias.com.br\/home\/campanha-de-vacinacao-contra-a-poliomielite-comeca-na-segunda-feira-em-todo-o-parana\/","name":"Campanha de vacina\u00e7\u00e3o contra a poliomielite come\u00e7a na segunda-feira em todo o Paran\u00e1 - Jornal","isPartOf":{"@id":"https:\/\/jornalboasnoticias.com.br\/home\/#website"},"primaryImageOfPage":{"@id":"https:\/\/jornalboasnoticias.com.br\/home\/campanha-de-vacinacao-contra-a-poliomielite-comeca-na-segunda-feira-em-todo-o-parana\/#primaryimage"},"image":{"@id":"https:\/\/jornalboasnoticias.com.br\/home\/campanha-de-vacinacao-contra-a-poliomielite-comeca-na-segunda-feira-em-todo-o-parana\/#primaryimage"},"thumbnailUrl":"https:\/\/jornalboasnoticias.com.br\/home\/wp-content\/uploads\/2024\/05\/IMG_3626-scaled-1.jpeg","datePublished":"2024-05-22T19:36:22+00:00","description":"Campanha de vacina\u00e7\u00e3o contra a poliomielite come\u00e7a na segunda-feira em todo o Paran\u00e1","breadcrumb":{"@id":"https:\/\/jornalboasnoticias.com.br\/home\/campanha-de-vacinacao-contra-a-poliomielite-comeca-na-segunda-feira-em-todo-o-parana\/#breadcrumb"},"inLanguage":"pt-BR","potentialAction":[{"@type":"ReadAction","target":["https:\/\/jornalboasnoticias.com.br\/home\/campanha-de-vacinacao-contra-a-poliomielite-comeca-na-segunda-feira-em-todo-o-parana\/"]}]},{"@type":"ImageObject","inLanguage":"pt-BR","@id":"https:\/\/jornalboasnoticias.com.br\/home\/campanha-de-vacinacao-contra-a-poliomielite-comeca-na-segunda-feira-em-todo-o-parana\/#primaryimage","url":"https:\/\/jornalboasnoticias.com.br\/home\/wp-content\/uploads\/2024\/05\/IMG_3626-scaled-1.jpeg","contentUrl":"https:\/\/jornalboasnoticias.com.br\/home\/wp-content\/uploads\/2024\/05\/IMG_3626-scaled-1.jpeg","width":2560,"height":1707,"caption":"Vacina\u00e7\u00e3o. Foto: Venilton K\u00fcchler"},{"@type":"BreadcrumbList","@id":"https:\/\/jornalboasnoticias.com.br\/home\/campanha-de-vacinacao-contra-a-poliomielite-comeca-na-segunda-feira-em-todo-o-parana\/#breadcrumb","itemListElement":[{"@type":"ListItem","position":1,"name":"In\u00edcio","item":"https:\/\/jornalboasnoticias.com.br\/home\/"},{"@type":"ListItem","position":2,"name":"Campanha de vacina\u00e7\u00e3o contra a poliomielite come\u00e7a na segunda-feira em todo o Paran\u00e1"}]},{"@type":"WebSite","@id":"https:\/\/jornalboasnoticias.com.br\/home\/#website","url":"https:\/\/jornalboasnoticias.com.br\/home\/","name":"Jornal Boas Not\u00edcias","description":"Boas not\u00edcias","publisher":{"@id":"https:\/\/jornalboasnoticias.com.br\/home\/#organization"},"potentialAction":[{"@type":"SearchAction","target":{"@type":"EntryPoint","urlTemplate":"https:\/\/jornalboasnoticias.com.br\/home\/?s={search_term_string}"},"query-input":{"@type":"PropertyValueSpecification","valueRequired":true,"valueName":"search_term_string"}}],"inLanguage":"pt-BR"},{"@type":"Organization","@id":"https:\/\/jornalboasnoticias.com.br\/home\/#organization","name":"Coq Editora Ltda","alternateName":"Jornal Boas Noticias","url":"https:\/\/jornalboasnoticias.com.br\/home\/","logo":{"@type":"ImageObject","inLanguage":"pt-BR","@id":"https:\/\/jornalboasnoticias.com.br\/home\/#\/schema\/logo\/image\/","url":"https:\/\/jornalboasnoticias.com.br\/home\/wp-content\/uploads\/2024\/07\/cropped-logo.jpg","contentUrl":"https:\/\/jornalboasnoticias.com.br\/home\/wp-content\/uploads\/2024\/07\/cropped-logo.jpg","width":290,"height":142,"caption":"Coq Editora Ltda"},"image":{"@id":"https:\/\/jornalboasnoticias.com.br\/home\/#\/schema\/logo\/image\/"},"sameAs":["https:\/\/www.facebook.com\/boasnoticiasjornal"]},{"@type":"Person","@id":"https:\/\/jornalboasnoticias.com.br\/home\/#\/schema\/person\/71a4be4d1685617d6d00f15f0f2952ee","name":"Maria Bonatto","image":{"@type":"ImageObject","inLanguage":"pt-BR","@id":"https:\/\/secure.gravatar.com\/avatar\/61bdbd92f7d53dd2fedfe556279602d97507ae906fdeb9624602488dcdcd042f?s=96&d=mm&r=g","url":"https:\/\/secure.gravatar.com\/avatar\/61bdbd92f7d53dd2fedfe556279602d97507ae906fdeb9624602488dcdcd042f?s=96&d=mm&r=g","contentUrl":"https:\/\/secure.gravatar.com\/avatar\/61bdbd92f7d53dd2fedfe556279602d97507ae906fdeb9624602488dcdcd042f?s=96&d=mm&r=g","caption":"Maria Bonatto"},"url":"https:\/\/jornalboasnoticias.com.br\/home\/author\/ana-bonatto\/"}]}},"_links":{"self":[{"href":"https:\/\/jornalboasnoticias.com.br\/home\/wp-json\/wp\/v2\/posts\/42826","targetHints":{"allow":["GET"]}}],"collection":[{"href":"https:\/\/jornalboasnoticias.com.br\/home\/wp-json\/wp\/v2\/posts"}],"about":[{"href":"https:\/\/jornalboasnoticias.com.br\/home\/wp-json\/wp\/v2\/types\/post"}],"author":[{"embeddable":true,"href":"https:\/\/jornalboasnoticias.com.br\/home\/wp-json\/wp\/v2\/users\/2"}],"replies":[{"embeddable":true,"href":"https:\/\/jornalboasnoticias.com.br\/home\/wp-json\/wp\/v2\/comments?post=42826"}],"version-history":[{"count":0,"href":"https:\/\/jornalboasnoticias.com.br\/home\/wp-json\/wp\/v2\/posts\/42826\/revisions"}],"wp:featuredmedia":[{"embeddable":true,"href":"https:\/\/jornalboasnoticias.com.br\/home\/wp-json\/wp\/v2\/media\/42827"}],"wp:attachment":[{"href":"https:\/\/jornalboasnoticias.com.br\/home\/wp-json\/wp\/v2\/media?parent=42826"}],"wp:term":[{"taxonomy":"category","embeddable":true,"href":"https:\/\/jornalboasnoticias.com.br\/home\/wp-json\/wp\/v2\/categories?post=42826"},{"taxonomy":"post_tag","embeddable":true,"href":"https:\/\/jornalboasnoticias.com.br\/home\/wp-json\/wp\/v2\/tags?post=42826"}],"curies":[{"name":"wp","href":"https:\/\/api.w.org\/{rel}","templated":true}]}}