{"id":42801,"date":"2024-05-13T23:46:08","date_gmt":"2024-05-14T02:46:08","guid":{"rendered":"https:\/\/www.jornalboasnoticias.com.br\/?p=42801"},"modified":"2024-05-13T23:46:08","modified_gmt":"2024-05-14T02:46:08","slug":"carro-com-pastor-perci-fontoura-colide-em-caminhao-a-caminho-de-maringa","status":"publish","type":"post","link":"https:\/\/jornalboasnoticias.com.br\/home\/carro-com-pastor-perci-fontoura-colide-em-caminhao-a-caminho-de-maringa\/","title":{"rendered":"Carro com pastor Perci Fontoura colide em caminh\u00e3o a caminho de Maring\u00e1"},"content":{"rendered":"<p style=\"text-align: center;\"><em>O presidente da Assembleia de Deus de Umuarama n\u00e3o sofreu ferimentos, conforme divulgado em nota<\/em><\/p>\n<p><img loading=\"lazy\" decoding=\"async\" class=\"alignnone size-full wp-image-42802\" src=\"https:\/\/jornalboasnoticias.com.br\/home\/wp-content\/uploads\/2024\/05\/026-1.jpg.webp\" alt=\"\" width=\"720\" height=\"480\" srcset=\"https:\/\/jornalboasnoticias.com.br\/home\/wp-content\/uploads\/2024\/05\/026-1.jpg.webp 720w, https:\/\/jornalboasnoticias.com.br\/home\/wp-content\/uploads\/2024\/05\/026-1.jpg-300x200.webp 300w\" sizes=\"auto, (max-width: 720px) 100vw, 720px\" \/><\/p>\n<p>Um carro que era ocupado pelo pastor Perci Fontoura, presidente da Assembleia de Deus de Umuarama, colidiu em um caminh\u00e3o na manh\u00e3 desta segunda-feira (13), em uma rodovia de Cruzeiro do Oeste.<\/p>\n<p>De acordo com as informa\u00e7\u00f5es divulgadas pelo perfil do pastor, ele estava a caminho do Aeroporto de Maring\u00e1 para um evento religioso em Vit\u00f3ria do Espirito Santo, quando, ao passar pelo trecho de Cruzeiro do Oeste, colidiu contra um caminh\u00e3o que cruzou a pista.<\/p>\n<p><script async src=\"https:\/\/pagead2.googlesyndication.com\/pagead\/js\/adsbygoogle.js?client=ca-pub-3594118731701755\" crossorigin=\"anonymous\"><\/script><br \/>\n<!-- P.C.horizont.frente.site --><br \/>\n<ins class=\"adsbygoogle\" style=\"display: block;\" data-ad-client=\"ca-pub-3594118731701755\" data-ad-slot=\"6582936592\" data-ad-format=\"auto\" data-full-width-responsive=\"true\"><\/ins><br \/>\nO ve\u00edculo ficou com a parte frontal danificada, por\u00e9m o pastor Perci Fontoura n\u00e3o sofreu ferimentos, segundo a nota. \u201cGra\u00e7as a Deus nosso presidente passa bem e n\u00e3o houve quaisquer danos f\u00edsicos\u201d, diz o texto no perfil do religioso. \u201cGrande livramento da parte de Deus ao nosso l\u00edder nesta manh\u00e3\u201d.<\/p>\n<p>As informa\u00e7\u00f5es s\u00e3o do Portal O Bemdito<\/p>\n","protected":false},"excerpt":{"rendered":"<p>O presidente da Assembleia de Deus de Umuarama n\u00e3o sofreu ferimentos, conforme divulgado em nota<\/p>\n","protected":false},"author":3,"featured_media":42802,"comment_status":"open","ping_status":"open","sticky":false,"template":"","format":"standard","meta":{"footnotes":""},"categories":[3,4],"tags":[30],"class_list":["post-42801","post","type-post","status-publish","format-standard","has-post-thumbnail","hentry","category-destaques","category-parana","tag-perci-fontoura"],"yoast_head":"<!-- This site is optimized with the Yoast SEO plugin v27.5 - https:\/\/yoast.com\/product\/yoast-seo-wordpress\/ -->\n<title>Carro com pastor Perci Fontoura colide em caminh\u00e3o a caminho de Maring\u00e1 - Jornal<\/title>\n<meta name=\"description\" content=\"Carro com pastor Perci Fontoura colide em caminh\u00e3o a caminho de Maring\u00e1\" \/>\n<meta name=\"robots\" content=\"index, follow, max-snippet:-1, max-image-preview:large, max-video-preview:-1\" \/>\n<link rel=\"canonical\" href=\"https:\/\/jornalboasnoticias.com.br\/home\/carro-com-pastor-perci-fontoura-colide-em-caminhao-a-caminho-de-maringa\/\" \/>\n<meta property=\"og:locale\" content=\"pt_BR\" \/>\n<meta property=\"og:type\" content=\"article\" \/>\n<meta property=\"og:title\" content=\"Carro com pastor Perci Fontoura colide em caminh\u00e3o a caminho de Maring\u00e1 - Jornal\" \/>\n<meta property=\"og:description\" content=\"Carro com pastor Perci Fontoura colide em caminh\u00e3o a caminho de Maring\u00e1\" \/>\n<meta property=\"og:url\" content=\"https:\/\/jornalboasnoticias.com.br\/home\/carro-com-pastor-perci-fontoura-colide-em-caminhao-a-caminho-de-maringa\/\" \/>\n<meta property=\"og:site_name\" content=\"Jornal\" \/>\n<meta property=\"article:publisher\" content=\"https:\/\/www.facebook.com\/boasnoticiasjornal\" \/>\n<meta property=\"article:published_time\" content=\"2024-05-14T02:46:08+00:00\" \/>\n<meta property=\"og:image\" content=\"https:\/\/jornalboasnoticias.com.br\/home\/wp-content\/uploads\/2024\/05\/026-1.jpg.webp\" \/>\n\t<meta property=\"og:image:width\" content=\"720\" \/>\n\t<meta property=\"og:image:height\" content=\"480\" \/>\n\t<meta property=\"og:image:type\" content=\"image\/webp\" \/>\n<meta name=\"author\" content=\"Luiz Carlos da Cruz\" \/>\n<meta name=\"twitter:card\" content=\"summary_large_image\" \/>\n<meta name=\"twitter:label1\" content=\"Escrito por\" \/>\n\t<meta name=\"twitter:data1\" content=\"Luiz Carlos da Cruz\" \/>\n\t<meta name=\"twitter:label2\" content=\"Est. tempo de leitura\" \/>\n\t<meta name=\"twitter:data2\" content=\"1 minuto\" \/>\n<script type=\"application\/ld+json\" class=\"yoast-schema-graph\">{\"@context\":\"https:\\\/\\\/schema.org\",\"@graph\":[{\"@type\":\"Article\",\"@id\":\"https:\\\/\\\/jornalboasnoticias.com.br\\\/home\\\/carro-com-pastor-perci-fontoura-colide-em-caminhao-a-caminho-de-maringa\\\/#article\",\"isPartOf\":{\"@id\":\"https:\\\/\\\/jornalboasnoticias.com.br\\\/home\\\/carro-com-pastor-perci-fontoura-colide-em-caminhao-a-caminho-de-maringa\\\/\"},\"author\":{\"name\":\"Luiz Carlos da Cruz\",\"@id\":\"https:\\\/\\\/jornalboasnoticias.com.br\\\/home\\\/#\\\/schema\\\/person\\\/75f9ebde398c998c166475fb446bda62\"},\"headline\":\"Carro com pastor Perci Fontoura colide em caminh\u00e3o a caminho de Maring\u00e1\",\"datePublished\":\"2024-05-14T02:46:08+00:00\",\"mainEntityOfPage\":{\"@id\":\"https:\\\/\\\/jornalboasnoticias.com.br\\\/home\\\/carro-com-pastor-perci-fontoura-colide-em-caminhao-a-caminho-de-maringa\\\/\"},\"wordCount\":174,\"commentCount\":0,\"publisher\":{\"@id\":\"https:\\\/\\\/jornalboasnoticias.com.br\\\/home\\\/#organization\"},\"image\":{\"@id\":\"https:\\\/\\\/jornalboasnoticias.com.br\\\/home\\\/carro-com-pastor-perci-fontoura-colide-em-caminhao-a-caminho-de-maringa\\\/#primaryimage\"},\"thumbnailUrl\":\"https:\\\/\\\/jornalboasnoticias.com.br\\\/home\\\/wp-content\\\/uploads\\\/2024\\\/05\\\/026-1.jpg.webp\",\"keywords\":[\"Perci Fontoura\"],\"articleSection\":[\"DESTAQUE\",\"PARAN\u00c1\"],\"inLanguage\":\"pt-BR\",\"potentialAction\":[{\"@type\":\"CommentAction\",\"name\":\"Comment\",\"target\":[\"https:\\\/\\\/jornalboasnoticias.com.br\\\/home\\\/carro-com-pastor-perci-fontoura-colide-em-caminhao-a-caminho-de-maringa\\\/#respond\"]}]},{\"@type\":\"WebPage\",\"@id\":\"https:\\\/\\\/jornalboasnoticias.com.br\\\/home\\\/carro-com-pastor-perci-fontoura-colide-em-caminhao-a-caminho-de-maringa\\\/\",\"url\":\"https:\\\/\\\/jornalboasnoticias.com.br\\\/home\\\/carro-com-pastor-perci-fontoura-colide-em-caminhao-a-caminho-de-maringa\\\/\",\"name\":\"Carro com pastor Perci Fontoura colide em caminh\u00e3o a caminho de Maring\u00e1 - Jornal\",\"isPartOf\":{\"@id\":\"https:\\\/\\\/jornalboasnoticias.com.br\\\/home\\\/#website\"},\"primaryImageOfPage\":{\"@id\":\"https:\\\/\\\/jornalboasnoticias.com.br\\\/home\\\/carro-com-pastor-perci-fontoura-colide-em-caminhao-a-caminho-de-maringa\\\/#primaryimage\"},\"image\":{\"@id\":\"https:\\\/\\\/jornalboasnoticias.com.br\\\/home\\\/carro-com-pastor-perci-fontoura-colide-em-caminhao-a-caminho-de-maringa\\\/#primaryimage\"},\"thumbnailUrl\":\"https:\\\/\\\/jornalboasnoticias.com.br\\\/home\\\/wp-content\\\/uploads\\\/2024\\\/05\\\/026-1.jpg.webp\",\"datePublished\":\"2024-05-14T02:46:08+00:00\",\"description\":\"Carro com pastor Perci Fontoura colide em caminh\u00e3o a caminho de Maring\u00e1\",\"breadcrumb\":{\"@id\":\"https:\\\/\\\/jornalboasnoticias.com.br\\\/home\\\/carro-com-pastor-perci-fontoura-colide-em-caminhao-a-caminho-de-maringa\\\/#breadcrumb\"},\"inLanguage\":\"pt-BR\",\"potentialAction\":[{\"@type\":\"ReadAction\",\"target\":[\"https:\\\/\\\/jornalboasnoticias.com.br\\\/home\\\/carro-com-pastor-perci-fontoura-colide-em-caminhao-a-caminho-de-maringa\\\/\"]}]},{\"@type\":\"ImageObject\",\"inLanguage\":\"pt-BR\",\"@id\":\"https:\\\/\\\/jornalboasnoticias.com.br\\\/home\\\/carro-com-pastor-perci-fontoura-colide-em-caminhao-a-caminho-de-maringa\\\/#primaryimage\",\"url\":\"https:\\\/\\\/jornalboasnoticias.com.br\\\/home\\\/wp-content\\\/uploads\\\/2024\\\/05\\\/026-1.jpg.webp\",\"contentUrl\":\"https:\\\/\\\/jornalboasnoticias.com.br\\\/home\\\/wp-content\\\/uploads\\\/2024\\\/05\\\/026-1.jpg.webp\",\"width\":720,\"height\":480},{\"@type\":\"BreadcrumbList\",\"@id\":\"https:\\\/\\\/jornalboasnoticias.com.br\\\/home\\\/carro-com-pastor-perci-fontoura-colide-em-caminhao-a-caminho-de-maringa\\\/#breadcrumb\",\"itemListElement\":[{\"@type\":\"ListItem\",\"position\":1,\"name\":\"In\u00edcio\",\"item\":\"https:\\\/\\\/jornalboasnoticias.com.br\\\/home\\\/\"},{\"@type\":\"ListItem\",\"position\":2,\"name\":\"Carro com pastor Perci Fontoura colide em caminh\u00e3o a caminho de Maring\u00e1\"}]},{\"@type\":\"WebSite\",\"@id\":\"https:\\\/\\\/jornalboasnoticias.com.br\\\/home\\\/#website\",\"url\":\"https:\\\/\\\/jornalboasnoticias.com.br\\\/home\\\/\",\"name\":\"Jornal Boas Not\u00edcias\",\"description\":\"Boas not\u00edcias\",\"publisher\":{\"@id\":\"https:\\\/\\\/jornalboasnoticias.com.br\\\/home\\\/#organization\"},\"potentialAction\":[{\"@type\":\"SearchAction\",\"target\":{\"@type\":\"EntryPoint\",\"urlTemplate\":\"https:\\\/\\\/jornalboasnoticias.com.br\\\/home\\\/?s={search_term_string}\"},\"query-input\":{\"@type\":\"PropertyValueSpecification\",\"valueRequired\":true,\"valueName\":\"search_term_string\"}}],\"inLanguage\":\"pt-BR\"},{\"@type\":\"Organization\",\"@id\":\"https:\\\/\\\/jornalboasnoticias.com.br\\\/home\\\/#organization\",\"name\":\"Coq Editora Ltda\",\"alternateName\":\"Jornal Boas Noticias\",\"url\":\"https:\\\/\\\/jornalboasnoticias.com.br\\\/home\\\/\",\"logo\":{\"@type\":\"ImageObject\",\"inLanguage\":\"pt-BR\",\"@id\":\"https:\\\/\\\/jornalboasnoticias.com.br\\\/home\\\/#\\\/schema\\\/logo\\\/image\\\/\",\"url\":\"https:\\\/\\\/jornalboasnoticias.com.br\\\/home\\\/wp-content\\\/uploads\\\/2024\\\/07\\\/cropped-logo.jpg\",\"contentUrl\":\"https:\\\/\\\/jornalboasnoticias.com.br\\\/home\\\/wp-content\\\/uploads\\\/2024\\\/07\\\/cropped-logo.jpg\",\"width\":290,\"height\":142,\"caption\":\"Coq Editora Ltda\"},\"image\":{\"@id\":\"https:\\\/\\\/jornalboasnoticias.com.br\\\/home\\\/#\\\/schema\\\/logo\\\/image\\\/\"},\"sameAs\":[\"https:\\\/\\\/www.facebook.com\\\/boasnoticiasjornal\"]},{\"@type\":\"Person\",\"@id\":\"https:\\\/\\\/jornalboasnoticias.com.br\\\/home\\\/#\\\/schema\\\/person\\\/75f9ebde398c998c166475fb446bda62\",\"name\":\"Luiz Carlos da Cruz\",\"image\":{\"@type\":\"ImageObject\",\"inLanguage\":\"pt-BR\",\"@id\":\"https:\\\/\\\/secure.gravatar.com\\\/avatar\\\/e6f4f45301b6cb8572f7b076572e8ac11c1db80e805d8c8d0858cf286ce3ac3b?s=96&d=mm&r=g\",\"url\":\"https:\\\/\\\/secure.gravatar.com\\\/avatar\\\/e6f4f45301b6cb8572f7b076572e8ac11c1db80e805d8c8d0858cf286ce3ac3b?s=96&d=mm&r=g\",\"contentUrl\":\"https:\\\/\\\/secure.gravatar.com\\\/avatar\\\/e6f4f45301b6cb8572f7b076572e8ac11c1db80e805d8c8d0858cf286ce3ac3b?s=96&d=mm&r=g\",\"caption\":\"Luiz Carlos da Cruz\"},\"url\":\"https:\\\/\\\/jornalboasnoticias.com.br\\\/home\\\/author\\\/luiz-carlos-da-cruz\\\/\"}]}<\/script>\n<!-- \/ Yoast SEO plugin. -->","yoast_head_json":{"title":"Carro com pastor Perci Fontoura colide em caminh\u00e3o a caminho de Maring\u00e1 - Jornal","description":"Carro com pastor Perci Fontoura colide em caminh\u00e3o a caminho de Maring\u00e1","robots":{"index":"index","follow":"follow","max-snippet":"max-snippet:-1","max-image-preview":"max-image-preview:large","max-video-preview":"max-video-preview:-1"},"canonical":"https:\/\/jornalboasnoticias.com.br\/home\/carro-com-pastor-perci-fontoura-colide-em-caminhao-a-caminho-de-maringa\/","og_locale":"pt_BR","og_type":"article","og_title":"Carro com pastor Perci Fontoura colide em caminh\u00e3o a caminho de Maring\u00e1 - Jornal","og_description":"Carro com pastor Perci Fontoura colide em caminh\u00e3o a caminho de Maring\u00e1","og_url":"https:\/\/jornalboasnoticias.com.br\/home\/carro-com-pastor-perci-fontoura-colide-em-caminhao-a-caminho-de-maringa\/","og_site_name":"Jornal","article_publisher":"https:\/\/www.facebook.com\/boasnoticiasjornal","article_published_time":"2024-05-14T02:46:08+00:00","og_image":[{"width":720,"height":480,"url":"https:\/\/jornalboasnoticias.com.br\/home\/wp-content\/uploads\/2024\/05\/026-1.jpg.webp","type":"image\/webp"}],"author":"Luiz Carlos da Cruz","twitter_card":"summary_large_image","twitter_misc":{"Escrito por":"Luiz Carlos da Cruz","Est. tempo de leitura":"1 minuto"},"schema":{"@context":"https:\/\/schema.org","@graph":[{"@type":"Article","@id":"https:\/\/jornalboasnoticias.com.br\/home\/carro-com-pastor-perci-fontoura-colide-em-caminhao-a-caminho-de-maringa\/#article","isPartOf":{"@id":"https:\/\/jornalboasnoticias.com.br\/home\/carro-com-pastor-perci-fontoura-colide-em-caminhao-a-caminho-de-maringa\/"},"author":{"name":"Luiz Carlos da Cruz","@id":"https:\/\/jornalboasnoticias.com.br\/home\/#\/schema\/person\/75f9ebde398c998c166475fb446bda62"},"headline":"Carro com pastor Perci Fontoura colide em caminh\u00e3o a caminho de Maring\u00e1","datePublished":"2024-05-14T02:46:08+00:00","mainEntityOfPage":{"@id":"https:\/\/jornalboasnoticias.com.br\/home\/carro-com-pastor-perci-fontoura-colide-em-caminhao-a-caminho-de-maringa\/"},"wordCount":174,"commentCount":0,"publisher":{"@id":"https:\/\/jornalboasnoticias.com.br\/home\/#organization"},"image":{"@id":"https:\/\/jornalboasnoticias.com.br\/home\/carro-com-pastor-perci-fontoura-colide-em-caminhao-a-caminho-de-maringa\/#primaryimage"},"thumbnailUrl":"https:\/\/jornalboasnoticias.com.br\/home\/wp-content\/uploads\/2024\/05\/026-1.jpg.webp","keywords":["Perci Fontoura"],"articleSection":["DESTAQUE","PARAN\u00c1"],"inLanguage":"pt-BR","potentialAction":[{"@type":"CommentAction","name":"Comment","target":["https:\/\/jornalboasnoticias.com.br\/home\/carro-com-pastor-perci-fontoura-colide-em-caminhao-a-caminho-de-maringa\/#respond"]}]},{"@type":"WebPage","@id":"https:\/\/jornalboasnoticias.com.br\/home\/carro-com-pastor-perci-fontoura-colide-em-caminhao-a-caminho-de-maringa\/","url":"https:\/\/jornalboasnoticias.com.br\/home\/carro-com-pastor-perci-fontoura-colide-em-caminhao-a-caminho-de-maringa\/","name":"Carro com pastor Perci Fontoura colide em caminh\u00e3o a caminho de Maring\u00e1 - Jornal","isPartOf":{"@id":"https:\/\/jornalboasnoticias.com.br\/home\/#website"},"primaryImageOfPage":{"@id":"https:\/\/jornalboasnoticias.com.br\/home\/carro-com-pastor-perci-fontoura-colide-em-caminhao-a-caminho-de-maringa\/#primaryimage"},"image":{"@id":"https:\/\/jornalboasnoticias.com.br\/home\/carro-com-pastor-perci-fontoura-colide-em-caminhao-a-caminho-de-maringa\/#primaryimage"},"thumbnailUrl":"https:\/\/jornalboasnoticias.com.br\/home\/wp-content\/uploads\/2024\/05\/026-1.jpg.webp","datePublished":"2024-05-14T02:46:08+00:00","description":"Carro com pastor Perci Fontoura colide em caminh\u00e3o a caminho de Maring\u00e1","breadcrumb":{"@id":"https:\/\/jornalboasnoticias.com.br\/home\/carro-com-pastor-perci-fontoura-colide-em-caminhao-a-caminho-de-maringa\/#breadcrumb"},"inLanguage":"pt-BR","potentialAction":[{"@type":"ReadAction","target":["https:\/\/jornalboasnoticias.com.br\/home\/carro-com-pastor-perci-fontoura-colide-em-caminhao-a-caminho-de-maringa\/"]}]},{"@type":"ImageObject","inLanguage":"pt-BR","@id":"https:\/\/jornalboasnoticias.com.br\/home\/carro-com-pastor-perci-fontoura-colide-em-caminhao-a-caminho-de-maringa\/#primaryimage","url":"https:\/\/jornalboasnoticias.com.br\/home\/wp-content\/uploads\/2024\/05\/026-1.jpg.webp","contentUrl":"https:\/\/jornalboasnoticias.com.br\/home\/wp-content\/uploads\/2024\/05\/026-1.jpg.webp","width":720,"height":480},{"@type":"BreadcrumbList","@id":"https:\/\/jornalboasnoticias.com.br\/home\/carro-com-pastor-perci-fontoura-colide-em-caminhao-a-caminho-de-maringa\/#breadcrumb","itemListElement":[{"@type":"ListItem","position":1,"name":"In\u00edcio","item":"https:\/\/jornalboasnoticias.com.br\/home\/"},{"@type":"ListItem","position":2,"name":"Carro com pastor Perci Fontoura colide em caminh\u00e3o a caminho de Maring\u00e1"}]},{"@type":"WebSite","@id":"https:\/\/jornalboasnoticias.com.br\/home\/#website","url":"https:\/\/jornalboasnoticias.com.br\/home\/","name":"Jornal Boas Not\u00edcias","description":"Boas not\u00edcias","publisher":{"@id":"https:\/\/jornalboasnoticias.com.br\/home\/#organization"},"potentialAction":[{"@type":"SearchAction","target":{"@type":"EntryPoint","urlTemplate":"https:\/\/jornalboasnoticias.com.br\/home\/?s={search_term_string}"},"query-input":{"@type":"PropertyValueSpecification","valueRequired":true,"valueName":"search_term_string"}}],"inLanguage":"pt-BR"},{"@type":"Organization","@id":"https:\/\/jornalboasnoticias.com.br\/home\/#organization","name":"Coq Editora Ltda","alternateName":"Jornal Boas Noticias","url":"https:\/\/jornalboasnoticias.com.br\/home\/","logo":{"@type":"ImageObject","inLanguage":"pt-BR","@id":"https:\/\/jornalboasnoticias.com.br\/home\/#\/schema\/logo\/image\/","url":"https:\/\/jornalboasnoticias.com.br\/home\/wp-content\/uploads\/2024\/07\/cropped-logo.jpg","contentUrl":"https:\/\/jornalboasnoticias.com.br\/home\/wp-content\/uploads\/2024\/07\/cropped-logo.jpg","width":290,"height":142,"caption":"Coq Editora Ltda"},"image":{"@id":"https:\/\/jornalboasnoticias.com.br\/home\/#\/schema\/logo\/image\/"},"sameAs":["https:\/\/www.facebook.com\/boasnoticiasjornal"]},{"@type":"Person","@id":"https:\/\/jornalboasnoticias.com.br\/home\/#\/schema\/person\/75f9ebde398c998c166475fb446bda62","name":"Luiz Carlos da Cruz","image":{"@type":"ImageObject","inLanguage":"pt-BR","@id":"https:\/\/secure.gravatar.com\/avatar\/e6f4f45301b6cb8572f7b076572e8ac11c1db80e805d8c8d0858cf286ce3ac3b?s=96&d=mm&r=g","url":"https:\/\/secure.gravatar.com\/avatar\/e6f4f45301b6cb8572f7b076572e8ac11c1db80e805d8c8d0858cf286ce3ac3b?s=96&d=mm&r=g","contentUrl":"https:\/\/secure.gravatar.com\/avatar\/e6f4f45301b6cb8572f7b076572e8ac11c1db80e805d8c8d0858cf286ce3ac3b?s=96&d=mm&r=g","caption":"Luiz Carlos da Cruz"},"url":"https:\/\/jornalboasnoticias.com.br\/home\/author\/luiz-carlos-da-cruz\/"}]}},"_links":{"self":[{"href":"https:\/\/jornalboasnoticias.com.br\/home\/wp-json\/wp\/v2\/posts\/42801","targetHints":{"allow":["GET"]}}],"collection":[{"href":"https:\/\/jornalboasnoticias.com.br\/home\/wp-json\/wp\/v2\/posts"}],"about":[{"href":"https:\/\/jornalboasnoticias.com.br\/home\/wp-json\/wp\/v2\/types\/post"}],"author":[{"embeddable":true,"href":"https:\/\/jornalboasnoticias.com.br\/home\/wp-json\/wp\/v2\/users\/3"}],"replies":[{"embeddable":true,"href":"https:\/\/jornalboasnoticias.com.br\/home\/wp-json\/wp\/v2\/comments?post=42801"}],"version-history":[{"count":0,"href":"https:\/\/jornalboasnoticias.com.br\/home\/wp-json\/wp\/v2\/posts\/42801\/revisions"}],"wp:featuredmedia":[{"embeddable":true,"href":"https:\/\/jornalboasnoticias.com.br\/home\/wp-json\/wp\/v2\/media\/42802"}],"wp:attachment":[{"href":"https:\/\/jornalboasnoticias.com.br\/home\/wp-json\/wp\/v2\/media?parent=42801"}],"wp:term":[{"taxonomy":"category","embeddable":true,"href":"https:\/\/jornalboasnoticias.com.br\/home\/wp-json\/wp\/v2\/categories?post=42801"},{"taxonomy":"post_tag","embeddable":true,"href":"https:\/\/jornalboasnoticias.com.br\/home\/wp-json\/wp\/v2\/tags?post=42801"}],"curies":[{"name":"wp","href":"https:\/\/api.w.org\/{rel}","templated":true}]}}