{"id":42774,"date":"2024-05-10T00:21:17","date_gmt":"2024-05-10T03:21:17","guid":{"rendered":"https:\/\/www.jornalboasnoticias.com.br\/?p=42774"},"modified":"2024-05-10T00:21:17","modified_gmt":"2024-05-10T03:21:17","slug":"desabrigados-das-enchentes-em-sao-leopoldo-rs-se-convertem-em-igreja-transformada-em-abrio","status":"publish","type":"post","link":"https:\/\/jornalboasnoticias.com.br\/home\/desabrigados-das-enchentes-em-sao-leopoldo-rs-se-convertem-em-igreja-transformada-em-abrio\/","title":{"rendered":"Desabrigados das enchentes em S\u00e3o Leopoldo (RS) se convertem em igreja transformada em abrio"},"content":{"rendered":"<p><img loading=\"lazy\" decoding=\"async\" class=\"alignnone size-full wp-image-42775\" src=\"https:\/\/jornalboasnoticias.com.br\/home\/wp-content\/uploads\/2024\/05\/2345332517-igreja-rs.webp\" alt=\"\" width=\"840\" height=\"500\" srcset=\"https:\/\/jornalboasnoticias.com.br\/home\/wp-content\/uploads\/2024\/05\/2345332517-igreja-rs.webp 840w, https:\/\/jornalboasnoticias.com.br\/home\/wp-content\/uploads\/2024\/05\/2345332517-igreja-rs-300x179.webp 300w, https:\/\/jornalboasnoticias.com.br\/home\/wp-content\/uploads\/2024\/05\/2345332517-igreja-rs-768x457.webp 768w\" sizes=\"auto, (max-width: 840px) 100vw, 840px\" \/><\/p>\n<p>Em meio \u00e0 maior trag\u00e9dia j\u00e1 registrada no Rio Grande do Sul, a f\u00e9 e a solidariedade se destacam como pontos de luz. Centenas de igrejas pelo estado t\u00eam aberto suas portas para auxiliar as v\u00edtimas das enchentes que assolam a regi\u00e3o.<\/p>\n<p>Em S\u00e3o Leopoldo, na regi\u00e3o metropolitana, a Igreja Assembleia de Deus se transformou em um ref\u00fagio para aproximadamente 500 pessoas desabrigadas pela cat\u00e1strofe. Os primeiros dias foram de adapta\u00e7\u00e3o, com os bancos da igreja servindo de leitos improvisados para as fam\u00edlias atingidas.<\/p>\n<p>Com o passar dos dias, a a\u00e7\u00e3o organizada tomou forma e agora a equipe de volunt\u00e1rios da denomina\u00e7\u00e3o oferece n\u00e3o apenas um teto, mas tamb\u00e9m refei\u00e7\u00f5es completas, \u00e1reas designadas para o abrigo de animais de estima\u00e7\u00e3o e atividades de recrea\u00e7\u00e3o para as crian\u00e7as, proporcionando um ambiente mais acolhedor e menos traum\u00e1tico para os envolvidos.<\/p>\n<p><script async src=\"https:\/\/pagead2.googlesyndication.com\/pagead\/js\/adsbygoogle.js?client=ca-pub-3594118731701755\"\n     crossorigin=\"anonymous\"><\/script><br \/>\n<!-- Adsense Boas Noticias --><br \/>\n<ins class=\"adsbygoogle\"\n     style=\"display:block\"\n     data-ad-client=\"ca-pub-3594118731701755\"\n     data-ad-slot=\"5987951325\"\n     data-ad-format=\"auto\"\n     data-full-width-responsive=\"true\"><\/ins><br \/>\n<script>\n     (adsbygoogle = window.adsbygoogle || []).push({});\n<\/script><\/p>\n<p>Na quarta-feira (8), os crist\u00e3os organizaram um culto para levar uma mensagem de esperan\u00e7a e salva\u00e7\u00e3o \u00e0s fam\u00edlias abrigadas no templo.<\/p>\n<p>\u201cNo meio da calamidade, a palavra de Deus permanece trazendo luz e esperan\u00e7a aos cora\u00e7\u00f5es aflitos\u201d, comentou Manass\u00e9s Amarante, o pregador convidado que ministrou, no Instagram.<\/p>\n<p>Ap\u00f3s a prega\u00e7\u00e3o, 11 pessoas abrigadas aceitaram o apelo e se renderam a Cristo no altar. Outros moradores crist\u00e3os, que enfrentam o momento dif\u00edcil, tamb\u00e9m foram fortalecidos.<\/p>\n<p><em>Com informa\u00e7\u00f5es do Portal Guia-me<\/em><\/p>\n","protected":false},"excerpt":{"rendered":"<p>Em meio \u00e0 maior trag\u00e9dia j\u00e1 registrada no Rio Grande do Sul, a f\u00e9 e<\/p>\n","protected":false},"author":3,"featured_media":42775,"comment_status":"open","ping_status":"open","sticky":false,"template":"","format":"standard","meta":{"footnotes":""},"categories":[6,3],"tags":[29],"class_list":["post-42774","post","type-post","status-publish","format-standard","has-post-thumbnail","hentry","category-brasil","category-destaques","tag-sao-leopoldo"],"yoast_head":"<!-- This site is optimized with the Yoast SEO plugin v27.5 - https:\/\/yoast.com\/product\/yoast-seo-wordpress\/ -->\n<title>Desabrigados das enchentes em S\u00e3o Leopoldo (RS) se convertem em igreja transformada em abrio - Jornal<\/title>\n<meta name=\"description\" content=\"Desabrigados das enchentes em S\u00e3o Leopoldo (RS) se convertem em igreja transformada em abrio\" \/>\n<meta name=\"robots\" content=\"index, follow, max-snippet:-1, max-image-preview:large, max-video-preview:-1\" \/>\n<link rel=\"canonical\" href=\"https:\/\/jornalboasnoticias.com.br\/home\/desabrigados-das-enchentes-em-sao-leopoldo-rs-se-convertem-em-igreja-transformada-em-abrio\/\" \/>\n<meta property=\"og:locale\" content=\"pt_BR\" \/>\n<meta property=\"og:type\" content=\"article\" \/>\n<meta property=\"og:title\" content=\"Desabrigados das enchentes em S\u00e3o Leopoldo (RS) se convertem em igreja transformada em abrio - Jornal\" \/>\n<meta property=\"og:description\" content=\"Desabrigados das enchentes em S\u00e3o Leopoldo (RS) se convertem em igreja transformada em abrio\" \/>\n<meta property=\"og:url\" content=\"https:\/\/jornalboasnoticias.com.br\/home\/desabrigados-das-enchentes-em-sao-leopoldo-rs-se-convertem-em-igreja-transformada-em-abrio\/\" \/>\n<meta property=\"og:site_name\" content=\"Jornal\" \/>\n<meta property=\"article:publisher\" content=\"https:\/\/www.facebook.com\/boasnoticiasjornal\" \/>\n<meta property=\"article:published_time\" content=\"2024-05-10T03:21:17+00:00\" \/>\n<meta property=\"og:image\" content=\"https:\/\/jornalboasnoticias.com.br\/home\/wp-content\/uploads\/2024\/05\/2345332517-igreja-rs.webp\" \/>\n\t<meta property=\"og:image:width\" content=\"840\" \/>\n\t<meta property=\"og:image:height\" content=\"500\" \/>\n\t<meta property=\"og:image:type\" content=\"image\/webp\" \/>\n<meta name=\"author\" content=\"Luiz Carlos da Cruz\" \/>\n<meta name=\"twitter:card\" content=\"summary_large_image\" \/>\n<meta name=\"twitter:label1\" content=\"Escrito por\" \/>\n\t<meta name=\"twitter:data1\" content=\"Luiz Carlos da Cruz\" \/>\n\t<meta name=\"twitter:label2\" content=\"Est. tempo de leitura\" \/>\n\t<meta name=\"twitter:data2\" content=\"1 minuto\" \/>\n<script type=\"application\/ld+json\" class=\"yoast-schema-graph\">{\"@context\":\"https:\\\/\\\/schema.org\",\"@graph\":[{\"@type\":\"Article\",\"@id\":\"https:\\\/\\\/jornalboasnoticias.com.br\\\/home\\\/desabrigados-das-enchentes-em-sao-leopoldo-rs-se-convertem-em-igreja-transformada-em-abrio\\\/#article\",\"isPartOf\":{\"@id\":\"https:\\\/\\\/jornalboasnoticias.com.br\\\/home\\\/desabrigados-das-enchentes-em-sao-leopoldo-rs-se-convertem-em-igreja-transformada-em-abrio\\\/\"},\"author\":{\"name\":\"Luiz Carlos da Cruz\",\"@id\":\"https:\\\/\\\/jornalboasnoticias.com.br\\\/home\\\/#\\\/schema\\\/person\\\/75f9ebde398c998c166475fb446bda62\"},\"headline\":\"Desabrigados das enchentes em S\u00e3o Leopoldo (RS) se convertem em igreja transformada em abrio\",\"datePublished\":\"2024-05-10T03:21:17+00:00\",\"mainEntityOfPage\":{\"@id\":\"https:\\\/\\\/jornalboasnoticias.com.br\\\/home\\\/desabrigados-das-enchentes-em-sao-leopoldo-rs-se-convertem-em-igreja-transformada-em-abrio\\\/\"},\"wordCount\":261,\"commentCount\":0,\"publisher\":{\"@id\":\"https:\\\/\\\/jornalboasnoticias.com.br\\\/home\\\/#organization\"},\"image\":{\"@id\":\"https:\\\/\\\/jornalboasnoticias.com.br\\\/home\\\/desabrigados-das-enchentes-em-sao-leopoldo-rs-se-convertem-em-igreja-transformada-em-abrio\\\/#primaryimage\"},\"thumbnailUrl\":\"https:\\\/\\\/jornalboasnoticias.com.br\\\/home\\\/wp-content\\\/uploads\\\/2024\\\/05\\\/2345332517-igreja-rs.webp\",\"keywords\":[\"S\u00e3o Leopoldo\"],\"articleSection\":[\"BRASIL\",\"DESTAQUE\"],\"inLanguage\":\"pt-BR\",\"potentialAction\":[{\"@type\":\"CommentAction\",\"name\":\"Comment\",\"target\":[\"https:\\\/\\\/jornalboasnoticias.com.br\\\/home\\\/desabrigados-das-enchentes-em-sao-leopoldo-rs-se-convertem-em-igreja-transformada-em-abrio\\\/#respond\"]}]},{\"@type\":\"WebPage\",\"@id\":\"https:\\\/\\\/jornalboasnoticias.com.br\\\/home\\\/desabrigados-das-enchentes-em-sao-leopoldo-rs-se-convertem-em-igreja-transformada-em-abrio\\\/\",\"url\":\"https:\\\/\\\/jornalboasnoticias.com.br\\\/home\\\/desabrigados-das-enchentes-em-sao-leopoldo-rs-se-convertem-em-igreja-transformada-em-abrio\\\/\",\"name\":\"Desabrigados das enchentes em S\u00e3o Leopoldo (RS) se convertem em igreja transformada em abrio - Jornal\",\"isPartOf\":{\"@id\":\"https:\\\/\\\/jornalboasnoticias.com.br\\\/home\\\/#website\"},\"primaryImageOfPage\":{\"@id\":\"https:\\\/\\\/jornalboasnoticias.com.br\\\/home\\\/desabrigados-das-enchentes-em-sao-leopoldo-rs-se-convertem-em-igreja-transformada-em-abrio\\\/#primaryimage\"},\"image\":{\"@id\":\"https:\\\/\\\/jornalboasnoticias.com.br\\\/home\\\/desabrigados-das-enchentes-em-sao-leopoldo-rs-se-convertem-em-igreja-transformada-em-abrio\\\/#primaryimage\"},\"thumbnailUrl\":\"https:\\\/\\\/jornalboasnoticias.com.br\\\/home\\\/wp-content\\\/uploads\\\/2024\\\/05\\\/2345332517-igreja-rs.webp\",\"datePublished\":\"2024-05-10T03:21:17+00:00\",\"description\":\"Desabrigados das enchentes em S\u00e3o Leopoldo (RS) se convertem em igreja transformada em abrio\",\"breadcrumb\":{\"@id\":\"https:\\\/\\\/jornalboasnoticias.com.br\\\/home\\\/desabrigados-das-enchentes-em-sao-leopoldo-rs-se-convertem-em-igreja-transformada-em-abrio\\\/#breadcrumb\"},\"inLanguage\":\"pt-BR\",\"potentialAction\":[{\"@type\":\"ReadAction\",\"target\":[\"https:\\\/\\\/jornalboasnoticias.com.br\\\/home\\\/desabrigados-das-enchentes-em-sao-leopoldo-rs-se-convertem-em-igreja-transformada-em-abrio\\\/\"]}]},{\"@type\":\"ImageObject\",\"inLanguage\":\"pt-BR\",\"@id\":\"https:\\\/\\\/jornalboasnoticias.com.br\\\/home\\\/desabrigados-das-enchentes-em-sao-leopoldo-rs-se-convertem-em-igreja-transformada-em-abrio\\\/#primaryimage\",\"url\":\"https:\\\/\\\/jornalboasnoticias.com.br\\\/home\\\/wp-content\\\/uploads\\\/2024\\\/05\\\/2345332517-igreja-rs.webp\",\"contentUrl\":\"https:\\\/\\\/jornalboasnoticias.com.br\\\/home\\\/wp-content\\\/uploads\\\/2024\\\/05\\\/2345332517-igreja-rs.webp\",\"width\":840,\"height\":500},{\"@type\":\"BreadcrumbList\",\"@id\":\"https:\\\/\\\/jornalboasnoticias.com.br\\\/home\\\/desabrigados-das-enchentes-em-sao-leopoldo-rs-se-convertem-em-igreja-transformada-em-abrio\\\/#breadcrumb\",\"itemListElement\":[{\"@type\":\"ListItem\",\"position\":1,\"name\":\"In\u00edcio\",\"item\":\"https:\\\/\\\/jornalboasnoticias.com.br\\\/home\\\/\"},{\"@type\":\"ListItem\",\"position\":2,\"name\":\"Desabrigados das enchentes em S\u00e3o Leopoldo (RS) se convertem em igreja transformada em abrio\"}]},{\"@type\":\"WebSite\",\"@id\":\"https:\\\/\\\/jornalboasnoticias.com.br\\\/home\\\/#website\",\"url\":\"https:\\\/\\\/jornalboasnoticias.com.br\\\/home\\\/\",\"name\":\"Jornal Boas Not\u00edcias\",\"description\":\"Boas not\u00edcias\",\"publisher\":{\"@id\":\"https:\\\/\\\/jornalboasnoticias.com.br\\\/home\\\/#organization\"},\"potentialAction\":[{\"@type\":\"SearchAction\",\"target\":{\"@type\":\"EntryPoint\",\"urlTemplate\":\"https:\\\/\\\/jornalboasnoticias.com.br\\\/home\\\/?s={search_term_string}\"},\"query-input\":{\"@type\":\"PropertyValueSpecification\",\"valueRequired\":true,\"valueName\":\"search_term_string\"}}],\"inLanguage\":\"pt-BR\"},{\"@type\":\"Organization\",\"@id\":\"https:\\\/\\\/jornalboasnoticias.com.br\\\/home\\\/#organization\",\"name\":\"Coq Editora Ltda\",\"alternateName\":\"Jornal Boas Noticias\",\"url\":\"https:\\\/\\\/jornalboasnoticias.com.br\\\/home\\\/\",\"logo\":{\"@type\":\"ImageObject\",\"inLanguage\":\"pt-BR\",\"@id\":\"https:\\\/\\\/jornalboasnoticias.com.br\\\/home\\\/#\\\/schema\\\/logo\\\/image\\\/\",\"url\":\"https:\\\/\\\/jornalboasnoticias.com.br\\\/home\\\/wp-content\\\/uploads\\\/2024\\\/07\\\/cropped-logo.jpg\",\"contentUrl\":\"https:\\\/\\\/jornalboasnoticias.com.br\\\/home\\\/wp-content\\\/uploads\\\/2024\\\/07\\\/cropped-logo.jpg\",\"width\":290,\"height\":142,\"caption\":\"Coq Editora Ltda\"},\"image\":{\"@id\":\"https:\\\/\\\/jornalboasnoticias.com.br\\\/home\\\/#\\\/schema\\\/logo\\\/image\\\/\"},\"sameAs\":[\"https:\\\/\\\/www.facebook.com\\\/boasnoticiasjornal\"]},{\"@type\":\"Person\",\"@id\":\"https:\\\/\\\/jornalboasnoticias.com.br\\\/home\\\/#\\\/schema\\\/person\\\/75f9ebde398c998c166475fb446bda62\",\"name\":\"Luiz Carlos da Cruz\",\"image\":{\"@type\":\"ImageObject\",\"inLanguage\":\"pt-BR\",\"@id\":\"https:\\\/\\\/secure.gravatar.com\\\/avatar\\\/e6f4f45301b6cb8572f7b076572e8ac11c1db80e805d8c8d0858cf286ce3ac3b?s=96&d=mm&r=g\",\"url\":\"https:\\\/\\\/secure.gravatar.com\\\/avatar\\\/e6f4f45301b6cb8572f7b076572e8ac11c1db80e805d8c8d0858cf286ce3ac3b?s=96&d=mm&r=g\",\"contentUrl\":\"https:\\\/\\\/secure.gravatar.com\\\/avatar\\\/e6f4f45301b6cb8572f7b076572e8ac11c1db80e805d8c8d0858cf286ce3ac3b?s=96&d=mm&r=g\",\"caption\":\"Luiz Carlos da Cruz\"},\"url\":\"https:\\\/\\\/jornalboasnoticias.com.br\\\/home\\\/author\\\/luiz-carlos-da-cruz\\\/\"}]}<\/script>\n<!-- \/ Yoast SEO plugin. -->","yoast_head_json":{"title":"Desabrigados das enchentes em S\u00e3o Leopoldo (RS) se convertem em igreja transformada em abrio - Jornal","description":"Desabrigados das enchentes em S\u00e3o Leopoldo (RS) se convertem em igreja transformada em abrio","robots":{"index":"index","follow":"follow","max-snippet":"max-snippet:-1","max-image-preview":"max-image-preview:large","max-video-preview":"max-video-preview:-1"},"canonical":"https:\/\/jornalboasnoticias.com.br\/home\/desabrigados-das-enchentes-em-sao-leopoldo-rs-se-convertem-em-igreja-transformada-em-abrio\/","og_locale":"pt_BR","og_type":"article","og_title":"Desabrigados das enchentes em S\u00e3o Leopoldo (RS) se convertem em igreja transformada em abrio - Jornal","og_description":"Desabrigados das enchentes em S\u00e3o Leopoldo (RS) se convertem em igreja transformada em abrio","og_url":"https:\/\/jornalboasnoticias.com.br\/home\/desabrigados-das-enchentes-em-sao-leopoldo-rs-se-convertem-em-igreja-transformada-em-abrio\/","og_site_name":"Jornal","article_publisher":"https:\/\/www.facebook.com\/boasnoticiasjornal","article_published_time":"2024-05-10T03:21:17+00:00","og_image":[{"width":840,"height":500,"url":"https:\/\/jornalboasnoticias.com.br\/home\/wp-content\/uploads\/2024\/05\/2345332517-igreja-rs.webp","type":"image\/webp"}],"author":"Luiz Carlos da Cruz","twitter_card":"summary_large_image","twitter_misc":{"Escrito por":"Luiz Carlos da Cruz","Est. tempo de leitura":"1 minuto"},"schema":{"@context":"https:\/\/schema.org","@graph":[{"@type":"Article","@id":"https:\/\/jornalboasnoticias.com.br\/home\/desabrigados-das-enchentes-em-sao-leopoldo-rs-se-convertem-em-igreja-transformada-em-abrio\/#article","isPartOf":{"@id":"https:\/\/jornalboasnoticias.com.br\/home\/desabrigados-das-enchentes-em-sao-leopoldo-rs-se-convertem-em-igreja-transformada-em-abrio\/"},"author":{"name":"Luiz Carlos da Cruz","@id":"https:\/\/jornalboasnoticias.com.br\/home\/#\/schema\/person\/75f9ebde398c998c166475fb446bda62"},"headline":"Desabrigados das enchentes em S\u00e3o Leopoldo (RS) se convertem em igreja transformada em abrio","datePublished":"2024-05-10T03:21:17+00:00","mainEntityOfPage":{"@id":"https:\/\/jornalboasnoticias.com.br\/home\/desabrigados-das-enchentes-em-sao-leopoldo-rs-se-convertem-em-igreja-transformada-em-abrio\/"},"wordCount":261,"commentCount":0,"publisher":{"@id":"https:\/\/jornalboasnoticias.com.br\/home\/#organization"},"image":{"@id":"https:\/\/jornalboasnoticias.com.br\/home\/desabrigados-das-enchentes-em-sao-leopoldo-rs-se-convertem-em-igreja-transformada-em-abrio\/#primaryimage"},"thumbnailUrl":"https:\/\/jornalboasnoticias.com.br\/home\/wp-content\/uploads\/2024\/05\/2345332517-igreja-rs.webp","keywords":["S\u00e3o Leopoldo"],"articleSection":["BRASIL","DESTAQUE"],"inLanguage":"pt-BR","potentialAction":[{"@type":"CommentAction","name":"Comment","target":["https:\/\/jornalboasnoticias.com.br\/home\/desabrigados-das-enchentes-em-sao-leopoldo-rs-se-convertem-em-igreja-transformada-em-abrio\/#respond"]}]},{"@type":"WebPage","@id":"https:\/\/jornalboasnoticias.com.br\/home\/desabrigados-das-enchentes-em-sao-leopoldo-rs-se-convertem-em-igreja-transformada-em-abrio\/","url":"https:\/\/jornalboasnoticias.com.br\/home\/desabrigados-das-enchentes-em-sao-leopoldo-rs-se-convertem-em-igreja-transformada-em-abrio\/","name":"Desabrigados das enchentes em S\u00e3o Leopoldo (RS) se convertem em igreja transformada em abrio - Jornal","isPartOf":{"@id":"https:\/\/jornalboasnoticias.com.br\/home\/#website"},"primaryImageOfPage":{"@id":"https:\/\/jornalboasnoticias.com.br\/home\/desabrigados-das-enchentes-em-sao-leopoldo-rs-se-convertem-em-igreja-transformada-em-abrio\/#primaryimage"},"image":{"@id":"https:\/\/jornalboasnoticias.com.br\/home\/desabrigados-das-enchentes-em-sao-leopoldo-rs-se-convertem-em-igreja-transformada-em-abrio\/#primaryimage"},"thumbnailUrl":"https:\/\/jornalboasnoticias.com.br\/home\/wp-content\/uploads\/2024\/05\/2345332517-igreja-rs.webp","datePublished":"2024-05-10T03:21:17+00:00","description":"Desabrigados das enchentes em S\u00e3o Leopoldo (RS) se convertem em igreja transformada em abrio","breadcrumb":{"@id":"https:\/\/jornalboasnoticias.com.br\/home\/desabrigados-das-enchentes-em-sao-leopoldo-rs-se-convertem-em-igreja-transformada-em-abrio\/#breadcrumb"},"inLanguage":"pt-BR","potentialAction":[{"@type":"ReadAction","target":["https:\/\/jornalboasnoticias.com.br\/home\/desabrigados-das-enchentes-em-sao-leopoldo-rs-se-convertem-em-igreja-transformada-em-abrio\/"]}]},{"@type":"ImageObject","inLanguage":"pt-BR","@id":"https:\/\/jornalboasnoticias.com.br\/home\/desabrigados-das-enchentes-em-sao-leopoldo-rs-se-convertem-em-igreja-transformada-em-abrio\/#primaryimage","url":"https:\/\/jornalboasnoticias.com.br\/home\/wp-content\/uploads\/2024\/05\/2345332517-igreja-rs.webp","contentUrl":"https:\/\/jornalboasnoticias.com.br\/home\/wp-content\/uploads\/2024\/05\/2345332517-igreja-rs.webp","width":840,"height":500},{"@type":"BreadcrumbList","@id":"https:\/\/jornalboasnoticias.com.br\/home\/desabrigados-das-enchentes-em-sao-leopoldo-rs-se-convertem-em-igreja-transformada-em-abrio\/#breadcrumb","itemListElement":[{"@type":"ListItem","position":1,"name":"In\u00edcio","item":"https:\/\/jornalboasnoticias.com.br\/home\/"},{"@type":"ListItem","position":2,"name":"Desabrigados das enchentes em S\u00e3o Leopoldo (RS) se convertem em igreja transformada em abrio"}]},{"@type":"WebSite","@id":"https:\/\/jornalboasnoticias.com.br\/home\/#website","url":"https:\/\/jornalboasnoticias.com.br\/home\/","name":"Jornal Boas Not\u00edcias","description":"Boas not\u00edcias","publisher":{"@id":"https:\/\/jornalboasnoticias.com.br\/home\/#organization"},"potentialAction":[{"@type":"SearchAction","target":{"@type":"EntryPoint","urlTemplate":"https:\/\/jornalboasnoticias.com.br\/home\/?s={search_term_string}"},"query-input":{"@type":"PropertyValueSpecification","valueRequired":true,"valueName":"search_term_string"}}],"inLanguage":"pt-BR"},{"@type":"Organization","@id":"https:\/\/jornalboasnoticias.com.br\/home\/#organization","name":"Coq Editora Ltda","alternateName":"Jornal Boas Noticias","url":"https:\/\/jornalboasnoticias.com.br\/home\/","logo":{"@type":"ImageObject","inLanguage":"pt-BR","@id":"https:\/\/jornalboasnoticias.com.br\/home\/#\/schema\/logo\/image\/","url":"https:\/\/jornalboasnoticias.com.br\/home\/wp-content\/uploads\/2024\/07\/cropped-logo.jpg","contentUrl":"https:\/\/jornalboasnoticias.com.br\/home\/wp-content\/uploads\/2024\/07\/cropped-logo.jpg","width":290,"height":142,"caption":"Coq Editora Ltda"},"image":{"@id":"https:\/\/jornalboasnoticias.com.br\/home\/#\/schema\/logo\/image\/"},"sameAs":["https:\/\/www.facebook.com\/boasnoticiasjornal"]},{"@type":"Person","@id":"https:\/\/jornalboasnoticias.com.br\/home\/#\/schema\/person\/75f9ebde398c998c166475fb446bda62","name":"Luiz Carlos da Cruz","image":{"@type":"ImageObject","inLanguage":"pt-BR","@id":"https:\/\/secure.gravatar.com\/avatar\/e6f4f45301b6cb8572f7b076572e8ac11c1db80e805d8c8d0858cf286ce3ac3b?s=96&d=mm&r=g","url":"https:\/\/secure.gravatar.com\/avatar\/e6f4f45301b6cb8572f7b076572e8ac11c1db80e805d8c8d0858cf286ce3ac3b?s=96&d=mm&r=g","contentUrl":"https:\/\/secure.gravatar.com\/avatar\/e6f4f45301b6cb8572f7b076572e8ac11c1db80e805d8c8d0858cf286ce3ac3b?s=96&d=mm&r=g","caption":"Luiz Carlos da Cruz"},"url":"https:\/\/jornalboasnoticias.com.br\/home\/author\/luiz-carlos-da-cruz\/"}]}},"_links":{"self":[{"href":"https:\/\/jornalboasnoticias.com.br\/home\/wp-json\/wp\/v2\/posts\/42774","targetHints":{"allow":["GET"]}}],"collection":[{"href":"https:\/\/jornalboasnoticias.com.br\/home\/wp-json\/wp\/v2\/posts"}],"about":[{"href":"https:\/\/jornalboasnoticias.com.br\/home\/wp-json\/wp\/v2\/types\/post"}],"author":[{"embeddable":true,"href":"https:\/\/jornalboasnoticias.com.br\/home\/wp-json\/wp\/v2\/users\/3"}],"replies":[{"embeddable":true,"href":"https:\/\/jornalboasnoticias.com.br\/home\/wp-json\/wp\/v2\/comments?post=42774"}],"version-history":[{"count":0,"href":"https:\/\/jornalboasnoticias.com.br\/home\/wp-json\/wp\/v2\/posts\/42774\/revisions"}],"wp:featuredmedia":[{"embeddable":true,"href":"https:\/\/jornalboasnoticias.com.br\/home\/wp-json\/wp\/v2\/media\/42775"}],"wp:attachment":[{"href":"https:\/\/jornalboasnoticias.com.br\/home\/wp-json\/wp\/v2\/media?parent=42774"}],"wp:term":[{"taxonomy":"category","embeddable":true,"href":"https:\/\/jornalboasnoticias.com.br\/home\/wp-json\/wp\/v2\/categories?post=42774"},{"taxonomy":"post_tag","embeddable":true,"href":"https:\/\/jornalboasnoticias.com.br\/home\/wp-json\/wp\/v2\/tags?post=42774"}],"curies":[{"name":"wp","href":"https:\/\/api.w.org\/{rel}","templated":true}]}}